{"id":9956,"date":"2023-04-27T15:27:54","date_gmt":"2023-04-27T18:27:54","guid":{"rendered":"http:\/\/www.cambe.pr.gov.br\/?p=9956"},"modified":"2024-10-07T13:01:10","modified_gmt":"2024-10-07T16:01:10","slug":"tradicao-prefeitura-realiza-festa-do-trabalhador-no-feriado-de-1o-de-maio","status":"publish","type":"post","link":"https:\/\/www.cambe.pr.gov.br\/index.php\/tradicao-prefeitura-realiza-festa-do-trabalhador-no-feriado-de-1o-de-maio\/","title":{"rendered":"Tradi\u00e7\u00e3o: Prefeitura realiza Festa do Trabalhador no feriado de 1\u00ba de Maio"},"content":{"rendered":"<p><img fetchpriority=\"high\" decoding=\"async\" class=\" wp-image-9999\" src=\"https:\/\/www.cambe.pr.gov.br\/wp-content\/uploads\/2023\/04\/DJI_0332-1024x576.jpg\" alt=\"\" width=\"622\" height=\"350\" srcset=\"https:\/\/www.cambe.pr.gov.br\/wp-content\/uploads\/2023\/04\/DJI_0332-1024x576.jpg 1024w, https:\/\/www.cambe.pr.gov.br\/wp-content\/uploads\/2023\/04\/DJI_0332-300x169.jpg 300w, https:\/\/www.cambe.pr.gov.br\/wp-content\/uploads\/2023\/04\/DJI_0332-768x432.jpg 768w, https:\/\/www.cambe.pr.gov.br\/wp-content\/uploads\/2023\/04\/DJI_0332-1536x864.jpg 1536w, https:\/\/www.cambe.pr.gov.br\/wp-content\/uploads\/2023\/04\/DJI_0332-2048x1152.jpg 2048w\" sizes=\"(max-width: 622px) 100vw, 622px\" \/><\/p>\n<p style=\"text-align: justify;\"><span style=\"font-weight: 400; font-family: arial, helvetica, sans-serif;\">Nesta segunda-feira (1), no feriado do Dia do Trabalho, a Prefeitura de Camb\u00e9 realiza a tradicional Festa do Trabalhador. O evento ser\u00e1 realizado no Centro Esportivo Castelo Branco, na Rua Humberto Moreschi, 395, das 8h \u00e0s 17h. <\/span><\/p>\n<p style=\"text-align: justify;\"><span style=\"font-weight: 400; font-family: arial, helvetica, sans-serif;\">O prefeito Conrado Scheller destacou a import\u00e2ncia da festa para os trabalhadores e a popula\u00e7\u00e3o geral da cidade. &#8220;Esta \u00e9 uma festa muito aguardada pelo cambeense. \u00c9 o momento de homenagearmos os trabalhadores e trabalhadoras que nos ajudam a construir uma Camb\u00e9 melhor. Espero ver o Centro Esportivo com muita gente para uma festa linda&#8221;, afirmou Scheller.<\/span><\/p>\n<p style=\"text-align: justify;\"><span style=\"font-weight: 400; font-family: arial, helvetica, sans-serif;\">O evento contar\u00e1 com a fase final do tradicional torneio de futebol amador 1\u00ba de Maio, que ter\u00e1 a participa\u00e7\u00e3o de 46 equipes esse ano &#8211; com seletivas no domingo (30) nos campos do Novo Bandeirantes, Santo Amaro e S\u00e3o Francisco &#8211; e 15 partidas que decidem quem ser\u00e1 o campe\u00e3o da atual edi\u00e7\u00e3o no Centro Esportivo Castelo Branco.<\/span><\/p>\n<p style=\"text-align: justify;\"><span style=\"font-weight: 400; font-family: arial, helvetica, sans-serif;\">A secret\u00e1ria de Esportes e Lazer, Telma Gamba, relatou muita expectativa tanto pelo torneio, que tem as seletivas no dia 30 de abril e final no dia 1\u00ba de maio, como pela festa, com muitos atrativos. \u201cFizemos parcerias com outras Secretarias justamente para que seja uma grande festa, al\u00e9m do torneio de futebol, que j\u00e1 \u00e9 muito tradicional, com atividades para toda a fam\u00edlia. Preparamos tudo com muito carinho, e estamos muito felizes em participar e ajudar a organizar esse bel\u00edssimo evento\u201d, finalizou.<\/span><\/p>\n<p style=\"text-align: justify;\"><span style=\"font-weight: 400; font-family: arial, helvetica, sans-serif;\">No entanto, al\u00e9m do campeonato, haver\u00e1 tamb\u00e9m a atua\u00e7\u00e3o de outras secretarias na organiza\u00e7\u00e3o de uma programa\u00e7\u00e3o completa para a popula\u00e7\u00e3o cambeense, com servi\u00e7os p\u00fablicos, atra\u00e7\u00f5es culturais e atividades para toda a fam\u00edlia como alongamento, aulas e apresenta\u00e7\u00e3o de dan\u00e7a, show musical, brinquedos para as crian\u00e7as e pra\u00e7a de alimenta\u00e7\u00e3o no local.<\/span><\/p>\n<p style=\"text-align: justify;\"><span style=\"font-weight: 400; font-family: arial, helvetica, sans-serif;\">Al\u00e9m disso, a Secretaria Municipal de Sa\u00fade estar\u00e1 atuando atrav\u00e9s do \u00d4nibus da Sa\u00fade, com servi\u00e7os como aferi\u00e7\u00e3o de press\u00e3o, aplica\u00e7\u00e3o de vacina da gripe, exames preventivos para as mulheres, orienta\u00e7\u00e3o nutricional e de sa\u00fade bucal, al\u00e9m da entrega de panfletos educativos e informa\u00e7\u00f5es sobre a dengue.<\/span><\/p>\n<p style=\"text-align: justify;\"><span style=\"font-weight: 400; font-family: arial, helvetica, sans-serif;\">J\u00e1 a Secretaria de Assist\u00eancia Social e Cidadania promove uma atividade de conscientiza\u00e7\u00e3o sobre o trabalho infantil para crian\u00e7as de 6 a 12 anos atrav\u00e9s de brincadeiras. Tamb\u00e9m haver\u00e1 esta\u00e7\u00f5es de mini futebol, voleibol, queimada e jogos livres como bambol\u00eas, cordas e materiais sobre trabalho infantil. Est\u00e3o previstas tamb\u00e9m duas gincanas com brincadeiras como estafetas, corrida do ovo, corrida do saco, corrida do t\u00eanis e joquemp\u00f4 gigante. Todas as crian\u00e7as que participarem da gincana ganhar\u00e3o um kit com sacola, squeeze, camiseta e gibi.<\/span><\/p>\n<p style=\"text-align: justify;\"><span style=\"font-weight: 400; font-family: arial, helvetica, sans-serif;\">A Secretaria de Trabalho tamb\u00e9m estar\u00e1 na Festa do Trabalhador, realizando servi\u00e7os do Sistema Nacional do Emprego (Sine), como a emiss\u00e3o da carteira de trabalho e tamb\u00e9m a sele\u00e7\u00e3o e recrutamento para preenchimento de vagas de emprego para dez empresas da cidade e regi\u00e3o. <\/span><\/p>\n<p style=\"text-align: justify;\"><span style=\"font-weight: 400; font-family: arial, helvetica, sans-serif;\">A secretaria de Educa\u00e7\u00e3o e Cultura preparou atividades culturais e apresenta\u00e7\u00f5es. J\u00e1 a Secretaria de Sa\u00fade estar\u00e1 com o \u00d4nibus da Sa\u00fade para a realiza\u00e7\u00e3o de exames preventivos e aplica\u00e7\u00e3o de vacinas.&nbsp;<\/span><\/p>\n<p style=\"text-align: justify;\"><span style=\"font-family: arial, helvetica, sans-serif;\"><b>Confira a programa\u00e7\u00e3o completa da Festa do Trabalhador<\/b><\/span><\/p>\n<p style=\"text-align: justify;\"><span style=\"font-family: arial, helvetica, sans-serif;\"><span style=\"font-weight: 400;\">&nbsp;<\/span><b>Agenda cultural<\/b><\/span><\/p>\n<p style=\"text-align: justify;\"><span style=\"font-family: arial, helvetica, sans-serif;\"><span style=\"font-weight: 400;\">&#8211; 09h: Alongamento com a professora Luana da Secretaria de Esportes<\/span><span style=\"font-weight: 400;\"><br \/>\n<\/span><span style=\"font-weight: 400;\">&#8211; 09h30: Aul\u00e3o de dan\u00e7a com a professora Luara do Studio VR<\/span><span style=\"font-weight: 400;\"><br \/>\n<\/span><span style=\"font-weight: 400;\">&#8211; 10h30: Aul\u00e3o de dan\u00e7a com o professor Ricardo Ara\u00fajo da Secretaria de Cultura<\/span><span style=\"font-weight: 400;\"><br \/>\n<\/span><span style=\"font-weight: 400;\">&#8211; 14h: Apresenta\u00e7\u00e3o de dan\u00e7a com Fam\u00edlia SOMBEL<\/span><span style=\"font-weight: 400;\"><br \/>\n<\/span><span style=\"font-weight: 400;\">&#8211; 15h: Show musical com o cantor Ariosi<\/span><\/span><\/p>\n<p style=\"text-align: justify;\"><span style=\"font-family: arial, helvetica, sans-serif;\"><span style=\"font-weight: 400;\">&nbsp;<\/span><b>Assist\u00eancia Social<\/b><\/span><\/p>\n<p style=\"text-align: justify;\"><span style=\"font-family: arial, helvetica, sans-serif;\"><span style=\"font-weight: 400;\">&#8211; Campanha de conscientiza\u00e7\u00e3o contra o trabalho infantil para crian\u00e7as de 6 a 12 anos atrav\u00e9s de brincadeiras com o oficineiro Diego Santi Marinelli;<\/span><span style=\"font-weight: 400;\"><br \/>\n<\/span><span style=\"font-weight: 400;\">&#8211; Quatro esta\u00e7\u00f5es para as crian\u00e7as com mini futebol, voleibol, queimada e jogos e brincadeiras;<\/span><span style=\"font-weight: 400;\"><br \/>\n<\/span><span style=\"font-weight: 400;\">&#8211; Gincanas \u00e0s 10h e 14h com brincadeiras como estafetas, corrida do ovo, corrida do saco, corrida do t\u00eanis e joquemp\u00f4 gigante, al\u00e9m da entrada de kit com sacola, squeeze, camiseta e gibi da Turma da M\u00f4nica para as crian\u00e7as participantes.<\/span><\/span><\/p>\n<p style=\"text-align: justify;\"><span style=\"font-family: arial, helvetica, sans-serif;\"><span style=\"font-weight: 400;\">&nbsp;<\/span><b>Emprego<\/b><\/span><\/p>\n<p style=\"text-align: justify;\"><span style=\"font-weight: 400; font-family: arial, helvetica, sans-serif;\">Servi\u00e7os do Sine como:<\/span><\/p>\n<p style=\"text-align: justify;\"><span style=\"font-weight: 400; font-family: arial, helvetica, sans-serif;\">&#8211; Emiss\u00e3o de carteira de trabalho;<br \/>\n&#8211; Sele\u00e7\u00e3o e recrutamento para preenchimento de vagas de emprego com 10 empresas presentes. :<\/span><\/p>\n<p style=\"text-align: justify;\"><span style=\"font-family: arial, helvetica, sans-serif;\"><span style=\"font-weight: 400;\">&#8211;<\/span><\/span><span style=\"font-family: arial, helvetica, sans-serif;\"><b>Esporte<\/b><\/span><\/p>\n<p style=\"text-align: justify;\"><span style=\"font-weight: 400; font-family: arial, helvetica, sans-serif;\">Fase final do torneio 1\u00ba de Maio<\/span><\/p>\n<p style=\"text-align: justify;\"><span style=\"font-weight: 400; font-family: arial, helvetica, sans-serif;\">&#8211; 15 jogos da fase final;<br \/>\n&#8211; 1\u00ba jogo previsto para come\u00e7ar \u00e0s 08h30;<br \/>\n&#8211; Grande final marcada para \u00e0s 15h45.<\/span><\/p>\n<p style=\"text-align: justify;\"><span style=\"font-family: arial, helvetica, sans-serif;\"><span style=\"font-weight: 400;\">&nbsp;<\/span><b>Sa\u00fade<\/b><\/span><\/p>\n<p style=\"text-align: justify;\"><span style=\"font-family: arial, helvetica, sans-serif;\"><span style=\"font-weight: 400;\">\u00d4nibus da Sa\u00fade com:<\/span><span style=\"font-weight: 400;\"><br \/>\n<\/span><span style=\"font-weight: 400;\">&#8211; Aferi\u00e7\u00e3o de press\u00e3o;<\/span><span style=\"font-weight: 400;\"><br \/>\n<\/span><span style=\"font-weight: 400;\">&#8211; Aplica\u00e7\u00e3o de vacina da gripe;<\/span><span style=\"font-weight: 400;\"><br \/>\n<\/span><span style=\"font-weight: 400;\">&#8211; Entrega de panfletos educativos;<\/span><span style=\"font-weight: 400;\"><br \/>\n<\/span><span style=\"font-weight: 400;\">&#8211; Estande com informa\u00e7\u00f5es da dengue;<\/span><span style=\"font-weight: 400;\"><br \/>\n<\/span><span style=\"font-weight: 400;\">&#8211; Exames preventivos para mulheres;<\/span><span style=\"font-weight: 400;\"><br \/>\n<\/span><span style=\"font-weight: 400;\">&#8211; Orienta\u00e7\u00e3o de avalia\u00e7\u00e3o nutricional;<\/span><span style=\"font-weight: 400;\"><br \/>\n<\/span><span style=\"font-weight: 400;\">&#8211; Orienta\u00e7\u00e3o de sa\u00fade bucal.<\/span><\/span><\/p>\n<p style=\"text-align: justify;\"><span style=\"font-family: arial, helvetica, sans-serif;\"><span style=\"font-weight: 400;\">&nbsp;<\/span><b>Outras atra\u00e7\u00f5es:<\/b><\/span><\/p>\n<p style=\"text-align: justify;\"><span style=\"font-family: arial, helvetica, sans-serif;\"><span style=\"font-weight: 400;\">&#8211; Pra\u00e7a de alimenta\u00e7\u00e3o;<\/span><span style=\"font-weight: 400;\"><br \/>\n<\/span><span style=\"font-weight: 400;\">&#8211; Brinquedos para as crian\u00e7as.<\/span><\/span><\/p>\n","protected":false},"excerpt":{"rendered":"<p>Nesta segunda-feira (1), no feriado do Dia do Trabalho, a Prefeitura de Camb\u00e9 realiza a tradicional Festa do Trabalhador. O evento ser\u00e1 realizado no Centro Esportivo Castelo Branco, na Rua Humberto Moreschi, 395, das 8h \u00e0s 17h. O prefeito Conrado Scheller destacou a import\u00e2ncia da festa para os trabalhadores e a popula\u00e7\u00e3o geral da cidade. [&hellip;]<\/p>\n","protected":false},"author":16,"featured_media":0,"comment_status":"closed","ping_status":"open","sticky":false,"template":"","format":"standard","meta":{"ngg_post_thumbnail":0,"footnotes":""},"categories":[1],"tags":[],"class_list":["post-9956","post","type-post","status-publish","format-standard","hentry","category-principal"],"yoast_head":"<!-- This site is optimized with the Yoast SEO plugin v27.4 - https:\/\/yoast.com\/product\/yoast-seo-wordpress\/ -->\n<title>Tradi\u00e7\u00e3o: Prefeitura realiza Festa do Trabalhador no feriado de 1\u00ba de Maio - Prefeitura de Camb\u00e9<\/title>\n<meta name=\"robots\" content=\"index, follow, max-snippet:-1, max-image-preview:large, max-video-preview:-1\" \/>\n<link rel=\"canonical\" href=\"https:\/\/www.cambe.pr.gov.br\/index.php\/tradicao-prefeitura-realiza-festa-do-trabalhador-no-feriado-de-1o-de-maio\/\" \/>\n<meta property=\"og:locale\" content=\"pt_BR\" \/>\n<meta property=\"og:type\" content=\"article\" \/>\n<meta property=\"og:title\" content=\"Tradi\u00e7\u00e3o: Prefeitura realiza Festa do Trabalhador no feriado de 1\u00ba de Maio - Prefeitura de Camb\u00e9\" \/>\n<meta property=\"og:description\" content=\"Nesta segunda-feira (1), no feriado do Dia do Trabalho, a Prefeitura de Camb\u00e9 realiza a tradicional Festa do Trabalhador. O evento ser\u00e1 realizado no Centro Esportivo Castelo Branco, na Rua Humberto Moreschi, 395, das 8h \u00e0s 17h. O prefeito Conrado Scheller destacou a import\u00e2ncia da festa para os trabalhadores e a popula\u00e7\u00e3o geral da cidade. [&hellip;]\" \/>\n<meta property=\"og:url\" content=\"https:\/\/www.cambe.pr.gov.br\/index.php\/tradicao-prefeitura-realiza-festa-do-trabalhador-no-feriado-de-1o-de-maio\/\" \/>\n<meta property=\"og:site_name\" content=\"Prefeitura de Camb\u00e9\" \/>\n<meta property=\"article:publisher\" content=\"https:\/\/m.facebook.com\/prefeituradecambe\" \/>\n<meta property=\"article:published_time\" content=\"2023-04-27T18:27:54+00:00\" \/>\n<meta property=\"article:modified_time\" content=\"2024-10-07T16:01:10+00:00\" \/>\n<meta property=\"og:image\" content=\"http:\/\/www.cambe.pr.gov.br\/wp-content\/uploads\/2023\/04\/DJI_0332-1024x576.jpg\" \/>\n<meta name=\"author\" content=\"Vinicius Augusto Batista Eira\" \/>\n<meta name=\"twitter:card\" content=\"summary_large_image\" \/>\n<meta name=\"twitter:label1\" content=\"Escrito por\" \/>\n\t<meta name=\"twitter:data1\" content=\"Vinicius Augusto Batista Eira\" \/>\n\t<meta name=\"twitter:label2\" content=\"Est. tempo de leitura\" \/>\n\t<meta name=\"twitter:data2\" content=\"4 minutos\" \/>\n<script type=\"application\/ld+json\" class=\"yoast-schema-graph\">{\"@context\":\"https:\\\/\\\/schema.org\",\"@graph\":[{\"@type\":\"Article\",\"@id\":\"https:\\\/\\\/www.cambe.pr.gov.br\\\/index.php\\\/tradicao-prefeitura-realiza-festa-do-trabalhador-no-feriado-de-1o-de-maio\\\/#article\",\"isPartOf\":{\"@id\":\"https:\\\/\\\/www.cambe.pr.gov.br\\\/index.php\\\/tradicao-prefeitura-realiza-festa-do-trabalhador-no-feriado-de-1o-de-maio\\\/\"},\"author\":{\"name\":\"Vinicius Augusto Batista Eira\",\"@id\":\"https:\\\/\\\/www.cambe.pr.gov.br\\\/#\\\/schema\\\/person\\\/8e3ee69cb2cadf4b9f8377407227effd\"},\"headline\":\"Tradi\u00e7\u00e3o: Prefeitura realiza Festa do Trabalhador no feriado de 1\u00ba de Maio\",\"datePublished\":\"2023-04-27T18:27:54+00:00\",\"dateModified\":\"2024-10-07T16:01:10+00:00\",\"mainEntityOfPage\":{\"@id\":\"https:\\\/\\\/www.cambe.pr.gov.br\\\/index.php\\\/tradicao-prefeitura-realiza-festa-do-trabalhador-no-feriado-de-1o-de-maio\\\/\"},\"wordCount\":843,\"publisher\":{\"@id\":\"https:\\\/\\\/www.cambe.pr.gov.br\\\/#organization\"},\"image\":{\"@id\":\"https:\\\/\\\/www.cambe.pr.gov.br\\\/index.php\\\/tradicao-prefeitura-realiza-festa-do-trabalhador-no-feriado-de-1o-de-maio\\\/#primaryimage\"},\"thumbnailUrl\":\"http:\\\/\\\/www.cambe.pr.gov.br\\\/wp-content\\\/uploads\\\/2023\\\/04\\\/DJI_0332-1024x576.jpg\",\"articleSection\":[\"Principal\"],\"inLanguage\":\"pt-BR\"},{\"@type\":\"WebPage\",\"@id\":\"https:\\\/\\\/www.cambe.pr.gov.br\\\/index.php\\\/tradicao-prefeitura-realiza-festa-do-trabalhador-no-feriado-de-1o-de-maio\\\/\",\"url\":\"https:\\\/\\\/www.cambe.pr.gov.br\\\/index.php\\\/tradicao-prefeitura-realiza-festa-do-trabalhador-no-feriado-de-1o-de-maio\\\/\",\"name\":\"Tradi\u00e7\u00e3o: Prefeitura realiza Festa do Trabalhador no feriado de 1\u00ba de Maio - Prefeitura de Camb\u00e9\",\"isPartOf\":{\"@id\":\"https:\\\/\\\/www.cambe.pr.gov.br\\\/#website\"},\"primaryImageOfPage\":{\"@id\":\"https:\\\/\\\/www.cambe.pr.gov.br\\\/index.php\\\/tradicao-prefeitura-realiza-festa-do-trabalhador-no-feriado-de-1o-de-maio\\\/#primaryimage\"},\"image\":{\"@id\":\"https:\\\/\\\/www.cambe.pr.gov.br\\\/index.php\\\/tradicao-prefeitura-realiza-festa-do-trabalhador-no-feriado-de-1o-de-maio\\\/#primaryimage\"},\"thumbnailUrl\":\"http:\\\/\\\/www.cambe.pr.gov.br\\\/wp-content\\\/uploads\\\/2023\\\/04\\\/DJI_0332-1024x576.jpg\",\"datePublished\":\"2023-04-27T18:27:54+00:00\",\"dateModified\":\"2024-10-07T16:01:10+00:00\",\"breadcrumb\":{\"@id\":\"https:\\\/\\\/www.cambe.pr.gov.br\\\/index.php\\\/tradicao-prefeitura-realiza-festa-do-trabalhador-no-feriado-de-1o-de-maio\\\/#breadcrumb\"},\"inLanguage\":\"pt-BR\",\"potentialAction\":[{\"@type\":\"ReadAction\",\"target\":[\"https:\\\/\\\/www.cambe.pr.gov.br\\\/index.php\\\/tradicao-prefeitura-realiza-festa-do-trabalhador-no-feriado-de-1o-de-maio\\\/\"]}]},{\"@type\":\"ImageObject\",\"inLanguage\":\"pt-BR\",\"@id\":\"https:\\\/\\\/www.cambe.pr.gov.br\\\/index.php\\\/tradicao-prefeitura-realiza-festa-do-trabalhador-no-feriado-de-1o-de-maio\\\/#primaryimage\",\"url\":\"http:\\\/\\\/www.cambe.pr.gov.br\\\/wp-content\\\/uploads\\\/2023\\\/04\\\/DJI_0332-1024x576.jpg\",\"contentUrl\":\"http:\\\/\\\/www.cambe.pr.gov.br\\\/wp-content\\\/uploads\\\/2023\\\/04\\\/DJI_0332-1024x576.jpg\"},{\"@type\":\"BreadcrumbList\",\"@id\":\"https:\\\/\\\/www.cambe.pr.gov.br\\\/index.php\\\/tradicao-prefeitura-realiza-festa-do-trabalhador-no-feriado-de-1o-de-maio\\\/#breadcrumb\",\"itemListElement\":[{\"@type\":\"ListItem\",\"position\":1,\"name\":\"In\u00edcio\",\"item\":\"https:\\\/\\\/www.cambe.pr.gov.br\\\/\"},{\"@type\":\"ListItem\",\"position\":2,\"name\":\"Tradi\u00e7\u00e3o: Prefeitura realiza Festa do Trabalhador no feriado de 1\u00ba de Maio\"}]},{\"@type\":\"WebSite\",\"@id\":\"https:\\\/\\\/www.cambe.pr.gov.br\\\/#website\",\"url\":\"https:\\\/\\\/www.cambe.pr.gov.br\\\/\",\"name\":\"Prefeitura de Camb\u00e9\",\"description\":\"UM GOVERNO PARA TODOS\",\"publisher\":{\"@id\":\"https:\\\/\\\/www.cambe.pr.gov.br\\\/#organization\"},\"potentialAction\":[{\"@type\":\"SearchAction\",\"target\":{\"@type\":\"EntryPoint\",\"urlTemplate\":\"https:\\\/\\\/www.cambe.pr.gov.br\\\/?s={search_term_string}\"},\"query-input\":{\"@type\":\"PropertyValueSpecification\",\"valueRequired\":true,\"valueName\":\"search_term_string\"}}],\"inLanguage\":\"pt-BR\"},{\"@type\":\"Organization\",\"@id\":\"https:\\\/\\\/www.cambe.pr.gov.br\\\/#organization\",\"name\":\"Prefeitura de Camb\u00e9\",\"url\":\"https:\\\/\\\/www.cambe.pr.gov.br\\\/\",\"logo\":{\"@type\":\"ImageObject\",\"inLanguage\":\"pt-BR\",\"@id\":\"https:\\\/\\\/www.cambe.pr.gov.br\\\/#\\\/schema\\\/logo\\\/image\\\/\",\"url\":\"https:\\\/\\\/www.cambe.pr.gov.br\\\/wp-content\\\/uploads\\\/2021\\\/01\\\/cropped-cropped-cambe_brazao-icone.png\",\"contentUrl\":\"https:\\\/\\\/www.cambe.pr.gov.br\\\/wp-content\\\/uploads\\\/2021\\\/01\\\/cropped-cropped-cambe_brazao-icone.png\",\"width\":240,\"height\":240,\"caption\":\"Prefeitura de Camb\u00e9\"},\"image\":{\"@id\":\"https:\\\/\\\/www.cambe.pr.gov.br\\\/#\\\/schema\\\/logo\\\/image\\\/\"},\"sameAs\":[\"https:\\\/\\\/m.facebook.com\\\/prefeituradecambe\"]},{\"@type\":\"Person\",\"@id\":\"https:\\\/\\\/www.cambe.pr.gov.br\\\/#\\\/schema\\\/person\\\/8e3ee69cb2cadf4b9f8377407227effd\",\"name\":\"Vinicius Augusto Batista Eira\",\"image\":{\"@type\":\"ImageObject\",\"inLanguage\":\"pt-BR\",\"@id\":\"https:\\\/\\\/secure.gravatar.com\\\/avatar\\\/1ec500de7013b30e1d4d7c8c3978f0e4433c37e5d5e4cd186239369c6440122b?s=96&d=mm&r=g\",\"url\":\"https:\\\/\\\/secure.gravatar.com\\\/avatar\\\/1ec500de7013b30e1d4d7c8c3978f0e4433c37e5d5e4cd186239369c6440122b?s=96&d=mm&r=g\",\"contentUrl\":\"https:\\\/\\\/secure.gravatar.com\\\/avatar\\\/1ec500de7013b30e1d4d7c8c3978f0e4433c37e5d5e4cd186239369c6440122b?s=96&d=mm&r=g\",\"caption\":\"Vinicius Augusto Batista Eira\"},\"url\":\"https:\\\/\\\/www.cambe.pr.gov.br\\\/index.php\\\/author\\\/vabeira\\\/\"}]}<\/script>\n<!-- \/ Yoast SEO plugin. -->","yoast_head_json":{"title":"Tradi\u00e7\u00e3o: Prefeitura realiza Festa do Trabalhador no feriado de 1\u00ba de Maio - Prefeitura de Camb\u00e9","robots":{"index":"index","follow":"follow","max-snippet":"max-snippet:-1","max-image-preview":"max-image-preview:large","max-video-preview":"max-video-preview:-1"},"canonical":"https:\/\/www.cambe.pr.gov.br\/index.php\/tradicao-prefeitura-realiza-festa-do-trabalhador-no-feriado-de-1o-de-maio\/","og_locale":"pt_BR","og_type":"article","og_title":"Tradi\u00e7\u00e3o: Prefeitura realiza Festa do Trabalhador no feriado de 1\u00ba de Maio - Prefeitura de Camb\u00e9","og_description":"Nesta segunda-feira (1), no feriado do Dia do Trabalho, a Prefeitura de Camb\u00e9 realiza a tradicional Festa do Trabalhador. O evento ser\u00e1 realizado no Centro Esportivo Castelo Branco, na Rua Humberto Moreschi, 395, das 8h \u00e0s 17h. O prefeito Conrado Scheller destacou a import\u00e2ncia da festa para os trabalhadores e a popula\u00e7\u00e3o geral da cidade. [&hellip;]","og_url":"https:\/\/www.cambe.pr.gov.br\/index.php\/tradicao-prefeitura-realiza-festa-do-trabalhador-no-feriado-de-1o-de-maio\/","og_site_name":"Prefeitura de Camb\u00e9","article_publisher":"https:\/\/m.facebook.com\/prefeituradecambe","article_published_time":"2023-04-27T18:27:54+00:00","article_modified_time":"2024-10-07T16:01:10+00:00","og_image":[{"url":"http:\/\/www.cambe.pr.gov.br\/wp-content\/uploads\/2023\/04\/DJI_0332-1024x576.jpg","type":"","width":"","height":""}],"author":"Vinicius Augusto Batista Eira","twitter_card":"summary_large_image","twitter_misc":{"Escrito por":"Vinicius Augusto Batista Eira","Est. tempo de leitura":"4 minutos"},"schema":{"@context":"https:\/\/schema.org","@graph":[{"@type":"Article","@id":"https:\/\/www.cambe.pr.gov.br\/index.php\/tradicao-prefeitura-realiza-festa-do-trabalhador-no-feriado-de-1o-de-maio\/#article","isPartOf":{"@id":"https:\/\/www.cambe.pr.gov.br\/index.php\/tradicao-prefeitura-realiza-festa-do-trabalhador-no-feriado-de-1o-de-maio\/"},"author":{"name":"Vinicius Augusto Batista Eira","@id":"https:\/\/www.cambe.pr.gov.br\/#\/schema\/person\/8e3ee69cb2cadf4b9f8377407227effd"},"headline":"Tradi\u00e7\u00e3o: Prefeitura realiza Festa do Trabalhador no feriado de 1\u00ba de Maio","datePublished":"2023-04-27T18:27:54+00:00","dateModified":"2024-10-07T16:01:10+00:00","mainEntityOfPage":{"@id":"https:\/\/www.cambe.pr.gov.br\/index.php\/tradicao-prefeitura-realiza-festa-do-trabalhador-no-feriado-de-1o-de-maio\/"},"wordCount":843,"publisher":{"@id":"https:\/\/www.cambe.pr.gov.br\/#organization"},"image":{"@id":"https:\/\/www.cambe.pr.gov.br\/index.php\/tradicao-prefeitura-realiza-festa-do-trabalhador-no-feriado-de-1o-de-maio\/#primaryimage"},"thumbnailUrl":"http:\/\/www.cambe.pr.gov.br\/wp-content\/uploads\/2023\/04\/DJI_0332-1024x576.jpg","articleSection":["Principal"],"inLanguage":"pt-BR"},{"@type":"WebPage","@id":"https:\/\/www.cambe.pr.gov.br\/index.php\/tradicao-prefeitura-realiza-festa-do-trabalhador-no-feriado-de-1o-de-maio\/","url":"https:\/\/www.cambe.pr.gov.br\/index.php\/tradicao-prefeitura-realiza-festa-do-trabalhador-no-feriado-de-1o-de-maio\/","name":"Tradi\u00e7\u00e3o: Prefeitura realiza Festa do Trabalhador no feriado de 1\u00ba de Maio - Prefeitura de Camb\u00e9","isPartOf":{"@id":"https:\/\/www.cambe.pr.gov.br\/#website"},"primaryImageOfPage":{"@id":"https:\/\/www.cambe.pr.gov.br\/index.php\/tradicao-prefeitura-realiza-festa-do-trabalhador-no-feriado-de-1o-de-maio\/#primaryimage"},"image":{"@id":"https:\/\/www.cambe.pr.gov.br\/index.php\/tradicao-prefeitura-realiza-festa-do-trabalhador-no-feriado-de-1o-de-maio\/#primaryimage"},"thumbnailUrl":"http:\/\/www.cambe.pr.gov.br\/wp-content\/uploads\/2023\/04\/DJI_0332-1024x576.jpg","datePublished":"2023-04-27T18:27:54+00:00","dateModified":"2024-10-07T16:01:10+00:00","breadcrumb":{"@id":"https:\/\/www.cambe.pr.gov.br\/index.php\/tradicao-prefeitura-realiza-festa-do-trabalhador-no-feriado-de-1o-de-maio\/#breadcrumb"},"inLanguage":"pt-BR","potentialAction":[{"@type":"ReadAction","target":["https:\/\/www.cambe.pr.gov.br\/index.php\/tradicao-prefeitura-realiza-festa-do-trabalhador-no-feriado-de-1o-de-maio\/"]}]},{"@type":"ImageObject","inLanguage":"pt-BR","@id":"https:\/\/www.cambe.pr.gov.br\/index.php\/tradicao-prefeitura-realiza-festa-do-trabalhador-no-feriado-de-1o-de-maio\/#primaryimage","url":"http:\/\/www.cambe.pr.gov.br\/wp-content\/uploads\/2023\/04\/DJI_0332-1024x576.jpg","contentUrl":"http:\/\/www.cambe.pr.gov.br\/wp-content\/uploads\/2023\/04\/DJI_0332-1024x576.jpg"},{"@type":"BreadcrumbList","@id":"https:\/\/www.cambe.pr.gov.br\/index.php\/tradicao-prefeitura-realiza-festa-do-trabalhador-no-feriado-de-1o-de-maio\/#breadcrumb","itemListElement":[{"@type":"ListItem","position":1,"name":"In\u00edcio","item":"https:\/\/www.cambe.pr.gov.br\/"},{"@type":"ListItem","position":2,"name":"Tradi\u00e7\u00e3o: Prefeitura realiza Festa do Trabalhador no feriado de 1\u00ba de Maio"}]},{"@type":"WebSite","@id":"https:\/\/www.cambe.pr.gov.br\/#website","url":"https:\/\/www.cambe.pr.gov.br\/","name":"Prefeitura de Camb\u00e9","description":"UM GOVERNO PARA TODOS","publisher":{"@id":"https:\/\/www.cambe.pr.gov.br\/#organization"},"potentialAction":[{"@type":"SearchAction","target":{"@type":"EntryPoint","urlTemplate":"https:\/\/www.cambe.pr.gov.br\/?s={search_term_string}"},"query-input":{"@type":"PropertyValueSpecification","valueRequired":true,"valueName":"search_term_string"}}],"inLanguage":"pt-BR"},{"@type":"Organization","@id":"https:\/\/www.cambe.pr.gov.br\/#organization","name":"Prefeitura de Camb\u00e9","url":"https:\/\/www.cambe.pr.gov.br\/","logo":{"@type":"ImageObject","inLanguage":"pt-BR","@id":"https:\/\/www.cambe.pr.gov.br\/#\/schema\/logo\/image\/","url":"https:\/\/www.cambe.pr.gov.br\/wp-content\/uploads\/2021\/01\/cropped-cropped-cambe_brazao-icone.png","contentUrl":"https:\/\/www.cambe.pr.gov.br\/wp-content\/uploads\/2021\/01\/cropped-cropped-cambe_brazao-icone.png","width":240,"height":240,"caption":"Prefeitura de Camb\u00e9"},"image":{"@id":"https:\/\/www.cambe.pr.gov.br\/#\/schema\/logo\/image\/"},"sameAs":["https:\/\/m.facebook.com\/prefeituradecambe"]},{"@type":"Person","@id":"https:\/\/www.cambe.pr.gov.br\/#\/schema\/person\/8e3ee69cb2cadf4b9f8377407227effd","name":"Vinicius Augusto Batista Eira","image":{"@type":"ImageObject","inLanguage":"pt-BR","@id":"https:\/\/secure.gravatar.com\/avatar\/1ec500de7013b30e1d4d7c8c3978f0e4433c37e5d5e4cd186239369c6440122b?s=96&d=mm&r=g","url":"https:\/\/secure.gravatar.com\/avatar\/1ec500de7013b30e1d4d7c8c3978f0e4433c37e5d5e4cd186239369c6440122b?s=96&d=mm&r=g","contentUrl":"https:\/\/secure.gravatar.com\/avatar\/1ec500de7013b30e1d4d7c8c3978f0e4433c37e5d5e4cd186239369c6440122b?s=96&d=mm&r=g","caption":"Vinicius Augusto Batista Eira"},"url":"https:\/\/www.cambe.pr.gov.br\/index.php\/author\/vabeira\/"}]}},"_links":{"self":[{"href":"https:\/\/www.cambe.pr.gov.br\/index.php\/wp-json\/wp\/v2\/posts\/9956","targetHints":{"allow":["GET"]}}],"collection":[{"href":"https:\/\/www.cambe.pr.gov.br\/index.php\/wp-json\/wp\/v2\/posts"}],"about":[{"href":"https:\/\/www.cambe.pr.gov.br\/index.php\/wp-json\/wp\/v2\/types\/post"}],"author":[{"embeddable":true,"href":"https:\/\/www.cambe.pr.gov.br\/index.php\/wp-json\/wp\/v2\/users\/16"}],"replies":[{"embeddable":true,"href":"https:\/\/www.cambe.pr.gov.br\/index.php\/wp-json\/wp\/v2\/comments?post=9956"}],"version-history":[{"count":8,"href":"https:\/\/www.cambe.pr.gov.br\/index.php\/wp-json\/wp\/v2\/posts\/9956\/revisions"}],"predecessor-version":[{"id":10002,"href":"https:\/\/www.cambe.pr.gov.br\/index.php\/wp-json\/wp\/v2\/posts\/9956\/revisions\/10002"}],"wp:attachment":[{"href":"https:\/\/www.cambe.pr.gov.br\/index.php\/wp-json\/wp\/v2\/media?parent=9956"}],"wp:term":[{"taxonomy":"category","embeddable":true,"href":"https:\/\/www.cambe.pr.gov.br\/index.php\/wp-json\/wp\/v2\/categories?post=9956"},{"taxonomy":"post_tag","embeddable":true,"href":"https:\/\/www.cambe.pr.gov.br\/index.php\/wp-json\/wp\/v2\/tags?post=9956"}],"curies":[{"name":"wp","href":"https:\/\/api.w.org\/{rel}","templated":true}]}}