{"id":9708,"date":"2023-04-05T14:35:03","date_gmt":"2023-04-05T17:35:03","guid":{"rendered":"http:\/\/www.cambe.pr.gov.br\/?p=9708"},"modified":"2024-10-07T13:01:09","modified_gmt":"2024-10-07T16:01:09","slug":"secretarias-de-saude-e-assistencia-social-promovem-palestra-para-capacitacao-e-acolhimento-de-pessoas-com-autismo","status":"publish","type":"post","link":"https:\/\/www.cambe.pr.gov.br\/index.php\/secretarias-de-saude-e-assistencia-social-promovem-palestra-para-capacitacao-e-acolhimento-de-pessoas-com-autismo\/","title":{"rendered":"Sa\u00fade e Assist\u00eancia Social promovem palestra para capacita\u00e7\u00e3o e acolhimento de pessoas com autismo"},"content":{"rendered":"<p style=\"text-align: justify;\"><span style=\"font-weight: 400; font-family: arial, helvetica, sans-serif;\"><img fetchpriority=\"high\" decoding=\"async\" class=\"size-large wp-image-9709 alignleft\" src=\"https:\/\/www.cambe.pr.gov.br\/wp-content\/uploads\/2023\/04\/WhatsApp-Image-2023-04-05-at-14.34.05-1024x768.jpeg\" alt=\"\" width=\"610\" height=\"458\" srcset=\"https:\/\/www.cambe.pr.gov.br\/wp-content\/uploads\/2023\/04\/WhatsApp-Image-2023-04-05-at-14.34.05-1024x768.jpeg 1024w, https:\/\/www.cambe.pr.gov.br\/wp-content\/uploads\/2023\/04\/WhatsApp-Image-2023-04-05-at-14.34.05-300x225.jpeg 300w, https:\/\/www.cambe.pr.gov.br\/wp-content\/uploads\/2023\/04\/WhatsApp-Image-2023-04-05-at-14.34.05-768x576.jpeg 768w, https:\/\/www.cambe.pr.gov.br\/wp-content\/uploads\/2023\/04\/WhatsApp-Image-2023-04-05-at-14.34.05-1536x1152.jpeg 1536w, https:\/\/www.cambe.pr.gov.br\/wp-content\/uploads\/2023\/04\/WhatsApp-Image-2023-04-05-at-14.34.05-400x300.jpeg 400w, https:\/\/www.cambe.pr.gov.br\/wp-content\/uploads\/2023\/04\/WhatsApp-Image-2023-04-05-at-14.34.05.jpeg 1600w\" sizes=\"(max-width: 610px) 100vw, 610px\" \/>A Prefeitura Municipal de Camb\u00e9, por meio das secretarias de Sa\u00fade e Assist\u00eancia Social, promoveu na manh\u00e3 desta quarta-feira (5) a palestra Manejo e Acolhimento dos Autistas, para capacita\u00e7\u00e3o dos profissionais e servidores no acolhimento de pessoas com Transtorno do Espectro Autista (TEA), ainda como parte das atividades especiais da Semana de Conscientiza\u00e7\u00e3o do Autismo.<\/span><\/p>\n<p style=\"text-align: justify;\"><span style=\"font-weight: 400; font-family: arial, helvetica, sans-serif;\">O evento contou com a fala de duas palestrantes, a m\u00e9dica psiquiatra e nutr\u00f3loga Jaqueline Albieri e a enfermeira do Departamento de Aten\u00e7\u00e3o B\u00e1sica, B\u00e1rbara Radigonda, tratando tanto do autismo e como pode se dar a sua identifica\u00e7\u00e3o e atendimento, como tamb\u00e9m do procedimento de acolhimento na Aten\u00e7\u00e3o B\u00e1sica.<\/span><\/p>\n<p style=\"text-align: justify;\"><span style=\"font-weight: 400; font-family: arial, helvetica, sans-serif;\">Segundo a secret\u00e1ria de Sa\u00fade, Adriane Bertan, o evento superou as expectativas e segue calend\u00e1rio especial da Semana de Conscientiza\u00e7\u00e3o do Autismo trazendo esclarecimentos relevantes para os profissionais da \u00e1rea. &#8220;O objetivo foi justamente trazer uma sensibiliza\u00e7\u00e3o para os servidores das diversas \u00e1reas que atuam nas unidades de sa\u00fade para que tenham um olhar mais acolhedor para o autista&#8221;, relatou.<\/span><\/p>\n<p style=\"text-align: justify;\"><span style=\"font-weight: 400; font-family: arial, helvetica, sans-serif;\">A chefe da Unidade em Educa\u00e7\u00e3o e Sa\u00fade, Lucimara Frasson, tamb\u00e9m pontuou sobre o impacto que essa capacita\u00e7\u00e3o pode trazer para a comunidade. &#8220;O intuito \u00e9 trazer mais compreens\u00e3o ao profissional, auxiliando eles a repensarem suas pr\u00e1ticas. Quanto mais forem capacitados para lidar com os autistas, melhor ser\u00e1 o atendimento e acolhimento&#8221;, disse.<\/span><\/p>\n<p style=\"text-align: justify;\"><span style=\"font-weight: 400; font-family: arial, helvetica, sans-serif;\">A enfermeira do Departamento de Aten\u00e7\u00e3o B\u00e1sica B\u00e1rbara Radigonda buscou tratar da import\u00e2ncia do processo de atendimento nos servi\u00e7os b\u00e1sicos do Munic\u00edpio como unidades de sa\u00fade, assist\u00eancia social e escolas, al\u00e9m da confec\u00e7\u00e3o da Carteira de Identifica\u00e7\u00e3o da Pessoa com Transtorno do Espectro Autista (CIPTEA).<\/span><\/p>\n<p style=\"text-align: justify;\"><span style=\"font-weight: 400; font-family: arial, helvetica, sans-serif;\">&#8220;A gente n\u00e3o precisa de muita coisa para acolher, apenas ser educado, escutar, reconhecer as necessidades do paciente, se colocar no lugar deles e dos pais, ter paci\u00eancia. A \u00eanfase aqui acaba sendo sempre pelo respeito&#8221;, concluiu Radigonda.<\/span><\/p>\n","protected":false},"excerpt":{"rendered":"<p>A Prefeitura Municipal de Camb\u00e9, por meio das secretarias de Sa\u00fade e Assist\u00eancia Social, promoveu na manh\u00e3 desta quarta-feira (5) a palestra Manejo e Acolhimento dos Autistas, para capacita\u00e7\u00e3o dos profissionais e servidores no acolhimento de pessoas com Transtorno do Espectro Autista (TEA), ainda como parte das atividades especiais da Semana de Conscientiza\u00e7\u00e3o do Autismo. [&hellip;]<\/p>\n","protected":false},"author":2,"featured_media":0,"comment_status":"closed","ping_status":"open","sticky":false,"template":"","format":"standard","meta":{"ngg_post_thumbnail":0,"footnotes":""},"categories":[1],"tags":[],"class_list":["post-9708","post","type-post","status-publish","format-standard","hentry","category-principal"],"yoast_head":"<!-- This site is optimized with the Yoast SEO plugin v27.4 - https:\/\/yoast.com\/product\/yoast-seo-wordpress\/ -->\n<title>Sa\u00fade e Assist\u00eancia Social promovem palestra para capacita\u00e7\u00e3o e acolhimento de pessoas com autismo - Prefeitura de Camb\u00e9<\/title>\n<meta name=\"robots\" content=\"index, follow, max-snippet:-1, max-image-preview:large, max-video-preview:-1\" \/>\n<link rel=\"canonical\" href=\"https:\/\/www.cambe.pr.gov.br\/index.php\/secretarias-de-saude-e-assistencia-social-promovem-palestra-para-capacitacao-e-acolhimento-de-pessoas-com-autismo\/\" \/>\n<meta property=\"og:locale\" content=\"pt_BR\" \/>\n<meta property=\"og:type\" content=\"article\" \/>\n<meta property=\"og:title\" content=\"Sa\u00fade e Assist\u00eancia Social promovem palestra para capacita\u00e7\u00e3o e acolhimento de pessoas com autismo - Prefeitura de Camb\u00e9\" \/>\n<meta property=\"og:description\" content=\"A Prefeitura Municipal de Camb\u00e9, por meio das secretarias de Sa\u00fade e Assist\u00eancia Social, promoveu na manh\u00e3 desta quarta-feira (5) a palestra Manejo e Acolhimento dos Autistas, para capacita\u00e7\u00e3o dos profissionais e servidores no acolhimento de pessoas com Transtorno do Espectro Autista (TEA), ainda como parte das atividades especiais da Semana de Conscientiza\u00e7\u00e3o do Autismo. [&hellip;]\" \/>\n<meta property=\"og:url\" content=\"https:\/\/www.cambe.pr.gov.br\/index.php\/secretarias-de-saude-e-assistencia-social-promovem-palestra-para-capacitacao-e-acolhimento-de-pessoas-com-autismo\/\" \/>\n<meta property=\"og:site_name\" content=\"Prefeitura de Camb\u00e9\" \/>\n<meta property=\"article:publisher\" content=\"https:\/\/m.facebook.com\/prefeituradecambe\" \/>\n<meta property=\"article:published_time\" content=\"2023-04-05T17:35:03+00:00\" \/>\n<meta property=\"article:modified_time\" content=\"2024-10-07T16:01:09+00:00\" \/>\n<meta property=\"og:image\" content=\"http:\/\/www.cambe.pr.gov.br\/wp-content\/uploads\/2023\/04\/WhatsApp-Image-2023-04-05-at-14.34.05-1024x768.jpeg\" \/>\n<meta name=\"author\" content=\"Thiago Mossini Balbino dos Santos\" \/>\n<meta name=\"twitter:card\" content=\"summary_large_image\" \/>\n<meta name=\"twitter:label1\" content=\"Escrito por\" \/>\n\t<meta name=\"twitter:data1\" content=\"Thiago Mossini Balbino dos Santos\" \/>\n\t<meta name=\"twitter:label2\" content=\"Est. tempo de leitura\" \/>\n\t<meta name=\"twitter:data2\" content=\"2 minutos\" \/>\n<script type=\"application\/ld+json\" class=\"yoast-schema-graph\">{\"@context\":\"https:\\\/\\\/schema.org\",\"@graph\":[{\"@type\":\"Article\",\"@id\":\"https:\\\/\\\/www.cambe.pr.gov.br\\\/index.php\\\/secretarias-de-saude-e-assistencia-social-promovem-palestra-para-capacitacao-e-acolhimento-de-pessoas-com-autismo\\\/#article\",\"isPartOf\":{\"@id\":\"https:\\\/\\\/www.cambe.pr.gov.br\\\/index.php\\\/secretarias-de-saude-e-assistencia-social-promovem-palestra-para-capacitacao-e-acolhimento-de-pessoas-com-autismo\\\/\"},\"author\":{\"name\":\"Thiago Mossini Balbino dos Santos\",\"@id\":\"https:\\\/\\\/www.cambe.pr.gov.br\\\/#\\\/schema\\\/person\\\/e08f7c43a641b2ec036e4e867ec483e4\"},\"headline\":\"Sa\u00fade e Assist\u00eancia Social promovem palestra para capacita\u00e7\u00e3o e acolhimento de pessoas com autismo\",\"datePublished\":\"2023-04-05T17:35:03+00:00\",\"dateModified\":\"2024-10-07T16:01:09+00:00\",\"mainEntityOfPage\":{\"@id\":\"https:\\\/\\\/www.cambe.pr.gov.br\\\/index.php\\\/secretarias-de-saude-e-assistencia-social-promovem-palestra-para-capacitacao-e-acolhimento-de-pessoas-com-autismo\\\/\"},\"wordCount\":354,\"publisher\":{\"@id\":\"https:\\\/\\\/www.cambe.pr.gov.br\\\/#organization\"},\"image\":{\"@id\":\"https:\\\/\\\/www.cambe.pr.gov.br\\\/index.php\\\/secretarias-de-saude-e-assistencia-social-promovem-palestra-para-capacitacao-e-acolhimento-de-pessoas-com-autismo\\\/#primaryimage\"},\"thumbnailUrl\":\"http:\\\/\\\/www.cambe.pr.gov.br\\\/wp-content\\\/uploads\\\/2023\\\/04\\\/WhatsApp-Image-2023-04-05-at-14.34.05-1024x768.jpeg\",\"articleSection\":[\"Principal\"],\"inLanguage\":\"pt-BR\"},{\"@type\":\"WebPage\",\"@id\":\"https:\\\/\\\/www.cambe.pr.gov.br\\\/index.php\\\/secretarias-de-saude-e-assistencia-social-promovem-palestra-para-capacitacao-e-acolhimento-de-pessoas-com-autismo\\\/\",\"url\":\"https:\\\/\\\/www.cambe.pr.gov.br\\\/index.php\\\/secretarias-de-saude-e-assistencia-social-promovem-palestra-para-capacitacao-e-acolhimento-de-pessoas-com-autismo\\\/\",\"name\":\"Sa\u00fade e Assist\u00eancia Social promovem palestra para capacita\u00e7\u00e3o e acolhimento de pessoas com autismo - Prefeitura de Camb\u00e9\",\"isPartOf\":{\"@id\":\"https:\\\/\\\/www.cambe.pr.gov.br\\\/#website\"},\"primaryImageOfPage\":{\"@id\":\"https:\\\/\\\/www.cambe.pr.gov.br\\\/index.php\\\/secretarias-de-saude-e-assistencia-social-promovem-palestra-para-capacitacao-e-acolhimento-de-pessoas-com-autismo\\\/#primaryimage\"},\"image\":{\"@id\":\"https:\\\/\\\/www.cambe.pr.gov.br\\\/index.php\\\/secretarias-de-saude-e-assistencia-social-promovem-palestra-para-capacitacao-e-acolhimento-de-pessoas-com-autismo\\\/#primaryimage\"},\"thumbnailUrl\":\"http:\\\/\\\/www.cambe.pr.gov.br\\\/wp-content\\\/uploads\\\/2023\\\/04\\\/WhatsApp-Image-2023-04-05-at-14.34.05-1024x768.jpeg\",\"datePublished\":\"2023-04-05T17:35:03+00:00\",\"dateModified\":\"2024-10-07T16:01:09+00:00\",\"breadcrumb\":{\"@id\":\"https:\\\/\\\/www.cambe.pr.gov.br\\\/index.php\\\/secretarias-de-saude-e-assistencia-social-promovem-palestra-para-capacitacao-e-acolhimento-de-pessoas-com-autismo\\\/#breadcrumb\"},\"inLanguage\":\"pt-BR\",\"potentialAction\":[{\"@type\":\"ReadAction\",\"target\":[\"https:\\\/\\\/www.cambe.pr.gov.br\\\/index.php\\\/secretarias-de-saude-e-assistencia-social-promovem-palestra-para-capacitacao-e-acolhimento-de-pessoas-com-autismo\\\/\"]}]},{\"@type\":\"ImageObject\",\"inLanguage\":\"pt-BR\",\"@id\":\"https:\\\/\\\/www.cambe.pr.gov.br\\\/index.php\\\/secretarias-de-saude-e-assistencia-social-promovem-palestra-para-capacitacao-e-acolhimento-de-pessoas-com-autismo\\\/#primaryimage\",\"url\":\"http:\\\/\\\/www.cambe.pr.gov.br\\\/wp-content\\\/uploads\\\/2023\\\/04\\\/WhatsApp-Image-2023-04-05-at-14.34.05-1024x768.jpeg\",\"contentUrl\":\"http:\\\/\\\/www.cambe.pr.gov.br\\\/wp-content\\\/uploads\\\/2023\\\/04\\\/WhatsApp-Image-2023-04-05-at-14.34.05-1024x768.jpeg\"},{\"@type\":\"BreadcrumbList\",\"@id\":\"https:\\\/\\\/www.cambe.pr.gov.br\\\/index.php\\\/secretarias-de-saude-e-assistencia-social-promovem-palestra-para-capacitacao-e-acolhimento-de-pessoas-com-autismo\\\/#breadcrumb\",\"itemListElement\":[{\"@type\":\"ListItem\",\"position\":1,\"name\":\"In\u00edcio\",\"item\":\"https:\\\/\\\/www.cambe.pr.gov.br\\\/\"},{\"@type\":\"ListItem\",\"position\":2,\"name\":\"Sa\u00fade e Assist\u00eancia Social promovem palestra para capacita\u00e7\u00e3o e acolhimento de pessoas com autismo\"}]},{\"@type\":\"WebSite\",\"@id\":\"https:\\\/\\\/www.cambe.pr.gov.br\\\/#website\",\"url\":\"https:\\\/\\\/www.cambe.pr.gov.br\\\/\",\"name\":\"Prefeitura de Camb\u00e9\",\"description\":\"UM GOVERNO PARA TODOS\",\"publisher\":{\"@id\":\"https:\\\/\\\/www.cambe.pr.gov.br\\\/#organization\"},\"potentialAction\":[{\"@type\":\"SearchAction\",\"target\":{\"@type\":\"EntryPoint\",\"urlTemplate\":\"https:\\\/\\\/www.cambe.pr.gov.br\\\/?s={search_term_string}\"},\"query-input\":{\"@type\":\"PropertyValueSpecification\",\"valueRequired\":true,\"valueName\":\"search_term_string\"}}],\"inLanguage\":\"pt-BR\"},{\"@type\":\"Organization\",\"@id\":\"https:\\\/\\\/www.cambe.pr.gov.br\\\/#organization\",\"name\":\"Prefeitura de Camb\u00e9\",\"url\":\"https:\\\/\\\/www.cambe.pr.gov.br\\\/\",\"logo\":{\"@type\":\"ImageObject\",\"inLanguage\":\"pt-BR\",\"@id\":\"https:\\\/\\\/www.cambe.pr.gov.br\\\/#\\\/schema\\\/logo\\\/image\\\/\",\"url\":\"https:\\\/\\\/www.cambe.pr.gov.br\\\/wp-content\\\/uploads\\\/2021\\\/01\\\/cropped-cropped-cambe_brazao-icone.png\",\"contentUrl\":\"https:\\\/\\\/www.cambe.pr.gov.br\\\/wp-content\\\/uploads\\\/2021\\\/01\\\/cropped-cropped-cambe_brazao-icone.png\",\"width\":240,\"height\":240,\"caption\":\"Prefeitura de Camb\u00e9\"},\"image\":{\"@id\":\"https:\\\/\\\/www.cambe.pr.gov.br\\\/#\\\/schema\\\/logo\\\/image\\\/\"},\"sameAs\":[\"https:\\\/\\\/m.facebook.com\\\/prefeituradecambe\"]},{\"@type\":\"Person\",\"@id\":\"https:\\\/\\\/www.cambe.pr.gov.br\\\/#\\\/schema\\\/person\\\/e08f7c43a641b2ec036e4e867ec483e4\",\"name\":\"Thiago Mossini Balbino dos Santos\",\"image\":{\"@type\":\"ImageObject\",\"inLanguage\":\"pt-BR\",\"@id\":\"https:\\\/\\\/secure.gravatar.com\\\/avatar\\\/d957ed4e1bc3ebf5769d1003f9709cd2012ebf424eb4a5d76a933fee30e874b6?s=96&d=mm&r=g\",\"url\":\"https:\\\/\\\/secure.gravatar.com\\\/avatar\\\/d957ed4e1bc3ebf5769d1003f9709cd2012ebf424eb4a5d76a933fee30e874b6?s=96&d=mm&r=g\",\"contentUrl\":\"https:\\\/\\\/secure.gravatar.com\\\/avatar\\\/d957ed4e1bc3ebf5769d1003f9709cd2012ebf424eb4a5d76a933fee30e874b6?s=96&d=mm&r=g\",\"caption\":\"Thiago Mossini Balbino dos Santos\"},\"url\":\"https:\\\/\\\/www.cambe.pr.gov.br\\\/index.php\\\/author\\\/tmbsantos\\\/\"}]}<\/script>\n<!-- \/ Yoast SEO plugin. -->","yoast_head_json":{"title":"Sa\u00fade e Assist\u00eancia Social promovem palestra para capacita\u00e7\u00e3o e acolhimento de pessoas com autismo - Prefeitura de Camb\u00e9","robots":{"index":"index","follow":"follow","max-snippet":"max-snippet:-1","max-image-preview":"max-image-preview:large","max-video-preview":"max-video-preview:-1"},"canonical":"https:\/\/www.cambe.pr.gov.br\/index.php\/secretarias-de-saude-e-assistencia-social-promovem-palestra-para-capacitacao-e-acolhimento-de-pessoas-com-autismo\/","og_locale":"pt_BR","og_type":"article","og_title":"Sa\u00fade e Assist\u00eancia Social promovem palestra para capacita\u00e7\u00e3o e acolhimento de pessoas com autismo - Prefeitura de Camb\u00e9","og_description":"A Prefeitura Municipal de Camb\u00e9, por meio das secretarias de Sa\u00fade e Assist\u00eancia Social, promoveu na manh\u00e3 desta quarta-feira (5) a palestra Manejo e Acolhimento dos Autistas, para capacita\u00e7\u00e3o dos profissionais e servidores no acolhimento de pessoas com Transtorno do Espectro Autista (TEA), ainda como parte das atividades especiais da Semana de Conscientiza\u00e7\u00e3o do Autismo. [&hellip;]","og_url":"https:\/\/www.cambe.pr.gov.br\/index.php\/secretarias-de-saude-e-assistencia-social-promovem-palestra-para-capacitacao-e-acolhimento-de-pessoas-com-autismo\/","og_site_name":"Prefeitura de Camb\u00e9","article_publisher":"https:\/\/m.facebook.com\/prefeituradecambe","article_published_time":"2023-04-05T17:35:03+00:00","article_modified_time":"2024-10-07T16:01:09+00:00","og_image":[{"url":"http:\/\/www.cambe.pr.gov.br\/wp-content\/uploads\/2023\/04\/WhatsApp-Image-2023-04-05-at-14.34.05-1024x768.jpeg","type":"","width":"","height":""}],"author":"Thiago Mossini Balbino dos Santos","twitter_card":"summary_large_image","twitter_misc":{"Escrito por":"Thiago Mossini Balbino dos Santos","Est. tempo de leitura":"2 minutos"},"schema":{"@context":"https:\/\/schema.org","@graph":[{"@type":"Article","@id":"https:\/\/www.cambe.pr.gov.br\/index.php\/secretarias-de-saude-e-assistencia-social-promovem-palestra-para-capacitacao-e-acolhimento-de-pessoas-com-autismo\/#article","isPartOf":{"@id":"https:\/\/www.cambe.pr.gov.br\/index.php\/secretarias-de-saude-e-assistencia-social-promovem-palestra-para-capacitacao-e-acolhimento-de-pessoas-com-autismo\/"},"author":{"name":"Thiago Mossini Balbino dos Santos","@id":"https:\/\/www.cambe.pr.gov.br\/#\/schema\/person\/e08f7c43a641b2ec036e4e867ec483e4"},"headline":"Sa\u00fade e Assist\u00eancia Social promovem palestra para capacita\u00e7\u00e3o e acolhimento de pessoas com autismo","datePublished":"2023-04-05T17:35:03+00:00","dateModified":"2024-10-07T16:01:09+00:00","mainEntityOfPage":{"@id":"https:\/\/www.cambe.pr.gov.br\/index.php\/secretarias-de-saude-e-assistencia-social-promovem-palestra-para-capacitacao-e-acolhimento-de-pessoas-com-autismo\/"},"wordCount":354,"publisher":{"@id":"https:\/\/www.cambe.pr.gov.br\/#organization"},"image":{"@id":"https:\/\/www.cambe.pr.gov.br\/index.php\/secretarias-de-saude-e-assistencia-social-promovem-palestra-para-capacitacao-e-acolhimento-de-pessoas-com-autismo\/#primaryimage"},"thumbnailUrl":"http:\/\/www.cambe.pr.gov.br\/wp-content\/uploads\/2023\/04\/WhatsApp-Image-2023-04-05-at-14.34.05-1024x768.jpeg","articleSection":["Principal"],"inLanguage":"pt-BR"},{"@type":"WebPage","@id":"https:\/\/www.cambe.pr.gov.br\/index.php\/secretarias-de-saude-e-assistencia-social-promovem-palestra-para-capacitacao-e-acolhimento-de-pessoas-com-autismo\/","url":"https:\/\/www.cambe.pr.gov.br\/index.php\/secretarias-de-saude-e-assistencia-social-promovem-palestra-para-capacitacao-e-acolhimento-de-pessoas-com-autismo\/","name":"Sa\u00fade e Assist\u00eancia Social promovem palestra para capacita\u00e7\u00e3o e acolhimento de pessoas com autismo - Prefeitura de Camb\u00e9","isPartOf":{"@id":"https:\/\/www.cambe.pr.gov.br\/#website"},"primaryImageOfPage":{"@id":"https:\/\/www.cambe.pr.gov.br\/index.php\/secretarias-de-saude-e-assistencia-social-promovem-palestra-para-capacitacao-e-acolhimento-de-pessoas-com-autismo\/#primaryimage"},"image":{"@id":"https:\/\/www.cambe.pr.gov.br\/index.php\/secretarias-de-saude-e-assistencia-social-promovem-palestra-para-capacitacao-e-acolhimento-de-pessoas-com-autismo\/#primaryimage"},"thumbnailUrl":"http:\/\/www.cambe.pr.gov.br\/wp-content\/uploads\/2023\/04\/WhatsApp-Image-2023-04-05-at-14.34.05-1024x768.jpeg","datePublished":"2023-04-05T17:35:03+00:00","dateModified":"2024-10-07T16:01:09+00:00","breadcrumb":{"@id":"https:\/\/www.cambe.pr.gov.br\/index.php\/secretarias-de-saude-e-assistencia-social-promovem-palestra-para-capacitacao-e-acolhimento-de-pessoas-com-autismo\/#breadcrumb"},"inLanguage":"pt-BR","potentialAction":[{"@type":"ReadAction","target":["https:\/\/www.cambe.pr.gov.br\/index.php\/secretarias-de-saude-e-assistencia-social-promovem-palestra-para-capacitacao-e-acolhimento-de-pessoas-com-autismo\/"]}]},{"@type":"ImageObject","inLanguage":"pt-BR","@id":"https:\/\/www.cambe.pr.gov.br\/index.php\/secretarias-de-saude-e-assistencia-social-promovem-palestra-para-capacitacao-e-acolhimento-de-pessoas-com-autismo\/#primaryimage","url":"http:\/\/www.cambe.pr.gov.br\/wp-content\/uploads\/2023\/04\/WhatsApp-Image-2023-04-05-at-14.34.05-1024x768.jpeg","contentUrl":"http:\/\/www.cambe.pr.gov.br\/wp-content\/uploads\/2023\/04\/WhatsApp-Image-2023-04-05-at-14.34.05-1024x768.jpeg"},{"@type":"BreadcrumbList","@id":"https:\/\/www.cambe.pr.gov.br\/index.php\/secretarias-de-saude-e-assistencia-social-promovem-palestra-para-capacitacao-e-acolhimento-de-pessoas-com-autismo\/#breadcrumb","itemListElement":[{"@type":"ListItem","position":1,"name":"In\u00edcio","item":"https:\/\/www.cambe.pr.gov.br\/"},{"@type":"ListItem","position":2,"name":"Sa\u00fade e Assist\u00eancia Social promovem palestra para capacita\u00e7\u00e3o e acolhimento de pessoas com autismo"}]},{"@type":"WebSite","@id":"https:\/\/www.cambe.pr.gov.br\/#website","url":"https:\/\/www.cambe.pr.gov.br\/","name":"Prefeitura de Camb\u00e9","description":"UM GOVERNO PARA TODOS","publisher":{"@id":"https:\/\/www.cambe.pr.gov.br\/#organization"},"potentialAction":[{"@type":"SearchAction","target":{"@type":"EntryPoint","urlTemplate":"https:\/\/www.cambe.pr.gov.br\/?s={search_term_string}"},"query-input":{"@type":"PropertyValueSpecification","valueRequired":true,"valueName":"search_term_string"}}],"inLanguage":"pt-BR"},{"@type":"Organization","@id":"https:\/\/www.cambe.pr.gov.br\/#organization","name":"Prefeitura de Camb\u00e9","url":"https:\/\/www.cambe.pr.gov.br\/","logo":{"@type":"ImageObject","inLanguage":"pt-BR","@id":"https:\/\/www.cambe.pr.gov.br\/#\/schema\/logo\/image\/","url":"https:\/\/www.cambe.pr.gov.br\/wp-content\/uploads\/2021\/01\/cropped-cropped-cambe_brazao-icone.png","contentUrl":"https:\/\/www.cambe.pr.gov.br\/wp-content\/uploads\/2021\/01\/cropped-cropped-cambe_brazao-icone.png","width":240,"height":240,"caption":"Prefeitura de Camb\u00e9"},"image":{"@id":"https:\/\/www.cambe.pr.gov.br\/#\/schema\/logo\/image\/"},"sameAs":["https:\/\/m.facebook.com\/prefeituradecambe"]},{"@type":"Person","@id":"https:\/\/www.cambe.pr.gov.br\/#\/schema\/person\/e08f7c43a641b2ec036e4e867ec483e4","name":"Thiago Mossini Balbino dos Santos","image":{"@type":"ImageObject","inLanguage":"pt-BR","@id":"https:\/\/secure.gravatar.com\/avatar\/d957ed4e1bc3ebf5769d1003f9709cd2012ebf424eb4a5d76a933fee30e874b6?s=96&d=mm&r=g","url":"https:\/\/secure.gravatar.com\/avatar\/d957ed4e1bc3ebf5769d1003f9709cd2012ebf424eb4a5d76a933fee30e874b6?s=96&d=mm&r=g","contentUrl":"https:\/\/secure.gravatar.com\/avatar\/d957ed4e1bc3ebf5769d1003f9709cd2012ebf424eb4a5d76a933fee30e874b6?s=96&d=mm&r=g","caption":"Thiago Mossini Balbino dos Santos"},"url":"https:\/\/www.cambe.pr.gov.br\/index.php\/author\/tmbsantos\/"}]}},"_links":{"self":[{"href":"https:\/\/www.cambe.pr.gov.br\/index.php\/wp-json\/wp\/v2\/posts\/9708","targetHints":{"allow":["GET"]}}],"collection":[{"href":"https:\/\/www.cambe.pr.gov.br\/index.php\/wp-json\/wp\/v2\/posts"}],"about":[{"href":"https:\/\/www.cambe.pr.gov.br\/index.php\/wp-json\/wp\/v2\/types\/post"}],"author":[{"embeddable":true,"href":"https:\/\/www.cambe.pr.gov.br\/index.php\/wp-json\/wp\/v2\/users\/2"}],"replies":[{"embeddable":true,"href":"https:\/\/www.cambe.pr.gov.br\/index.php\/wp-json\/wp\/v2\/comments?post=9708"}],"version-history":[{"count":2,"href":"https:\/\/www.cambe.pr.gov.br\/index.php\/wp-json\/wp\/v2\/posts\/9708\/revisions"}],"predecessor-version":[{"id":9711,"href":"https:\/\/www.cambe.pr.gov.br\/index.php\/wp-json\/wp\/v2\/posts\/9708\/revisions\/9711"}],"wp:attachment":[{"href":"https:\/\/www.cambe.pr.gov.br\/index.php\/wp-json\/wp\/v2\/media?parent=9708"}],"wp:term":[{"taxonomy":"category","embeddable":true,"href":"https:\/\/www.cambe.pr.gov.br\/index.php\/wp-json\/wp\/v2\/categories?post=9708"},{"taxonomy":"post_tag","embeddable":true,"href":"https:\/\/www.cambe.pr.gov.br\/index.php\/wp-json\/wp\/v2\/tags?post=9708"}],"curies":[{"name":"wp","href":"https:\/\/api.w.org\/{rel}","templated":true}]}}