{"id":9696,"date":"2023-04-03T16:23:03","date_gmt":"2023-04-03T19:23:03","guid":{"rendered":"http:\/\/www.cambe.pr.gov.br\/?p=9696"},"modified":"2024-10-07T13:01:09","modified_gmt":"2024-10-07T16:01:09","slug":"abertas-as-inscricoes-para-o-torneio-1o-de-maio-de-futebol-amador","status":"publish","type":"post","link":"https:\/\/www.cambe.pr.gov.br\/index.php\/abertas-as-inscricoes-para-o-torneio-1o-de-maio-de-futebol-amador\/","title":{"rendered":"Abertas as inscri\u00e7\u00f5es para o Torneio 1\u00ba de Maio de Futebol Amador"},"content":{"rendered":"<div id=\"attachment_9697\" style=\"width: 620px\" class=\"wp-caption alignleft\"><img fetchpriority=\"high\" decoding=\"async\" aria-describedby=\"caption-attachment-9697\" class=\"wp-image-9697 size-large\" src=\"https:\/\/www.cambe.pr.gov.br\/wp-content\/uploads\/2023\/04\/WhatsApp-Image-2023-04-03-at-16.20.33-1024x682.jpeg\" alt=\"\" width=\"610\" height=\"406\" srcset=\"https:\/\/www.cambe.pr.gov.br\/wp-content\/uploads\/2023\/04\/WhatsApp-Image-2023-04-03-at-16.20.33-1024x682.jpeg 1024w, https:\/\/www.cambe.pr.gov.br\/wp-content\/uploads\/2023\/04\/WhatsApp-Image-2023-04-03-at-16.20.33-300x200.jpeg 300w, https:\/\/www.cambe.pr.gov.br\/wp-content\/uploads\/2023\/04\/WhatsApp-Image-2023-04-03-at-16.20.33-768x512.jpeg 768w, https:\/\/www.cambe.pr.gov.br\/wp-content\/uploads\/2023\/04\/WhatsApp-Image-2023-04-03-at-16.20.33-1536x1023.jpeg 1536w, https:\/\/www.cambe.pr.gov.br\/wp-content\/uploads\/2023\/04\/WhatsApp-Image-2023-04-03-at-16.20.33.jpeg 1600w\" sizes=\"(max-width: 610px) 100vw, 610px\" \/><p id=\"caption-attachment-9697\" class=\"wp-caption-text\">No ano passado, o torneio foi disputado no est\u00e1dio Jos\u00e9 Garbelini<\/p><\/div>\n<p><span style=\"font-weight: 400; font-family: arial, helvetica, sans-serif;\">J\u00e1 est\u00e3o abertas as inscri\u00e7\u00f5es para o tradicional Torneio 1\u00ba de Maio de Futebol Amador, promovido pela Prefeitura de Camb\u00e9, por meio da Secretaria Municipal de Esportes. O evento, celebrado como uma festa para o trabalhador, ser\u00e1 realizado nos dias 30 de abril e 1\u00ba de maio.<\/span><\/p>\n<p><span style=\"font-weight: 400; font-family: arial, helvetica, sans-serif;\">Todos os times locais de futebol amador est\u00e3o aptos para participarem da competi\u00e7\u00e3o, com as inscri\u00e7\u00f5es ocorrendo at\u00e9 o dia 24 de abril, diretamente na Secretaria de Esportes, localizada na Avenida Bras\u00edlia, 911, das 8h30 \u00e0s 11h30 e das 13h \u00e0s 17h.<\/span><\/p>\n<p><span style=\"font-weight: 400; font-family: arial, helvetica, sans-serif;\">A fase regional do torneio ser\u00e1 disputada no dia 30 de abril nos campos do Jardim Silvino, Santo Amaro e S\u00e3o Francisco. J\u00e1 a fase final ocorre no Centro Esportivo Castelo Branco, no feriado de 1\u00ba de Maio. Segundo a secret\u00e1ria de Esportes, Telma Gamba, a expectativa \u00e9 de que at\u00e9 50 equipes sejam inscritas.<\/span><\/p>\n<p><span style=\"font-weight: 400; font-family: arial, helvetica, sans-serif;\">A secret\u00e1ria ainda comentou sobre os benef\u00edcios do tradicional torneio para a popula\u00e7\u00e3o. &#8220;O Primeiro de Maio \u00e9 um campeonato festivo, onde se pode se divertir, aproveitar com a fam\u00edlia e usufruir da organiza\u00e7\u00e3o montada em conjunto com outras secretarias. A ideia sempre \u00e9 que todos possam aproveitar o evento&#8221;, destacou.<\/span><\/p>\n<p><span style=\"font-weight: 400; font-family: arial, helvetica, sans-serif;\">Para maiores informa\u00e7\u00f5es entrar em contato com a secretaria de Esportes pelo telefone (43) 3174-0275.<\/span><\/p>\n","protected":false},"excerpt":{"rendered":"<p>J\u00e1 est\u00e3o abertas as inscri\u00e7\u00f5es para o tradicional Torneio 1\u00ba de Maio de Futebol Amador, promovido pela Prefeitura de Camb\u00e9, por meio da Secretaria Municipal de Esportes. O evento, celebrado como uma festa para o trabalhador, ser\u00e1 realizado nos dias 30 de abril e 1\u00ba de maio. Todos os times locais de futebol amador est\u00e3o [&hellip;]<\/p>\n","protected":false},"author":2,"featured_media":0,"comment_status":"closed","ping_status":"open","sticky":false,"template":"","format":"standard","meta":{"ngg_post_thumbnail":0,"footnotes":""},"categories":[1],"tags":[],"class_list":["post-9696","post","type-post","status-publish","format-standard","hentry","category-principal"],"yoast_head":"<!-- This site is optimized with the Yoast SEO plugin v27.4 - https:\/\/yoast.com\/product\/yoast-seo-wordpress\/ -->\n<title>Abertas as inscri\u00e7\u00f5es para o Torneio 1\u00ba de Maio de Futebol Amador - Prefeitura de Camb\u00e9<\/title>\n<meta name=\"robots\" content=\"index, follow, max-snippet:-1, max-image-preview:large, max-video-preview:-1\" \/>\n<link rel=\"canonical\" href=\"https:\/\/www.cambe.pr.gov.br\/index.php\/abertas-as-inscricoes-para-o-torneio-1o-de-maio-de-futebol-amador\/\" \/>\n<meta property=\"og:locale\" content=\"pt_BR\" \/>\n<meta property=\"og:type\" content=\"article\" \/>\n<meta property=\"og:title\" content=\"Abertas as inscri\u00e7\u00f5es para o Torneio 1\u00ba de Maio de Futebol Amador - Prefeitura de Camb\u00e9\" \/>\n<meta property=\"og:description\" content=\"J\u00e1 est\u00e3o abertas as inscri\u00e7\u00f5es para o tradicional Torneio 1\u00ba de Maio de Futebol Amador, promovido pela Prefeitura de Camb\u00e9, por meio da Secretaria Municipal de Esportes. O evento, celebrado como uma festa para o trabalhador, ser\u00e1 realizado nos dias 30 de abril e 1\u00ba de maio. Todos os times locais de futebol amador est\u00e3o [&hellip;]\" \/>\n<meta property=\"og:url\" content=\"https:\/\/www.cambe.pr.gov.br\/index.php\/abertas-as-inscricoes-para-o-torneio-1o-de-maio-de-futebol-amador\/\" \/>\n<meta property=\"og:site_name\" content=\"Prefeitura de Camb\u00e9\" \/>\n<meta property=\"article:publisher\" content=\"https:\/\/m.facebook.com\/prefeituradecambe\" \/>\n<meta property=\"article:published_time\" content=\"2023-04-03T19:23:03+00:00\" \/>\n<meta property=\"article:modified_time\" content=\"2024-10-07T16:01:09+00:00\" \/>\n<meta property=\"og:image\" content=\"http:\/\/www.cambe.pr.gov.br\/wp-content\/uploads\/2023\/04\/WhatsApp-Image-2023-04-03-at-16.20.33-1024x682.jpeg\" \/>\n<meta name=\"author\" content=\"Thiago Mossini Balbino dos Santos\" \/>\n<meta name=\"twitter:card\" content=\"summary_large_image\" \/>\n<meta name=\"twitter:label1\" content=\"Escrito por\" \/>\n\t<meta name=\"twitter:data1\" content=\"Thiago Mossini Balbino dos Santos\" \/>\n\t<meta name=\"twitter:label2\" content=\"Est. tempo de leitura\" \/>\n\t<meta name=\"twitter:data2\" content=\"1 minuto\" \/>\n<script type=\"application\/ld+json\" class=\"yoast-schema-graph\">{\"@context\":\"https:\\\/\\\/schema.org\",\"@graph\":[{\"@type\":\"Article\",\"@id\":\"https:\\\/\\\/www.cambe.pr.gov.br\\\/index.php\\\/abertas-as-inscricoes-para-o-torneio-1o-de-maio-de-futebol-amador\\\/#article\",\"isPartOf\":{\"@id\":\"https:\\\/\\\/www.cambe.pr.gov.br\\\/index.php\\\/abertas-as-inscricoes-para-o-torneio-1o-de-maio-de-futebol-amador\\\/\"},\"author\":{\"name\":\"Thiago Mossini Balbino dos Santos\",\"@id\":\"https:\\\/\\\/www.cambe.pr.gov.br\\\/#\\\/schema\\\/person\\\/e08f7c43a641b2ec036e4e867ec483e4\"},\"headline\":\"Abertas as inscri\u00e7\u00f5es para o Torneio 1\u00ba de Maio de Futebol Amador\",\"datePublished\":\"2023-04-03T19:23:03+00:00\",\"dateModified\":\"2024-10-07T16:01:09+00:00\",\"mainEntityOfPage\":{\"@id\":\"https:\\\/\\\/www.cambe.pr.gov.br\\\/index.php\\\/abertas-as-inscricoes-para-o-torneio-1o-de-maio-de-futebol-amador\\\/\"},\"wordCount\":243,\"publisher\":{\"@id\":\"https:\\\/\\\/www.cambe.pr.gov.br\\\/#organization\"},\"image\":{\"@id\":\"https:\\\/\\\/www.cambe.pr.gov.br\\\/index.php\\\/abertas-as-inscricoes-para-o-torneio-1o-de-maio-de-futebol-amador\\\/#primaryimage\"},\"thumbnailUrl\":\"http:\\\/\\\/www.cambe.pr.gov.br\\\/wp-content\\\/uploads\\\/2023\\\/04\\\/WhatsApp-Image-2023-04-03-at-16.20.33-1024x682.jpeg\",\"articleSection\":[\"Principal\"],\"inLanguage\":\"pt-BR\"},{\"@type\":\"WebPage\",\"@id\":\"https:\\\/\\\/www.cambe.pr.gov.br\\\/index.php\\\/abertas-as-inscricoes-para-o-torneio-1o-de-maio-de-futebol-amador\\\/\",\"url\":\"https:\\\/\\\/www.cambe.pr.gov.br\\\/index.php\\\/abertas-as-inscricoes-para-o-torneio-1o-de-maio-de-futebol-amador\\\/\",\"name\":\"Abertas as inscri\u00e7\u00f5es para o Torneio 1\u00ba de Maio de Futebol Amador - Prefeitura de Camb\u00e9\",\"isPartOf\":{\"@id\":\"https:\\\/\\\/www.cambe.pr.gov.br\\\/#website\"},\"primaryImageOfPage\":{\"@id\":\"https:\\\/\\\/www.cambe.pr.gov.br\\\/index.php\\\/abertas-as-inscricoes-para-o-torneio-1o-de-maio-de-futebol-amador\\\/#primaryimage\"},\"image\":{\"@id\":\"https:\\\/\\\/www.cambe.pr.gov.br\\\/index.php\\\/abertas-as-inscricoes-para-o-torneio-1o-de-maio-de-futebol-amador\\\/#primaryimage\"},\"thumbnailUrl\":\"http:\\\/\\\/www.cambe.pr.gov.br\\\/wp-content\\\/uploads\\\/2023\\\/04\\\/WhatsApp-Image-2023-04-03-at-16.20.33-1024x682.jpeg\",\"datePublished\":\"2023-04-03T19:23:03+00:00\",\"dateModified\":\"2024-10-07T16:01:09+00:00\",\"breadcrumb\":{\"@id\":\"https:\\\/\\\/www.cambe.pr.gov.br\\\/index.php\\\/abertas-as-inscricoes-para-o-torneio-1o-de-maio-de-futebol-amador\\\/#breadcrumb\"},\"inLanguage\":\"pt-BR\",\"potentialAction\":[{\"@type\":\"ReadAction\",\"target\":[\"https:\\\/\\\/www.cambe.pr.gov.br\\\/index.php\\\/abertas-as-inscricoes-para-o-torneio-1o-de-maio-de-futebol-amador\\\/\"]}]},{\"@type\":\"ImageObject\",\"inLanguage\":\"pt-BR\",\"@id\":\"https:\\\/\\\/www.cambe.pr.gov.br\\\/index.php\\\/abertas-as-inscricoes-para-o-torneio-1o-de-maio-de-futebol-amador\\\/#primaryimage\",\"url\":\"http:\\\/\\\/www.cambe.pr.gov.br\\\/wp-content\\\/uploads\\\/2023\\\/04\\\/WhatsApp-Image-2023-04-03-at-16.20.33-1024x682.jpeg\",\"contentUrl\":\"http:\\\/\\\/www.cambe.pr.gov.br\\\/wp-content\\\/uploads\\\/2023\\\/04\\\/WhatsApp-Image-2023-04-03-at-16.20.33-1024x682.jpeg\"},{\"@type\":\"BreadcrumbList\",\"@id\":\"https:\\\/\\\/www.cambe.pr.gov.br\\\/index.php\\\/abertas-as-inscricoes-para-o-torneio-1o-de-maio-de-futebol-amador\\\/#breadcrumb\",\"itemListElement\":[{\"@type\":\"ListItem\",\"position\":1,\"name\":\"In\u00edcio\",\"item\":\"https:\\\/\\\/www.cambe.pr.gov.br\\\/\"},{\"@type\":\"ListItem\",\"position\":2,\"name\":\"Abertas as inscri\u00e7\u00f5es para o Torneio 1\u00ba de Maio de Futebol Amador\"}]},{\"@type\":\"WebSite\",\"@id\":\"https:\\\/\\\/www.cambe.pr.gov.br\\\/#website\",\"url\":\"https:\\\/\\\/www.cambe.pr.gov.br\\\/\",\"name\":\"Prefeitura de Camb\u00e9\",\"description\":\"UM GOVERNO PARA TODOS\",\"publisher\":{\"@id\":\"https:\\\/\\\/www.cambe.pr.gov.br\\\/#organization\"},\"potentialAction\":[{\"@type\":\"SearchAction\",\"target\":{\"@type\":\"EntryPoint\",\"urlTemplate\":\"https:\\\/\\\/www.cambe.pr.gov.br\\\/?s={search_term_string}\"},\"query-input\":{\"@type\":\"PropertyValueSpecification\",\"valueRequired\":true,\"valueName\":\"search_term_string\"}}],\"inLanguage\":\"pt-BR\"},{\"@type\":\"Organization\",\"@id\":\"https:\\\/\\\/www.cambe.pr.gov.br\\\/#organization\",\"name\":\"Prefeitura de Camb\u00e9\",\"url\":\"https:\\\/\\\/www.cambe.pr.gov.br\\\/\",\"logo\":{\"@type\":\"ImageObject\",\"inLanguage\":\"pt-BR\",\"@id\":\"https:\\\/\\\/www.cambe.pr.gov.br\\\/#\\\/schema\\\/logo\\\/image\\\/\",\"url\":\"https:\\\/\\\/www.cambe.pr.gov.br\\\/wp-content\\\/uploads\\\/2021\\\/01\\\/cropped-cropped-cambe_brazao-icone.png\",\"contentUrl\":\"https:\\\/\\\/www.cambe.pr.gov.br\\\/wp-content\\\/uploads\\\/2021\\\/01\\\/cropped-cropped-cambe_brazao-icone.png\",\"width\":240,\"height\":240,\"caption\":\"Prefeitura de Camb\u00e9\"},\"image\":{\"@id\":\"https:\\\/\\\/www.cambe.pr.gov.br\\\/#\\\/schema\\\/logo\\\/image\\\/\"},\"sameAs\":[\"https:\\\/\\\/m.facebook.com\\\/prefeituradecambe\"]},{\"@type\":\"Person\",\"@id\":\"https:\\\/\\\/www.cambe.pr.gov.br\\\/#\\\/schema\\\/person\\\/e08f7c43a641b2ec036e4e867ec483e4\",\"name\":\"Thiago Mossini Balbino dos Santos\",\"image\":{\"@type\":\"ImageObject\",\"inLanguage\":\"pt-BR\",\"@id\":\"https:\\\/\\\/secure.gravatar.com\\\/avatar\\\/d957ed4e1bc3ebf5769d1003f9709cd2012ebf424eb4a5d76a933fee30e874b6?s=96&d=mm&r=g\",\"url\":\"https:\\\/\\\/secure.gravatar.com\\\/avatar\\\/d957ed4e1bc3ebf5769d1003f9709cd2012ebf424eb4a5d76a933fee30e874b6?s=96&d=mm&r=g\",\"contentUrl\":\"https:\\\/\\\/secure.gravatar.com\\\/avatar\\\/d957ed4e1bc3ebf5769d1003f9709cd2012ebf424eb4a5d76a933fee30e874b6?s=96&d=mm&r=g\",\"caption\":\"Thiago Mossini Balbino dos Santos\"},\"url\":\"https:\\\/\\\/www.cambe.pr.gov.br\\\/index.php\\\/author\\\/tmbsantos\\\/\"}]}<\/script>\n<!-- \/ Yoast SEO plugin. -->","yoast_head_json":{"title":"Abertas as inscri\u00e7\u00f5es para o Torneio 1\u00ba de Maio de Futebol Amador - Prefeitura de Camb\u00e9","robots":{"index":"index","follow":"follow","max-snippet":"max-snippet:-1","max-image-preview":"max-image-preview:large","max-video-preview":"max-video-preview:-1"},"canonical":"https:\/\/www.cambe.pr.gov.br\/index.php\/abertas-as-inscricoes-para-o-torneio-1o-de-maio-de-futebol-amador\/","og_locale":"pt_BR","og_type":"article","og_title":"Abertas as inscri\u00e7\u00f5es para o Torneio 1\u00ba de Maio de Futebol Amador - Prefeitura de Camb\u00e9","og_description":"J\u00e1 est\u00e3o abertas as inscri\u00e7\u00f5es para o tradicional Torneio 1\u00ba de Maio de Futebol Amador, promovido pela Prefeitura de Camb\u00e9, por meio da Secretaria Municipal de Esportes. O evento, celebrado como uma festa para o trabalhador, ser\u00e1 realizado nos dias 30 de abril e 1\u00ba de maio. Todos os times locais de futebol amador est\u00e3o [&hellip;]","og_url":"https:\/\/www.cambe.pr.gov.br\/index.php\/abertas-as-inscricoes-para-o-torneio-1o-de-maio-de-futebol-amador\/","og_site_name":"Prefeitura de Camb\u00e9","article_publisher":"https:\/\/m.facebook.com\/prefeituradecambe","article_published_time":"2023-04-03T19:23:03+00:00","article_modified_time":"2024-10-07T16:01:09+00:00","og_image":[{"url":"http:\/\/www.cambe.pr.gov.br\/wp-content\/uploads\/2023\/04\/WhatsApp-Image-2023-04-03-at-16.20.33-1024x682.jpeg","type":"","width":"","height":""}],"author":"Thiago Mossini Balbino dos Santos","twitter_card":"summary_large_image","twitter_misc":{"Escrito por":"Thiago Mossini Balbino dos Santos","Est. tempo de leitura":"1 minuto"},"schema":{"@context":"https:\/\/schema.org","@graph":[{"@type":"Article","@id":"https:\/\/www.cambe.pr.gov.br\/index.php\/abertas-as-inscricoes-para-o-torneio-1o-de-maio-de-futebol-amador\/#article","isPartOf":{"@id":"https:\/\/www.cambe.pr.gov.br\/index.php\/abertas-as-inscricoes-para-o-torneio-1o-de-maio-de-futebol-amador\/"},"author":{"name":"Thiago Mossini Balbino dos Santos","@id":"https:\/\/www.cambe.pr.gov.br\/#\/schema\/person\/e08f7c43a641b2ec036e4e867ec483e4"},"headline":"Abertas as inscri\u00e7\u00f5es para o Torneio 1\u00ba de Maio de Futebol Amador","datePublished":"2023-04-03T19:23:03+00:00","dateModified":"2024-10-07T16:01:09+00:00","mainEntityOfPage":{"@id":"https:\/\/www.cambe.pr.gov.br\/index.php\/abertas-as-inscricoes-para-o-torneio-1o-de-maio-de-futebol-amador\/"},"wordCount":243,"publisher":{"@id":"https:\/\/www.cambe.pr.gov.br\/#organization"},"image":{"@id":"https:\/\/www.cambe.pr.gov.br\/index.php\/abertas-as-inscricoes-para-o-torneio-1o-de-maio-de-futebol-amador\/#primaryimage"},"thumbnailUrl":"http:\/\/www.cambe.pr.gov.br\/wp-content\/uploads\/2023\/04\/WhatsApp-Image-2023-04-03-at-16.20.33-1024x682.jpeg","articleSection":["Principal"],"inLanguage":"pt-BR"},{"@type":"WebPage","@id":"https:\/\/www.cambe.pr.gov.br\/index.php\/abertas-as-inscricoes-para-o-torneio-1o-de-maio-de-futebol-amador\/","url":"https:\/\/www.cambe.pr.gov.br\/index.php\/abertas-as-inscricoes-para-o-torneio-1o-de-maio-de-futebol-amador\/","name":"Abertas as inscri\u00e7\u00f5es para o Torneio 1\u00ba de Maio de Futebol Amador - Prefeitura de Camb\u00e9","isPartOf":{"@id":"https:\/\/www.cambe.pr.gov.br\/#website"},"primaryImageOfPage":{"@id":"https:\/\/www.cambe.pr.gov.br\/index.php\/abertas-as-inscricoes-para-o-torneio-1o-de-maio-de-futebol-amador\/#primaryimage"},"image":{"@id":"https:\/\/www.cambe.pr.gov.br\/index.php\/abertas-as-inscricoes-para-o-torneio-1o-de-maio-de-futebol-amador\/#primaryimage"},"thumbnailUrl":"http:\/\/www.cambe.pr.gov.br\/wp-content\/uploads\/2023\/04\/WhatsApp-Image-2023-04-03-at-16.20.33-1024x682.jpeg","datePublished":"2023-04-03T19:23:03+00:00","dateModified":"2024-10-07T16:01:09+00:00","breadcrumb":{"@id":"https:\/\/www.cambe.pr.gov.br\/index.php\/abertas-as-inscricoes-para-o-torneio-1o-de-maio-de-futebol-amador\/#breadcrumb"},"inLanguage":"pt-BR","potentialAction":[{"@type":"ReadAction","target":["https:\/\/www.cambe.pr.gov.br\/index.php\/abertas-as-inscricoes-para-o-torneio-1o-de-maio-de-futebol-amador\/"]}]},{"@type":"ImageObject","inLanguage":"pt-BR","@id":"https:\/\/www.cambe.pr.gov.br\/index.php\/abertas-as-inscricoes-para-o-torneio-1o-de-maio-de-futebol-amador\/#primaryimage","url":"http:\/\/www.cambe.pr.gov.br\/wp-content\/uploads\/2023\/04\/WhatsApp-Image-2023-04-03-at-16.20.33-1024x682.jpeg","contentUrl":"http:\/\/www.cambe.pr.gov.br\/wp-content\/uploads\/2023\/04\/WhatsApp-Image-2023-04-03-at-16.20.33-1024x682.jpeg"},{"@type":"BreadcrumbList","@id":"https:\/\/www.cambe.pr.gov.br\/index.php\/abertas-as-inscricoes-para-o-torneio-1o-de-maio-de-futebol-amador\/#breadcrumb","itemListElement":[{"@type":"ListItem","position":1,"name":"In\u00edcio","item":"https:\/\/www.cambe.pr.gov.br\/"},{"@type":"ListItem","position":2,"name":"Abertas as inscri\u00e7\u00f5es para o Torneio 1\u00ba de Maio de Futebol Amador"}]},{"@type":"WebSite","@id":"https:\/\/www.cambe.pr.gov.br\/#website","url":"https:\/\/www.cambe.pr.gov.br\/","name":"Prefeitura de Camb\u00e9","description":"UM GOVERNO PARA TODOS","publisher":{"@id":"https:\/\/www.cambe.pr.gov.br\/#organization"},"potentialAction":[{"@type":"SearchAction","target":{"@type":"EntryPoint","urlTemplate":"https:\/\/www.cambe.pr.gov.br\/?s={search_term_string}"},"query-input":{"@type":"PropertyValueSpecification","valueRequired":true,"valueName":"search_term_string"}}],"inLanguage":"pt-BR"},{"@type":"Organization","@id":"https:\/\/www.cambe.pr.gov.br\/#organization","name":"Prefeitura de Camb\u00e9","url":"https:\/\/www.cambe.pr.gov.br\/","logo":{"@type":"ImageObject","inLanguage":"pt-BR","@id":"https:\/\/www.cambe.pr.gov.br\/#\/schema\/logo\/image\/","url":"https:\/\/www.cambe.pr.gov.br\/wp-content\/uploads\/2021\/01\/cropped-cropped-cambe_brazao-icone.png","contentUrl":"https:\/\/www.cambe.pr.gov.br\/wp-content\/uploads\/2021\/01\/cropped-cropped-cambe_brazao-icone.png","width":240,"height":240,"caption":"Prefeitura de Camb\u00e9"},"image":{"@id":"https:\/\/www.cambe.pr.gov.br\/#\/schema\/logo\/image\/"},"sameAs":["https:\/\/m.facebook.com\/prefeituradecambe"]},{"@type":"Person","@id":"https:\/\/www.cambe.pr.gov.br\/#\/schema\/person\/e08f7c43a641b2ec036e4e867ec483e4","name":"Thiago Mossini Balbino dos Santos","image":{"@type":"ImageObject","inLanguage":"pt-BR","@id":"https:\/\/secure.gravatar.com\/avatar\/d957ed4e1bc3ebf5769d1003f9709cd2012ebf424eb4a5d76a933fee30e874b6?s=96&d=mm&r=g","url":"https:\/\/secure.gravatar.com\/avatar\/d957ed4e1bc3ebf5769d1003f9709cd2012ebf424eb4a5d76a933fee30e874b6?s=96&d=mm&r=g","contentUrl":"https:\/\/secure.gravatar.com\/avatar\/d957ed4e1bc3ebf5769d1003f9709cd2012ebf424eb4a5d76a933fee30e874b6?s=96&d=mm&r=g","caption":"Thiago Mossini Balbino dos Santos"},"url":"https:\/\/www.cambe.pr.gov.br\/index.php\/author\/tmbsantos\/"}]}},"_links":{"self":[{"href":"https:\/\/www.cambe.pr.gov.br\/index.php\/wp-json\/wp\/v2\/posts\/9696","targetHints":{"allow":["GET"]}}],"collection":[{"href":"https:\/\/www.cambe.pr.gov.br\/index.php\/wp-json\/wp\/v2\/posts"}],"about":[{"href":"https:\/\/www.cambe.pr.gov.br\/index.php\/wp-json\/wp\/v2\/types\/post"}],"author":[{"embeddable":true,"href":"https:\/\/www.cambe.pr.gov.br\/index.php\/wp-json\/wp\/v2\/users\/2"}],"replies":[{"embeddable":true,"href":"https:\/\/www.cambe.pr.gov.br\/index.php\/wp-json\/wp\/v2\/comments?post=9696"}],"version-history":[{"count":2,"href":"https:\/\/www.cambe.pr.gov.br\/index.php\/wp-json\/wp\/v2\/posts\/9696\/revisions"}],"predecessor-version":[{"id":9715,"href":"https:\/\/www.cambe.pr.gov.br\/index.php\/wp-json\/wp\/v2\/posts\/9696\/revisions\/9715"}],"wp:attachment":[{"href":"https:\/\/www.cambe.pr.gov.br\/index.php\/wp-json\/wp\/v2\/media?parent=9696"}],"wp:term":[{"taxonomy":"category","embeddable":true,"href":"https:\/\/www.cambe.pr.gov.br\/index.php\/wp-json\/wp\/v2\/categories?post=9696"},{"taxonomy":"post_tag","embeddable":true,"href":"https:\/\/www.cambe.pr.gov.br\/index.php\/wp-json\/wp\/v2\/tags?post=9696"}],"curies":[{"name":"wp","href":"https:\/\/api.w.org\/{rel}","templated":true}]}}