{"id":9477,"date":"2023-03-17T14:51:16","date_gmt":"2023-03-17T17:51:16","guid":{"rendered":"http:\/\/www.cambe.pr.gov.br\/?p=9477"},"modified":"2024-10-07T13:01:09","modified_gmt":"2024-10-07T16:01:09","slug":"cambe-apresenta-previa-de-projeto-de-lei-de-inovacao","status":"publish","type":"post","link":"https:\/\/www.cambe.pr.gov.br\/index.php\/cambe-apresenta-previa-de-projeto-de-lei-de-inovacao\/","title":{"rendered":"Camb\u00e9 apresenta pr\u00e9via de projeto de Lei de Inova\u00e7\u00e3o"},"content":{"rendered":"<p style=\"text-align: justify;\"><span style=\"font-weight: 400; font-family: arial, helvetica, sans-serif;\"><img fetchpriority=\"high\" decoding=\"async\" class=\"size-large wp-image-9482 alignleft\" src=\"https:\/\/www.cambe.pr.gov.br\/wp-content\/uploads\/2023\/03\/WhatsApp-Image-2023-03-17-at-14.40.06-1024x768.jpeg\" alt=\"\" width=\"610\" height=\"458\" srcset=\"https:\/\/www.cambe.pr.gov.br\/wp-content\/uploads\/2023\/03\/WhatsApp-Image-2023-03-17-at-14.40.06-1024x768.jpeg 1024w, https:\/\/www.cambe.pr.gov.br\/wp-content\/uploads\/2023\/03\/WhatsApp-Image-2023-03-17-at-14.40.06-300x225.jpeg 300w, https:\/\/www.cambe.pr.gov.br\/wp-content\/uploads\/2023\/03\/WhatsApp-Image-2023-03-17-at-14.40.06-768x576.jpeg 768w, https:\/\/www.cambe.pr.gov.br\/wp-content\/uploads\/2023\/03\/WhatsApp-Image-2023-03-17-at-14.40.06-1536x1152.jpeg 1536w, https:\/\/www.cambe.pr.gov.br\/wp-content\/uploads\/2023\/03\/WhatsApp-Image-2023-03-17-at-14.40.06-400x300.jpeg 400w, https:\/\/www.cambe.pr.gov.br\/wp-content\/uploads\/2023\/03\/WhatsApp-Image-2023-03-17-at-14.40.06.jpeg 1600w\" sizes=\"(max-width: 610px) 100vw, 610px\" \/>A Prefeitura de Camb\u00e9 apresentou na manh\u00e3 desta sexta-feira (17) uma pr\u00e9via do projeto da Lei de Inova\u00e7\u00e3o do munic\u00edpio. O projeto foi desenvolvido ao longo de um ano e meio de trabalho do Comit\u00ea Gestor da Lei Geral de Camb\u00e9, que conta com a consultoria do Sebrae (Servi\u00e7o Brasileiro de Apoio \u00e0s Micro e Pequenas Empresas). Nesse primeiro momento, os principais t\u00f3picos foram apresentados aos membros da Governan\u00e7a do Ecossistema de Inova\u00e7\u00e3o de Camb\u00e9; depois, o texto ser\u00e1 atualizado com as contribui\u00e7\u00f5es dos participantes; e, por fim, ir\u00e1 para vota\u00e7\u00e3o na C\u00e2mara dos Vereadores.<\/span><\/p>\n<p style=\"text-align: justify;\"><span style=\"font-weight: 400; font-family: arial, helvetica, sans-serif;\">A advogada Renata Queiroz foi contratada pelo Comit\u00ea Gestor da Lei Geral de Camb\u00e9 para prestar uma consultoria para o desenvolvimento do texto do projeto. Segundo ela, o trabalho come\u00e7ou com uma parte te\u00f3rica para os membros, j\u00e1 que todos precisavam ter a mesma base sobre o que seria desenvolvido. A partir disso, foram realizadas atividades pr\u00e1ticas, incluindo a participa\u00e7\u00e3o em workshops de inova\u00e7\u00e3o. \u201cCom a consultoria, o munic\u00edpio organizou o texto do projeto e agora estamos apresentando esses primeiros t\u00f3picos, que podem ser alterados conforme as sugest\u00f5es e contribui\u00e7\u00f5es que recebermos\u201d, explica.<\/span><\/p>\n<p style=\"text-align: justify;\"><span style=\"font-weight: 400; font-family: arial, helvetica, sans-serif;\">Segundo Queiroz, os principais t\u00f3picos da Lei de Inova\u00e7\u00e3o de Camb\u00e9 que foram apresentados na reuni\u00e3o s\u00e3o: 1) cria\u00e7\u00e3o do Conselho Municipal de Ci\u00eancia, Tecnologia e Inova\u00e7\u00e3o de Camb\u00e9; 2) cria\u00e7\u00e3o da Confer\u00eancia Municipal de Ci\u00eancia, Tecnologia e Inova\u00e7\u00e3o; est\u00edmulo \u00e0 constru\u00e7\u00e3o de ambientes de inova\u00e7\u00e3o; est\u00edmulo \u00e0 inova\u00e7\u00e3o nas empresas; est\u00edmulo \u00e0 participa\u00e7\u00e3o das ICTs (Institui\u00e7\u00f5es Cient\u00edficas e de Inova\u00e7\u00e3o Tecnol\u00f3gica) no processo de inova\u00e7\u00e3o; e a cria\u00e7\u00e3o do Fundo de Apoio \u00e0 Ci\u00eancia, Tecnologia e Inova\u00e7\u00e3o.<\/span><\/p>\n<p style=\"text-align: justify;\"><span style=\"font-weight: 400; font-family: arial, helvetica, sans-serif;\">Lourdes Ma\u00e7olla, secret\u00e1ria de Desenvolvimento Econ\u00f4mico de Camb\u00e9, ressalta que o munic\u00edpio tem empresas com plataformas de inova\u00e7\u00e3o, que buscam espa\u00e7o em hubs de cidades vizinhas. \u201cN\u00f3s queremos trazer e fomentar isso dentro da nossa cidade\u201d, destaca. Segundo ela, a expectativa \u00e9 de que a Lei de Inova\u00e7\u00e3o de Camb\u00e9 entre em vigor at\u00e9 o final do ano.<\/span><\/p>\n<p style=\"text-align: justify;\"><span style=\"font-weight: 400; font-family: arial, helvetica, sans-serif;\">Felipe Sicorski, consultor do Sebrae, ressalta que a Governan\u00e7a do Ecossistema de Inova\u00e7\u00e3o de Camb\u00e9 envolve quatro eixos, sendo eles: poder p\u00fablico, poder privado, sociedade civil e institui\u00e7\u00f5es de ensino. Ele conta que qualquer pessoa pode participar das reuni\u00f5es, basta ir at\u00e9 a Sala do Empreendedor de Camb\u00e9, que fica na Rua Fran\u00e7a, n\u00b084 e funciona das 8h30 \u00e0s 17h. O telefone para contato \u00e9 o 3174-2716. Atualmente, o comit\u00ea conta com 15 membros e a governan\u00e7a com 20.<\/span><\/p>\n","protected":false},"excerpt":{"rendered":"<p>A Prefeitura de Camb\u00e9 apresentou na manh\u00e3 desta sexta-feira (17) uma pr\u00e9via do projeto da Lei de Inova\u00e7\u00e3o do munic\u00edpio. O projeto foi desenvolvido ao longo de um ano e meio de trabalho do Comit\u00ea Gestor da Lei Geral de Camb\u00e9, que conta com a consultoria do Sebrae (Servi\u00e7o Brasileiro de Apoio \u00e0s Micro e [&hellip;]<\/p>\n","protected":false},"author":2,"featured_media":0,"comment_status":"closed","ping_status":"open","sticky":false,"template":"","format":"standard","meta":{"ngg_post_thumbnail":0,"footnotes":""},"categories":[1],"tags":[],"class_list":["post-9477","post","type-post","status-publish","format-standard","hentry","category-principal"],"yoast_head":"<!-- This site is optimized with the Yoast SEO plugin v27.4 - https:\/\/yoast.com\/product\/yoast-seo-wordpress\/ -->\n<title>Camb\u00e9 apresenta pr\u00e9via de projeto de Lei de Inova\u00e7\u00e3o - Prefeitura de Camb\u00e9<\/title>\n<meta name=\"robots\" content=\"index, follow, max-snippet:-1, max-image-preview:large, max-video-preview:-1\" \/>\n<link rel=\"canonical\" href=\"https:\/\/www.cambe.pr.gov.br\/index.php\/cambe-apresenta-previa-de-projeto-de-lei-de-inovacao\/\" \/>\n<meta property=\"og:locale\" content=\"pt_BR\" \/>\n<meta property=\"og:type\" content=\"article\" \/>\n<meta property=\"og:title\" content=\"Camb\u00e9 apresenta pr\u00e9via de projeto de Lei de Inova\u00e7\u00e3o - Prefeitura de Camb\u00e9\" \/>\n<meta property=\"og:description\" content=\"A Prefeitura de Camb\u00e9 apresentou na manh\u00e3 desta sexta-feira (17) uma pr\u00e9via do projeto da Lei de Inova\u00e7\u00e3o do munic\u00edpio. O projeto foi desenvolvido ao longo de um ano e meio de trabalho do Comit\u00ea Gestor da Lei Geral de Camb\u00e9, que conta com a consultoria do Sebrae (Servi\u00e7o Brasileiro de Apoio \u00e0s Micro e [&hellip;]\" \/>\n<meta property=\"og:url\" content=\"https:\/\/www.cambe.pr.gov.br\/index.php\/cambe-apresenta-previa-de-projeto-de-lei-de-inovacao\/\" \/>\n<meta property=\"og:site_name\" content=\"Prefeitura de Camb\u00e9\" \/>\n<meta property=\"article:publisher\" content=\"https:\/\/m.facebook.com\/prefeituradecambe\" \/>\n<meta property=\"article:published_time\" content=\"2023-03-17T17:51:16+00:00\" \/>\n<meta property=\"article:modified_time\" content=\"2024-10-07T16:01:09+00:00\" \/>\n<meta property=\"og:image\" content=\"http:\/\/www.cambe.pr.gov.br\/wp-content\/uploads\/2023\/03\/WhatsApp-Image-2023-03-17-at-14.40.06-1024x768.jpeg\" \/>\n<meta name=\"author\" content=\"Thiago Mossini Balbino dos Santos\" \/>\n<meta name=\"twitter:card\" content=\"summary_large_image\" \/>\n<meta name=\"twitter:label1\" content=\"Escrito por\" \/>\n\t<meta name=\"twitter:data1\" content=\"Thiago Mossini Balbino dos Santos\" \/>\n\t<meta name=\"twitter:label2\" content=\"Est. tempo de leitura\" \/>\n\t<meta name=\"twitter:data2\" content=\"2 minutos\" \/>\n<script type=\"application\/ld+json\" class=\"yoast-schema-graph\">{\"@context\":\"https:\\\/\\\/schema.org\",\"@graph\":[{\"@type\":\"Article\",\"@id\":\"https:\\\/\\\/www.cambe.pr.gov.br\\\/index.php\\\/cambe-apresenta-previa-de-projeto-de-lei-de-inovacao\\\/#article\",\"isPartOf\":{\"@id\":\"https:\\\/\\\/www.cambe.pr.gov.br\\\/index.php\\\/cambe-apresenta-previa-de-projeto-de-lei-de-inovacao\\\/\"},\"author\":{\"name\":\"Thiago Mossini Balbino dos Santos\",\"@id\":\"https:\\\/\\\/www.cambe.pr.gov.br\\\/#\\\/schema\\\/person\\\/e08f7c43a641b2ec036e4e867ec483e4\"},\"headline\":\"Camb\u00e9 apresenta pr\u00e9via de projeto de Lei de Inova\u00e7\u00e3o\",\"datePublished\":\"2023-03-17T17:51:16+00:00\",\"dateModified\":\"2024-10-07T16:01:09+00:00\",\"mainEntityOfPage\":{\"@id\":\"https:\\\/\\\/www.cambe.pr.gov.br\\\/index.php\\\/cambe-apresenta-previa-de-projeto-de-lei-de-inovacao\\\/\"},\"wordCount\":463,\"publisher\":{\"@id\":\"https:\\\/\\\/www.cambe.pr.gov.br\\\/#organization\"},\"image\":{\"@id\":\"https:\\\/\\\/www.cambe.pr.gov.br\\\/index.php\\\/cambe-apresenta-previa-de-projeto-de-lei-de-inovacao\\\/#primaryimage\"},\"thumbnailUrl\":\"http:\\\/\\\/www.cambe.pr.gov.br\\\/wp-content\\\/uploads\\\/2023\\\/03\\\/WhatsApp-Image-2023-03-17-at-14.40.06-1024x768.jpeg\",\"articleSection\":[\"Principal\"],\"inLanguage\":\"pt-BR\"},{\"@type\":\"WebPage\",\"@id\":\"https:\\\/\\\/www.cambe.pr.gov.br\\\/index.php\\\/cambe-apresenta-previa-de-projeto-de-lei-de-inovacao\\\/\",\"url\":\"https:\\\/\\\/www.cambe.pr.gov.br\\\/index.php\\\/cambe-apresenta-previa-de-projeto-de-lei-de-inovacao\\\/\",\"name\":\"Camb\u00e9 apresenta pr\u00e9via de projeto de Lei de Inova\u00e7\u00e3o - Prefeitura de Camb\u00e9\",\"isPartOf\":{\"@id\":\"https:\\\/\\\/www.cambe.pr.gov.br\\\/#website\"},\"primaryImageOfPage\":{\"@id\":\"https:\\\/\\\/www.cambe.pr.gov.br\\\/index.php\\\/cambe-apresenta-previa-de-projeto-de-lei-de-inovacao\\\/#primaryimage\"},\"image\":{\"@id\":\"https:\\\/\\\/www.cambe.pr.gov.br\\\/index.php\\\/cambe-apresenta-previa-de-projeto-de-lei-de-inovacao\\\/#primaryimage\"},\"thumbnailUrl\":\"http:\\\/\\\/www.cambe.pr.gov.br\\\/wp-content\\\/uploads\\\/2023\\\/03\\\/WhatsApp-Image-2023-03-17-at-14.40.06-1024x768.jpeg\",\"datePublished\":\"2023-03-17T17:51:16+00:00\",\"dateModified\":\"2024-10-07T16:01:09+00:00\",\"breadcrumb\":{\"@id\":\"https:\\\/\\\/www.cambe.pr.gov.br\\\/index.php\\\/cambe-apresenta-previa-de-projeto-de-lei-de-inovacao\\\/#breadcrumb\"},\"inLanguage\":\"pt-BR\",\"potentialAction\":[{\"@type\":\"ReadAction\",\"target\":[\"https:\\\/\\\/www.cambe.pr.gov.br\\\/index.php\\\/cambe-apresenta-previa-de-projeto-de-lei-de-inovacao\\\/\"]}]},{\"@type\":\"ImageObject\",\"inLanguage\":\"pt-BR\",\"@id\":\"https:\\\/\\\/www.cambe.pr.gov.br\\\/index.php\\\/cambe-apresenta-previa-de-projeto-de-lei-de-inovacao\\\/#primaryimage\",\"url\":\"http:\\\/\\\/www.cambe.pr.gov.br\\\/wp-content\\\/uploads\\\/2023\\\/03\\\/WhatsApp-Image-2023-03-17-at-14.40.06-1024x768.jpeg\",\"contentUrl\":\"http:\\\/\\\/www.cambe.pr.gov.br\\\/wp-content\\\/uploads\\\/2023\\\/03\\\/WhatsApp-Image-2023-03-17-at-14.40.06-1024x768.jpeg\"},{\"@type\":\"BreadcrumbList\",\"@id\":\"https:\\\/\\\/www.cambe.pr.gov.br\\\/index.php\\\/cambe-apresenta-previa-de-projeto-de-lei-de-inovacao\\\/#breadcrumb\",\"itemListElement\":[{\"@type\":\"ListItem\",\"position\":1,\"name\":\"In\u00edcio\",\"item\":\"https:\\\/\\\/www.cambe.pr.gov.br\\\/\"},{\"@type\":\"ListItem\",\"position\":2,\"name\":\"Camb\u00e9 apresenta pr\u00e9via de projeto de Lei de Inova\u00e7\u00e3o\"}]},{\"@type\":\"WebSite\",\"@id\":\"https:\\\/\\\/www.cambe.pr.gov.br\\\/#website\",\"url\":\"https:\\\/\\\/www.cambe.pr.gov.br\\\/\",\"name\":\"Prefeitura de Camb\u00e9\",\"description\":\"UM GOVERNO PARA TODOS\",\"publisher\":{\"@id\":\"https:\\\/\\\/www.cambe.pr.gov.br\\\/#organization\"},\"potentialAction\":[{\"@type\":\"SearchAction\",\"target\":{\"@type\":\"EntryPoint\",\"urlTemplate\":\"https:\\\/\\\/www.cambe.pr.gov.br\\\/?s={search_term_string}\"},\"query-input\":{\"@type\":\"PropertyValueSpecification\",\"valueRequired\":true,\"valueName\":\"search_term_string\"}}],\"inLanguage\":\"pt-BR\"},{\"@type\":\"Organization\",\"@id\":\"https:\\\/\\\/www.cambe.pr.gov.br\\\/#organization\",\"name\":\"Prefeitura de Camb\u00e9\",\"url\":\"https:\\\/\\\/www.cambe.pr.gov.br\\\/\",\"logo\":{\"@type\":\"ImageObject\",\"inLanguage\":\"pt-BR\",\"@id\":\"https:\\\/\\\/www.cambe.pr.gov.br\\\/#\\\/schema\\\/logo\\\/image\\\/\",\"url\":\"https:\\\/\\\/www.cambe.pr.gov.br\\\/wp-content\\\/uploads\\\/2021\\\/01\\\/cropped-cropped-cambe_brazao-icone.png\",\"contentUrl\":\"https:\\\/\\\/www.cambe.pr.gov.br\\\/wp-content\\\/uploads\\\/2021\\\/01\\\/cropped-cropped-cambe_brazao-icone.png\",\"width\":240,\"height\":240,\"caption\":\"Prefeitura de Camb\u00e9\"},\"image\":{\"@id\":\"https:\\\/\\\/www.cambe.pr.gov.br\\\/#\\\/schema\\\/logo\\\/image\\\/\"},\"sameAs\":[\"https:\\\/\\\/m.facebook.com\\\/prefeituradecambe\"]},{\"@type\":\"Person\",\"@id\":\"https:\\\/\\\/www.cambe.pr.gov.br\\\/#\\\/schema\\\/person\\\/e08f7c43a641b2ec036e4e867ec483e4\",\"name\":\"Thiago Mossini Balbino dos Santos\",\"image\":{\"@type\":\"ImageObject\",\"inLanguage\":\"pt-BR\",\"@id\":\"https:\\\/\\\/secure.gravatar.com\\\/avatar\\\/d957ed4e1bc3ebf5769d1003f9709cd2012ebf424eb4a5d76a933fee30e874b6?s=96&d=mm&r=g\",\"url\":\"https:\\\/\\\/secure.gravatar.com\\\/avatar\\\/d957ed4e1bc3ebf5769d1003f9709cd2012ebf424eb4a5d76a933fee30e874b6?s=96&d=mm&r=g\",\"contentUrl\":\"https:\\\/\\\/secure.gravatar.com\\\/avatar\\\/d957ed4e1bc3ebf5769d1003f9709cd2012ebf424eb4a5d76a933fee30e874b6?s=96&d=mm&r=g\",\"caption\":\"Thiago Mossini Balbino dos Santos\"},\"url\":\"https:\\\/\\\/www.cambe.pr.gov.br\\\/index.php\\\/author\\\/tmbsantos\\\/\"}]}<\/script>\n<!-- \/ Yoast SEO plugin. -->","yoast_head_json":{"title":"Camb\u00e9 apresenta pr\u00e9via de projeto de Lei de Inova\u00e7\u00e3o - Prefeitura de Camb\u00e9","robots":{"index":"index","follow":"follow","max-snippet":"max-snippet:-1","max-image-preview":"max-image-preview:large","max-video-preview":"max-video-preview:-1"},"canonical":"https:\/\/www.cambe.pr.gov.br\/index.php\/cambe-apresenta-previa-de-projeto-de-lei-de-inovacao\/","og_locale":"pt_BR","og_type":"article","og_title":"Camb\u00e9 apresenta pr\u00e9via de projeto de Lei de Inova\u00e7\u00e3o - Prefeitura de Camb\u00e9","og_description":"A Prefeitura de Camb\u00e9 apresentou na manh\u00e3 desta sexta-feira (17) uma pr\u00e9via do projeto da Lei de Inova\u00e7\u00e3o do munic\u00edpio. O projeto foi desenvolvido ao longo de um ano e meio de trabalho do Comit\u00ea Gestor da Lei Geral de Camb\u00e9, que conta com a consultoria do Sebrae (Servi\u00e7o Brasileiro de Apoio \u00e0s Micro e [&hellip;]","og_url":"https:\/\/www.cambe.pr.gov.br\/index.php\/cambe-apresenta-previa-de-projeto-de-lei-de-inovacao\/","og_site_name":"Prefeitura de Camb\u00e9","article_publisher":"https:\/\/m.facebook.com\/prefeituradecambe","article_published_time":"2023-03-17T17:51:16+00:00","article_modified_time":"2024-10-07T16:01:09+00:00","og_image":[{"url":"http:\/\/www.cambe.pr.gov.br\/wp-content\/uploads\/2023\/03\/WhatsApp-Image-2023-03-17-at-14.40.06-1024x768.jpeg","type":"","width":"","height":""}],"author":"Thiago Mossini Balbino dos Santos","twitter_card":"summary_large_image","twitter_misc":{"Escrito por":"Thiago Mossini Balbino dos Santos","Est. tempo de leitura":"2 minutos"},"schema":{"@context":"https:\/\/schema.org","@graph":[{"@type":"Article","@id":"https:\/\/www.cambe.pr.gov.br\/index.php\/cambe-apresenta-previa-de-projeto-de-lei-de-inovacao\/#article","isPartOf":{"@id":"https:\/\/www.cambe.pr.gov.br\/index.php\/cambe-apresenta-previa-de-projeto-de-lei-de-inovacao\/"},"author":{"name":"Thiago Mossini Balbino dos Santos","@id":"https:\/\/www.cambe.pr.gov.br\/#\/schema\/person\/e08f7c43a641b2ec036e4e867ec483e4"},"headline":"Camb\u00e9 apresenta pr\u00e9via de projeto de Lei de Inova\u00e7\u00e3o","datePublished":"2023-03-17T17:51:16+00:00","dateModified":"2024-10-07T16:01:09+00:00","mainEntityOfPage":{"@id":"https:\/\/www.cambe.pr.gov.br\/index.php\/cambe-apresenta-previa-de-projeto-de-lei-de-inovacao\/"},"wordCount":463,"publisher":{"@id":"https:\/\/www.cambe.pr.gov.br\/#organization"},"image":{"@id":"https:\/\/www.cambe.pr.gov.br\/index.php\/cambe-apresenta-previa-de-projeto-de-lei-de-inovacao\/#primaryimage"},"thumbnailUrl":"http:\/\/www.cambe.pr.gov.br\/wp-content\/uploads\/2023\/03\/WhatsApp-Image-2023-03-17-at-14.40.06-1024x768.jpeg","articleSection":["Principal"],"inLanguage":"pt-BR"},{"@type":"WebPage","@id":"https:\/\/www.cambe.pr.gov.br\/index.php\/cambe-apresenta-previa-de-projeto-de-lei-de-inovacao\/","url":"https:\/\/www.cambe.pr.gov.br\/index.php\/cambe-apresenta-previa-de-projeto-de-lei-de-inovacao\/","name":"Camb\u00e9 apresenta pr\u00e9via de projeto de Lei de Inova\u00e7\u00e3o - Prefeitura de Camb\u00e9","isPartOf":{"@id":"https:\/\/www.cambe.pr.gov.br\/#website"},"primaryImageOfPage":{"@id":"https:\/\/www.cambe.pr.gov.br\/index.php\/cambe-apresenta-previa-de-projeto-de-lei-de-inovacao\/#primaryimage"},"image":{"@id":"https:\/\/www.cambe.pr.gov.br\/index.php\/cambe-apresenta-previa-de-projeto-de-lei-de-inovacao\/#primaryimage"},"thumbnailUrl":"http:\/\/www.cambe.pr.gov.br\/wp-content\/uploads\/2023\/03\/WhatsApp-Image-2023-03-17-at-14.40.06-1024x768.jpeg","datePublished":"2023-03-17T17:51:16+00:00","dateModified":"2024-10-07T16:01:09+00:00","breadcrumb":{"@id":"https:\/\/www.cambe.pr.gov.br\/index.php\/cambe-apresenta-previa-de-projeto-de-lei-de-inovacao\/#breadcrumb"},"inLanguage":"pt-BR","potentialAction":[{"@type":"ReadAction","target":["https:\/\/www.cambe.pr.gov.br\/index.php\/cambe-apresenta-previa-de-projeto-de-lei-de-inovacao\/"]}]},{"@type":"ImageObject","inLanguage":"pt-BR","@id":"https:\/\/www.cambe.pr.gov.br\/index.php\/cambe-apresenta-previa-de-projeto-de-lei-de-inovacao\/#primaryimage","url":"http:\/\/www.cambe.pr.gov.br\/wp-content\/uploads\/2023\/03\/WhatsApp-Image-2023-03-17-at-14.40.06-1024x768.jpeg","contentUrl":"http:\/\/www.cambe.pr.gov.br\/wp-content\/uploads\/2023\/03\/WhatsApp-Image-2023-03-17-at-14.40.06-1024x768.jpeg"},{"@type":"BreadcrumbList","@id":"https:\/\/www.cambe.pr.gov.br\/index.php\/cambe-apresenta-previa-de-projeto-de-lei-de-inovacao\/#breadcrumb","itemListElement":[{"@type":"ListItem","position":1,"name":"In\u00edcio","item":"https:\/\/www.cambe.pr.gov.br\/"},{"@type":"ListItem","position":2,"name":"Camb\u00e9 apresenta pr\u00e9via de projeto de Lei de Inova\u00e7\u00e3o"}]},{"@type":"WebSite","@id":"https:\/\/www.cambe.pr.gov.br\/#website","url":"https:\/\/www.cambe.pr.gov.br\/","name":"Prefeitura de Camb\u00e9","description":"UM GOVERNO PARA TODOS","publisher":{"@id":"https:\/\/www.cambe.pr.gov.br\/#organization"},"potentialAction":[{"@type":"SearchAction","target":{"@type":"EntryPoint","urlTemplate":"https:\/\/www.cambe.pr.gov.br\/?s={search_term_string}"},"query-input":{"@type":"PropertyValueSpecification","valueRequired":true,"valueName":"search_term_string"}}],"inLanguage":"pt-BR"},{"@type":"Organization","@id":"https:\/\/www.cambe.pr.gov.br\/#organization","name":"Prefeitura de Camb\u00e9","url":"https:\/\/www.cambe.pr.gov.br\/","logo":{"@type":"ImageObject","inLanguage":"pt-BR","@id":"https:\/\/www.cambe.pr.gov.br\/#\/schema\/logo\/image\/","url":"https:\/\/www.cambe.pr.gov.br\/wp-content\/uploads\/2021\/01\/cropped-cropped-cambe_brazao-icone.png","contentUrl":"https:\/\/www.cambe.pr.gov.br\/wp-content\/uploads\/2021\/01\/cropped-cropped-cambe_brazao-icone.png","width":240,"height":240,"caption":"Prefeitura de Camb\u00e9"},"image":{"@id":"https:\/\/www.cambe.pr.gov.br\/#\/schema\/logo\/image\/"},"sameAs":["https:\/\/m.facebook.com\/prefeituradecambe"]},{"@type":"Person","@id":"https:\/\/www.cambe.pr.gov.br\/#\/schema\/person\/e08f7c43a641b2ec036e4e867ec483e4","name":"Thiago Mossini Balbino dos Santos","image":{"@type":"ImageObject","inLanguage":"pt-BR","@id":"https:\/\/secure.gravatar.com\/avatar\/d957ed4e1bc3ebf5769d1003f9709cd2012ebf424eb4a5d76a933fee30e874b6?s=96&d=mm&r=g","url":"https:\/\/secure.gravatar.com\/avatar\/d957ed4e1bc3ebf5769d1003f9709cd2012ebf424eb4a5d76a933fee30e874b6?s=96&d=mm&r=g","contentUrl":"https:\/\/secure.gravatar.com\/avatar\/d957ed4e1bc3ebf5769d1003f9709cd2012ebf424eb4a5d76a933fee30e874b6?s=96&d=mm&r=g","caption":"Thiago Mossini Balbino dos Santos"},"url":"https:\/\/www.cambe.pr.gov.br\/index.php\/author\/tmbsantos\/"}]}},"_links":{"self":[{"href":"https:\/\/www.cambe.pr.gov.br\/index.php\/wp-json\/wp\/v2\/posts\/9477","targetHints":{"allow":["GET"]}}],"collection":[{"href":"https:\/\/www.cambe.pr.gov.br\/index.php\/wp-json\/wp\/v2\/posts"}],"about":[{"href":"https:\/\/www.cambe.pr.gov.br\/index.php\/wp-json\/wp\/v2\/types\/post"}],"author":[{"embeddable":true,"href":"https:\/\/www.cambe.pr.gov.br\/index.php\/wp-json\/wp\/v2\/users\/2"}],"replies":[{"embeddable":true,"href":"https:\/\/www.cambe.pr.gov.br\/index.php\/wp-json\/wp\/v2\/comments?post=9477"}],"version-history":[{"count":3,"href":"https:\/\/www.cambe.pr.gov.br\/index.php\/wp-json\/wp\/v2\/posts\/9477\/revisions"}],"predecessor-version":[{"id":9483,"href":"https:\/\/www.cambe.pr.gov.br\/index.php\/wp-json\/wp\/v2\/posts\/9477\/revisions\/9483"}],"wp:attachment":[{"href":"https:\/\/www.cambe.pr.gov.br\/index.php\/wp-json\/wp\/v2\/media?parent=9477"}],"wp:term":[{"taxonomy":"category","embeddable":true,"href":"https:\/\/www.cambe.pr.gov.br\/index.php\/wp-json\/wp\/v2\/categories?post=9477"},{"taxonomy":"post_tag","embeddable":true,"href":"https:\/\/www.cambe.pr.gov.br\/index.php\/wp-json\/wp\/v2\/tags?post=9477"}],"curies":[{"name":"wp","href":"https:\/\/api.w.org\/{rel}","templated":true}]}}