{"id":9164,"date":"2023-02-07T15:03:45","date_gmt":"2023-02-07T18:03:45","guid":{"rendered":"http:\/\/www.cambe.pr.gov.br\/?p=9164"},"modified":"2024-10-07T13:01:07","modified_gmt":"2024-10-07T16:01:07","slug":"dengue-mutirao-de-limpeza-vai-passar-pela-regiao-dos-jardins-sao-paulo-e-santo-amaro-neste-sabado","status":"publish","type":"post","link":"https:\/\/www.cambe.pr.gov.br\/index.php\/dengue-mutirao-de-limpeza-vai-passar-pela-regiao-dos-jardins-sao-paulo-e-santo-amaro-neste-sabado\/","title":{"rendered":"Dengue: mutir\u00e3o de limpeza vai passar pela regi\u00e3o dos Jardins S\u00e3o Paulo e Santo Amaro neste s\u00e1bado"},"content":{"rendered":"<p style=\"text-align: justify;\"><span style=\"font-weight: 400; font-family: arial, helvetica, sans-serif;\"><img fetchpriority=\"high\" decoding=\"async\" class=\"size-large wp-image-6150 alignleft\" src=\"https:\/\/www.cambe.pr.gov.br\/wp-content\/uploads\/2022\/05\/WhatsApp-Image-2022-05-30-at-14.40.00-e1653932568775-1024x683.jpeg\" alt=\"\" width=\"610\" height=\"407\" srcset=\"https:\/\/www.cambe.pr.gov.br\/wp-content\/uploads\/2022\/05\/WhatsApp-Image-2022-05-30-at-14.40.00-e1653932568775-1024x683.jpeg 1024w, https:\/\/www.cambe.pr.gov.br\/wp-content\/uploads\/2022\/05\/WhatsApp-Image-2022-05-30-at-14.40.00-e1653932568775-300x200.jpeg 300w, https:\/\/www.cambe.pr.gov.br\/wp-content\/uploads\/2022\/05\/WhatsApp-Image-2022-05-30-at-14.40.00-e1653932568775-768x512.jpeg 768w, https:\/\/www.cambe.pr.gov.br\/wp-content\/uploads\/2022\/05\/WhatsApp-Image-2022-05-30-at-14.40.00-e1653932568775.jpeg 1156w\" sizes=\"(max-width: 610px) 100vw, 610px\" \/>Voc\u00ea tem garrafas, pneus ou m\u00f3veis espalhados pelo quintal? Ent\u00e3o bora fazer uma limpeza. As Secretarias de Sa\u00fade e Meio Ambiente v\u00e3o dar in\u00edcio a um novo ciclo de mutir\u00f5es de limpeza contra o mosquito da dengue. No pr\u00f3ximo s\u00e1bado (11), o mutir\u00e3o vai passar pela regi\u00e3o dos Jardins S\u00e3o Paulo e Santo Amaro recolhendo todo tipo de material que possa acumular \u00e1gua.&nbsp;<\/span><\/p>\n<p style=\"text-align: justify;\"><span style=\"font-family: arial, helvetica, sans-serif;\">De acordo com os dados divulgados no \u00faltimo Levantamento R\u00e1pido de \u00cdndices para <i>Aedes aegypti <\/i>(LIRAa), em janeiro, Camb\u00e9 est\u00e1 em situa\u00e7\u00e3o de alerta para a dengue, j\u00e1 que \u00edndice predial registrou 1,6. Essa porcentagem indica que, dentre os 2.878 im\u00f3veis vistoriados, foram encontrados 62 criadouros ativos do mosquito em 60 resid\u00eancias e dois terrenos baldios da cidade. Nelci Mariano, coordenadora dos servi\u00e7os de Vigil\u00e2ncia Ambiental da Secretaria de Sa\u00fade de Camb\u00e9, explica que quase todos os focos do mosquito foram encontrados em resid\u00eancias. \u201cIsso mostra que os moradores n\u00e3o est\u00e3o cuidando das casas e quintais como deveriam\u201d, ressalta.<\/span><\/p>\n<p style=\"text-align: justify;\"><span style=\"font-weight: 400; font-family: arial, helvetica, sans-serif;\">O mutir\u00e3o vai come\u00e7ar pela pela regi\u00e3o do Jardim S\u00e3o Paulo e Santo Amaro no s\u00e1bado, a partir das 7h, mas as pessoas devem deixar os materiais na sexta-feira (10) \u00e0 noite na cal\u00e7ada em frente \u00e0s casas. O mutir\u00e3o s\u00f3 vai recolher objetos que acumulam \u00e1gua, como pneus, garrafas e m\u00f3veis. Galhos de \u00e1rvores e entulhos n\u00e3o ser\u00e3o recolhidos.&nbsp;<\/span><\/p>\n<p style=\"text-align: justify;\"><span style=\"font-weight: 400; font-family: arial, helvetica, sans-serif;\">Nos pr\u00f3ximos s\u00e1bados, o mutir\u00e3o segue para outras regi\u00f5es da cidade, conforme o cronograma: dia 18 de fevereiro na regi\u00e3o do Novo Bandeirantes; dia 25 na regi\u00e3o central e Camb\u00e9 II; dia 04 de mar\u00e7o no Cristal e Jardim Guarani;&nbsp; dia 11 na regi\u00e3o do Jardim Ana Rosa e Camb\u00e9 4; e no dia 18 de mar\u00e7o Jardim Silvino.&nbsp;<\/span><\/p>\n","protected":false},"excerpt":{"rendered":"<p>Voc\u00ea tem garrafas, pneus ou m\u00f3veis espalhados pelo quintal? Ent\u00e3o bora fazer uma limpeza. As Secretarias de Sa\u00fade e Meio Ambiente v\u00e3o dar in\u00edcio a um novo ciclo de mutir\u00f5es de limpeza contra o mosquito da dengue. No pr\u00f3ximo s\u00e1bado (11), o mutir\u00e3o vai passar pela regi\u00e3o dos Jardins S\u00e3o Paulo e Santo Amaro recolhendo [&hellip;]<\/p>\n","protected":false},"author":2,"featured_media":0,"comment_status":"closed","ping_status":"open","sticky":false,"template":"","format":"standard","meta":{"ngg_post_thumbnail":0,"footnotes":""},"categories":[1],"tags":[],"class_list":["post-9164","post","type-post","status-publish","format-standard","hentry","category-principal"],"yoast_head":"<!-- This site is optimized with the Yoast SEO plugin v27.4 - https:\/\/yoast.com\/product\/yoast-seo-wordpress\/ -->\n<title>Dengue: mutir\u00e3o de limpeza vai passar pela regi\u00e3o dos Jardins S\u00e3o Paulo e Santo Amaro neste s\u00e1bado - Prefeitura de Camb\u00e9<\/title>\n<meta name=\"robots\" content=\"index, follow, max-snippet:-1, max-image-preview:large, max-video-preview:-1\" \/>\n<link rel=\"canonical\" href=\"https:\/\/www.cambe.pr.gov.br\/index.php\/dengue-mutirao-de-limpeza-vai-passar-pela-regiao-dos-jardins-sao-paulo-e-santo-amaro-neste-sabado\/\" \/>\n<meta property=\"og:locale\" content=\"pt_BR\" \/>\n<meta property=\"og:type\" content=\"article\" \/>\n<meta property=\"og:title\" content=\"Dengue: mutir\u00e3o de limpeza vai passar pela regi\u00e3o dos Jardins S\u00e3o Paulo e Santo Amaro neste s\u00e1bado - Prefeitura de Camb\u00e9\" \/>\n<meta property=\"og:description\" content=\"Voc\u00ea tem garrafas, pneus ou m\u00f3veis espalhados pelo quintal? Ent\u00e3o bora fazer uma limpeza. As Secretarias de Sa\u00fade e Meio Ambiente v\u00e3o dar in\u00edcio a um novo ciclo de mutir\u00f5es de limpeza contra o mosquito da dengue. No pr\u00f3ximo s\u00e1bado (11), o mutir\u00e3o vai passar pela regi\u00e3o dos Jardins S\u00e3o Paulo e Santo Amaro recolhendo [&hellip;]\" \/>\n<meta property=\"og:url\" content=\"https:\/\/www.cambe.pr.gov.br\/index.php\/dengue-mutirao-de-limpeza-vai-passar-pela-regiao-dos-jardins-sao-paulo-e-santo-amaro-neste-sabado\/\" \/>\n<meta property=\"og:site_name\" content=\"Prefeitura de Camb\u00e9\" \/>\n<meta property=\"article:publisher\" content=\"https:\/\/m.facebook.com\/prefeituradecambe\" \/>\n<meta property=\"article:published_time\" content=\"2023-02-07T18:03:45+00:00\" \/>\n<meta property=\"article:modified_time\" content=\"2024-10-07T16:01:07+00:00\" \/>\n<meta property=\"og:image\" content=\"http:\/\/www.cambe.pr.gov.br\/wp-content\/uploads\/2022\/05\/WhatsApp-Image-2022-05-30-at-14.40.00-e1653932568775-1024x683.jpeg\" \/>\n<meta name=\"author\" content=\"Thiago Mossini Balbino dos Santos\" \/>\n<meta name=\"twitter:card\" content=\"summary_large_image\" \/>\n<meta name=\"twitter:label1\" content=\"Escrito por\" \/>\n\t<meta name=\"twitter:data1\" content=\"Thiago Mossini Balbino dos Santos\" \/>\n\t<meta name=\"twitter:label2\" content=\"Est. tempo de leitura\" \/>\n\t<meta name=\"twitter:data2\" content=\"2 minutos\" \/>\n<script type=\"application\/ld+json\" class=\"yoast-schema-graph\">{\"@context\":\"https:\\\/\\\/schema.org\",\"@graph\":[{\"@type\":\"Article\",\"@id\":\"https:\\\/\\\/www.cambe.pr.gov.br\\\/index.php\\\/dengue-mutirao-de-limpeza-vai-passar-pela-regiao-dos-jardins-sao-paulo-e-santo-amaro-neste-sabado\\\/#article\",\"isPartOf\":{\"@id\":\"https:\\\/\\\/www.cambe.pr.gov.br\\\/index.php\\\/dengue-mutirao-de-limpeza-vai-passar-pela-regiao-dos-jardins-sao-paulo-e-santo-amaro-neste-sabado\\\/\"},\"author\":{\"name\":\"Thiago Mossini Balbino dos Santos\",\"@id\":\"https:\\\/\\\/www.cambe.pr.gov.br\\\/#\\\/schema\\\/person\\\/e08f7c43a641b2ec036e4e867ec483e4\"},\"headline\":\"Dengue: mutir\u00e3o de limpeza vai passar pela regi\u00e3o dos Jardins S\u00e3o Paulo e Santo Amaro neste s\u00e1bado\",\"datePublished\":\"2023-02-07T18:03:45+00:00\",\"dateModified\":\"2024-10-07T16:01:07+00:00\",\"mainEntityOfPage\":{\"@id\":\"https:\\\/\\\/www.cambe.pr.gov.br\\\/index.php\\\/dengue-mutirao-de-limpeza-vai-passar-pela-regiao-dos-jardins-sao-paulo-e-santo-amaro-neste-sabado\\\/\"},\"wordCount\":333,\"publisher\":{\"@id\":\"https:\\\/\\\/www.cambe.pr.gov.br\\\/#organization\"},\"image\":{\"@id\":\"https:\\\/\\\/www.cambe.pr.gov.br\\\/index.php\\\/dengue-mutirao-de-limpeza-vai-passar-pela-regiao-dos-jardins-sao-paulo-e-santo-amaro-neste-sabado\\\/#primaryimage\"},\"thumbnailUrl\":\"http:\\\/\\\/www.cambe.pr.gov.br\\\/wp-content\\\/uploads\\\/2022\\\/05\\\/WhatsApp-Image-2022-05-30-at-14.40.00-e1653932568775-1024x683.jpeg\",\"articleSection\":[\"Principal\"],\"inLanguage\":\"pt-BR\"},{\"@type\":\"WebPage\",\"@id\":\"https:\\\/\\\/www.cambe.pr.gov.br\\\/index.php\\\/dengue-mutirao-de-limpeza-vai-passar-pela-regiao-dos-jardins-sao-paulo-e-santo-amaro-neste-sabado\\\/\",\"url\":\"https:\\\/\\\/www.cambe.pr.gov.br\\\/index.php\\\/dengue-mutirao-de-limpeza-vai-passar-pela-regiao-dos-jardins-sao-paulo-e-santo-amaro-neste-sabado\\\/\",\"name\":\"Dengue: mutir\u00e3o de limpeza vai passar pela regi\u00e3o dos Jardins S\u00e3o Paulo e Santo Amaro neste s\u00e1bado - Prefeitura de Camb\u00e9\",\"isPartOf\":{\"@id\":\"https:\\\/\\\/www.cambe.pr.gov.br\\\/#website\"},\"primaryImageOfPage\":{\"@id\":\"https:\\\/\\\/www.cambe.pr.gov.br\\\/index.php\\\/dengue-mutirao-de-limpeza-vai-passar-pela-regiao-dos-jardins-sao-paulo-e-santo-amaro-neste-sabado\\\/#primaryimage\"},\"image\":{\"@id\":\"https:\\\/\\\/www.cambe.pr.gov.br\\\/index.php\\\/dengue-mutirao-de-limpeza-vai-passar-pela-regiao-dos-jardins-sao-paulo-e-santo-amaro-neste-sabado\\\/#primaryimage\"},\"thumbnailUrl\":\"http:\\\/\\\/www.cambe.pr.gov.br\\\/wp-content\\\/uploads\\\/2022\\\/05\\\/WhatsApp-Image-2022-05-30-at-14.40.00-e1653932568775-1024x683.jpeg\",\"datePublished\":\"2023-02-07T18:03:45+00:00\",\"dateModified\":\"2024-10-07T16:01:07+00:00\",\"breadcrumb\":{\"@id\":\"https:\\\/\\\/www.cambe.pr.gov.br\\\/index.php\\\/dengue-mutirao-de-limpeza-vai-passar-pela-regiao-dos-jardins-sao-paulo-e-santo-amaro-neste-sabado\\\/#breadcrumb\"},\"inLanguage\":\"pt-BR\",\"potentialAction\":[{\"@type\":\"ReadAction\",\"target\":[\"https:\\\/\\\/www.cambe.pr.gov.br\\\/index.php\\\/dengue-mutirao-de-limpeza-vai-passar-pela-regiao-dos-jardins-sao-paulo-e-santo-amaro-neste-sabado\\\/\"]}]},{\"@type\":\"ImageObject\",\"inLanguage\":\"pt-BR\",\"@id\":\"https:\\\/\\\/www.cambe.pr.gov.br\\\/index.php\\\/dengue-mutirao-de-limpeza-vai-passar-pela-regiao-dos-jardins-sao-paulo-e-santo-amaro-neste-sabado\\\/#primaryimage\",\"url\":\"http:\\\/\\\/www.cambe.pr.gov.br\\\/wp-content\\\/uploads\\\/2022\\\/05\\\/WhatsApp-Image-2022-05-30-at-14.40.00-e1653932568775-1024x683.jpeg\",\"contentUrl\":\"http:\\\/\\\/www.cambe.pr.gov.br\\\/wp-content\\\/uploads\\\/2022\\\/05\\\/WhatsApp-Image-2022-05-30-at-14.40.00-e1653932568775-1024x683.jpeg\"},{\"@type\":\"BreadcrumbList\",\"@id\":\"https:\\\/\\\/www.cambe.pr.gov.br\\\/index.php\\\/dengue-mutirao-de-limpeza-vai-passar-pela-regiao-dos-jardins-sao-paulo-e-santo-amaro-neste-sabado\\\/#breadcrumb\",\"itemListElement\":[{\"@type\":\"ListItem\",\"position\":1,\"name\":\"In\u00edcio\",\"item\":\"https:\\\/\\\/www.cambe.pr.gov.br\\\/\"},{\"@type\":\"ListItem\",\"position\":2,\"name\":\"Dengue: mutir\u00e3o de limpeza vai passar pela regi\u00e3o dos Jardins S\u00e3o Paulo e Santo Amaro neste s\u00e1bado\"}]},{\"@type\":\"WebSite\",\"@id\":\"https:\\\/\\\/www.cambe.pr.gov.br\\\/#website\",\"url\":\"https:\\\/\\\/www.cambe.pr.gov.br\\\/\",\"name\":\"Prefeitura de Camb\u00e9\",\"description\":\"UM GOVERNO PARA TODOS\",\"publisher\":{\"@id\":\"https:\\\/\\\/www.cambe.pr.gov.br\\\/#organization\"},\"potentialAction\":[{\"@type\":\"SearchAction\",\"target\":{\"@type\":\"EntryPoint\",\"urlTemplate\":\"https:\\\/\\\/www.cambe.pr.gov.br\\\/?s={search_term_string}\"},\"query-input\":{\"@type\":\"PropertyValueSpecification\",\"valueRequired\":true,\"valueName\":\"search_term_string\"}}],\"inLanguage\":\"pt-BR\"},{\"@type\":\"Organization\",\"@id\":\"https:\\\/\\\/www.cambe.pr.gov.br\\\/#organization\",\"name\":\"Prefeitura de Camb\u00e9\",\"url\":\"https:\\\/\\\/www.cambe.pr.gov.br\\\/\",\"logo\":{\"@type\":\"ImageObject\",\"inLanguage\":\"pt-BR\",\"@id\":\"https:\\\/\\\/www.cambe.pr.gov.br\\\/#\\\/schema\\\/logo\\\/image\\\/\",\"url\":\"https:\\\/\\\/www.cambe.pr.gov.br\\\/wp-content\\\/uploads\\\/2021\\\/01\\\/cropped-cropped-cambe_brazao-icone.png\",\"contentUrl\":\"https:\\\/\\\/www.cambe.pr.gov.br\\\/wp-content\\\/uploads\\\/2021\\\/01\\\/cropped-cropped-cambe_brazao-icone.png\",\"width\":240,\"height\":240,\"caption\":\"Prefeitura de Camb\u00e9\"},\"image\":{\"@id\":\"https:\\\/\\\/www.cambe.pr.gov.br\\\/#\\\/schema\\\/logo\\\/image\\\/\"},\"sameAs\":[\"https:\\\/\\\/m.facebook.com\\\/prefeituradecambe\"]},{\"@type\":\"Person\",\"@id\":\"https:\\\/\\\/www.cambe.pr.gov.br\\\/#\\\/schema\\\/person\\\/e08f7c43a641b2ec036e4e867ec483e4\",\"name\":\"Thiago Mossini Balbino dos Santos\",\"image\":{\"@type\":\"ImageObject\",\"inLanguage\":\"pt-BR\",\"@id\":\"https:\\\/\\\/secure.gravatar.com\\\/avatar\\\/d957ed4e1bc3ebf5769d1003f9709cd2012ebf424eb4a5d76a933fee30e874b6?s=96&d=mm&r=g\",\"url\":\"https:\\\/\\\/secure.gravatar.com\\\/avatar\\\/d957ed4e1bc3ebf5769d1003f9709cd2012ebf424eb4a5d76a933fee30e874b6?s=96&d=mm&r=g\",\"contentUrl\":\"https:\\\/\\\/secure.gravatar.com\\\/avatar\\\/d957ed4e1bc3ebf5769d1003f9709cd2012ebf424eb4a5d76a933fee30e874b6?s=96&d=mm&r=g\",\"caption\":\"Thiago Mossini Balbino dos Santos\"},\"url\":\"https:\\\/\\\/www.cambe.pr.gov.br\\\/index.php\\\/author\\\/tmbsantos\\\/\"}]}<\/script>\n<!-- \/ Yoast SEO plugin. -->","yoast_head_json":{"title":"Dengue: mutir\u00e3o de limpeza vai passar pela regi\u00e3o dos Jardins S\u00e3o Paulo e Santo Amaro neste s\u00e1bado - Prefeitura de Camb\u00e9","robots":{"index":"index","follow":"follow","max-snippet":"max-snippet:-1","max-image-preview":"max-image-preview:large","max-video-preview":"max-video-preview:-1"},"canonical":"https:\/\/www.cambe.pr.gov.br\/index.php\/dengue-mutirao-de-limpeza-vai-passar-pela-regiao-dos-jardins-sao-paulo-e-santo-amaro-neste-sabado\/","og_locale":"pt_BR","og_type":"article","og_title":"Dengue: mutir\u00e3o de limpeza vai passar pela regi\u00e3o dos Jardins S\u00e3o Paulo e Santo Amaro neste s\u00e1bado - Prefeitura de Camb\u00e9","og_description":"Voc\u00ea tem garrafas, pneus ou m\u00f3veis espalhados pelo quintal? Ent\u00e3o bora fazer uma limpeza. As Secretarias de Sa\u00fade e Meio Ambiente v\u00e3o dar in\u00edcio a um novo ciclo de mutir\u00f5es de limpeza contra o mosquito da dengue. No pr\u00f3ximo s\u00e1bado (11), o mutir\u00e3o vai passar pela regi\u00e3o dos Jardins S\u00e3o Paulo e Santo Amaro recolhendo [&hellip;]","og_url":"https:\/\/www.cambe.pr.gov.br\/index.php\/dengue-mutirao-de-limpeza-vai-passar-pela-regiao-dos-jardins-sao-paulo-e-santo-amaro-neste-sabado\/","og_site_name":"Prefeitura de Camb\u00e9","article_publisher":"https:\/\/m.facebook.com\/prefeituradecambe","article_published_time":"2023-02-07T18:03:45+00:00","article_modified_time":"2024-10-07T16:01:07+00:00","og_image":[{"url":"http:\/\/www.cambe.pr.gov.br\/wp-content\/uploads\/2022\/05\/WhatsApp-Image-2022-05-30-at-14.40.00-e1653932568775-1024x683.jpeg","type":"","width":"","height":""}],"author":"Thiago Mossini Balbino dos Santos","twitter_card":"summary_large_image","twitter_misc":{"Escrito por":"Thiago Mossini Balbino dos Santos","Est. tempo de leitura":"2 minutos"},"schema":{"@context":"https:\/\/schema.org","@graph":[{"@type":"Article","@id":"https:\/\/www.cambe.pr.gov.br\/index.php\/dengue-mutirao-de-limpeza-vai-passar-pela-regiao-dos-jardins-sao-paulo-e-santo-amaro-neste-sabado\/#article","isPartOf":{"@id":"https:\/\/www.cambe.pr.gov.br\/index.php\/dengue-mutirao-de-limpeza-vai-passar-pela-regiao-dos-jardins-sao-paulo-e-santo-amaro-neste-sabado\/"},"author":{"name":"Thiago Mossini Balbino dos Santos","@id":"https:\/\/www.cambe.pr.gov.br\/#\/schema\/person\/e08f7c43a641b2ec036e4e867ec483e4"},"headline":"Dengue: mutir\u00e3o de limpeza vai passar pela regi\u00e3o dos Jardins S\u00e3o Paulo e Santo Amaro neste s\u00e1bado","datePublished":"2023-02-07T18:03:45+00:00","dateModified":"2024-10-07T16:01:07+00:00","mainEntityOfPage":{"@id":"https:\/\/www.cambe.pr.gov.br\/index.php\/dengue-mutirao-de-limpeza-vai-passar-pela-regiao-dos-jardins-sao-paulo-e-santo-amaro-neste-sabado\/"},"wordCount":333,"publisher":{"@id":"https:\/\/www.cambe.pr.gov.br\/#organization"},"image":{"@id":"https:\/\/www.cambe.pr.gov.br\/index.php\/dengue-mutirao-de-limpeza-vai-passar-pela-regiao-dos-jardins-sao-paulo-e-santo-amaro-neste-sabado\/#primaryimage"},"thumbnailUrl":"http:\/\/www.cambe.pr.gov.br\/wp-content\/uploads\/2022\/05\/WhatsApp-Image-2022-05-30-at-14.40.00-e1653932568775-1024x683.jpeg","articleSection":["Principal"],"inLanguage":"pt-BR"},{"@type":"WebPage","@id":"https:\/\/www.cambe.pr.gov.br\/index.php\/dengue-mutirao-de-limpeza-vai-passar-pela-regiao-dos-jardins-sao-paulo-e-santo-amaro-neste-sabado\/","url":"https:\/\/www.cambe.pr.gov.br\/index.php\/dengue-mutirao-de-limpeza-vai-passar-pela-regiao-dos-jardins-sao-paulo-e-santo-amaro-neste-sabado\/","name":"Dengue: mutir\u00e3o de limpeza vai passar pela regi\u00e3o dos Jardins S\u00e3o Paulo e Santo Amaro neste s\u00e1bado - Prefeitura de Camb\u00e9","isPartOf":{"@id":"https:\/\/www.cambe.pr.gov.br\/#website"},"primaryImageOfPage":{"@id":"https:\/\/www.cambe.pr.gov.br\/index.php\/dengue-mutirao-de-limpeza-vai-passar-pela-regiao-dos-jardins-sao-paulo-e-santo-amaro-neste-sabado\/#primaryimage"},"image":{"@id":"https:\/\/www.cambe.pr.gov.br\/index.php\/dengue-mutirao-de-limpeza-vai-passar-pela-regiao-dos-jardins-sao-paulo-e-santo-amaro-neste-sabado\/#primaryimage"},"thumbnailUrl":"http:\/\/www.cambe.pr.gov.br\/wp-content\/uploads\/2022\/05\/WhatsApp-Image-2022-05-30-at-14.40.00-e1653932568775-1024x683.jpeg","datePublished":"2023-02-07T18:03:45+00:00","dateModified":"2024-10-07T16:01:07+00:00","breadcrumb":{"@id":"https:\/\/www.cambe.pr.gov.br\/index.php\/dengue-mutirao-de-limpeza-vai-passar-pela-regiao-dos-jardins-sao-paulo-e-santo-amaro-neste-sabado\/#breadcrumb"},"inLanguage":"pt-BR","potentialAction":[{"@type":"ReadAction","target":["https:\/\/www.cambe.pr.gov.br\/index.php\/dengue-mutirao-de-limpeza-vai-passar-pela-regiao-dos-jardins-sao-paulo-e-santo-amaro-neste-sabado\/"]}]},{"@type":"ImageObject","inLanguage":"pt-BR","@id":"https:\/\/www.cambe.pr.gov.br\/index.php\/dengue-mutirao-de-limpeza-vai-passar-pela-regiao-dos-jardins-sao-paulo-e-santo-amaro-neste-sabado\/#primaryimage","url":"http:\/\/www.cambe.pr.gov.br\/wp-content\/uploads\/2022\/05\/WhatsApp-Image-2022-05-30-at-14.40.00-e1653932568775-1024x683.jpeg","contentUrl":"http:\/\/www.cambe.pr.gov.br\/wp-content\/uploads\/2022\/05\/WhatsApp-Image-2022-05-30-at-14.40.00-e1653932568775-1024x683.jpeg"},{"@type":"BreadcrumbList","@id":"https:\/\/www.cambe.pr.gov.br\/index.php\/dengue-mutirao-de-limpeza-vai-passar-pela-regiao-dos-jardins-sao-paulo-e-santo-amaro-neste-sabado\/#breadcrumb","itemListElement":[{"@type":"ListItem","position":1,"name":"In\u00edcio","item":"https:\/\/www.cambe.pr.gov.br\/"},{"@type":"ListItem","position":2,"name":"Dengue: mutir\u00e3o de limpeza vai passar pela regi\u00e3o dos Jardins S\u00e3o Paulo e Santo Amaro neste s\u00e1bado"}]},{"@type":"WebSite","@id":"https:\/\/www.cambe.pr.gov.br\/#website","url":"https:\/\/www.cambe.pr.gov.br\/","name":"Prefeitura de Camb\u00e9","description":"UM GOVERNO PARA TODOS","publisher":{"@id":"https:\/\/www.cambe.pr.gov.br\/#organization"},"potentialAction":[{"@type":"SearchAction","target":{"@type":"EntryPoint","urlTemplate":"https:\/\/www.cambe.pr.gov.br\/?s={search_term_string}"},"query-input":{"@type":"PropertyValueSpecification","valueRequired":true,"valueName":"search_term_string"}}],"inLanguage":"pt-BR"},{"@type":"Organization","@id":"https:\/\/www.cambe.pr.gov.br\/#organization","name":"Prefeitura de Camb\u00e9","url":"https:\/\/www.cambe.pr.gov.br\/","logo":{"@type":"ImageObject","inLanguage":"pt-BR","@id":"https:\/\/www.cambe.pr.gov.br\/#\/schema\/logo\/image\/","url":"https:\/\/www.cambe.pr.gov.br\/wp-content\/uploads\/2021\/01\/cropped-cropped-cambe_brazao-icone.png","contentUrl":"https:\/\/www.cambe.pr.gov.br\/wp-content\/uploads\/2021\/01\/cropped-cropped-cambe_brazao-icone.png","width":240,"height":240,"caption":"Prefeitura de Camb\u00e9"},"image":{"@id":"https:\/\/www.cambe.pr.gov.br\/#\/schema\/logo\/image\/"},"sameAs":["https:\/\/m.facebook.com\/prefeituradecambe"]},{"@type":"Person","@id":"https:\/\/www.cambe.pr.gov.br\/#\/schema\/person\/e08f7c43a641b2ec036e4e867ec483e4","name":"Thiago Mossini Balbino dos Santos","image":{"@type":"ImageObject","inLanguage":"pt-BR","@id":"https:\/\/secure.gravatar.com\/avatar\/d957ed4e1bc3ebf5769d1003f9709cd2012ebf424eb4a5d76a933fee30e874b6?s=96&d=mm&r=g","url":"https:\/\/secure.gravatar.com\/avatar\/d957ed4e1bc3ebf5769d1003f9709cd2012ebf424eb4a5d76a933fee30e874b6?s=96&d=mm&r=g","contentUrl":"https:\/\/secure.gravatar.com\/avatar\/d957ed4e1bc3ebf5769d1003f9709cd2012ebf424eb4a5d76a933fee30e874b6?s=96&d=mm&r=g","caption":"Thiago Mossini Balbino dos Santos"},"url":"https:\/\/www.cambe.pr.gov.br\/index.php\/author\/tmbsantos\/"}]}},"_links":{"self":[{"href":"https:\/\/www.cambe.pr.gov.br\/index.php\/wp-json\/wp\/v2\/posts\/9164","targetHints":{"allow":["GET"]}}],"collection":[{"href":"https:\/\/www.cambe.pr.gov.br\/index.php\/wp-json\/wp\/v2\/posts"}],"about":[{"href":"https:\/\/www.cambe.pr.gov.br\/index.php\/wp-json\/wp\/v2\/types\/post"}],"author":[{"embeddable":true,"href":"https:\/\/www.cambe.pr.gov.br\/index.php\/wp-json\/wp\/v2\/users\/2"}],"replies":[{"embeddable":true,"href":"https:\/\/www.cambe.pr.gov.br\/index.php\/wp-json\/wp\/v2\/comments?post=9164"}],"version-history":[{"count":3,"href":"https:\/\/www.cambe.pr.gov.br\/index.php\/wp-json\/wp\/v2\/posts\/9164\/revisions"}],"predecessor-version":[{"id":9167,"href":"https:\/\/www.cambe.pr.gov.br\/index.php\/wp-json\/wp\/v2\/posts\/9164\/revisions\/9167"}],"wp:attachment":[{"href":"https:\/\/www.cambe.pr.gov.br\/index.php\/wp-json\/wp\/v2\/media?parent=9164"}],"wp:term":[{"taxonomy":"category","embeddable":true,"href":"https:\/\/www.cambe.pr.gov.br\/index.php\/wp-json\/wp\/v2\/categories?post=9164"},{"taxonomy":"post_tag","embeddable":true,"href":"https:\/\/www.cambe.pr.gov.br\/index.php\/wp-json\/wp\/v2\/tags?post=9164"}],"curies":[{"name":"wp","href":"https:\/\/api.w.org\/{rel}","templated":true}]}}