{"id":9013,"date":"2023-01-27T16:00:19","date_gmt":"2023-01-27T19:00:19","guid":{"rendered":"http:\/\/www.cambe.pr.gov.br\/?p=9013"},"modified":"2024-10-07T13:01:07","modified_gmt":"2024-10-07T16:01:07","slug":"procon-de-cambe-orienta-pais-e-responsaveis-sobre-as-compras-de-materiais-escolares","status":"publish","type":"post","link":"https:\/\/www.cambe.pr.gov.br\/index.php\/procon-de-cambe-orienta-pais-e-responsaveis-sobre-as-compras-de-materiais-escolares\/","title":{"rendered":"Procon de Camb\u00e9 orienta pais e respons\u00e1veis sobre as compras de materiais escolares"},"content":{"rendered":"<p><img fetchpriority=\"high\" decoding=\"async\" class=\"alignleft wp-image-4541\" src=\"https:\/\/www.cambe.pr.gov.br\/wp-content\/uploads\/2022\/01\/school-desk-with-open-notebook-scaled-e1643653733635-1024x683.jpg\" alt=\"\" width=\"583\" height=\"389\" srcset=\"https:\/\/www.cambe.pr.gov.br\/wp-content\/uploads\/2022\/01\/school-desk-with-open-notebook-scaled-e1643653733635-1024x683.jpg 1024w, https:\/\/www.cambe.pr.gov.br\/wp-content\/uploads\/2022\/01\/school-desk-with-open-notebook-scaled-e1643653733635-300x200.jpg 300w, https:\/\/www.cambe.pr.gov.br\/wp-content\/uploads\/2022\/01\/school-desk-with-open-notebook-scaled-e1643653733635-768x512.jpg 768w, https:\/\/www.cambe.pr.gov.br\/wp-content\/uploads\/2022\/01\/school-desk-with-open-notebook-scaled-e1643653733635-1536x1024.jpg 1536w, https:\/\/www.cambe.pr.gov.br\/wp-content\/uploads\/2022\/01\/school-desk-with-open-notebook-scaled-e1643653733635-2048x1366.jpg 2048w\" sizes=\"(max-width: 583px) 100vw, 583px\" \/><\/p>\n<p style=\"text-align: justify;\"><span style=\"font-weight: 400; font-family: arial, helvetica, sans-serif;\">Todo come\u00e7o de ano a garotada fica ansiosa para comprar materiais novos e dar in\u00edcio a mais um ano letivo. Entretanto, para os pais ou respons\u00e1veis, esse \u00e9 um gasto que pode apertar o or\u00e7amento, ainda mais se a fam\u00edlia tem mais de um aluno em casa. Por conta disso, o Procon de Camb\u00e9 est\u00e1 dando algumas dicas para que o material escolar n\u00e3o seja um peso t\u00e3o grande e acabe fazendo com que a fam\u00edlia fique no vermelho logo no come\u00e7o do ano.<\/span><\/p>\n<p style=\"text-align: justify;\"><span style=\"font-weight: 400; font-family: arial, helvetica, sans-serif;\">Para Willian Train, coordenador do Procon de Camb\u00e9, o primeiro ponto que merece a aten\u00e7\u00e3o da fam\u00edlia \u00e9 a lista de materiais. Segundo ele, as escolas s\u00f3 podem solicitar materiais de uso did\u00e1tico e individual, como caderno, cola branca, massa de modelar, cartolina, pinc\u00e9is e canetas. \u201cAs escolas n\u00e3o podem pedir materiais de uso coletivo, como \u00e1lcool, algod\u00e3o, caneta de lousa e giz, copos ou talheres, dentre outras coisas\u201d, exemplifica. O coordenador tamb\u00e9m alerta que a escola n\u00e3o pode impedir um aluno de participar das aulas se ele estiver com o material incompleto, assim como \u00e9 ilegal que a escola defina a marca, o modelo ou estabelecimento que os pais devem comprar o material.<\/span><\/p>\n<p style=\"text-align: justify;\"><span style=\"font-weight: 400; font-family: arial, helvetica, sans-serif;\">Train destaca que as escolas n\u00e3o podem cobrar uma taxa de material escolar sem apresentar a lista. \u201cA institui\u00e7\u00e3o \u00e9 obrigada a informar quais itens devem ser adquiridos. A op\u00e7\u00e3o entre comprar os produtos ou pagar pelo pacote oferecido \u00e9 sempre do consumidor\u201d, ressalta. Ele tamb\u00e9m cita que \u00e9 importante que os pais fa\u00e7am uma pesquisa de pre\u00e7os antes de comprar os materiais escolares. De acordo com ele, fazer or\u00e7amentos em diferentes lojas e fracionar a lista de acordo com as papelarias que t\u00eam o menor pre\u00e7o pode fazer com que os materiais n\u00e3o fiquem t\u00e3o caros.<\/span><\/p>\n<p style=\"text-align: justify;\"><span style=\"font-weight: 400; font-family: arial, helvetica, sans-serif;\">Assim como em outras compras, as trocas funcionam de diferentes formas, dependendo do modo com que a compra foi feita. Em lojas online, o consumidor tem sete dias para se arrepender da compra, a partir da data de recebimento, e solicitar a troca ou a devolu\u00e7\u00e3o do dinheiro. J\u00e1 nas compras em lojas f\u00edsicas, os consumidores devem combinar essa troca com o propriet\u00e1rio, j\u00e1 que eles est\u00e3o vendo o produto que est\u00e3o adquirindo.<\/span><\/p>\n<p style=\"text-align: justify;\"><span style=\"font-weight: 400; font-family: arial, helvetica, sans-serif;\">Para o coordenador do Procon, n\u00e3o levar as crian\u00e7as durante a compra tamb\u00e9m pode fazer com que a conta fique mais barata. \u201cAs marcas fazem produtos alusivos aos super her\u00f3is, princesas e outros personagens famosos para vender com um pre\u00e7o mais elevado\u201d, orienta. Segundo ele, a solu\u00e7\u00e3o poderia ser a negocia\u00e7\u00e3o, ou seja, deixar a crian\u00e7a escolher um produto que ela deseja e o restante fica a crit\u00e9rio dos pais.\u00a0<\/span><\/p>\n<p style=\"text-align: justify;\"><span style=\"font-weight: 400; font-family: arial, helvetica, sans-serif;\">O Procon acolhe todas as den\u00fancias de danos contra o consumidor, seja a respeito de irregularidades de pre\u00e7os at\u00e9 propagandas enganosas. O Procon de Camb\u00e9 fica na rua Par\u00e1, 126 \u2013 Centro e funciona das 8h30 \u00e0s 11h30 e das 13h \u00e0s 17h. O telefone para contato \u00e9 3174-2851.<\/span><\/p>\n","protected":false},"excerpt":{"rendered":"<p>Todo come\u00e7o de ano a garotada fica ansiosa para comprar materiais novos e dar in\u00edcio a mais um ano letivo. Entretanto, para os pais ou respons\u00e1veis, esse \u00e9 um gasto que pode apertar o or\u00e7amento, ainda mais se a fam\u00edlia tem mais de um aluno em casa. Por conta disso, o Procon de Camb\u00e9 est\u00e1 [&hellip;]<\/p>\n","protected":false},"author":2,"featured_media":0,"comment_status":"closed","ping_status":"open","sticky":false,"template":"","format":"standard","meta":{"ngg_post_thumbnail":0,"footnotes":""},"categories":[1],"tags":[],"class_list":["post-9013","post","type-post","status-publish","format-standard","hentry","category-principal"],"yoast_head":"<!-- This site is optimized with the Yoast SEO plugin v27.4 - https:\/\/yoast.com\/product\/yoast-seo-wordpress\/ -->\n<title>Procon de Camb\u00e9 orienta pais e respons\u00e1veis sobre as compras de materiais escolares - Prefeitura de Camb\u00e9<\/title>\n<meta name=\"robots\" content=\"index, follow, max-snippet:-1, max-image-preview:large, max-video-preview:-1\" \/>\n<link rel=\"canonical\" href=\"https:\/\/www.cambe.pr.gov.br\/index.php\/procon-de-cambe-orienta-pais-e-responsaveis-sobre-as-compras-de-materiais-escolares\/\" \/>\n<meta property=\"og:locale\" content=\"pt_BR\" \/>\n<meta property=\"og:type\" content=\"article\" \/>\n<meta property=\"og:title\" content=\"Procon de Camb\u00e9 orienta pais e respons\u00e1veis sobre as compras de materiais escolares - Prefeitura de Camb\u00e9\" \/>\n<meta property=\"og:description\" content=\"Todo come\u00e7o de ano a garotada fica ansiosa para comprar materiais novos e dar in\u00edcio a mais um ano letivo. Entretanto, para os pais ou respons\u00e1veis, esse \u00e9 um gasto que pode apertar o or\u00e7amento, ainda mais se a fam\u00edlia tem mais de um aluno em casa. Por conta disso, o Procon de Camb\u00e9 est\u00e1 [&hellip;]\" \/>\n<meta property=\"og:url\" content=\"https:\/\/www.cambe.pr.gov.br\/index.php\/procon-de-cambe-orienta-pais-e-responsaveis-sobre-as-compras-de-materiais-escolares\/\" \/>\n<meta property=\"og:site_name\" content=\"Prefeitura de Camb\u00e9\" \/>\n<meta property=\"article:publisher\" content=\"https:\/\/m.facebook.com\/prefeituradecambe\" \/>\n<meta property=\"article:published_time\" content=\"2023-01-27T19:00:19+00:00\" \/>\n<meta property=\"article:modified_time\" content=\"2024-10-07T16:01:07+00:00\" \/>\n<meta property=\"og:image\" content=\"http:\/\/www.cambe.pr.gov.br\/wp-content\/uploads\/2022\/01\/school-desk-with-open-notebook-scaled-e1643653733635-1024x683.jpg\" \/>\n<meta name=\"author\" content=\"Thiago Mossini Balbino dos Santos\" \/>\n<meta name=\"twitter:card\" content=\"summary_large_image\" \/>\n<meta name=\"twitter:label1\" content=\"Escrito por\" \/>\n\t<meta name=\"twitter:data1\" content=\"Thiago Mossini Balbino dos Santos\" \/>\n\t<meta name=\"twitter:label2\" content=\"Est. tempo de leitura\" \/>\n\t<meta name=\"twitter:data2\" content=\"3 minutos\" \/>\n<script type=\"application\/ld+json\" class=\"yoast-schema-graph\">{\"@context\":\"https:\\\/\\\/schema.org\",\"@graph\":[{\"@type\":\"Article\",\"@id\":\"https:\\\/\\\/www.cambe.pr.gov.br\\\/index.php\\\/procon-de-cambe-orienta-pais-e-responsaveis-sobre-as-compras-de-materiais-escolares\\\/#article\",\"isPartOf\":{\"@id\":\"https:\\\/\\\/www.cambe.pr.gov.br\\\/index.php\\\/procon-de-cambe-orienta-pais-e-responsaveis-sobre-as-compras-de-materiais-escolares\\\/\"},\"author\":{\"name\":\"Thiago Mossini Balbino dos Santos\",\"@id\":\"https:\\\/\\\/www.cambe.pr.gov.br\\\/#\\\/schema\\\/person\\\/e08f7c43a641b2ec036e4e867ec483e4\"},\"headline\":\"Procon de Camb\u00e9 orienta pais e respons\u00e1veis sobre as compras de materiais escolares\",\"datePublished\":\"2023-01-27T19:00:19+00:00\",\"dateModified\":\"2024-10-07T16:01:07+00:00\",\"mainEntityOfPage\":{\"@id\":\"https:\\\/\\\/www.cambe.pr.gov.br\\\/index.php\\\/procon-de-cambe-orienta-pais-e-responsaveis-sobre-as-compras-de-materiais-escolares\\\/\"},\"wordCount\":536,\"publisher\":{\"@id\":\"https:\\\/\\\/www.cambe.pr.gov.br\\\/#organization\"},\"image\":{\"@id\":\"https:\\\/\\\/www.cambe.pr.gov.br\\\/index.php\\\/procon-de-cambe-orienta-pais-e-responsaveis-sobre-as-compras-de-materiais-escolares\\\/#primaryimage\"},\"thumbnailUrl\":\"http:\\\/\\\/www.cambe.pr.gov.br\\\/wp-content\\\/uploads\\\/2022\\\/01\\\/school-desk-with-open-notebook-scaled-e1643653733635-1024x683.jpg\",\"articleSection\":[\"Principal\"],\"inLanguage\":\"pt-BR\"},{\"@type\":\"WebPage\",\"@id\":\"https:\\\/\\\/www.cambe.pr.gov.br\\\/index.php\\\/procon-de-cambe-orienta-pais-e-responsaveis-sobre-as-compras-de-materiais-escolares\\\/\",\"url\":\"https:\\\/\\\/www.cambe.pr.gov.br\\\/index.php\\\/procon-de-cambe-orienta-pais-e-responsaveis-sobre-as-compras-de-materiais-escolares\\\/\",\"name\":\"Procon de Camb\u00e9 orienta pais e respons\u00e1veis sobre as compras de materiais escolares - Prefeitura de Camb\u00e9\",\"isPartOf\":{\"@id\":\"https:\\\/\\\/www.cambe.pr.gov.br\\\/#website\"},\"primaryImageOfPage\":{\"@id\":\"https:\\\/\\\/www.cambe.pr.gov.br\\\/index.php\\\/procon-de-cambe-orienta-pais-e-responsaveis-sobre-as-compras-de-materiais-escolares\\\/#primaryimage\"},\"image\":{\"@id\":\"https:\\\/\\\/www.cambe.pr.gov.br\\\/index.php\\\/procon-de-cambe-orienta-pais-e-responsaveis-sobre-as-compras-de-materiais-escolares\\\/#primaryimage\"},\"thumbnailUrl\":\"http:\\\/\\\/www.cambe.pr.gov.br\\\/wp-content\\\/uploads\\\/2022\\\/01\\\/school-desk-with-open-notebook-scaled-e1643653733635-1024x683.jpg\",\"datePublished\":\"2023-01-27T19:00:19+00:00\",\"dateModified\":\"2024-10-07T16:01:07+00:00\",\"breadcrumb\":{\"@id\":\"https:\\\/\\\/www.cambe.pr.gov.br\\\/index.php\\\/procon-de-cambe-orienta-pais-e-responsaveis-sobre-as-compras-de-materiais-escolares\\\/#breadcrumb\"},\"inLanguage\":\"pt-BR\",\"potentialAction\":[{\"@type\":\"ReadAction\",\"target\":[\"https:\\\/\\\/www.cambe.pr.gov.br\\\/index.php\\\/procon-de-cambe-orienta-pais-e-responsaveis-sobre-as-compras-de-materiais-escolares\\\/\"]}]},{\"@type\":\"ImageObject\",\"inLanguage\":\"pt-BR\",\"@id\":\"https:\\\/\\\/www.cambe.pr.gov.br\\\/index.php\\\/procon-de-cambe-orienta-pais-e-responsaveis-sobre-as-compras-de-materiais-escolares\\\/#primaryimage\",\"url\":\"http:\\\/\\\/www.cambe.pr.gov.br\\\/wp-content\\\/uploads\\\/2022\\\/01\\\/school-desk-with-open-notebook-scaled-e1643653733635-1024x683.jpg\",\"contentUrl\":\"http:\\\/\\\/www.cambe.pr.gov.br\\\/wp-content\\\/uploads\\\/2022\\\/01\\\/school-desk-with-open-notebook-scaled-e1643653733635-1024x683.jpg\"},{\"@type\":\"BreadcrumbList\",\"@id\":\"https:\\\/\\\/www.cambe.pr.gov.br\\\/index.php\\\/procon-de-cambe-orienta-pais-e-responsaveis-sobre-as-compras-de-materiais-escolares\\\/#breadcrumb\",\"itemListElement\":[{\"@type\":\"ListItem\",\"position\":1,\"name\":\"In\u00edcio\",\"item\":\"https:\\\/\\\/www.cambe.pr.gov.br\\\/\"},{\"@type\":\"ListItem\",\"position\":2,\"name\":\"Procon de Camb\u00e9 orienta pais e respons\u00e1veis sobre as compras de materiais escolares\"}]},{\"@type\":\"WebSite\",\"@id\":\"https:\\\/\\\/www.cambe.pr.gov.br\\\/#website\",\"url\":\"https:\\\/\\\/www.cambe.pr.gov.br\\\/\",\"name\":\"Prefeitura de Camb\u00e9\",\"description\":\"UM GOVERNO PARA TODOS\",\"publisher\":{\"@id\":\"https:\\\/\\\/www.cambe.pr.gov.br\\\/#organization\"},\"potentialAction\":[{\"@type\":\"SearchAction\",\"target\":{\"@type\":\"EntryPoint\",\"urlTemplate\":\"https:\\\/\\\/www.cambe.pr.gov.br\\\/?s={search_term_string}\"},\"query-input\":{\"@type\":\"PropertyValueSpecification\",\"valueRequired\":true,\"valueName\":\"search_term_string\"}}],\"inLanguage\":\"pt-BR\"},{\"@type\":\"Organization\",\"@id\":\"https:\\\/\\\/www.cambe.pr.gov.br\\\/#organization\",\"name\":\"Prefeitura de Camb\u00e9\",\"url\":\"https:\\\/\\\/www.cambe.pr.gov.br\\\/\",\"logo\":{\"@type\":\"ImageObject\",\"inLanguage\":\"pt-BR\",\"@id\":\"https:\\\/\\\/www.cambe.pr.gov.br\\\/#\\\/schema\\\/logo\\\/image\\\/\",\"url\":\"https:\\\/\\\/www.cambe.pr.gov.br\\\/wp-content\\\/uploads\\\/2021\\\/01\\\/cropped-cropped-cambe_brazao-icone.png\",\"contentUrl\":\"https:\\\/\\\/www.cambe.pr.gov.br\\\/wp-content\\\/uploads\\\/2021\\\/01\\\/cropped-cropped-cambe_brazao-icone.png\",\"width\":240,\"height\":240,\"caption\":\"Prefeitura de Camb\u00e9\"},\"image\":{\"@id\":\"https:\\\/\\\/www.cambe.pr.gov.br\\\/#\\\/schema\\\/logo\\\/image\\\/\"},\"sameAs\":[\"https:\\\/\\\/m.facebook.com\\\/prefeituradecambe\"]},{\"@type\":\"Person\",\"@id\":\"https:\\\/\\\/www.cambe.pr.gov.br\\\/#\\\/schema\\\/person\\\/e08f7c43a641b2ec036e4e867ec483e4\",\"name\":\"Thiago Mossini Balbino dos Santos\",\"image\":{\"@type\":\"ImageObject\",\"inLanguage\":\"pt-BR\",\"@id\":\"https:\\\/\\\/secure.gravatar.com\\\/avatar\\\/d957ed4e1bc3ebf5769d1003f9709cd2012ebf424eb4a5d76a933fee30e874b6?s=96&d=mm&r=g\",\"url\":\"https:\\\/\\\/secure.gravatar.com\\\/avatar\\\/d957ed4e1bc3ebf5769d1003f9709cd2012ebf424eb4a5d76a933fee30e874b6?s=96&d=mm&r=g\",\"contentUrl\":\"https:\\\/\\\/secure.gravatar.com\\\/avatar\\\/d957ed4e1bc3ebf5769d1003f9709cd2012ebf424eb4a5d76a933fee30e874b6?s=96&d=mm&r=g\",\"caption\":\"Thiago Mossini Balbino dos Santos\"},\"url\":\"https:\\\/\\\/www.cambe.pr.gov.br\\\/index.php\\\/author\\\/tmbsantos\\\/\"}]}<\/script>\n<!-- \/ Yoast SEO plugin. -->","yoast_head_json":{"title":"Procon de Camb\u00e9 orienta pais e respons\u00e1veis sobre as compras de materiais escolares - Prefeitura de Camb\u00e9","robots":{"index":"index","follow":"follow","max-snippet":"max-snippet:-1","max-image-preview":"max-image-preview:large","max-video-preview":"max-video-preview:-1"},"canonical":"https:\/\/www.cambe.pr.gov.br\/index.php\/procon-de-cambe-orienta-pais-e-responsaveis-sobre-as-compras-de-materiais-escolares\/","og_locale":"pt_BR","og_type":"article","og_title":"Procon de Camb\u00e9 orienta pais e respons\u00e1veis sobre as compras de materiais escolares - Prefeitura de Camb\u00e9","og_description":"Todo come\u00e7o de ano a garotada fica ansiosa para comprar materiais novos e dar in\u00edcio a mais um ano letivo. Entretanto, para os pais ou respons\u00e1veis, esse \u00e9 um gasto que pode apertar o or\u00e7amento, ainda mais se a fam\u00edlia tem mais de um aluno em casa. Por conta disso, o Procon de Camb\u00e9 est\u00e1 [&hellip;]","og_url":"https:\/\/www.cambe.pr.gov.br\/index.php\/procon-de-cambe-orienta-pais-e-responsaveis-sobre-as-compras-de-materiais-escolares\/","og_site_name":"Prefeitura de Camb\u00e9","article_publisher":"https:\/\/m.facebook.com\/prefeituradecambe","article_published_time":"2023-01-27T19:00:19+00:00","article_modified_time":"2024-10-07T16:01:07+00:00","og_image":[{"url":"http:\/\/www.cambe.pr.gov.br\/wp-content\/uploads\/2022\/01\/school-desk-with-open-notebook-scaled-e1643653733635-1024x683.jpg","type":"","width":"","height":""}],"author":"Thiago Mossini Balbino dos Santos","twitter_card":"summary_large_image","twitter_misc":{"Escrito por":"Thiago Mossini Balbino dos Santos","Est. tempo de leitura":"3 minutos"},"schema":{"@context":"https:\/\/schema.org","@graph":[{"@type":"Article","@id":"https:\/\/www.cambe.pr.gov.br\/index.php\/procon-de-cambe-orienta-pais-e-responsaveis-sobre-as-compras-de-materiais-escolares\/#article","isPartOf":{"@id":"https:\/\/www.cambe.pr.gov.br\/index.php\/procon-de-cambe-orienta-pais-e-responsaveis-sobre-as-compras-de-materiais-escolares\/"},"author":{"name":"Thiago Mossini Balbino dos Santos","@id":"https:\/\/www.cambe.pr.gov.br\/#\/schema\/person\/e08f7c43a641b2ec036e4e867ec483e4"},"headline":"Procon de Camb\u00e9 orienta pais e respons\u00e1veis sobre as compras de materiais escolares","datePublished":"2023-01-27T19:00:19+00:00","dateModified":"2024-10-07T16:01:07+00:00","mainEntityOfPage":{"@id":"https:\/\/www.cambe.pr.gov.br\/index.php\/procon-de-cambe-orienta-pais-e-responsaveis-sobre-as-compras-de-materiais-escolares\/"},"wordCount":536,"publisher":{"@id":"https:\/\/www.cambe.pr.gov.br\/#organization"},"image":{"@id":"https:\/\/www.cambe.pr.gov.br\/index.php\/procon-de-cambe-orienta-pais-e-responsaveis-sobre-as-compras-de-materiais-escolares\/#primaryimage"},"thumbnailUrl":"http:\/\/www.cambe.pr.gov.br\/wp-content\/uploads\/2022\/01\/school-desk-with-open-notebook-scaled-e1643653733635-1024x683.jpg","articleSection":["Principal"],"inLanguage":"pt-BR"},{"@type":"WebPage","@id":"https:\/\/www.cambe.pr.gov.br\/index.php\/procon-de-cambe-orienta-pais-e-responsaveis-sobre-as-compras-de-materiais-escolares\/","url":"https:\/\/www.cambe.pr.gov.br\/index.php\/procon-de-cambe-orienta-pais-e-responsaveis-sobre-as-compras-de-materiais-escolares\/","name":"Procon de Camb\u00e9 orienta pais e respons\u00e1veis sobre as compras de materiais escolares - Prefeitura de Camb\u00e9","isPartOf":{"@id":"https:\/\/www.cambe.pr.gov.br\/#website"},"primaryImageOfPage":{"@id":"https:\/\/www.cambe.pr.gov.br\/index.php\/procon-de-cambe-orienta-pais-e-responsaveis-sobre-as-compras-de-materiais-escolares\/#primaryimage"},"image":{"@id":"https:\/\/www.cambe.pr.gov.br\/index.php\/procon-de-cambe-orienta-pais-e-responsaveis-sobre-as-compras-de-materiais-escolares\/#primaryimage"},"thumbnailUrl":"http:\/\/www.cambe.pr.gov.br\/wp-content\/uploads\/2022\/01\/school-desk-with-open-notebook-scaled-e1643653733635-1024x683.jpg","datePublished":"2023-01-27T19:00:19+00:00","dateModified":"2024-10-07T16:01:07+00:00","breadcrumb":{"@id":"https:\/\/www.cambe.pr.gov.br\/index.php\/procon-de-cambe-orienta-pais-e-responsaveis-sobre-as-compras-de-materiais-escolares\/#breadcrumb"},"inLanguage":"pt-BR","potentialAction":[{"@type":"ReadAction","target":["https:\/\/www.cambe.pr.gov.br\/index.php\/procon-de-cambe-orienta-pais-e-responsaveis-sobre-as-compras-de-materiais-escolares\/"]}]},{"@type":"ImageObject","inLanguage":"pt-BR","@id":"https:\/\/www.cambe.pr.gov.br\/index.php\/procon-de-cambe-orienta-pais-e-responsaveis-sobre-as-compras-de-materiais-escolares\/#primaryimage","url":"http:\/\/www.cambe.pr.gov.br\/wp-content\/uploads\/2022\/01\/school-desk-with-open-notebook-scaled-e1643653733635-1024x683.jpg","contentUrl":"http:\/\/www.cambe.pr.gov.br\/wp-content\/uploads\/2022\/01\/school-desk-with-open-notebook-scaled-e1643653733635-1024x683.jpg"},{"@type":"BreadcrumbList","@id":"https:\/\/www.cambe.pr.gov.br\/index.php\/procon-de-cambe-orienta-pais-e-responsaveis-sobre-as-compras-de-materiais-escolares\/#breadcrumb","itemListElement":[{"@type":"ListItem","position":1,"name":"In\u00edcio","item":"https:\/\/www.cambe.pr.gov.br\/"},{"@type":"ListItem","position":2,"name":"Procon de Camb\u00e9 orienta pais e respons\u00e1veis sobre as compras de materiais escolares"}]},{"@type":"WebSite","@id":"https:\/\/www.cambe.pr.gov.br\/#website","url":"https:\/\/www.cambe.pr.gov.br\/","name":"Prefeitura de Camb\u00e9","description":"UM GOVERNO PARA TODOS","publisher":{"@id":"https:\/\/www.cambe.pr.gov.br\/#organization"},"potentialAction":[{"@type":"SearchAction","target":{"@type":"EntryPoint","urlTemplate":"https:\/\/www.cambe.pr.gov.br\/?s={search_term_string}"},"query-input":{"@type":"PropertyValueSpecification","valueRequired":true,"valueName":"search_term_string"}}],"inLanguage":"pt-BR"},{"@type":"Organization","@id":"https:\/\/www.cambe.pr.gov.br\/#organization","name":"Prefeitura de Camb\u00e9","url":"https:\/\/www.cambe.pr.gov.br\/","logo":{"@type":"ImageObject","inLanguage":"pt-BR","@id":"https:\/\/www.cambe.pr.gov.br\/#\/schema\/logo\/image\/","url":"https:\/\/www.cambe.pr.gov.br\/wp-content\/uploads\/2021\/01\/cropped-cropped-cambe_brazao-icone.png","contentUrl":"https:\/\/www.cambe.pr.gov.br\/wp-content\/uploads\/2021\/01\/cropped-cropped-cambe_brazao-icone.png","width":240,"height":240,"caption":"Prefeitura de Camb\u00e9"},"image":{"@id":"https:\/\/www.cambe.pr.gov.br\/#\/schema\/logo\/image\/"},"sameAs":["https:\/\/m.facebook.com\/prefeituradecambe"]},{"@type":"Person","@id":"https:\/\/www.cambe.pr.gov.br\/#\/schema\/person\/e08f7c43a641b2ec036e4e867ec483e4","name":"Thiago Mossini Balbino dos Santos","image":{"@type":"ImageObject","inLanguage":"pt-BR","@id":"https:\/\/secure.gravatar.com\/avatar\/d957ed4e1bc3ebf5769d1003f9709cd2012ebf424eb4a5d76a933fee30e874b6?s=96&d=mm&r=g","url":"https:\/\/secure.gravatar.com\/avatar\/d957ed4e1bc3ebf5769d1003f9709cd2012ebf424eb4a5d76a933fee30e874b6?s=96&d=mm&r=g","contentUrl":"https:\/\/secure.gravatar.com\/avatar\/d957ed4e1bc3ebf5769d1003f9709cd2012ebf424eb4a5d76a933fee30e874b6?s=96&d=mm&r=g","caption":"Thiago Mossini Balbino dos Santos"},"url":"https:\/\/www.cambe.pr.gov.br\/index.php\/author\/tmbsantos\/"}]}},"_links":{"self":[{"href":"https:\/\/www.cambe.pr.gov.br\/index.php\/wp-json\/wp\/v2\/posts\/9013","targetHints":{"allow":["GET"]}}],"collection":[{"href":"https:\/\/www.cambe.pr.gov.br\/index.php\/wp-json\/wp\/v2\/posts"}],"about":[{"href":"https:\/\/www.cambe.pr.gov.br\/index.php\/wp-json\/wp\/v2\/types\/post"}],"author":[{"embeddable":true,"href":"https:\/\/www.cambe.pr.gov.br\/index.php\/wp-json\/wp\/v2\/users\/2"}],"replies":[{"embeddable":true,"href":"https:\/\/www.cambe.pr.gov.br\/index.php\/wp-json\/wp\/v2\/comments?post=9013"}],"version-history":[{"count":6,"href":"https:\/\/www.cambe.pr.gov.br\/index.php\/wp-json\/wp\/v2\/posts\/9013\/revisions"}],"predecessor-version":[{"id":9045,"href":"https:\/\/www.cambe.pr.gov.br\/index.php\/wp-json\/wp\/v2\/posts\/9013\/revisions\/9045"}],"wp:attachment":[{"href":"https:\/\/www.cambe.pr.gov.br\/index.php\/wp-json\/wp\/v2\/media?parent=9013"}],"wp:term":[{"taxonomy":"category","embeddable":true,"href":"https:\/\/www.cambe.pr.gov.br\/index.php\/wp-json\/wp\/v2\/categories?post=9013"},{"taxonomy":"post_tag","embeddable":true,"href":"https:\/\/www.cambe.pr.gov.br\/index.php\/wp-json\/wp\/v2\/tags?post=9013"}],"curies":[{"name":"wp","href":"https:\/\/api.w.org\/{rel}","templated":true}]}}