{"id":8992,"date":"2023-01-20T16:35:54","date_gmt":"2023-01-20T19:35:54","guid":{"rendered":"http:\/\/www.cambe.pr.gov.br\/?p=8992"},"modified":"2024-10-07T13:01:07","modified_gmt":"2024-10-07T16:01:07","slug":"ubs-do-novo-bandeirante-suspende-atendimentos-entre-os-dias-23-e-27-de-janeiro","status":"publish","type":"post","link":"https:\/\/www.cambe.pr.gov.br\/index.php\/ubs-do-novo-bandeirante-suspende-atendimentos-entre-os-dias-23-e-27-de-janeiro\/","title":{"rendered":"UBS do Novo Bandeirante suspende atendimentos entre os dias 23 e 27 de janeiro"},"content":{"rendered":"<p style=\"text-align: justify;\"><span style=\"font-weight: 400; font-family: arial, helvetica, sans-serif;\"><img fetchpriority=\"high\" decoding=\"async\" class=\"alignleft wp-image-7364\" src=\"https:\/\/www.cambe.pr.gov.br\/wp-content\/uploads\/2022\/08\/UBS-Bandeirantes-1024x768.jpg\" alt=\"\" width=\"600\" height=\"450\" srcset=\"https:\/\/www.cambe.pr.gov.br\/wp-content\/uploads\/2022\/08\/UBS-Bandeirantes-1024x768.jpg 1024w, https:\/\/www.cambe.pr.gov.br\/wp-content\/uploads\/2022\/08\/UBS-Bandeirantes-300x225.jpg 300w, https:\/\/www.cambe.pr.gov.br\/wp-content\/uploads\/2022\/08\/UBS-Bandeirantes-768x576.jpg 768w, https:\/\/www.cambe.pr.gov.br\/wp-content\/uploads\/2022\/08\/UBS-Bandeirantes-1536x1152.jpg 1536w, https:\/\/www.cambe.pr.gov.br\/wp-content\/uploads\/2022\/08\/UBS-Bandeirantes-400x300.jpg 400w, https:\/\/www.cambe.pr.gov.br\/wp-content\/uploads\/2022\/08\/UBS-Bandeirantes.jpg 2000w\" sizes=\"(max-width: 600px) 100vw, 600px\" \/>A Unidade B\u00e1sica de Sa\u00fade do Jardim Novo Bandeirantes vai suspender os atendimentos de 23 a 27 de janeiro por conta das obras de reforma e amplia\u00e7\u00e3o da unidade. A popula\u00e7\u00e3o que precisar de algum atendimento nesse per\u00edodo pode procurar uma a UBS do Santo Amaro, do Silvino e a Dr. Algacyr Ferreira. Em caso de emerg\u00eancia, as pessoas devem ir at\u00e9 a Unidade de Pronto Atendimento (UPA) ou ao Pronto Atendimento 24 Horas. J\u00e1 a partir do dia 30, os atendimentos ser\u00e3o realizados na sede da Cl\u00ednica do Novo Bandeirantes.&nbsp;<\/span><\/p>\n<p style=\"text-align: justify;\"><span style=\"font-family: arial, helvetica, sans-serif;\">N\u00fabia Mara Mattos, diretora do Departamento de Aten\u00e7\u00e3o B\u00e1sica da Secretaria de Sa\u00fade de Camb\u00e9, explica que durante os dias 23 e 27 de janeiro, a equipe da UBS vai organizar a mudan\u00e7a dos equipamentos para a sede provis\u00f3ria do posto. Segundo ela, durante a pr\u00f3xima semana, quem precisar de algum atendimento de emerg\u00eancia dever\u00e1 procurar: a UPA do Jardim Tupi (Rua Caraj\u00e1s, n\u00b0 479) ou o Pronto Atendimento 24 Horas Maria Anideje (Rua Londrina, esquina com Rua Antonina, no Jardim Ana Eliza). As UBS do Santo Amaro (Rua Rio S\u00e3o Francisco, n\u00b0 550), Silvino (Rua Nilo Pe\u00e7anha, n\u00b0 318) e a Dr. Algacyr Ferreira (em anexo ao Pronto Atendimento 24 Horas Maria Anideje) tamb\u00e9m v\u00e3o atender a popula\u00e7\u00e3o que vive na regi\u00e3o.<\/span><\/p>\n<p style=\"text-align: justify;\"><span style=\"font-weight: 400; font-family: arial, helvetica, sans-serif;\">Por conta da reforma e amplia\u00e7\u00e3o da UBS do Jardim Novo Bandeirantes, a partir do dia 30 de janeiro, os atendimentos ser\u00e3o retomados na sede da Cl\u00ednica do Novo Bandeirantes, que fica na Rua Bento Mussurunga, n\u00b0 555. \u201cComo a obra vai envolver toda a estrutura do posto, n\u00f3s optamos por transferir os atendimentos para um outro espa\u00e7o\u201d, explica Mattos. Segundo ela, a equipe j\u00e1 est\u00e1 entrando em contato com a popula\u00e7\u00e3o que tem alguma consulta ou atendimento agendado na UBS. A popula\u00e7\u00e3o que quiser tirar alguma d\u00favida pode entrar em contato com o telefone 3174-0477.<\/span><\/p>\n<p style=\"text-align: justify;\"><span style=\"font-weight: 400; font-family: arial, helvetica, sans-serif;\">\u201cEsse \u00e9 um momento muito importante para a Sa\u00fade de Camb\u00e9, ent\u00e3o n\u00f3s pedimos a compreens\u00e3o de toda a popula\u00e7\u00e3o, j\u00e1 que vamos precisar refazer a agenda de atendimentos\u201d, explica. A diretora tamb\u00e9m destaca que nenhum servi\u00e7o ser\u00e1 prejudicado nesse per\u00edodo e que a mesma equipe de m\u00e9dicos, enfermeiros e t\u00e9cnicos de enfermagem v\u00e3o atuar na Cl\u00ednica.&nbsp;<\/span><\/p>\n<p style=\"text-align: justify;\"><span style=\"font-weight: 400; font-family: arial, helvetica, sans-serif;\">Ap\u00f3s as obras de reforma e amplia\u00e7\u00e3o, a UBS do Novo Bandeirantes vai ter uma estrutura quase tr\u00eas vezes maior que a atual, j\u00e1 que hoje s\u00e3o 221 m\u00b2 de \u00e1rea constru\u00edda e, com a amplia\u00e7\u00e3o, o espa\u00e7o vai ter 614 m\u00b2. Na parte da reforma, todo o local ser\u00e1 pintado, al\u00e9m de receber novas torneiras, janelas, portas, pe\u00e7as sanit\u00e1rias, pisos e azulejos.&nbsp;<\/span><\/p>\n<p style=\"text-align: justify;\"><span style=\"font-weight: 400; font-family: arial, helvetica, sans-serif;\">Em rela\u00e7\u00e3o \u00e0 nova constru\u00e7\u00e3o, o ambiente receber\u00e1 novos sanit\u00e1rios, tr\u00eas consult\u00f3rios odontol\u00f3gicos, 11 salas de atendimento e uma nova recep\u00e7\u00e3o, j\u00e1 que a atual n\u00e3o suporta a demanda de pacientes.&nbsp;<\/span><\/p>\n<p style=\"text-align: justify;\"><span style=\"font-weight: 400; font-family: arial, helvetica, sans-serif;\">Tanto na parte de reforma quanto de amplia\u00e7\u00e3o, v\u00e3o ser investidos, no total, R$1.561.369,00, sendo que, do montante, R$1.111.378,21 s\u00e3o recursos pr\u00f3prios do munic\u00edpio e o restante vem de repasses estaduais e federais. A UBS do Novo Bandeirantes abrange 13 bairros, atendendo mais de 10 mil habitantes. A expectativa \u00e9 que os servi\u00e7os voltem para a sede da UBS do Jardim Novo Bandeirantes at\u00e9 o final de 2023.<\/span><\/p>\n","protected":false},"excerpt":{"rendered":"<p>A Unidade B\u00e1sica de Sa\u00fade do Jardim Novo Bandeirantes vai suspender os atendimentos de 23 a 27 de janeiro por conta das obras de reforma e amplia\u00e7\u00e3o da unidade. A popula\u00e7\u00e3o que precisar de algum atendimento nesse per\u00edodo pode procurar uma a UBS do Santo Amaro, do Silvino e a Dr. Algacyr Ferreira. Em caso [&hellip;]<\/p>\n","protected":false},"author":2,"featured_media":0,"comment_status":"closed","ping_status":"open","sticky":false,"template":"","format":"standard","meta":{"ngg_post_thumbnail":0,"footnotes":""},"categories":[1],"tags":[],"class_list":["post-8992","post","type-post","status-publish","format-standard","hentry","category-principal"],"yoast_head":"<!-- This site is optimized with the Yoast SEO plugin v27.4 - https:\/\/yoast.com\/product\/yoast-seo-wordpress\/ -->\n<title>UBS do Novo Bandeirante suspende atendimentos entre os dias 23 e 27 de janeiro - Prefeitura de Camb\u00e9<\/title>\n<meta name=\"robots\" content=\"index, follow, max-snippet:-1, max-image-preview:large, max-video-preview:-1\" \/>\n<link rel=\"canonical\" href=\"https:\/\/www.cambe.pr.gov.br\/index.php\/ubs-do-novo-bandeirante-suspende-atendimentos-entre-os-dias-23-e-27-de-janeiro\/\" \/>\n<meta property=\"og:locale\" content=\"pt_BR\" \/>\n<meta property=\"og:type\" content=\"article\" \/>\n<meta property=\"og:title\" content=\"UBS do Novo Bandeirante suspende atendimentos entre os dias 23 e 27 de janeiro - Prefeitura de Camb\u00e9\" \/>\n<meta property=\"og:description\" content=\"A Unidade B\u00e1sica de Sa\u00fade do Jardim Novo Bandeirantes vai suspender os atendimentos de 23 a 27 de janeiro por conta das obras de reforma e amplia\u00e7\u00e3o da unidade. A popula\u00e7\u00e3o que precisar de algum atendimento nesse per\u00edodo pode procurar uma a UBS do Santo Amaro, do Silvino e a Dr. Algacyr Ferreira. Em caso [&hellip;]\" \/>\n<meta property=\"og:url\" content=\"https:\/\/www.cambe.pr.gov.br\/index.php\/ubs-do-novo-bandeirante-suspende-atendimentos-entre-os-dias-23-e-27-de-janeiro\/\" \/>\n<meta property=\"og:site_name\" content=\"Prefeitura de Camb\u00e9\" \/>\n<meta property=\"article:publisher\" content=\"https:\/\/m.facebook.com\/prefeituradecambe\" \/>\n<meta property=\"article:published_time\" content=\"2023-01-20T19:35:54+00:00\" \/>\n<meta property=\"article:modified_time\" content=\"2024-10-07T16:01:07+00:00\" \/>\n<meta property=\"og:image\" content=\"http:\/\/www.cambe.pr.gov.br\/wp-content\/uploads\/2022\/08\/UBS-Bandeirantes-1024x768.jpg\" \/>\n<meta name=\"author\" content=\"Thiago Mossini Balbino dos Santos\" \/>\n<meta name=\"twitter:card\" content=\"summary_large_image\" \/>\n<meta name=\"twitter:label1\" content=\"Escrito por\" \/>\n\t<meta name=\"twitter:data1\" content=\"Thiago Mossini Balbino dos Santos\" \/>\n\t<meta name=\"twitter:label2\" content=\"Est. tempo de leitura\" \/>\n\t<meta name=\"twitter:data2\" content=\"3 minutos\" \/>\n<script type=\"application\/ld+json\" class=\"yoast-schema-graph\">{\"@context\":\"https:\\\/\\\/schema.org\",\"@graph\":[{\"@type\":\"Article\",\"@id\":\"https:\\\/\\\/www.cambe.pr.gov.br\\\/index.php\\\/ubs-do-novo-bandeirante-suspende-atendimentos-entre-os-dias-23-e-27-de-janeiro\\\/#article\",\"isPartOf\":{\"@id\":\"https:\\\/\\\/www.cambe.pr.gov.br\\\/index.php\\\/ubs-do-novo-bandeirante-suspende-atendimentos-entre-os-dias-23-e-27-de-janeiro\\\/\"},\"author\":{\"name\":\"Thiago Mossini Balbino dos Santos\",\"@id\":\"https:\\\/\\\/www.cambe.pr.gov.br\\\/#\\\/schema\\\/person\\\/e08f7c43a641b2ec036e4e867ec483e4\"},\"headline\":\"UBS do Novo Bandeirante suspende atendimentos entre os dias 23 e 27 de janeiro\",\"datePublished\":\"2023-01-20T19:35:54+00:00\",\"dateModified\":\"2024-10-07T16:01:07+00:00\",\"mainEntityOfPage\":{\"@id\":\"https:\\\/\\\/www.cambe.pr.gov.br\\\/index.php\\\/ubs-do-novo-bandeirante-suspende-atendimentos-entre-os-dias-23-e-27-de-janeiro\\\/\"},\"wordCount\":590,\"publisher\":{\"@id\":\"https:\\\/\\\/www.cambe.pr.gov.br\\\/#organization\"},\"image\":{\"@id\":\"https:\\\/\\\/www.cambe.pr.gov.br\\\/index.php\\\/ubs-do-novo-bandeirante-suspende-atendimentos-entre-os-dias-23-e-27-de-janeiro\\\/#primaryimage\"},\"thumbnailUrl\":\"http:\\\/\\\/www.cambe.pr.gov.br\\\/wp-content\\\/uploads\\\/2022\\\/08\\\/UBS-Bandeirantes-1024x768.jpg\",\"articleSection\":[\"Principal\"],\"inLanguage\":\"pt-BR\"},{\"@type\":\"WebPage\",\"@id\":\"https:\\\/\\\/www.cambe.pr.gov.br\\\/index.php\\\/ubs-do-novo-bandeirante-suspende-atendimentos-entre-os-dias-23-e-27-de-janeiro\\\/\",\"url\":\"https:\\\/\\\/www.cambe.pr.gov.br\\\/index.php\\\/ubs-do-novo-bandeirante-suspende-atendimentos-entre-os-dias-23-e-27-de-janeiro\\\/\",\"name\":\"UBS do Novo Bandeirante suspende atendimentos entre os dias 23 e 27 de janeiro - Prefeitura de Camb\u00e9\",\"isPartOf\":{\"@id\":\"https:\\\/\\\/www.cambe.pr.gov.br\\\/#website\"},\"primaryImageOfPage\":{\"@id\":\"https:\\\/\\\/www.cambe.pr.gov.br\\\/index.php\\\/ubs-do-novo-bandeirante-suspende-atendimentos-entre-os-dias-23-e-27-de-janeiro\\\/#primaryimage\"},\"image\":{\"@id\":\"https:\\\/\\\/www.cambe.pr.gov.br\\\/index.php\\\/ubs-do-novo-bandeirante-suspende-atendimentos-entre-os-dias-23-e-27-de-janeiro\\\/#primaryimage\"},\"thumbnailUrl\":\"http:\\\/\\\/www.cambe.pr.gov.br\\\/wp-content\\\/uploads\\\/2022\\\/08\\\/UBS-Bandeirantes-1024x768.jpg\",\"datePublished\":\"2023-01-20T19:35:54+00:00\",\"dateModified\":\"2024-10-07T16:01:07+00:00\",\"breadcrumb\":{\"@id\":\"https:\\\/\\\/www.cambe.pr.gov.br\\\/index.php\\\/ubs-do-novo-bandeirante-suspende-atendimentos-entre-os-dias-23-e-27-de-janeiro\\\/#breadcrumb\"},\"inLanguage\":\"pt-BR\",\"potentialAction\":[{\"@type\":\"ReadAction\",\"target\":[\"https:\\\/\\\/www.cambe.pr.gov.br\\\/index.php\\\/ubs-do-novo-bandeirante-suspende-atendimentos-entre-os-dias-23-e-27-de-janeiro\\\/\"]}]},{\"@type\":\"ImageObject\",\"inLanguage\":\"pt-BR\",\"@id\":\"https:\\\/\\\/www.cambe.pr.gov.br\\\/index.php\\\/ubs-do-novo-bandeirante-suspende-atendimentos-entre-os-dias-23-e-27-de-janeiro\\\/#primaryimage\",\"url\":\"http:\\\/\\\/www.cambe.pr.gov.br\\\/wp-content\\\/uploads\\\/2022\\\/08\\\/UBS-Bandeirantes-1024x768.jpg\",\"contentUrl\":\"http:\\\/\\\/www.cambe.pr.gov.br\\\/wp-content\\\/uploads\\\/2022\\\/08\\\/UBS-Bandeirantes-1024x768.jpg\"},{\"@type\":\"BreadcrumbList\",\"@id\":\"https:\\\/\\\/www.cambe.pr.gov.br\\\/index.php\\\/ubs-do-novo-bandeirante-suspende-atendimentos-entre-os-dias-23-e-27-de-janeiro\\\/#breadcrumb\",\"itemListElement\":[{\"@type\":\"ListItem\",\"position\":1,\"name\":\"In\u00edcio\",\"item\":\"https:\\\/\\\/www.cambe.pr.gov.br\\\/\"},{\"@type\":\"ListItem\",\"position\":2,\"name\":\"UBS do Novo Bandeirante suspende atendimentos entre os dias 23 e 27 de janeiro\"}]},{\"@type\":\"WebSite\",\"@id\":\"https:\\\/\\\/www.cambe.pr.gov.br\\\/#website\",\"url\":\"https:\\\/\\\/www.cambe.pr.gov.br\\\/\",\"name\":\"Prefeitura de Camb\u00e9\",\"description\":\"UM GOVERNO PARA TODOS\",\"publisher\":{\"@id\":\"https:\\\/\\\/www.cambe.pr.gov.br\\\/#organization\"},\"potentialAction\":[{\"@type\":\"SearchAction\",\"target\":{\"@type\":\"EntryPoint\",\"urlTemplate\":\"https:\\\/\\\/www.cambe.pr.gov.br\\\/?s={search_term_string}\"},\"query-input\":{\"@type\":\"PropertyValueSpecification\",\"valueRequired\":true,\"valueName\":\"search_term_string\"}}],\"inLanguage\":\"pt-BR\"},{\"@type\":\"Organization\",\"@id\":\"https:\\\/\\\/www.cambe.pr.gov.br\\\/#organization\",\"name\":\"Prefeitura de Camb\u00e9\",\"url\":\"https:\\\/\\\/www.cambe.pr.gov.br\\\/\",\"logo\":{\"@type\":\"ImageObject\",\"inLanguage\":\"pt-BR\",\"@id\":\"https:\\\/\\\/www.cambe.pr.gov.br\\\/#\\\/schema\\\/logo\\\/image\\\/\",\"url\":\"https:\\\/\\\/www.cambe.pr.gov.br\\\/wp-content\\\/uploads\\\/2021\\\/01\\\/cropped-cropped-cambe_brazao-icone.png\",\"contentUrl\":\"https:\\\/\\\/www.cambe.pr.gov.br\\\/wp-content\\\/uploads\\\/2021\\\/01\\\/cropped-cropped-cambe_brazao-icone.png\",\"width\":240,\"height\":240,\"caption\":\"Prefeitura de Camb\u00e9\"},\"image\":{\"@id\":\"https:\\\/\\\/www.cambe.pr.gov.br\\\/#\\\/schema\\\/logo\\\/image\\\/\"},\"sameAs\":[\"https:\\\/\\\/m.facebook.com\\\/prefeituradecambe\"]},{\"@type\":\"Person\",\"@id\":\"https:\\\/\\\/www.cambe.pr.gov.br\\\/#\\\/schema\\\/person\\\/e08f7c43a641b2ec036e4e867ec483e4\",\"name\":\"Thiago Mossini Balbino dos Santos\",\"image\":{\"@type\":\"ImageObject\",\"inLanguage\":\"pt-BR\",\"@id\":\"https:\\\/\\\/secure.gravatar.com\\\/avatar\\\/d957ed4e1bc3ebf5769d1003f9709cd2012ebf424eb4a5d76a933fee30e874b6?s=96&d=mm&r=g\",\"url\":\"https:\\\/\\\/secure.gravatar.com\\\/avatar\\\/d957ed4e1bc3ebf5769d1003f9709cd2012ebf424eb4a5d76a933fee30e874b6?s=96&d=mm&r=g\",\"contentUrl\":\"https:\\\/\\\/secure.gravatar.com\\\/avatar\\\/d957ed4e1bc3ebf5769d1003f9709cd2012ebf424eb4a5d76a933fee30e874b6?s=96&d=mm&r=g\",\"caption\":\"Thiago Mossini Balbino dos Santos\"},\"url\":\"https:\\\/\\\/www.cambe.pr.gov.br\\\/index.php\\\/author\\\/tmbsantos\\\/\"}]}<\/script>\n<!-- \/ Yoast SEO plugin. -->","yoast_head_json":{"title":"UBS do Novo Bandeirante suspende atendimentos entre os dias 23 e 27 de janeiro - Prefeitura de Camb\u00e9","robots":{"index":"index","follow":"follow","max-snippet":"max-snippet:-1","max-image-preview":"max-image-preview:large","max-video-preview":"max-video-preview:-1"},"canonical":"https:\/\/www.cambe.pr.gov.br\/index.php\/ubs-do-novo-bandeirante-suspende-atendimentos-entre-os-dias-23-e-27-de-janeiro\/","og_locale":"pt_BR","og_type":"article","og_title":"UBS do Novo Bandeirante suspende atendimentos entre os dias 23 e 27 de janeiro - Prefeitura de Camb\u00e9","og_description":"A Unidade B\u00e1sica de Sa\u00fade do Jardim Novo Bandeirantes vai suspender os atendimentos de 23 a 27 de janeiro por conta das obras de reforma e amplia\u00e7\u00e3o da unidade. A popula\u00e7\u00e3o que precisar de algum atendimento nesse per\u00edodo pode procurar uma a UBS do Santo Amaro, do Silvino e a Dr. Algacyr Ferreira. Em caso [&hellip;]","og_url":"https:\/\/www.cambe.pr.gov.br\/index.php\/ubs-do-novo-bandeirante-suspende-atendimentos-entre-os-dias-23-e-27-de-janeiro\/","og_site_name":"Prefeitura de Camb\u00e9","article_publisher":"https:\/\/m.facebook.com\/prefeituradecambe","article_published_time":"2023-01-20T19:35:54+00:00","article_modified_time":"2024-10-07T16:01:07+00:00","og_image":[{"url":"http:\/\/www.cambe.pr.gov.br\/wp-content\/uploads\/2022\/08\/UBS-Bandeirantes-1024x768.jpg","type":"","width":"","height":""}],"author":"Thiago Mossini Balbino dos Santos","twitter_card":"summary_large_image","twitter_misc":{"Escrito por":"Thiago Mossini Balbino dos Santos","Est. tempo de leitura":"3 minutos"},"schema":{"@context":"https:\/\/schema.org","@graph":[{"@type":"Article","@id":"https:\/\/www.cambe.pr.gov.br\/index.php\/ubs-do-novo-bandeirante-suspende-atendimentos-entre-os-dias-23-e-27-de-janeiro\/#article","isPartOf":{"@id":"https:\/\/www.cambe.pr.gov.br\/index.php\/ubs-do-novo-bandeirante-suspende-atendimentos-entre-os-dias-23-e-27-de-janeiro\/"},"author":{"name":"Thiago Mossini Balbino dos Santos","@id":"https:\/\/www.cambe.pr.gov.br\/#\/schema\/person\/e08f7c43a641b2ec036e4e867ec483e4"},"headline":"UBS do Novo Bandeirante suspende atendimentos entre os dias 23 e 27 de janeiro","datePublished":"2023-01-20T19:35:54+00:00","dateModified":"2024-10-07T16:01:07+00:00","mainEntityOfPage":{"@id":"https:\/\/www.cambe.pr.gov.br\/index.php\/ubs-do-novo-bandeirante-suspende-atendimentos-entre-os-dias-23-e-27-de-janeiro\/"},"wordCount":590,"publisher":{"@id":"https:\/\/www.cambe.pr.gov.br\/#organization"},"image":{"@id":"https:\/\/www.cambe.pr.gov.br\/index.php\/ubs-do-novo-bandeirante-suspende-atendimentos-entre-os-dias-23-e-27-de-janeiro\/#primaryimage"},"thumbnailUrl":"http:\/\/www.cambe.pr.gov.br\/wp-content\/uploads\/2022\/08\/UBS-Bandeirantes-1024x768.jpg","articleSection":["Principal"],"inLanguage":"pt-BR"},{"@type":"WebPage","@id":"https:\/\/www.cambe.pr.gov.br\/index.php\/ubs-do-novo-bandeirante-suspende-atendimentos-entre-os-dias-23-e-27-de-janeiro\/","url":"https:\/\/www.cambe.pr.gov.br\/index.php\/ubs-do-novo-bandeirante-suspende-atendimentos-entre-os-dias-23-e-27-de-janeiro\/","name":"UBS do Novo Bandeirante suspende atendimentos entre os dias 23 e 27 de janeiro - Prefeitura de Camb\u00e9","isPartOf":{"@id":"https:\/\/www.cambe.pr.gov.br\/#website"},"primaryImageOfPage":{"@id":"https:\/\/www.cambe.pr.gov.br\/index.php\/ubs-do-novo-bandeirante-suspende-atendimentos-entre-os-dias-23-e-27-de-janeiro\/#primaryimage"},"image":{"@id":"https:\/\/www.cambe.pr.gov.br\/index.php\/ubs-do-novo-bandeirante-suspende-atendimentos-entre-os-dias-23-e-27-de-janeiro\/#primaryimage"},"thumbnailUrl":"http:\/\/www.cambe.pr.gov.br\/wp-content\/uploads\/2022\/08\/UBS-Bandeirantes-1024x768.jpg","datePublished":"2023-01-20T19:35:54+00:00","dateModified":"2024-10-07T16:01:07+00:00","breadcrumb":{"@id":"https:\/\/www.cambe.pr.gov.br\/index.php\/ubs-do-novo-bandeirante-suspende-atendimentos-entre-os-dias-23-e-27-de-janeiro\/#breadcrumb"},"inLanguage":"pt-BR","potentialAction":[{"@type":"ReadAction","target":["https:\/\/www.cambe.pr.gov.br\/index.php\/ubs-do-novo-bandeirante-suspende-atendimentos-entre-os-dias-23-e-27-de-janeiro\/"]}]},{"@type":"ImageObject","inLanguage":"pt-BR","@id":"https:\/\/www.cambe.pr.gov.br\/index.php\/ubs-do-novo-bandeirante-suspende-atendimentos-entre-os-dias-23-e-27-de-janeiro\/#primaryimage","url":"http:\/\/www.cambe.pr.gov.br\/wp-content\/uploads\/2022\/08\/UBS-Bandeirantes-1024x768.jpg","contentUrl":"http:\/\/www.cambe.pr.gov.br\/wp-content\/uploads\/2022\/08\/UBS-Bandeirantes-1024x768.jpg"},{"@type":"BreadcrumbList","@id":"https:\/\/www.cambe.pr.gov.br\/index.php\/ubs-do-novo-bandeirante-suspende-atendimentos-entre-os-dias-23-e-27-de-janeiro\/#breadcrumb","itemListElement":[{"@type":"ListItem","position":1,"name":"In\u00edcio","item":"https:\/\/www.cambe.pr.gov.br\/"},{"@type":"ListItem","position":2,"name":"UBS do Novo Bandeirante suspende atendimentos entre os dias 23 e 27 de janeiro"}]},{"@type":"WebSite","@id":"https:\/\/www.cambe.pr.gov.br\/#website","url":"https:\/\/www.cambe.pr.gov.br\/","name":"Prefeitura de Camb\u00e9","description":"UM GOVERNO PARA TODOS","publisher":{"@id":"https:\/\/www.cambe.pr.gov.br\/#organization"},"potentialAction":[{"@type":"SearchAction","target":{"@type":"EntryPoint","urlTemplate":"https:\/\/www.cambe.pr.gov.br\/?s={search_term_string}"},"query-input":{"@type":"PropertyValueSpecification","valueRequired":true,"valueName":"search_term_string"}}],"inLanguage":"pt-BR"},{"@type":"Organization","@id":"https:\/\/www.cambe.pr.gov.br\/#organization","name":"Prefeitura de Camb\u00e9","url":"https:\/\/www.cambe.pr.gov.br\/","logo":{"@type":"ImageObject","inLanguage":"pt-BR","@id":"https:\/\/www.cambe.pr.gov.br\/#\/schema\/logo\/image\/","url":"https:\/\/www.cambe.pr.gov.br\/wp-content\/uploads\/2021\/01\/cropped-cropped-cambe_brazao-icone.png","contentUrl":"https:\/\/www.cambe.pr.gov.br\/wp-content\/uploads\/2021\/01\/cropped-cropped-cambe_brazao-icone.png","width":240,"height":240,"caption":"Prefeitura de Camb\u00e9"},"image":{"@id":"https:\/\/www.cambe.pr.gov.br\/#\/schema\/logo\/image\/"},"sameAs":["https:\/\/m.facebook.com\/prefeituradecambe"]},{"@type":"Person","@id":"https:\/\/www.cambe.pr.gov.br\/#\/schema\/person\/e08f7c43a641b2ec036e4e867ec483e4","name":"Thiago Mossini Balbino dos Santos","image":{"@type":"ImageObject","inLanguage":"pt-BR","@id":"https:\/\/secure.gravatar.com\/avatar\/d957ed4e1bc3ebf5769d1003f9709cd2012ebf424eb4a5d76a933fee30e874b6?s=96&d=mm&r=g","url":"https:\/\/secure.gravatar.com\/avatar\/d957ed4e1bc3ebf5769d1003f9709cd2012ebf424eb4a5d76a933fee30e874b6?s=96&d=mm&r=g","contentUrl":"https:\/\/secure.gravatar.com\/avatar\/d957ed4e1bc3ebf5769d1003f9709cd2012ebf424eb4a5d76a933fee30e874b6?s=96&d=mm&r=g","caption":"Thiago Mossini Balbino dos Santos"},"url":"https:\/\/www.cambe.pr.gov.br\/index.php\/author\/tmbsantos\/"}]}},"_links":{"self":[{"href":"https:\/\/www.cambe.pr.gov.br\/index.php\/wp-json\/wp\/v2\/posts\/8992","targetHints":{"allow":["GET"]}}],"collection":[{"href":"https:\/\/www.cambe.pr.gov.br\/index.php\/wp-json\/wp\/v2\/posts"}],"about":[{"href":"https:\/\/www.cambe.pr.gov.br\/index.php\/wp-json\/wp\/v2\/types\/post"}],"author":[{"embeddable":true,"href":"https:\/\/www.cambe.pr.gov.br\/index.php\/wp-json\/wp\/v2\/users\/2"}],"replies":[{"embeddable":true,"href":"https:\/\/www.cambe.pr.gov.br\/index.php\/wp-json\/wp\/v2\/comments?post=8992"}],"version-history":[{"count":7,"href":"https:\/\/www.cambe.pr.gov.br\/index.php\/wp-json\/wp\/v2\/posts\/8992\/revisions"}],"predecessor-version":[{"id":9006,"href":"https:\/\/www.cambe.pr.gov.br\/index.php\/wp-json\/wp\/v2\/posts\/8992\/revisions\/9006"}],"wp:attachment":[{"href":"https:\/\/www.cambe.pr.gov.br\/index.php\/wp-json\/wp\/v2\/media?parent=8992"}],"wp:term":[{"taxonomy":"category","embeddable":true,"href":"https:\/\/www.cambe.pr.gov.br\/index.php\/wp-json\/wp\/v2\/categories?post=8992"},{"taxonomy":"post_tag","embeddable":true,"href":"https:\/\/www.cambe.pr.gov.br\/index.php\/wp-json\/wp\/v2\/tags?post=8992"}],"curies":[{"name":"wp","href":"https:\/\/api.w.org\/{rel}","templated":true}]}}