{"id":8956,"date":"2023-01-23T15:05:03","date_gmt":"2023-01-23T18:05:03","guid":{"rendered":"http:\/\/www.cambe.pr.gov.br\/?p=8956"},"modified":"2024-10-07T13:01:07","modified_gmt":"2024-10-07T16:01:07","slug":"forum-de-cambe-disponibiliza-servico-de-mediacao-de-conflitos","status":"publish","type":"post","link":"https:\/\/www.cambe.pr.gov.br\/index.php\/forum-de-cambe-disponibiliza-servico-de-mediacao-de-conflitos\/","title":{"rendered":"F\u00f3rum de Camb\u00e9 disponibiliza servi\u00e7o de media\u00e7\u00e3o de conflitos"},"content":{"rendered":"<p style=\"text-align: justify;\"><span style=\"font-weight: 400; font-family: arial, helvetica, sans-serif;\"><img fetchpriority=\"high\" decoding=\"async\" class=\"alignleft wp-image-8989\" src=\"https:\/\/www.cambe.pr.gov.br\/wp-content\/uploads\/2023\/01\/cejusc-1024x678.jpg\" alt=\"\" width=\"600\" height=\"397\" srcset=\"https:\/\/www.cambe.pr.gov.br\/wp-content\/uploads\/2023\/01\/cejusc-1024x678.jpg 1024w, https:\/\/www.cambe.pr.gov.br\/wp-content\/uploads\/2023\/01\/cejusc-300x199.jpg 300w, https:\/\/www.cambe.pr.gov.br\/wp-content\/uploads\/2023\/01\/cejusc-768x509.jpg 768w, https:\/\/www.cambe.pr.gov.br\/wp-content\/uploads\/2023\/01\/cejusc-1536x1017.jpg 1536w, https:\/\/www.cambe.pr.gov.br\/wp-content\/uploads\/2023\/01\/cejusc.jpg 2048w\" sizes=\"(max-width: 600px) 100vw, 600px\" \/>O Tribunal de Justi\u00e7a de Camb\u00e9 conta agora com o Cejusc (Centro Judici\u00e1rio de Solu\u00e7\u00e3o Consensual de Conflitos) para a media\u00e7\u00e3o pr\u00e9-processual de problemas e diverg\u00eancias entre duas ou mais pessoas. O objetivo \u00e9 que os conflitos, como disputas entre vizinhos, som alto ou div\u00f3rcio, sejam resolvidos sem a necessidade de um processo judicial. Os interessados devem procurar o Tribunal de Justi\u00e7a de Camb\u00e9 na Avenida Roberto Concei\u00e7\u00e3o, n\u00b0 532, das 12h \u00e0s 18h, ou pelo telefone e WhatsApp 3302-4446.&nbsp;<\/span><\/p>\n<p style=\"text-align: justify;\"><span style=\"font-weight: 400; font-family: arial, helvetica, sans-serif;\">Elberti Mattos Bernardineli, juiz de Direito substituto do Tribunal de Justi\u00e7a de Camb\u00e9, explica que o servi\u00e7o j\u00e1 existe desde 2015 na modalidade de concilia\u00e7\u00e3o processual durante as audi\u00eancias. O formato pr\u00e9-processual \u00e9 uma novidade na cidade. \u201cSe existe um conflito entre duas ou mais partes, eles podem procurar o Cejusc para resolver essa diverg\u00eancia e firmar um acordo sem a necessidade de procurar um advogado e entrar com um processo judicial&#8221;, ressalta.<\/span><\/p>\n<p style=\"text-align: justify;\"><span style=\"font-weight: 400; font-family: arial, helvetica, sans-serif;\">Bernardineli esclarece que, ap\u00f3s buscar o servi\u00e7o, \u00e9 feito o agendamento de uma audi\u00eancia com todos os envolvidos e a presen\u00e7a de um mediador. \u201cNa audi\u00eancia, eles podem entrar em um acordo, que vai ser registrado e homologado judicialmente, j\u00e1 que, em caso de descumprimento, a outra parte pode executar o acordo\u201d, explica. Nos casos em que as pessoas envolvidas n\u00e3o t\u00eam contato, o Cejusc tamb\u00e9m faz a intermedia\u00e7\u00e3o antes da audi\u00eancia de concilia\u00e7\u00e3o.<\/span><\/p>\n<p style=\"text-align: justify;\"><span style=\"font-weight: 400; font-family: arial, helvetica, sans-serif;\">Segundo o juiz, o Cejusc pr\u00e9-processual pode ser utilizado em casos que envolvem disputas entre vizinhos, som alto, pens\u00e3o aliment\u00edcia, guarda de crian\u00e7as e adolescentes, div\u00f3rcio, dissolu\u00e7\u00e3o de uni\u00e3o est\u00e1vel, dentre outros. \u201cA vantagem dessa concilia\u00e7\u00e3o amig\u00e1vel \u00e9 a rapidez, j\u00e1 que n\u00e3o h\u00e1 processo judicial, e o acordo \u00e9 feito de forma que fique bom para as duas partes. Quando h\u00e1 processo, na maioria das vezes, a situa\u00e7\u00e3o \u00e9 resolvida de maneira impositiva\u201d, explica.<\/span><\/p>\n<p style=\"text-align: justify;\"><span style=\"font-weight: 400; font-family: arial, helvetica, sans-serif;\">Para solicitar a atua\u00e7\u00e3o do Cejusc, as partes devem procurar o Tribunal de Justi\u00e7a de Camb\u00e9 com os documentos pessoais, comprovante de resid\u00eancia e de renda. \u00c9 necess\u00e1rio pagar uma taxa de R$ 227 &#8211; pessoas em situa\u00e7\u00e3o de vulnerabilidade podem solicitar a isen\u00e7\u00e3o do valor. \u201cComo estamos iniciando agora esse formato, a audi\u00eancia pode ser agendada em poucos dias e as partes j\u00e1 podem sair com o acordo formalizado\u201d, finaliza.&nbsp;<\/span><\/p>\n","protected":false},"excerpt":{"rendered":"<p>O Tribunal de Justi\u00e7a de Camb\u00e9 conta agora com o Cejusc (Centro Judici\u00e1rio de Solu\u00e7\u00e3o Consensual de Conflitos) para a media\u00e7\u00e3o pr\u00e9-processual de problemas e diverg\u00eancias entre duas ou mais pessoas. O objetivo \u00e9 que os conflitos, como disputas entre vizinhos, som alto ou div\u00f3rcio, sejam resolvidos sem a necessidade de um processo judicial. Os [&hellip;]<\/p>\n","protected":false},"author":2,"featured_media":0,"comment_status":"closed","ping_status":"open","sticky":false,"template":"","format":"standard","meta":{"ngg_post_thumbnail":0,"footnotes":""},"categories":[1],"tags":[],"class_list":["post-8956","post","type-post","status-publish","format-standard","hentry","category-principal"],"yoast_head":"<!-- This site is optimized with the Yoast SEO plugin v27.4 - https:\/\/yoast.com\/product\/yoast-seo-wordpress\/ -->\n<title>F\u00f3rum de Camb\u00e9 disponibiliza servi\u00e7o de media\u00e7\u00e3o de conflitos - Prefeitura de Camb\u00e9<\/title>\n<meta name=\"robots\" content=\"index, follow, max-snippet:-1, max-image-preview:large, max-video-preview:-1\" \/>\n<link rel=\"canonical\" href=\"https:\/\/www.cambe.pr.gov.br\/index.php\/forum-de-cambe-disponibiliza-servico-de-mediacao-de-conflitos\/\" \/>\n<meta property=\"og:locale\" content=\"pt_BR\" \/>\n<meta property=\"og:type\" content=\"article\" \/>\n<meta property=\"og:title\" content=\"F\u00f3rum de Camb\u00e9 disponibiliza servi\u00e7o de media\u00e7\u00e3o de conflitos - Prefeitura de Camb\u00e9\" \/>\n<meta property=\"og:description\" content=\"O Tribunal de Justi\u00e7a de Camb\u00e9 conta agora com o Cejusc (Centro Judici\u00e1rio de Solu\u00e7\u00e3o Consensual de Conflitos) para a media\u00e7\u00e3o pr\u00e9-processual de problemas e diverg\u00eancias entre duas ou mais pessoas. O objetivo \u00e9 que os conflitos, como disputas entre vizinhos, som alto ou div\u00f3rcio, sejam resolvidos sem a necessidade de um processo judicial. Os [&hellip;]\" \/>\n<meta property=\"og:url\" content=\"https:\/\/www.cambe.pr.gov.br\/index.php\/forum-de-cambe-disponibiliza-servico-de-mediacao-de-conflitos\/\" \/>\n<meta property=\"og:site_name\" content=\"Prefeitura de Camb\u00e9\" \/>\n<meta property=\"article:publisher\" content=\"https:\/\/m.facebook.com\/prefeituradecambe\" \/>\n<meta property=\"article:published_time\" content=\"2023-01-23T18:05:03+00:00\" \/>\n<meta property=\"article:modified_time\" content=\"2024-10-07T16:01:07+00:00\" \/>\n<meta property=\"og:image\" content=\"http:\/\/www.cambe.pr.gov.br\/wp-content\/uploads\/2023\/01\/cejusc-1024x678.jpg\" \/>\n<meta name=\"author\" content=\"Thiago Mossini Balbino dos Santos\" \/>\n<meta name=\"twitter:card\" content=\"summary_large_image\" \/>\n<meta name=\"twitter:label1\" content=\"Escrito por\" \/>\n\t<meta name=\"twitter:data1\" content=\"Thiago Mossini Balbino dos Santos\" \/>\n\t<meta name=\"twitter:label2\" content=\"Est. tempo de leitura\" \/>\n\t<meta name=\"twitter:data2\" content=\"2 minutos\" \/>\n<script type=\"application\/ld+json\" class=\"yoast-schema-graph\">{\"@context\":\"https:\\\/\\\/schema.org\",\"@graph\":[{\"@type\":\"Article\",\"@id\":\"https:\\\/\\\/www.cambe.pr.gov.br\\\/index.php\\\/forum-de-cambe-disponibiliza-servico-de-mediacao-de-conflitos\\\/#article\",\"isPartOf\":{\"@id\":\"https:\\\/\\\/www.cambe.pr.gov.br\\\/index.php\\\/forum-de-cambe-disponibiliza-servico-de-mediacao-de-conflitos\\\/\"},\"author\":{\"name\":\"Thiago Mossini Balbino dos Santos\",\"@id\":\"https:\\\/\\\/www.cambe.pr.gov.br\\\/#\\\/schema\\\/person\\\/e08f7c43a641b2ec036e4e867ec483e4\"},\"headline\":\"F\u00f3rum de Camb\u00e9 disponibiliza servi\u00e7o de media\u00e7\u00e3o de conflitos\",\"datePublished\":\"2023-01-23T18:05:03+00:00\",\"dateModified\":\"2024-10-07T16:01:07+00:00\",\"mainEntityOfPage\":{\"@id\":\"https:\\\/\\\/www.cambe.pr.gov.br\\\/index.php\\\/forum-de-cambe-disponibiliza-servico-de-mediacao-de-conflitos\\\/\"},\"wordCount\":422,\"publisher\":{\"@id\":\"https:\\\/\\\/www.cambe.pr.gov.br\\\/#organization\"},\"image\":{\"@id\":\"https:\\\/\\\/www.cambe.pr.gov.br\\\/index.php\\\/forum-de-cambe-disponibiliza-servico-de-mediacao-de-conflitos\\\/#primaryimage\"},\"thumbnailUrl\":\"http:\\\/\\\/www.cambe.pr.gov.br\\\/wp-content\\\/uploads\\\/2023\\\/01\\\/cejusc-1024x678.jpg\",\"articleSection\":[\"Principal\"],\"inLanguage\":\"pt-BR\"},{\"@type\":\"WebPage\",\"@id\":\"https:\\\/\\\/www.cambe.pr.gov.br\\\/index.php\\\/forum-de-cambe-disponibiliza-servico-de-mediacao-de-conflitos\\\/\",\"url\":\"https:\\\/\\\/www.cambe.pr.gov.br\\\/index.php\\\/forum-de-cambe-disponibiliza-servico-de-mediacao-de-conflitos\\\/\",\"name\":\"F\u00f3rum de Camb\u00e9 disponibiliza servi\u00e7o de media\u00e7\u00e3o de conflitos - Prefeitura de Camb\u00e9\",\"isPartOf\":{\"@id\":\"https:\\\/\\\/www.cambe.pr.gov.br\\\/#website\"},\"primaryImageOfPage\":{\"@id\":\"https:\\\/\\\/www.cambe.pr.gov.br\\\/index.php\\\/forum-de-cambe-disponibiliza-servico-de-mediacao-de-conflitos\\\/#primaryimage\"},\"image\":{\"@id\":\"https:\\\/\\\/www.cambe.pr.gov.br\\\/index.php\\\/forum-de-cambe-disponibiliza-servico-de-mediacao-de-conflitos\\\/#primaryimage\"},\"thumbnailUrl\":\"http:\\\/\\\/www.cambe.pr.gov.br\\\/wp-content\\\/uploads\\\/2023\\\/01\\\/cejusc-1024x678.jpg\",\"datePublished\":\"2023-01-23T18:05:03+00:00\",\"dateModified\":\"2024-10-07T16:01:07+00:00\",\"breadcrumb\":{\"@id\":\"https:\\\/\\\/www.cambe.pr.gov.br\\\/index.php\\\/forum-de-cambe-disponibiliza-servico-de-mediacao-de-conflitos\\\/#breadcrumb\"},\"inLanguage\":\"pt-BR\",\"potentialAction\":[{\"@type\":\"ReadAction\",\"target\":[\"https:\\\/\\\/www.cambe.pr.gov.br\\\/index.php\\\/forum-de-cambe-disponibiliza-servico-de-mediacao-de-conflitos\\\/\"]}]},{\"@type\":\"ImageObject\",\"inLanguage\":\"pt-BR\",\"@id\":\"https:\\\/\\\/www.cambe.pr.gov.br\\\/index.php\\\/forum-de-cambe-disponibiliza-servico-de-mediacao-de-conflitos\\\/#primaryimage\",\"url\":\"http:\\\/\\\/www.cambe.pr.gov.br\\\/wp-content\\\/uploads\\\/2023\\\/01\\\/cejusc-1024x678.jpg\",\"contentUrl\":\"http:\\\/\\\/www.cambe.pr.gov.br\\\/wp-content\\\/uploads\\\/2023\\\/01\\\/cejusc-1024x678.jpg\"},{\"@type\":\"BreadcrumbList\",\"@id\":\"https:\\\/\\\/www.cambe.pr.gov.br\\\/index.php\\\/forum-de-cambe-disponibiliza-servico-de-mediacao-de-conflitos\\\/#breadcrumb\",\"itemListElement\":[{\"@type\":\"ListItem\",\"position\":1,\"name\":\"In\u00edcio\",\"item\":\"https:\\\/\\\/www.cambe.pr.gov.br\\\/\"},{\"@type\":\"ListItem\",\"position\":2,\"name\":\"F\u00f3rum de Camb\u00e9 disponibiliza servi\u00e7o de media\u00e7\u00e3o de conflitos\"}]},{\"@type\":\"WebSite\",\"@id\":\"https:\\\/\\\/www.cambe.pr.gov.br\\\/#website\",\"url\":\"https:\\\/\\\/www.cambe.pr.gov.br\\\/\",\"name\":\"Prefeitura de Camb\u00e9\",\"description\":\"UM GOVERNO PARA TODOS\",\"publisher\":{\"@id\":\"https:\\\/\\\/www.cambe.pr.gov.br\\\/#organization\"},\"potentialAction\":[{\"@type\":\"SearchAction\",\"target\":{\"@type\":\"EntryPoint\",\"urlTemplate\":\"https:\\\/\\\/www.cambe.pr.gov.br\\\/?s={search_term_string}\"},\"query-input\":{\"@type\":\"PropertyValueSpecification\",\"valueRequired\":true,\"valueName\":\"search_term_string\"}}],\"inLanguage\":\"pt-BR\"},{\"@type\":\"Organization\",\"@id\":\"https:\\\/\\\/www.cambe.pr.gov.br\\\/#organization\",\"name\":\"Prefeitura de Camb\u00e9\",\"url\":\"https:\\\/\\\/www.cambe.pr.gov.br\\\/\",\"logo\":{\"@type\":\"ImageObject\",\"inLanguage\":\"pt-BR\",\"@id\":\"https:\\\/\\\/www.cambe.pr.gov.br\\\/#\\\/schema\\\/logo\\\/image\\\/\",\"url\":\"https:\\\/\\\/www.cambe.pr.gov.br\\\/wp-content\\\/uploads\\\/2021\\\/01\\\/cropped-cropped-cambe_brazao-icone.png\",\"contentUrl\":\"https:\\\/\\\/www.cambe.pr.gov.br\\\/wp-content\\\/uploads\\\/2021\\\/01\\\/cropped-cropped-cambe_brazao-icone.png\",\"width\":240,\"height\":240,\"caption\":\"Prefeitura de Camb\u00e9\"},\"image\":{\"@id\":\"https:\\\/\\\/www.cambe.pr.gov.br\\\/#\\\/schema\\\/logo\\\/image\\\/\"},\"sameAs\":[\"https:\\\/\\\/m.facebook.com\\\/prefeituradecambe\"]},{\"@type\":\"Person\",\"@id\":\"https:\\\/\\\/www.cambe.pr.gov.br\\\/#\\\/schema\\\/person\\\/e08f7c43a641b2ec036e4e867ec483e4\",\"name\":\"Thiago Mossini Balbino dos Santos\",\"image\":{\"@type\":\"ImageObject\",\"inLanguage\":\"pt-BR\",\"@id\":\"https:\\\/\\\/secure.gravatar.com\\\/avatar\\\/d957ed4e1bc3ebf5769d1003f9709cd2012ebf424eb4a5d76a933fee30e874b6?s=96&d=mm&r=g\",\"url\":\"https:\\\/\\\/secure.gravatar.com\\\/avatar\\\/d957ed4e1bc3ebf5769d1003f9709cd2012ebf424eb4a5d76a933fee30e874b6?s=96&d=mm&r=g\",\"contentUrl\":\"https:\\\/\\\/secure.gravatar.com\\\/avatar\\\/d957ed4e1bc3ebf5769d1003f9709cd2012ebf424eb4a5d76a933fee30e874b6?s=96&d=mm&r=g\",\"caption\":\"Thiago Mossini Balbino dos Santos\"},\"url\":\"https:\\\/\\\/www.cambe.pr.gov.br\\\/index.php\\\/author\\\/tmbsantos\\\/\"}]}<\/script>\n<!-- \/ Yoast SEO plugin. -->","yoast_head_json":{"title":"F\u00f3rum de Camb\u00e9 disponibiliza servi\u00e7o de media\u00e7\u00e3o de conflitos - Prefeitura de Camb\u00e9","robots":{"index":"index","follow":"follow","max-snippet":"max-snippet:-1","max-image-preview":"max-image-preview:large","max-video-preview":"max-video-preview:-1"},"canonical":"https:\/\/www.cambe.pr.gov.br\/index.php\/forum-de-cambe-disponibiliza-servico-de-mediacao-de-conflitos\/","og_locale":"pt_BR","og_type":"article","og_title":"F\u00f3rum de Camb\u00e9 disponibiliza servi\u00e7o de media\u00e7\u00e3o de conflitos - Prefeitura de Camb\u00e9","og_description":"O Tribunal de Justi\u00e7a de Camb\u00e9 conta agora com o Cejusc (Centro Judici\u00e1rio de Solu\u00e7\u00e3o Consensual de Conflitos) para a media\u00e7\u00e3o pr\u00e9-processual de problemas e diverg\u00eancias entre duas ou mais pessoas. O objetivo \u00e9 que os conflitos, como disputas entre vizinhos, som alto ou div\u00f3rcio, sejam resolvidos sem a necessidade de um processo judicial. Os [&hellip;]","og_url":"https:\/\/www.cambe.pr.gov.br\/index.php\/forum-de-cambe-disponibiliza-servico-de-mediacao-de-conflitos\/","og_site_name":"Prefeitura de Camb\u00e9","article_publisher":"https:\/\/m.facebook.com\/prefeituradecambe","article_published_time":"2023-01-23T18:05:03+00:00","article_modified_time":"2024-10-07T16:01:07+00:00","og_image":[{"url":"http:\/\/www.cambe.pr.gov.br\/wp-content\/uploads\/2023\/01\/cejusc-1024x678.jpg","type":"","width":"","height":""}],"author":"Thiago Mossini Balbino dos Santos","twitter_card":"summary_large_image","twitter_misc":{"Escrito por":"Thiago Mossini Balbino dos Santos","Est. tempo de leitura":"2 minutos"},"schema":{"@context":"https:\/\/schema.org","@graph":[{"@type":"Article","@id":"https:\/\/www.cambe.pr.gov.br\/index.php\/forum-de-cambe-disponibiliza-servico-de-mediacao-de-conflitos\/#article","isPartOf":{"@id":"https:\/\/www.cambe.pr.gov.br\/index.php\/forum-de-cambe-disponibiliza-servico-de-mediacao-de-conflitos\/"},"author":{"name":"Thiago Mossini Balbino dos Santos","@id":"https:\/\/www.cambe.pr.gov.br\/#\/schema\/person\/e08f7c43a641b2ec036e4e867ec483e4"},"headline":"F\u00f3rum de Camb\u00e9 disponibiliza servi\u00e7o de media\u00e7\u00e3o de conflitos","datePublished":"2023-01-23T18:05:03+00:00","dateModified":"2024-10-07T16:01:07+00:00","mainEntityOfPage":{"@id":"https:\/\/www.cambe.pr.gov.br\/index.php\/forum-de-cambe-disponibiliza-servico-de-mediacao-de-conflitos\/"},"wordCount":422,"publisher":{"@id":"https:\/\/www.cambe.pr.gov.br\/#organization"},"image":{"@id":"https:\/\/www.cambe.pr.gov.br\/index.php\/forum-de-cambe-disponibiliza-servico-de-mediacao-de-conflitos\/#primaryimage"},"thumbnailUrl":"http:\/\/www.cambe.pr.gov.br\/wp-content\/uploads\/2023\/01\/cejusc-1024x678.jpg","articleSection":["Principal"],"inLanguage":"pt-BR"},{"@type":"WebPage","@id":"https:\/\/www.cambe.pr.gov.br\/index.php\/forum-de-cambe-disponibiliza-servico-de-mediacao-de-conflitos\/","url":"https:\/\/www.cambe.pr.gov.br\/index.php\/forum-de-cambe-disponibiliza-servico-de-mediacao-de-conflitos\/","name":"F\u00f3rum de Camb\u00e9 disponibiliza servi\u00e7o de media\u00e7\u00e3o de conflitos - Prefeitura de Camb\u00e9","isPartOf":{"@id":"https:\/\/www.cambe.pr.gov.br\/#website"},"primaryImageOfPage":{"@id":"https:\/\/www.cambe.pr.gov.br\/index.php\/forum-de-cambe-disponibiliza-servico-de-mediacao-de-conflitos\/#primaryimage"},"image":{"@id":"https:\/\/www.cambe.pr.gov.br\/index.php\/forum-de-cambe-disponibiliza-servico-de-mediacao-de-conflitos\/#primaryimage"},"thumbnailUrl":"http:\/\/www.cambe.pr.gov.br\/wp-content\/uploads\/2023\/01\/cejusc-1024x678.jpg","datePublished":"2023-01-23T18:05:03+00:00","dateModified":"2024-10-07T16:01:07+00:00","breadcrumb":{"@id":"https:\/\/www.cambe.pr.gov.br\/index.php\/forum-de-cambe-disponibiliza-servico-de-mediacao-de-conflitos\/#breadcrumb"},"inLanguage":"pt-BR","potentialAction":[{"@type":"ReadAction","target":["https:\/\/www.cambe.pr.gov.br\/index.php\/forum-de-cambe-disponibiliza-servico-de-mediacao-de-conflitos\/"]}]},{"@type":"ImageObject","inLanguage":"pt-BR","@id":"https:\/\/www.cambe.pr.gov.br\/index.php\/forum-de-cambe-disponibiliza-servico-de-mediacao-de-conflitos\/#primaryimage","url":"http:\/\/www.cambe.pr.gov.br\/wp-content\/uploads\/2023\/01\/cejusc-1024x678.jpg","contentUrl":"http:\/\/www.cambe.pr.gov.br\/wp-content\/uploads\/2023\/01\/cejusc-1024x678.jpg"},{"@type":"BreadcrumbList","@id":"https:\/\/www.cambe.pr.gov.br\/index.php\/forum-de-cambe-disponibiliza-servico-de-mediacao-de-conflitos\/#breadcrumb","itemListElement":[{"@type":"ListItem","position":1,"name":"In\u00edcio","item":"https:\/\/www.cambe.pr.gov.br\/"},{"@type":"ListItem","position":2,"name":"F\u00f3rum de Camb\u00e9 disponibiliza servi\u00e7o de media\u00e7\u00e3o de conflitos"}]},{"@type":"WebSite","@id":"https:\/\/www.cambe.pr.gov.br\/#website","url":"https:\/\/www.cambe.pr.gov.br\/","name":"Prefeitura de Camb\u00e9","description":"UM GOVERNO PARA TODOS","publisher":{"@id":"https:\/\/www.cambe.pr.gov.br\/#organization"},"potentialAction":[{"@type":"SearchAction","target":{"@type":"EntryPoint","urlTemplate":"https:\/\/www.cambe.pr.gov.br\/?s={search_term_string}"},"query-input":{"@type":"PropertyValueSpecification","valueRequired":true,"valueName":"search_term_string"}}],"inLanguage":"pt-BR"},{"@type":"Organization","@id":"https:\/\/www.cambe.pr.gov.br\/#organization","name":"Prefeitura de Camb\u00e9","url":"https:\/\/www.cambe.pr.gov.br\/","logo":{"@type":"ImageObject","inLanguage":"pt-BR","@id":"https:\/\/www.cambe.pr.gov.br\/#\/schema\/logo\/image\/","url":"https:\/\/www.cambe.pr.gov.br\/wp-content\/uploads\/2021\/01\/cropped-cropped-cambe_brazao-icone.png","contentUrl":"https:\/\/www.cambe.pr.gov.br\/wp-content\/uploads\/2021\/01\/cropped-cropped-cambe_brazao-icone.png","width":240,"height":240,"caption":"Prefeitura de Camb\u00e9"},"image":{"@id":"https:\/\/www.cambe.pr.gov.br\/#\/schema\/logo\/image\/"},"sameAs":["https:\/\/m.facebook.com\/prefeituradecambe"]},{"@type":"Person","@id":"https:\/\/www.cambe.pr.gov.br\/#\/schema\/person\/e08f7c43a641b2ec036e4e867ec483e4","name":"Thiago Mossini Balbino dos Santos","image":{"@type":"ImageObject","inLanguage":"pt-BR","@id":"https:\/\/secure.gravatar.com\/avatar\/d957ed4e1bc3ebf5769d1003f9709cd2012ebf424eb4a5d76a933fee30e874b6?s=96&d=mm&r=g","url":"https:\/\/secure.gravatar.com\/avatar\/d957ed4e1bc3ebf5769d1003f9709cd2012ebf424eb4a5d76a933fee30e874b6?s=96&d=mm&r=g","contentUrl":"https:\/\/secure.gravatar.com\/avatar\/d957ed4e1bc3ebf5769d1003f9709cd2012ebf424eb4a5d76a933fee30e874b6?s=96&d=mm&r=g","caption":"Thiago Mossini Balbino dos Santos"},"url":"https:\/\/www.cambe.pr.gov.br\/index.php\/author\/tmbsantos\/"}]}},"_links":{"self":[{"href":"https:\/\/www.cambe.pr.gov.br\/index.php\/wp-json\/wp\/v2\/posts\/8956","targetHints":{"allow":["GET"]}}],"collection":[{"href":"https:\/\/www.cambe.pr.gov.br\/index.php\/wp-json\/wp\/v2\/posts"}],"about":[{"href":"https:\/\/www.cambe.pr.gov.br\/index.php\/wp-json\/wp\/v2\/types\/post"}],"author":[{"embeddable":true,"href":"https:\/\/www.cambe.pr.gov.br\/index.php\/wp-json\/wp\/v2\/users\/2"}],"replies":[{"embeddable":true,"href":"https:\/\/www.cambe.pr.gov.br\/index.php\/wp-json\/wp\/v2\/comments?post=8956"}],"version-history":[{"count":8,"href":"https:\/\/www.cambe.pr.gov.br\/index.php\/wp-json\/wp\/v2\/posts\/8956\/revisions"}],"predecessor-version":[{"id":9009,"href":"https:\/\/www.cambe.pr.gov.br\/index.php\/wp-json\/wp\/v2\/posts\/8956\/revisions\/9009"}],"wp:attachment":[{"href":"https:\/\/www.cambe.pr.gov.br\/index.php\/wp-json\/wp\/v2\/media?parent=8956"}],"wp:term":[{"taxonomy":"category","embeddable":true,"href":"https:\/\/www.cambe.pr.gov.br\/index.php\/wp-json\/wp\/v2\/categories?post=8956"},{"taxonomy":"post_tag","embeddable":true,"href":"https:\/\/www.cambe.pr.gov.br\/index.php\/wp-json\/wp\/v2\/tags?post=8956"}],"curies":[{"name":"wp","href":"https:\/\/api.w.org\/{rel}","templated":true}]}}