{"id":8830,"date":"2023-01-03T15:18:56","date_gmt":"2023-01-03T18:18:56","guid":{"rendered":"http:\/\/www.cambe.pr.gov.br\/?p=8830"},"modified":"2024-10-07T13:01:06","modified_gmt":"2024-10-07T16:01:06","slug":"cambe-sobe-18-posicoes-no-ultimo-ranking-nacional-do-pib","status":"publish","type":"post","link":"https:\/\/www.cambe.pr.gov.br\/index.php\/cambe-sobe-18-posicoes-no-ultimo-ranking-nacional-do-pib\/","title":{"rendered":"Camb\u00e9 sobe 18 posi\u00e7\u00f5es no \u00faltimo ranking nacional do PIB"},"content":{"rendered":"<p><img fetchpriority=\"high\" decoding=\"async\" class=\"size-large wp-image-8790\" src=\"https:\/\/www.cambe.pr.gov.br\/wp-content\/uploads\/2022\/12\/DJI_0222-scaled-e1671814916413-1024x684.jpg\" alt=\"\" width=\"610\" height=\"407\" srcset=\"https:\/\/www.cambe.pr.gov.br\/wp-content\/uploads\/2022\/12\/DJI_0222-scaled-e1671814916413-1024x684.jpg 1024w, https:\/\/www.cambe.pr.gov.br\/wp-content\/uploads\/2022\/12\/DJI_0222-scaled-e1671814916413-300x200.jpg 300w, https:\/\/www.cambe.pr.gov.br\/wp-content\/uploads\/2022\/12\/DJI_0222-scaled-e1671814916413-768x513.jpg 768w, https:\/\/www.cambe.pr.gov.br\/wp-content\/uploads\/2022\/12\/DJI_0222-scaled-e1671814916413-1536x1026.jpg 1536w, https:\/\/www.cambe.pr.gov.br\/wp-content\/uploads\/2022\/12\/DJI_0222-scaled-e1671814916413-2048x1368.jpg 2048w\" sizes=\"(max-width: 610px) 100vw, 610px\" \/><\/p>\n<p style=\"text-align: justify;\"><span style=\"font-weight: 400; font-family: arial, helvetica, sans-serif;\">A cidade de Camb\u00e9 subiu 18 posi\u00e7\u00f5es no ranking nacional do Produto Interno Bruto (PIB). Nos dados divulgados no dia 16 de dezembro pelo Instituto Brasileiro de Geografia e Estat\u00edstica (IBGE), Camb\u00e9 saiu da 258\u00aa posi\u00e7\u00e3o em 2019 e foi para o 240\u00ba lugar na classifica\u00e7\u00e3o das cidades com os Produtos Internos Brutos mais relevantes em 2020. Atrav\u00e9s dos n\u00fameros, o \u00edndice mostra o conjunto de riquezas produzidas em um determinado local por um per\u00edodo de tempo. Entre 2019 e 2020, o PIB do munic\u00edpio aumentou R$ 534.181,00.&nbsp;<\/span><\/p>\n<p style=\"text-align: justify;\"><span style=\"font-weight: 400; font-family: arial, helvetica, sans-serif;\">Para obter o valor do PIB, s\u00e3o levados em conta fatores como: consumo familiar, investimento privado, gasto governamental e balan\u00e7a comercial. No Paran\u00e1, os setores que mais alavancaram o PIB de 2020 foram: agropecu\u00e1ria, ind\u00fastria, servi\u00e7os, com\u00e9rcio e repara\u00e7\u00e3o de ve\u00edculos e atividades imobili\u00e1rias. Em Camb\u00e9, o PIB saiu de R$ 4.115.561,00 em 2019 para R$ 4.649.742,00 em 2020, mostrando um crescimento de mais de 11%.&nbsp;<\/span><\/p>\n<p style=\"text-align: justify;\"><span style=\"font-weight: 400; font-family: arial, helvetica, sans-serif;\">O PIB de Camb\u00e9 apresentou uma evolu\u00e7\u00e3o superior em 2020 em rela\u00e7\u00e3o a outras cidades da regi\u00e3o, como Jataizinho (-66 posi\u00e7\u00f5es), Ibipor\u00e3 (-35 posi\u00e7\u00f5es), Arapongas (-38 posi\u00e7\u00f5es), Rol\u00e2ndia (+1 posi\u00e7\u00e3o) e Londrina (+1 posi\u00e7\u00e3o). Al\u00e9m disso, Camb\u00e9 tem o 15\u00ba maior PIB do Paran\u00e1, ficando na frente de cidades como Campo Mour\u00e3o, Apucarana e Umuarama.&nbsp;<\/span><\/p>\n<p style=\"text-align: justify;\"><span style=\"font-weight: 400; font-family: arial, helvetica, sans-serif;\">Embora o PIB registre as riquezas geradas em um determinado local, o \u00edndice n\u00e3o leva em conta fatores como a distribui\u00e7\u00e3o de renda, qualidade de vida, educa\u00e7\u00e3o e sa\u00fade, assim como n\u00e3o considera se os bens produzidos v\u00e3o permanecer no local.&nbsp;<\/span><\/p>\n<p style=\"text-align: justify;\"><span style=\"font-weight: 400; font-family: arial, helvetica, sans-serif;\">Conrado Scheller, prefeito de Camb\u00e9, explica que esse resultado vem dos esfor\u00e7os coletivos para atrair cada vez mais novos investimentos para o munic\u00edpio. \u201c\u00c9 s\u00f3 com investimentos que a gente consegue trazer desenvolvimento social e econ\u00f4mico para a cidade\u201d, ressalta. Ele cita como exemplo diversos terrenos que estavam em desuso e que est\u00e3o sendo licitados, o que atrai empresas para o munic\u00edpio e, consequentemente, gera novos postos de trabalho. De acordo com os dados disponibilizados pelo Cadastro Geral de Empregados e Desempregados (Caged), de janeiro de 2020 a novembro de 2022, Camb\u00e9 criou mais de 10.400 novos empregos com carteira assinada.&nbsp;<\/span><\/p>\n<p style=\"text-align: justify;\"><span style=\"font-family: arial, helvetica, sans-serif;\">Lourdes Ma\u00e7olla, secret\u00e1ria municipal de Desenvolvimento Econ\u00f4mico, ressalta que o munic\u00edpio vem atraindo novas empresas, principalmente por conta da desburocratiza\u00e7\u00e3o nos processos de abertura de uma empresa, da log\u00edstica privilegiada e do solo f\u00e9rtil. Ela explica que, em 2020, o com\u00e9rcio teve uma evolu\u00e7\u00e3o de quase 38% em rela\u00e7\u00e3o ao ano anterior. &#8220;Com a chegada de novas empresas e a gera\u00e7\u00e3o de empregos, a gente consegue aumentar o potencial de consumo da popula\u00e7\u00e3o. Isso ajuda as pessoas a terem uma vida mais confort\u00e1vel e tamb\u00e9m auxilia os comerciantes da nossa cidade&#8221;, explica.&nbsp;<\/span><\/p>\n","protected":false},"excerpt":{"rendered":"<p>A cidade de Camb\u00e9 subiu 18 posi\u00e7\u00f5es no ranking nacional do Produto Interno Bruto (PIB). Nos dados divulgados no dia 16 de dezembro pelo Instituto Brasileiro de Geografia e Estat\u00edstica (IBGE), Camb\u00e9 saiu da 258\u00aa posi\u00e7\u00e3o em 2019 e foi para o 240\u00ba lugar na classifica\u00e7\u00e3o das cidades com os Produtos Internos Brutos mais relevantes [&hellip;]<\/p>\n","protected":false},"author":2,"featured_media":0,"comment_status":"closed","ping_status":"open","sticky":false,"template":"","format":"standard","meta":{"ngg_post_thumbnail":0,"footnotes":""},"categories":[1],"tags":[],"class_list":["post-8830","post","type-post","status-publish","format-standard","hentry","category-principal"],"yoast_head":"<!-- This site is optimized with the Yoast SEO plugin v27.4 - https:\/\/yoast.com\/product\/yoast-seo-wordpress\/ -->\n<title>Camb\u00e9 sobe 18 posi\u00e7\u00f5es no \u00faltimo ranking nacional do PIB - Prefeitura de Camb\u00e9<\/title>\n<meta name=\"robots\" content=\"index, follow, max-snippet:-1, max-image-preview:large, max-video-preview:-1\" \/>\n<link rel=\"canonical\" href=\"https:\/\/www.cambe.pr.gov.br\/index.php\/cambe-sobe-18-posicoes-no-ultimo-ranking-nacional-do-pib\/\" \/>\n<meta property=\"og:locale\" content=\"pt_BR\" \/>\n<meta property=\"og:type\" content=\"article\" \/>\n<meta property=\"og:title\" content=\"Camb\u00e9 sobe 18 posi\u00e7\u00f5es no \u00faltimo ranking nacional do PIB - Prefeitura de Camb\u00e9\" \/>\n<meta property=\"og:description\" content=\"A cidade de Camb\u00e9 subiu 18 posi\u00e7\u00f5es no ranking nacional do Produto Interno Bruto (PIB). Nos dados divulgados no dia 16 de dezembro pelo Instituto Brasileiro de Geografia e Estat\u00edstica (IBGE), Camb\u00e9 saiu da 258\u00aa posi\u00e7\u00e3o em 2019 e foi para o 240\u00ba lugar na classifica\u00e7\u00e3o das cidades com os Produtos Internos Brutos mais relevantes [&hellip;]\" \/>\n<meta property=\"og:url\" content=\"https:\/\/www.cambe.pr.gov.br\/index.php\/cambe-sobe-18-posicoes-no-ultimo-ranking-nacional-do-pib\/\" \/>\n<meta property=\"og:site_name\" content=\"Prefeitura de Camb\u00e9\" \/>\n<meta property=\"article:publisher\" content=\"https:\/\/m.facebook.com\/prefeituradecambe\" \/>\n<meta property=\"article:published_time\" content=\"2023-01-03T18:18:56+00:00\" \/>\n<meta property=\"article:modified_time\" content=\"2024-10-07T16:01:06+00:00\" \/>\n<meta property=\"og:image\" content=\"http:\/\/www.cambe.pr.gov.br\/wp-content\/uploads\/2022\/12\/DJI_0222-scaled-e1671814916413-1024x684.jpg\" \/>\n<meta name=\"author\" content=\"Thiago Mossini Balbino dos Santos\" \/>\n<meta name=\"twitter:card\" content=\"summary_large_image\" \/>\n<meta name=\"twitter:label1\" content=\"Escrito por\" \/>\n\t<meta name=\"twitter:data1\" content=\"Thiago Mossini Balbino dos Santos\" \/>\n\t<meta name=\"twitter:label2\" content=\"Est. tempo de leitura\" \/>\n\t<meta name=\"twitter:data2\" content=\"2 minutos\" \/>\n<script type=\"application\/ld+json\" class=\"yoast-schema-graph\">{\"@context\":\"https:\\\/\\\/schema.org\",\"@graph\":[{\"@type\":\"Article\",\"@id\":\"https:\\\/\\\/www.cambe.pr.gov.br\\\/index.php\\\/cambe-sobe-18-posicoes-no-ultimo-ranking-nacional-do-pib\\\/#article\",\"isPartOf\":{\"@id\":\"https:\\\/\\\/www.cambe.pr.gov.br\\\/index.php\\\/cambe-sobe-18-posicoes-no-ultimo-ranking-nacional-do-pib\\\/\"},\"author\":{\"name\":\"Thiago Mossini Balbino dos Santos\",\"@id\":\"https:\\\/\\\/www.cambe.pr.gov.br\\\/#\\\/schema\\\/person\\\/e08f7c43a641b2ec036e4e867ec483e4\"},\"headline\":\"Camb\u00e9 sobe 18 posi\u00e7\u00f5es no \u00faltimo ranking nacional do PIB\",\"datePublished\":\"2023-01-03T18:18:56+00:00\",\"dateModified\":\"2024-10-07T16:01:06+00:00\",\"mainEntityOfPage\":{\"@id\":\"https:\\\/\\\/www.cambe.pr.gov.br\\\/index.php\\\/cambe-sobe-18-posicoes-no-ultimo-ranking-nacional-do-pib\\\/\"},\"wordCount\":487,\"publisher\":{\"@id\":\"https:\\\/\\\/www.cambe.pr.gov.br\\\/#organization\"},\"image\":{\"@id\":\"https:\\\/\\\/www.cambe.pr.gov.br\\\/index.php\\\/cambe-sobe-18-posicoes-no-ultimo-ranking-nacional-do-pib\\\/#primaryimage\"},\"thumbnailUrl\":\"http:\\\/\\\/www.cambe.pr.gov.br\\\/wp-content\\\/uploads\\\/2022\\\/12\\\/DJI_0222-scaled-e1671814916413-1024x684.jpg\",\"articleSection\":[\"Principal\"],\"inLanguage\":\"pt-BR\"},{\"@type\":\"WebPage\",\"@id\":\"https:\\\/\\\/www.cambe.pr.gov.br\\\/index.php\\\/cambe-sobe-18-posicoes-no-ultimo-ranking-nacional-do-pib\\\/\",\"url\":\"https:\\\/\\\/www.cambe.pr.gov.br\\\/index.php\\\/cambe-sobe-18-posicoes-no-ultimo-ranking-nacional-do-pib\\\/\",\"name\":\"Camb\u00e9 sobe 18 posi\u00e7\u00f5es no \u00faltimo ranking nacional do PIB - Prefeitura de Camb\u00e9\",\"isPartOf\":{\"@id\":\"https:\\\/\\\/www.cambe.pr.gov.br\\\/#website\"},\"primaryImageOfPage\":{\"@id\":\"https:\\\/\\\/www.cambe.pr.gov.br\\\/index.php\\\/cambe-sobe-18-posicoes-no-ultimo-ranking-nacional-do-pib\\\/#primaryimage\"},\"image\":{\"@id\":\"https:\\\/\\\/www.cambe.pr.gov.br\\\/index.php\\\/cambe-sobe-18-posicoes-no-ultimo-ranking-nacional-do-pib\\\/#primaryimage\"},\"thumbnailUrl\":\"http:\\\/\\\/www.cambe.pr.gov.br\\\/wp-content\\\/uploads\\\/2022\\\/12\\\/DJI_0222-scaled-e1671814916413-1024x684.jpg\",\"datePublished\":\"2023-01-03T18:18:56+00:00\",\"dateModified\":\"2024-10-07T16:01:06+00:00\",\"breadcrumb\":{\"@id\":\"https:\\\/\\\/www.cambe.pr.gov.br\\\/index.php\\\/cambe-sobe-18-posicoes-no-ultimo-ranking-nacional-do-pib\\\/#breadcrumb\"},\"inLanguage\":\"pt-BR\",\"potentialAction\":[{\"@type\":\"ReadAction\",\"target\":[\"https:\\\/\\\/www.cambe.pr.gov.br\\\/index.php\\\/cambe-sobe-18-posicoes-no-ultimo-ranking-nacional-do-pib\\\/\"]}]},{\"@type\":\"ImageObject\",\"inLanguage\":\"pt-BR\",\"@id\":\"https:\\\/\\\/www.cambe.pr.gov.br\\\/index.php\\\/cambe-sobe-18-posicoes-no-ultimo-ranking-nacional-do-pib\\\/#primaryimage\",\"url\":\"http:\\\/\\\/www.cambe.pr.gov.br\\\/wp-content\\\/uploads\\\/2022\\\/12\\\/DJI_0222-scaled-e1671814916413-1024x684.jpg\",\"contentUrl\":\"http:\\\/\\\/www.cambe.pr.gov.br\\\/wp-content\\\/uploads\\\/2022\\\/12\\\/DJI_0222-scaled-e1671814916413-1024x684.jpg\"},{\"@type\":\"BreadcrumbList\",\"@id\":\"https:\\\/\\\/www.cambe.pr.gov.br\\\/index.php\\\/cambe-sobe-18-posicoes-no-ultimo-ranking-nacional-do-pib\\\/#breadcrumb\",\"itemListElement\":[{\"@type\":\"ListItem\",\"position\":1,\"name\":\"In\u00edcio\",\"item\":\"https:\\\/\\\/www.cambe.pr.gov.br\\\/\"},{\"@type\":\"ListItem\",\"position\":2,\"name\":\"Camb\u00e9 sobe 18 posi\u00e7\u00f5es no \u00faltimo ranking nacional do PIB\"}]},{\"@type\":\"WebSite\",\"@id\":\"https:\\\/\\\/www.cambe.pr.gov.br\\\/#website\",\"url\":\"https:\\\/\\\/www.cambe.pr.gov.br\\\/\",\"name\":\"Prefeitura de Camb\u00e9\",\"description\":\"UM GOVERNO PARA TODOS\",\"publisher\":{\"@id\":\"https:\\\/\\\/www.cambe.pr.gov.br\\\/#organization\"},\"potentialAction\":[{\"@type\":\"SearchAction\",\"target\":{\"@type\":\"EntryPoint\",\"urlTemplate\":\"https:\\\/\\\/www.cambe.pr.gov.br\\\/?s={search_term_string}\"},\"query-input\":{\"@type\":\"PropertyValueSpecification\",\"valueRequired\":true,\"valueName\":\"search_term_string\"}}],\"inLanguage\":\"pt-BR\"},{\"@type\":\"Organization\",\"@id\":\"https:\\\/\\\/www.cambe.pr.gov.br\\\/#organization\",\"name\":\"Prefeitura de Camb\u00e9\",\"url\":\"https:\\\/\\\/www.cambe.pr.gov.br\\\/\",\"logo\":{\"@type\":\"ImageObject\",\"inLanguage\":\"pt-BR\",\"@id\":\"https:\\\/\\\/www.cambe.pr.gov.br\\\/#\\\/schema\\\/logo\\\/image\\\/\",\"url\":\"https:\\\/\\\/www.cambe.pr.gov.br\\\/wp-content\\\/uploads\\\/2021\\\/01\\\/cropped-cropped-cambe_brazao-icone.png\",\"contentUrl\":\"https:\\\/\\\/www.cambe.pr.gov.br\\\/wp-content\\\/uploads\\\/2021\\\/01\\\/cropped-cropped-cambe_brazao-icone.png\",\"width\":240,\"height\":240,\"caption\":\"Prefeitura de Camb\u00e9\"},\"image\":{\"@id\":\"https:\\\/\\\/www.cambe.pr.gov.br\\\/#\\\/schema\\\/logo\\\/image\\\/\"},\"sameAs\":[\"https:\\\/\\\/m.facebook.com\\\/prefeituradecambe\"]},{\"@type\":\"Person\",\"@id\":\"https:\\\/\\\/www.cambe.pr.gov.br\\\/#\\\/schema\\\/person\\\/e08f7c43a641b2ec036e4e867ec483e4\",\"name\":\"Thiago Mossini Balbino dos Santos\",\"image\":{\"@type\":\"ImageObject\",\"inLanguage\":\"pt-BR\",\"@id\":\"https:\\\/\\\/secure.gravatar.com\\\/avatar\\\/d957ed4e1bc3ebf5769d1003f9709cd2012ebf424eb4a5d76a933fee30e874b6?s=96&d=mm&r=g\",\"url\":\"https:\\\/\\\/secure.gravatar.com\\\/avatar\\\/d957ed4e1bc3ebf5769d1003f9709cd2012ebf424eb4a5d76a933fee30e874b6?s=96&d=mm&r=g\",\"contentUrl\":\"https:\\\/\\\/secure.gravatar.com\\\/avatar\\\/d957ed4e1bc3ebf5769d1003f9709cd2012ebf424eb4a5d76a933fee30e874b6?s=96&d=mm&r=g\",\"caption\":\"Thiago Mossini Balbino dos Santos\"},\"url\":\"https:\\\/\\\/www.cambe.pr.gov.br\\\/index.php\\\/author\\\/tmbsantos\\\/\"}]}<\/script>\n<!-- \/ Yoast SEO plugin. -->","yoast_head_json":{"title":"Camb\u00e9 sobe 18 posi\u00e7\u00f5es no \u00faltimo ranking nacional do PIB - Prefeitura de Camb\u00e9","robots":{"index":"index","follow":"follow","max-snippet":"max-snippet:-1","max-image-preview":"max-image-preview:large","max-video-preview":"max-video-preview:-1"},"canonical":"https:\/\/www.cambe.pr.gov.br\/index.php\/cambe-sobe-18-posicoes-no-ultimo-ranking-nacional-do-pib\/","og_locale":"pt_BR","og_type":"article","og_title":"Camb\u00e9 sobe 18 posi\u00e7\u00f5es no \u00faltimo ranking nacional do PIB - Prefeitura de Camb\u00e9","og_description":"A cidade de Camb\u00e9 subiu 18 posi\u00e7\u00f5es no ranking nacional do Produto Interno Bruto (PIB). Nos dados divulgados no dia 16 de dezembro pelo Instituto Brasileiro de Geografia e Estat\u00edstica (IBGE), Camb\u00e9 saiu da 258\u00aa posi\u00e7\u00e3o em 2019 e foi para o 240\u00ba lugar na classifica\u00e7\u00e3o das cidades com os Produtos Internos Brutos mais relevantes [&hellip;]","og_url":"https:\/\/www.cambe.pr.gov.br\/index.php\/cambe-sobe-18-posicoes-no-ultimo-ranking-nacional-do-pib\/","og_site_name":"Prefeitura de Camb\u00e9","article_publisher":"https:\/\/m.facebook.com\/prefeituradecambe","article_published_time":"2023-01-03T18:18:56+00:00","article_modified_time":"2024-10-07T16:01:06+00:00","og_image":[{"url":"http:\/\/www.cambe.pr.gov.br\/wp-content\/uploads\/2022\/12\/DJI_0222-scaled-e1671814916413-1024x684.jpg","type":"","width":"","height":""}],"author":"Thiago Mossini Balbino dos Santos","twitter_card":"summary_large_image","twitter_misc":{"Escrito por":"Thiago Mossini Balbino dos Santos","Est. tempo de leitura":"2 minutos"},"schema":{"@context":"https:\/\/schema.org","@graph":[{"@type":"Article","@id":"https:\/\/www.cambe.pr.gov.br\/index.php\/cambe-sobe-18-posicoes-no-ultimo-ranking-nacional-do-pib\/#article","isPartOf":{"@id":"https:\/\/www.cambe.pr.gov.br\/index.php\/cambe-sobe-18-posicoes-no-ultimo-ranking-nacional-do-pib\/"},"author":{"name":"Thiago Mossini Balbino dos Santos","@id":"https:\/\/www.cambe.pr.gov.br\/#\/schema\/person\/e08f7c43a641b2ec036e4e867ec483e4"},"headline":"Camb\u00e9 sobe 18 posi\u00e7\u00f5es no \u00faltimo ranking nacional do PIB","datePublished":"2023-01-03T18:18:56+00:00","dateModified":"2024-10-07T16:01:06+00:00","mainEntityOfPage":{"@id":"https:\/\/www.cambe.pr.gov.br\/index.php\/cambe-sobe-18-posicoes-no-ultimo-ranking-nacional-do-pib\/"},"wordCount":487,"publisher":{"@id":"https:\/\/www.cambe.pr.gov.br\/#organization"},"image":{"@id":"https:\/\/www.cambe.pr.gov.br\/index.php\/cambe-sobe-18-posicoes-no-ultimo-ranking-nacional-do-pib\/#primaryimage"},"thumbnailUrl":"http:\/\/www.cambe.pr.gov.br\/wp-content\/uploads\/2022\/12\/DJI_0222-scaled-e1671814916413-1024x684.jpg","articleSection":["Principal"],"inLanguage":"pt-BR"},{"@type":"WebPage","@id":"https:\/\/www.cambe.pr.gov.br\/index.php\/cambe-sobe-18-posicoes-no-ultimo-ranking-nacional-do-pib\/","url":"https:\/\/www.cambe.pr.gov.br\/index.php\/cambe-sobe-18-posicoes-no-ultimo-ranking-nacional-do-pib\/","name":"Camb\u00e9 sobe 18 posi\u00e7\u00f5es no \u00faltimo ranking nacional do PIB - Prefeitura de Camb\u00e9","isPartOf":{"@id":"https:\/\/www.cambe.pr.gov.br\/#website"},"primaryImageOfPage":{"@id":"https:\/\/www.cambe.pr.gov.br\/index.php\/cambe-sobe-18-posicoes-no-ultimo-ranking-nacional-do-pib\/#primaryimage"},"image":{"@id":"https:\/\/www.cambe.pr.gov.br\/index.php\/cambe-sobe-18-posicoes-no-ultimo-ranking-nacional-do-pib\/#primaryimage"},"thumbnailUrl":"http:\/\/www.cambe.pr.gov.br\/wp-content\/uploads\/2022\/12\/DJI_0222-scaled-e1671814916413-1024x684.jpg","datePublished":"2023-01-03T18:18:56+00:00","dateModified":"2024-10-07T16:01:06+00:00","breadcrumb":{"@id":"https:\/\/www.cambe.pr.gov.br\/index.php\/cambe-sobe-18-posicoes-no-ultimo-ranking-nacional-do-pib\/#breadcrumb"},"inLanguage":"pt-BR","potentialAction":[{"@type":"ReadAction","target":["https:\/\/www.cambe.pr.gov.br\/index.php\/cambe-sobe-18-posicoes-no-ultimo-ranking-nacional-do-pib\/"]}]},{"@type":"ImageObject","inLanguage":"pt-BR","@id":"https:\/\/www.cambe.pr.gov.br\/index.php\/cambe-sobe-18-posicoes-no-ultimo-ranking-nacional-do-pib\/#primaryimage","url":"http:\/\/www.cambe.pr.gov.br\/wp-content\/uploads\/2022\/12\/DJI_0222-scaled-e1671814916413-1024x684.jpg","contentUrl":"http:\/\/www.cambe.pr.gov.br\/wp-content\/uploads\/2022\/12\/DJI_0222-scaled-e1671814916413-1024x684.jpg"},{"@type":"BreadcrumbList","@id":"https:\/\/www.cambe.pr.gov.br\/index.php\/cambe-sobe-18-posicoes-no-ultimo-ranking-nacional-do-pib\/#breadcrumb","itemListElement":[{"@type":"ListItem","position":1,"name":"In\u00edcio","item":"https:\/\/www.cambe.pr.gov.br\/"},{"@type":"ListItem","position":2,"name":"Camb\u00e9 sobe 18 posi\u00e7\u00f5es no \u00faltimo ranking nacional do PIB"}]},{"@type":"WebSite","@id":"https:\/\/www.cambe.pr.gov.br\/#website","url":"https:\/\/www.cambe.pr.gov.br\/","name":"Prefeitura de Camb\u00e9","description":"UM GOVERNO PARA TODOS","publisher":{"@id":"https:\/\/www.cambe.pr.gov.br\/#organization"},"potentialAction":[{"@type":"SearchAction","target":{"@type":"EntryPoint","urlTemplate":"https:\/\/www.cambe.pr.gov.br\/?s={search_term_string}"},"query-input":{"@type":"PropertyValueSpecification","valueRequired":true,"valueName":"search_term_string"}}],"inLanguage":"pt-BR"},{"@type":"Organization","@id":"https:\/\/www.cambe.pr.gov.br\/#organization","name":"Prefeitura de Camb\u00e9","url":"https:\/\/www.cambe.pr.gov.br\/","logo":{"@type":"ImageObject","inLanguage":"pt-BR","@id":"https:\/\/www.cambe.pr.gov.br\/#\/schema\/logo\/image\/","url":"https:\/\/www.cambe.pr.gov.br\/wp-content\/uploads\/2021\/01\/cropped-cropped-cambe_brazao-icone.png","contentUrl":"https:\/\/www.cambe.pr.gov.br\/wp-content\/uploads\/2021\/01\/cropped-cropped-cambe_brazao-icone.png","width":240,"height":240,"caption":"Prefeitura de Camb\u00e9"},"image":{"@id":"https:\/\/www.cambe.pr.gov.br\/#\/schema\/logo\/image\/"},"sameAs":["https:\/\/m.facebook.com\/prefeituradecambe"]},{"@type":"Person","@id":"https:\/\/www.cambe.pr.gov.br\/#\/schema\/person\/e08f7c43a641b2ec036e4e867ec483e4","name":"Thiago Mossini Balbino dos Santos","image":{"@type":"ImageObject","inLanguage":"pt-BR","@id":"https:\/\/secure.gravatar.com\/avatar\/d957ed4e1bc3ebf5769d1003f9709cd2012ebf424eb4a5d76a933fee30e874b6?s=96&d=mm&r=g","url":"https:\/\/secure.gravatar.com\/avatar\/d957ed4e1bc3ebf5769d1003f9709cd2012ebf424eb4a5d76a933fee30e874b6?s=96&d=mm&r=g","contentUrl":"https:\/\/secure.gravatar.com\/avatar\/d957ed4e1bc3ebf5769d1003f9709cd2012ebf424eb4a5d76a933fee30e874b6?s=96&d=mm&r=g","caption":"Thiago Mossini Balbino dos Santos"},"url":"https:\/\/www.cambe.pr.gov.br\/index.php\/author\/tmbsantos\/"}]}},"_links":{"self":[{"href":"https:\/\/www.cambe.pr.gov.br\/index.php\/wp-json\/wp\/v2\/posts\/8830","targetHints":{"allow":["GET"]}}],"collection":[{"href":"https:\/\/www.cambe.pr.gov.br\/index.php\/wp-json\/wp\/v2\/posts"}],"about":[{"href":"https:\/\/www.cambe.pr.gov.br\/index.php\/wp-json\/wp\/v2\/types\/post"}],"author":[{"embeddable":true,"href":"https:\/\/www.cambe.pr.gov.br\/index.php\/wp-json\/wp\/v2\/users\/2"}],"replies":[{"embeddable":true,"href":"https:\/\/www.cambe.pr.gov.br\/index.php\/wp-json\/wp\/v2\/comments?post=8830"}],"version-history":[{"count":13,"href":"https:\/\/www.cambe.pr.gov.br\/index.php\/wp-json\/wp\/v2\/posts\/8830\/revisions"}],"predecessor-version":[{"id":8862,"href":"https:\/\/www.cambe.pr.gov.br\/index.php\/wp-json\/wp\/v2\/posts\/8830\/revisions\/8862"}],"wp:attachment":[{"href":"https:\/\/www.cambe.pr.gov.br\/index.php\/wp-json\/wp\/v2\/media?parent=8830"}],"wp:term":[{"taxonomy":"category","embeddable":true,"href":"https:\/\/www.cambe.pr.gov.br\/index.php\/wp-json\/wp\/v2\/categories?post=8830"},{"taxonomy":"post_tag","embeddable":true,"href":"https:\/\/www.cambe.pr.gov.br\/index.php\/wp-json\/wp\/v2\/tags?post=8830"}],"curies":[{"name":"wp","href":"https:\/\/api.w.org\/{rel}","templated":true}]}}