{"id":8308,"date":"2022-11-09T14:40:53","date_gmt":"2022-11-09T17:40:53","guid":{"rendered":"http:\/\/www.cambe.pr.gov.br\/?p=8308"},"modified":"2024-10-07T13:01:05","modified_gmt":"2024-10-07T16:01:05","slug":"inscricoes-para-a-12a-conferencia-municipal-dos-direitos-da-crianca-e-do-adolescente-de-cambe-estao-abertas","status":"publish","type":"post","link":"https:\/\/www.cambe.pr.gov.br\/index.php\/inscricoes-para-a-12a-conferencia-municipal-dos-direitos-da-crianca-e-do-adolescente-de-cambe-estao-abertas\/","title":{"rendered":"Inscri\u00e7\u00f5es para a 12\u00aa Confer\u00eancia dos Direitos da Crian\u00e7a e do Adolescente de Camb\u00e9 est\u00e3o abertas"},"content":{"rendered":"<p style=\"text-align: justify;\"><span style=\"font-weight: 400; font-family: arial, helvetica, sans-serif;\"><img fetchpriority=\"high\" decoding=\"async\" class=\"wp-image-8360 size-large alignleft\" src=\"https:\/\/www.cambe.pr.gov.br\/wp-content\/uploads\/2022\/11\/WhatsApp-Image-2022-11-07-at-16.21.35-1024x1024.jpeg\" alt=\"\" width=\"610\" height=\"610\" srcset=\"https:\/\/www.cambe.pr.gov.br\/wp-content\/uploads\/2022\/11\/WhatsApp-Image-2022-11-07-at-16.21.35-1024x1024.jpeg 1024w, https:\/\/www.cambe.pr.gov.br\/wp-content\/uploads\/2022\/11\/WhatsApp-Image-2022-11-07-at-16.21.35-300x300.jpeg 300w, https:\/\/www.cambe.pr.gov.br\/wp-content\/uploads\/2022\/11\/WhatsApp-Image-2022-11-07-at-16.21.35-150x150.jpeg 150w, https:\/\/www.cambe.pr.gov.br\/wp-content\/uploads\/2022\/11\/WhatsApp-Image-2022-11-07-at-16.21.35-768x768.jpeg 768w, https:\/\/www.cambe.pr.gov.br\/wp-content\/uploads\/2022\/11\/WhatsApp-Image-2022-11-07-at-16.21.35-50x50.jpeg 50w, https:\/\/www.cambe.pr.gov.br\/wp-content\/uploads\/2022\/11\/WhatsApp-Image-2022-11-07-at-16.21.35-80x80.jpeg 80w, https:\/\/www.cambe.pr.gov.br\/wp-content\/uploads\/2022\/11\/WhatsApp-Image-2022-11-07-at-16.21.35.jpeg 1280w\" sizes=\"(max-width: 610px) 100vw, 610px\" \/>\u00c9 essencial que a sociedade se mobilize em prol das crian\u00e7as e dos adolescentes, ainda mais nesse per\u00edodo de p\u00f3s-pandemia. Por conta disso, a Prefeitura de Camb\u00e9 vai realizar a 12\u00aa Confer\u00eancia Municipal dos Direitos da Crian\u00e7a e do Adolescente. O evento vai acontecer no dia 17 de novembro, das 8h \u00e0s 17h, no Sal\u00e3o Paroquial Santo Ant\u00f4nio (Rua Espanha, 289), e vai abordar a tem\u00e1tica da pandemia da Covid-19 na vida das crian\u00e7as e adolescentes. Toda a popula\u00e7\u00e3o pode participar da confer\u00eancia e as inscri\u00e7\u00f5es devem ser feitas at\u00e9 o dia 14 de novembro atrav\u00e9s desse <a href=\"https:\/\/docs.google.com\/forms\/d\/e\/1FAIpQLScde2_Xl2_QNXCM755c7Bln0ZRsK1zffdKNkl3eKu0LOAOYMg\/viewform\">link.<\/a> <\/span><\/p>\n<p style=\"text-align: justify;\"><span style=\"font-family: arial, helvetica, sans-serif;\">Fl\u00e1via Iwakura, diretora de Prote\u00e7\u00e3o Especial da Secretaria de Assist\u00eancia Social, explica que o objetivo da Confer\u00eancia Municipal dos Direitos da Crian\u00e7a e do Adolescente \u00e9 discutir temas e assuntos que t\u00eam rela\u00e7\u00e3o ou que podem afetar essa popula\u00e7\u00e3o. Ela esclarece que a tem\u00e1tica deste ano \u00e9: &#8216;a situa\u00e7\u00e3o dos direitos humanos de crian\u00e7as e adolescentes em tempo de pandemia da Covid-19: viola\u00e7\u00f5es e vulnerabilidades, a\u00e7\u00f5es necess\u00e1rias para repara\u00e7\u00e3o e garantia de pol\u00edticas de prote\u00e7\u00e3o integral, com respeito \u00e0 diversidade&#8217;.\u00a0<\/span><\/p>\n<p style=\"text-align: justify;\"><span style=\"font-weight: 400; font-family: arial, helvetica, sans-serif;\">O tema geral \u00e9 subdividido em cinco eixos, que abrangem desde a promo\u00e7\u00e3o e garantia dos direitos das crian\u00e7as e adolescentes at\u00e9 a destina\u00e7\u00e3o de recursos para o desenvolvimento de pol\u00edticas p\u00fablicas voltadas para a \u00e1rea. \u201cDepois de toda a discuss\u00e3o, vamos propor a\u00e7\u00f5es de preven\u00e7\u00e3o, promo\u00e7\u00e3o e defesa dos direitos das crian\u00e7as e adolescentes do munic\u00edpio, buscando reparar os danos causados pela pandemia da Covid-19\u201d, ressalta. Iwakura tamb\u00e9m destaca que o evento acontece a cada dois anos; a \u00faltima edi\u00e7\u00e3o foi em 2018, j\u00e1 que a de 2020 precisou ser suspensa por conta da pandemia.\u00a0<\/span><\/p>\n<p style=\"text-align: justify;\"><span style=\"font-family: arial, helvetica, sans-serif;\">Lucimara Frasson, presidente do Conselho Municipal da Crian\u00e7a e do Adolescente de Camb\u00e9 (CMDCA), ressalta que a confer\u00eancia \u00e9 aberta ao p\u00fablico e vai contar com a participa\u00e7\u00e3o de crian\u00e7as e adolescentes, representantes da Vara da Inf\u00e2ncia, do Minist\u00e9rio P\u00fablico, das pol\u00edcias Civil e Militar, do Legislativo, do Conselho Tutelar e das Secretarias de Sa\u00fade, Assist\u00eancia Social e Educa\u00e7\u00e3o. No dia, tamb\u00e9m vai ser feita uma vota\u00e7\u00e3o para eleger duas pessoas (delegados) que v\u00e3o representar o munic\u00edpio na Confer\u00eancia Estadual <span style=\"font-weight: 400; font-family: arial, helvetica, sans-serif;\">dos Direitos da Crian\u00e7a e do Adolescente, que vai ser realizada entre janeiro e agosto de 2023. <\/span><\/span><\/p>\n<p style=\"text-align: justify;\"><span style=\"font-family: arial, helvetica, sans-serif;\"><span style=\"font-weight: 400; font-family: arial, helvetica, sans-serif;\">Frasson destaca que cada segmento ou entidade pode cadastrar um n\u00famero espec\u00edfico &#8211; de dois a 10 &#8211; delegados, que ter\u00e3o direito a voz e voto na confer\u00eancia. Al\u00e9m disso, segundo ela, est\u00e3o sendo convidadas crian\u00e7as e adolescentes da rede municipal e estadual de Educa\u00e7\u00e3o ou que est\u00e3o inclusas em grupos ou projetos socias para participarem da confer\u00eancia. Crian\u00e7as e adolescentes &#8211; ou seus representantes &#8211; devem compor 30% do n\u00famero de delegados participantes e tamb\u00e9m tem direito a falar e a votar.\u00a0<\/span><\/span><\/p>\n<p style=\"text-align: justify;\"><span style=\"font-family: arial, helvetica, sans-serif;\">&#8220;Esse \u00e9 um espa\u00e7o que temos para mobilizar toda a sociedade para a constru\u00e7\u00e3o de propostas voltadas para a prote\u00e7\u00e3o integral das crian\u00e7as e adolescentes atrav\u00e9s de\u00a0 pol\u00edticas p\u00fablicas, fortalecendo as estrat\u00e9gias e a\u00e7\u00f5es para os pr\u00f3ximos anos&#8221;, explica Lucimara Frasson.<\/span><\/p>\n<p style=\"text-align: justify;\"><span style=\"font-family: arial, helvetica, sans-serif;\">&#8220;A pandemia afetou toda a popula\u00e7\u00e3o, mas a parte mais fr\u00e1gil e atingida foi a das crian\u00e7as e adolescentes, por isso \u00e9 t\u00e3o importante promover uma mobiliza\u00e7\u00e3o em todas as esferas para refletir e avaliar os reflexos da pandemia na vida das crian\u00e7as, adolescentes e de suas fam\u00edlias&#8221;, finaliza Fl\u00e1via Iwakura.\u00a0<\/span><\/p>\n<p>&nbsp;<\/p>\n","protected":false},"excerpt":{"rendered":"<p>\u00c9 essencial que a sociedade se mobilize em prol das crian\u00e7as e dos adolescentes, ainda mais nesse per\u00edodo de p\u00f3s-pandemia. Por conta disso, a Prefeitura de Camb\u00e9 vai realizar a 12\u00aa Confer\u00eancia Municipal dos Direitos da Crian\u00e7a e do Adolescente. O evento vai acontecer no dia 17 de novembro, das 8h \u00e0s 17h, no Sal\u00e3o [&hellip;]<\/p>\n","protected":false},"author":2,"featured_media":0,"comment_status":"closed","ping_status":"open","sticky":false,"template":"","format":"standard","meta":{"ngg_post_thumbnail":0,"footnotes":""},"categories":[1],"tags":[],"class_list":["post-8308","post","type-post","status-publish","format-standard","hentry","category-principal"],"yoast_head":"<!-- This site is optimized with the Yoast SEO plugin v27.4 - https:\/\/yoast.com\/product\/yoast-seo-wordpress\/ -->\n<title>Inscri\u00e7\u00f5es para a 12\u00aa Confer\u00eancia dos Direitos da Crian\u00e7a e do Adolescente de Camb\u00e9 est\u00e3o abertas - Prefeitura de Camb\u00e9<\/title>\n<meta name=\"robots\" content=\"index, follow, max-snippet:-1, max-image-preview:large, max-video-preview:-1\" \/>\n<link rel=\"canonical\" href=\"https:\/\/www.cambe.pr.gov.br\/index.php\/inscricoes-para-a-12a-conferencia-municipal-dos-direitos-da-crianca-e-do-adolescente-de-cambe-estao-abertas\/\" \/>\n<meta property=\"og:locale\" content=\"pt_BR\" \/>\n<meta property=\"og:type\" content=\"article\" \/>\n<meta property=\"og:title\" content=\"Inscri\u00e7\u00f5es para a 12\u00aa Confer\u00eancia dos Direitos da Crian\u00e7a e do Adolescente de Camb\u00e9 est\u00e3o abertas - Prefeitura de Camb\u00e9\" \/>\n<meta property=\"og:description\" content=\"\u00c9 essencial que a sociedade se mobilize em prol das crian\u00e7as e dos adolescentes, ainda mais nesse per\u00edodo de p\u00f3s-pandemia. Por conta disso, a Prefeitura de Camb\u00e9 vai realizar a 12\u00aa Confer\u00eancia Municipal dos Direitos da Crian\u00e7a e do Adolescente. O evento vai acontecer no dia 17 de novembro, das 8h \u00e0s 17h, no Sal\u00e3o [&hellip;]\" \/>\n<meta property=\"og:url\" content=\"https:\/\/www.cambe.pr.gov.br\/index.php\/inscricoes-para-a-12a-conferencia-municipal-dos-direitos-da-crianca-e-do-adolescente-de-cambe-estao-abertas\/\" \/>\n<meta property=\"og:site_name\" content=\"Prefeitura de Camb\u00e9\" \/>\n<meta property=\"article:publisher\" content=\"https:\/\/m.facebook.com\/prefeituradecambe\" \/>\n<meta property=\"article:published_time\" content=\"2022-11-09T17:40:53+00:00\" \/>\n<meta property=\"article:modified_time\" content=\"2024-10-07T16:01:05+00:00\" \/>\n<meta property=\"og:image\" content=\"http:\/\/www.cambe.pr.gov.br\/wp-content\/uploads\/2022\/11\/WhatsApp-Image-2022-11-07-at-16.21.35-1024x1024.jpeg\" \/>\n<meta name=\"author\" content=\"Thiago Mossini Balbino dos Santos\" \/>\n<meta name=\"twitter:card\" content=\"summary_large_image\" \/>\n<meta name=\"twitter:label1\" content=\"Escrito por\" \/>\n\t<meta name=\"twitter:data1\" content=\"Thiago Mossini Balbino dos Santos\" \/>\n\t<meta name=\"twitter:label2\" content=\"Est. tempo de leitura\" \/>\n\t<meta name=\"twitter:data2\" content=\"3 minutos\" \/>\n<script type=\"application\/ld+json\" class=\"yoast-schema-graph\">{\"@context\":\"https:\\\/\\\/schema.org\",\"@graph\":[{\"@type\":\"Article\",\"@id\":\"https:\\\/\\\/www.cambe.pr.gov.br\\\/index.php\\\/inscricoes-para-a-12a-conferencia-municipal-dos-direitos-da-crianca-e-do-adolescente-de-cambe-estao-abertas\\\/#article\",\"isPartOf\":{\"@id\":\"https:\\\/\\\/www.cambe.pr.gov.br\\\/index.php\\\/inscricoes-para-a-12a-conferencia-municipal-dos-direitos-da-crianca-e-do-adolescente-de-cambe-estao-abertas\\\/\"},\"author\":{\"name\":\"Thiago Mossini Balbino dos Santos\",\"@id\":\"https:\\\/\\\/www.cambe.pr.gov.br\\\/#\\\/schema\\\/person\\\/e08f7c43a641b2ec036e4e867ec483e4\"},\"headline\":\"Inscri\u00e7\u00f5es para a 12\u00aa Confer\u00eancia dos Direitos da Crian\u00e7a e do Adolescente de Camb\u00e9 est\u00e3o abertas\",\"datePublished\":\"2022-11-09T17:40:53+00:00\",\"dateModified\":\"2024-10-07T16:01:05+00:00\",\"mainEntityOfPage\":{\"@id\":\"https:\\\/\\\/www.cambe.pr.gov.br\\\/index.php\\\/inscricoes-para-a-12a-conferencia-municipal-dos-direitos-da-crianca-e-do-adolescente-de-cambe-estao-abertas\\\/\"},\"wordCount\":641,\"publisher\":{\"@id\":\"https:\\\/\\\/www.cambe.pr.gov.br\\\/#organization\"},\"image\":{\"@id\":\"https:\\\/\\\/www.cambe.pr.gov.br\\\/index.php\\\/inscricoes-para-a-12a-conferencia-municipal-dos-direitos-da-crianca-e-do-adolescente-de-cambe-estao-abertas\\\/#primaryimage\"},\"thumbnailUrl\":\"http:\\\/\\\/www.cambe.pr.gov.br\\\/wp-content\\\/uploads\\\/2022\\\/11\\\/WhatsApp-Image-2022-11-07-at-16.21.35-1024x1024.jpeg\",\"articleSection\":[\"Principal\"],\"inLanguage\":\"pt-BR\"},{\"@type\":\"WebPage\",\"@id\":\"https:\\\/\\\/www.cambe.pr.gov.br\\\/index.php\\\/inscricoes-para-a-12a-conferencia-municipal-dos-direitos-da-crianca-e-do-adolescente-de-cambe-estao-abertas\\\/\",\"url\":\"https:\\\/\\\/www.cambe.pr.gov.br\\\/index.php\\\/inscricoes-para-a-12a-conferencia-municipal-dos-direitos-da-crianca-e-do-adolescente-de-cambe-estao-abertas\\\/\",\"name\":\"Inscri\u00e7\u00f5es para a 12\u00aa Confer\u00eancia dos Direitos da Crian\u00e7a e do Adolescente de Camb\u00e9 est\u00e3o abertas - Prefeitura de Camb\u00e9\",\"isPartOf\":{\"@id\":\"https:\\\/\\\/www.cambe.pr.gov.br\\\/#website\"},\"primaryImageOfPage\":{\"@id\":\"https:\\\/\\\/www.cambe.pr.gov.br\\\/index.php\\\/inscricoes-para-a-12a-conferencia-municipal-dos-direitos-da-crianca-e-do-adolescente-de-cambe-estao-abertas\\\/#primaryimage\"},\"image\":{\"@id\":\"https:\\\/\\\/www.cambe.pr.gov.br\\\/index.php\\\/inscricoes-para-a-12a-conferencia-municipal-dos-direitos-da-crianca-e-do-adolescente-de-cambe-estao-abertas\\\/#primaryimage\"},\"thumbnailUrl\":\"http:\\\/\\\/www.cambe.pr.gov.br\\\/wp-content\\\/uploads\\\/2022\\\/11\\\/WhatsApp-Image-2022-11-07-at-16.21.35-1024x1024.jpeg\",\"datePublished\":\"2022-11-09T17:40:53+00:00\",\"dateModified\":\"2024-10-07T16:01:05+00:00\",\"breadcrumb\":{\"@id\":\"https:\\\/\\\/www.cambe.pr.gov.br\\\/index.php\\\/inscricoes-para-a-12a-conferencia-municipal-dos-direitos-da-crianca-e-do-adolescente-de-cambe-estao-abertas\\\/#breadcrumb\"},\"inLanguage\":\"pt-BR\",\"potentialAction\":[{\"@type\":\"ReadAction\",\"target\":[\"https:\\\/\\\/www.cambe.pr.gov.br\\\/index.php\\\/inscricoes-para-a-12a-conferencia-municipal-dos-direitos-da-crianca-e-do-adolescente-de-cambe-estao-abertas\\\/\"]}]},{\"@type\":\"ImageObject\",\"inLanguage\":\"pt-BR\",\"@id\":\"https:\\\/\\\/www.cambe.pr.gov.br\\\/index.php\\\/inscricoes-para-a-12a-conferencia-municipal-dos-direitos-da-crianca-e-do-adolescente-de-cambe-estao-abertas\\\/#primaryimage\",\"url\":\"http:\\\/\\\/www.cambe.pr.gov.br\\\/wp-content\\\/uploads\\\/2022\\\/11\\\/WhatsApp-Image-2022-11-07-at-16.21.35-1024x1024.jpeg\",\"contentUrl\":\"http:\\\/\\\/www.cambe.pr.gov.br\\\/wp-content\\\/uploads\\\/2022\\\/11\\\/WhatsApp-Image-2022-11-07-at-16.21.35-1024x1024.jpeg\"},{\"@type\":\"BreadcrumbList\",\"@id\":\"https:\\\/\\\/www.cambe.pr.gov.br\\\/index.php\\\/inscricoes-para-a-12a-conferencia-municipal-dos-direitos-da-crianca-e-do-adolescente-de-cambe-estao-abertas\\\/#breadcrumb\",\"itemListElement\":[{\"@type\":\"ListItem\",\"position\":1,\"name\":\"In\u00edcio\",\"item\":\"https:\\\/\\\/www.cambe.pr.gov.br\\\/\"},{\"@type\":\"ListItem\",\"position\":2,\"name\":\"Inscri\u00e7\u00f5es para a 12\u00aa Confer\u00eancia dos Direitos da Crian\u00e7a e do Adolescente de Camb\u00e9 est\u00e3o abertas\"}]},{\"@type\":\"WebSite\",\"@id\":\"https:\\\/\\\/www.cambe.pr.gov.br\\\/#website\",\"url\":\"https:\\\/\\\/www.cambe.pr.gov.br\\\/\",\"name\":\"Prefeitura de Camb\u00e9\",\"description\":\"UM GOVERNO PARA TODOS\",\"publisher\":{\"@id\":\"https:\\\/\\\/www.cambe.pr.gov.br\\\/#organization\"},\"potentialAction\":[{\"@type\":\"SearchAction\",\"target\":{\"@type\":\"EntryPoint\",\"urlTemplate\":\"https:\\\/\\\/www.cambe.pr.gov.br\\\/?s={search_term_string}\"},\"query-input\":{\"@type\":\"PropertyValueSpecification\",\"valueRequired\":true,\"valueName\":\"search_term_string\"}}],\"inLanguage\":\"pt-BR\"},{\"@type\":\"Organization\",\"@id\":\"https:\\\/\\\/www.cambe.pr.gov.br\\\/#organization\",\"name\":\"Prefeitura de Camb\u00e9\",\"url\":\"https:\\\/\\\/www.cambe.pr.gov.br\\\/\",\"logo\":{\"@type\":\"ImageObject\",\"inLanguage\":\"pt-BR\",\"@id\":\"https:\\\/\\\/www.cambe.pr.gov.br\\\/#\\\/schema\\\/logo\\\/image\\\/\",\"url\":\"https:\\\/\\\/www.cambe.pr.gov.br\\\/wp-content\\\/uploads\\\/2021\\\/01\\\/cropped-cropped-cambe_brazao-icone.png\",\"contentUrl\":\"https:\\\/\\\/www.cambe.pr.gov.br\\\/wp-content\\\/uploads\\\/2021\\\/01\\\/cropped-cropped-cambe_brazao-icone.png\",\"width\":240,\"height\":240,\"caption\":\"Prefeitura de Camb\u00e9\"},\"image\":{\"@id\":\"https:\\\/\\\/www.cambe.pr.gov.br\\\/#\\\/schema\\\/logo\\\/image\\\/\"},\"sameAs\":[\"https:\\\/\\\/m.facebook.com\\\/prefeituradecambe\"]},{\"@type\":\"Person\",\"@id\":\"https:\\\/\\\/www.cambe.pr.gov.br\\\/#\\\/schema\\\/person\\\/e08f7c43a641b2ec036e4e867ec483e4\",\"name\":\"Thiago Mossini Balbino dos Santos\",\"image\":{\"@type\":\"ImageObject\",\"inLanguage\":\"pt-BR\",\"@id\":\"https:\\\/\\\/secure.gravatar.com\\\/avatar\\\/d957ed4e1bc3ebf5769d1003f9709cd2012ebf424eb4a5d76a933fee30e874b6?s=96&d=mm&r=g\",\"url\":\"https:\\\/\\\/secure.gravatar.com\\\/avatar\\\/d957ed4e1bc3ebf5769d1003f9709cd2012ebf424eb4a5d76a933fee30e874b6?s=96&d=mm&r=g\",\"contentUrl\":\"https:\\\/\\\/secure.gravatar.com\\\/avatar\\\/d957ed4e1bc3ebf5769d1003f9709cd2012ebf424eb4a5d76a933fee30e874b6?s=96&d=mm&r=g\",\"caption\":\"Thiago Mossini Balbino dos Santos\"},\"url\":\"https:\\\/\\\/www.cambe.pr.gov.br\\\/index.php\\\/author\\\/tmbsantos\\\/\"}]}<\/script>\n<!-- \/ Yoast SEO plugin. -->","yoast_head_json":{"title":"Inscri\u00e7\u00f5es para a 12\u00aa Confer\u00eancia dos Direitos da Crian\u00e7a e do Adolescente de Camb\u00e9 est\u00e3o abertas - Prefeitura de Camb\u00e9","robots":{"index":"index","follow":"follow","max-snippet":"max-snippet:-1","max-image-preview":"max-image-preview:large","max-video-preview":"max-video-preview:-1"},"canonical":"https:\/\/www.cambe.pr.gov.br\/index.php\/inscricoes-para-a-12a-conferencia-municipal-dos-direitos-da-crianca-e-do-adolescente-de-cambe-estao-abertas\/","og_locale":"pt_BR","og_type":"article","og_title":"Inscri\u00e7\u00f5es para a 12\u00aa Confer\u00eancia dos Direitos da Crian\u00e7a e do Adolescente de Camb\u00e9 est\u00e3o abertas - Prefeitura de Camb\u00e9","og_description":"\u00c9 essencial que a sociedade se mobilize em prol das crian\u00e7as e dos adolescentes, ainda mais nesse per\u00edodo de p\u00f3s-pandemia. Por conta disso, a Prefeitura de Camb\u00e9 vai realizar a 12\u00aa Confer\u00eancia Municipal dos Direitos da Crian\u00e7a e do Adolescente. O evento vai acontecer no dia 17 de novembro, das 8h \u00e0s 17h, no Sal\u00e3o [&hellip;]","og_url":"https:\/\/www.cambe.pr.gov.br\/index.php\/inscricoes-para-a-12a-conferencia-municipal-dos-direitos-da-crianca-e-do-adolescente-de-cambe-estao-abertas\/","og_site_name":"Prefeitura de Camb\u00e9","article_publisher":"https:\/\/m.facebook.com\/prefeituradecambe","article_published_time":"2022-11-09T17:40:53+00:00","article_modified_time":"2024-10-07T16:01:05+00:00","og_image":[{"url":"http:\/\/www.cambe.pr.gov.br\/wp-content\/uploads\/2022\/11\/WhatsApp-Image-2022-11-07-at-16.21.35-1024x1024.jpeg","type":"","width":"","height":""}],"author":"Thiago Mossini Balbino dos Santos","twitter_card":"summary_large_image","twitter_misc":{"Escrito por":"Thiago Mossini Balbino dos Santos","Est. tempo de leitura":"3 minutos"},"schema":{"@context":"https:\/\/schema.org","@graph":[{"@type":"Article","@id":"https:\/\/www.cambe.pr.gov.br\/index.php\/inscricoes-para-a-12a-conferencia-municipal-dos-direitos-da-crianca-e-do-adolescente-de-cambe-estao-abertas\/#article","isPartOf":{"@id":"https:\/\/www.cambe.pr.gov.br\/index.php\/inscricoes-para-a-12a-conferencia-municipal-dos-direitos-da-crianca-e-do-adolescente-de-cambe-estao-abertas\/"},"author":{"name":"Thiago Mossini Balbino dos Santos","@id":"https:\/\/www.cambe.pr.gov.br\/#\/schema\/person\/e08f7c43a641b2ec036e4e867ec483e4"},"headline":"Inscri\u00e7\u00f5es para a 12\u00aa Confer\u00eancia dos Direitos da Crian\u00e7a e do Adolescente de Camb\u00e9 est\u00e3o abertas","datePublished":"2022-11-09T17:40:53+00:00","dateModified":"2024-10-07T16:01:05+00:00","mainEntityOfPage":{"@id":"https:\/\/www.cambe.pr.gov.br\/index.php\/inscricoes-para-a-12a-conferencia-municipal-dos-direitos-da-crianca-e-do-adolescente-de-cambe-estao-abertas\/"},"wordCount":641,"publisher":{"@id":"https:\/\/www.cambe.pr.gov.br\/#organization"},"image":{"@id":"https:\/\/www.cambe.pr.gov.br\/index.php\/inscricoes-para-a-12a-conferencia-municipal-dos-direitos-da-crianca-e-do-adolescente-de-cambe-estao-abertas\/#primaryimage"},"thumbnailUrl":"http:\/\/www.cambe.pr.gov.br\/wp-content\/uploads\/2022\/11\/WhatsApp-Image-2022-11-07-at-16.21.35-1024x1024.jpeg","articleSection":["Principal"],"inLanguage":"pt-BR"},{"@type":"WebPage","@id":"https:\/\/www.cambe.pr.gov.br\/index.php\/inscricoes-para-a-12a-conferencia-municipal-dos-direitos-da-crianca-e-do-adolescente-de-cambe-estao-abertas\/","url":"https:\/\/www.cambe.pr.gov.br\/index.php\/inscricoes-para-a-12a-conferencia-municipal-dos-direitos-da-crianca-e-do-adolescente-de-cambe-estao-abertas\/","name":"Inscri\u00e7\u00f5es para a 12\u00aa Confer\u00eancia dos Direitos da Crian\u00e7a e do Adolescente de Camb\u00e9 est\u00e3o abertas - Prefeitura de Camb\u00e9","isPartOf":{"@id":"https:\/\/www.cambe.pr.gov.br\/#website"},"primaryImageOfPage":{"@id":"https:\/\/www.cambe.pr.gov.br\/index.php\/inscricoes-para-a-12a-conferencia-municipal-dos-direitos-da-crianca-e-do-adolescente-de-cambe-estao-abertas\/#primaryimage"},"image":{"@id":"https:\/\/www.cambe.pr.gov.br\/index.php\/inscricoes-para-a-12a-conferencia-municipal-dos-direitos-da-crianca-e-do-adolescente-de-cambe-estao-abertas\/#primaryimage"},"thumbnailUrl":"http:\/\/www.cambe.pr.gov.br\/wp-content\/uploads\/2022\/11\/WhatsApp-Image-2022-11-07-at-16.21.35-1024x1024.jpeg","datePublished":"2022-11-09T17:40:53+00:00","dateModified":"2024-10-07T16:01:05+00:00","breadcrumb":{"@id":"https:\/\/www.cambe.pr.gov.br\/index.php\/inscricoes-para-a-12a-conferencia-municipal-dos-direitos-da-crianca-e-do-adolescente-de-cambe-estao-abertas\/#breadcrumb"},"inLanguage":"pt-BR","potentialAction":[{"@type":"ReadAction","target":["https:\/\/www.cambe.pr.gov.br\/index.php\/inscricoes-para-a-12a-conferencia-municipal-dos-direitos-da-crianca-e-do-adolescente-de-cambe-estao-abertas\/"]}]},{"@type":"ImageObject","inLanguage":"pt-BR","@id":"https:\/\/www.cambe.pr.gov.br\/index.php\/inscricoes-para-a-12a-conferencia-municipal-dos-direitos-da-crianca-e-do-adolescente-de-cambe-estao-abertas\/#primaryimage","url":"http:\/\/www.cambe.pr.gov.br\/wp-content\/uploads\/2022\/11\/WhatsApp-Image-2022-11-07-at-16.21.35-1024x1024.jpeg","contentUrl":"http:\/\/www.cambe.pr.gov.br\/wp-content\/uploads\/2022\/11\/WhatsApp-Image-2022-11-07-at-16.21.35-1024x1024.jpeg"},{"@type":"BreadcrumbList","@id":"https:\/\/www.cambe.pr.gov.br\/index.php\/inscricoes-para-a-12a-conferencia-municipal-dos-direitos-da-crianca-e-do-adolescente-de-cambe-estao-abertas\/#breadcrumb","itemListElement":[{"@type":"ListItem","position":1,"name":"In\u00edcio","item":"https:\/\/www.cambe.pr.gov.br\/"},{"@type":"ListItem","position":2,"name":"Inscri\u00e7\u00f5es para a 12\u00aa Confer\u00eancia dos Direitos da Crian\u00e7a e do Adolescente de Camb\u00e9 est\u00e3o abertas"}]},{"@type":"WebSite","@id":"https:\/\/www.cambe.pr.gov.br\/#website","url":"https:\/\/www.cambe.pr.gov.br\/","name":"Prefeitura de Camb\u00e9","description":"UM GOVERNO PARA TODOS","publisher":{"@id":"https:\/\/www.cambe.pr.gov.br\/#organization"},"potentialAction":[{"@type":"SearchAction","target":{"@type":"EntryPoint","urlTemplate":"https:\/\/www.cambe.pr.gov.br\/?s={search_term_string}"},"query-input":{"@type":"PropertyValueSpecification","valueRequired":true,"valueName":"search_term_string"}}],"inLanguage":"pt-BR"},{"@type":"Organization","@id":"https:\/\/www.cambe.pr.gov.br\/#organization","name":"Prefeitura de Camb\u00e9","url":"https:\/\/www.cambe.pr.gov.br\/","logo":{"@type":"ImageObject","inLanguage":"pt-BR","@id":"https:\/\/www.cambe.pr.gov.br\/#\/schema\/logo\/image\/","url":"https:\/\/www.cambe.pr.gov.br\/wp-content\/uploads\/2021\/01\/cropped-cropped-cambe_brazao-icone.png","contentUrl":"https:\/\/www.cambe.pr.gov.br\/wp-content\/uploads\/2021\/01\/cropped-cropped-cambe_brazao-icone.png","width":240,"height":240,"caption":"Prefeitura de Camb\u00e9"},"image":{"@id":"https:\/\/www.cambe.pr.gov.br\/#\/schema\/logo\/image\/"},"sameAs":["https:\/\/m.facebook.com\/prefeituradecambe"]},{"@type":"Person","@id":"https:\/\/www.cambe.pr.gov.br\/#\/schema\/person\/e08f7c43a641b2ec036e4e867ec483e4","name":"Thiago Mossini Balbino dos Santos","image":{"@type":"ImageObject","inLanguage":"pt-BR","@id":"https:\/\/secure.gravatar.com\/avatar\/d957ed4e1bc3ebf5769d1003f9709cd2012ebf424eb4a5d76a933fee30e874b6?s=96&d=mm&r=g","url":"https:\/\/secure.gravatar.com\/avatar\/d957ed4e1bc3ebf5769d1003f9709cd2012ebf424eb4a5d76a933fee30e874b6?s=96&d=mm&r=g","contentUrl":"https:\/\/secure.gravatar.com\/avatar\/d957ed4e1bc3ebf5769d1003f9709cd2012ebf424eb4a5d76a933fee30e874b6?s=96&d=mm&r=g","caption":"Thiago Mossini Balbino dos Santos"},"url":"https:\/\/www.cambe.pr.gov.br\/index.php\/author\/tmbsantos\/"}]}},"_links":{"self":[{"href":"https:\/\/www.cambe.pr.gov.br\/index.php\/wp-json\/wp\/v2\/posts\/8308","targetHints":{"allow":["GET"]}}],"collection":[{"href":"https:\/\/www.cambe.pr.gov.br\/index.php\/wp-json\/wp\/v2\/posts"}],"about":[{"href":"https:\/\/www.cambe.pr.gov.br\/index.php\/wp-json\/wp\/v2\/types\/post"}],"author":[{"embeddable":true,"href":"https:\/\/www.cambe.pr.gov.br\/index.php\/wp-json\/wp\/v2\/users\/2"}],"replies":[{"embeddable":true,"href":"https:\/\/www.cambe.pr.gov.br\/index.php\/wp-json\/wp\/v2\/comments?post=8308"}],"version-history":[{"count":11,"href":"https:\/\/www.cambe.pr.gov.br\/index.php\/wp-json\/wp\/v2\/posts\/8308\/revisions"}],"predecessor-version":[{"id":8384,"href":"https:\/\/www.cambe.pr.gov.br\/index.php\/wp-json\/wp\/v2\/posts\/8308\/revisions\/8384"}],"wp:attachment":[{"href":"https:\/\/www.cambe.pr.gov.br\/index.php\/wp-json\/wp\/v2\/media?parent=8308"}],"wp:term":[{"taxonomy":"category","embeddable":true,"href":"https:\/\/www.cambe.pr.gov.br\/index.php\/wp-json\/wp\/v2\/categories?post=8308"},{"taxonomy":"post_tag","embeddable":true,"href":"https:\/\/www.cambe.pr.gov.br\/index.php\/wp-json\/wp\/v2\/tags?post=8308"}],"curies":[{"name":"wp","href":"https:\/\/api.w.org\/{rel}","templated":true}]}}