{"id":8188,"date":"2022-10-24T14:07:35","date_gmt":"2022-10-24T17:07:35","guid":{"rendered":"http:\/\/www.cambe.pr.gov.br\/?p=8188"},"modified":"2024-10-07T13:01:04","modified_gmt":"2024-10-07T16:01:04","slug":"motoristas-da-saude-passam-por-curso-de-aperfeicoamento-no-transporte-de-passageiros","status":"publish","type":"post","link":"https:\/\/www.cambe.pr.gov.br\/index.php\/motoristas-da-saude-passam-por-curso-de-aperfeicoamento-no-transporte-de-passageiros\/","title":{"rendered":"Motoristas da Sa\u00fade passam por curso de aperfei\u00e7oamento no transporte de passageiros"},"content":{"rendered":"<p style=\"text-align: justify;\"><span style=\"font-weight: 400; font-family: arial, helvetica, sans-serif;\"><img fetchpriority=\"high\" decoding=\"async\" class=\"wp-image-8236 size-large alignleft\" src=\"https:\/\/www.cambe.pr.gov.br\/wp-content\/uploads\/2022\/10\/ambi-1024x678.jpg\" alt=\"\" width=\"610\" height=\"404\" srcset=\"https:\/\/www.cambe.pr.gov.br\/wp-content\/uploads\/2022\/10\/ambi-1024x678.jpg 1024w, https:\/\/www.cambe.pr.gov.br\/wp-content\/uploads\/2022\/10\/ambi-300x199.jpg 300w, https:\/\/www.cambe.pr.gov.br\/wp-content\/uploads\/2022\/10\/ambi-768x509.jpg 768w, https:\/\/www.cambe.pr.gov.br\/wp-content\/uploads\/2022\/10\/ambi-1536x1017.jpg 1536w, https:\/\/www.cambe.pr.gov.br\/wp-content\/uploads\/2022\/10\/ambi-2048x1356.jpg 2048w\" sizes=\"(max-width: 610px) 100vw, 610px\" \/>Os motoristas da Secretaria Municipal de Sa\u00fade est\u00e3o passando por um curso de aperfei\u00e7oamento no transporte de passageiros. O objetivo \u00e9 qualificar ainda mais os servidores que trabalham nos servi\u00e7os de urg\u00eancia e emerg\u00eancia do munic\u00edpio, como o Intersa\u00fade, o Servi\u00e7o de Atendimento M\u00f3vel de Urg\u00eancia (Samu), assim como da Aten\u00e7\u00e3o B\u00e1sica. As aulas come\u00e7aram na \u00faltima segunda-feira (17) e seguem at\u00e9 a primeira quinzena de dezembro.\u00a0<\/span><\/p>\n<p style=\"text-align: justify;\"><span style=\"font-weight: 400; font-family: arial, helvetica, sans-serif;\">Priscila Moraes, coordenadora do Departamento de Aten\u00e7\u00e3o Especializada, explica que o curso ofertado aos motoristas vai atender a resolu\u00e7\u00e3o 168\/2014 do Conselho Nacional de Tr\u00e2nsito (Contran). A resolu\u00e7\u00e3o pede que os motoristas que trabalham com o transporte de passageiros recebam treinamento adequado para exercer a fun\u00e7\u00e3o. \u201cO objetivo \u00e9 melhorar ainda mais a qualidade dos servi\u00e7os prestados e garantir a seguran\u00e7a de toda a nossa popula\u00e7\u00e3o\u201d, ressalta.\u00a0<\/span><\/p>\n<p style=\"text-align: justify;\"><span style=\"font-weight: 400; font-family: arial, helvetica, sans-serif;\">Ao todo, s\u00e3o 26 profissionais que est\u00e3o recebendo o treinamento no Centro da Juventude, que acontece de forma escalonada e n\u00e3o prejudica nenhum dos servi\u00e7os oferecidos. O curso engloba quatro tipos de modalidade: curso inicial no transporte de passageiros; curso de reciclagem no transporte de passageiros; curso inicial de emerg\u00eancia; e curso de reciclagem de emerg\u00eancia. Para os cursos iniciais, a carga hor\u00e1ria \u00e9 de 50 horas; j\u00e1 para a reciclagem \u00e9 de 16 horas. &#8220;\u00c9 muito importante atualizar o servidor que presta esse servi\u00e7o, j\u00e1 que quem vai sentir mais essa diferen\u00e7a \u00e9 a pr\u00f3pria popula\u00e7\u00e3o&#8221;, finaliza.\u00a0<\/span><\/p>\n","protected":false},"excerpt":{"rendered":"<p>Os motoristas da Secretaria Municipal de Sa\u00fade est\u00e3o passando por um curso de aperfei\u00e7oamento no transporte de passageiros. O objetivo \u00e9 qualificar ainda mais os servidores que trabalham nos servi\u00e7os de urg\u00eancia e emerg\u00eancia do munic\u00edpio, como o Intersa\u00fade, o Servi\u00e7o de Atendimento M\u00f3vel de Urg\u00eancia (Samu), assim como da Aten\u00e7\u00e3o B\u00e1sica. As aulas come\u00e7aram [&hellip;]<\/p>\n","protected":false},"author":2,"featured_media":0,"comment_status":"closed","ping_status":"open","sticky":false,"template":"","format":"standard","meta":{"ngg_post_thumbnail":0,"footnotes":""},"categories":[1],"tags":[],"class_list":["post-8188","post","type-post","status-publish","format-standard","hentry","category-principal"],"yoast_head":"<!-- This site is optimized with the Yoast SEO plugin v27.4 - https:\/\/yoast.com\/product\/yoast-seo-wordpress\/ -->\n<title>Motoristas da Sa\u00fade passam por curso de aperfei\u00e7oamento no transporte de passageiros - Prefeitura de Camb\u00e9<\/title>\n<meta name=\"robots\" content=\"index, follow, max-snippet:-1, max-image-preview:large, max-video-preview:-1\" \/>\n<link rel=\"canonical\" href=\"https:\/\/www.cambe.pr.gov.br\/index.php\/motoristas-da-saude-passam-por-curso-de-aperfeicoamento-no-transporte-de-passageiros\/\" \/>\n<meta property=\"og:locale\" content=\"pt_BR\" \/>\n<meta property=\"og:type\" content=\"article\" \/>\n<meta property=\"og:title\" content=\"Motoristas da Sa\u00fade passam por curso de aperfei\u00e7oamento no transporte de passageiros - Prefeitura de Camb\u00e9\" \/>\n<meta property=\"og:description\" content=\"Os motoristas da Secretaria Municipal de Sa\u00fade est\u00e3o passando por um curso de aperfei\u00e7oamento no transporte de passageiros. O objetivo \u00e9 qualificar ainda mais os servidores que trabalham nos servi\u00e7os de urg\u00eancia e emerg\u00eancia do munic\u00edpio, como o Intersa\u00fade, o Servi\u00e7o de Atendimento M\u00f3vel de Urg\u00eancia (Samu), assim como da Aten\u00e7\u00e3o B\u00e1sica. As aulas come\u00e7aram [&hellip;]\" \/>\n<meta property=\"og:url\" content=\"https:\/\/www.cambe.pr.gov.br\/index.php\/motoristas-da-saude-passam-por-curso-de-aperfeicoamento-no-transporte-de-passageiros\/\" \/>\n<meta property=\"og:site_name\" content=\"Prefeitura de Camb\u00e9\" \/>\n<meta property=\"article:publisher\" content=\"https:\/\/m.facebook.com\/prefeituradecambe\" \/>\n<meta property=\"article:published_time\" content=\"2022-10-24T17:07:35+00:00\" \/>\n<meta property=\"article:modified_time\" content=\"2024-10-07T16:01:04+00:00\" \/>\n<meta property=\"og:image\" content=\"http:\/\/www.cambe.pr.gov.br\/wp-content\/uploads\/2022\/10\/ambi-1024x678.jpg\" \/>\n<meta name=\"author\" content=\"Thiago Mossini Balbino dos Santos\" \/>\n<meta name=\"twitter:card\" content=\"summary_large_image\" \/>\n<meta name=\"twitter:label1\" content=\"Escrito por\" \/>\n\t<meta name=\"twitter:data1\" content=\"Thiago Mossini Balbino dos Santos\" \/>\n\t<meta name=\"twitter:label2\" content=\"Est. tempo de leitura\" \/>\n\t<meta name=\"twitter:data2\" content=\"1 minuto\" \/>\n<script type=\"application\/ld+json\" class=\"yoast-schema-graph\">{\"@context\":\"https:\\\/\\\/schema.org\",\"@graph\":[{\"@type\":\"Article\",\"@id\":\"https:\\\/\\\/www.cambe.pr.gov.br\\\/index.php\\\/motoristas-da-saude-passam-por-curso-de-aperfeicoamento-no-transporte-de-passageiros\\\/#article\",\"isPartOf\":{\"@id\":\"https:\\\/\\\/www.cambe.pr.gov.br\\\/index.php\\\/motoristas-da-saude-passam-por-curso-de-aperfeicoamento-no-transporte-de-passageiros\\\/\"},\"author\":{\"name\":\"Thiago Mossini Balbino dos Santos\",\"@id\":\"https:\\\/\\\/www.cambe.pr.gov.br\\\/#\\\/schema\\\/person\\\/e08f7c43a641b2ec036e4e867ec483e4\"},\"headline\":\"Motoristas da Sa\u00fade passam por curso de aperfei\u00e7oamento no transporte de passageiros\",\"datePublished\":\"2022-10-24T17:07:35+00:00\",\"dateModified\":\"2024-10-07T16:01:04+00:00\",\"mainEntityOfPage\":{\"@id\":\"https:\\\/\\\/www.cambe.pr.gov.br\\\/index.php\\\/motoristas-da-saude-passam-por-curso-de-aperfeicoamento-no-transporte-de-passageiros\\\/\"},\"wordCount\":268,\"publisher\":{\"@id\":\"https:\\\/\\\/www.cambe.pr.gov.br\\\/#organization\"},\"image\":{\"@id\":\"https:\\\/\\\/www.cambe.pr.gov.br\\\/index.php\\\/motoristas-da-saude-passam-por-curso-de-aperfeicoamento-no-transporte-de-passageiros\\\/#primaryimage\"},\"thumbnailUrl\":\"http:\\\/\\\/www.cambe.pr.gov.br\\\/wp-content\\\/uploads\\\/2022\\\/10\\\/ambi-1024x678.jpg\",\"articleSection\":[\"Principal\"],\"inLanguage\":\"pt-BR\"},{\"@type\":\"WebPage\",\"@id\":\"https:\\\/\\\/www.cambe.pr.gov.br\\\/index.php\\\/motoristas-da-saude-passam-por-curso-de-aperfeicoamento-no-transporte-de-passageiros\\\/\",\"url\":\"https:\\\/\\\/www.cambe.pr.gov.br\\\/index.php\\\/motoristas-da-saude-passam-por-curso-de-aperfeicoamento-no-transporte-de-passageiros\\\/\",\"name\":\"Motoristas da Sa\u00fade passam por curso de aperfei\u00e7oamento no transporte de passageiros - Prefeitura de Camb\u00e9\",\"isPartOf\":{\"@id\":\"https:\\\/\\\/www.cambe.pr.gov.br\\\/#website\"},\"primaryImageOfPage\":{\"@id\":\"https:\\\/\\\/www.cambe.pr.gov.br\\\/index.php\\\/motoristas-da-saude-passam-por-curso-de-aperfeicoamento-no-transporte-de-passageiros\\\/#primaryimage\"},\"image\":{\"@id\":\"https:\\\/\\\/www.cambe.pr.gov.br\\\/index.php\\\/motoristas-da-saude-passam-por-curso-de-aperfeicoamento-no-transporte-de-passageiros\\\/#primaryimage\"},\"thumbnailUrl\":\"http:\\\/\\\/www.cambe.pr.gov.br\\\/wp-content\\\/uploads\\\/2022\\\/10\\\/ambi-1024x678.jpg\",\"datePublished\":\"2022-10-24T17:07:35+00:00\",\"dateModified\":\"2024-10-07T16:01:04+00:00\",\"breadcrumb\":{\"@id\":\"https:\\\/\\\/www.cambe.pr.gov.br\\\/index.php\\\/motoristas-da-saude-passam-por-curso-de-aperfeicoamento-no-transporte-de-passageiros\\\/#breadcrumb\"},\"inLanguage\":\"pt-BR\",\"potentialAction\":[{\"@type\":\"ReadAction\",\"target\":[\"https:\\\/\\\/www.cambe.pr.gov.br\\\/index.php\\\/motoristas-da-saude-passam-por-curso-de-aperfeicoamento-no-transporte-de-passageiros\\\/\"]}]},{\"@type\":\"ImageObject\",\"inLanguage\":\"pt-BR\",\"@id\":\"https:\\\/\\\/www.cambe.pr.gov.br\\\/index.php\\\/motoristas-da-saude-passam-por-curso-de-aperfeicoamento-no-transporte-de-passageiros\\\/#primaryimage\",\"url\":\"http:\\\/\\\/www.cambe.pr.gov.br\\\/wp-content\\\/uploads\\\/2022\\\/10\\\/ambi-1024x678.jpg\",\"contentUrl\":\"http:\\\/\\\/www.cambe.pr.gov.br\\\/wp-content\\\/uploads\\\/2022\\\/10\\\/ambi-1024x678.jpg\"},{\"@type\":\"BreadcrumbList\",\"@id\":\"https:\\\/\\\/www.cambe.pr.gov.br\\\/index.php\\\/motoristas-da-saude-passam-por-curso-de-aperfeicoamento-no-transporte-de-passageiros\\\/#breadcrumb\",\"itemListElement\":[{\"@type\":\"ListItem\",\"position\":1,\"name\":\"In\u00edcio\",\"item\":\"https:\\\/\\\/www.cambe.pr.gov.br\\\/\"},{\"@type\":\"ListItem\",\"position\":2,\"name\":\"Motoristas da Sa\u00fade passam por curso de aperfei\u00e7oamento no transporte de passageiros\"}]},{\"@type\":\"WebSite\",\"@id\":\"https:\\\/\\\/www.cambe.pr.gov.br\\\/#website\",\"url\":\"https:\\\/\\\/www.cambe.pr.gov.br\\\/\",\"name\":\"Prefeitura de Camb\u00e9\",\"description\":\"UM GOVERNO PARA TODOS\",\"publisher\":{\"@id\":\"https:\\\/\\\/www.cambe.pr.gov.br\\\/#organization\"},\"potentialAction\":[{\"@type\":\"SearchAction\",\"target\":{\"@type\":\"EntryPoint\",\"urlTemplate\":\"https:\\\/\\\/www.cambe.pr.gov.br\\\/?s={search_term_string}\"},\"query-input\":{\"@type\":\"PropertyValueSpecification\",\"valueRequired\":true,\"valueName\":\"search_term_string\"}}],\"inLanguage\":\"pt-BR\"},{\"@type\":\"Organization\",\"@id\":\"https:\\\/\\\/www.cambe.pr.gov.br\\\/#organization\",\"name\":\"Prefeitura de Camb\u00e9\",\"url\":\"https:\\\/\\\/www.cambe.pr.gov.br\\\/\",\"logo\":{\"@type\":\"ImageObject\",\"inLanguage\":\"pt-BR\",\"@id\":\"https:\\\/\\\/www.cambe.pr.gov.br\\\/#\\\/schema\\\/logo\\\/image\\\/\",\"url\":\"https:\\\/\\\/www.cambe.pr.gov.br\\\/wp-content\\\/uploads\\\/2021\\\/01\\\/cropped-cropped-cambe_brazao-icone.png\",\"contentUrl\":\"https:\\\/\\\/www.cambe.pr.gov.br\\\/wp-content\\\/uploads\\\/2021\\\/01\\\/cropped-cropped-cambe_brazao-icone.png\",\"width\":240,\"height\":240,\"caption\":\"Prefeitura de Camb\u00e9\"},\"image\":{\"@id\":\"https:\\\/\\\/www.cambe.pr.gov.br\\\/#\\\/schema\\\/logo\\\/image\\\/\"},\"sameAs\":[\"https:\\\/\\\/m.facebook.com\\\/prefeituradecambe\"]},{\"@type\":\"Person\",\"@id\":\"https:\\\/\\\/www.cambe.pr.gov.br\\\/#\\\/schema\\\/person\\\/e08f7c43a641b2ec036e4e867ec483e4\",\"name\":\"Thiago Mossini Balbino dos Santos\",\"image\":{\"@type\":\"ImageObject\",\"inLanguage\":\"pt-BR\",\"@id\":\"https:\\\/\\\/secure.gravatar.com\\\/avatar\\\/d957ed4e1bc3ebf5769d1003f9709cd2012ebf424eb4a5d76a933fee30e874b6?s=96&d=mm&r=g\",\"url\":\"https:\\\/\\\/secure.gravatar.com\\\/avatar\\\/d957ed4e1bc3ebf5769d1003f9709cd2012ebf424eb4a5d76a933fee30e874b6?s=96&d=mm&r=g\",\"contentUrl\":\"https:\\\/\\\/secure.gravatar.com\\\/avatar\\\/d957ed4e1bc3ebf5769d1003f9709cd2012ebf424eb4a5d76a933fee30e874b6?s=96&d=mm&r=g\",\"caption\":\"Thiago Mossini Balbino dos Santos\"},\"url\":\"https:\\\/\\\/www.cambe.pr.gov.br\\\/index.php\\\/author\\\/tmbsantos\\\/\"}]}<\/script>\n<!-- \/ Yoast SEO plugin. -->","yoast_head_json":{"title":"Motoristas da Sa\u00fade passam por curso de aperfei\u00e7oamento no transporte de passageiros - Prefeitura de Camb\u00e9","robots":{"index":"index","follow":"follow","max-snippet":"max-snippet:-1","max-image-preview":"max-image-preview:large","max-video-preview":"max-video-preview:-1"},"canonical":"https:\/\/www.cambe.pr.gov.br\/index.php\/motoristas-da-saude-passam-por-curso-de-aperfeicoamento-no-transporte-de-passageiros\/","og_locale":"pt_BR","og_type":"article","og_title":"Motoristas da Sa\u00fade passam por curso de aperfei\u00e7oamento no transporte de passageiros - Prefeitura de Camb\u00e9","og_description":"Os motoristas da Secretaria Municipal de Sa\u00fade est\u00e3o passando por um curso de aperfei\u00e7oamento no transporte de passageiros. O objetivo \u00e9 qualificar ainda mais os servidores que trabalham nos servi\u00e7os de urg\u00eancia e emerg\u00eancia do munic\u00edpio, como o Intersa\u00fade, o Servi\u00e7o de Atendimento M\u00f3vel de Urg\u00eancia (Samu), assim como da Aten\u00e7\u00e3o B\u00e1sica. As aulas come\u00e7aram [&hellip;]","og_url":"https:\/\/www.cambe.pr.gov.br\/index.php\/motoristas-da-saude-passam-por-curso-de-aperfeicoamento-no-transporte-de-passageiros\/","og_site_name":"Prefeitura de Camb\u00e9","article_publisher":"https:\/\/m.facebook.com\/prefeituradecambe","article_published_time":"2022-10-24T17:07:35+00:00","article_modified_time":"2024-10-07T16:01:04+00:00","og_image":[{"url":"http:\/\/www.cambe.pr.gov.br\/wp-content\/uploads\/2022\/10\/ambi-1024x678.jpg","type":"","width":"","height":""}],"author":"Thiago Mossini Balbino dos Santos","twitter_card":"summary_large_image","twitter_misc":{"Escrito por":"Thiago Mossini Balbino dos Santos","Est. tempo de leitura":"1 minuto"},"schema":{"@context":"https:\/\/schema.org","@graph":[{"@type":"Article","@id":"https:\/\/www.cambe.pr.gov.br\/index.php\/motoristas-da-saude-passam-por-curso-de-aperfeicoamento-no-transporte-de-passageiros\/#article","isPartOf":{"@id":"https:\/\/www.cambe.pr.gov.br\/index.php\/motoristas-da-saude-passam-por-curso-de-aperfeicoamento-no-transporte-de-passageiros\/"},"author":{"name":"Thiago Mossini Balbino dos Santos","@id":"https:\/\/www.cambe.pr.gov.br\/#\/schema\/person\/e08f7c43a641b2ec036e4e867ec483e4"},"headline":"Motoristas da Sa\u00fade passam por curso de aperfei\u00e7oamento no transporte de passageiros","datePublished":"2022-10-24T17:07:35+00:00","dateModified":"2024-10-07T16:01:04+00:00","mainEntityOfPage":{"@id":"https:\/\/www.cambe.pr.gov.br\/index.php\/motoristas-da-saude-passam-por-curso-de-aperfeicoamento-no-transporte-de-passageiros\/"},"wordCount":268,"publisher":{"@id":"https:\/\/www.cambe.pr.gov.br\/#organization"},"image":{"@id":"https:\/\/www.cambe.pr.gov.br\/index.php\/motoristas-da-saude-passam-por-curso-de-aperfeicoamento-no-transporte-de-passageiros\/#primaryimage"},"thumbnailUrl":"http:\/\/www.cambe.pr.gov.br\/wp-content\/uploads\/2022\/10\/ambi-1024x678.jpg","articleSection":["Principal"],"inLanguage":"pt-BR"},{"@type":"WebPage","@id":"https:\/\/www.cambe.pr.gov.br\/index.php\/motoristas-da-saude-passam-por-curso-de-aperfeicoamento-no-transporte-de-passageiros\/","url":"https:\/\/www.cambe.pr.gov.br\/index.php\/motoristas-da-saude-passam-por-curso-de-aperfeicoamento-no-transporte-de-passageiros\/","name":"Motoristas da Sa\u00fade passam por curso de aperfei\u00e7oamento no transporte de passageiros - Prefeitura de Camb\u00e9","isPartOf":{"@id":"https:\/\/www.cambe.pr.gov.br\/#website"},"primaryImageOfPage":{"@id":"https:\/\/www.cambe.pr.gov.br\/index.php\/motoristas-da-saude-passam-por-curso-de-aperfeicoamento-no-transporte-de-passageiros\/#primaryimage"},"image":{"@id":"https:\/\/www.cambe.pr.gov.br\/index.php\/motoristas-da-saude-passam-por-curso-de-aperfeicoamento-no-transporte-de-passageiros\/#primaryimage"},"thumbnailUrl":"http:\/\/www.cambe.pr.gov.br\/wp-content\/uploads\/2022\/10\/ambi-1024x678.jpg","datePublished":"2022-10-24T17:07:35+00:00","dateModified":"2024-10-07T16:01:04+00:00","breadcrumb":{"@id":"https:\/\/www.cambe.pr.gov.br\/index.php\/motoristas-da-saude-passam-por-curso-de-aperfeicoamento-no-transporte-de-passageiros\/#breadcrumb"},"inLanguage":"pt-BR","potentialAction":[{"@type":"ReadAction","target":["https:\/\/www.cambe.pr.gov.br\/index.php\/motoristas-da-saude-passam-por-curso-de-aperfeicoamento-no-transporte-de-passageiros\/"]}]},{"@type":"ImageObject","inLanguage":"pt-BR","@id":"https:\/\/www.cambe.pr.gov.br\/index.php\/motoristas-da-saude-passam-por-curso-de-aperfeicoamento-no-transporte-de-passageiros\/#primaryimage","url":"http:\/\/www.cambe.pr.gov.br\/wp-content\/uploads\/2022\/10\/ambi-1024x678.jpg","contentUrl":"http:\/\/www.cambe.pr.gov.br\/wp-content\/uploads\/2022\/10\/ambi-1024x678.jpg"},{"@type":"BreadcrumbList","@id":"https:\/\/www.cambe.pr.gov.br\/index.php\/motoristas-da-saude-passam-por-curso-de-aperfeicoamento-no-transporte-de-passageiros\/#breadcrumb","itemListElement":[{"@type":"ListItem","position":1,"name":"In\u00edcio","item":"https:\/\/www.cambe.pr.gov.br\/"},{"@type":"ListItem","position":2,"name":"Motoristas da Sa\u00fade passam por curso de aperfei\u00e7oamento no transporte de passageiros"}]},{"@type":"WebSite","@id":"https:\/\/www.cambe.pr.gov.br\/#website","url":"https:\/\/www.cambe.pr.gov.br\/","name":"Prefeitura de Camb\u00e9","description":"UM GOVERNO PARA TODOS","publisher":{"@id":"https:\/\/www.cambe.pr.gov.br\/#organization"},"potentialAction":[{"@type":"SearchAction","target":{"@type":"EntryPoint","urlTemplate":"https:\/\/www.cambe.pr.gov.br\/?s={search_term_string}"},"query-input":{"@type":"PropertyValueSpecification","valueRequired":true,"valueName":"search_term_string"}}],"inLanguage":"pt-BR"},{"@type":"Organization","@id":"https:\/\/www.cambe.pr.gov.br\/#organization","name":"Prefeitura de Camb\u00e9","url":"https:\/\/www.cambe.pr.gov.br\/","logo":{"@type":"ImageObject","inLanguage":"pt-BR","@id":"https:\/\/www.cambe.pr.gov.br\/#\/schema\/logo\/image\/","url":"https:\/\/www.cambe.pr.gov.br\/wp-content\/uploads\/2021\/01\/cropped-cropped-cambe_brazao-icone.png","contentUrl":"https:\/\/www.cambe.pr.gov.br\/wp-content\/uploads\/2021\/01\/cropped-cropped-cambe_brazao-icone.png","width":240,"height":240,"caption":"Prefeitura de Camb\u00e9"},"image":{"@id":"https:\/\/www.cambe.pr.gov.br\/#\/schema\/logo\/image\/"},"sameAs":["https:\/\/m.facebook.com\/prefeituradecambe"]},{"@type":"Person","@id":"https:\/\/www.cambe.pr.gov.br\/#\/schema\/person\/e08f7c43a641b2ec036e4e867ec483e4","name":"Thiago Mossini Balbino dos Santos","image":{"@type":"ImageObject","inLanguage":"pt-BR","@id":"https:\/\/secure.gravatar.com\/avatar\/d957ed4e1bc3ebf5769d1003f9709cd2012ebf424eb4a5d76a933fee30e874b6?s=96&d=mm&r=g","url":"https:\/\/secure.gravatar.com\/avatar\/d957ed4e1bc3ebf5769d1003f9709cd2012ebf424eb4a5d76a933fee30e874b6?s=96&d=mm&r=g","contentUrl":"https:\/\/secure.gravatar.com\/avatar\/d957ed4e1bc3ebf5769d1003f9709cd2012ebf424eb4a5d76a933fee30e874b6?s=96&d=mm&r=g","caption":"Thiago Mossini Balbino dos Santos"},"url":"https:\/\/www.cambe.pr.gov.br\/index.php\/author\/tmbsantos\/"}]}},"_links":{"self":[{"href":"https:\/\/www.cambe.pr.gov.br\/index.php\/wp-json\/wp\/v2\/posts\/8188","targetHints":{"allow":["GET"]}}],"collection":[{"href":"https:\/\/www.cambe.pr.gov.br\/index.php\/wp-json\/wp\/v2\/posts"}],"about":[{"href":"https:\/\/www.cambe.pr.gov.br\/index.php\/wp-json\/wp\/v2\/types\/post"}],"author":[{"embeddable":true,"href":"https:\/\/www.cambe.pr.gov.br\/index.php\/wp-json\/wp\/v2\/users\/2"}],"replies":[{"embeddable":true,"href":"https:\/\/www.cambe.pr.gov.br\/index.php\/wp-json\/wp\/v2\/comments?post=8188"}],"version-history":[{"count":6,"href":"https:\/\/www.cambe.pr.gov.br\/index.php\/wp-json\/wp\/v2\/posts\/8188\/revisions"}],"predecessor-version":[{"id":8237,"href":"https:\/\/www.cambe.pr.gov.br\/index.php\/wp-json\/wp\/v2\/posts\/8188\/revisions\/8237"}],"wp:attachment":[{"href":"https:\/\/www.cambe.pr.gov.br\/index.php\/wp-json\/wp\/v2\/media?parent=8188"}],"wp:term":[{"taxonomy":"category","embeddable":true,"href":"https:\/\/www.cambe.pr.gov.br\/index.php\/wp-json\/wp\/v2\/categories?post=8188"},{"taxonomy":"post_tag","embeddable":true,"href":"https:\/\/www.cambe.pr.gov.br\/index.php\/wp-json\/wp\/v2\/tags?post=8188"}],"curies":[{"name":"wp","href":"https:\/\/api.w.org\/{rel}","templated":true}]}}