{"id":7945,"date":"2022-09-29T16:33:13","date_gmt":"2022-09-29T19:33:13","guid":{"rendered":"http:\/\/www.cambe.pr.gov.br\/?p=7945"},"modified":"2024-10-07T13:01:03","modified_gmt":"2024-10-07T16:01:03","slug":"vacinas-contra-a-poliomielite-serao-aplicadas-nesta-sexta-30-em-criancas-das-escolas-municipais","status":"publish","type":"post","link":"https:\/\/www.cambe.pr.gov.br\/index.php\/vacinas-contra-a-poliomielite-serao-aplicadas-nesta-sexta-30-em-criancas-das-escolas-municipais\/","title":{"rendered":"Vacinas contra a poliomielite ser\u00e3o aplicadas nesta sexta (30) em crian\u00e7as das Escolas Municipais"},"content":{"rendered":"<div id=\"attachment_7877\" style=\"width: 620px\" class=\"wp-caption alignleft\"><img fetchpriority=\"high\" decoding=\"async\" aria-describedby=\"caption-attachment-7877\" class=\"wp-image-7877 size-large\" src=\"https:\/\/www.cambe.pr.gov.br\/wp-content\/uploads\/2022\/09\/ffraz_abr_20180922_1659-1024x613.jpg\" alt=\"Foto: Fernando Fraz\u00e3o\/Ag\u00eancia Brasil\" width=\"610\" height=\"365\" srcset=\"https:\/\/www.cambe.pr.gov.br\/wp-content\/uploads\/2022\/09\/ffraz_abr_20180922_1659-1024x613.jpg 1024w, https:\/\/www.cambe.pr.gov.br\/wp-content\/uploads\/2022\/09\/ffraz_abr_20180922_1659-300x179.jpg 300w, https:\/\/www.cambe.pr.gov.br\/wp-content\/uploads\/2022\/09\/ffraz_abr_20180922_1659-768x459.jpg 768w, https:\/\/www.cambe.pr.gov.br\/wp-content\/uploads\/2022\/09\/ffraz_abr_20180922_1659.jpg 1170w\" sizes=\"(max-width: 610px) 100vw, 610px\" \/><p id=\"caption-attachment-7877\" class=\"wp-caption-text\"><span style=\"font-family: arial, helvetica, sans-serif;\">Foto: Fernando Fraz\u00e3o\/Ag\u00eancia Brasil <\/span><\/p><\/div>\n<p style=\"text-align: justify;\"><span style=\"font-family: arial, helvetica, sans-serif;\">Devido \u00e0 baixa ades\u00e3o \u00e0 vacina\u00e7\u00e3o infantil contra a poliomielite, a Secretaria de Municipal de Sa\u00fade vai aplicar vacinas orais nas escolas nesta sexta-feira (30). A vacina\u00e7\u00e3o vai acontecer no per\u00edodo matutino e vespertino em todos os Centros Municipais de Educa\u00e7\u00e3o Infantil (CMEIs) e nas Escolas Municipais Olavo Soares Barros, Dom Pedro II e Professor Lourdes Gobi Rodrigues.<\/span><\/p>\n<p style=\"text-align: justify;\"><span style=\"font-family: arial, helvetica, sans-serif;\">De acordo com a respons\u00e1vel pelo Departamento de Epidemiologia da Secretaria de Sa\u00fade, Mayara Santos, a baixa ades\u00e3o \u00e0 vacina contra poliomielite preocupa devido a possibilidade de reintrodu\u00e7\u00e3o do v\u00edrus no pa\u00eds. Ela explica que em Camb\u00e9 apenas 36,62% do p\u00fablico alvo foi vacinado.&nbsp; \u201cEssa foi uma a\u00e7\u00e3o pensada pelo munic\u00edpio para aumentar a cobertura vacinal das crian\u00e7as\u201d, detalha. Ela tamb\u00e9m informa que a vacina est\u00e1 dispon\u00edvel para crian\u00e7as acima de 1 ano e menores de 5 anos em todas as Unidades B\u00e1sicas de Sa\u00fade (UBSs).<\/span><\/p>\n<p style=\"text-align: justify;\"><span style=\"font-family: arial, helvetica, sans-serif;\">Para receber o imunizante os respons\u00e1veis devem apresentar a carteira de vacina\u00e7\u00e3o das crian\u00e7as e tamb\u00e9m um termo de autoriza\u00e7\u00e3o assinado, que foi encaminhados com anteced\u00eancia aos pais e respons\u00e1veis.&nbsp;<\/span><\/p>\n<p><em><span style=\"font-family: arial, helvetica, sans-serif;\">Sob supervis\u00e3o de Thiago Mossini<\/span><\/em><\/p>\n","protected":false},"excerpt":{"rendered":"<p>Devido \u00e0 baixa ades\u00e3o \u00e0 vacina\u00e7\u00e3o infantil contra a poliomielite, a Secretaria de Municipal de Sa\u00fade vai aplicar vacinas orais nas escolas nesta sexta-feira (30). A vacina\u00e7\u00e3o vai acontecer no per\u00edodo matutino e vespertino em todos os Centros Municipais de Educa\u00e7\u00e3o Infantil (CMEIs) e nas Escolas Municipais Olavo Soares Barros, Dom Pedro II e Professor [&hellip;]<\/p>\n","protected":false},"author":2,"featured_media":0,"comment_status":"closed","ping_status":"open","sticky":false,"template":"","format":"standard","meta":{"ngg_post_thumbnail":0,"footnotes":""},"categories":[1],"tags":[],"class_list":["post-7945","post","type-post","status-publish","format-standard","hentry","category-principal"],"yoast_head":"<!-- This site is optimized with the Yoast SEO plugin v27.4 - https:\/\/yoast.com\/product\/yoast-seo-wordpress\/ -->\n<title>Vacinas contra a poliomielite ser\u00e3o aplicadas nesta sexta (30) em crian\u00e7as das Escolas Municipais - Prefeitura de Camb\u00e9<\/title>\n<meta name=\"robots\" content=\"index, follow, max-snippet:-1, max-image-preview:large, max-video-preview:-1\" \/>\n<link rel=\"canonical\" href=\"https:\/\/www.cambe.pr.gov.br\/index.php\/vacinas-contra-a-poliomielite-serao-aplicadas-nesta-sexta-30-em-criancas-das-escolas-municipais\/\" \/>\n<meta property=\"og:locale\" content=\"pt_BR\" \/>\n<meta property=\"og:type\" content=\"article\" \/>\n<meta property=\"og:title\" content=\"Vacinas contra a poliomielite ser\u00e3o aplicadas nesta sexta (30) em crian\u00e7as das Escolas Municipais - Prefeitura de Camb\u00e9\" \/>\n<meta property=\"og:description\" content=\"Devido \u00e0 baixa ades\u00e3o \u00e0 vacina\u00e7\u00e3o infantil contra a poliomielite, a Secretaria de Municipal de Sa\u00fade vai aplicar vacinas orais nas escolas nesta sexta-feira (30). A vacina\u00e7\u00e3o vai acontecer no per\u00edodo matutino e vespertino em todos os Centros Municipais de Educa\u00e7\u00e3o Infantil (CMEIs) e nas Escolas Municipais Olavo Soares Barros, Dom Pedro II e Professor [&hellip;]\" \/>\n<meta property=\"og:url\" content=\"https:\/\/www.cambe.pr.gov.br\/index.php\/vacinas-contra-a-poliomielite-serao-aplicadas-nesta-sexta-30-em-criancas-das-escolas-municipais\/\" \/>\n<meta property=\"og:site_name\" content=\"Prefeitura de Camb\u00e9\" \/>\n<meta property=\"article:publisher\" content=\"https:\/\/m.facebook.com\/prefeituradecambe\" \/>\n<meta property=\"article:published_time\" content=\"2022-09-29T19:33:13+00:00\" \/>\n<meta property=\"article:modified_time\" content=\"2024-10-07T16:01:03+00:00\" \/>\n<meta property=\"og:image\" content=\"http:\/\/www.cambe.pr.gov.br\/wp-content\/uploads\/2022\/09\/ffraz_abr_20180922_1659-1024x613.jpg\" \/>\n<meta name=\"author\" content=\"Thiago Mossini Balbino dos Santos\" \/>\n<meta name=\"twitter:card\" content=\"summary_large_image\" \/>\n<meta name=\"twitter:label1\" content=\"Escrito por\" \/>\n\t<meta name=\"twitter:data1\" content=\"Thiago Mossini Balbino dos Santos\" \/>\n\t<meta name=\"twitter:label2\" content=\"Est. tempo de leitura\" \/>\n\t<meta name=\"twitter:data2\" content=\"1 minuto\" \/>\n<script type=\"application\/ld+json\" class=\"yoast-schema-graph\">{\"@context\":\"https:\\\/\\\/schema.org\",\"@graph\":[{\"@type\":\"Article\",\"@id\":\"https:\\\/\\\/www.cambe.pr.gov.br\\\/index.php\\\/vacinas-contra-a-poliomielite-serao-aplicadas-nesta-sexta-30-em-criancas-das-escolas-municipais\\\/#article\",\"isPartOf\":{\"@id\":\"https:\\\/\\\/www.cambe.pr.gov.br\\\/index.php\\\/vacinas-contra-a-poliomielite-serao-aplicadas-nesta-sexta-30-em-criancas-das-escolas-municipais\\\/\"},\"author\":{\"name\":\"Thiago Mossini Balbino dos Santos\",\"@id\":\"https:\\\/\\\/www.cambe.pr.gov.br\\\/#\\\/schema\\\/person\\\/e08f7c43a641b2ec036e4e867ec483e4\"},\"headline\":\"Vacinas contra a poliomielite ser\u00e3o aplicadas nesta sexta (30) em crian\u00e7as das Escolas Municipais\",\"datePublished\":\"2022-09-29T19:33:13+00:00\",\"dateModified\":\"2024-10-07T16:01:03+00:00\",\"mainEntityOfPage\":{\"@id\":\"https:\\\/\\\/www.cambe.pr.gov.br\\\/index.php\\\/vacinas-contra-a-poliomielite-serao-aplicadas-nesta-sexta-30-em-criancas-das-escolas-municipais\\\/\"},\"wordCount\":232,\"publisher\":{\"@id\":\"https:\\\/\\\/www.cambe.pr.gov.br\\\/#organization\"},\"image\":{\"@id\":\"https:\\\/\\\/www.cambe.pr.gov.br\\\/index.php\\\/vacinas-contra-a-poliomielite-serao-aplicadas-nesta-sexta-30-em-criancas-das-escolas-municipais\\\/#primaryimage\"},\"thumbnailUrl\":\"http:\\\/\\\/www.cambe.pr.gov.br\\\/wp-content\\\/uploads\\\/2022\\\/09\\\/ffraz_abr_20180922_1659-1024x613.jpg\",\"articleSection\":[\"Principal\"],\"inLanguage\":\"pt-BR\"},{\"@type\":\"WebPage\",\"@id\":\"https:\\\/\\\/www.cambe.pr.gov.br\\\/index.php\\\/vacinas-contra-a-poliomielite-serao-aplicadas-nesta-sexta-30-em-criancas-das-escolas-municipais\\\/\",\"url\":\"https:\\\/\\\/www.cambe.pr.gov.br\\\/index.php\\\/vacinas-contra-a-poliomielite-serao-aplicadas-nesta-sexta-30-em-criancas-das-escolas-municipais\\\/\",\"name\":\"Vacinas contra a poliomielite ser\u00e3o aplicadas nesta sexta (30) em crian\u00e7as das Escolas Municipais - Prefeitura de Camb\u00e9\",\"isPartOf\":{\"@id\":\"https:\\\/\\\/www.cambe.pr.gov.br\\\/#website\"},\"primaryImageOfPage\":{\"@id\":\"https:\\\/\\\/www.cambe.pr.gov.br\\\/index.php\\\/vacinas-contra-a-poliomielite-serao-aplicadas-nesta-sexta-30-em-criancas-das-escolas-municipais\\\/#primaryimage\"},\"image\":{\"@id\":\"https:\\\/\\\/www.cambe.pr.gov.br\\\/index.php\\\/vacinas-contra-a-poliomielite-serao-aplicadas-nesta-sexta-30-em-criancas-das-escolas-municipais\\\/#primaryimage\"},\"thumbnailUrl\":\"http:\\\/\\\/www.cambe.pr.gov.br\\\/wp-content\\\/uploads\\\/2022\\\/09\\\/ffraz_abr_20180922_1659-1024x613.jpg\",\"datePublished\":\"2022-09-29T19:33:13+00:00\",\"dateModified\":\"2024-10-07T16:01:03+00:00\",\"breadcrumb\":{\"@id\":\"https:\\\/\\\/www.cambe.pr.gov.br\\\/index.php\\\/vacinas-contra-a-poliomielite-serao-aplicadas-nesta-sexta-30-em-criancas-das-escolas-municipais\\\/#breadcrumb\"},\"inLanguage\":\"pt-BR\",\"potentialAction\":[{\"@type\":\"ReadAction\",\"target\":[\"https:\\\/\\\/www.cambe.pr.gov.br\\\/index.php\\\/vacinas-contra-a-poliomielite-serao-aplicadas-nesta-sexta-30-em-criancas-das-escolas-municipais\\\/\"]}]},{\"@type\":\"ImageObject\",\"inLanguage\":\"pt-BR\",\"@id\":\"https:\\\/\\\/www.cambe.pr.gov.br\\\/index.php\\\/vacinas-contra-a-poliomielite-serao-aplicadas-nesta-sexta-30-em-criancas-das-escolas-municipais\\\/#primaryimage\",\"url\":\"http:\\\/\\\/www.cambe.pr.gov.br\\\/wp-content\\\/uploads\\\/2022\\\/09\\\/ffraz_abr_20180922_1659-1024x613.jpg\",\"contentUrl\":\"http:\\\/\\\/www.cambe.pr.gov.br\\\/wp-content\\\/uploads\\\/2022\\\/09\\\/ffraz_abr_20180922_1659-1024x613.jpg\"},{\"@type\":\"BreadcrumbList\",\"@id\":\"https:\\\/\\\/www.cambe.pr.gov.br\\\/index.php\\\/vacinas-contra-a-poliomielite-serao-aplicadas-nesta-sexta-30-em-criancas-das-escolas-municipais\\\/#breadcrumb\",\"itemListElement\":[{\"@type\":\"ListItem\",\"position\":1,\"name\":\"In\u00edcio\",\"item\":\"https:\\\/\\\/www.cambe.pr.gov.br\\\/\"},{\"@type\":\"ListItem\",\"position\":2,\"name\":\"Vacinas contra a poliomielite ser\u00e3o aplicadas nesta sexta (30) em crian\u00e7as das Escolas Municipais\"}]},{\"@type\":\"WebSite\",\"@id\":\"https:\\\/\\\/www.cambe.pr.gov.br\\\/#website\",\"url\":\"https:\\\/\\\/www.cambe.pr.gov.br\\\/\",\"name\":\"Prefeitura de Camb\u00e9\",\"description\":\"UM GOVERNO PARA TODOS\",\"publisher\":{\"@id\":\"https:\\\/\\\/www.cambe.pr.gov.br\\\/#organization\"},\"potentialAction\":[{\"@type\":\"SearchAction\",\"target\":{\"@type\":\"EntryPoint\",\"urlTemplate\":\"https:\\\/\\\/www.cambe.pr.gov.br\\\/?s={search_term_string}\"},\"query-input\":{\"@type\":\"PropertyValueSpecification\",\"valueRequired\":true,\"valueName\":\"search_term_string\"}}],\"inLanguage\":\"pt-BR\"},{\"@type\":\"Organization\",\"@id\":\"https:\\\/\\\/www.cambe.pr.gov.br\\\/#organization\",\"name\":\"Prefeitura de Camb\u00e9\",\"url\":\"https:\\\/\\\/www.cambe.pr.gov.br\\\/\",\"logo\":{\"@type\":\"ImageObject\",\"inLanguage\":\"pt-BR\",\"@id\":\"https:\\\/\\\/www.cambe.pr.gov.br\\\/#\\\/schema\\\/logo\\\/image\\\/\",\"url\":\"https:\\\/\\\/www.cambe.pr.gov.br\\\/wp-content\\\/uploads\\\/2021\\\/01\\\/cropped-cropped-cambe_brazao-icone.png\",\"contentUrl\":\"https:\\\/\\\/www.cambe.pr.gov.br\\\/wp-content\\\/uploads\\\/2021\\\/01\\\/cropped-cropped-cambe_brazao-icone.png\",\"width\":240,\"height\":240,\"caption\":\"Prefeitura de Camb\u00e9\"},\"image\":{\"@id\":\"https:\\\/\\\/www.cambe.pr.gov.br\\\/#\\\/schema\\\/logo\\\/image\\\/\"},\"sameAs\":[\"https:\\\/\\\/m.facebook.com\\\/prefeituradecambe\"]},{\"@type\":\"Person\",\"@id\":\"https:\\\/\\\/www.cambe.pr.gov.br\\\/#\\\/schema\\\/person\\\/e08f7c43a641b2ec036e4e867ec483e4\",\"name\":\"Thiago Mossini Balbino dos Santos\",\"image\":{\"@type\":\"ImageObject\",\"inLanguage\":\"pt-BR\",\"@id\":\"https:\\\/\\\/secure.gravatar.com\\\/avatar\\\/d957ed4e1bc3ebf5769d1003f9709cd2012ebf424eb4a5d76a933fee30e874b6?s=96&d=mm&r=g\",\"url\":\"https:\\\/\\\/secure.gravatar.com\\\/avatar\\\/d957ed4e1bc3ebf5769d1003f9709cd2012ebf424eb4a5d76a933fee30e874b6?s=96&d=mm&r=g\",\"contentUrl\":\"https:\\\/\\\/secure.gravatar.com\\\/avatar\\\/d957ed4e1bc3ebf5769d1003f9709cd2012ebf424eb4a5d76a933fee30e874b6?s=96&d=mm&r=g\",\"caption\":\"Thiago Mossini Balbino dos Santos\"},\"url\":\"https:\\\/\\\/www.cambe.pr.gov.br\\\/index.php\\\/author\\\/tmbsantos\\\/\"}]}<\/script>\n<!-- \/ Yoast SEO plugin. -->","yoast_head_json":{"title":"Vacinas contra a poliomielite ser\u00e3o aplicadas nesta sexta (30) em crian\u00e7as das Escolas Municipais - Prefeitura de Camb\u00e9","robots":{"index":"index","follow":"follow","max-snippet":"max-snippet:-1","max-image-preview":"max-image-preview:large","max-video-preview":"max-video-preview:-1"},"canonical":"https:\/\/www.cambe.pr.gov.br\/index.php\/vacinas-contra-a-poliomielite-serao-aplicadas-nesta-sexta-30-em-criancas-das-escolas-municipais\/","og_locale":"pt_BR","og_type":"article","og_title":"Vacinas contra a poliomielite ser\u00e3o aplicadas nesta sexta (30) em crian\u00e7as das Escolas Municipais - Prefeitura de Camb\u00e9","og_description":"Devido \u00e0 baixa ades\u00e3o \u00e0 vacina\u00e7\u00e3o infantil contra a poliomielite, a Secretaria de Municipal de Sa\u00fade vai aplicar vacinas orais nas escolas nesta sexta-feira (30). A vacina\u00e7\u00e3o vai acontecer no per\u00edodo matutino e vespertino em todos os Centros Municipais de Educa\u00e7\u00e3o Infantil (CMEIs) e nas Escolas Municipais Olavo Soares Barros, Dom Pedro II e Professor [&hellip;]","og_url":"https:\/\/www.cambe.pr.gov.br\/index.php\/vacinas-contra-a-poliomielite-serao-aplicadas-nesta-sexta-30-em-criancas-das-escolas-municipais\/","og_site_name":"Prefeitura de Camb\u00e9","article_publisher":"https:\/\/m.facebook.com\/prefeituradecambe","article_published_time":"2022-09-29T19:33:13+00:00","article_modified_time":"2024-10-07T16:01:03+00:00","og_image":[{"url":"http:\/\/www.cambe.pr.gov.br\/wp-content\/uploads\/2022\/09\/ffraz_abr_20180922_1659-1024x613.jpg","type":"","width":"","height":""}],"author":"Thiago Mossini Balbino dos Santos","twitter_card":"summary_large_image","twitter_misc":{"Escrito por":"Thiago Mossini Balbino dos Santos","Est. tempo de leitura":"1 minuto"},"schema":{"@context":"https:\/\/schema.org","@graph":[{"@type":"Article","@id":"https:\/\/www.cambe.pr.gov.br\/index.php\/vacinas-contra-a-poliomielite-serao-aplicadas-nesta-sexta-30-em-criancas-das-escolas-municipais\/#article","isPartOf":{"@id":"https:\/\/www.cambe.pr.gov.br\/index.php\/vacinas-contra-a-poliomielite-serao-aplicadas-nesta-sexta-30-em-criancas-das-escolas-municipais\/"},"author":{"name":"Thiago Mossini Balbino dos Santos","@id":"https:\/\/www.cambe.pr.gov.br\/#\/schema\/person\/e08f7c43a641b2ec036e4e867ec483e4"},"headline":"Vacinas contra a poliomielite ser\u00e3o aplicadas nesta sexta (30) em crian\u00e7as das Escolas Municipais","datePublished":"2022-09-29T19:33:13+00:00","dateModified":"2024-10-07T16:01:03+00:00","mainEntityOfPage":{"@id":"https:\/\/www.cambe.pr.gov.br\/index.php\/vacinas-contra-a-poliomielite-serao-aplicadas-nesta-sexta-30-em-criancas-das-escolas-municipais\/"},"wordCount":232,"publisher":{"@id":"https:\/\/www.cambe.pr.gov.br\/#organization"},"image":{"@id":"https:\/\/www.cambe.pr.gov.br\/index.php\/vacinas-contra-a-poliomielite-serao-aplicadas-nesta-sexta-30-em-criancas-das-escolas-municipais\/#primaryimage"},"thumbnailUrl":"http:\/\/www.cambe.pr.gov.br\/wp-content\/uploads\/2022\/09\/ffraz_abr_20180922_1659-1024x613.jpg","articleSection":["Principal"],"inLanguage":"pt-BR"},{"@type":"WebPage","@id":"https:\/\/www.cambe.pr.gov.br\/index.php\/vacinas-contra-a-poliomielite-serao-aplicadas-nesta-sexta-30-em-criancas-das-escolas-municipais\/","url":"https:\/\/www.cambe.pr.gov.br\/index.php\/vacinas-contra-a-poliomielite-serao-aplicadas-nesta-sexta-30-em-criancas-das-escolas-municipais\/","name":"Vacinas contra a poliomielite ser\u00e3o aplicadas nesta sexta (30) em crian\u00e7as das Escolas Municipais - Prefeitura de Camb\u00e9","isPartOf":{"@id":"https:\/\/www.cambe.pr.gov.br\/#website"},"primaryImageOfPage":{"@id":"https:\/\/www.cambe.pr.gov.br\/index.php\/vacinas-contra-a-poliomielite-serao-aplicadas-nesta-sexta-30-em-criancas-das-escolas-municipais\/#primaryimage"},"image":{"@id":"https:\/\/www.cambe.pr.gov.br\/index.php\/vacinas-contra-a-poliomielite-serao-aplicadas-nesta-sexta-30-em-criancas-das-escolas-municipais\/#primaryimage"},"thumbnailUrl":"http:\/\/www.cambe.pr.gov.br\/wp-content\/uploads\/2022\/09\/ffraz_abr_20180922_1659-1024x613.jpg","datePublished":"2022-09-29T19:33:13+00:00","dateModified":"2024-10-07T16:01:03+00:00","breadcrumb":{"@id":"https:\/\/www.cambe.pr.gov.br\/index.php\/vacinas-contra-a-poliomielite-serao-aplicadas-nesta-sexta-30-em-criancas-das-escolas-municipais\/#breadcrumb"},"inLanguage":"pt-BR","potentialAction":[{"@type":"ReadAction","target":["https:\/\/www.cambe.pr.gov.br\/index.php\/vacinas-contra-a-poliomielite-serao-aplicadas-nesta-sexta-30-em-criancas-das-escolas-municipais\/"]}]},{"@type":"ImageObject","inLanguage":"pt-BR","@id":"https:\/\/www.cambe.pr.gov.br\/index.php\/vacinas-contra-a-poliomielite-serao-aplicadas-nesta-sexta-30-em-criancas-das-escolas-municipais\/#primaryimage","url":"http:\/\/www.cambe.pr.gov.br\/wp-content\/uploads\/2022\/09\/ffraz_abr_20180922_1659-1024x613.jpg","contentUrl":"http:\/\/www.cambe.pr.gov.br\/wp-content\/uploads\/2022\/09\/ffraz_abr_20180922_1659-1024x613.jpg"},{"@type":"BreadcrumbList","@id":"https:\/\/www.cambe.pr.gov.br\/index.php\/vacinas-contra-a-poliomielite-serao-aplicadas-nesta-sexta-30-em-criancas-das-escolas-municipais\/#breadcrumb","itemListElement":[{"@type":"ListItem","position":1,"name":"In\u00edcio","item":"https:\/\/www.cambe.pr.gov.br\/"},{"@type":"ListItem","position":2,"name":"Vacinas contra a poliomielite ser\u00e3o aplicadas nesta sexta (30) em crian\u00e7as das Escolas Municipais"}]},{"@type":"WebSite","@id":"https:\/\/www.cambe.pr.gov.br\/#website","url":"https:\/\/www.cambe.pr.gov.br\/","name":"Prefeitura de Camb\u00e9","description":"UM GOVERNO PARA TODOS","publisher":{"@id":"https:\/\/www.cambe.pr.gov.br\/#organization"},"potentialAction":[{"@type":"SearchAction","target":{"@type":"EntryPoint","urlTemplate":"https:\/\/www.cambe.pr.gov.br\/?s={search_term_string}"},"query-input":{"@type":"PropertyValueSpecification","valueRequired":true,"valueName":"search_term_string"}}],"inLanguage":"pt-BR"},{"@type":"Organization","@id":"https:\/\/www.cambe.pr.gov.br\/#organization","name":"Prefeitura de Camb\u00e9","url":"https:\/\/www.cambe.pr.gov.br\/","logo":{"@type":"ImageObject","inLanguage":"pt-BR","@id":"https:\/\/www.cambe.pr.gov.br\/#\/schema\/logo\/image\/","url":"https:\/\/www.cambe.pr.gov.br\/wp-content\/uploads\/2021\/01\/cropped-cropped-cambe_brazao-icone.png","contentUrl":"https:\/\/www.cambe.pr.gov.br\/wp-content\/uploads\/2021\/01\/cropped-cropped-cambe_brazao-icone.png","width":240,"height":240,"caption":"Prefeitura de Camb\u00e9"},"image":{"@id":"https:\/\/www.cambe.pr.gov.br\/#\/schema\/logo\/image\/"},"sameAs":["https:\/\/m.facebook.com\/prefeituradecambe"]},{"@type":"Person","@id":"https:\/\/www.cambe.pr.gov.br\/#\/schema\/person\/e08f7c43a641b2ec036e4e867ec483e4","name":"Thiago Mossini Balbino dos Santos","image":{"@type":"ImageObject","inLanguage":"pt-BR","@id":"https:\/\/secure.gravatar.com\/avatar\/d957ed4e1bc3ebf5769d1003f9709cd2012ebf424eb4a5d76a933fee30e874b6?s=96&d=mm&r=g","url":"https:\/\/secure.gravatar.com\/avatar\/d957ed4e1bc3ebf5769d1003f9709cd2012ebf424eb4a5d76a933fee30e874b6?s=96&d=mm&r=g","contentUrl":"https:\/\/secure.gravatar.com\/avatar\/d957ed4e1bc3ebf5769d1003f9709cd2012ebf424eb4a5d76a933fee30e874b6?s=96&d=mm&r=g","caption":"Thiago Mossini Balbino dos Santos"},"url":"https:\/\/www.cambe.pr.gov.br\/index.php\/author\/tmbsantos\/"}]}},"_links":{"self":[{"href":"https:\/\/www.cambe.pr.gov.br\/index.php\/wp-json\/wp\/v2\/posts\/7945","targetHints":{"allow":["GET"]}}],"collection":[{"href":"https:\/\/www.cambe.pr.gov.br\/index.php\/wp-json\/wp\/v2\/posts"}],"about":[{"href":"https:\/\/www.cambe.pr.gov.br\/index.php\/wp-json\/wp\/v2\/types\/post"}],"author":[{"embeddable":true,"href":"https:\/\/www.cambe.pr.gov.br\/index.php\/wp-json\/wp\/v2\/users\/2"}],"replies":[{"embeddable":true,"href":"https:\/\/www.cambe.pr.gov.br\/index.php\/wp-json\/wp\/v2\/comments?post=7945"}],"version-history":[{"count":9,"href":"https:\/\/www.cambe.pr.gov.br\/index.php\/wp-json\/wp\/v2\/posts\/7945\/revisions"}],"predecessor-version":[{"id":7956,"href":"https:\/\/www.cambe.pr.gov.br\/index.php\/wp-json\/wp\/v2\/posts\/7945\/revisions\/7956"}],"wp:attachment":[{"href":"https:\/\/www.cambe.pr.gov.br\/index.php\/wp-json\/wp\/v2\/media?parent=7945"}],"wp:term":[{"taxonomy":"category","embeddable":true,"href":"https:\/\/www.cambe.pr.gov.br\/index.php\/wp-json\/wp\/v2\/categories?post=7945"},{"taxonomy":"post_tag","embeddable":true,"href":"https:\/\/www.cambe.pr.gov.br\/index.php\/wp-json\/wp\/v2\/tags?post=7945"}],"curies":[{"name":"wp","href":"https:\/\/api.w.org\/{rel}","templated":true}]}}