{"id":7749,"date":"2022-09-14T14:42:33","date_gmt":"2022-09-14T17:42:33","guid":{"rendered":"http:\/\/www.cambe.pr.gov.br\/?p=7749"},"modified":"2024-10-07T13:01:02","modified_gmt":"2024-10-07T16:01:02","slug":"em-homenagem-ao-setembro-amarelo-secretaria-de-saude-promove-roda-de-conversa","status":"publish","type":"post","link":"https:\/\/www.cambe.pr.gov.br\/index.php\/em-homenagem-ao-setembro-amarelo-secretaria-de-saude-promove-roda-de-conversa\/","title":{"rendered":"Setembro Amarelo: Secretaria de Sa\u00fade promove roda de conversa sobre sa\u00fade mental"},"content":{"rendered":"<p style=\"text-align: justify;\"><span style=\"font-family: arial, helvetica, sans-serif;\"><img fetchpriority=\"high\" decoding=\"async\" class=\"alignleft wp-image-7755 size-large\" src=\"https:\/\/www.cambe.pr.gov.br\/wp-content\/uploads\/2022\/09\/adolescentes-1024x683.jpg\" alt=\"\" width=\"610\" height=\"407\" srcset=\"https:\/\/www.cambe.pr.gov.br\/wp-content\/uploads\/2022\/09\/adolescentes-1024x683.jpg 1024w, https:\/\/www.cambe.pr.gov.br\/wp-content\/uploads\/2022\/09\/adolescentes-300x200.jpg 300w, https:\/\/www.cambe.pr.gov.br\/wp-content\/uploads\/2022\/09\/adolescentes-768x512.jpg 768w, https:\/\/www.cambe.pr.gov.br\/wp-content\/uploads\/2022\/09\/adolescentes-1536x1024.jpg 1536w, https:\/\/www.cambe.pr.gov.br\/wp-content\/uploads\/2022\/09\/adolescentes-2048x1366.jpg 2048w\" sizes=\"(max-width: 610px) 100vw, 610px\" \/>Em homenagem ao Setembro Amarelo, m\u00eas de preven\u00e7\u00e3o ao suic\u00eddio, a Secretaria de Sa\u00fade est\u00e1 realizando diversas a\u00e7\u00f5es de apoio e conscientiza\u00e7\u00e3o. Uma das a\u00e7\u00f5es acontecer\u00e1 na sexta-feira (23) \u00e0s 14h, no Centro Cultural de Camb\u00e9. Ser\u00e1 promovido um encontro destinado a adolescentes com apresenta\u00e7\u00f5es art\u00edsticas, e uma roda de conversa para os jovens tirarem d\u00favidas sobre sa\u00fade mental. O evento \u00e9 aberto ao p\u00fablico.<\/span><\/p>\n<p style=\"text-align: justify;\"><span style=\"font-family: arial, helvetica, sans-serif;\">A chefe da Unidade em Educa\u00e7\u00e3o em Sa\u00fade, Lucimara Cristina Frasson Pontes, fala sobre a import\u00e2ncia dessa data. \u201c\u00c9 uma campanha para chamar aten\u00e7\u00e3o \u00e0 import\u00e2ncia desse tema e principalmente sobre a valoriza\u00e7\u00e3o da vida\u201d, destaca. Ela tamb\u00e9m conta sobre a preocupa\u00e7\u00e3o com os jovens, entre 15 e 29 anos, que segundo a Organiza\u00e7\u00e3o Mundial da Sa\u00fade (OMS) tem o suic\u00eddio como segunda principal causa de morte. Por isso, neste ano, a roda de conversa \u00e9 destinada aos adolescentes. \u201cN\u00f3s temos uma programa\u00e7\u00e3o de Setembro Amarelo e s\u00e3o v\u00e1rias a\u00e7\u00f5es, essa \u00e9 uma delas. Ela \u00e9 promovida pela Secretaria de Sa\u00fade e pelos CAPS infantis e adultos e tamb\u00e9m estamos divulgando nas escolas do munic\u00edpio\u201d, acrescenta Lucimara.<\/span><\/p>\n<p style=\"text-align: justify;\"><span style=\"font-family: arial, helvetica, sans-serif;\">De acordo com a OMS cerca de 38 pessoas cometem suic\u00eddio todos os dias, totalizando em m\u00e9dia de 14 mil mortes por ano apenas no Brasil. Por isso, a Associa\u00e7\u00e3o Brasileira de Psiquiatria (ABP) criou em 2014 o m\u00eas de preven\u00e7\u00e3o ao suic\u00eddio, o Setembro Amarelo. Esse m\u00eas tamb\u00e9m conta com o Dia Mundial de Preven\u00e7\u00e3o ao Suic\u00eddio, no dia 10 de setembro.<\/span><\/p>\n<p style=\"text-align: justify;\"><strong><span style=\"font-family: arial, helvetica, sans-serif;\">Sinais de alerta<\/span><\/strong><\/p>\n<p style=\"text-align: justify;\"><span style=\"font-family: arial, helvetica, sans-serif;\">Lucimara destaca, em conjunto da psic\u00f3loga Janaina Bordini e da assistente social Daniela Zamberlam, alguns sinais que as pessoas podem apresentar antes de tirarem a sua pr\u00f3pria vida. Algumas pessoas podem passar a se isolar ou falar mais do que o comum sobre a morte ou o suic\u00eddio, fazendo coment\u00e1rios como por exemplo, \u201cGostaria de dormir e nunca mais acordar\u201d ou \u201cVou deixar voc\u00eas em paz\u201d. Mas esses n\u00e3o s\u00e3o os \u00fanicos sinais dados antes do suic\u00eddio e muitos fatores podem influenciar, como uma perda de emprego, crises pol\u00edticas e econ\u00f4micas, discrimina\u00e7\u00e3o pela orienta\u00e7\u00e3o sexual ou identidade de g\u00eanero ou agress\u00f5es psicol\u00f3gicas e f\u00edsicas. Prestar aten\u00e7\u00e3o \u00e0 esses sinais pode salvar vidas.<\/span><\/p>\n<p style=\"text-align: justify;\"><strong><span style=\"font-family: arial, helvetica, sans-serif;\">O que fazer diante de uma pessoa que apresenta esses sinais?<\/span><\/strong><\/p>\n<p style=\"text-align: justify;\"><span style=\"font-family: arial, helvetica, sans-serif;\">As profissionais Lucimara, Janaina e Daniela tamb\u00e9m falam sobre a import\u00e2ncia do di\u00e1logo. Durante a conversa \u00e9 necess\u00e1rio n\u00e3o banalizar, julgar ou condenar as emo\u00e7\u00f5es do indiv\u00edduo. Al\u00e9m disso frases de incentivo como por exemplo \u201cPense positivo\u201d ou \u201cA vida \u00e9 boa\u201d podem ter efeitos contr\u00e1rios, por isso \u00e9 fundamental incentivar a busca pela ajuda de profissionais e n\u00e3o deixar aqueles que se encontram em perigo imediato sozinhos.<\/span><\/p>\n<p style=\"text-align: justify;\"><span style=\"font-family: arial, helvetica, sans-serif;\">\u00c9 poss\u00edvel encontrar ajuda e mais informa\u00e7\u00f5es pelo do Centro de Valoriza\u00e7\u00e3o \u00e0 Vida (CVV) atrav\u00e9s do n\u00famero de telefone 188 ou nos servi\u00e7os de sa\u00fade, como nos postos de sa\u00fade ou nos CAPS.<\/span><\/p>\n<p style=\"text-align: justify;\"><em><span style=\"font-family: arial, helvetica, sans-serif;\">Sob supervis\u00e3o de Thiago Mossini<\/span><\/em><\/p>\n<p>&nbsp;<\/p>\n","protected":false},"excerpt":{"rendered":"<p>Em homenagem ao Setembro Amarelo, m\u00eas de preven\u00e7\u00e3o ao suic\u00eddio, a Secretaria de Sa\u00fade est\u00e1 realizando diversas a\u00e7\u00f5es de apoio e conscientiza\u00e7\u00e3o. Uma das a\u00e7\u00f5es acontecer\u00e1 na sexta-feira (23) \u00e0s 14h, no Centro Cultural de Camb\u00e9. Ser\u00e1 promovido um encontro destinado a adolescentes com apresenta\u00e7\u00f5es art\u00edsticas, e uma roda de conversa para os jovens tirarem [&hellip;]<\/p>\n","protected":false},"author":2,"featured_media":0,"comment_status":"closed","ping_status":"open","sticky":false,"template":"","format":"standard","meta":{"ngg_post_thumbnail":0,"footnotes":""},"categories":[1],"tags":[],"class_list":["post-7749","post","type-post","status-publish","format-standard","hentry","category-principal"],"yoast_head":"<!-- This site is optimized with the Yoast SEO plugin v27.4 - https:\/\/yoast.com\/product\/yoast-seo-wordpress\/ -->\n<title>Setembro Amarelo: Secretaria de Sa\u00fade promove roda de conversa sobre sa\u00fade mental - Prefeitura de Camb\u00e9<\/title>\n<meta name=\"robots\" content=\"index, follow, max-snippet:-1, max-image-preview:large, max-video-preview:-1\" \/>\n<link rel=\"canonical\" href=\"https:\/\/www.cambe.pr.gov.br\/index.php\/em-homenagem-ao-setembro-amarelo-secretaria-de-saude-promove-roda-de-conversa\/\" \/>\n<meta property=\"og:locale\" content=\"pt_BR\" \/>\n<meta property=\"og:type\" content=\"article\" \/>\n<meta property=\"og:title\" content=\"Setembro Amarelo: Secretaria de Sa\u00fade promove roda de conversa sobre sa\u00fade mental - Prefeitura de Camb\u00e9\" \/>\n<meta property=\"og:description\" content=\"Em homenagem ao Setembro Amarelo, m\u00eas de preven\u00e7\u00e3o ao suic\u00eddio, a Secretaria de Sa\u00fade est\u00e1 realizando diversas a\u00e7\u00f5es de apoio e conscientiza\u00e7\u00e3o. Uma das a\u00e7\u00f5es acontecer\u00e1 na sexta-feira (23) \u00e0s 14h, no Centro Cultural de Camb\u00e9. Ser\u00e1 promovido um encontro destinado a adolescentes com apresenta\u00e7\u00f5es art\u00edsticas, e uma roda de conversa para os jovens tirarem [&hellip;]\" \/>\n<meta property=\"og:url\" content=\"https:\/\/www.cambe.pr.gov.br\/index.php\/em-homenagem-ao-setembro-amarelo-secretaria-de-saude-promove-roda-de-conversa\/\" \/>\n<meta property=\"og:site_name\" content=\"Prefeitura de Camb\u00e9\" \/>\n<meta property=\"article:publisher\" content=\"https:\/\/m.facebook.com\/prefeituradecambe\" \/>\n<meta property=\"article:published_time\" content=\"2022-09-14T17:42:33+00:00\" \/>\n<meta property=\"article:modified_time\" content=\"2024-10-07T16:01:02+00:00\" \/>\n<meta property=\"og:image\" content=\"http:\/\/www.cambe.pr.gov.br\/wp-content\/uploads\/2022\/09\/adolescentes-1024x683.jpg\" \/>\n<meta name=\"author\" content=\"Thiago Mossini Balbino dos Santos\" \/>\n<meta name=\"twitter:card\" content=\"summary_large_image\" \/>\n<meta name=\"twitter:label1\" content=\"Escrito por\" \/>\n\t<meta name=\"twitter:data1\" content=\"Thiago Mossini Balbino dos Santos\" \/>\n\t<meta name=\"twitter:label2\" content=\"Est. tempo de leitura\" \/>\n\t<meta name=\"twitter:data2\" content=\"3 minutos\" \/>\n<script type=\"application\/ld+json\" class=\"yoast-schema-graph\">{\"@context\":\"https:\\\/\\\/schema.org\",\"@graph\":[{\"@type\":\"Article\",\"@id\":\"https:\\\/\\\/www.cambe.pr.gov.br\\\/index.php\\\/em-homenagem-ao-setembro-amarelo-secretaria-de-saude-promove-roda-de-conversa\\\/#article\",\"isPartOf\":{\"@id\":\"https:\\\/\\\/www.cambe.pr.gov.br\\\/index.php\\\/em-homenagem-ao-setembro-amarelo-secretaria-de-saude-promove-roda-de-conversa\\\/\"},\"author\":{\"name\":\"Thiago Mossini Balbino dos Santos\",\"@id\":\"https:\\\/\\\/www.cambe.pr.gov.br\\\/#\\\/schema\\\/person\\\/e08f7c43a641b2ec036e4e867ec483e4\"},\"headline\":\"Setembro Amarelo: Secretaria de Sa\u00fade promove roda de conversa sobre sa\u00fade mental\",\"datePublished\":\"2022-09-14T17:42:33+00:00\",\"dateModified\":\"2024-10-07T16:01:02+00:00\",\"mainEntityOfPage\":{\"@id\":\"https:\\\/\\\/www.cambe.pr.gov.br\\\/index.php\\\/em-homenagem-ao-setembro-amarelo-secretaria-de-saude-promove-roda-de-conversa\\\/\"},\"wordCount\":550,\"publisher\":{\"@id\":\"https:\\\/\\\/www.cambe.pr.gov.br\\\/#organization\"},\"image\":{\"@id\":\"https:\\\/\\\/www.cambe.pr.gov.br\\\/index.php\\\/em-homenagem-ao-setembro-amarelo-secretaria-de-saude-promove-roda-de-conversa\\\/#primaryimage\"},\"thumbnailUrl\":\"http:\\\/\\\/www.cambe.pr.gov.br\\\/wp-content\\\/uploads\\\/2022\\\/09\\\/adolescentes-1024x683.jpg\",\"articleSection\":[\"Principal\"],\"inLanguage\":\"pt-BR\"},{\"@type\":\"WebPage\",\"@id\":\"https:\\\/\\\/www.cambe.pr.gov.br\\\/index.php\\\/em-homenagem-ao-setembro-amarelo-secretaria-de-saude-promove-roda-de-conversa\\\/\",\"url\":\"https:\\\/\\\/www.cambe.pr.gov.br\\\/index.php\\\/em-homenagem-ao-setembro-amarelo-secretaria-de-saude-promove-roda-de-conversa\\\/\",\"name\":\"Setembro Amarelo: Secretaria de Sa\u00fade promove roda de conversa sobre sa\u00fade mental - Prefeitura de Camb\u00e9\",\"isPartOf\":{\"@id\":\"https:\\\/\\\/www.cambe.pr.gov.br\\\/#website\"},\"primaryImageOfPage\":{\"@id\":\"https:\\\/\\\/www.cambe.pr.gov.br\\\/index.php\\\/em-homenagem-ao-setembro-amarelo-secretaria-de-saude-promove-roda-de-conversa\\\/#primaryimage\"},\"image\":{\"@id\":\"https:\\\/\\\/www.cambe.pr.gov.br\\\/index.php\\\/em-homenagem-ao-setembro-amarelo-secretaria-de-saude-promove-roda-de-conversa\\\/#primaryimage\"},\"thumbnailUrl\":\"http:\\\/\\\/www.cambe.pr.gov.br\\\/wp-content\\\/uploads\\\/2022\\\/09\\\/adolescentes-1024x683.jpg\",\"datePublished\":\"2022-09-14T17:42:33+00:00\",\"dateModified\":\"2024-10-07T16:01:02+00:00\",\"breadcrumb\":{\"@id\":\"https:\\\/\\\/www.cambe.pr.gov.br\\\/index.php\\\/em-homenagem-ao-setembro-amarelo-secretaria-de-saude-promove-roda-de-conversa\\\/#breadcrumb\"},\"inLanguage\":\"pt-BR\",\"potentialAction\":[{\"@type\":\"ReadAction\",\"target\":[\"https:\\\/\\\/www.cambe.pr.gov.br\\\/index.php\\\/em-homenagem-ao-setembro-amarelo-secretaria-de-saude-promove-roda-de-conversa\\\/\"]}]},{\"@type\":\"ImageObject\",\"inLanguage\":\"pt-BR\",\"@id\":\"https:\\\/\\\/www.cambe.pr.gov.br\\\/index.php\\\/em-homenagem-ao-setembro-amarelo-secretaria-de-saude-promove-roda-de-conversa\\\/#primaryimage\",\"url\":\"http:\\\/\\\/www.cambe.pr.gov.br\\\/wp-content\\\/uploads\\\/2022\\\/09\\\/adolescentes-1024x683.jpg\",\"contentUrl\":\"http:\\\/\\\/www.cambe.pr.gov.br\\\/wp-content\\\/uploads\\\/2022\\\/09\\\/adolescentes-1024x683.jpg\"},{\"@type\":\"BreadcrumbList\",\"@id\":\"https:\\\/\\\/www.cambe.pr.gov.br\\\/index.php\\\/em-homenagem-ao-setembro-amarelo-secretaria-de-saude-promove-roda-de-conversa\\\/#breadcrumb\",\"itemListElement\":[{\"@type\":\"ListItem\",\"position\":1,\"name\":\"In\u00edcio\",\"item\":\"https:\\\/\\\/www.cambe.pr.gov.br\\\/\"},{\"@type\":\"ListItem\",\"position\":2,\"name\":\"Setembro Amarelo: Secretaria de Sa\u00fade promove roda de conversa sobre sa\u00fade mental\"}]},{\"@type\":\"WebSite\",\"@id\":\"https:\\\/\\\/www.cambe.pr.gov.br\\\/#website\",\"url\":\"https:\\\/\\\/www.cambe.pr.gov.br\\\/\",\"name\":\"Prefeitura de Camb\u00e9\",\"description\":\"UM GOVERNO PARA TODOS\",\"publisher\":{\"@id\":\"https:\\\/\\\/www.cambe.pr.gov.br\\\/#organization\"},\"potentialAction\":[{\"@type\":\"SearchAction\",\"target\":{\"@type\":\"EntryPoint\",\"urlTemplate\":\"https:\\\/\\\/www.cambe.pr.gov.br\\\/?s={search_term_string}\"},\"query-input\":{\"@type\":\"PropertyValueSpecification\",\"valueRequired\":true,\"valueName\":\"search_term_string\"}}],\"inLanguage\":\"pt-BR\"},{\"@type\":\"Organization\",\"@id\":\"https:\\\/\\\/www.cambe.pr.gov.br\\\/#organization\",\"name\":\"Prefeitura de Camb\u00e9\",\"url\":\"https:\\\/\\\/www.cambe.pr.gov.br\\\/\",\"logo\":{\"@type\":\"ImageObject\",\"inLanguage\":\"pt-BR\",\"@id\":\"https:\\\/\\\/www.cambe.pr.gov.br\\\/#\\\/schema\\\/logo\\\/image\\\/\",\"url\":\"https:\\\/\\\/www.cambe.pr.gov.br\\\/wp-content\\\/uploads\\\/2021\\\/01\\\/cropped-cropped-cambe_brazao-icone.png\",\"contentUrl\":\"https:\\\/\\\/www.cambe.pr.gov.br\\\/wp-content\\\/uploads\\\/2021\\\/01\\\/cropped-cropped-cambe_brazao-icone.png\",\"width\":240,\"height\":240,\"caption\":\"Prefeitura de Camb\u00e9\"},\"image\":{\"@id\":\"https:\\\/\\\/www.cambe.pr.gov.br\\\/#\\\/schema\\\/logo\\\/image\\\/\"},\"sameAs\":[\"https:\\\/\\\/m.facebook.com\\\/prefeituradecambe\"]},{\"@type\":\"Person\",\"@id\":\"https:\\\/\\\/www.cambe.pr.gov.br\\\/#\\\/schema\\\/person\\\/e08f7c43a641b2ec036e4e867ec483e4\",\"name\":\"Thiago Mossini Balbino dos Santos\",\"image\":{\"@type\":\"ImageObject\",\"inLanguage\":\"pt-BR\",\"@id\":\"https:\\\/\\\/secure.gravatar.com\\\/avatar\\\/d957ed4e1bc3ebf5769d1003f9709cd2012ebf424eb4a5d76a933fee30e874b6?s=96&d=mm&r=g\",\"url\":\"https:\\\/\\\/secure.gravatar.com\\\/avatar\\\/d957ed4e1bc3ebf5769d1003f9709cd2012ebf424eb4a5d76a933fee30e874b6?s=96&d=mm&r=g\",\"contentUrl\":\"https:\\\/\\\/secure.gravatar.com\\\/avatar\\\/d957ed4e1bc3ebf5769d1003f9709cd2012ebf424eb4a5d76a933fee30e874b6?s=96&d=mm&r=g\",\"caption\":\"Thiago Mossini Balbino dos Santos\"},\"url\":\"https:\\\/\\\/www.cambe.pr.gov.br\\\/index.php\\\/author\\\/tmbsantos\\\/\"}]}<\/script>\n<!-- \/ Yoast SEO plugin. -->","yoast_head_json":{"title":"Setembro Amarelo: Secretaria de Sa\u00fade promove roda de conversa sobre sa\u00fade mental - Prefeitura de Camb\u00e9","robots":{"index":"index","follow":"follow","max-snippet":"max-snippet:-1","max-image-preview":"max-image-preview:large","max-video-preview":"max-video-preview:-1"},"canonical":"https:\/\/www.cambe.pr.gov.br\/index.php\/em-homenagem-ao-setembro-amarelo-secretaria-de-saude-promove-roda-de-conversa\/","og_locale":"pt_BR","og_type":"article","og_title":"Setembro Amarelo: Secretaria de Sa\u00fade promove roda de conversa sobre sa\u00fade mental - Prefeitura de Camb\u00e9","og_description":"Em homenagem ao Setembro Amarelo, m\u00eas de preven\u00e7\u00e3o ao suic\u00eddio, a Secretaria de Sa\u00fade est\u00e1 realizando diversas a\u00e7\u00f5es de apoio e conscientiza\u00e7\u00e3o. Uma das a\u00e7\u00f5es acontecer\u00e1 na sexta-feira (23) \u00e0s 14h, no Centro Cultural de Camb\u00e9. Ser\u00e1 promovido um encontro destinado a adolescentes com apresenta\u00e7\u00f5es art\u00edsticas, e uma roda de conversa para os jovens tirarem [&hellip;]","og_url":"https:\/\/www.cambe.pr.gov.br\/index.php\/em-homenagem-ao-setembro-amarelo-secretaria-de-saude-promove-roda-de-conversa\/","og_site_name":"Prefeitura de Camb\u00e9","article_publisher":"https:\/\/m.facebook.com\/prefeituradecambe","article_published_time":"2022-09-14T17:42:33+00:00","article_modified_time":"2024-10-07T16:01:02+00:00","og_image":[{"url":"http:\/\/www.cambe.pr.gov.br\/wp-content\/uploads\/2022\/09\/adolescentes-1024x683.jpg","type":"","width":"","height":""}],"author":"Thiago Mossini Balbino dos Santos","twitter_card":"summary_large_image","twitter_misc":{"Escrito por":"Thiago Mossini Balbino dos Santos","Est. tempo de leitura":"3 minutos"},"schema":{"@context":"https:\/\/schema.org","@graph":[{"@type":"Article","@id":"https:\/\/www.cambe.pr.gov.br\/index.php\/em-homenagem-ao-setembro-amarelo-secretaria-de-saude-promove-roda-de-conversa\/#article","isPartOf":{"@id":"https:\/\/www.cambe.pr.gov.br\/index.php\/em-homenagem-ao-setembro-amarelo-secretaria-de-saude-promove-roda-de-conversa\/"},"author":{"name":"Thiago Mossini Balbino dos Santos","@id":"https:\/\/www.cambe.pr.gov.br\/#\/schema\/person\/e08f7c43a641b2ec036e4e867ec483e4"},"headline":"Setembro Amarelo: Secretaria de Sa\u00fade promove roda de conversa sobre sa\u00fade mental","datePublished":"2022-09-14T17:42:33+00:00","dateModified":"2024-10-07T16:01:02+00:00","mainEntityOfPage":{"@id":"https:\/\/www.cambe.pr.gov.br\/index.php\/em-homenagem-ao-setembro-amarelo-secretaria-de-saude-promove-roda-de-conversa\/"},"wordCount":550,"publisher":{"@id":"https:\/\/www.cambe.pr.gov.br\/#organization"},"image":{"@id":"https:\/\/www.cambe.pr.gov.br\/index.php\/em-homenagem-ao-setembro-amarelo-secretaria-de-saude-promove-roda-de-conversa\/#primaryimage"},"thumbnailUrl":"http:\/\/www.cambe.pr.gov.br\/wp-content\/uploads\/2022\/09\/adolescentes-1024x683.jpg","articleSection":["Principal"],"inLanguage":"pt-BR"},{"@type":"WebPage","@id":"https:\/\/www.cambe.pr.gov.br\/index.php\/em-homenagem-ao-setembro-amarelo-secretaria-de-saude-promove-roda-de-conversa\/","url":"https:\/\/www.cambe.pr.gov.br\/index.php\/em-homenagem-ao-setembro-amarelo-secretaria-de-saude-promove-roda-de-conversa\/","name":"Setembro Amarelo: Secretaria de Sa\u00fade promove roda de conversa sobre sa\u00fade mental - Prefeitura de Camb\u00e9","isPartOf":{"@id":"https:\/\/www.cambe.pr.gov.br\/#website"},"primaryImageOfPage":{"@id":"https:\/\/www.cambe.pr.gov.br\/index.php\/em-homenagem-ao-setembro-amarelo-secretaria-de-saude-promove-roda-de-conversa\/#primaryimage"},"image":{"@id":"https:\/\/www.cambe.pr.gov.br\/index.php\/em-homenagem-ao-setembro-amarelo-secretaria-de-saude-promove-roda-de-conversa\/#primaryimage"},"thumbnailUrl":"http:\/\/www.cambe.pr.gov.br\/wp-content\/uploads\/2022\/09\/adolescentes-1024x683.jpg","datePublished":"2022-09-14T17:42:33+00:00","dateModified":"2024-10-07T16:01:02+00:00","breadcrumb":{"@id":"https:\/\/www.cambe.pr.gov.br\/index.php\/em-homenagem-ao-setembro-amarelo-secretaria-de-saude-promove-roda-de-conversa\/#breadcrumb"},"inLanguage":"pt-BR","potentialAction":[{"@type":"ReadAction","target":["https:\/\/www.cambe.pr.gov.br\/index.php\/em-homenagem-ao-setembro-amarelo-secretaria-de-saude-promove-roda-de-conversa\/"]}]},{"@type":"ImageObject","inLanguage":"pt-BR","@id":"https:\/\/www.cambe.pr.gov.br\/index.php\/em-homenagem-ao-setembro-amarelo-secretaria-de-saude-promove-roda-de-conversa\/#primaryimage","url":"http:\/\/www.cambe.pr.gov.br\/wp-content\/uploads\/2022\/09\/adolescentes-1024x683.jpg","contentUrl":"http:\/\/www.cambe.pr.gov.br\/wp-content\/uploads\/2022\/09\/adolescentes-1024x683.jpg"},{"@type":"BreadcrumbList","@id":"https:\/\/www.cambe.pr.gov.br\/index.php\/em-homenagem-ao-setembro-amarelo-secretaria-de-saude-promove-roda-de-conversa\/#breadcrumb","itemListElement":[{"@type":"ListItem","position":1,"name":"In\u00edcio","item":"https:\/\/www.cambe.pr.gov.br\/"},{"@type":"ListItem","position":2,"name":"Setembro Amarelo: Secretaria de Sa\u00fade promove roda de conversa sobre sa\u00fade mental"}]},{"@type":"WebSite","@id":"https:\/\/www.cambe.pr.gov.br\/#website","url":"https:\/\/www.cambe.pr.gov.br\/","name":"Prefeitura de Camb\u00e9","description":"UM GOVERNO PARA TODOS","publisher":{"@id":"https:\/\/www.cambe.pr.gov.br\/#organization"},"potentialAction":[{"@type":"SearchAction","target":{"@type":"EntryPoint","urlTemplate":"https:\/\/www.cambe.pr.gov.br\/?s={search_term_string}"},"query-input":{"@type":"PropertyValueSpecification","valueRequired":true,"valueName":"search_term_string"}}],"inLanguage":"pt-BR"},{"@type":"Organization","@id":"https:\/\/www.cambe.pr.gov.br\/#organization","name":"Prefeitura de Camb\u00e9","url":"https:\/\/www.cambe.pr.gov.br\/","logo":{"@type":"ImageObject","inLanguage":"pt-BR","@id":"https:\/\/www.cambe.pr.gov.br\/#\/schema\/logo\/image\/","url":"https:\/\/www.cambe.pr.gov.br\/wp-content\/uploads\/2021\/01\/cropped-cropped-cambe_brazao-icone.png","contentUrl":"https:\/\/www.cambe.pr.gov.br\/wp-content\/uploads\/2021\/01\/cropped-cropped-cambe_brazao-icone.png","width":240,"height":240,"caption":"Prefeitura de Camb\u00e9"},"image":{"@id":"https:\/\/www.cambe.pr.gov.br\/#\/schema\/logo\/image\/"},"sameAs":["https:\/\/m.facebook.com\/prefeituradecambe"]},{"@type":"Person","@id":"https:\/\/www.cambe.pr.gov.br\/#\/schema\/person\/e08f7c43a641b2ec036e4e867ec483e4","name":"Thiago Mossini Balbino dos Santos","image":{"@type":"ImageObject","inLanguage":"pt-BR","@id":"https:\/\/secure.gravatar.com\/avatar\/d957ed4e1bc3ebf5769d1003f9709cd2012ebf424eb4a5d76a933fee30e874b6?s=96&d=mm&r=g","url":"https:\/\/secure.gravatar.com\/avatar\/d957ed4e1bc3ebf5769d1003f9709cd2012ebf424eb4a5d76a933fee30e874b6?s=96&d=mm&r=g","contentUrl":"https:\/\/secure.gravatar.com\/avatar\/d957ed4e1bc3ebf5769d1003f9709cd2012ebf424eb4a5d76a933fee30e874b6?s=96&d=mm&r=g","caption":"Thiago Mossini Balbino dos Santos"},"url":"https:\/\/www.cambe.pr.gov.br\/index.php\/author\/tmbsantos\/"}]}},"_links":{"self":[{"href":"https:\/\/www.cambe.pr.gov.br\/index.php\/wp-json\/wp\/v2\/posts\/7749","targetHints":{"allow":["GET"]}}],"collection":[{"href":"https:\/\/www.cambe.pr.gov.br\/index.php\/wp-json\/wp\/v2\/posts"}],"about":[{"href":"https:\/\/www.cambe.pr.gov.br\/index.php\/wp-json\/wp\/v2\/types\/post"}],"author":[{"embeddable":true,"href":"https:\/\/www.cambe.pr.gov.br\/index.php\/wp-json\/wp\/v2\/users\/2"}],"replies":[{"embeddable":true,"href":"https:\/\/www.cambe.pr.gov.br\/index.php\/wp-json\/wp\/v2\/comments?post=7749"}],"version-history":[{"count":8,"href":"https:\/\/www.cambe.pr.gov.br\/index.php\/wp-json\/wp\/v2\/posts\/7749\/revisions"}],"predecessor-version":[{"id":7793,"href":"https:\/\/www.cambe.pr.gov.br\/index.php\/wp-json\/wp\/v2\/posts\/7749\/revisions\/7793"}],"wp:attachment":[{"href":"https:\/\/www.cambe.pr.gov.br\/index.php\/wp-json\/wp\/v2\/media?parent=7749"}],"wp:term":[{"taxonomy":"category","embeddable":true,"href":"https:\/\/www.cambe.pr.gov.br\/index.php\/wp-json\/wp\/v2\/categories?post=7749"},{"taxonomy":"post_tag","embeddable":true,"href":"https:\/\/www.cambe.pr.gov.br\/index.php\/wp-json\/wp\/v2\/tags?post=7749"}],"curies":[{"name":"wp","href":"https:\/\/api.w.org\/{rel}","templated":true}]}}