{"id":7735,"date":"2022-09-13T10:56:06","date_gmt":"2022-09-13T13:56:06","guid":{"rendered":"http:\/\/www.cambe.pr.gov.br\/?p=7735"},"modified":"2024-10-07T13:01:02","modified_gmt":"2024-10-07T16:01:02","slug":"promotor-de-justica-de-cambe-faz-visita-tecnica-a-comspad-nesta-segunda-feira","status":"publish","type":"post","link":"https:\/\/www.cambe.pr.gov.br\/index.php\/promotor-de-justica-de-cambe-faz-visita-tecnica-a-comspad-nesta-segunda-feira\/","title":{"rendered":"Promotor de Justi\u00e7a de Camb\u00e9 faz visita t\u00e9cnica \u00e0 COMSPAD nesta segunda-feira"},"content":{"rendered":"<p style=\"text-align: justify;\"><span style=\"font-weight: 400; font-family: arial, helvetica, sans-serif;\"><img fetchpriority=\"high\" decoding=\"async\" class=\"size-large wp-image-7738 alignleft\" src=\"https:\/\/www.cambe.pr.gov.br\/wp-content\/uploads\/2022\/09\/IMG-20220912-WA0010_2-1024x744.jpg\" alt=\"\" width=\"610\" height=\"443\" srcset=\"https:\/\/www.cambe.pr.gov.br\/wp-content\/uploads\/2022\/09\/IMG-20220912-WA0010_2-1024x744.jpg 1024w, https:\/\/www.cambe.pr.gov.br\/wp-content\/uploads\/2022\/09\/IMG-20220912-WA0010_2-300x218.jpg 300w, https:\/\/www.cambe.pr.gov.br\/wp-content\/uploads\/2022\/09\/IMG-20220912-WA0010_2-768x558.jpg 768w, https:\/\/www.cambe.pr.gov.br\/wp-content\/uploads\/2022\/09\/IMG-20220912-WA0010_2.jpg 1184w\" sizes=\"(max-width: 610px) 100vw, 610px\" \/>A Comiss\u00e3o de Sindic\u00e2ncia e Processos Administrativos Disciplinares (COMSPAD) da Prefeitura de Camb\u00e9 recebeu a visita t\u00e9cnica de um dos promotores de Justi\u00e7a da cidade na tarde desta segunda-feira (12). O promotor Edm\u00e1rcio Real veio conhecer a estrutura f\u00edsica da COMSPAD e acompanhar os trabalhos que s\u00e3o realizados pelo \u00f3rg\u00e3o, que \u00e9 respons\u00e1vel por investigar den\u00fancias de infra\u00e7\u00f5es administrativas.&nbsp;<\/span><\/p>\n<p style=\"text-align: justify;\"><span style=\"font-weight: 400; font-family: arial, helvetica, sans-serif;\">A COMSPAD foi criada no final de 2017 atrav\u00e9s de um Termo de Ajuste de Conduta (TAC) entre a administra\u00e7\u00e3o municipal e o Minist\u00e9rio P\u00fablico. O \u00f3rg\u00e3o \u00e9 formado por quatro servidores, sendo eles: Ailton Goes Junior, F\u00e1bio Henrique Nakamoto, Jonas Satoru Tamari e Paulo S\u00e9rgio Chudis. A comiss\u00e3o \u00e9 respons\u00e1vel por apurar, investigar, processar e sugerir aplica\u00e7\u00f5es de penalidades em casos de infra\u00e7\u00f5es administrativas, como improbidade administrativa, faltas n\u00e3o justificadas, ass\u00e9dio, atrasos, dentre outros tipos de delitos cometidos por servidores municipais e comissionados. Segundo os membros da COMSPAD, o \u00f3rg\u00e3o \u00e9 independente, j\u00e1 que n\u00e3o faz parte de nenhuma Secretaria Municipal ou departamento, garantindo mais licitude \u00e0s investiga\u00e7\u00f5es.&nbsp;<\/span><\/p>\n<p style=\"text-align: justify;\"><span style=\"font-weight: 400; font-family: arial, helvetica, sans-serif;\">Segundo a equipe, a comiss\u00e3o analisa cerca de 25 processos administrativos e de 20 a 30 sindic\u00e2ncias a cada ano, que v\u00eam de den\u00fancias encaminhadas pelo Minist\u00e9rio P\u00fablico ou diretamente dos secret\u00e1rios municipais. \u201cO promotor \u00e9 um fiscal, ent\u00e3o ele faz essas visitas para conhecer o espa\u00e7o e tamb\u00e9m coletar alguns dados sobre a forma que estamos atuando\u201d, explica a equipe. Segundo eles, a devolutiva do promotor foi muito positiva. \u201cEle disse que o nosso trabalho vem atendendo as expectativas, assim como a nossa estrutura e organiza\u00e7\u00e3o\u201d, comemoram.&nbsp;<\/span><\/p>\n<p style=\"text-align: justify;\"><span style=\"font-weight: 400; font-family: arial, helvetica, sans-serif;\">Tamb\u00e9m de acordo com a equipe, al\u00e9m das visitas, os promotores acompanham todo o trabalho da COMSPAD por meio dos relat\u00f3rios. \u201cN\u00f3s temos um banco de dados com todas as informa\u00e7\u00f5es dos processos administrativos que j\u00e1 realizamos desde 2017, o que facilita o nosso trabalho e tamb\u00e9m atende aos requisitos do Minist\u00e9rio P\u00fablico\u201d, finalizam. <\/span><\/p>\n","protected":false},"excerpt":{"rendered":"<p>A Comiss\u00e3o de Sindic\u00e2ncia e Processos Administrativos Disciplinares (COMSPAD) da Prefeitura de Camb\u00e9 recebeu a visita t\u00e9cnica de um dos promotores de Justi\u00e7a da cidade na tarde desta segunda-feira (12). O promotor Edm\u00e1rcio Real veio conhecer a estrutura f\u00edsica da COMSPAD e acompanhar os trabalhos que s\u00e3o realizados pelo \u00f3rg\u00e3o, que \u00e9 respons\u00e1vel por investigar [&hellip;]<\/p>\n","protected":false},"author":2,"featured_media":0,"comment_status":"closed","ping_status":"open","sticky":false,"template":"","format":"standard","meta":{"ngg_post_thumbnail":0,"footnotes":""},"categories":[1],"tags":[],"class_list":["post-7735","post","type-post","status-publish","format-standard","hentry","category-principal"],"yoast_head":"<!-- This site is optimized with the Yoast SEO plugin v27.4 - https:\/\/yoast.com\/product\/yoast-seo-wordpress\/ -->\n<title>Promotor de Justi\u00e7a de Camb\u00e9 faz visita t\u00e9cnica \u00e0 COMSPAD nesta segunda-feira - Prefeitura de Camb\u00e9<\/title>\n<meta name=\"robots\" content=\"index, follow, max-snippet:-1, max-image-preview:large, max-video-preview:-1\" \/>\n<link rel=\"canonical\" href=\"https:\/\/www.cambe.pr.gov.br\/index.php\/promotor-de-justica-de-cambe-faz-visita-tecnica-a-comspad-nesta-segunda-feira\/\" \/>\n<meta property=\"og:locale\" content=\"pt_BR\" \/>\n<meta property=\"og:type\" content=\"article\" \/>\n<meta property=\"og:title\" content=\"Promotor de Justi\u00e7a de Camb\u00e9 faz visita t\u00e9cnica \u00e0 COMSPAD nesta segunda-feira - Prefeitura de Camb\u00e9\" \/>\n<meta property=\"og:description\" content=\"A Comiss\u00e3o de Sindic\u00e2ncia e Processos Administrativos Disciplinares (COMSPAD) da Prefeitura de Camb\u00e9 recebeu a visita t\u00e9cnica de um dos promotores de Justi\u00e7a da cidade na tarde desta segunda-feira (12). O promotor Edm\u00e1rcio Real veio conhecer a estrutura f\u00edsica da COMSPAD e acompanhar os trabalhos que s\u00e3o realizados pelo \u00f3rg\u00e3o, que \u00e9 respons\u00e1vel por investigar [&hellip;]\" \/>\n<meta property=\"og:url\" content=\"https:\/\/www.cambe.pr.gov.br\/index.php\/promotor-de-justica-de-cambe-faz-visita-tecnica-a-comspad-nesta-segunda-feira\/\" \/>\n<meta property=\"og:site_name\" content=\"Prefeitura de Camb\u00e9\" \/>\n<meta property=\"article:publisher\" content=\"https:\/\/m.facebook.com\/prefeituradecambe\" \/>\n<meta property=\"article:published_time\" content=\"2022-09-13T13:56:06+00:00\" \/>\n<meta property=\"article:modified_time\" content=\"2024-10-07T16:01:02+00:00\" \/>\n<meta property=\"og:image\" content=\"http:\/\/www.cambe.pr.gov.br\/wp-content\/uploads\/2022\/09\/IMG-20220912-WA0010_2-1024x744.jpg\" \/>\n<meta name=\"author\" content=\"Thiago Mossini Balbino dos Santos\" \/>\n<meta name=\"twitter:card\" content=\"summary_large_image\" \/>\n<meta name=\"twitter:label1\" content=\"Escrito por\" \/>\n\t<meta name=\"twitter:data1\" content=\"Thiago Mossini Balbino dos Santos\" \/>\n\t<meta name=\"twitter:label2\" content=\"Est. tempo de leitura\" \/>\n\t<meta name=\"twitter:data2\" content=\"2 minutos\" \/>\n<script type=\"application\/ld+json\" class=\"yoast-schema-graph\">{\"@context\":\"https:\\\/\\\/schema.org\",\"@graph\":[{\"@type\":\"Article\",\"@id\":\"https:\\\/\\\/www.cambe.pr.gov.br\\\/index.php\\\/promotor-de-justica-de-cambe-faz-visita-tecnica-a-comspad-nesta-segunda-feira\\\/#article\",\"isPartOf\":{\"@id\":\"https:\\\/\\\/www.cambe.pr.gov.br\\\/index.php\\\/promotor-de-justica-de-cambe-faz-visita-tecnica-a-comspad-nesta-segunda-feira\\\/\"},\"author\":{\"name\":\"Thiago Mossini Balbino dos Santos\",\"@id\":\"https:\\\/\\\/www.cambe.pr.gov.br\\\/#\\\/schema\\\/person\\\/e08f7c43a641b2ec036e4e867ec483e4\"},\"headline\":\"Promotor de Justi\u00e7a de Camb\u00e9 faz visita t\u00e9cnica \u00e0 COMSPAD nesta segunda-feira\",\"datePublished\":\"2022-09-13T13:56:06+00:00\",\"dateModified\":\"2024-10-07T16:01:02+00:00\",\"mainEntityOfPage\":{\"@id\":\"https:\\\/\\\/www.cambe.pr.gov.br\\\/index.php\\\/promotor-de-justica-de-cambe-faz-visita-tecnica-a-comspad-nesta-segunda-feira\\\/\"},\"wordCount\":361,\"publisher\":{\"@id\":\"https:\\\/\\\/www.cambe.pr.gov.br\\\/#organization\"},\"image\":{\"@id\":\"https:\\\/\\\/www.cambe.pr.gov.br\\\/index.php\\\/promotor-de-justica-de-cambe-faz-visita-tecnica-a-comspad-nesta-segunda-feira\\\/#primaryimage\"},\"thumbnailUrl\":\"http:\\\/\\\/www.cambe.pr.gov.br\\\/wp-content\\\/uploads\\\/2022\\\/09\\\/IMG-20220912-WA0010_2-1024x744.jpg\",\"articleSection\":[\"Principal\"],\"inLanguage\":\"pt-BR\"},{\"@type\":\"WebPage\",\"@id\":\"https:\\\/\\\/www.cambe.pr.gov.br\\\/index.php\\\/promotor-de-justica-de-cambe-faz-visita-tecnica-a-comspad-nesta-segunda-feira\\\/\",\"url\":\"https:\\\/\\\/www.cambe.pr.gov.br\\\/index.php\\\/promotor-de-justica-de-cambe-faz-visita-tecnica-a-comspad-nesta-segunda-feira\\\/\",\"name\":\"Promotor de Justi\u00e7a de Camb\u00e9 faz visita t\u00e9cnica \u00e0 COMSPAD nesta segunda-feira - Prefeitura de Camb\u00e9\",\"isPartOf\":{\"@id\":\"https:\\\/\\\/www.cambe.pr.gov.br\\\/#website\"},\"primaryImageOfPage\":{\"@id\":\"https:\\\/\\\/www.cambe.pr.gov.br\\\/index.php\\\/promotor-de-justica-de-cambe-faz-visita-tecnica-a-comspad-nesta-segunda-feira\\\/#primaryimage\"},\"image\":{\"@id\":\"https:\\\/\\\/www.cambe.pr.gov.br\\\/index.php\\\/promotor-de-justica-de-cambe-faz-visita-tecnica-a-comspad-nesta-segunda-feira\\\/#primaryimage\"},\"thumbnailUrl\":\"http:\\\/\\\/www.cambe.pr.gov.br\\\/wp-content\\\/uploads\\\/2022\\\/09\\\/IMG-20220912-WA0010_2-1024x744.jpg\",\"datePublished\":\"2022-09-13T13:56:06+00:00\",\"dateModified\":\"2024-10-07T16:01:02+00:00\",\"breadcrumb\":{\"@id\":\"https:\\\/\\\/www.cambe.pr.gov.br\\\/index.php\\\/promotor-de-justica-de-cambe-faz-visita-tecnica-a-comspad-nesta-segunda-feira\\\/#breadcrumb\"},\"inLanguage\":\"pt-BR\",\"potentialAction\":[{\"@type\":\"ReadAction\",\"target\":[\"https:\\\/\\\/www.cambe.pr.gov.br\\\/index.php\\\/promotor-de-justica-de-cambe-faz-visita-tecnica-a-comspad-nesta-segunda-feira\\\/\"]}]},{\"@type\":\"ImageObject\",\"inLanguage\":\"pt-BR\",\"@id\":\"https:\\\/\\\/www.cambe.pr.gov.br\\\/index.php\\\/promotor-de-justica-de-cambe-faz-visita-tecnica-a-comspad-nesta-segunda-feira\\\/#primaryimage\",\"url\":\"http:\\\/\\\/www.cambe.pr.gov.br\\\/wp-content\\\/uploads\\\/2022\\\/09\\\/IMG-20220912-WA0010_2-1024x744.jpg\",\"contentUrl\":\"http:\\\/\\\/www.cambe.pr.gov.br\\\/wp-content\\\/uploads\\\/2022\\\/09\\\/IMG-20220912-WA0010_2-1024x744.jpg\"},{\"@type\":\"BreadcrumbList\",\"@id\":\"https:\\\/\\\/www.cambe.pr.gov.br\\\/index.php\\\/promotor-de-justica-de-cambe-faz-visita-tecnica-a-comspad-nesta-segunda-feira\\\/#breadcrumb\",\"itemListElement\":[{\"@type\":\"ListItem\",\"position\":1,\"name\":\"In\u00edcio\",\"item\":\"https:\\\/\\\/www.cambe.pr.gov.br\\\/\"},{\"@type\":\"ListItem\",\"position\":2,\"name\":\"Promotor de Justi\u00e7a de Camb\u00e9 faz visita t\u00e9cnica \u00e0 COMSPAD nesta segunda-feira\"}]},{\"@type\":\"WebSite\",\"@id\":\"https:\\\/\\\/www.cambe.pr.gov.br\\\/#website\",\"url\":\"https:\\\/\\\/www.cambe.pr.gov.br\\\/\",\"name\":\"Prefeitura de Camb\u00e9\",\"description\":\"UM GOVERNO PARA TODOS\",\"publisher\":{\"@id\":\"https:\\\/\\\/www.cambe.pr.gov.br\\\/#organization\"},\"potentialAction\":[{\"@type\":\"SearchAction\",\"target\":{\"@type\":\"EntryPoint\",\"urlTemplate\":\"https:\\\/\\\/www.cambe.pr.gov.br\\\/?s={search_term_string}\"},\"query-input\":{\"@type\":\"PropertyValueSpecification\",\"valueRequired\":true,\"valueName\":\"search_term_string\"}}],\"inLanguage\":\"pt-BR\"},{\"@type\":\"Organization\",\"@id\":\"https:\\\/\\\/www.cambe.pr.gov.br\\\/#organization\",\"name\":\"Prefeitura de Camb\u00e9\",\"url\":\"https:\\\/\\\/www.cambe.pr.gov.br\\\/\",\"logo\":{\"@type\":\"ImageObject\",\"inLanguage\":\"pt-BR\",\"@id\":\"https:\\\/\\\/www.cambe.pr.gov.br\\\/#\\\/schema\\\/logo\\\/image\\\/\",\"url\":\"https:\\\/\\\/www.cambe.pr.gov.br\\\/wp-content\\\/uploads\\\/2021\\\/01\\\/cropped-cropped-cambe_brazao-icone.png\",\"contentUrl\":\"https:\\\/\\\/www.cambe.pr.gov.br\\\/wp-content\\\/uploads\\\/2021\\\/01\\\/cropped-cropped-cambe_brazao-icone.png\",\"width\":240,\"height\":240,\"caption\":\"Prefeitura de Camb\u00e9\"},\"image\":{\"@id\":\"https:\\\/\\\/www.cambe.pr.gov.br\\\/#\\\/schema\\\/logo\\\/image\\\/\"},\"sameAs\":[\"https:\\\/\\\/m.facebook.com\\\/prefeituradecambe\"]},{\"@type\":\"Person\",\"@id\":\"https:\\\/\\\/www.cambe.pr.gov.br\\\/#\\\/schema\\\/person\\\/e08f7c43a641b2ec036e4e867ec483e4\",\"name\":\"Thiago Mossini Balbino dos Santos\",\"image\":{\"@type\":\"ImageObject\",\"inLanguage\":\"pt-BR\",\"@id\":\"https:\\\/\\\/secure.gravatar.com\\\/avatar\\\/d957ed4e1bc3ebf5769d1003f9709cd2012ebf424eb4a5d76a933fee30e874b6?s=96&d=mm&r=g\",\"url\":\"https:\\\/\\\/secure.gravatar.com\\\/avatar\\\/d957ed4e1bc3ebf5769d1003f9709cd2012ebf424eb4a5d76a933fee30e874b6?s=96&d=mm&r=g\",\"contentUrl\":\"https:\\\/\\\/secure.gravatar.com\\\/avatar\\\/d957ed4e1bc3ebf5769d1003f9709cd2012ebf424eb4a5d76a933fee30e874b6?s=96&d=mm&r=g\",\"caption\":\"Thiago Mossini Balbino dos Santos\"},\"url\":\"https:\\\/\\\/www.cambe.pr.gov.br\\\/index.php\\\/author\\\/tmbsantos\\\/\"}]}<\/script>\n<!-- \/ Yoast SEO plugin. -->","yoast_head_json":{"title":"Promotor de Justi\u00e7a de Camb\u00e9 faz visita t\u00e9cnica \u00e0 COMSPAD nesta segunda-feira - Prefeitura de Camb\u00e9","robots":{"index":"index","follow":"follow","max-snippet":"max-snippet:-1","max-image-preview":"max-image-preview:large","max-video-preview":"max-video-preview:-1"},"canonical":"https:\/\/www.cambe.pr.gov.br\/index.php\/promotor-de-justica-de-cambe-faz-visita-tecnica-a-comspad-nesta-segunda-feira\/","og_locale":"pt_BR","og_type":"article","og_title":"Promotor de Justi\u00e7a de Camb\u00e9 faz visita t\u00e9cnica \u00e0 COMSPAD nesta segunda-feira - Prefeitura de Camb\u00e9","og_description":"A Comiss\u00e3o de Sindic\u00e2ncia e Processos Administrativos Disciplinares (COMSPAD) da Prefeitura de Camb\u00e9 recebeu a visita t\u00e9cnica de um dos promotores de Justi\u00e7a da cidade na tarde desta segunda-feira (12). O promotor Edm\u00e1rcio Real veio conhecer a estrutura f\u00edsica da COMSPAD e acompanhar os trabalhos que s\u00e3o realizados pelo \u00f3rg\u00e3o, que \u00e9 respons\u00e1vel por investigar [&hellip;]","og_url":"https:\/\/www.cambe.pr.gov.br\/index.php\/promotor-de-justica-de-cambe-faz-visita-tecnica-a-comspad-nesta-segunda-feira\/","og_site_name":"Prefeitura de Camb\u00e9","article_publisher":"https:\/\/m.facebook.com\/prefeituradecambe","article_published_time":"2022-09-13T13:56:06+00:00","article_modified_time":"2024-10-07T16:01:02+00:00","og_image":[{"url":"http:\/\/www.cambe.pr.gov.br\/wp-content\/uploads\/2022\/09\/IMG-20220912-WA0010_2-1024x744.jpg","type":"","width":"","height":""}],"author":"Thiago Mossini Balbino dos Santos","twitter_card":"summary_large_image","twitter_misc":{"Escrito por":"Thiago Mossini Balbino dos Santos","Est. tempo de leitura":"2 minutos"},"schema":{"@context":"https:\/\/schema.org","@graph":[{"@type":"Article","@id":"https:\/\/www.cambe.pr.gov.br\/index.php\/promotor-de-justica-de-cambe-faz-visita-tecnica-a-comspad-nesta-segunda-feira\/#article","isPartOf":{"@id":"https:\/\/www.cambe.pr.gov.br\/index.php\/promotor-de-justica-de-cambe-faz-visita-tecnica-a-comspad-nesta-segunda-feira\/"},"author":{"name":"Thiago Mossini Balbino dos Santos","@id":"https:\/\/www.cambe.pr.gov.br\/#\/schema\/person\/e08f7c43a641b2ec036e4e867ec483e4"},"headline":"Promotor de Justi\u00e7a de Camb\u00e9 faz visita t\u00e9cnica \u00e0 COMSPAD nesta segunda-feira","datePublished":"2022-09-13T13:56:06+00:00","dateModified":"2024-10-07T16:01:02+00:00","mainEntityOfPage":{"@id":"https:\/\/www.cambe.pr.gov.br\/index.php\/promotor-de-justica-de-cambe-faz-visita-tecnica-a-comspad-nesta-segunda-feira\/"},"wordCount":361,"publisher":{"@id":"https:\/\/www.cambe.pr.gov.br\/#organization"},"image":{"@id":"https:\/\/www.cambe.pr.gov.br\/index.php\/promotor-de-justica-de-cambe-faz-visita-tecnica-a-comspad-nesta-segunda-feira\/#primaryimage"},"thumbnailUrl":"http:\/\/www.cambe.pr.gov.br\/wp-content\/uploads\/2022\/09\/IMG-20220912-WA0010_2-1024x744.jpg","articleSection":["Principal"],"inLanguage":"pt-BR"},{"@type":"WebPage","@id":"https:\/\/www.cambe.pr.gov.br\/index.php\/promotor-de-justica-de-cambe-faz-visita-tecnica-a-comspad-nesta-segunda-feira\/","url":"https:\/\/www.cambe.pr.gov.br\/index.php\/promotor-de-justica-de-cambe-faz-visita-tecnica-a-comspad-nesta-segunda-feira\/","name":"Promotor de Justi\u00e7a de Camb\u00e9 faz visita t\u00e9cnica \u00e0 COMSPAD nesta segunda-feira - Prefeitura de Camb\u00e9","isPartOf":{"@id":"https:\/\/www.cambe.pr.gov.br\/#website"},"primaryImageOfPage":{"@id":"https:\/\/www.cambe.pr.gov.br\/index.php\/promotor-de-justica-de-cambe-faz-visita-tecnica-a-comspad-nesta-segunda-feira\/#primaryimage"},"image":{"@id":"https:\/\/www.cambe.pr.gov.br\/index.php\/promotor-de-justica-de-cambe-faz-visita-tecnica-a-comspad-nesta-segunda-feira\/#primaryimage"},"thumbnailUrl":"http:\/\/www.cambe.pr.gov.br\/wp-content\/uploads\/2022\/09\/IMG-20220912-WA0010_2-1024x744.jpg","datePublished":"2022-09-13T13:56:06+00:00","dateModified":"2024-10-07T16:01:02+00:00","breadcrumb":{"@id":"https:\/\/www.cambe.pr.gov.br\/index.php\/promotor-de-justica-de-cambe-faz-visita-tecnica-a-comspad-nesta-segunda-feira\/#breadcrumb"},"inLanguage":"pt-BR","potentialAction":[{"@type":"ReadAction","target":["https:\/\/www.cambe.pr.gov.br\/index.php\/promotor-de-justica-de-cambe-faz-visita-tecnica-a-comspad-nesta-segunda-feira\/"]}]},{"@type":"ImageObject","inLanguage":"pt-BR","@id":"https:\/\/www.cambe.pr.gov.br\/index.php\/promotor-de-justica-de-cambe-faz-visita-tecnica-a-comspad-nesta-segunda-feira\/#primaryimage","url":"http:\/\/www.cambe.pr.gov.br\/wp-content\/uploads\/2022\/09\/IMG-20220912-WA0010_2-1024x744.jpg","contentUrl":"http:\/\/www.cambe.pr.gov.br\/wp-content\/uploads\/2022\/09\/IMG-20220912-WA0010_2-1024x744.jpg"},{"@type":"BreadcrumbList","@id":"https:\/\/www.cambe.pr.gov.br\/index.php\/promotor-de-justica-de-cambe-faz-visita-tecnica-a-comspad-nesta-segunda-feira\/#breadcrumb","itemListElement":[{"@type":"ListItem","position":1,"name":"In\u00edcio","item":"https:\/\/www.cambe.pr.gov.br\/"},{"@type":"ListItem","position":2,"name":"Promotor de Justi\u00e7a de Camb\u00e9 faz visita t\u00e9cnica \u00e0 COMSPAD nesta segunda-feira"}]},{"@type":"WebSite","@id":"https:\/\/www.cambe.pr.gov.br\/#website","url":"https:\/\/www.cambe.pr.gov.br\/","name":"Prefeitura de Camb\u00e9","description":"UM GOVERNO PARA TODOS","publisher":{"@id":"https:\/\/www.cambe.pr.gov.br\/#organization"},"potentialAction":[{"@type":"SearchAction","target":{"@type":"EntryPoint","urlTemplate":"https:\/\/www.cambe.pr.gov.br\/?s={search_term_string}"},"query-input":{"@type":"PropertyValueSpecification","valueRequired":true,"valueName":"search_term_string"}}],"inLanguage":"pt-BR"},{"@type":"Organization","@id":"https:\/\/www.cambe.pr.gov.br\/#organization","name":"Prefeitura de Camb\u00e9","url":"https:\/\/www.cambe.pr.gov.br\/","logo":{"@type":"ImageObject","inLanguage":"pt-BR","@id":"https:\/\/www.cambe.pr.gov.br\/#\/schema\/logo\/image\/","url":"https:\/\/www.cambe.pr.gov.br\/wp-content\/uploads\/2021\/01\/cropped-cropped-cambe_brazao-icone.png","contentUrl":"https:\/\/www.cambe.pr.gov.br\/wp-content\/uploads\/2021\/01\/cropped-cropped-cambe_brazao-icone.png","width":240,"height":240,"caption":"Prefeitura de Camb\u00e9"},"image":{"@id":"https:\/\/www.cambe.pr.gov.br\/#\/schema\/logo\/image\/"},"sameAs":["https:\/\/m.facebook.com\/prefeituradecambe"]},{"@type":"Person","@id":"https:\/\/www.cambe.pr.gov.br\/#\/schema\/person\/e08f7c43a641b2ec036e4e867ec483e4","name":"Thiago Mossini Balbino dos Santos","image":{"@type":"ImageObject","inLanguage":"pt-BR","@id":"https:\/\/secure.gravatar.com\/avatar\/d957ed4e1bc3ebf5769d1003f9709cd2012ebf424eb4a5d76a933fee30e874b6?s=96&d=mm&r=g","url":"https:\/\/secure.gravatar.com\/avatar\/d957ed4e1bc3ebf5769d1003f9709cd2012ebf424eb4a5d76a933fee30e874b6?s=96&d=mm&r=g","contentUrl":"https:\/\/secure.gravatar.com\/avatar\/d957ed4e1bc3ebf5769d1003f9709cd2012ebf424eb4a5d76a933fee30e874b6?s=96&d=mm&r=g","caption":"Thiago Mossini Balbino dos Santos"},"url":"https:\/\/www.cambe.pr.gov.br\/index.php\/author\/tmbsantos\/"}]}},"_links":{"self":[{"href":"https:\/\/www.cambe.pr.gov.br\/index.php\/wp-json\/wp\/v2\/posts\/7735","targetHints":{"allow":["GET"]}}],"collection":[{"href":"https:\/\/www.cambe.pr.gov.br\/index.php\/wp-json\/wp\/v2\/posts"}],"about":[{"href":"https:\/\/www.cambe.pr.gov.br\/index.php\/wp-json\/wp\/v2\/types\/post"}],"author":[{"embeddable":true,"href":"https:\/\/www.cambe.pr.gov.br\/index.php\/wp-json\/wp\/v2\/users\/2"}],"replies":[{"embeddable":true,"href":"https:\/\/www.cambe.pr.gov.br\/index.php\/wp-json\/wp\/v2\/comments?post=7735"}],"version-history":[{"count":5,"href":"https:\/\/www.cambe.pr.gov.br\/index.php\/wp-json\/wp\/v2\/posts\/7735\/revisions"}],"predecessor-version":[{"id":7744,"href":"https:\/\/www.cambe.pr.gov.br\/index.php\/wp-json\/wp\/v2\/posts\/7735\/revisions\/7744"}],"wp:attachment":[{"href":"https:\/\/www.cambe.pr.gov.br\/index.php\/wp-json\/wp\/v2\/media?parent=7735"}],"wp:term":[{"taxonomy":"category","embeddable":true,"href":"https:\/\/www.cambe.pr.gov.br\/index.php\/wp-json\/wp\/v2\/categories?post=7735"},{"taxonomy":"post_tag","embeddable":true,"href":"https:\/\/www.cambe.pr.gov.br\/index.php\/wp-json\/wp\/v2\/tags?post=7735"}],"curies":[{"name":"wp","href":"https:\/\/api.w.org\/{rel}","templated":true}]}}