{"id":7538,"date":"2022-09-01T14:38:17","date_gmt":"2022-09-01T17:38:17","guid":{"rendered":"http:\/\/www.cambe.pr.gov.br\/?p=7538"},"modified":"2024-10-07T13:01:02","modified_gmt":"2024-10-07T16:01:02","slug":"municipio-formaliza-convenio-com-a-fusan-para-o-regime-complementar-de-previdencia","status":"publish","type":"post","link":"https:\/\/www.cambe.pr.gov.br\/index.php\/municipio-formaliza-convenio-com-a-fusan-para-o-regime-complementar-de-previdencia\/","title":{"rendered":"Munic\u00edpio formaliza conv\u00eanio com a Fusan para o Regime Complementar de Previd\u00eancia"},"content":{"rendered":"<p style=\"text-align: justify;\"><span style=\"font-weight: 400; font-family: arial, helvetica, sans-serif;\"><img fetchpriority=\"high\" decoding=\"async\" class=\"size-large wp-image-7600 alignleft\" src=\"https:\/\/www.cambe.pr.gov.br\/wp-content\/uploads\/2022\/08\/IMG_1738-1024x683.jpg\" alt=\"\" width=\"610\" height=\"407\" srcset=\"https:\/\/www.cambe.pr.gov.br\/wp-content\/uploads\/2022\/08\/IMG_1738-1024x683.jpg 1024w, https:\/\/www.cambe.pr.gov.br\/wp-content\/uploads\/2022\/08\/IMG_1738-300x200.jpg 300w, https:\/\/www.cambe.pr.gov.br\/wp-content\/uploads\/2022\/08\/IMG_1738-768x512.jpg 768w, https:\/\/www.cambe.pr.gov.br\/wp-content\/uploads\/2022\/08\/IMG_1738-1536x1024.jpg 1536w, https:\/\/www.cambe.pr.gov.br\/wp-content\/uploads\/2022\/08\/IMG_1738.jpg 2048w\" sizes=\"(max-width: 610px) 100vw, 610px\" \/>O munic\u00edpio de Camb\u00e9 assinou o contrato de presta\u00e7\u00e3o de servi\u00e7o com a Funda\u00e7\u00e3o Sanepar (Fusan), que vai ser o \u00f3rg\u00e3o respons\u00e1vel por coordenar o Regime Complementar de Previd\u00eancia (RCP) do munic\u00edpio. O objetivo do RCP \u00e9 oferecer uma seguran\u00e7a a mais ao servidor p\u00fablico durante a sua aposentadoria, garantindo a ele a possibilidade de receber o benef\u00edcio com um valor acima do teto. Como exig\u00eancia da Reforma da Previd\u00eancia de 2019, todos os munic\u00edpios que t\u00eam o Regime Pr\u00f3prio de Previd\u00eancia Social (RPPS) tamb\u00e9m devem ofertar o RCP aos servidores. A expectativa \u00e9 de que em 30 dias o Regime Complementar de Previd\u00eancia j\u00e1 possa ser adquirido pelos servidores municipais.&nbsp;<\/span><\/p>\n<p style=\"text-align: justify;\"><span style=\"font-weight: 400; font-family: arial, helvetica, sans-serif;\">Ant\u00f4nio Portugal, diretor do Departamento de Processos Judiciais da Secretaria de Assuntos Jur\u00eddicos de Camb\u00e9, explica que o Regime Complementar de Previd\u00eancia&nbsp; \u00e9 similar a uma Previd\u00eancia Privada, j\u00e1 que o servidor vai poder receber um valor a mais al\u00e9m da aposentadoria. Segundo ele, a Reforma da Previd\u00eancia alterou alguns pontos no Regime Geral de Previd\u00eancia Social (RGPS), assim como no Regime Pr\u00f3prio de Previd\u00eancia Social (RPPS), respons\u00e1vel por garantir os benef\u00edcios de aposentadoria ou de pens\u00e3o para servidores p\u00fablicos municipais, estaduais ou federais. Segundo ele, para os servidores municipais que recebem uma remunera\u00e7\u00e3o acima do teto do Instituto Nacional do Seguro Social (INSS), que \u00e9 de R$7.087,22, a aposentadoria n\u00e3o poder\u00e1 ultrapassar esse valor. \u201cE \u00e9 nesse momento em que o RCP entra, o servidor vai contribuir com um valor todo m\u00eas que complementar\u00e1 o benef\u00edcio, dessa forma ele n\u00e3o vai sentir um impacto muito grande nas finan\u00e7as quando se aposentar\u201d, explica.<\/span><\/p>\n<p style=\"text-align: justify;\"><span style=\"font-weight: 400; font-family: arial, helvetica, sans-serif;\">Portugal ressalta que no RPPS, que \u00e9 o regime previdenci\u00e1rio normal dos servidores, o munic\u00edpio arca com 19% e o trabalhador 14%. Esse modelo abrange os sal\u00e1rios que v\u00e3o at\u00e9 o teto, para quem recebe acima disso, o modelo utilizado ser\u00e1 o Regime Complementar de Previd\u00eancia. O diretor cita como exemplo um servidor que tem uma remunera\u00e7\u00e3o mensal de 10 mil reais: quando ele se aposentar, ele vai receber R$7.087,22, que \u00e9 o valor do teto; caso ele queira receber mais do que esse valor, ele poder\u00e1 optar pelo RCP. \u201cA Fusan vai ser respons\u00e1vel por fazer an\u00e1lises e c\u00e1lculos que v\u00e3o apontar o quanto o servidor vai ter que desembolsar para receber o valor do sal\u00e1rio dele ou at\u00e9 mesmo mais\u201d, explica.<\/span><\/p>\n<p style=\"text-align: justify;\"><span style=\"font-weight: 400; font-family: arial, helvetica, sans-serif;\">No Regime Complementar de Previd\u00eancia, o servidor vai pagar uma determinada quantia, assim como o munic\u00edpio tamb\u00e9m vai auxiliar nesse fundo, com uma al\u00edquota de at\u00e9 8% entre o valor do teto e a remunera\u00e7\u00e3o dele. \u201cSe uma pessoa quer garantir tr\u00eas mil reais a mais do teto, a Fusan vai fazer esse c\u00e1lculo de quanto esse funcion\u00e1rio vai ter que pagar ao RCP para garantir esse valor, entretanto, a contribui\u00e7\u00e3o do munic\u00edpio vai ser de at\u00e9 8% desse valor\u201d, ressalta. Para os servidores que optarem por um valor mais alto, a contribui\u00e7\u00e3o deles ser\u00e1 maior e a do munic\u00edpio permanece a mesma.&nbsp;<\/span><\/p>\n<p style=\"text-align: justify;\"><span style=\"font-weight: 400; font-family: arial, helvetica, sans-serif;\">Os servidores atuais do munic\u00edpio podem optar por aderir ou n\u00e3o ao Regime Complementar de Previd\u00eancia; j\u00e1 os novos, que v\u00e3o receber uma remunera\u00e7\u00e3o acima do teto, ser\u00e3o inseridos automaticamente, mas ter\u00e3o 90 dias para decidir se querem ou n\u00e3o investir nesse fundo. O RCP tamb\u00e9m pode ser contratado por funcion\u00e1rios que recebem menos que o teto salarial, j\u00e1 que \u00e9 uma forma de garantir um acr\u00e9scimo no valor do benef\u00edcio da aposentadoria. \u201cComo o valor da aposentadoria \u00e9 uma m\u00e9dia de todos os sal\u00e1rios dele ao longo da vida, ele pode receber menos do que ganha nesse momento, n\u00f3s estimamos um valor em torno de 70%, por isso \u00e9 importante que eles tenham essa precau\u00e7\u00e3o tamb\u00e9m\u201d, explica. <\/span><\/p>\n<p style=\"text-align: justify;\"><span style=\"font-weight: 400; font-family: arial, helvetica, sans-serif;\">Portugal tamb\u00e9m ressalta que o servidor poder\u00e1 sacar antecipadamente o valor desse fundo, mas somente a parte que ele contribuiu e os rendimentos. No momento do saque, tamb\u00e9m ser\u00e1 aplicada uma porcentagem de desconto prevista no contrato de ades\u00e3o. &#8220;Quanto mais ele demorar para solicitar esse fundo, menor ser\u00e1 a taxa de desconto, mas todos esses dados estar\u00e3o descritos no contrato&#8221;, explica. J\u00e1 nos casos em que h\u00e1 exonera\u00e7\u00e3o, o servidor pode optar por retirar esse dinheiro &#8211; com os descontos &#8211; ou, ainda, por uma portabilidade para uma previd\u00eancia privada, entretanto, a parte em que o munic\u00edpio contribuiu n\u00e3o poder\u00e1 ser transferida.&nbsp;<\/span><\/p>\n<p style=\"text-align: justify;\"><span style=\"font-weight: 400; font-family: arial, helvetica, sans-serif;\">Cl\u00e1udia Trindade, atual presidente da Fusan, explica que a empresa previdenci\u00e1ria j\u00e1 est\u00e1 h\u00e1 40 anos no mercado, mas desde 2021 atuando com as prefeituras por meio do \u2018Viva Mais Multi Prefeituras&#8217;. \u201cA Reforma da Previd\u00eancia veio para trazer mais equil\u00edbrio para a previd\u00eancia dos munic\u00edpios e o RCP \u00e9 a possibilidade das pessoas constru\u00edrem um futuro financeiro, uma seguran\u00e7a para aproveitarem a aposentadoria\u201d, ressalta.<\/span><\/p>\n<p style=\"text-align: justify;\"><span style=\"font-weight: 400; font-family: arial, helvetica, sans-serif;\">A diretora da Autarquia Camb\u00e9 Previd\u00eancia, Andr\u00e9ia Silva, conta que, como o nome j\u00e1 diz, esse \u00e9 um regime complementar e adicional ao que os servidores j\u00e1 t\u00eam, que ainda \u00e9 o principal. \u201cN\u00f3s estamos muito felizes com essa ades\u00e3o, porque vai trazer benef\u00edcios e uma seguran\u00e7a maior ao trabalhador, j\u00e1 que ele pode ter uma aposentadoria mais confort\u00e1vel\u201d, explica. <\/span><\/p>\n<p style=\"text-align: justify;\"><span style=\"font-weight: 400; font-family: arial, helvetica, sans-serif;\">Ant\u00f4nio Portugal ressalta que, para a escolha da empresa, foi aberto um processo licitat\u00f3rio e a Fusan foi a vencedora, j\u00e1 que apresentou o melhor e mais completo contrato de presta\u00e7\u00e3o de servi\u00e7o. Ainda segundo ele, o contrato assinado entre o munic\u00edpio e a Fusan j\u00e1 foi enviado ao Minist\u00e9rio da Previd\u00eancia para que possa ser homologado pela Superintend\u00eancia Nacional da Previd\u00eancia Complementar (Previc).&nbsp;<\/span><\/p>\n","protected":false},"excerpt":{"rendered":"<p>O munic\u00edpio de Camb\u00e9 assinou o contrato de presta\u00e7\u00e3o de servi\u00e7o com a Funda\u00e7\u00e3o Sanepar (Fusan), que vai ser o \u00f3rg\u00e3o respons\u00e1vel por coordenar o Regime Complementar de Previd\u00eancia (RCP) do munic\u00edpio. O objetivo do RCP \u00e9 oferecer uma seguran\u00e7a a mais ao servidor p\u00fablico durante a sua aposentadoria, garantindo a ele a possibilidade de [&hellip;]<\/p>\n","protected":false},"author":2,"featured_media":0,"comment_status":"closed","ping_status":"open","sticky":false,"template":"","format":"standard","meta":{"ngg_post_thumbnail":0,"footnotes":""},"categories":[1],"tags":[],"class_list":["post-7538","post","type-post","status-publish","format-standard","hentry","category-principal"],"yoast_head":"<!-- This site is optimized with the Yoast SEO plugin v27.4 - https:\/\/yoast.com\/product\/yoast-seo-wordpress\/ -->\n<title>Munic\u00edpio formaliza conv\u00eanio com a Fusan para o Regime Complementar de Previd\u00eancia - Prefeitura de Camb\u00e9<\/title>\n<meta name=\"robots\" content=\"index, follow, max-snippet:-1, max-image-preview:large, max-video-preview:-1\" \/>\n<link rel=\"canonical\" href=\"https:\/\/www.cambe.pr.gov.br\/index.php\/municipio-formaliza-convenio-com-a-fusan-para-o-regime-complementar-de-previdencia\/\" \/>\n<meta property=\"og:locale\" content=\"pt_BR\" \/>\n<meta property=\"og:type\" content=\"article\" \/>\n<meta property=\"og:title\" content=\"Munic\u00edpio formaliza conv\u00eanio com a Fusan para o Regime Complementar de Previd\u00eancia - Prefeitura de Camb\u00e9\" \/>\n<meta property=\"og:description\" content=\"O munic\u00edpio de Camb\u00e9 assinou o contrato de presta\u00e7\u00e3o de servi\u00e7o com a Funda\u00e7\u00e3o Sanepar (Fusan), que vai ser o \u00f3rg\u00e3o respons\u00e1vel por coordenar o Regime Complementar de Previd\u00eancia (RCP) do munic\u00edpio. O objetivo do RCP \u00e9 oferecer uma seguran\u00e7a a mais ao servidor p\u00fablico durante a sua aposentadoria, garantindo a ele a possibilidade de [&hellip;]\" \/>\n<meta property=\"og:url\" content=\"https:\/\/www.cambe.pr.gov.br\/index.php\/municipio-formaliza-convenio-com-a-fusan-para-o-regime-complementar-de-previdencia\/\" \/>\n<meta property=\"og:site_name\" content=\"Prefeitura de Camb\u00e9\" \/>\n<meta property=\"article:publisher\" content=\"https:\/\/m.facebook.com\/prefeituradecambe\" \/>\n<meta property=\"article:published_time\" content=\"2022-09-01T17:38:17+00:00\" \/>\n<meta property=\"article:modified_time\" content=\"2024-10-07T16:01:02+00:00\" \/>\n<meta property=\"og:image\" content=\"http:\/\/www.cambe.pr.gov.br\/wp-content\/uploads\/2022\/08\/IMG_1738-1024x683.jpg\" \/>\n<meta name=\"author\" content=\"Thiago Mossini Balbino dos Santos\" \/>\n<meta name=\"twitter:card\" content=\"summary_large_image\" \/>\n<meta name=\"twitter:label1\" content=\"Escrito por\" \/>\n\t<meta name=\"twitter:data1\" content=\"Thiago Mossini Balbino dos Santos\" \/>\n\t<meta name=\"twitter:label2\" content=\"Est. tempo de leitura\" \/>\n\t<meta name=\"twitter:data2\" content=\"5 minutos\" \/>\n<script type=\"application\/ld+json\" class=\"yoast-schema-graph\">{\"@context\":\"https:\\\/\\\/schema.org\",\"@graph\":[{\"@type\":\"Article\",\"@id\":\"https:\\\/\\\/www.cambe.pr.gov.br\\\/index.php\\\/municipio-formaliza-convenio-com-a-fusan-para-o-regime-complementar-de-previdencia\\\/#article\",\"isPartOf\":{\"@id\":\"https:\\\/\\\/www.cambe.pr.gov.br\\\/index.php\\\/municipio-formaliza-convenio-com-a-fusan-para-o-regime-complementar-de-previdencia\\\/\"},\"author\":{\"name\":\"Thiago Mossini Balbino dos Santos\",\"@id\":\"https:\\\/\\\/www.cambe.pr.gov.br\\\/#\\\/schema\\\/person\\\/e08f7c43a641b2ec036e4e867ec483e4\"},\"headline\":\"Munic\u00edpio formaliza conv\u00eanio com a Fusan para o Regime Complementar de Previd\u00eancia\",\"datePublished\":\"2022-09-01T17:38:17+00:00\",\"dateModified\":\"2024-10-07T16:01:02+00:00\",\"mainEntityOfPage\":{\"@id\":\"https:\\\/\\\/www.cambe.pr.gov.br\\\/index.php\\\/municipio-formaliza-convenio-com-a-fusan-para-o-regime-complementar-de-previdencia\\\/\"},\"wordCount\":1007,\"publisher\":{\"@id\":\"https:\\\/\\\/www.cambe.pr.gov.br\\\/#organization\"},\"image\":{\"@id\":\"https:\\\/\\\/www.cambe.pr.gov.br\\\/index.php\\\/municipio-formaliza-convenio-com-a-fusan-para-o-regime-complementar-de-previdencia\\\/#primaryimage\"},\"thumbnailUrl\":\"http:\\\/\\\/www.cambe.pr.gov.br\\\/wp-content\\\/uploads\\\/2022\\\/08\\\/IMG_1738-1024x683.jpg\",\"articleSection\":[\"Principal\"],\"inLanguage\":\"pt-BR\"},{\"@type\":\"WebPage\",\"@id\":\"https:\\\/\\\/www.cambe.pr.gov.br\\\/index.php\\\/municipio-formaliza-convenio-com-a-fusan-para-o-regime-complementar-de-previdencia\\\/\",\"url\":\"https:\\\/\\\/www.cambe.pr.gov.br\\\/index.php\\\/municipio-formaliza-convenio-com-a-fusan-para-o-regime-complementar-de-previdencia\\\/\",\"name\":\"Munic\u00edpio formaliza conv\u00eanio com a Fusan para o Regime Complementar de Previd\u00eancia - Prefeitura de Camb\u00e9\",\"isPartOf\":{\"@id\":\"https:\\\/\\\/www.cambe.pr.gov.br\\\/#website\"},\"primaryImageOfPage\":{\"@id\":\"https:\\\/\\\/www.cambe.pr.gov.br\\\/index.php\\\/municipio-formaliza-convenio-com-a-fusan-para-o-regime-complementar-de-previdencia\\\/#primaryimage\"},\"image\":{\"@id\":\"https:\\\/\\\/www.cambe.pr.gov.br\\\/index.php\\\/municipio-formaliza-convenio-com-a-fusan-para-o-regime-complementar-de-previdencia\\\/#primaryimage\"},\"thumbnailUrl\":\"http:\\\/\\\/www.cambe.pr.gov.br\\\/wp-content\\\/uploads\\\/2022\\\/08\\\/IMG_1738-1024x683.jpg\",\"datePublished\":\"2022-09-01T17:38:17+00:00\",\"dateModified\":\"2024-10-07T16:01:02+00:00\",\"breadcrumb\":{\"@id\":\"https:\\\/\\\/www.cambe.pr.gov.br\\\/index.php\\\/municipio-formaliza-convenio-com-a-fusan-para-o-regime-complementar-de-previdencia\\\/#breadcrumb\"},\"inLanguage\":\"pt-BR\",\"potentialAction\":[{\"@type\":\"ReadAction\",\"target\":[\"https:\\\/\\\/www.cambe.pr.gov.br\\\/index.php\\\/municipio-formaliza-convenio-com-a-fusan-para-o-regime-complementar-de-previdencia\\\/\"]}]},{\"@type\":\"ImageObject\",\"inLanguage\":\"pt-BR\",\"@id\":\"https:\\\/\\\/www.cambe.pr.gov.br\\\/index.php\\\/municipio-formaliza-convenio-com-a-fusan-para-o-regime-complementar-de-previdencia\\\/#primaryimage\",\"url\":\"http:\\\/\\\/www.cambe.pr.gov.br\\\/wp-content\\\/uploads\\\/2022\\\/08\\\/IMG_1738-1024x683.jpg\",\"contentUrl\":\"http:\\\/\\\/www.cambe.pr.gov.br\\\/wp-content\\\/uploads\\\/2022\\\/08\\\/IMG_1738-1024x683.jpg\"},{\"@type\":\"BreadcrumbList\",\"@id\":\"https:\\\/\\\/www.cambe.pr.gov.br\\\/index.php\\\/municipio-formaliza-convenio-com-a-fusan-para-o-regime-complementar-de-previdencia\\\/#breadcrumb\",\"itemListElement\":[{\"@type\":\"ListItem\",\"position\":1,\"name\":\"In\u00edcio\",\"item\":\"https:\\\/\\\/www.cambe.pr.gov.br\\\/\"},{\"@type\":\"ListItem\",\"position\":2,\"name\":\"Munic\u00edpio formaliza conv\u00eanio com a Fusan para o Regime Complementar de Previd\u00eancia\"}]},{\"@type\":\"WebSite\",\"@id\":\"https:\\\/\\\/www.cambe.pr.gov.br\\\/#website\",\"url\":\"https:\\\/\\\/www.cambe.pr.gov.br\\\/\",\"name\":\"Prefeitura de Camb\u00e9\",\"description\":\"UM GOVERNO PARA TODOS\",\"publisher\":{\"@id\":\"https:\\\/\\\/www.cambe.pr.gov.br\\\/#organization\"},\"potentialAction\":[{\"@type\":\"SearchAction\",\"target\":{\"@type\":\"EntryPoint\",\"urlTemplate\":\"https:\\\/\\\/www.cambe.pr.gov.br\\\/?s={search_term_string}\"},\"query-input\":{\"@type\":\"PropertyValueSpecification\",\"valueRequired\":true,\"valueName\":\"search_term_string\"}}],\"inLanguage\":\"pt-BR\"},{\"@type\":\"Organization\",\"@id\":\"https:\\\/\\\/www.cambe.pr.gov.br\\\/#organization\",\"name\":\"Prefeitura de Camb\u00e9\",\"url\":\"https:\\\/\\\/www.cambe.pr.gov.br\\\/\",\"logo\":{\"@type\":\"ImageObject\",\"inLanguage\":\"pt-BR\",\"@id\":\"https:\\\/\\\/www.cambe.pr.gov.br\\\/#\\\/schema\\\/logo\\\/image\\\/\",\"url\":\"https:\\\/\\\/www.cambe.pr.gov.br\\\/wp-content\\\/uploads\\\/2021\\\/01\\\/cropped-cropped-cambe_brazao-icone.png\",\"contentUrl\":\"https:\\\/\\\/www.cambe.pr.gov.br\\\/wp-content\\\/uploads\\\/2021\\\/01\\\/cropped-cropped-cambe_brazao-icone.png\",\"width\":240,\"height\":240,\"caption\":\"Prefeitura de Camb\u00e9\"},\"image\":{\"@id\":\"https:\\\/\\\/www.cambe.pr.gov.br\\\/#\\\/schema\\\/logo\\\/image\\\/\"},\"sameAs\":[\"https:\\\/\\\/m.facebook.com\\\/prefeituradecambe\"]},{\"@type\":\"Person\",\"@id\":\"https:\\\/\\\/www.cambe.pr.gov.br\\\/#\\\/schema\\\/person\\\/e08f7c43a641b2ec036e4e867ec483e4\",\"name\":\"Thiago Mossini Balbino dos Santos\",\"image\":{\"@type\":\"ImageObject\",\"inLanguage\":\"pt-BR\",\"@id\":\"https:\\\/\\\/secure.gravatar.com\\\/avatar\\\/d957ed4e1bc3ebf5769d1003f9709cd2012ebf424eb4a5d76a933fee30e874b6?s=96&d=mm&r=g\",\"url\":\"https:\\\/\\\/secure.gravatar.com\\\/avatar\\\/d957ed4e1bc3ebf5769d1003f9709cd2012ebf424eb4a5d76a933fee30e874b6?s=96&d=mm&r=g\",\"contentUrl\":\"https:\\\/\\\/secure.gravatar.com\\\/avatar\\\/d957ed4e1bc3ebf5769d1003f9709cd2012ebf424eb4a5d76a933fee30e874b6?s=96&d=mm&r=g\",\"caption\":\"Thiago Mossini Balbino dos Santos\"},\"url\":\"https:\\\/\\\/www.cambe.pr.gov.br\\\/index.php\\\/author\\\/tmbsantos\\\/\"}]}<\/script>\n<!-- \/ Yoast SEO plugin. -->","yoast_head_json":{"title":"Munic\u00edpio formaliza conv\u00eanio com a Fusan para o Regime Complementar de Previd\u00eancia - Prefeitura de Camb\u00e9","robots":{"index":"index","follow":"follow","max-snippet":"max-snippet:-1","max-image-preview":"max-image-preview:large","max-video-preview":"max-video-preview:-1"},"canonical":"https:\/\/www.cambe.pr.gov.br\/index.php\/municipio-formaliza-convenio-com-a-fusan-para-o-regime-complementar-de-previdencia\/","og_locale":"pt_BR","og_type":"article","og_title":"Munic\u00edpio formaliza conv\u00eanio com a Fusan para o Regime Complementar de Previd\u00eancia - Prefeitura de Camb\u00e9","og_description":"O munic\u00edpio de Camb\u00e9 assinou o contrato de presta\u00e7\u00e3o de servi\u00e7o com a Funda\u00e7\u00e3o Sanepar (Fusan), que vai ser o \u00f3rg\u00e3o respons\u00e1vel por coordenar o Regime Complementar de Previd\u00eancia (RCP) do munic\u00edpio. O objetivo do RCP \u00e9 oferecer uma seguran\u00e7a a mais ao servidor p\u00fablico durante a sua aposentadoria, garantindo a ele a possibilidade de [&hellip;]","og_url":"https:\/\/www.cambe.pr.gov.br\/index.php\/municipio-formaliza-convenio-com-a-fusan-para-o-regime-complementar-de-previdencia\/","og_site_name":"Prefeitura de Camb\u00e9","article_publisher":"https:\/\/m.facebook.com\/prefeituradecambe","article_published_time":"2022-09-01T17:38:17+00:00","article_modified_time":"2024-10-07T16:01:02+00:00","og_image":[{"url":"http:\/\/www.cambe.pr.gov.br\/wp-content\/uploads\/2022\/08\/IMG_1738-1024x683.jpg","type":"","width":"","height":""}],"author":"Thiago Mossini Balbino dos Santos","twitter_card":"summary_large_image","twitter_misc":{"Escrito por":"Thiago Mossini Balbino dos Santos","Est. tempo de leitura":"5 minutos"},"schema":{"@context":"https:\/\/schema.org","@graph":[{"@type":"Article","@id":"https:\/\/www.cambe.pr.gov.br\/index.php\/municipio-formaliza-convenio-com-a-fusan-para-o-regime-complementar-de-previdencia\/#article","isPartOf":{"@id":"https:\/\/www.cambe.pr.gov.br\/index.php\/municipio-formaliza-convenio-com-a-fusan-para-o-regime-complementar-de-previdencia\/"},"author":{"name":"Thiago Mossini Balbino dos Santos","@id":"https:\/\/www.cambe.pr.gov.br\/#\/schema\/person\/e08f7c43a641b2ec036e4e867ec483e4"},"headline":"Munic\u00edpio formaliza conv\u00eanio com a Fusan para o Regime Complementar de Previd\u00eancia","datePublished":"2022-09-01T17:38:17+00:00","dateModified":"2024-10-07T16:01:02+00:00","mainEntityOfPage":{"@id":"https:\/\/www.cambe.pr.gov.br\/index.php\/municipio-formaliza-convenio-com-a-fusan-para-o-regime-complementar-de-previdencia\/"},"wordCount":1007,"publisher":{"@id":"https:\/\/www.cambe.pr.gov.br\/#organization"},"image":{"@id":"https:\/\/www.cambe.pr.gov.br\/index.php\/municipio-formaliza-convenio-com-a-fusan-para-o-regime-complementar-de-previdencia\/#primaryimage"},"thumbnailUrl":"http:\/\/www.cambe.pr.gov.br\/wp-content\/uploads\/2022\/08\/IMG_1738-1024x683.jpg","articleSection":["Principal"],"inLanguage":"pt-BR"},{"@type":"WebPage","@id":"https:\/\/www.cambe.pr.gov.br\/index.php\/municipio-formaliza-convenio-com-a-fusan-para-o-regime-complementar-de-previdencia\/","url":"https:\/\/www.cambe.pr.gov.br\/index.php\/municipio-formaliza-convenio-com-a-fusan-para-o-regime-complementar-de-previdencia\/","name":"Munic\u00edpio formaliza conv\u00eanio com a Fusan para o Regime Complementar de Previd\u00eancia - Prefeitura de Camb\u00e9","isPartOf":{"@id":"https:\/\/www.cambe.pr.gov.br\/#website"},"primaryImageOfPage":{"@id":"https:\/\/www.cambe.pr.gov.br\/index.php\/municipio-formaliza-convenio-com-a-fusan-para-o-regime-complementar-de-previdencia\/#primaryimage"},"image":{"@id":"https:\/\/www.cambe.pr.gov.br\/index.php\/municipio-formaliza-convenio-com-a-fusan-para-o-regime-complementar-de-previdencia\/#primaryimage"},"thumbnailUrl":"http:\/\/www.cambe.pr.gov.br\/wp-content\/uploads\/2022\/08\/IMG_1738-1024x683.jpg","datePublished":"2022-09-01T17:38:17+00:00","dateModified":"2024-10-07T16:01:02+00:00","breadcrumb":{"@id":"https:\/\/www.cambe.pr.gov.br\/index.php\/municipio-formaliza-convenio-com-a-fusan-para-o-regime-complementar-de-previdencia\/#breadcrumb"},"inLanguage":"pt-BR","potentialAction":[{"@type":"ReadAction","target":["https:\/\/www.cambe.pr.gov.br\/index.php\/municipio-formaliza-convenio-com-a-fusan-para-o-regime-complementar-de-previdencia\/"]}]},{"@type":"ImageObject","inLanguage":"pt-BR","@id":"https:\/\/www.cambe.pr.gov.br\/index.php\/municipio-formaliza-convenio-com-a-fusan-para-o-regime-complementar-de-previdencia\/#primaryimage","url":"http:\/\/www.cambe.pr.gov.br\/wp-content\/uploads\/2022\/08\/IMG_1738-1024x683.jpg","contentUrl":"http:\/\/www.cambe.pr.gov.br\/wp-content\/uploads\/2022\/08\/IMG_1738-1024x683.jpg"},{"@type":"BreadcrumbList","@id":"https:\/\/www.cambe.pr.gov.br\/index.php\/municipio-formaliza-convenio-com-a-fusan-para-o-regime-complementar-de-previdencia\/#breadcrumb","itemListElement":[{"@type":"ListItem","position":1,"name":"In\u00edcio","item":"https:\/\/www.cambe.pr.gov.br\/"},{"@type":"ListItem","position":2,"name":"Munic\u00edpio formaliza conv\u00eanio com a Fusan para o Regime Complementar de Previd\u00eancia"}]},{"@type":"WebSite","@id":"https:\/\/www.cambe.pr.gov.br\/#website","url":"https:\/\/www.cambe.pr.gov.br\/","name":"Prefeitura de Camb\u00e9","description":"UM GOVERNO PARA TODOS","publisher":{"@id":"https:\/\/www.cambe.pr.gov.br\/#organization"},"potentialAction":[{"@type":"SearchAction","target":{"@type":"EntryPoint","urlTemplate":"https:\/\/www.cambe.pr.gov.br\/?s={search_term_string}"},"query-input":{"@type":"PropertyValueSpecification","valueRequired":true,"valueName":"search_term_string"}}],"inLanguage":"pt-BR"},{"@type":"Organization","@id":"https:\/\/www.cambe.pr.gov.br\/#organization","name":"Prefeitura de Camb\u00e9","url":"https:\/\/www.cambe.pr.gov.br\/","logo":{"@type":"ImageObject","inLanguage":"pt-BR","@id":"https:\/\/www.cambe.pr.gov.br\/#\/schema\/logo\/image\/","url":"https:\/\/www.cambe.pr.gov.br\/wp-content\/uploads\/2021\/01\/cropped-cropped-cambe_brazao-icone.png","contentUrl":"https:\/\/www.cambe.pr.gov.br\/wp-content\/uploads\/2021\/01\/cropped-cropped-cambe_brazao-icone.png","width":240,"height":240,"caption":"Prefeitura de Camb\u00e9"},"image":{"@id":"https:\/\/www.cambe.pr.gov.br\/#\/schema\/logo\/image\/"},"sameAs":["https:\/\/m.facebook.com\/prefeituradecambe"]},{"@type":"Person","@id":"https:\/\/www.cambe.pr.gov.br\/#\/schema\/person\/e08f7c43a641b2ec036e4e867ec483e4","name":"Thiago Mossini Balbino dos Santos","image":{"@type":"ImageObject","inLanguage":"pt-BR","@id":"https:\/\/secure.gravatar.com\/avatar\/d957ed4e1bc3ebf5769d1003f9709cd2012ebf424eb4a5d76a933fee30e874b6?s=96&d=mm&r=g","url":"https:\/\/secure.gravatar.com\/avatar\/d957ed4e1bc3ebf5769d1003f9709cd2012ebf424eb4a5d76a933fee30e874b6?s=96&d=mm&r=g","contentUrl":"https:\/\/secure.gravatar.com\/avatar\/d957ed4e1bc3ebf5769d1003f9709cd2012ebf424eb4a5d76a933fee30e874b6?s=96&d=mm&r=g","caption":"Thiago Mossini Balbino dos Santos"},"url":"https:\/\/www.cambe.pr.gov.br\/index.php\/author\/tmbsantos\/"}]}},"_links":{"self":[{"href":"https:\/\/www.cambe.pr.gov.br\/index.php\/wp-json\/wp\/v2\/posts\/7538","targetHints":{"allow":["GET"]}}],"collection":[{"href":"https:\/\/www.cambe.pr.gov.br\/index.php\/wp-json\/wp\/v2\/posts"}],"about":[{"href":"https:\/\/www.cambe.pr.gov.br\/index.php\/wp-json\/wp\/v2\/types\/post"}],"author":[{"embeddable":true,"href":"https:\/\/www.cambe.pr.gov.br\/index.php\/wp-json\/wp\/v2\/users\/2"}],"replies":[{"embeddable":true,"href":"https:\/\/www.cambe.pr.gov.br\/index.php\/wp-json\/wp\/v2\/comments?post=7538"}],"version-history":[{"count":12,"href":"https:\/\/www.cambe.pr.gov.br\/index.php\/wp-json\/wp\/v2\/posts\/7538\/revisions"}],"predecessor-version":[{"id":7602,"href":"https:\/\/www.cambe.pr.gov.br\/index.php\/wp-json\/wp\/v2\/posts\/7538\/revisions\/7602"}],"wp:attachment":[{"href":"https:\/\/www.cambe.pr.gov.br\/index.php\/wp-json\/wp\/v2\/media?parent=7538"}],"wp:term":[{"taxonomy":"category","embeddable":true,"href":"https:\/\/www.cambe.pr.gov.br\/index.php\/wp-json\/wp\/v2\/categories?post=7538"},{"taxonomy":"post_tag","embeddable":true,"href":"https:\/\/www.cambe.pr.gov.br\/index.php\/wp-json\/wp\/v2\/tags?post=7538"}],"curies":[{"name":"wp","href":"https:\/\/api.w.org\/{rel}","templated":true}]}}