{"id":7482,"date":"2022-08-25T16:39:33","date_gmt":"2022-08-25T19:39:33","guid":{"rendered":"http:\/\/www.cambe.pr.gov.br\/?p=7482"},"modified":"2024-10-07T13:01:01","modified_gmt":"2024-10-07T16:01:01","slug":"secretaria-de-obras-conclui-revitalizacao-da-ponte-da-estrada-do-conan","status":"publish","type":"post","link":"https:\/\/www.cambe.pr.gov.br\/index.php\/secretaria-de-obras-conclui-revitalizacao-da-ponte-da-estrada-do-conan\/","title":{"rendered":"Secretaria de Obras conclui revitaliza\u00e7\u00e3o da ponte da Estrada do Conan"},"content":{"rendered":"<p style=\"text-align: justify;\"><span style=\"font-weight: 400; font-family: arial, helvetica, sans-serif;\"><img fetchpriority=\"high\" decoding=\"async\" class=\"size-large wp-image-7488 alignleft\" src=\"https:\/\/www.cambe.pr.gov.br\/wp-content\/uploads\/2022\/08\/WhatsApp-Image-2022-08-25-at-11.35.12-1024x576.jpeg\" alt=\"\" width=\"610\" height=\"343\" srcset=\"https:\/\/www.cambe.pr.gov.br\/wp-content\/uploads\/2022\/08\/WhatsApp-Image-2022-08-25-at-11.35.12-1024x576.jpeg 1024w, https:\/\/www.cambe.pr.gov.br\/wp-content\/uploads\/2022\/08\/WhatsApp-Image-2022-08-25-at-11.35.12-300x169.jpeg 300w, https:\/\/www.cambe.pr.gov.br\/wp-content\/uploads\/2022\/08\/WhatsApp-Image-2022-08-25-at-11.35.12-768x432.jpeg 768w, https:\/\/www.cambe.pr.gov.br\/wp-content\/uploads\/2022\/08\/WhatsApp-Image-2022-08-25-at-11.35.12-1536x864.jpeg 1536w, https:\/\/www.cambe.pr.gov.br\/wp-content\/uploads\/2022\/08\/WhatsApp-Image-2022-08-25-at-11.35.12.jpeg 1599w\" sizes=\"(max-width: 610px) 100vw, 610px\" \/>A Secretaria de Obras de Camb\u00e9 concluiu na tarde da quarta-feira (24) a reforma da ponte da Estrada do Conan, que liga a regi\u00e3o da Warta ao Conjunto S\u00e3o Jorge, de Londrina. A ponte recebeu novas bases de sustenta\u00e7\u00e3o e pranchas de madeira que fazem a cobertura do assoalho. Segundo Manoel Cicero dos Santos, secret\u00e1rio de Obras, a obra aconteceu em parceria com a Secretaria de Meio Ambiente de Londrina, j\u00e1 que o local fica na divisa entre as duas cidades. O tr\u00e2nsito de carros e de pedestres j\u00e1 est\u00e1 liberado no local.<\/span><\/p>\n<p style=\"text-align: justify;\"><span style=\"font-weight: 400; font-family: arial, helvetica, sans-serif;\">A ponte, que cruza o C\u00f3rrego Jacutinga, precisou ser bloqueada no dia 11 de agosto por conta das m\u00e1s condi\u00e7\u00f5es de trafegabilidade, j\u00e1 que a base de madeira estava apodrecendo. \u201cAgora o trecho est\u00e1 mais seguro para quem precisa atravessar o local todos os dias\u201d, explica. O secret\u00e1rio ressalta que a travessia tem 7 metros de comprimento e fica a 3 metros de altura do c\u00f3rrego. \u201cA ponte \u00e9 muito utilizada por agricultores que passam com maquin\u00e1rio pesado e por crian\u00e7as e adolescentes que v\u00eam para a cidade para estudar, ent\u00e3o \u00e9 fundamental que a transposi\u00e7\u00e3o garanta a seguran\u00e7a que essa popula\u00e7\u00e3o necessita\u201d, explica.&nbsp;<\/span><\/p>\n<p style=\"text-align: justify;\"><span style=\"font-family: arial, helvetica, sans-serif;\"><span style=\"font-weight: 400;\">Manoel Cicero dos Santos esclarece que a expectativa para os pr\u00f3ximos anos \u00e9 de construir uma ponte de cimento no local, j\u00e1 que a vida \u00fatil \u00e9 maior, o material n\u00e3o apodrece e \u00e9 mais segura. \u201cMesmo utilizando uma madeira de qualidade, com a a\u00e7\u00e3o do tempo ela tende a apodrecer, ent\u00e3o precisamos de uma medida mais definitiva no local, assim como em outras pontes da cidade\u201d, ressalta. O secret\u00e1rio de Obras tamb\u00e9m destaca a import\u00e2ncia da parceria com o munic\u00edpio de Londrina na conclus\u00e3o da obra. Segundo ele, a <\/span><span style=\"font-weight: 400;\">Secretaria de Meio Ambiente de Londrina fez a doa\u00e7\u00e3o dos materiais utilizados na reforma e o munic\u00edpio de Camb\u00e9 ficou respons\u00e1vel por retirar a antiga estrutura e refazer a nova ponte.&nbsp;<\/span><\/span><\/p>\n<p style=\"text-align: justify;\"><span style=\"font-weight: 400; font-family: arial, helvetica, sans-serif;\">\u201cAgrade\u00e7o muito a parceria de Londrina nesta obra, que auxiliou tanto a popula\u00e7\u00e3o que vive em Camb\u00e9 quanto a que mora em Londrina. Estamos muito felizes com o resultado da ponte e da parceria\u2019, finaliza. <\/span><\/p>\n","protected":false},"excerpt":{"rendered":"<p>A Secretaria de Obras de Camb\u00e9 concluiu na tarde da quarta-feira (24) a reforma da ponte da Estrada do Conan, que liga a regi\u00e3o da Warta ao Conjunto S\u00e3o Jorge, de Londrina. A ponte recebeu novas bases de sustenta\u00e7\u00e3o e pranchas de madeira que fazem a cobertura do assoalho. Segundo Manoel Cicero dos Santos, secret\u00e1rio [&hellip;]<\/p>\n","protected":false},"author":2,"featured_media":0,"comment_status":"closed","ping_status":"open","sticky":false,"template":"","format":"standard","meta":{"ngg_post_thumbnail":0,"footnotes":""},"categories":[1],"tags":[],"class_list":["post-7482","post","type-post","status-publish","format-standard","hentry","category-principal"],"yoast_head":"<!-- This site is optimized with the Yoast SEO plugin v27.4 - https:\/\/yoast.com\/product\/yoast-seo-wordpress\/ -->\n<title>Secretaria de Obras conclui revitaliza\u00e7\u00e3o da ponte da Estrada do Conan - Prefeitura de Camb\u00e9<\/title>\n<meta name=\"robots\" content=\"index, follow, max-snippet:-1, max-image-preview:large, max-video-preview:-1\" \/>\n<link rel=\"canonical\" href=\"https:\/\/www.cambe.pr.gov.br\/index.php\/secretaria-de-obras-conclui-revitalizacao-da-ponte-da-estrada-do-conan\/\" \/>\n<meta property=\"og:locale\" content=\"pt_BR\" \/>\n<meta property=\"og:type\" content=\"article\" \/>\n<meta property=\"og:title\" content=\"Secretaria de Obras conclui revitaliza\u00e7\u00e3o da ponte da Estrada do Conan - Prefeitura de Camb\u00e9\" \/>\n<meta property=\"og:description\" content=\"A Secretaria de Obras de Camb\u00e9 concluiu na tarde da quarta-feira (24) a reforma da ponte da Estrada do Conan, que liga a regi\u00e3o da Warta ao Conjunto S\u00e3o Jorge, de Londrina. A ponte recebeu novas bases de sustenta\u00e7\u00e3o e pranchas de madeira que fazem a cobertura do assoalho. Segundo Manoel Cicero dos Santos, secret\u00e1rio [&hellip;]\" \/>\n<meta property=\"og:url\" content=\"https:\/\/www.cambe.pr.gov.br\/index.php\/secretaria-de-obras-conclui-revitalizacao-da-ponte-da-estrada-do-conan\/\" \/>\n<meta property=\"og:site_name\" content=\"Prefeitura de Camb\u00e9\" \/>\n<meta property=\"article:publisher\" content=\"https:\/\/m.facebook.com\/prefeituradecambe\" \/>\n<meta property=\"article:published_time\" content=\"2022-08-25T19:39:33+00:00\" \/>\n<meta property=\"article:modified_time\" content=\"2024-10-07T16:01:01+00:00\" \/>\n<meta property=\"og:image\" content=\"http:\/\/www.cambe.pr.gov.br\/wp-content\/uploads\/2022\/08\/WhatsApp-Image-2022-08-25-at-11.35.12-1024x576.jpeg\" \/>\n<meta name=\"author\" content=\"Thiago Mossini Balbino dos Santos\" \/>\n<meta name=\"twitter:card\" content=\"summary_large_image\" \/>\n<meta name=\"twitter:label1\" content=\"Escrito por\" \/>\n\t<meta name=\"twitter:data1\" content=\"Thiago Mossini Balbino dos Santos\" \/>\n\t<meta name=\"twitter:label2\" content=\"Est. tempo de leitura\" \/>\n\t<meta name=\"twitter:data2\" content=\"2 minutos\" \/>\n<script type=\"application\/ld+json\" class=\"yoast-schema-graph\">{\"@context\":\"https:\\\/\\\/schema.org\",\"@graph\":[{\"@type\":\"Article\",\"@id\":\"https:\\\/\\\/www.cambe.pr.gov.br\\\/index.php\\\/secretaria-de-obras-conclui-revitalizacao-da-ponte-da-estrada-do-conan\\\/#article\",\"isPartOf\":{\"@id\":\"https:\\\/\\\/www.cambe.pr.gov.br\\\/index.php\\\/secretaria-de-obras-conclui-revitalizacao-da-ponte-da-estrada-do-conan\\\/\"},\"author\":{\"name\":\"Thiago Mossini Balbino dos Santos\",\"@id\":\"https:\\\/\\\/www.cambe.pr.gov.br\\\/#\\\/schema\\\/person\\\/e08f7c43a641b2ec036e4e867ec483e4\"},\"headline\":\"Secretaria de Obras conclui revitaliza\u00e7\u00e3o da ponte da Estrada do Conan\",\"datePublished\":\"2022-08-25T19:39:33+00:00\",\"dateModified\":\"2024-10-07T16:01:01+00:00\",\"mainEntityOfPage\":{\"@id\":\"https:\\\/\\\/www.cambe.pr.gov.br\\\/index.php\\\/secretaria-de-obras-conclui-revitalizacao-da-ponte-da-estrada-do-conan\\\/\"},\"wordCount\":389,\"publisher\":{\"@id\":\"https:\\\/\\\/www.cambe.pr.gov.br\\\/#organization\"},\"image\":{\"@id\":\"https:\\\/\\\/www.cambe.pr.gov.br\\\/index.php\\\/secretaria-de-obras-conclui-revitalizacao-da-ponte-da-estrada-do-conan\\\/#primaryimage\"},\"thumbnailUrl\":\"http:\\\/\\\/www.cambe.pr.gov.br\\\/wp-content\\\/uploads\\\/2022\\\/08\\\/WhatsApp-Image-2022-08-25-at-11.35.12-1024x576.jpeg\",\"articleSection\":[\"Principal\"],\"inLanguage\":\"pt-BR\"},{\"@type\":\"WebPage\",\"@id\":\"https:\\\/\\\/www.cambe.pr.gov.br\\\/index.php\\\/secretaria-de-obras-conclui-revitalizacao-da-ponte-da-estrada-do-conan\\\/\",\"url\":\"https:\\\/\\\/www.cambe.pr.gov.br\\\/index.php\\\/secretaria-de-obras-conclui-revitalizacao-da-ponte-da-estrada-do-conan\\\/\",\"name\":\"Secretaria de Obras conclui revitaliza\u00e7\u00e3o da ponte da Estrada do Conan - Prefeitura de Camb\u00e9\",\"isPartOf\":{\"@id\":\"https:\\\/\\\/www.cambe.pr.gov.br\\\/#website\"},\"primaryImageOfPage\":{\"@id\":\"https:\\\/\\\/www.cambe.pr.gov.br\\\/index.php\\\/secretaria-de-obras-conclui-revitalizacao-da-ponte-da-estrada-do-conan\\\/#primaryimage\"},\"image\":{\"@id\":\"https:\\\/\\\/www.cambe.pr.gov.br\\\/index.php\\\/secretaria-de-obras-conclui-revitalizacao-da-ponte-da-estrada-do-conan\\\/#primaryimage\"},\"thumbnailUrl\":\"http:\\\/\\\/www.cambe.pr.gov.br\\\/wp-content\\\/uploads\\\/2022\\\/08\\\/WhatsApp-Image-2022-08-25-at-11.35.12-1024x576.jpeg\",\"datePublished\":\"2022-08-25T19:39:33+00:00\",\"dateModified\":\"2024-10-07T16:01:01+00:00\",\"breadcrumb\":{\"@id\":\"https:\\\/\\\/www.cambe.pr.gov.br\\\/index.php\\\/secretaria-de-obras-conclui-revitalizacao-da-ponte-da-estrada-do-conan\\\/#breadcrumb\"},\"inLanguage\":\"pt-BR\",\"potentialAction\":[{\"@type\":\"ReadAction\",\"target\":[\"https:\\\/\\\/www.cambe.pr.gov.br\\\/index.php\\\/secretaria-de-obras-conclui-revitalizacao-da-ponte-da-estrada-do-conan\\\/\"]}]},{\"@type\":\"ImageObject\",\"inLanguage\":\"pt-BR\",\"@id\":\"https:\\\/\\\/www.cambe.pr.gov.br\\\/index.php\\\/secretaria-de-obras-conclui-revitalizacao-da-ponte-da-estrada-do-conan\\\/#primaryimage\",\"url\":\"http:\\\/\\\/www.cambe.pr.gov.br\\\/wp-content\\\/uploads\\\/2022\\\/08\\\/WhatsApp-Image-2022-08-25-at-11.35.12-1024x576.jpeg\",\"contentUrl\":\"http:\\\/\\\/www.cambe.pr.gov.br\\\/wp-content\\\/uploads\\\/2022\\\/08\\\/WhatsApp-Image-2022-08-25-at-11.35.12-1024x576.jpeg\"},{\"@type\":\"BreadcrumbList\",\"@id\":\"https:\\\/\\\/www.cambe.pr.gov.br\\\/index.php\\\/secretaria-de-obras-conclui-revitalizacao-da-ponte-da-estrada-do-conan\\\/#breadcrumb\",\"itemListElement\":[{\"@type\":\"ListItem\",\"position\":1,\"name\":\"In\u00edcio\",\"item\":\"https:\\\/\\\/www.cambe.pr.gov.br\\\/\"},{\"@type\":\"ListItem\",\"position\":2,\"name\":\"Secretaria de Obras conclui revitaliza\u00e7\u00e3o da ponte da Estrada do Conan\"}]},{\"@type\":\"WebSite\",\"@id\":\"https:\\\/\\\/www.cambe.pr.gov.br\\\/#website\",\"url\":\"https:\\\/\\\/www.cambe.pr.gov.br\\\/\",\"name\":\"Prefeitura de Camb\u00e9\",\"description\":\"UM GOVERNO PARA TODOS\",\"publisher\":{\"@id\":\"https:\\\/\\\/www.cambe.pr.gov.br\\\/#organization\"},\"potentialAction\":[{\"@type\":\"SearchAction\",\"target\":{\"@type\":\"EntryPoint\",\"urlTemplate\":\"https:\\\/\\\/www.cambe.pr.gov.br\\\/?s={search_term_string}\"},\"query-input\":{\"@type\":\"PropertyValueSpecification\",\"valueRequired\":true,\"valueName\":\"search_term_string\"}}],\"inLanguage\":\"pt-BR\"},{\"@type\":\"Organization\",\"@id\":\"https:\\\/\\\/www.cambe.pr.gov.br\\\/#organization\",\"name\":\"Prefeitura de Camb\u00e9\",\"url\":\"https:\\\/\\\/www.cambe.pr.gov.br\\\/\",\"logo\":{\"@type\":\"ImageObject\",\"inLanguage\":\"pt-BR\",\"@id\":\"https:\\\/\\\/www.cambe.pr.gov.br\\\/#\\\/schema\\\/logo\\\/image\\\/\",\"url\":\"https:\\\/\\\/www.cambe.pr.gov.br\\\/wp-content\\\/uploads\\\/2021\\\/01\\\/cropped-cropped-cambe_brazao-icone.png\",\"contentUrl\":\"https:\\\/\\\/www.cambe.pr.gov.br\\\/wp-content\\\/uploads\\\/2021\\\/01\\\/cropped-cropped-cambe_brazao-icone.png\",\"width\":240,\"height\":240,\"caption\":\"Prefeitura de Camb\u00e9\"},\"image\":{\"@id\":\"https:\\\/\\\/www.cambe.pr.gov.br\\\/#\\\/schema\\\/logo\\\/image\\\/\"},\"sameAs\":[\"https:\\\/\\\/m.facebook.com\\\/prefeituradecambe\"]},{\"@type\":\"Person\",\"@id\":\"https:\\\/\\\/www.cambe.pr.gov.br\\\/#\\\/schema\\\/person\\\/e08f7c43a641b2ec036e4e867ec483e4\",\"name\":\"Thiago Mossini Balbino dos Santos\",\"image\":{\"@type\":\"ImageObject\",\"inLanguage\":\"pt-BR\",\"@id\":\"https:\\\/\\\/secure.gravatar.com\\\/avatar\\\/d957ed4e1bc3ebf5769d1003f9709cd2012ebf424eb4a5d76a933fee30e874b6?s=96&d=mm&r=g\",\"url\":\"https:\\\/\\\/secure.gravatar.com\\\/avatar\\\/d957ed4e1bc3ebf5769d1003f9709cd2012ebf424eb4a5d76a933fee30e874b6?s=96&d=mm&r=g\",\"contentUrl\":\"https:\\\/\\\/secure.gravatar.com\\\/avatar\\\/d957ed4e1bc3ebf5769d1003f9709cd2012ebf424eb4a5d76a933fee30e874b6?s=96&d=mm&r=g\",\"caption\":\"Thiago Mossini Balbino dos Santos\"},\"url\":\"https:\\\/\\\/www.cambe.pr.gov.br\\\/index.php\\\/author\\\/tmbsantos\\\/\"}]}<\/script>\n<!-- \/ Yoast SEO plugin. -->","yoast_head_json":{"title":"Secretaria de Obras conclui revitaliza\u00e7\u00e3o da ponte da Estrada do Conan - Prefeitura de Camb\u00e9","robots":{"index":"index","follow":"follow","max-snippet":"max-snippet:-1","max-image-preview":"max-image-preview:large","max-video-preview":"max-video-preview:-1"},"canonical":"https:\/\/www.cambe.pr.gov.br\/index.php\/secretaria-de-obras-conclui-revitalizacao-da-ponte-da-estrada-do-conan\/","og_locale":"pt_BR","og_type":"article","og_title":"Secretaria de Obras conclui revitaliza\u00e7\u00e3o da ponte da Estrada do Conan - Prefeitura de Camb\u00e9","og_description":"A Secretaria de Obras de Camb\u00e9 concluiu na tarde da quarta-feira (24) a reforma da ponte da Estrada do Conan, que liga a regi\u00e3o da Warta ao Conjunto S\u00e3o Jorge, de Londrina. A ponte recebeu novas bases de sustenta\u00e7\u00e3o e pranchas de madeira que fazem a cobertura do assoalho. Segundo Manoel Cicero dos Santos, secret\u00e1rio [&hellip;]","og_url":"https:\/\/www.cambe.pr.gov.br\/index.php\/secretaria-de-obras-conclui-revitalizacao-da-ponte-da-estrada-do-conan\/","og_site_name":"Prefeitura de Camb\u00e9","article_publisher":"https:\/\/m.facebook.com\/prefeituradecambe","article_published_time":"2022-08-25T19:39:33+00:00","article_modified_time":"2024-10-07T16:01:01+00:00","og_image":[{"url":"http:\/\/www.cambe.pr.gov.br\/wp-content\/uploads\/2022\/08\/WhatsApp-Image-2022-08-25-at-11.35.12-1024x576.jpeg","type":"","width":"","height":""}],"author":"Thiago Mossini Balbino dos Santos","twitter_card":"summary_large_image","twitter_misc":{"Escrito por":"Thiago Mossini Balbino dos Santos","Est. tempo de leitura":"2 minutos"},"schema":{"@context":"https:\/\/schema.org","@graph":[{"@type":"Article","@id":"https:\/\/www.cambe.pr.gov.br\/index.php\/secretaria-de-obras-conclui-revitalizacao-da-ponte-da-estrada-do-conan\/#article","isPartOf":{"@id":"https:\/\/www.cambe.pr.gov.br\/index.php\/secretaria-de-obras-conclui-revitalizacao-da-ponte-da-estrada-do-conan\/"},"author":{"name":"Thiago Mossini Balbino dos Santos","@id":"https:\/\/www.cambe.pr.gov.br\/#\/schema\/person\/e08f7c43a641b2ec036e4e867ec483e4"},"headline":"Secretaria de Obras conclui revitaliza\u00e7\u00e3o da ponte da Estrada do Conan","datePublished":"2022-08-25T19:39:33+00:00","dateModified":"2024-10-07T16:01:01+00:00","mainEntityOfPage":{"@id":"https:\/\/www.cambe.pr.gov.br\/index.php\/secretaria-de-obras-conclui-revitalizacao-da-ponte-da-estrada-do-conan\/"},"wordCount":389,"publisher":{"@id":"https:\/\/www.cambe.pr.gov.br\/#organization"},"image":{"@id":"https:\/\/www.cambe.pr.gov.br\/index.php\/secretaria-de-obras-conclui-revitalizacao-da-ponte-da-estrada-do-conan\/#primaryimage"},"thumbnailUrl":"http:\/\/www.cambe.pr.gov.br\/wp-content\/uploads\/2022\/08\/WhatsApp-Image-2022-08-25-at-11.35.12-1024x576.jpeg","articleSection":["Principal"],"inLanguage":"pt-BR"},{"@type":"WebPage","@id":"https:\/\/www.cambe.pr.gov.br\/index.php\/secretaria-de-obras-conclui-revitalizacao-da-ponte-da-estrada-do-conan\/","url":"https:\/\/www.cambe.pr.gov.br\/index.php\/secretaria-de-obras-conclui-revitalizacao-da-ponte-da-estrada-do-conan\/","name":"Secretaria de Obras conclui revitaliza\u00e7\u00e3o da ponte da Estrada do Conan - Prefeitura de Camb\u00e9","isPartOf":{"@id":"https:\/\/www.cambe.pr.gov.br\/#website"},"primaryImageOfPage":{"@id":"https:\/\/www.cambe.pr.gov.br\/index.php\/secretaria-de-obras-conclui-revitalizacao-da-ponte-da-estrada-do-conan\/#primaryimage"},"image":{"@id":"https:\/\/www.cambe.pr.gov.br\/index.php\/secretaria-de-obras-conclui-revitalizacao-da-ponte-da-estrada-do-conan\/#primaryimage"},"thumbnailUrl":"http:\/\/www.cambe.pr.gov.br\/wp-content\/uploads\/2022\/08\/WhatsApp-Image-2022-08-25-at-11.35.12-1024x576.jpeg","datePublished":"2022-08-25T19:39:33+00:00","dateModified":"2024-10-07T16:01:01+00:00","breadcrumb":{"@id":"https:\/\/www.cambe.pr.gov.br\/index.php\/secretaria-de-obras-conclui-revitalizacao-da-ponte-da-estrada-do-conan\/#breadcrumb"},"inLanguage":"pt-BR","potentialAction":[{"@type":"ReadAction","target":["https:\/\/www.cambe.pr.gov.br\/index.php\/secretaria-de-obras-conclui-revitalizacao-da-ponte-da-estrada-do-conan\/"]}]},{"@type":"ImageObject","inLanguage":"pt-BR","@id":"https:\/\/www.cambe.pr.gov.br\/index.php\/secretaria-de-obras-conclui-revitalizacao-da-ponte-da-estrada-do-conan\/#primaryimage","url":"http:\/\/www.cambe.pr.gov.br\/wp-content\/uploads\/2022\/08\/WhatsApp-Image-2022-08-25-at-11.35.12-1024x576.jpeg","contentUrl":"http:\/\/www.cambe.pr.gov.br\/wp-content\/uploads\/2022\/08\/WhatsApp-Image-2022-08-25-at-11.35.12-1024x576.jpeg"},{"@type":"BreadcrumbList","@id":"https:\/\/www.cambe.pr.gov.br\/index.php\/secretaria-de-obras-conclui-revitalizacao-da-ponte-da-estrada-do-conan\/#breadcrumb","itemListElement":[{"@type":"ListItem","position":1,"name":"In\u00edcio","item":"https:\/\/www.cambe.pr.gov.br\/"},{"@type":"ListItem","position":2,"name":"Secretaria de Obras conclui revitaliza\u00e7\u00e3o da ponte da Estrada do Conan"}]},{"@type":"WebSite","@id":"https:\/\/www.cambe.pr.gov.br\/#website","url":"https:\/\/www.cambe.pr.gov.br\/","name":"Prefeitura de Camb\u00e9","description":"UM GOVERNO PARA TODOS","publisher":{"@id":"https:\/\/www.cambe.pr.gov.br\/#organization"},"potentialAction":[{"@type":"SearchAction","target":{"@type":"EntryPoint","urlTemplate":"https:\/\/www.cambe.pr.gov.br\/?s={search_term_string}"},"query-input":{"@type":"PropertyValueSpecification","valueRequired":true,"valueName":"search_term_string"}}],"inLanguage":"pt-BR"},{"@type":"Organization","@id":"https:\/\/www.cambe.pr.gov.br\/#organization","name":"Prefeitura de Camb\u00e9","url":"https:\/\/www.cambe.pr.gov.br\/","logo":{"@type":"ImageObject","inLanguage":"pt-BR","@id":"https:\/\/www.cambe.pr.gov.br\/#\/schema\/logo\/image\/","url":"https:\/\/www.cambe.pr.gov.br\/wp-content\/uploads\/2021\/01\/cropped-cropped-cambe_brazao-icone.png","contentUrl":"https:\/\/www.cambe.pr.gov.br\/wp-content\/uploads\/2021\/01\/cropped-cropped-cambe_brazao-icone.png","width":240,"height":240,"caption":"Prefeitura de Camb\u00e9"},"image":{"@id":"https:\/\/www.cambe.pr.gov.br\/#\/schema\/logo\/image\/"},"sameAs":["https:\/\/m.facebook.com\/prefeituradecambe"]},{"@type":"Person","@id":"https:\/\/www.cambe.pr.gov.br\/#\/schema\/person\/e08f7c43a641b2ec036e4e867ec483e4","name":"Thiago Mossini Balbino dos Santos","image":{"@type":"ImageObject","inLanguage":"pt-BR","@id":"https:\/\/secure.gravatar.com\/avatar\/d957ed4e1bc3ebf5769d1003f9709cd2012ebf424eb4a5d76a933fee30e874b6?s=96&d=mm&r=g","url":"https:\/\/secure.gravatar.com\/avatar\/d957ed4e1bc3ebf5769d1003f9709cd2012ebf424eb4a5d76a933fee30e874b6?s=96&d=mm&r=g","contentUrl":"https:\/\/secure.gravatar.com\/avatar\/d957ed4e1bc3ebf5769d1003f9709cd2012ebf424eb4a5d76a933fee30e874b6?s=96&d=mm&r=g","caption":"Thiago Mossini Balbino dos Santos"},"url":"https:\/\/www.cambe.pr.gov.br\/index.php\/author\/tmbsantos\/"}]}},"_links":{"self":[{"href":"https:\/\/www.cambe.pr.gov.br\/index.php\/wp-json\/wp\/v2\/posts\/7482","targetHints":{"allow":["GET"]}}],"collection":[{"href":"https:\/\/www.cambe.pr.gov.br\/index.php\/wp-json\/wp\/v2\/posts"}],"about":[{"href":"https:\/\/www.cambe.pr.gov.br\/index.php\/wp-json\/wp\/v2\/types\/post"}],"author":[{"embeddable":true,"href":"https:\/\/www.cambe.pr.gov.br\/index.php\/wp-json\/wp\/v2\/users\/2"}],"replies":[{"embeddable":true,"href":"https:\/\/www.cambe.pr.gov.br\/index.php\/wp-json\/wp\/v2\/comments?post=7482"}],"version-history":[{"count":5,"href":"https:\/\/www.cambe.pr.gov.br\/index.php\/wp-json\/wp\/v2\/posts\/7482\/revisions"}],"predecessor-version":[{"id":7499,"href":"https:\/\/www.cambe.pr.gov.br\/index.php\/wp-json\/wp\/v2\/posts\/7482\/revisions\/7499"}],"wp:attachment":[{"href":"https:\/\/www.cambe.pr.gov.br\/index.php\/wp-json\/wp\/v2\/media?parent=7482"}],"wp:term":[{"taxonomy":"category","embeddable":true,"href":"https:\/\/www.cambe.pr.gov.br\/index.php\/wp-json\/wp\/v2\/categories?post=7482"},{"taxonomy":"post_tag","embeddable":true,"href":"https:\/\/www.cambe.pr.gov.br\/index.php\/wp-json\/wp\/v2\/tags?post=7482"}],"curies":[{"name":"wp","href":"https:\/\/api.w.org\/{rel}","templated":true}]}}