{"id":7456,"date":"2022-08-24T14:19:03","date_gmt":"2022-08-24T17:19:03","guid":{"rendered":"http:\/\/www.cambe.pr.gov.br\/?p=7456"},"modified":"2024-10-07T13:01:01","modified_gmt":"2024-10-07T16:01:01","slug":"equipe-cambeense-e-campea-geral-no-campeonato-paranense-de-judo","status":"publish","type":"post","link":"https:\/\/www.cambe.pr.gov.br\/index.php\/equipe-cambeense-e-campea-geral-no-campeonato-paranense-de-judo\/","title":{"rendered":"Equipe cambeense \u00e9 campe\u00e3 geral no Campeonato Paranense de Jud\u00f4"},"content":{"rendered":"<p style=\"text-align: justify;\"><span style=\"font-family: arial, helvetica, sans-serif;\"><img fetchpriority=\"high\" decoding=\"async\" class=\"alignleft wp-image-7457 size-large\" src=\"https:\/\/www.cambe.pr.gov.br\/wp-content\/uploads\/2022\/08\/WhatsApp-Image-2022-08-22-at-14.03.59-e1661534368505-1024x683.jpeg\" alt=\"\" width=\"610\" height=\"407\" srcset=\"https:\/\/www.cambe.pr.gov.br\/wp-content\/uploads\/2022\/08\/WhatsApp-Image-2022-08-22-at-14.03.59-e1661534368505-1024x683.jpeg 1024w, https:\/\/www.cambe.pr.gov.br\/wp-content\/uploads\/2022\/08\/WhatsApp-Image-2022-08-22-at-14.03.59-e1661534368505-300x200.jpeg 300w, https:\/\/www.cambe.pr.gov.br\/wp-content\/uploads\/2022\/08\/WhatsApp-Image-2022-08-22-at-14.03.59-e1661534368505-768x512.jpeg 768w, https:\/\/www.cambe.pr.gov.br\/wp-content\/uploads\/2022\/08\/WhatsApp-Image-2022-08-22-at-14.03.59-e1661534368505.jpeg 1200w\" sizes=\"(max-width: 610px) 100vw, 610px\" \/>A Escola de Lutas de Camb\u00e9 foi campe\u00e3 geral na categoria sub-21 feminino e vice-campe\u00e3 geral na categoria sub-11 feminino no Campeonato Paranaense de Jud\u00f4, no s\u00e1bado (20) em Londrina. A equipe cambeense conquistou quatro medalhas de ouro, uma medalha de prata e duas medalhas de bronze. No total participaram 23 atletas do munic\u00edpio.<\/span><\/p>\n<p style=\"text-align: justify;\"><span style=\"font-family: arial, helvetica, sans-serif;\">O <em>sensei<\/em> da Escola de Lutas, Allex Bernardes, destaca que esse resultado \u00e9 muito importante para a Escola de Lutas. \u201cMostra que estamos no caminho certo. No ano de retorno das atividades presenciais, conquistamos medalhas e trof\u00e9us em todos os eventos que participamos, tanto no Jud\u00f4 quanto no Wrestling\u201d, detalha. Ele tamb\u00e9m conta que o evento foi organizado pela Confedera\u00e7\u00e3o Paranaense de Jud\u00f4 e contou com participa\u00e7\u00e3o de atletas de diversos munic\u00edpios do estado. \u201cA participa\u00e7\u00e3o de atletas de todo estado eleva o n\u00edvel da competi\u00e7\u00e3o valorizando ainda mais a nossa conquista\u201d, acrescenta.<\/span><\/p>\n<p style=\"text-align: justify;\"><span style=\"font-family: arial, helvetica, sans-serif;\">A Escola de Lutas de Camb\u00e9 atende cerca de 150 alunos na Escola, al\u00e9m de ofertar um Programa de Lutas em parceria com a Secretaria de Educa\u00e7\u00e3o. O Programa de Lutas trabalha com crian\u00e7as nas escolas municipais, que s\u00e3o em m\u00e9dia 600 estudantes da rede municipal. O <em>sensei<\/em> refor\u00e7a que o programa e o esporte tem um papel importante na forma\u00e7\u00e3o cidad\u00e3. \u201cJud\u00f4 e as Lutas de base filos\u00f3fica s\u00f3lida t\u00eam como caracter\u00edstica formar o cidad\u00e3o de forma integral e deixam ele apto a conviver de forma saud\u00e1vel na sociedade\u201d, finaliza.<\/span><\/p>\n<p><em><span style=\"font-family: arial, helvetica, sans-serif;\">Sob supervis\u00e3o de Thiago Mossini<\/span><\/em><\/p>\n","protected":false},"excerpt":{"rendered":"<p>A Escola de Lutas de Camb\u00e9 foi campe\u00e3 geral na categoria sub-21 feminino e vice-campe\u00e3 geral na categoria sub-11 feminino no Campeonato Paranaense de Jud\u00f4, no s\u00e1bado (20) em Londrina. A equipe cambeense conquistou quatro medalhas de ouro, uma medalha de prata e duas medalhas de bronze. No total participaram 23 atletas do munic\u00edpio. O [&hellip;]<\/p>\n","protected":false},"author":2,"featured_media":0,"comment_status":"closed","ping_status":"open","sticky":false,"template":"","format":"standard","meta":{"ngg_post_thumbnail":0,"footnotes":""},"categories":[1],"tags":[],"class_list":["post-7456","post","type-post","status-publish","format-standard","hentry","category-principal"],"yoast_head":"<!-- This site is optimized with the Yoast SEO plugin v27.4 - https:\/\/yoast.com\/product\/yoast-seo-wordpress\/ -->\n<title>Equipe cambeense \u00e9 campe\u00e3 geral no Campeonato Paranense de Jud\u00f4 - Prefeitura de Camb\u00e9<\/title>\n<meta name=\"robots\" content=\"index, follow, max-snippet:-1, max-image-preview:large, max-video-preview:-1\" \/>\n<link rel=\"canonical\" href=\"https:\/\/www.cambe.pr.gov.br\/index.php\/equipe-cambeense-e-campea-geral-no-campeonato-paranense-de-judo\/\" \/>\n<meta property=\"og:locale\" content=\"pt_BR\" \/>\n<meta property=\"og:type\" content=\"article\" \/>\n<meta property=\"og:title\" content=\"Equipe cambeense \u00e9 campe\u00e3 geral no Campeonato Paranense de Jud\u00f4 - Prefeitura de Camb\u00e9\" \/>\n<meta property=\"og:description\" content=\"A Escola de Lutas de Camb\u00e9 foi campe\u00e3 geral na categoria sub-21 feminino e vice-campe\u00e3 geral na categoria sub-11 feminino no Campeonato Paranaense de Jud\u00f4, no s\u00e1bado (20) em Londrina. A equipe cambeense conquistou quatro medalhas de ouro, uma medalha de prata e duas medalhas de bronze. No total participaram 23 atletas do munic\u00edpio. O [&hellip;]\" \/>\n<meta property=\"og:url\" content=\"https:\/\/www.cambe.pr.gov.br\/index.php\/equipe-cambeense-e-campea-geral-no-campeonato-paranense-de-judo\/\" \/>\n<meta property=\"og:site_name\" content=\"Prefeitura de Camb\u00e9\" \/>\n<meta property=\"article:publisher\" content=\"https:\/\/m.facebook.com\/prefeituradecambe\" \/>\n<meta property=\"article:published_time\" content=\"2022-08-24T17:19:03+00:00\" \/>\n<meta property=\"article:modified_time\" content=\"2024-10-07T16:01:01+00:00\" \/>\n<meta property=\"og:image\" content=\"http:\/\/www.cambe.pr.gov.br\/wp-content\/uploads\/2022\/08\/WhatsApp-Image-2022-08-22-at-14.03.59-e1661534368505-1024x683.jpeg\" \/>\n<meta name=\"author\" content=\"Thiago Mossini Balbino dos Santos\" \/>\n<meta name=\"twitter:card\" content=\"summary_large_image\" \/>\n<meta name=\"twitter:label1\" content=\"Escrito por\" \/>\n\t<meta name=\"twitter:data1\" content=\"Thiago Mossini Balbino dos Santos\" \/>\n\t<meta name=\"twitter:label2\" content=\"Est. tempo de leitura\" \/>\n\t<meta name=\"twitter:data2\" content=\"1 minuto\" \/>\n<script type=\"application\/ld+json\" class=\"yoast-schema-graph\">{\"@context\":\"https:\\\/\\\/schema.org\",\"@graph\":[{\"@type\":\"Article\",\"@id\":\"https:\\\/\\\/www.cambe.pr.gov.br\\\/index.php\\\/equipe-cambeense-e-campea-geral-no-campeonato-paranense-de-judo\\\/#article\",\"isPartOf\":{\"@id\":\"https:\\\/\\\/www.cambe.pr.gov.br\\\/index.php\\\/equipe-cambeense-e-campea-geral-no-campeonato-paranense-de-judo\\\/\"},\"author\":{\"name\":\"Thiago Mossini Balbino dos Santos\",\"@id\":\"https:\\\/\\\/www.cambe.pr.gov.br\\\/#\\\/schema\\\/person\\\/e08f7c43a641b2ec036e4e867ec483e4\"},\"headline\":\"Equipe cambeense \u00e9 campe\u00e3 geral no Campeonato Paranense de Jud\u00f4\",\"datePublished\":\"2022-08-24T17:19:03+00:00\",\"dateModified\":\"2024-10-07T16:01:01+00:00\",\"mainEntityOfPage\":{\"@id\":\"https:\\\/\\\/www.cambe.pr.gov.br\\\/index.php\\\/equipe-cambeense-e-campea-geral-no-campeonato-paranense-de-judo\\\/\"},\"wordCount\":271,\"publisher\":{\"@id\":\"https:\\\/\\\/www.cambe.pr.gov.br\\\/#organization\"},\"image\":{\"@id\":\"https:\\\/\\\/www.cambe.pr.gov.br\\\/index.php\\\/equipe-cambeense-e-campea-geral-no-campeonato-paranense-de-judo\\\/#primaryimage\"},\"thumbnailUrl\":\"http:\\\/\\\/www.cambe.pr.gov.br\\\/wp-content\\\/uploads\\\/2022\\\/08\\\/WhatsApp-Image-2022-08-22-at-14.03.59-e1661534368505-1024x683.jpeg\",\"articleSection\":[\"Principal\"],\"inLanguage\":\"pt-BR\"},{\"@type\":\"WebPage\",\"@id\":\"https:\\\/\\\/www.cambe.pr.gov.br\\\/index.php\\\/equipe-cambeense-e-campea-geral-no-campeonato-paranense-de-judo\\\/\",\"url\":\"https:\\\/\\\/www.cambe.pr.gov.br\\\/index.php\\\/equipe-cambeense-e-campea-geral-no-campeonato-paranense-de-judo\\\/\",\"name\":\"Equipe cambeense \u00e9 campe\u00e3 geral no Campeonato Paranense de Jud\u00f4 - Prefeitura de Camb\u00e9\",\"isPartOf\":{\"@id\":\"https:\\\/\\\/www.cambe.pr.gov.br\\\/#website\"},\"primaryImageOfPage\":{\"@id\":\"https:\\\/\\\/www.cambe.pr.gov.br\\\/index.php\\\/equipe-cambeense-e-campea-geral-no-campeonato-paranense-de-judo\\\/#primaryimage\"},\"image\":{\"@id\":\"https:\\\/\\\/www.cambe.pr.gov.br\\\/index.php\\\/equipe-cambeense-e-campea-geral-no-campeonato-paranense-de-judo\\\/#primaryimage\"},\"thumbnailUrl\":\"http:\\\/\\\/www.cambe.pr.gov.br\\\/wp-content\\\/uploads\\\/2022\\\/08\\\/WhatsApp-Image-2022-08-22-at-14.03.59-e1661534368505-1024x683.jpeg\",\"datePublished\":\"2022-08-24T17:19:03+00:00\",\"dateModified\":\"2024-10-07T16:01:01+00:00\",\"breadcrumb\":{\"@id\":\"https:\\\/\\\/www.cambe.pr.gov.br\\\/index.php\\\/equipe-cambeense-e-campea-geral-no-campeonato-paranense-de-judo\\\/#breadcrumb\"},\"inLanguage\":\"pt-BR\",\"potentialAction\":[{\"@type\":\"ReadAction\",\"target\":[\"https:\\\/\\\/www.cambe.pr.gov.br\\\/index.php\\\/equipe-cambeense-e-campea-geral-no-campeonato-paranense-de-judo\\\/\"]}]},{\"@type\":\"ImageObject\",\"inLanguage\":\"pt-BR\",\"@id\":\"https:\\\/\\\/www.cambe.pr.gov.br\\\/index.php\\\/equipe-cambeense-e-campea-geral-no-campeonato-paranense-de-judo\\\/#primaryimage\",\"url\":\"http:\\\/\\\/www.cambe.pr.gov.br\\\/wp-content\\\/uploads\\\/2022\\\/08\\\/WhatsApp-Image-2022-08-22-at-14.03.59-e1661534368505-1024x683.jpeg\",\"contentUrl\":\"http:\\\/\\\/www.cambe.pr.gov.br\\\/wp-content\\\/uploads\\\/2022\\\/08\\\/WhatsApp-Image-2022-08-22-at-14.03.59-e1661534368505-1024x683.jpeg\"},{\"@type\":\"BreadcrumbList\",\"@id\":\"https:\\\/\\\/www.cambe.pr.gov.br\\\/index.php\\\/equipe-cambeense-e-campea-geral-no-campeonato-paranense-de-judo\\\/#breadcrumb\",\"itemListElement\":[{\"@type\":\"ListItem\",\"position\":1,\"name\":\"In\u00edcio\",\"item\":\"https:\\\/\\\/www.cambe.pr.gov.br\\\/\"},{\"@type\":\"ListItem\",\"position\":2,\"name\":\"Equipe cambeense \u00e9 campe\u00e3 geral no Campeonato Paranense de Jud\u00f4\"}]},{\"@type\":\"WebSite\",\"@id\":\"https:\\\/\\\/www.cambe.pr.gov.br\\\/#website\",\"url\":\"https:\\\/\\\/www.cambe.pr.gov.br\\\/\",\"name\":\"Prefeitura de Camb\u00e9\",\"description\":\"UM GOVERNO PARA TODOS\",\"publisher\":{\"@id\":\"https:\\\/\\\/www.cambe.pr.gov.br\\\/#organization\"},\"potentialAction\":[{\"@type\":\"SearchAction\",\"target\":{\"@type\":\"EntryPoint\",\"urlTemplate\":\"https:\\\/\\\/www.cambe.pr.gov.br\\\/?s={search_term_string}\"},\"query-input\":{\"@type\":\"PropertyValueSpecification\",\"valueRequired\":true,\"valueName\":\"search_term_string\"}}],\"inLanguage\":\"pt-BR\"},{\"@type\":\"Organization\",\"@id\":\"https:\\\/\\\/www.cambe.pr.gov.br\\\/#organization\",\"name\":\"Prefeitura de Camb\u00e9\",\"url\":\"https:\\\/\\\/www.cambe.pr.gov.br\\\/\",\"logo\":{\"@type\":\"ImageObject\",\"inLanguage\":\"pt-BR\",\"@id\":\"https:\\\/\\\/www.cambe.pr.gov.br\\\/#\\\/schema\\\/logo\\\/image\\\/\",\"url\":\"https:\\\/\\\/www.cambe.pr.gov.br\\\/wp-content\\\/uploads\\\/2021\\\/01\\\/cropped-cropped-cambe_brazao-icone.png\",\"contentUrl\":\"https:\\\/\\\/www.cambe.pr.gov.br\\\/wp-content\\\/uploads\\\/2021\\\/01\\\/cropped-cropped-cambe_brazao-icone.png\",\"width\":240,\"height\":240,\"caption\":\"Prefeitura de Camb\u00e9\"},\"image\":{\"@id\":\"https:\\\/\\\/www.cambe.pr.gov.br\\\/#\\\/schema\\\/logo\\\/image\\\/\"},\"sameAs\":[\"https:\\\/\\\/m.facebook.com\\\/prefeituradecambe\"]},{\"@type\":\"Person\",\"@id\":\"https:\\\/\\\/www.cambe.pr.gov.br\\\/#\\\/schema\\\/person\\\/e08f7c43a641b2ec036e4e867ec483e4\",\"name\":\"Thiago Mossini Balbino dos Santos\",\"image\":{\"@type\":\"ImageObject\",\"inLanguage\":\"pt-BR\",\"@id\":\"https:\\\/\\\/secure.gravatar.com\\\/avatar\\\/d957ed4e1bc3ebf5769d1003f9709cd2012ebf424eb4a5d76a933fee30e874b6?s=96&d=mm&r=g\",\"url\":\"https:\\\/\\\/secure.gravatar.com\\\/avatar\\\/d957ed4e1bc3ebf5769d1003f9709cd2012ebf424eb4a5d76a933fee30e874b6?s=96&d=mm&r=g\",\"contentUrl\":\"https:\\\/\\\/secure.gravatar.com\\\/avatar\\\/d957ed4e1bc3ebf5769d1003f9709cd2012ebf424eb4a5d76a933fee30e874b6?s=96&d=mm&r=g\",\"caption\":\"Thiago Mossini Balbino dos Santos\"},\"url\":\"https:\\\/\\\/www.cambe.pr.gov.br\\\/index.php\\\/author\\\/tmbsantos\\\/\"}]}<\/script>\n<!-- \/ Yoast SEO plugin. -->","yoast_head_json":{"title":"Equipe cambeense \u00e9 campe\u00e3 geral no Campeonato Paranense de Jud\u00f4 - Prefeitura de Camb\u00e9","robots":{"index":"index","follow":"follow","max-snippet":"max-snippet:-1","max-image-preview":"max-image-preview:large","max-video-preview":"max-video-preview:-1"},"canonical":"https:\/\/www.cambe.pr.gov.br\/index.php\/equipe-cambeense-e-campea-geral-no-campeonato-paranense-de-judo\/","og_locale":"pt_BR","og_type":"article","og_title":"Equipe cambeense \u00e9 campe\u00e3 geral no Campeonato Paranense de Jud\u00f4 - Prefeitura de Camb\u00e9","og_description":"A Escola de Lutas de Camb\u00e9 foi campe\u00e3 geral na categoria sub-21 feminino e vice-campe\u00e3 geral na categoria sub-11 feminino no Campeonato Paranaense de Jud\u00f4, no s\u00e1bado (20) em Londrina. A equipe cambeense conquistou quatro medalhas de ouro, uma medalha de prata e duas medalhas de bronze. No total participaram 23 atletas do munic\u00edpio. O [&hellip;]","og_url":"https:\/\/www.cambe.pr.gov.br\/index.php\/equipe-cambeense-e-campea-geral-no-campeonato-paranense-de-judo\/","og_site_name":"Prefeitura de Camb\u00e9","article_publisher":"https:\/\/m.facebook.com\/prefeituradecambe","article_published_time":"2022-08-24T17:19:03+00:00","article_modified_time":"2024-10-07T16:01:01+00:00","og_image":[{"url":"http:\/\/www.cambe.pr.gov.br\/wp-content\/uploads\/2022\/08\/WhatsApp-Image-2022-08-22-at-14.03.59-e1661534368505-1024x683.jpeg","type":"","width":"","height":""}],"author":"Thiago Mossini Balbino dos Santos","twitter_card":"summary_large_image","twitter_misc":{"Escrito por":"Thiago Mossini Balbino dos Santos","Est. tempo de leitura":"1 minuto"},"schema":{"@context":"https:\/\/schema.org","@graph":[{"@type":"Article","@id":"https:\/\/www.cambe.pr.gov.br\/index.php\/equipe-cambeense-e-campea-geral-no-campeonato-paranense-de-judo\/#article","isPartOf":{"@id":"https:\/\/www.cambe.pr.gov.br\/index.php\/equipe-cambeense-e-campea-geral-no-campeonato-paranense-de-judo\/"},"author":{"name":"Thiago Mossini Balbino dos Santos","@id":"https:\/\/www.cambe.pr.gov.br\/#\/schema\/person\/e08f7c43a641b2ec036e4e867ec483e4"},"headline":"Equipe cambeense \u00e9 campe\u00e3 geral no Campeonato Paranense de Jud\u00f4","datePublished":"2022-08-24T17:19:03+00:00","dateModified":"2024-10-07T16:01:01+00:00","mainEntityOfPage":{"@id":"https:\/\/www.cambe.pr.gov.br\/index.php\/equipe-cambeense-e-campea-geral-no-campeonato-paranense-de-judo\/"},"wordCount":271,"publisher":{"@id":"https:\/\/www.cambe.pr.gov.br\/#organization"},"image":{"@id":"https:\/\/www.cambe.pr.gov.br\/index.php\/equipe-cambeense-e-campea-geral-no-campeonato-paranense-de-judo\/#primaryimage"},"thumbnailUrl":"http:\/\/www.cambe.pr.gov.br\/wp-content\/uploads\/2022\/08\/WhatsApp-Image-2022-08-22-at-14.03.59-e1661534368505-1024x683.jpeg","articleSection":["Principal"],"inLanguage":"pt-BR"},{"@type":"WebPage","@id":"https:\/\/www.cambe.pr.gov.br\/index.php\/equipe-cambeense-e-campea-geral-no-campeonato-paranense-de-judo\/","url":"https:\/\/www.cambe.pr.gov.br\/index.php\/equipe-cambeense-e-campea-geral-no-campeonato-paranense-de-judo\/","name":"Equipe cambeense \u00e9 campe\u00e3 geral no Campeonato Paranense de Jud\u00f4 - Prefeitura de Camb\u00e9","isPartOf":{"@id":"https:\/\/www.cambe.pr.gov.br\/#website"},"primaryImageOfPage":{"@id":"https:\/\/www.cambe.pr.gov.br\/index.php\/equipe-cambeense-e-campea-geral-no-campeonato-paranense-de-judo\/#primaryimage"},"image":{"@id":"https:\/\/www.cambe.pr.gov.br\/index.php\/equipe-cambeense-e-campea-geral-no-campeonato-paranense-de-judo\/#primaryimage"},"thumbnailUrl":"http:\/\/www.cambe.pr.gov.br\/wp-content\/uploads\/2022\/08\/WhatsApp-Image-2022-08-22-at-14.03.59-e1661534368505-1024x683.jpeg","datePublished":"2022-08-24T17:19:03+00:00","dateModified":"2024-10-07T16:01:01+00:00","breadcrumb":{"@id":"https:\/\/www.cambe.pr.gov.br\/index.php\/equipe-cambeense-e-campea-geral-no-campeonato-paranense-de-judo\/#breadcrumb"},"inLanguage":"pt-BR","potentialAction":[{"@type":"ReadAction","target":["https:\/\/www.cambe.pr.gov.br\/index.php\/equipe-cambeense-e-campea-geral-no-campeonato-paranense-de-judo\/"]}]},{"@type":"ImageObject","inLanguage":"pt-BR","@id":"https:\/\/www.cambe.pr.gov.br\/index.php\/equipe-cambeense-e-campea-geral-no-campeonato-paranense-de-judo\/#primaryimage","url":"http:\/\/www.cambe.pr.gov.br\/wp-content\/uploads\/2022\/08\/WhatsApp-Image-2022-08-22-at-14.03.59-e1661534368505-1024x683.jpeg","contentUrl":"http:\/\/www.cambe.pr.gov.br\/wp-content\/uploads\/2022\/08\/WhatsApp-Image-2022-08-22-at-14.03.59-e1661534368505-1024x683.jpeg"},{"@type":"BreadcrumbList","@id":"https:\/\/www.cambe.pr.gov.br\/index.php\/equipe-cambeense-e-campea-geral-no-campeonato-paranense-de-judo\/#breadcrumb","itemListElement":[{"@type":"ListItem","position":1,"name":"In\u00edcio","item":"https:\/\/www.cambe.pr.gov.br\/"},{"@type":"ListItem","position":2,"name":"Equipe cambeense \u00e9 campe\u00e3 geral no Campeonato Paranense de Jud\u00f4"}]},{"@type":"WebSite","@id":"https:\/\/www.cambe.pr.gov.br\/#website","url":"https:\/\/www.cambe.pr.gov.br\/","name":"Prefeitura de Camb\u00e9","description":"UM GOVERNO PARA TODOS","publisher":{"@id":"https:\/\/www.cambe.pr.gov.br\/#organization"},"potentialAction":[{"@type":"SearchAction","target":{"@type":"EntryPoint","urlTemplate":"https:\/\/www.cambe.pr.gov.br\/?s={search_term_string}"},"query-input":{"@type":"PropertyValueSpecification","valueRequired":true,"valueName":"search_term_string"}}],"inLanguage":"pt-BR"},{"@type":"Organization","@id":"https:\/\/www.cambe.pr.gov.br\/#organization","name":"Prefeitura de Camb\u00e9","url":"https:\/\/www.cambe.pr.gov.br\/","logo":{"@type":"ImageObject","inLanguage":"pt-BR","@id":"https:\/\/www.cambe.pr.gov.br\/#\/schema\/logo\/image\/","url":"https:\/\/www.cambe.pr.gov.br\/wp-content\/uploads\/2021\/01\/cropped-cropped-cambe_brazao-icone.png","contentUrl":"https:\/\/www.cambe.pr.gov.br\/wp-content\/uploads\/2021\/01\/cropped-cropped-cambe_brazao-icone.png","width":240,"height":240,"caption":"Prefeitura de Camb\u00e9"},"image":{"@id":"https:\/\/www.cambe.pr.gov.br\/#\/schema\/logo\/image\/"},"sameAs":["https:\/\/m.facebook.com\/prefeituradecambe"]},{"@type":"Person","@id":"https:\/\/www.cambe.pr.gov.br\/#\/schema\/person\/e08f7c43a641b2ec036e4e867ec483e4","name":"Thiago Mossini Balbino dos Santos","image":{"@type":"ImageObject","inLanguage":"pt-BR","@id":"https:\/\/secure.gravatar.com\/avatar\/d957ed4e1bc3ebf5769d1003f9709cd2012ebf424eb4a5d76a933fee30e874b6?s=96&d=mm&r=g","url":"https:\/\/secure.gravatar.com\/avatar\/d957ed4e1bc3ebf5769d1003f9709cd2012ebf424eb4a5d76a933fee30e874b6?s=96&d=mm&r=g","contentUrl":"https:\/\/secure.gravatar.com\/avatar\/d957ed4e1bc3ebf5769d1003f9709cd2012ebf424eb4a5d76a933fee30e874b6?s=96&d=mm&r=g","caption":"Thiago Mossini Balbino dos Santos"},"url":"https:\/\/www.cambe.pr.gov.br\/index.php\/author\/tmbsantos\/"}]}},"_links":{"self":[{"href":"https:\/\/www.cambe.pr.gov.br\/index.php\/wp-json\/wp\/v2\/posts\/7456","targetHints":{"allow":["GET"]}}],"collection":[{"href":"https:\/\/www.cambe.pr.gov.br\/index.php\/wp-json\/wp\/v2\/posts"}],"about":[{"href":"https:\/\/www.cambe.pr.gov.br\/index.php\/wp-json\/wp\/v2\/types\/post"}],"author":[{"embeddable":true,"href":"https:\/\/www.cambe.pr.gov.br\/index.php\/wp-json\/wp\/v2\/users\/2"}],"replies":[{"embeddable":true,"href":"https:\/\/www.cambe.pr.gov.br\/index.php\/wp-json\/wp\/v2\/comments?post=7456"}],"version-history":[{"count":5,"href":"https:\/\/www.cambe.pr.gov.br\/index.php\/wp-json\/wp\/v2\/posts\/7456\/revisions"}],"predecessor-version":[{"id":7516,"href":"https:\/\/www.cambe.pr.gov.br\/index.php\/wp-json\/wp\/v2\/posts\/7456\/revisions\/7516"}],"wp:attachment":[{"href":"https:\/\/www.cambe.pr.gov.br\/index.php\/wp-json\/wp\/v2\/media?parent=7456"}],"wp:term":[{"taxonomy":"category","embeddable":true,"href":"https:\/\/www.cambe.pr.gov.br\/index.php\/wp-json\/wp\/v2\/categories?post=7456"},{"taxonomy":"post_tag","embeddable":true,"href":"https:\/\/www.cambe.pr.gov.br\/index.php\/wp-json\/wp\/v2\/tags?post=7456"}],"curies":[{"name":"wp","href":"https:\/\/api.w.org\/{rel}","templated":true}]}}