{"id":7286,"date":"2022-08-15T10:07:09","date_gmt":"2022-08-15T13:07:09","guid":{"rendered":"http:\/\/www.cambe.pr.gov.br\/?p=7286"},"modified":"2024-10-07T13:01:01","modified_gmt":"2024-10-07T16:01:01","slug":"segunda-edicao-do-sine-na-comunidade-acontece-no-jardim-ana-rosa-nesta-terca-feira","status":"publish","type":"post","link":"https:\/\/www.cambe.pr.gov.br\/index.php\/segunda-edicao-do-sine-na-comunidade-acontece-no-jardim-ana-rosa-nesta-terca-feira\/","title":{"rendered":"Segunda edi\u00e7\u00e3o do Sine na Comunidade acontece no Jardim Ana Rosa nesta ter\u00e7a-feira"},"content":{"rendered":"<p style=\"text-align: justify;\"><span style=\"font-weight: 400; font-family: arial, helvetica, sans-serif;\"><img fetchpriority=\"high\" decoding=\"async\" class=\"size-large wp-image-7314 alignleft\" src=\"https:\/\/www.cambe.pr.gov.br\/wp-content\/uploads\/2022\/08\/sinenobairro-1024x678.jpg\" alt=\"\" width=\"610\" height=\"404\" srcset=\"https:\/\/www.cambe.pr.gov.br\/wp-content\/uploads\/2022\/08\/sinenobairro-1024x678.jpg 1024w, https:\/\/www.cambe.pr.gov.br\/wp-content\/uploads\/2022\/08\/sinenobairro-300x199.jpg 300w, https:\/\/www.cambe.pr.gov.br\/wp-content\/uploads\/2022\/08\/sinenobairro-768x509.jpg 768w, https:\/\/www.cambe.pr.gov.br\/wp-content\/uploads\/2022\/08\/sinenobairro-1536x1018.jpg 1536w, https:\/\/www.cambe.pr.gov.br\/wp-content\/uploads\/2022\/08\/sinenobairro-2048x1357.jpg 2048w\" sizes=\"(max-width: 610px) 100vw, 610px\" \/>Quando o projeto \u00e9 bom, a gente repete a dose. A segunda edi\u00e7\u00e3o do Sine na Comunidade vai acontecer nesta ter\u00e7a-feira (16), no Jardim Ana Rosa. A a\u00e7\u00e3o \u00e9 organizada pela Ag\u00eancia do Trabalhador de Camb\u00e9 e leva todos os servi\u00e7os prestados pelo setor para os bairros do munic\u00edpio. O Sine na Comunidade vai funcionar no Centro Comunit\u00e1rio do bairro, que fica na Rua Jos\u00e9 Gomes Redondo, 84, das 9h \u00e0s 17h. A primeira edi\u00e7\u00e3o foi no m\u00eas passado e a terceira j\u00e1 est\u00e1 agendada para o dia 23 de agosto no Jardim Santo Amaro.&nbsp;<\/span><\/p>\n<p style=\"text-align: justify;\"><span style=\"font-weight: 400; font-family: arial, helvetica, sans-serif;\">O objetivo do Sine na Comunidade \u00e9 disponibilizar \u00e0 popula\u00e7\u00e3o todos os servi\u00e7os que j\u00e1 s\u00e3o ofertados diariamente na Ag\u00eancia do Trabalhador, mas de forma mais individualizada, porque atende um n\u00famero menor de pessoas. Al\u00e9m disso, quem ir at\u00e9 o local no dia da&nbsp; a\u00e7\u00e3o j\u00e1 pode sair com um contrato de emprego em m\u00e3os. A popula\u00e7\u00e3o tamb\u00e9m vai receber orienta\u00e7\u00f5es gerais sobre os assuntos voltados \u00e0 pasta, como a pr\u00e9-inscri\u00e7\u00e3o para os cursos de capacita\u00e7\u00e3o disponibilizados pelo munic\u00edpio e o cadastro das pessoas interessadas em terminar os estudos.<\/span><\/p>\n<p style=\"text-align: justify;\"><span style=\"font-weight: 400; font-family: arial, helvetica, sans-serif;\">Segundo Jos\u00e9 Aparecido Rolim, secret\u00e1rio de Trabalho, a novidade desta edi\u00e7\u00e3o \u00e9 sobre o Seguro Desemprego. Antes, as pessoas que precisavam dar entrada no benef\u00edcio recebiam a lista completa dos documentos e as orienta\u00e7\u00f5es necess\u00e1rias, mas precisavam ir at\u00e9 a Ag\u00eancia do Trabalhador em outra data; agora, o processo para receber o Seguro Desemprego ser\u00e1 feito no local, desde que as pessoas levem todos os documentos necess\u00e1rios, que podem ser consultados pelo telefone 3174-0443. Segundo o Sine, a equipe tamb\u00e9m vai estar dispon\u00edvel para auxiliar as pessoas que quiserem baixar e fazer o cadastro na Carteira de Trabalho Digital.&nbsp;<\/span><\/p>\n<p style=\"text-align: justify;\"><span style=\"font-weight: 400; font-family: arial, helvetica, sans-serif;\">O secret\u00e1rio esclarece que a primeira edi\u00e7\u00e3o foi um sucesso e que quase todas as vagas de emprego disponibilizadas pelas empresas presentes foram preenchidas, assim como vagas de empresas que n\u00e3o estavam no local, mas que tiveram acesso ao banco de dados da Ag\u00eancia do Trabalhador. Na primeira edi\u00e7\u00e3o, mais de 300 pessoas compareceram em busca de emprego ou outros servi\u00e7os. Para essa segunda, a expectativa \u00e9 de atender mais de 500 pessoas.&nbsp;<\/span><\/p>\n<p style=\"text-align: justify;\"><span style=\"font-weight: 400; font-family: arial, helvetica, sans-serif;\">Rolim tamb\u00e9m destaca a import\u00e2ncia de descentralizar os servi\u00e7os oferecidos pelo Sine. \u201c\u00c9 essencial que a gente facilite a vida do mun\u00edcipe, levando esse atendimento at\u00e9 ele ao inv\u00e9s dele precisar nos procurar. Muita gente deixa de nos procurar por n\u00e3o ter como vir, ent\u00e3o temos que criar esses mecanismos para que todas as pessoas sejam atendidas\u201d, afirma. Segundo ele, a primeira edi\u00e7\u00e3o rendeu muitos frutos e a expectativa \u00e9 que a pr\u00f3xima seja ainda melhor. &#8220;Mais pessoas est\u00e3o sabendo agora do projeto e podem buscar esse servi\u00e7o, por isso que a gente espera quase dobrar o n\u00famero de atendimentos\u201d, finaliza.&nbsp;<\/span><\/p>\n<p style=\"text-align: justify;\"><span style=\"font-weight: 400; font-family: arial, helvetica, sans-serif;\">Para a maior parte dos atendimentos, \u00e9 necess\u00e1rio apenas comparecer com os documentos pessoais, j\u00e1 quem quer dar entrada no Seguro Desemprego deve entrar em contato com a Ag\u00eancia do Trabalhador para consultar a lista completa de documentos. Nas ter\u00e7as-feiras em que o Sine na Comunidade estiver em a\u00e7\u00e3o, os atendimentos na sede da pasta tamb\u00e9m seguem normalmente, de segunda a sexta-feira, das 8h30 \u00e0s 17h. A Ag\u00eancia do Trabalhador de Camb\u00e9 fica na Avenida Inglaterra, 774 e o telefone para contato \u00e9 o 3174-0443.<\/span><\/p>\n","protected":false},"excerpt":{"rendered":"<p>Quando o projeto \u00e9 bom, a gente repete a dose. A segunda edi\u00e7\u00e3o do Sine na Comunidade vai acontecer nesta ter\u00e7a-feira (16), no Jardim Ana Rosa. A a\u00e7\u00e3o \u00e9 organizada pela Ag\u00eancia do Trabalhador de Camb\u00e9 e leva todos os servi\u00e7os prestados pelo setor para os bairros do munic\u00edpio. O Sine na Comunidade vai funcionar [&hellip;]<\/p>\n","protected":false},"author":2,"featured_media":0,"comment_status":"closed","ping_status":"open","sticky":false,"template":"","format":"standard","meta":{"ngg_post_thumbnail":0,"footnotes":""},"categories":[1],"tags":[],"class_list":["post-7286","post","type-post","status-publish","format-standard","hentry","category-principal"],"yoast_head":"<!-- This site is optimized with the Yoast SEO plugin v27.4 - https:\/\/yoast.com\/product\/yoast-seo-wordpress\/ -->\n<title>Segunda edi\u00e7\u00e3o do Sine na Comunidade acontece no Jardim Ana Rosa nesta ter\u00e7a-feira - Prefeitura de Camb\u00e9<\/title>\n<meta name=\"robots\" content=\"index, follow, max-snippet:-1, max-image-preview:large, max-video-preview:-1\" \/>\n<link rel=\"canonical\" href=\"https:\/\/www.cambe.pr.gov.br\/index.php\/segunda-edicao-do-sine-na-comunidade-acontece-no-jardim-ana-rosa-nesta-terca-feira\/\" \/>\n<meta property=\"og:locale\" content=\"pt_BR\" \/>\n<meta property=\"og:type\" content=\"article\" \/>\n<meta property=\"og:title\" content=\"Segunda edi\u00e7\u00e3o do Sine na Comunidade acontece no Jardim Ana Rosa nesta ter\u00e7a-feira - Prefeitura de Camb\u00e9\" \/>\n<meta property=\"og:description\" content=\"Quando o projeto \u00e9 bom, a gente repete a dose. A segunda edi\u00e7\u00e3o do Sine na Comunidade vai acontecer nesta ter\u00e7a-feira (16), no Jardim Ana Rosa. A a\u00e7\u00e3o \u00e9 organizada pela Ag\u00eancia do Trabalhador de Camb\u00e9 e leva todos os servi\u00e7os prestados pelo setor para os bairros do munic\u00edpio. O Sine na Comunidade vai funcionar [&hellip;]\" \/>\n<meta property=\"og:url\" content=\"https:\/\/www.cambe.pr.gov.br\/index.php\/segunda-edicao-do-sine-na-comunidade-acontece-no-jardim-ana-rosa-nesta-terca-feira\/\" \/>\n<meta property=\"og:site_name\" content=\"Prefeitura de Camb\u00e9\" \/>\n<meta property=\"article:publisher\" content=\"https:\/\/m.facebook.com\/prefeituradecambe\" \/>\n<meta property=\"article:published_time\" content=\"2022-08-15T13:07:09+00:00\" \/>\n<meta property=\"article:modified_time\" content=\"2024-10-07T16:01:01+00:00\" \/>\n<meta property=\"og:image\" content=\"http:\/\/www.cambe.pr.gov.br\/wp-content\/uploads\/2022\/08\/sinenobairro-1024x678.jpg\" \/>\n<meta name=\"author\" content=\"Thiago Mossini Balbino dos Santos\" \/>\n<meta name=\"twitter:card\" content=\"summary_large_image\" \/>\n<meta name=\"twitter:label1\" content=\"Escrito por\" \/>\n\t<meta name=\"twitter:data1\" content=\"Thiago Mossini Balbino dos Santos\" \/>\n\t<meta name=\"twitter:label2\" content=\"Est. tempo de leitura\" \/>\n\t<meta name=\"twitter:data2\" content=\"3 minutos\" \/>\n<script type=\"application\/ld+json\" class=\"yoast-schema-graph\">{\"@context\":\"https:\\\/\\\/schema.org\",\"@graph\":[{\"@type\":\"Article\",\"@id\":\"https:\\\/\\\/www.cambe.pr.gov.br\\\/index.php\\\/segunda-edicao-do-sine-na-comunidade-acontece-no-jardim-ana-rosa-nesta-terca-feira\\\/#article\",\"isPartOf\":{\"@id\":\"https:\\\/\\\/www.cambe.pr.gov.br\\\/index.php\\\/segunda-edicao-do-sine-na-comunidade-acontece-no-jardim-ana-rosa-nesta-terca-feira\\\/\"},\"author\":{\"name\":\"Thiago Mossini Balbino dos Santos\",\"@id\":\"https:\\\/\\\/www.cambe.pr.gov.br\\\/#\\\/schema\\\/person\\\/e08f7c43a641b2ec036e4e867ec483e4\"},\"headline\":\"Segunda edi\u00e7\u00e3o do Sine na Comunidade acontece no Jardim Ana Rosa nesta ter\u00e7a-feira\",\"datePublished\":\"2022-08-15T13:07:09+00:00\",\"dateModified\":\"2024-10-07T16:01:01+00:00\",\"mainEntityOfPage\":{\"@id\":\"https:\\\/\\\/www.cambe.pr.gov.br\\\/index.php\\\/segunda-edicao-do-sine-na-comunidade-acontece-no-jardim-ana-rosa-nesta-terca-feira\\\/\"},\"wordCount\":602,\"publisher\":{\"@id\":\"https:\\\/\\\/www.cambe.pr.gov.br\\\/#organization\"},\"image\":{\"@id\":\"https:\\\/\\\/www.cambe.pr.gov.br\\\/index.php\\\/segunda-edicao-do-sine-na-comunidade-acontece-no-jardim-ana-rosa-nesta-terca-feira\\\/#primaryimage\"},\"thumbnailUrl\":\"http:\\\/\\\/www.cambe.pr.gov.br\\\/wp-content\\\/uploads\\\/2022\\\/08\\\/sinenobairro-1024x678.jpg\",\"articleSection\":[\"Principal\"],\"inLanguage\":\"pt-BR\"},{\"@type\":\"WebPage\",\"@id\":\"https:\\\/\\\/www.cambe.pr.gov.br\\\/index.php\\\/segunda-edicao-do-sine-na-comunidade-acontece-no-jardim-ana-rosa-nesta-terca-feira\\\/\",\"url\":\"https:\\\/\\\/www.cambe.pr.gov.br\\\/index.php\\\/segunda-edicao-do-sine-na-comunidade-acontece-no-jardim-ana-rosa-nesta-terca-feira\\\/\",\"name\":\"Segunda edi\u00e7\u00e3o do Sine na Comunidade acontece no Jardim Ana Rosa nesta ter\u00e7a-feira - Prefeitura de Camb\u00e9\",\"isPartOf\":{\"@id\":\"https:\\\/\\\/www.cambe.pr.gov.br\\\/#website\"},\"primaryImageOfPage\":{\"@id\":\"https:\\\/\\\/www.cambe.pr.gov.br\\\/index.php\\\/segunda-edicao-do-sine-na-comunidade-acontece-no-jardim-ana-rosa-nesta-terca-feira\\\/#primaryimage\"},\"image\":{\"@id\":\"https:\\\/\\\/www.cambe.pr.gov.br\\\/index.php\\\/segunda-edicao-do-sine-na-comunidade-acontece-no-jardim-ana-rosa-nesta-terca-feira\\\/#primaryimage\"},\"thumbnailUrl\":\"http:\\\/\\\/www.cambe.pr.gov.br\\\/wp-content\\\/uploads\\\/2022\\\/08\\\/sinenobairro-1024x678.jpg\",\"datePublished\":\"2022-08-15T13:07:09+00:00\",\"dateModified\":\"2024-10-07T16:01:01+00:00\",\"breadcrumb\":{\"@id\":\"https:\\\/\\\/www.cambe.pr.gov.br\\\/index.php\\\/segunda-edicao-do-sine-na-comunidade-acontece-no-jardim-ana-rosa-nesta-terca-feira\\\/#breadcrumb\"},\"inLanguage\":\"pt-BR\",\"potentialAction\":[{\"@type\":\"ReadAction\",\"target\":[\"https:\\\/\\\/www.cambe.pr.gov.br\\\/index.php\\\/segunda-edicao-do-sine-na-comunidade-acontece-no-jardim-ana-rosa-nesta-terca-feira\\\/\"]}]},{\"@type\":\"ImageObject\",\"inLanguage\":\"pt-BR\",\"@id\":\"https:\\\/\\\/www.cambe.pr.gov.br\\\/index.php\\\/segunda-edicao-do-sine-na-comunidade-acontece-no-jardim-ana-rosa-nesta-terca-feira\\\/#primaryimage\",\"url\":\"http:\\\/\\\/www.cambe.pr.gov.br\\\/wp-content\\\/uploads\\\/2022\\\/08\\\/sinenobairro-1024x678.jpg\",\"contentUrl\":\"http:\\\/\\\/www.cambe.pr.gov.br\\\/wp-content\\\/uploads\\\/2022\\\/08\\\/sinenobairro-1024x678.jpg\"},{\"@type\":\"BreadcrumbList\",\"@id\":\"https:\\\/\\\/www.cambe.pr.gov.br\\\/index.php\\\/segunda-edicao-do-sine-na-comunidade-acontece-no-jardim-ana-rosa-nesta-terca-feira\\\/#breadcrumb\",\"itemListElement\":[{\"@type\":\"ListItem\",\"position\":1,\"name\":\"In\u00edcio\",\"item\":\"https:\\\/\\\/www.cambe.pr.gov.br\\\/\"},{\"@type\":\"ListItem\",\"position\":2,\"name\":\"Segunda edi\u00e7\u00e3o do Sine na Comunidade acontece no Jardim Ana Rosa nesta ter\u00e7a-feira\"}]},{\"@type\":\"WebSite\",\"@id\":\"https:\\\/\\\/www.cambe.pr.gov.br\\\/#website\",\"url\":\"https:\\\/\\\/www.cambe.pr.gov.br\\\/\",\"name\":\"Prefeitura de Camb\u00e9\",\"description\":\"UM GOVERNO PARA TODOS\",\"publisher\":{\"@id\":\"https:\\\/\\\/www.cambe.pr.gov.br\\\/#organization\"},\"potentialAction\":[{\"@type\":\"SearchAction\",\"target\":{\"@type\":\"EntryPoint\",\"urlTemplate\":\"https:\\\/\\\/www.cambe.pr.gov.br\\\/?s={search_term_string}\"},\"query-input\":{\"@type\":\"PropertyValueSpecification\",\"valueRequired\":true,\"valueName\":\"search_term_string\"}}],\"inLanguage\":\"pt-BR\"},{\"@type\":\"Organization\",\"@id\":\"https:\\\/\\\/www.cambe.pr.gov.br\\\/#organization\",\"name\":\"Prefeitura de Camb\u00e9\",\"url\":\"https:\\\/\\\/www.cambe.pr.gov.br\\\/\",\"logo\":{\"@type\":\"ImageObject\",\"inLanguage\":\"pt-BR\",\"@id\":\"https:\\\/\\\/www.cambe.pr.gov.br\\\/#\\\/schema\\\/logo\\\/image\\\/\",\"url\":\"https:\\\/\\\/www.cambe.pr.gov.br\\\/wp-content\\\/uploads\\\/2021\\\/01\\\/cropped-cropped-cambe_brazao-icone.png\",\"contentUrl\":\"https:\\\/\\\/www.cambe.pr.gov.br\\\/wp-content\\\/uploads\\\/2021\\\/01\\\/cropped-cropped-cambe_brazao-icone.png\",\"width\":240,\"height\":240,\"caption\":\"Prefeitura de Camb\u00e9\"},\"image\":{\"@id\":\"https:\\\/\\\/www.cambe.pr.gov.br\\\/#\\\/schema\\\/logo\\\/image\\\/\"},\"sameAs\":[\"https:\\\/\\\/m.facebook.com\\\/prefeituradecambe\"]},{\"@type\":\"Person\",\"@id\":\"https:\\\/\\\/www.cambe.pr.gov.br\\\/#\\\/schema\\\/person\\\/e08f7c43a641b2ec036e4e867ec483e4\",\"name\":\"Thiago Mossini Balbino dos Santos\",\"image\":{\"@type\":\"ImageObject\",\"inLanguage\":\"pt-BR\",\"@id\":\"https:\\\/\\\/secure.gravatar.com\\\/avatar\\\/d957ed4e1bc3ebf5769d1003f9709cd2012ebf424eb4a5d76a933fee30e874b6?s=96&d=mm&r=g\",\"url\":\"https:\\\/\\\/secure.gravatar.com\\\/avatar\\\/d957ed4e1bc3ebf5769d1003f9709cd2012ebf424eb4a5d76a933fee30e874b6?s=96&d=mm&r=g\",\"contentUrl\":\"https:\\\/\\\/secure.gravatar.com\\\/avatar\\\/d957ed4e1bc3ebf5769d1003f9709cd2012ebf424eb4a5d76a933fee30e874b6?s=96&d=mm&r=g\",\"caption\":\"Thiago Mossini Balbino dos Santos\"},\"url\":\"https:\\\/\\\/www.cambe.pr.gov.br\\\/index.php\\\/author\\\/tmbsantos\\\/\"}]}<\/script>\n<!-- \/ Yoast SEO plugin. -->","yoast_head_json":{"title":"Segunda edi\u00e7\u00e3o do Sine na Comunidade acontece no Jardim Ana Rosa nesta ter\u00e7a-feira - Prefeitura de Camb\u00e9","robots":{"index":"index","follow":"follow","max-snippet":"max-snippet:-1","max-image-preview":"max-image-preview:large","max-video-preview":"max-video-preview:-1"},"canonical":"https:\/\/www.cambe.pr.gov.br\/index.php\/segunda-edicao-do-sine-na-comunidade-acontece-no-jardim-ana-rosa-nesta-terca-feira\/","og_locale":"pt_BR","og_type":"article","og_title":"Segunda edi\u00e7\u00e3o do Sine na Comunidade acontece no Jardim Ana Rosa nesta ter\u00e7a-feira - Prefeitura de Camb\u00e9","og_description":"Quando o projeto \u00e9 bom, a gente repete a dose. A segunda edi\u00e7\u00e3o do Sine na Comunidade vai acontecer nesta ter\u00e7a-feira (16), no Jardim Ana Rosa. A a\u00e7\u00e3o \u00e9 organizada pela Ag\u00eancia do Trabalhador de Camb\u00e9 e leva todos os servi\u00e7os prestados pelo setor para os bairros do munic\u00edpio. O Sine na Comunidade vai funcionar [&hellip;]","og_url":"https:\/\/www.cambe.pr.gov.br\/index.php\/segunda-edicao-do-sine-na-comunidade-acontece-no-jardim-ana-rosa-nesta-terca-feira\/","og_site_name":"Prefeitura de Camb\u00e9","article_publisher":"https:\/\/m.facebook.com\/prefeituradecambe","article_published_time":"2022-08-15T13:07:09+00:00","article_modified_time":"2024-10-07T16:01:01+00:00","og_image":[{"url":"http:\/\/www.cambe.pr.gov.br\/wp-content\/uploads\/2022\/08\/sinenobairro-1024x678.jpg","type":"","width":"","height":""}],"author":"Thiago Mossini Balbino dos Santos","twitter_card":"summary_large_image","twitter_misc":{"Escrito por":"Thiago Mossini Balbino dos Santos","Est. tempo de leitura":"3 minutos"},"schema":{"@context":"https:\/\/schema.org","@graph":[{"@type":"Article","@id":"https:\/\/www.cambe.pr.gov.br\/index.php\/segunda-edicao-do-sine-na-comunidade-acontece-no-jardim-ana-rosa-nesta-terca-feira\/#article","isPartOf":{"@id":"https:\/\/www.cambe.pr.gov.br\/index.php\/segunda-edicao-do-sine-na-comunidade-acontece-no-jardim-ana-rosa-nesta-terca-feira\/"},"author":{"name":"Thiago Mossini Balbino dos Santos","@id":"https:\/\/www.cambe.pr.gov.br\/#\/schema\/person\/e08f7c43a641b2ec036e4e867ec483e4"},"headline":"Segunda edi\u00e7\u00e3o do Sine na Comunidade acontece no Jardim Ana Rosa nesta ter\u00e7a-feira","datePublished":"2022-08-15T13:07:09+00:00","dateModified":"2024-10-07T16:01:01+00:00","mainEntityOfPage":{"@id":"https:\/\/www.cambe.pr.gov.br\/index.php\/segunda-edicao-do-sine-na-comunidade-acontece-no-jardim-ana-rosa-nesta-terca-feira\/"},"wordCount":602,"publisher":{"@id":"https:\/\/www.cambe.pr.gov.br\/#organization"},"image":{"@id":"https:\/\/www.cambe.pr.gov.br\/index.php\/segunda-edicao-do-sine-na-comunidade-acontece-no-jardim-ana-rosa-nesta-terca-feira\/#primaryimage"},"thumbnailUrl":"http:\/\/www.cambe.pr.gov.br\/wp-content\/uploads\/2022\/08\/sinenobairro-1024x678.jpg","articleSection":["Principal"],"inLanguage":"pt-BR"},{"@type":"WebPage","@id":"https:\/\/www.cambe.pr.gov.br\/index.php\/segunda-edicao-do-sine-na-comunidade-acontece-no-jardim-ana-rosa-nesta-terca-feira\/","url":"https:\/\/www.cambe.pr.gov.br\/index.php\/segunda-edicao-do-sine-na-comunidade-acontece-no-jardim-ana-rosa-nesta-terca-feira\/","name":"Segunda edi\u00e7\u00e3o do Sine na Comunidade acontece no Jardim Ana Rosa nesta ter\u00e7a-feira - Prefeitura de Camb\u00e9","isPartOf":{"@id":"https:\/\/www.cambe.pr.gov.br\/#website"},"primaryImageOfPage":{"@id":"https:\/\/www.cambe.pr.gov.br\/index.php\/segunda-edicao-do-sine-na-comunidade-acontece-no-jardim-ana-rosa-nesta-terca-feira\/#primaryimage"},"image":{"@id":"https:\/\/www.cambe.pr.gov.br\/index.php\/segunda-edicao-do-sine-na-comunidade-acontece-no-jardim-ana-rosa-nesta-terca-feira\/#primaryimage"},"thumbnailUrl":"http:\/\/www.cambe.pr.gov.br\/wp-content\/uploads\/2022\/08\/sinenobairro-1024x678.jpg","datePublished":"2022-08-15T13:07:09+00:00","dateModified":"2024-10-07T16:01:01+00:00","breadcrumb":{"@id":"https:\/\/www.cambe.pr.gov.br\/index.php\/segunda-edicao-do-sine-na-comunidade-acontece-no-jardim-ana-rosa-nesta-terca-feira\/#breadcrumb"},"inLanguage":"pt-BR","potentialAction":[{"@type":"ReadAction","target":["https:\/\/www.cambe.pr.gov.br\/index.php\/segunda-edicao-do-sine-na-comunidade-acontece-no-jardim-ana-rosa-nesta-terca-feira\/"]}]},{"@type":"ImageObject","inLanguage":"pt-BR","@id":"https:\/\/www.cambe.pr.gov.br\/index.php\/segunda-edicao-do-sine-na-comunidade-acontece-no-jardim-ana-rosa-nesta-terca-feira\/#primaryimage","url":"http:\/\/www.cambe.pr.gov.br\/wp-content\/uploads\/2022\/08\/sinenobairro-1024x678.jpg","contentUrl":"http:\/\/www.cambe.pr.gov.br\/wp-content\/uploads\/2022\/08\/sinenobairro-1024x678.jpg"},{"@type":"BreadcrumbList","@id":"https:\/\/www.cambe.pr.gov.br\/index.php\/segunda-edicao-do-sine-na-comunidade-acontece-no-jardim-ana-rosa-nesta-terca-feira\/#breadcrumb","itemListElement":[{"@type":"ListItem","position":1,"name":"In\u00edcio","item":"https:\/\/www.cambe.pr.gov.br\/"},{"@type":"ListItem","position":2,"name":"Segunda edi\u00e7\u00e3o do Sine na Comunidade acontece no Jardim Ana Rosa nesta ter\u00e7a-feira"}]},{"@type":"WebSite","@id":"https:\/\/www.cambe.pr.gov.br\/#website","url":"https:\/\/www.cambe.pr.gov.br\/","name":"Prefeitura de Camb\u00e9","description":"UM GOVERNO PARA TODOS","publisher":{"@id":"https:\/\/www.cambe.pr.gov.br\/#organization"},"potentialAction":[{"@type":"SearchAction","target":{"@type":"EntryPoint","urlTemplate":"https:\/\/www.cambe.pr.gov.br\/?s={search_term_string}"},"query-input":{"@type":"PropertyValueSpecification","valueRequired":true,"valueName":"search_term_string"}}],"inLanguage":"pt-BR"},{"@type":"Organization","@id":"https:\/\/www.cambe.pr.gov.br\/#organization","name":"Prefeitura de Camb\u00e9","url":"https:\/\/www.cambe.pr.gov.br\/","logo":{"@type":"ImageObject","inLanguage":"pt-BR","@id":"https:\/\/www.cambe.pr.gov.br\/#\/schema\/logo\/image\/","url":"https:\/\/www.cambe.pr.gov.br\/wp-content\/uploads\/2021\/01\/cropped-cropped-cambe_brazao-icone.png","contentUrl":"https:\/\/www.cambe.pr.gov.br\/wp-content\/uploads\/2021\/01\/cropped-cropped-cambe_brazao-icone.png","width":240,"height":240,"caption":"Prefeitura de Camb\u00e9"},"image":{"@id":"https:\/\/www.cambe.pr.gov.br\/#\/schema\/logo\/image\/"},"sameAs":["https:\/\/m.facebook.com\/prefeituradecambe"]},{"@type":"Person","@id":"https:\/\/www.cambe.pr.gov.br\/#\/schema\/person\/e08f7c43a641b2ec036e4e867ec483e4","name":"Thiago Mossini Balbino dos Santos","image":{"@type":"ImageObject","inLanguage":"pt-BR","@id":"https:\/\/secure.gravatar.com\/avatar\/d957ed4e1bc3ebf5769d1003f9709cd2012ebf424eb4a5d76a933fee30e874b6?s=96&d=mm&r=g","url":"https:\/\/secure.gravatar.com\/avatar\/d957ed4e1bc3ebf5769d1003f9709cd2012ebf424eb4a5d76a933fee30e874b6?s=96&d=mm&r=g","contentUrl":"https:\/\/secure.gravatar.com\/avatar\/d957ed4e1bc3ebf5769d1003f9709cd2012ebf424eb4a5d76a933fee30e874b6?s=96&d=mm&r=g","caption":"Thiago Mossini Balbino dos Santos"},"url":"https:\/\/www.cambe.pr.gov.br\/index.php\/author\/tmbsantos\/"}]}},"_links":{"self":[{"href":"https:\/\/www.cambe.pr.gov.br\/index.php\/wp-json\/wp\/v2\/posts\/7286","targetHints":{"allow":["GET"]}}],"collection":[{"href":"https:\/\/www.cambe.pr.gov.br\/index.php\/wp-json\/wp\/v2\/posts"}],"about":[{"href":"https:\/\/www.cambe.pr.gov.br\/index.php\/wp-json\/wp\/v2\/types\/post"}],"author":[{"embeddable":true,"href":"https:\/\/www.cambe.pr.gov.br\/index.php\/wp-json\/wp\/v2\/users\/2"}],"replies":[{"embeddable":true,"href":"https:\/\/www.cambe.pr.gov.br\/index.php\/wp-json\/wp\/v2\/comments?post=7286"}],"version-history":[{"count":11,"href":"https:\/\/www.cambe.pr.gov.br\/index.php\/wp-json\/wp\/v2\/posts\/7286\/revisions"}],"predecessor-version":[{"id":7321,"href":"https:\/\/www.cambe.pr.gov.br\/index.php\/wp-json\/wp\/v2\/posts\/7286\/revisions\/7321"}],"wp:attachment":[{"href":"https:\/\/www.cambe.pr.gov.br\/index.php\/wp-json\/wp\/v2\/media?parent=7286"}],"wp:term":[{"taxonomy":"category","embeddable":true,"href":"https:\/\/www.cambe.pr.gov.br\/index.php\/wp-json\/wp\/v2\/categories?post=7286"},{"taxonomy":"post_tag","embeddable":true,"href":"https:\/\/www.cambe.pr.gov.br\/index.php\/wp-json\/wp\/v2\/tags?post=7286"}],"curies":[{"name":"wp","href":"https:\/\/api.w.org\/{rel}","templated":true}]}}