{"id":7279,"date":"2022-08-15T13:59:26","date_gmt":"2022-08-15T16:59:26","guid":{"rendered":"http:\/\/www.cambe.pr.gov.br\/?p=7279"},"modified":"2024-10-07T13:01:01","modified_gmt":"2024-10-07T16:01:01","slug":"prefeitura-realiza-mutirao-para-cadastro-do-cadunico-neste-sabado","status":"publish","type":"post","link":"https:\/\/www.cambe.pr.gov.br\/index.php\/prefeitura-realiza-mutirao-para-cadastro-do-cadunico-neste-sabado\/","title":{"rendered":"Prefeitura realiza mutir\u00e3o para cadastro do Cad\u00danico neste s\u00e1bado"},"content":{"rendered":"<div id=\"attachment_7325\" style=\"width: 620px\" class=\"wp-caption alignleft\"><img fetchpriority=\"high\" decoding=\"async\" aria-describedby=\"caption-attachment-7325\" class=\"wp-image-7325 size-large\" src=\"https:\/\/www.cambe.pr.gov.br\/wp-content\/uploads\/2022\/08\/DSC_0009-1024x678.jpg\" alt=\"\" width=\"610\" height=\"404\" srcset=\"https:\/\/www.cambe.pr.gov.br\/wp-content\/uploads\/2022\/08\/DSC_0009-1024x678.jpg 1024w, https:\/\/www.cambe.pr.gov.br\/wp-content\/uploads\/2022\/08\/DSC_0009-300x199.jpg 300w, https:\/\/www.cambe.pr.gov.br\/wp-content\/uploads\/2022\/08\/DSC_0009-768x509.jpg 768w, https:\/\/www.cambe.pr.gov.br\/wp-content\/uploads\/2022\/08\/DSC_0009-1536x1017.jpg 1536w, https:\/\/www.cambe.pr.gov.br\/wp-content\/uploads\/2022\/08\/DSC_0009-2048x1356.jpg 2048w\" sizes=\"(max-width: 610px) 100vw, 610px\" \/><p id=\"caption-attachment-7325\" class=\"wp-caption-text\"><span style=\"font-weight: 400; font-family: arial, helvetica, sans-serif;\">Centro de Refer\u00eancia de Assist\u00eancia Social (CRAS) do Jardim S\u00e3o Francisco<\/span><\/p><\/div>\n<p style=\"text-align: justify;\"><span style=\"font-weight: 400; font-family: arial, helvetica, sans-serif;\">A Prefeitura de Camb\u00e9, por meio da Secretaria de Assist\u00eancia Social e Cidadania, vai realizar neste s\u00e1bado (20) um mutir\u00e3o para inclus\u00e3o de fam\u00edlias no Cadastro \u00danico para Programas Sociais (Cad\u00danico). O evento acontece das 8h \u00e0s 12h no Centro da Juventude do Jardim Castelo Branco e no Centro de Refer\u00eancia de Assist\u00eancia Social (CRAS) do Jardim S\u00e3o Francisco.<\/span><\/p>\n<p style=\"text-align: justify;\"><span style=\"font-weight: 400; font-family: arial, helvetica, sans-serif;\">O cadastro serve para o governo identificar as fam\u00edlias que t\u00eam o direito de receber os benef\u00edcios de programas sociais como o Aux\u00edlio Brasil, Comida Boa, Tarifa Social de Energia El\u00e9trica, entre outros. <\/span><span style=\"font-weight: 400; font-family: arial, helvetica, sans-serif;\">Lucilene Diorio, secret\u00e1ria de Assist\u00eancia Social, diz que a motiva\u00e7\u00e3o para o mutir\u00e3o foi a grande demanda por inclus\u00e3o ou atualiza\u00e7\u00e3o do cadastro para o acesso aos programas.<\/span><\/p>\n<p style=\"text-align: justify;\"><span style=\"font-weight: 400; font-family: arial, helvetica, sans-serif;\">Para realizar o cadastro no evento, o cidad\u00e3o precisa levar os documentos pessoais e de todas as pessoas que moram na casa, al\u00e9m de um comprovante de resid\u00eancia atualizado. Se houver alguma d\u00favida sobre o mutir\u00e3o ou o cadastro, o cidad\u00e3o pode comparecer a um CRAS pr\u00f3ximo de sua resid\u00eancia ou enviar a quest\u00e3o via para WhatsApp da Secretaria Municipal de Assist\u00eancia Social e Cidadania, no n\u00famero 3174-0294.<\/span><\/p>\n","protected":false},"excerpt":{"rendered":"<p>A Prefeitura de Camb\u00e9, por meio da Secretaria de Assist\u00eancia Social e Cidadania, vai realizar neste s\u00e1bado (20) um mutir\u00e3o para inclus\u00e3o de fam\u00edlias no Cadastro \u00danico para Programas Sociais (Cad\u00danico). O evento acontece das 8h \u00e0s 12h no Centro da Juventude do Jardim Castelo Branco e no Centro de Refer\u00eancia de Assist\u00eancia Social (CRAS) [&hellip;]<\/p>\n","protected":false},"author":3,"featured_media":0,"comment_status":"closed","ping_status":"open","sticky":false,"template":"","format":"standard","meta":{"ngg_post_thumbnail":0,"footnotes":""},"categories":[1],"tags":[],"class_list":["post-7279","post","type-post","status-publish","format-standard","hentry","category-principal"],"yoast_head":"<!-- This site is optimized with the Yoast SEO plugin v27.4 - https:\/\/yoast.com\/product\/yoast-seo-wordpress\/ -->\n<title>Prefeitura realiza mutir\u00e3o para cadastro do Cad\u00danico neste s\u00e1bado - Prefeitura de Camb\u00e9<\/title>\n<meta name=\"robots\" content=\"index, follow, max-snippet:-1, max-image-preview:large, max-video-preview:-1\" \/>\n<link rel=\"canonical\" href=\"https:\/\/www.cambe.pr.gov.br\/index.php\/prefeitura-realiza-mutirao-para-cadastro-do-cadunico-neste-sabado\/\" \/>\n<meta property=\"og:locale\" content=\"pt_BR\" \/>\n<meta property=\"og:type\" content=\"article\" \/>\n<meta property=\"og:title\" content=\"Prefeitura realiza mutir\u00e3o para cadastro do Cad\u00danico neste s\u00e1bado - Prefeitura de Camb\u00e9\" \/>\n<meta property=\"og:description\" content=\"A Prefeitura de Camb\u00e9, por meio da Secretaria de Assist\u00eancia Social e Cidadania, vai realizar neste s\u00e1bado (20) um mutir\u00e3o para inclus\u00e3o de fam\u00edlias no Cadastro \u00danico para Programas Sociais (Cad\u00danico). O evento acontece das 8h \u00e0s 12h no Centro da Juventude do Jardim Castelo Branco e no Centro de Refer\u00eancia de Assist\u00eancia Social (CRAS) [&hellip;]\" \/>\n<meta property=\"og:url\" content=\"https:\/\/www.cambe.pr.gov.br\/index.php\/prefeitura-realiza-mutirao-para-cadastro-do-cadunico-neste-sabado\/\" \/>\n<meta property=\"og:site_name\" content=\"Prefeitura de Camb\u00e9\" \/>\n<meta property=\"article:publisher\" content=\"https:\/\/m.facebook.com\/prefeituradecambe\" \/>\n<meta property=\"article:published_time\" content=\"2022-08-15T16:59:26+00:00\" \/>\n<meta property=\"article:modified_time\" content=\"2024-10-07T16:01:01+00:00\" \/>\n<meta property=\"og:image\" content=\"http:\/\/www.cambe.pr.gov.br\/wp-content\/uploads\/2022\/08\/DSC_0009-1024x678.jpg\" \/>\n<meta name=\"author\" content=\"Mateus Goulart Itiyama\" \/>\n<meta name=\"twitter:card\" content=\"summary_large_image\" \/>\n<meta name=\"twitter:label1\" content=\"Escrito por\" \/>\n\t<meta name=\"twitter:data1\" content=\"Mateus Goulart Itiyama\" \/>\n\t<meta name=\"twitter:label2\" content=\"Est. tempo de leitura\" \/>\n\t<meta name=\"twitter:data2\" content=\"1 minuto\" \/>\n<script type=\"application\/ld+json\" class=\"yoast-schema-graph\">{\"@context\":\"https:\\\/\\\/schema.org\",\"@graph\":[{\"@type\":\"Article\",\"@id\":\"https:\\\/\\\/www.cambe.pr.gov.br\\\/index.php\\\/prefeitura-realiza-mutirao-para-cadastro-do-cadunico-neste-sabado\\\/#article\",\"isPartOf\":{\"@id\":\"https:\\\/\\\/www.cambe.pr.gov.br\\\/index.php\\\/prefeitura-realiza-mutirao-para-cadastro-do-cadunico-neste-sabado\\\/\"},\"author\":{\"name\":\"Mateus Goulart Itiyama\",\"@id\":\"https:\\\/\\\/www.cambe.pr.gov.br\\\/#\\\/schema\\\/person\\\/43b191a728babf8730823b22d888d98b\"},\"headline\":\"Prefeitura realiza mutir\u00e3o para cadastro do Cad\u00danico neste s\u00e1bado\",\"datePublished\":\"2022-08-15T16:59:26+00:00\",\"dateModified\":\"2024-10-07T16:01:01+00:00\",\"mainEntityOfPage\":{\"@id\":\"https:\\\/\\\/www.cambe.pr.gov.br\\\/index.php\\\/prefeitura-realiza-mutirao-para-cadastro-do-cadunico-neste-sabado\\\/\"},\"wordCount\":251,\"publisher\":{\"@id\":\"https:\\\/\\\/www.cambe.pr.gov.br\\\/#organization\"},\"image\":{\"@id\":\"https:\\\/\\\/www.cambe.pr.gov.br\\\/index.php\\\/prefeitura-realiza-mutirao-para-cadastro-do-cadunico-neste-sabado\\\/#primaryimage\"},\"thumbnailUrl\":\"http:\\\/\\\/www.cambe.pr.gov.br\\\/wp-content\\\/uploads\\\/2022\\\/08\\\/DSC_0009-1024x678.jpg\",\"articleSection\":[\"Principal\"],\"inLanguage\":\"pt-BR\"},{\"@type\":\"WebPage\",\"@id\":\"https:\\\/\\\/www.cambe.pr.gov.br\\\/index.php\\\/prefeitura-realiza-mutirao-para-cadastro-do-cadunico-neste-sabado\\\/\",\"url\":\"https:\\\/\\\/www.cambe.pr.gov.br\\\/index.php\\\/prefeitura-realiza-mutirao-para-cadastro-do-cadunico-neste-sabado\\\/\",\"name\":\"Prefeitura realiza mutir\u00e3o para cadastro do Cad\u00danico neste s\u00e1bado - Prefeitura de Camb\u00e9\",\"isPartOf\":{\"@id\":\"https:\\\/\\\/www.cambe.pr.gov.br\\\/#website\"},\"primaryImageOfPage\":{\"@id\":\"https:\\\/\\\/www.cambe.pr.gov.br\\\/index.php\\\/prefeitura-realiza-mutirao-para-cadastro-do-cadunico-neste-sabado\\\/#primaryimage\"},\"image\":{\"@id\":\"https:\\\/\\\/www.cambe.pr.gov.br\\\/index.php\\\/prefeitura-realiza-mutirao-para-cadastro-do-cadunico-neste-sabado\\\/#primaryimage\"},\"thumbnailUrl\":\"http:\\\/\\\/www.cambe.pr.gov.br\\\/wp-content\\\/uploads\\\/2022\\\/08\\\/DSC_0009-1024x678.jpg\",\"datePublished\":\"2022-08-15T16:59:26+00:00\",\"dateModified\":\"2024-10-07T16:01:01+00:00\",\"breadcrumb\":{\"@id\":\"https:\\\/\\\/www.cambe.pr.gov.br\\\/index.php\\\/prefeitura-realiza-mutirao-para-cadastro-do-cadunico-neste-sabado\\\/#breadcrumb\"},\"inLanguage\":\"pt-BR\",\"potentialAction\":[{\"@type\":\"ReadAction\",\"target\":[\"https:\\\/\\\/www.cambe.pr.gov.br\\\/index.php\\\/prefeitura-realiza-mutirao-para-cadastro-do-cadunico-neste-sabado\\\/\"]}]},{\"@type\":\"ImageObject\",\"inLanguage\":\"pt-BR\",\"@id\":\"https:\\\/\\\/www.cambe.pr.gov.br\\\/index.php\\\/prefeitura-realiza-mutirao-para-cadastro-do-cadunico-neste-sabado\\\/#primaryimage\",\"url\":\"http:\\\/\\\/www.cambe.pr.gov.br\\\/wp-content\\\/uploads\\\/2022\\\/08\\\/DSC_0009-1024x678.jpg\",\"contentUrl\":\"http:\\\/\\\/www.cambe.pr.gov.br\\\/wp-content\\\/uploads\\\/2022\\\/08\\\/DSC_0009-1024x678.jpg\"},{\"@type\":\"BreadcrumbList\",\"@id\":\"https:\\\/\\\/www.cambe.pr.gov.br\\\/index.php\\\/prefeitura-realiza-mutirao-para-cadastro-do-cadunico-neste-sabado\\\/#breadcrumb\",\"itemListElement\":[{\"@type\":\"ListItem\",\"position\":1,\"name\":\"In\u00edcio\",\"item\":\"https:\\\/\\\/www.cambe.pr.gov.br\\\/\"},{\"@type\":\"ListItem\",\"position\":2,\"name\":\"Prefeitura realiza mutir\u00e3o para cadastro do Cad\u00danico neste s\u00e1bado\"}]},{\"@type\":\"WebSite\",\"@id\":\"https:\\\/\\\/www.cambe.pr.gov.br\\\/#website\",\"url\":\"https:\\\/\\\/www.cambe.pr.gov.br\\\/\",\"name\":\"Prefeitura de Camb\u00e9\",\"description\":\"UM GOVERNO PARA TODOS\",\"publisher\":{\"@id\":\"https:\\\/\\\/www.cambe.pr.gov.br\\\/#organization\"},\"potentialAction\":[{\"@type\":\"SearchAction\",\"target\":{\"@type\":\"EntryPoint\",\"urlTemplate\":\"https:\\\/\\\/www.cambe.pr.gov.br\\\/?s={search_term_string}\"},\"query-input\":{\"@type\":\"PropertyValueSpecification\",\"valueRequired\":true,\"valueName\":\"search_term_string\"}}],\"inLanguage\":\"pt-BR\"},{\"@type\":\"Organization\",\"@id\":\"https:\\\/\\\/www.cambe.pr.gov.br\\\/#organization\",\"name\":\"Prefeitura de Camb\u00e9\",\"url\":\"https:\\\/\\\/www.cambe.pr.gov.br\\\/\",\"logo\":{\"@type\":\"ImageObject\",\"inLanguage\":\"pt-BR\",\"@id\":\"https:\\\/\\\/www.cambe.pr.gov.br\\\/#\\\/schema\\\/logo\\\/image\\\/\",\"url\":\"https:\\\/\\\/www.cambe.pr.gov.br\\\/wp-content\\\/uploads\\\/2021\\\/01\\\/cropped-cropped-cambe_brazao-icone.png\",\"contentUrl\":\"https:\\\/\\\/www.cambe.pr.gov.br\\\/wp-content\\\/uploads\\\/2021\\\/01\\\/cropped-cropped-cambe_brazao-icone.png\",\"width\":240,\"height\":240,\"caption\":\"Prefeitura de Camb\u00e9\"},\"image\":{\"@id\":\"https:\\\/\\\/www.cambe.pr.gov.br\\\/#\\\/schema\\\/logo\\\/image\\\/\"},\"sameAs\":[\"https:\\\/\\\/m.facebook.com\\\/prefeituradecambe\"]},{\"@type\":\"Person\",\"@id\":\"https:\\\/\\\/www.cambe.pr.gov.br\\\/#\\\/schema\\\/person\\\/43b191a728babf8730823b22d888d98b\",\"name\":\"Mateus Goulart Itiyama\",\"image\":{\"@type\":\"ImageObject\",\"inLanguage\":\"pt-BR\",\"@id\":\"https:\\\/\\\/secure.gravatar.com\\\/avatar\\\/5ffc167a361290b7e863147a2ca418909f497566de633f627f8baffc8507a392?s=96&d=mm&r=g\",\"url\":\"https:\\\/\\\/secure.gravatar.com\\\/avatar\\\/5ffc167a361290b7e863147a2ca418909f497566de633f627f8baffc8507a392?s=96&d=mm&r=g\",\"contentUrl\":\"https:\\\/\\\/secure.gravatar.com\\\/avatar\\\/5ffc167a361290b7e863147a2ca418909f497566de633f627f8baffc8507a392?s=96&d=mm&r=g\",\"caption\":\"Mateus Goulart Itiyama\"},\"url\":\"https:\\\/\\\/www.cambe.pr.gov.br\\\/index.php\\\/author\\\/mgitiyama\\\/\"}]}<\/script>\n<!-- \/ Yoast SEO plugin. -->","yoast_head_json":{"title":"Prefeitura realiza mutir\u00e3o para cadastro do Cad\u00danico neste s\u00e1bado - Prefeitura de Camb\u00e9","robots":{"index":"index","follow":"follow","max-snippet":"max-snippet:-1","max-image-preview":"max-image-preview:large","max-video-preview":"max-video-preview:-1"},"canonical":"https:\/\/www.cambe.pr.gov.br\/index.php\/prefeitura-realiza-mutirao-para-cadastro-do-cadunico-neste-sabado\/","og_locale":"pt_BR","og_type":"article","og_title":"Prefeitura realiza mutir\u00e3o para cadastro do Cad\u00danico neste s\u00e1bado - Prefeitura de Camb\u00e9","og_description":"A Prefeitura de Camb\u00e9, por meio da Secretaria de Assist\u00eancia Social e Cidadania, vai realizar neste s\u00e1bado (20) um mutir\u00e3o para inclus\u00e3o de fam\u00edlias no Cadastro \u00danico para Programas Sociais (Cad\u00danico). O evento acontece das 8h \u00e0s 12h no Centro da Juventude do Jardim Castelo Branco e no Centro de Refer\u00eancia de Assist\u00eancia Social (CRAS) [&hellip;]","og_url":"https:\/\/www.cambe.pr.gov.br\/index.php\/prefeitura-realiza-mutirao-para-cadastro-do-cadunico-neste-sabado\/","og_site_name":"Prefeitura de Camb\u00e9","article_publisher":"https:\/\/m.facebook.com\/prefeituradecambe","article_published_time":"2022-08-15T16:59:26+00:00","article_modified_time":"2024-10-07T16:01:01+00:00","og_image":[{"url":"http:\/\/www.cambe.pr.gov.br\/wp-content\/uploads\/2022\/08\/DSC_0009-1024x678.jpg","type":"","width":"","height":""}],"author":"Mateus Goulart Itiyama","twitter_card":"summary_large_image","twitter_misc":{"Escrito por":"Mateus Goulart Itiyama","Est. tempo de leitura":"1 minuto"},"schema":{"@context":"https:\/\/schema.org","@graph":[{"@type":"Article","@id":"https:\/\/www.cambe.pr.gov.br\/index.php\/prefeitura-realiza-mutirao-para-cadastro-do-cadunico-neste-sabado\/#article","isPartOf":{"@id":"https:\/\/www.cambe.pr.gov.br\/index.php\/prefeitura-realiza-mutirao-para-cadastro-do-cadunico-neste-sabado\/"},"author":{"name":"Mateus Goulart Itiyama","@id":"https:\/\/www.cambe.pr.gov.br\/#\/schema\/person\/43b191a728babf8730823b22d888d98b"},"headline":"Prefeitura realiza mutir\u00e3o para cadastro do Cad\u00danico neste s\u00e1bado","datePublished":"2022-08-15T16:59:26+00:00","dateModified":"2024-10-07T16:01:01+00:00","mainEntityOfPage":{"@id":"https:\/\/www.cambe.pr.gov.br\/index.php\/prefeitura-realiza-mutirao-para-cadastro-do-cadunico-neste-sabado\/"},"wordCount":251,"publisher":{"@id":"https:\/\/www.cambe.pr.gov.br\/#organization"},"image":{"@id":"https:\/\/www.cambe.pr.gov.br\/index.php\/prefeitura-realiza-mutirao-para-cadastro-do-cadunico-neste-sabado\/#primaryimage"},"thumbnailUrl":"http:\/\/www.cambe.pr.gov.br\/wp-content\/uploads\/2022\/08\/DSC_0009-1024x678.jpg","articleSection":["Principal"],"inLanguage":"pt-BR"},{"@type":"WebPage","@id":"https:\/\/www.cambe.pr.gov.br\/index.php\/prefeitura-realiza-mutirao-para-cadastro-do-cadunico-neste-sabado\/","url":"https:\/\/www.cambe.pr.gov.br\/index.php\/prefeitura-realiza-mutirao-para-cadastro-do-cadunico-neste-sabado\/","name":"Prefeitura realiza mutir\u00e3o para cadastro do Cad\u00danico neste s\u00e1bado - Prefeitura de Camb\u00e9","isPartOf":{"@id":"https:\/\/www.cambe.pr.gov.br\/#website"},"primaryImageOfPage":{"@id":"https:\/\/www.cambe.pr.gov.br\/index.php\/prefeitura-realiza-mutirao-para-cadastro-do-cadunico-neste-sabado\/#primaryimage"},"image":{"@id":"https:\/\/www.cambe.pr.gov.br\/index.php\/prefeitura-realiza-mutirao-para-cadastro-do-cadunico-neste-sabado\/#primaryimage"},"thumbnailUrl":"http:\/\/www.cambe.pr.gov.br\/wp-content\/uploads\/2022\/08\/DSC_0009-1024x678.jpg","datePublished":"2022-08-15T16:59:26+00:00","dateModified":"2024-10-07T16:01:01+00:00","breadcrumb":{"@id":"https:\/\/www.cambe.pr.gov.br\/index.php\/prefeitura-realiza-mutirao-para-cadastro-do-cadunico-neste-sabado\/#breadcrumb"},"inLanguage":"pt-BR","potentialAction":[{"@type":"ReadAction","target":["https:\/\/www.cambe.pr.gov.br\/index.php\/prefeitura-realiza-mutirao-para-cadastro-do-cadunico-neste-sabado\/"]}]},{"@type":"ImageObject","inLanguage":"pt-BR","@id":"https:\/\/www.cambe.pr.gov.br\/index.php\/prefeitura-realiza-mutirao-para-cadastro-do-cadunico-neste-sabado\/#primaryimage","url":"http:\/\/www.cambe.pr.gov.br\/wp-content\/uploads\/2022\/08\/DSC_0009-1024x678.jpg","contentUrl":"http:\/\/www.cambe.pr.gov.br\/wp-content\/uploads\/2022\/08\/DSC_0009-1024x678.jpg"},{"@type":"BreadcrumbList","@id":"https:\/\/www.cambe.pr.gov.br\/index.php\/prefeitura-realiza-mutirao-para-cadastro-do-cadunico-neste-sabado\/#breadcrumb","itemListElement":[{"@type":"ListItem","position":1,"name":"In\u00edcio","item":"https:\/\/www.cambe.pr.gov.br\/"},{"@type":"ListItem","position":2,"name":"Prefeitura realiza mutir\u00e3o para cadastro do Cad\u00danico neste s\u00e1bado"}]},{"@type":"WebSite","@id":"https:\/\/www.cambe.pr.gov.br\/#website","url":"https:\/\/www.cambe.pr.gov.br\/","name":"Prefeitura de Camb\u00e9","description":"UM GOVERNO PARA TODOS","publisher":{"@id":"https:\/\/www.cambe.pr.gov.br\/#organization"},"potentialAction":[{"@type":"SearchAction","target":{"@type":"EntryPoint","urlTemplate":"https:\/\/www.cambe.pr.gov.br\/?s={search_term_string}"},"query-input":{"@type":"PropertyValueSpecification","valueRequired":true,"valueName":"search_term_string"}}],"inLanguage":"pt-BR"},{"@type":"Organization","@id":"https:\/\/www.cambe.pr.gov.br\/#organization","name":"Prefeitura de Camb\u00e9","url":"https:\/\/www.cambe.pr.gov.br\/","logo":{"@type":"ImageObject","inLanguage":"pt-BR","@id":"https:\/\/www.cambe.pr.gov.br\/#\/schema\/logo\/image\/","url":"https:\/\/www.cambe.pr.gov.br\/wp-content\/uploads\/2021\/01\/cropped-cropped-cambe_brazao-icone.png","contentUrl":"https:\/\/www.cambe.pr.gov.br\/wp-content\/uploads\/2021\/01\/cropped-cropped-cambe_brazao-icone.png","width":240,"height":240,"caption":"Prefeitura de Camb\u00e9"},"image":{"@id":"https:\/\/www.cambe.pr.gov.br\/#\/schema\/logo\/image\/"},"sameAs":["https:\/\/m.facebook.com\/prefeituradecambe"]},{"@type":"Person","@id":"https:\/\/www.cambe.pr.gov.br\/#\/schema\/person\/43b191a728babf8730823b22d888d98b","name":"Mateus Goulart Itiyama","image":{"@type":"ImageObject","inLanguage":"pt-BR","@id":"https:\/\/secure.gravatar.com\/avatar\/5ffc167a361290b7e863147a2ca418909f497566de633f627f8baffc8507a392?s=96&d=mm&r=g","url":"https:\/\/secure.gravatar.com\/avatar\/5ffc167a361290b7e863147a2ca418909f497566de633f627f8baffc8507a392?s=96&d=mm&r=g","contentUrl":"https:\/\/secure.gravatar.com\/avatar\/5ffc167a361290b7e863147a2ca418909f497566de633f627f8baffc8507a392?s=96&d=mm&r=g","caption":"Mateus Goulart Itiyama"},"url":"https:\/\/www.cambe.pr.gov.br\/index.php\/author\/mgitiyama\/"}]}},"_links":{"self":[{"href":"https:\/\/www.cambe.pr.gov.br\/index.php\/wp-json\/wp\/v2\/posts\/7279","targetHints":{"allow":["GET"]}}],"collection":[{"href":"https:\/\/www.cambe.pr.gov.br\/index.php\/wp-json\/wp\/v2\/posts"}],"about":[{"href":"https:\/\/www.cambe.pr.gov.br\/index.php\/wp-json\/wp\/v2\/types\/post"}],"author":[{"embeddable":true,"href":"https:\/\/www.cambe.pr.gov.br\/index.php\/wp-json\/wp\/v2\/users\/3"}],"replies":[{"embeddable":true,"href":"https:\/\/www.cambe.pr.gov.br\/index.php\/wp-json\/wp\/v2\/comments?post=7279"}],"version-history":[{"count":7,"href":"https:\/\/www.cambe.pr.gov.br\/index.php\/wp-json\/wp\/v2\/posts\/7279\/revisions"}],"predecessor-version":[{"id":7328,"href":"https:\/\/www.cambe.pr.gov.br\/index.php\/wp-json\/wp\/v2\/posts\/7279\/revisions\/7328"}],"wp:attachment":[{"href":"https:\/\/www.cambe.pr.gov.br\/index.php\/wp-json\/wp\/v2\/media?parent=7279"}],"wp:term":[{"taxonomy":"category","embeddable":true,"href":"https:\/\/www.cambe.pr.gov.br\/index.php\/wp-json\/wp\/v2\/categories?post=7279"},{"taxonomy":"post_tag","embeddable":true,"href":"https:\/\/www.cambe.pr.gov.br\/index.php\/wp-json\/wp\/v2\/tags?post=7279"}],"curies":[{"name":"wp","href":"https:\/\/api.w.org\/{rel}","templated":true}]}}