{"id":7250,"date":"2022-08-15T11:04:55","date_gmt":"2022-08-15T14:04:55","guid":{"rendered":"http:\/\/www.cambe.pr.gov.br\/?p=7250"},"modified":"2024-10-07T13:01:01","modified_gmt":"2024-10-07T16:01:01","slug":"unidades-basicas-de-saude-de-cambe-participam-do-dia-d-de-multivacinacao","status":"publish","type":"post","link":"https:\/\/www.cambe.pr.gov.br\/index.php\/unidades-basicas-de-saude-de-cambe-participam-do-dia-d-de-multivacinacao\/","title":{"rendered":"Unidades B\u00e1sicas de Sa\u00fade de Camb\u00e9 participam do \u2018Dia D\u2019 de multivacina\u00e7\u00e3o"},"content":{"rendered":"<p style=\"text-align: justify;\"><span style=\"font-weight: 400; font-family: arial, helvetica, sans-serif;\"><img fetchpriority=\"high\" decoding=\"async\" class=\"size-large wp-image-5673 alignleft\" src=\"https:\/\/www.cambe.pr.gov.br\/wp-content\/uploads\/2022\/04\/IMG_1294-1024x683.jpg\" alt=\"\" width=\"610\" height=\"407\" srcset=\"https:\/\/www.cambe.pr.gov.br\/wp-content\/uploads\/2022\/04\/IMG_1294-1024x683.jpg 1024w, https:\/\/www.cambe.pr.gov.br\/wp-content\/uploads\/2022\/04\/IMG_1294-300x200.jpg 300w, https:\/\/www.cambe.pr.gov.br\/wp-content\/uploads\/2022\/04\/IMG_1294-768x512.jpg 768w, https:\/\/www.cambe.pr.gov.br\/wp-content\/uploads\/2022\/04\/IMG_1294-1536x1024.jpg 1536w, https:\/\/www.cambe.pr.gov.br\/wp-content\/uploads\/2022\/04\/IMG_1294-2048x1366.jpg 2048w\" sizes=\"(max-width: 610px) 100vw, 610px\" \/>Voc\u00ea trabalha ou estuda a semana toda e n\u00e3o tem tempo de ir at\u00e9 uma das Unidades B\u00e1sicas de Sa\u00fade para atualizar a sua situa\u00e7\u00e3o vacinal? Agora n\u00e3o tem mais desculpas. As Unidades B\u00e1sicas de Sa\u00fade do munic\u00edpio v\u00e3o participar do \u2018Dia D\u2019 de multivacina\u00e7\u00e3o no pr\u00f3ximo s\u00e1bado, dia 20 de agosto. Todas as UBS v\u00e3o funcionar das 8h \u00e0s 17h para atender toda a popula\u00e7\u00e3o que precisa receber a dose de alguma vacina.&nbsp;<\/span><\/p>\n<p style=\"text-align: justify;\"><span style=\"font-weight: 400; font-family: arial, helvetica, sans-serif;\">Isabela Salvadego, respons\u00e1vel pelo Departamento de Epidemiologia da Secretaria de Sa\u00fade, explica que o \u2018Dia D\u2019 \u00e9 uma campanha nacional de multivacina\u00e7\u00e3o, que tem como objetivo ampliar a oferta de vacinas para toda a popula\u00e7\u00e3o. Segundo ela, essa \u00e9 uma oportunidade para quem trabalha ou estuda durante a semana e n\u00e3o consegue ir at\u00e9 uma das UBS para atualizar a situa\u00e7\u00e3o vacinal. \u201cSe voc\u00ea est\u00e1 com a dose de alguma vacina atrasada ou n\u00e3o sabe se tomou, pode ir at\u00e9 uma das unidades para tirar as d\u00favidas e, se for o caso, receber a vacina\u201d, esclarece.<\/span><\/p>\n<p style=\"text-align: justify;\"><span style=\"font-weight: 400; font-family: arial, helvetica, sans-serif;\">No dia, quase todas as vacinas que comp\u00f5em o calend\u00e1rio de vacina\u00e7\u00e3o v\u00e3o estar dispon\u00edveis, incluindo os imunizantes que protegem contra a Covid-19 e a gripe. Salvadego tamb\u00e9m destaca que a vacina contra a poliomielite segue dispon\u00edvel para todas as crian\u00e7as com mais de 1 ano a menores de 5 anos. Outras vacinas, como contra a hepatite A, meningoc\u00f3cica, papiloma v\u00edrus humano (HPV), t\u00e9tano ou febre amarela, tamb\u00e9m estar\u00e3o dispon\u00edveis. A \u00fanica vacina que n\u00e3o estar\u00e1 dispon\u00edvel \u00e9 a BCG, que protege contra a tuberculose, j\u00e1 que ela s\u00f3 pode ser aplicada mediante agendamento.<\/span><\/p>\n<p style=\"text-align: justify;\"><span style=\"font-weight: 400; font-family: arial, helvetica, sans-serif;\">O \u2018Dia D\u2019 de vacina\u00e7\u00e3o acontece junto \u00e0s Campanhas Nacionais de Vacina\u00e7\u00e3o contra a poliomielite e de Multivacina\u00e7\u00e3o, que come\u00e7aram no dia 08 de agosto e seguem at\u00e9 o dia 09 de setembro. O objetivo \u00e9 ampliar a cobertura vacinal de crian\u00e7as menores de 5 anos com a vacina contra a poliomielite, assim como de crian\u00e7as, adolescentes e adultos com as vacinas e refor\u00e7os destinados a essas idades.<\/span><\/p>\n","protected":false},"excerpt":{"rendered":"<p>Voc\u00ea trabalha ou estuda a semana toda e n\u00e3o tem tempo de ir at\u00e9 uma das Unidades B\u00e1sicas de Sa\u00fade para atualizar a sua situa\u00e7\u00e3o vacinal? Agora n\u00e3o tem mais desculpas. As Unidades B\u00e1sicas de Sa\u00fade do munic\u00edpio v\u00e3o participar do \u2018Dia D\u2019 de multivacina\u00e7\u00e3o no pr\u00f3ximo s\u00e1bado, dia 20 de agosto. Todas as UBS [&hellip;]<\/p>\n","protected":false},"author":2,"featured_media":0,"comment_status":"closed","ping_status":"open","sticky":false,"template":"","format":"standard","meta":{"ngg_post_thumbnail":0,"footnotes":""},"categories":[1],"tags":[],"class_list":["post-7250","post","type-post","status-publish","format-standard","hentry","category-principal"],"yoast_head":"<!-- This site is optimized with the Yoast SEO plugin v27.4 - https:\/\/yoast.com\/product\/yoast-seo-wordpress\/ -->\n<title>Unidades B\u00e1sicas de Sa\u00fade de Camb\u00e9 participam do \u2018Dia D\u2019 de multivacina\u00e7\u00e3o - Prefeitura de Camb\u00e9<\/title>\n<meta name=\"robots\" content=\"index, follow, max-snippet:-1, max-image-preview:large, max-video-preview:-1\" \/>\n<link rel=\"canonical\" href=\"https:\/\/www.cambe.pr.gov.br\/index.php\/unidades-basicas-de-saude-de-cambe-participam-do-dia-d-de-multivacinacao\/\" \/>\n<meta property=\"og:locale\" content=\"pt_BR\" \/>\n<meta property=\"og:type\" content=\"article\" \/>\n<meta property=\"og:title\" content=\"Unidades B\u00e1sicas de Sa\u00fade de Camb\u00e9 participam do \u2018Dia D\u2019 de multivacina\u00e7\u00e3o - Prefeitura de Camb\u00e9\" \/>\n<meta property=\"og:description\" content=\"Voc\u00ea trabalha ou estuda a semana toda e n\u00e3o tem tempo de ir at\u00e9 uma das Unidades B\u00e1sicas de Sa\u00fade para atualizar a sua situa\u00e7\u00e3o vacinal? Agora n\u00e3o tem mais desculpas. As Unidades B\u00e1sicas de Sa\u00fade do munic\u00edpio v\u00e3o participar do \u2018Dia D\u2019 de multivacina\u00e7\u00e3o no pr\u00f3ximo s\u00e1bado, dia 20 de agosto. Todas as UBS [&hellip;]\" \/>\n<meta property=\"og:url\" content=\"https:\/\/www.cambe.pr.gov.br\/index.php\/unidades-basicas-de-saude-de-cambe-participam-do-dia-d-de-multivacinacao\/\" \/>\n<meta property=\"og:site_name\" content=\"Prefeitura de Camb\u00e9\" \/>\n<meta property=\"article:publisher\" content=\"https:\/\/m.facebook.com\/prefeituradecambe\" \/>\n<meta property=\"article:published_time\" content=\"2022-08-15T14:04:55+00:00\" \/>\n<meta property=\"article:modified_time\" content=\"2024-10-07T16:01:01+00:00\" \/>\n<meta property=\"og:image\" content=\"http:\/\/www.cambe.pr.gov.br\/wp-content\/uploads\/2022\/04\/IMG_1294-1024x683.jpg\" \/>\n<meta name=\"author\" content=\"Thiago Mossini Balbino dos Santos\" \/>\n<meta name=\"twitter:card\" content=\"summary_large_image\" \/>\n<meta name=\"twitter:label1\" content=\"Escrito por\" \/>\n\t<meta name=\"twitter:data1\" content=\"Thiago Mossini Balbino dos Santos\" \/>\n\t<meta name=\"twitter:label2\" content=\"Est. tempo de leitura\" \/>\n\t<meta name=\"twitter:data2\" content=\"2 minutos\" \/>\n<script type=\"application\/ld+json\" class=\"yoast-schema-graph\">{\"@context\":\"https:\\\/\\\/schema.org\",\"@graph\":[{\"@type\":\"Article\",\"@id\":\"https:\\\/\\\/www.cambe.pr.gov.br\\\/index.php\\\/unidades-basicas-de-saude-de-cambe-participam-do-dia-d-de-multivacinacao\\\/#article\",\"isPartOf\":{\"@id\":\"https:\\\/\\\/www.cambe.pr.gov.br\\\/index.php\\\/unidades-basicas-de-saude-de-cambe-participam-do-dia-d-de-multivacinacao\\\/\"},\"author\":{\"name\":\"Thiago Mossini Balbino dos Santos\",\"@id\":\"https:\\\/\\\/www.cambe.pr.gov.br\\\/#\\\/schema\\\/person\\\/e08f7c43a641b2ec036e4e867ec483e4\"},\"headline\":\"Unidades B\u00e1sicas de Sa\u00fade de Camb\u00e9 participam do \u2018Dia D\u2019 de multivacina\u00e7\u00e3o\",\"datePublished\":\"2022-08-15T14:04:55+00:00\",\"dateModified\":\"2024-10-07T16:01:01+00:00\",\"mainEntityOfPage\":{\"@id\":\"https:\\\/\\\/www.cambe.pr.gov.br\\\/index.php\\\/unidades-basicas-de-saude-de-cambe-participam-do-dia-d-de-multivacinacao\\\/\"},\"wordCount\":383,\"publisher\":{\"@id\":\"https:\\\/\\\/www.cambe.pr.gov.br\\\/#organization\"},\"image\":{\"@id\":\"https:\\\/\\\/www.cambe.pr.gov.br\\\/index.php\\\/unidades-basicas-de-saude-de-cambe-participam-do-dia-d-de-multivacinacao\\\/#primaryimage\"},\"thumbnailUrl\":\"http:\\\/\\\/www.cambe.pr.gov.br\\\/wp-content\\\/uploads\\\/2022\\\/04\\\/IMG_1294-1024x683.jpg\",\"articleSection\":[\"Principal\"],\"inLanguage\":\"pt-BR\"},{\"@type\":\"WebPage\",\"@id\":\"https:\\\/\\\/www.cambe.pr.gov.br\\\/index.php\\\/unidades-basicas-de-saude-de-cambe-participam-do-dia-d-de-multivacinacao\\\/\",\"url\":\"https:\\\/\\\/www.cambe.pr.gov.br\\\/index.php\\\/unidades-basicas-de-saude-de-cambe-participam-do-dia-d-de-multivacinacao\\\/\",\"name\":\"Unidades B\u00e1sicas de Sa\u00fade de Camb\u00e9 participam do \u2018Dia D\u2019 de multivacina\u00e7\u00e3o - Prefeitura de Camb\u00e9\",\"isPartOf\":{\"@id\":\"https:\\\/\\\/www.cambe.pr.gov.br\\\/#website\"},\"primaryImageOfPage\":{\"@id\":\"https:\\\/\\\/www.cambe.pr.gov.br\\\/index.php\\\/unidades-basicas-de-saude-de-cambe-participam-do-dia-d-de-multivacinacao\\\/#primaryimage\"},\"image\":{\"@id\":\"https:\\\/\\\/www.cambe.pr.gov.br\\\/index.php\\\/unidades-basicas-de-saude-de-cambe-participam-do-dia-d-de-multivacinacao\\\/#primaryimage\"},\"thumbnailUrl\":\"http:\\\/\\\/www.cambe.pr.gov.br\\\/wp-content\\\/uploads\\\/2022\\\/04\\\/IMG_1294-1024x683.jpg\",\"datePublished\":\"2022-08-15T14:04:55+00:00\",\"dateModified\":\"2024-10-07T16:01:01+00:00\",\"breadcrumb\":{\"@id\":\"https:\\\/\\\/www.cambe.pr.gov.br\\\/index.php\\\/unidades-basicas-de-saude-de-cambe-participam-do-dia-d-de-multivacinacao\\\/#breadcrumb\"},\"inLanguage\":\"pt-BR\",\"potentialAction\":[{\"@type\":\"ReadAction\",\"target\":[\"https:\\\/\\\/www.cambe.pr.gov.br\\\/index.php\\\/unidades-basicas-de-saude-de-cambe-participam-do-dia-d-de-multivacinacao\\\/\"]}]},{\"@type\":\"ImageObject\",\"inLanguage\":\"pt-BR\",\"@id\":\"https:\\\/\\\/www.cambe.pr.gov.br\\\/index.php\\\/unidades-basicas-de-saude-de-cambe-participam-do-dia-d-de-multivacinacao\\\/#primaryimage\",\"url\":\"http:\\\/\\\/www.cambe.pr.gov.br\\\/wp-content\\\/uploads\\\/2022\\\/04\\\/IMG_1294-1024x683.jpg\",\"contentUrl\":\"http:\\\/\\\/www.cambe.pr.gov.br\\\/wp-content\\\/uploads\\\/2022\\\/04\\\/IMG_1294-1024x683.jpg\"},{\"@type\":\"BreadcrumbList\",\"@id\":\"https:\\\/\\\/www.cambe.pr.gov.br\\\/index.php\\\/unidades-basicas-de-saude-de-cambe-participam-do-dia-d-de-multivacinacao\\\/#breadcrumb\",\"itemListElement\":[{\"@type\":\"ListItem\",\"position\":1,\"name\":\"In\u00edcio\",\"item\":\"https:\\\/\\\/www.cambe.pr.gov.br\\\/\"},{\"@type\":\"ListItem\",\"position\":2,\"name\":\"Unidades B\u00e1sicas de Sa\u00fade de Camb\u00e9 participam do \u2018Dia D\u2019 de multivacina\u00e7\u00e3o\"}]},{\"@type\":\"WebSite\",\"@id\":\"https:\\\/\\\/www.cambe.pr.gov.br\\\/#website\",\"url\":\"https:\\\/\\\/www.cambe.pr.gov.br\\\/\",\"name\":\"Prefeitura de Camb\u00e9\",\"description\":\"UM GOVERNO PARA TODOS\",\"publisher\":{\"@id\":\"https:\\\/\\\/www.cambe.pr.gov.br\\\/#organization\"},\"potentialAction\":[{\"@type\":\"SearchAction\",\"target\":{\"@type\":\"EntryPoint\",\"urlTemplate\":\"https:\\\/\\\/www.cambe.pr.gov.br\\\/?s={search_term_string}\"},\"query-input\":{\"@type\":\"PropertyValueSpecification\",\"valueRequired\":true,\"valueName\":\"search_term_string\"}}],\"inLanguage\":\"pt-BR\"},{\"@type\":\"Organization\",\"@id\":\"https:\\\/\\\/www.cambe.pr.gov.br\\\/#organization\",\"name\":\"Prefeitura de Camb\u00e9\",\"url\":\"https:\\\/\\\/www.cambe.pr.gov.br\\\/\",\"logo\":{\"@type\":\"ImageObject\",\"inLanguage\":\"pt-BR\",\"@id\":\"https:\\\/\\\/www.cambe.pr.gov.br\\\/#\\\/schema\\\/logo\\\/image\\\/\",\"url\":\"https:\\\/\\\/www.cambe.pr.gov.br\\\/wp-content\\\/uploads\\\/2021\\\/01\\\/cropped-cropped-cambe_brazao-icone.png\",\"contentUrl\":\"https:\\\/\\\/www.cambe.pr.gov.br\\\/wp-content\\\/uploads\\\/2021\\\/01\\\/cropped-cropped-cambe_brazao-icone.png\",\"width\":240,\"height\":240,\"caption\":\"Prefeitura de Camb\u00e9\"},\"image\":{\"@id\":\"https:\\\/\\\/www.cambe.pr.gov.br\\\/#\\\/schema\\\/logo\\\/image\\\/\"},\"sameAs\":[\"https:\\\/\\\/m.facebook.com\\\/prefeituradecambe\"]},{\"@type\":\"Person\",\"@id\":\"https:\\\/\\\/www.cambe.pr.gov.br\\\/#\\\/schema\\\/person\\\/e08f7c43a641b2ec036e4e867ec483e4\",\"name\":\"Thiago Mossini Balbino dos Santos\",\"image\":{\"@type\":\"ImageObject\",\"inLanguage\":\"pt-BR\",\"@id\":\"https:\\\/\\\/secure.gravatar.com\\\/avatar\\\/d957ed4e1bc3ebf5769d1003f9709cd2012ebf424eb4a5d76a933fee30e874b6?s=96&d=mm&r=g\",\"url\":\"https:\\\/\\\/secure.gravatar.com\\\/avatar\\\/d957ed4e1bc3ebf5769d1003f9709cd2012ebf424eb4a5d76a933fee30e874b6?s=96&d=mm&r=g\",\"contentUrl\":\"https:\\\/\\\/secure.gravatar.com\\\/avatar\\\/d957ed4e1bc3ebf5769d1003f9709cd2012ebf424eb4a5d76a933fee30e874b6?s=96&d=mm&r=g\",\"caption\":\"Thiago Mossini Balbino dos Santos\"},\"url\":\"https:\\\/\\\/www.cambe.pr.gov.br\\\/index.php\\\/author\\\/tmbsantos\\\/\"}]}<\/script>\n<!-- \/ Yoast SEO plugin. -->","yoast_head_json":{"title":"Unidades B\u00e1sicas de Sa\u00fade de Camb\u00e9 participam do \u2018Dia D\u2019 de multivacina\u00e7\u00e3o - Prefeitura de Camb\u00e9","robots":{"index":"index","follow":"follow","max-snippet":"max-snippet:-1","max-image-preview":"max-image-preview:large","max-video-preview":"max-video-preview:-1"},"canonical":"https:\/\/www.cambe.pr.gov.br\/index.php\/unidades-basicas-de-saude-de-cambe-participam-do-dia-d-de-multivacinacao\/","og_locale":"pt_BR","og_type":"article","og_title":"Unidades B\u00e1sicas de Sa\u00fade de Camb\u00e9 participam do \u2018Dia D\u2019 de multivacina\u00e7\u00e3o - Prefeitura de Camb\u00e9","og_description":"Voc\u00ea trabalha ou estuda a semana toda e n\u00e3o tem tempo de ir at\u00e9 uma das Unidades B\u00e1sicas de Sa\u00fade para atualizar a sua situa\u00e7\u00e3o vacinal? Agora n\u00e3o tem mais desculpas. As Unidades B\u00e1sicas de Sa\u00fade do munic\u00edpio v\u00e3o participar do \u2018Dia D\u2019 de multivacina\u00e7\u00e3o no pr\u00f3ximo s\u00e1bado, dia 20 de agosto. Todas as UBS [&hellip;]","og_url":"https:\/\/www.cambe.pr.gov.br\/index.php\/unidades-basicas-de-saude-de-cambe-participam-do-dia-d-de-multivacinacao\/","og_site_name":"Prefeitura de Camb\u00e9","article_publisher":"https:\/\/m.facebook.com\/prefeituradecambe","article_published_time":"2022-08-15T14:04:55+00:00","article_modified_time":"2024-10-07T16:01:01+00:00","og_image":[{"url":"http:\/\/www.cambe.pr.gov.br\/wp-content\/uploads\/2022\/04\/IMG_1294-1024x683.jpg","type":"","width":"","height":""}],"author":"Thiago Mossini Balbino dos Santos","twitter_card":"summary_large_image","twitter_misc":{"Escrito por":"Thiago Mossini Balbino dos Santos","Est. tempo de leitura":"2 minutos"},"schema":{"@context":"https:\/\/schema.org","@graph":[{"@type":"Article","@id":"https:\/\/www.cambe.pr.gov.br\/index.php\/unidades-basicas-de-saude-de-cambe-participam-do-dia-d-de-multivacinacao\/#article","isPartOf":{"@id":"https:\/\/www.cambe.pr.gov.br\/index.php\/unidades-basicas-de-saude-de-cambe-participam-do-dia-d-de-multivacinacao\/"},"author":{"name":"Thiago Mossini Balbino dos Santos","@id":"https:\/\/www.cambe.pr.gov.br\/#\/schema\/person\/e08f7c43a641b2ec036e4e867ec483e4"},"headline":"Unidades B\u00e1sicas de Sa\u00fade de Camb\u00e9 participam do \u2018Dia D\u2019 de multivacina\u00e7\u00e3o","datePublished":"2022-08-15T14:04:55+00:00","dateModified":"2024-10-07T16:01:01+00:00","mainEntityOfPage":{"@id":"https:\/\/www.cambe.pr.gov.br\/index.php\/unidades-basicas-de-saude-de-cambe-participam-do-dia-d-de-multivacinacao\/"},"wordCount":383,"publisher":{"@id":"https:\/\/www.cambe.pr.gov.br\/#organization"},"image":{"@id":"https:\/\/www.cambe.pr.gov.br\/index.php\/unidades-basicas-de-saude-de-cambe-participam-do-dia-d-de-multivacinacao\/#primaryimage"},"thumbnailUrl":"http:\/\/www.cambe.pr.gov.br\/wp-content\/uploads\/2022\/04\/IMG_1294-1024x683.jpg","articleSection":["Principal"],"inLanguage":"pt-BR"},{"@type":"WebPage","@id":"https:\/\/www.cambe.pr.gov.br\/index.php\/unidades-basicas-de-saude-de-cambe-participam-do-dia-d-de-multivacinacao\/","url":"https:\/\/www.cambe.pr.gov.br\/index.php\/unidades-basicas-de-saude-de-cambe-participam-do-dia-d-de-multivacinacao\/","name":"Unidades B\u00e1sicas de Sa\u00fade de Camb\u00e9 participam do \u2018Dia D\u2019 de multivacina\u00e7\u00e3o - Prefeitura de Camb\u00e9","isPartOf":{"@id":"https:\/\/www.cambe.pr.gov.br\/#website"},"primaryImageOfPage":{"@id":"https:\/\/www.cambe.pr.gov.br\/index.php\/unidades-basicas-de-saude-de-cambe-participam-do-dia-d-de-multivacinacao\/#primaryimage"},"image":{"@id":"https:\/\/www.cambe.pr.gov.br\/index.php\/unidades-basicas-de-saude-de-cambe-participam-do-dia-d-de-multivacinacao\/#primaryimage"},"thumbnailUrl":"http:\/\/www.cambe.pr.gov.br\/wp-content\/uploads\/2022\/04\/IMG_1294-1024x683.jpg","datePublished":"2022-08-15T14:04:55+00:00","dateModified":"2024-10-07T16:01:01+00:00","breadcrumb":{"@id":"https:\/\/www.cambe.pr.gov.br\/index.php\/unidades-basicas-de-saude-de-cambe-participam-do-dia-d-de-multivacinacao\/#breadcrumb"},"inLanguage":"pt-BR","potentialAction":[{"@type":"ReadAction","target":["https:\/\/www.cambe.pr.gov.br\/index.php\/unidades-basicas-de-saude-de-cambe-participam-do-dia-d-de-multivacinacao\/"]}]},{"@type":"ImageObject","inLanguage":"pt-BR","@id":"https:\/\/www.cambe.pr.gov.br\/index.php\/unidades-basicas-de-saude-de-cambe-participam-do-dia-d-de-multivacinacao\/#primaryimage","url":"http:\/\/www.cambe.pr.gov.br\/wp-content\/uploads\/2022\/04\/IMG_1294-1024x683.jpg","contentUrl":"http:\/\/www.cambe.pr.gov.br\/wp-content\/uploads\/2022\/04\/IMG_1294-1024x683.jpg"},{"@type":"BreadcrumbList","@id":"https:\/\/www.cambe.pr.gov.br\/index.php\/unidades-basicas-de-saude-de-cambe-participam-do-dia-d-de-multivacinacao\/#breadcrumb","itemListElement":[{"@type":"ListItem","position":1,"name":"In\u00edcio","item":"https:\/\/www.cambe.pr.gov.br\/"},{"@type":"ListItem","position":2,"name":"Unidades B\u00e1sicas de Sa\u00fade de Camb\u00e9 participam do \u2018Dia D\u2019 de multivacina\u00e7\u00e3o"}]},{"@type":"WebSite","@id":"https:\/\/www.cambe.pr.gov.br\/#website","url":"https:\/\/www.cambe.pr.gov.br\/","name":"Prefeitura de Camb\u00e9","description":"UM GOVERNO PARA TODOS","publisher":{"@id":"https:\/\/www.cambe.pr.gov.br\/#organization"},"potentialAction":[{"@type":"SearchAction","target":{"@type":"EntryPoint","urlTemplate":"https:\/\/www.cambe.pr.gov.br\/?s={search_term_string}"},"query-input":{"@type":"PropertyValueSpecification","valueRequired":true,"valueName":"search_term_string"}}],"inLanguage":"pt-BR"},{"@type":"Organization","@id":"https:\/\/www.cambe.pr.gov.br\/#organization","name":"Prefeitura de Camb\u00e9","url":"https:\/\/www.cambe.pr.gov.br\/","logo":{"@type":"ImageObject","inLanguage":"pt-BR","@id":"https:\/\/www.cambe.pr.gov.br\/#\/schema\/logo\/image\/","url":"https:\/\/www.cambe.pr.gov.br\/wp-content\/uploads\/2021\/01\/cropped-cropped-cambe_brazao-icone.png","contentUrl":"https:\/\/www.cambe.pr.gov.br\/wp-content\/uploads\/2021\/01\/cropped-cropped-cambe_brazao-icone.png","width":240,"height":240,"caption":"Prefeitura de Camb\u00e9"},"image":{"@id":"https:\/\/www.cambe.pr.gov.br\/#\/schema\/logo\/image\/"},"sameAs":["https:\/\/m.facebook.com\/prefeituradecambe"]},{"@type":"Person","@id":"https:\/\/www.cambe.pr.gov.br\/#\/schema\/person\/e08f7c43a641b2ec036e4e867ec483e4","name":"Thiago Mossini Balbino dos Santos","image":{"@type":"ImageObject","inLanguage":"pt-BR","@id":"https:\/\/secure.gravatar.com\/avatar\/d957ed4e1bc3ebf5769d1003f9709cd2012ebf424eb4a5d76a933fee30e874b6?s=96&d=mm&r=g","url":"https:\/\/secure.gravatar.com\/avatar\/d957ed4e1bc3ebf5769d1003f9709cd2012ebf424eb4a5d76a933fee30e874b6?s=96&d=mm&r=g","contentUrl":"https:\/\/secure.gravatar.com\/avatar\/d957ed4e1bc3ebf5769d1003f9709cd2012ebf424eb4a5d76a933fee30e874b6?s=96&d=mm&r=g","caption":"Thiago Mossini Balbino dos Santos"},"url":"https:\/\/www.cambe.pr.gov.br\/index.php\/author\/tmbsantos\/"}]}},"_links":{"self":[{"href":"https:\/\/www.cambe.pr.gov.br\/index.php\/wp-json\/wp\/v2\/posts\/7250","targetHints":{"allow":["GET"]}}],"collection":[{"href":"https:\/\/www.cambe.pr.gov.br\/index.php\/wp-json\/wp\/v2\/posts"}],"about":[{"href":"https:\/\/www.cambe.pr.gov.br\/index.php\/wp-json\/wp\/v2\/types\/post"}],"author":[{"embeddable":true,"href":"https:\/\/www.cambe.pr.gov.br\/index.php\/wp-json\/wp\/v2\/users\/2"}],"replies":[{"embeddable":true,"href":"https:\/\/www.cambe.pr.gov.br\/index.php\/wp-json\/wp\/v2\/comments?post=7250"}],"version-history":[{"count":6,"href":"https:\/\/www.cambe.pr.gov.br\/index.php\/wp-json\/wp\/v2\/posts\/7250\/revisions"}],"predecessor-version":[{"id":7318,"href":"https:\/\/www.cambe.pr.gov.br\/index.php\/wp-json\/wp\/v2\/posts\/7250\/revisions\/7318"}],"wp:attachment":[{"href":"https:\/\/www.cambe.pr.gov.br\/index.php\/wp-json\/wp\/v2\/media?parent=7250"}],"wp:term":[{"taxonomy":"category","embeddable":true,"href":"https:\/\/www.cambe.pr.gov.br\/index.php\/wp-json\/wp\/v2\/categories?post=7250"},{"taxonomy":"post_tag","embeddable":true,"href":"https:\/\/www.cambe.pr.gov.br\/index.php\/wp-json\/wp\/v2\/tags?post=7250"}],"curies":[{"name":"wp","href":"https:\/\/api.w.org\/{rel}","templated":true}]}}