{"id":7242,"date":"2022-08-15T11:50:02","date_gmt":"2022-08-15T14:50:02","guid":{"rendered":"http:\/\/www.cambe.pr.gov.br\/?p=7242"},"modified":"2024-10-07T13:01:01","modified_gmt":"2024-10-07T16:01:01","slug":"saude-bucal-orienta-alunos-e-professores-das-escolas-estaduais-do-municipio-sobre-traumas-dentarios","status":"publish","type":"post","link":"https:\/\/www.cambe.pr.gov.br\/index.php\/saude-bucal-orienta-alunos-e-professores-das-escolas-estaduais-do-municipio-sobre-traumas-dentarios\/","title":{"rendered":"Sa\u00fade Bucal orienta alunos e professores das escolas estaduais do munic\u00edpio sobre traumas dent\u00e1rios"},"content":{"rendered":"<p style=\"text-align: justify;\"><span style=\"font-weight: 400; font-family: arial, helvetica, sans-serif;\"><img fetchpriority=\"high\" decoding=\"async\" class=\"size-large wp-image-6074 alignleft\" src=\"https:\/\/www.cambe.pr.gov.br\/wp-content\/uploads\/2022\/05\/DSC_0095-1024x678.jpg\" alt=\"\" width=\"610\" height=\"404\" srcset=\"https:\/\/www.cambe.pr.gov.br\/wp-content\/uploads\/2022\/05\/DSC_0095-1024x678.jpg 1024w, https:\/\/www.cambe.pr.gov.br\/wp-content\/uploads\/2022\/05\/DSC_0095-300x199.jpg 300w, https:\/\/www.cambe.pr.gov.br\/wp-content\/uploads\/2022\/05\/DSC_0095-768x509.jpg 768w, https:\/\/www.cambe.pr.gov.br\/wp-content\/uploads\/2022\/05\/DSC_0095-1536x1017.jpg 1536w, https:\/\/www.cambe.pr.gov.br\/wp-content\/uploads\/2022\/05\/DSC_0095-2048x1356.jpg 2048w\" sizes=\"(max-width: 610px) 100vw, 610px\" \/>Estar com os dentes saud\u00e1veis e bonitos \u00e9 fundamental, j\u00e1 que isso auxilia na autoestima das pessoas e ajuda a evitar problemas futuros. Por conta disso, a Divis\u00e3o de Sa\u00fade Bucal da Secretaria de Sa\u00fade de Camb\u00e9 est\u00e1 empenhada em orientar estudantes e professores das escolas estaduais do munic\u00edpio a respeito dos traumas dent\u00e1rios e de como agir em situa\u00e7\u00f5es como essa. A a\u00e7\u00e3o \u00e9 chamada de \u201cSOS: trauma dental\u201d e vai come\u00e7ar no dia 17 de agosto, a partir das 8h, para alunos e professores da Escola Estadual Dom Geraldo Fernandes, no Jardim Silvino.<\/span><\/p>\n<p style=\"text-align: justify;\"><span style=\"font-weight: 400; font-family: arial, helvetica, sans-serif;\">Priscila Mamprin Casaroto, dentista e respons\u00e1vel pela Divis\u00e3o de Sa\u00fade Bucal, explica que os traumas dent\u00e1rios s\u00e3o fraturas que acontecem nos dentes, causadas na maioria das vezes por impactos que afetam as estruturas dent\u00e1rias, como acidentes e batidas. Segundo ela, vai ser ministrada uma palestra para os alunos e professores da escola sobre a tem\u00e1tica, instruindo sobre o que fazer e como fazer esse primeiro atendimento em casos de trauma dent\u00e1rio. Mamprin destaca que \u00e9 essencial guardar o fragmento ou o dente inteiro dentro de um frasco com soro fisiol\u00f3gico, mas faz um alerta: \u201cn\u00e3o se deve tocar na raiz do dente, apenas na coroa\u201d. Tamb\u00e9m segundo a dentista, \u00e9 importante buscar atendimento o mais r\u00e1pido poss\u00edvel, j\u00e1 que o tempo de espera pode agravar e dificultar o tratamento.\u00a0 <\/span><\/p>\n<p style=\"text-align: justify;\"><span style=\"font-weight: 400; font-family: arial, helvetica, sans-serif;\">De acordo com ela, os traumas dent\u00e1rios podem fazer com que fragmentos ou dentes inteiros se soltem do osso da boca. Tamb\u00e9m segundo ela, foi constatado que esses traumas nos dentes ocorrem com alta frequ\u00eancia em escolas. Mamprin esclarece que nessa idade os alunos s\u00e3o mais ativos durante as aulas de educa\u00e7\u00e3o f\u00edsica, assim como costumam correr e brincar durante os intervalos. \u201cAs crian\u00e7as geralmente brincam em grupos, o que aumenta as chances de que impactos e batidas entre eles aconte\u00e7am\u201d, ressalta.\u00a0<\/span><\/p>\n<p style=\"text-align: justify;\"><span style=\"font-weight: 400; font-family: arial, helvetica, sans-serif;\">A dentista destaca que no \u00faltimo levantamento realizado pela Secretaria de Sa\u00fade, em 2018, com crian\u00e7as de 12 anos matriculadas nas escolas da cidade, quase 7% delas apresentaram algum tipo de trauma nos dentes da frente &#8211; tanto superiores quanto inferiores-, desde pequenas fraturas at\u00e9 casos mais complexos. \u201cPor isso que desenvolvemos essa a\u00e7\u00e3o focada em alunos pr\u00f3ximos dessa idade, al\u00e9m de que a maioria deles j\u00e1 fez a troca da denti\u00e7\u00e3o de leite para os permanentes\u201d, explica.\u00a0<\/span><\/p>\n<p style=\"text-align: justify;\"><span style=\"font-family: arial, helvetica, sans-serif;\"><span style=\"font-weight: 400;\">Priscila Mamprin pontua que a institui\u00e7\u00e3o vai receber um <\/span><i><span style=\"font-weight: 400;\">kit<\/span><\/i><span style=\"font-weight: 400;\"> de trauma dental, contendo um frasco apropriado para o armazenamento de um fragmento ou do dente inteiro, soro fisiol\u00f3gico, luvas e gaze. Al\u00e9m disso, todos os alunos v\u00e3o ganhar um <\/span><i><span style=\"font-weight: 400;\">kit<\/span><\/i><span style=\"font-weight: 400;\"> com <\/span><i><span style=\"font-weight: 400;\">folders<\/span><\/i><span style=\"font-weight: 400;\"> informativos e uma escova de dente. \u201c\u00c9 muito importante levar essas informa\u00e7\u00f5es sobre os cuidados e como proceder em casos de trauma dental, que costuma assustar bastante a v\u00edtima e quem est\u00e1 pr\u00f3ximo\u201d, finaliza. Durante o m\u00eas de agosto, a expectativa \u00e9 de atender outras escolas estaduais do munic\u00edpio com a a\u00e7\u00e3o \u201cSOS: trauma dental\u201d. <\/span><\/span><\/p>\n","protected":false},"excerpt":{"rendered":"<p>Estar com os dentes saud\u00e1veis e bonitos \u00e9 fundamental, j\u00e1 que isso auxilia na autoestima das pessoas e ajuda a evitar problemas futuros. Por conta disso, a Divis\u00e3o de Sa\u00fade Bucal da Secretaria de Sa\u00fade de Camb\u00e9 est\u00e1 empenhada em orientar estudantes e professores das escolas estaduais do munic\u00edpio a respeito dos traumas dent\u00e1rios e [&hellip;]<\/p>\n","protected":false},"author":2,"featured_media":0,"comment_status":"closed","ping_status":"open","sticky":false,"template":"","format":"standard","meta":{"ngg_post_thumbnail":0,"footnotes":""},"categories":[1],"tags":[],"class_list":["post-7242","post","type-post","status-publish","format-standard","hentry","category-principal"],"yoast_head":"<!-- This site is optimized with the Yoast SEO plugin v27.4 - https:\/\/yoast.com\/product\/yoast-seo-wordpress\/ -->\n<title>Sa\u00fade Bucal orienta alunos e professores das escolas estaduais do munic\u00edpio sobre traumas dent\u00e1rios - Prefeitura de Camb\u00e9<\/title>\n<meta name=\"robots\" content=\"index, follow, max-snippet:-1, max-image-preview:large, max-video-preview:-1\" \/>\n<link rel=\"canonical\" href=\"https:\/\/www.cambe.pr.gov.br\/index.php\/saude-bucal-orienta-alunos-e-professores-das-escolas-estaduais-do-municipio-sobre-traumas-dentarios\/\" \/>\n<meta property=\"og:locale\" content=\"pt_BR\" \/>\n<meta property=\"og:type\" content=\"article\" \/>\n<meta property=\"og:title\" content=\"Sa\u00fade Bucal orienta alunos e professores das escolas estaduais do munic\u00edpio sobre traumas dent\u00e1rios - Prefeitura de Camb\u00e9\" \/>\n<meta property=\"og:description\" content=\"Estar com os dentes saud\u00e1veis e bonitos \u00e9 fundamental, j\u00e1 que isso auxilia na autoestima das pessoas e ajuda a evitar problemas futuros. Por conta disso, a Divis\u00e3o de Sa\u00fade Bucal da Secretaria de Sa\u00fade de Camb\u00e9 est\u00e1 empenhada em orientar estudantes e professores das escolas estaduais do munic\u00edpio a respeito dos traumas dent\u00e1rios e [&hellip;]\" \/>\n<meta property=\"og:url\" content=\"https:\/\/www.cambe.pr.gov.br\/index.php\/saude-bucal-orienta-alunos-e-professores-das-escolas-estaduais-do-municipio-sobre-traumas-dentarios\/\" \/>\n<meta property=\"og:site_name\" content=\"Prefeitura de Camb\u00e9\" \/>\n<meta property=\"article:publisher\" content=\"https:\/\/m.facebook.com\/prefeituradecambe\" \/>\n<meta property=\"article:published_time\" content=\"2022-08-15T14:50:02+00:00\" \/>\n<meta property=\"article:modified_time\" content=\"2024-10-07T16:01:01+00:00\" \/>\n<meta property=\"og:image\" content=\"http:\/\/www.cambe.pr.gov.br\/wp-content\/uploads\/2022\/05\/DSC_0095-1024x678.jpg\" \/>\n<meta name=\"author\" content=\"Thiago Mossini Balbino dos Santos\" \/>\n<meta name=\"twitter:card\" content=\"summary_large_image\" \/>\n<meta name=\"twitter:label1\" content=\"Escrito por\" \/>\n\t<meta name=\"twitter:data1\" content=\"Thiago Mossini Balbino dos Santos\" \/>\n\t<meta name=\"twitter:label2\" content=\"Est. tempo de leitura\" \/>\n\t<meta name=\"twitter:data2\" content=\"3 minutos\" \/>\n<script type=\"application\/ld+json\" class=\"yoast-schema-graph\">{\"@context\":\"https:\\\/\\\/schema.org\",\"@graph\":[{\"@type\":\"Article\",\"@id\":\"https:\\\/\\\/www.cambe.pr.gov.br\\\/index.php\\\/saude-bucal-orienta-alunos-e-professores-das-escolas-estaduais-do-municipio-sobre-traumas-dentarios\\\/#article\",\"isPartOf\":{\"@id\":\"https:\\\/\\\/www.cambe.pr.gov.br\\\/index.php\\\/saude-bucal-orienta-alunos-e-professores-das-escolas-estaduais-do-municipio-sobre-traumas-dentarios\\\/\"},\"author\":{\"name\":\"Thiago Mossini Balbino dos Santos\",\"@id\":\"https:\\\/\\\/www.cambe.pr.gov.br\\\/#\\\/schema\\\/person\\\/e08f7c43a641b2ec036e4e867ec483e4\"},\"headline\":\"Sa\u00fade Bucal orienta alunos e professores das escolas estaduais do munic\u00edpio sobre traumas dent\u00e1rios\",\"datePublished\":\"2022-08-15T14:50:02+00:00\",\"dateModified\":\"2024-10-07T16:01:01+00:00\",\"mainEntityOfPage\":{\"@id\":\"https:\\\/\\\/www.cambe.pr.gov.br\\\/index.php\\\/saude-bucal-orienta-alunos-e-professores-das-escolas-estaduais-do-municipio-sobre-traumas-dentarios\\\/\"},\"wordCount\":535,\"publisher\":{\"@id\":\"https:\\\/\\\/www.cambe.pr.gov.br\\\/#organization\"},\"image\":{\"@id\":\"https:\\\/\\\/www.cambe.pr.gov.br\\\/index.php\\\/saude-bucal-orienta-alunos-e-professores-das-escolas-estaduais-do-municipio-sobre-traumas-dentarios\\\/#primaryimage\"},\"thumbnailUrl\":\"http:\\\/\\\/www.cambe.pr.gov.br\\\/wp-content\\\/uploads\\\/2022\\\/05\\\/DSC_0095-1024x678.jpg\",\"articleSection\":[\"Principal\"],\"inLanguage\":\"pt-BR\"},{\"@type\":\"WebPage\",\"@id\":\"https:\\\/\\\/www.cambe.pr.gov.br\\\/index.php\\\/saude-bucal-orienta-alunos-e-professores-das-escolas-estaduais-do-municipio-sobre-traumas-dentarios\\\/\",\"url\":\"https:\\\/\\\/www.cambe.pr.gov.br\\\/index.php\\\/saude-bucal-orienta-alunos-e-professores-das-escolas-estaduais-do-municipio-sobre-traumas-dentarios\\\/\",\"name\":\"Sa\u00fade Bucal orienta alunos e professores das escolas estaduais do munic\u00edpio sobre traumas dent\u00e1rios - Prefeitura de Camb\u00e9\",\"isPartOf\":{\"@id\":\"https:\\\/\\\/www.cambe.pr.gov.br\\\/#website\"},\"primaryImageOfPage\":{\"@id\":\"https:\\\/\\\/www.cambe.pr.gov.br\\\/index.php\\\/saude-bucal-orienta-alunos-e-professores-das-escolas-estaduais-do-municipio-sobre-traumas-dentarios\\\/#primaryimage\"},\"image\":{\"@id\":\"https:\\\/\\\/www.cambe.pr.gov.br\\\/index.php\\\/saude-bucal-orienta-alunos-e-professores-das-escolas-estaduais-do-municipio-sobre-traumas-dentarios\\\/#primaryimage\"},\"thumbnailUrl\":\"http:\\\/\\\/www.cambe.pr.gov.br\\\/wp-content\\\/uploads\\\/2022\\\/05\\\/DSC_0095-1024x678.jpg\",\"datePublished\":\"2022-08-15T14:50:02+00:00\",\"dateModified\":\"2024-10-07T16:01:01+00:00\",\"breadcrumb\":{\"@id\":\"https:\\\/\\\/www.cambe.pr.gov.br\\\/index.php\\\/saude-bucal-orienta-alunos-e-professores-das-escolas-estaduais-do-municipio-sobre-traumas-dentarios\\\/#breadcrumb\"},\"inLanguage\":\"pt-BR\",\"potentialAction\":[{\"@type\":\"ReadAction\",\"target\":[\"https:\\\/\\\/www.cambe.pr.gov.br\\\/index.php\\\/saude-bucal-orienta-alunos-e-professores-das-escolas-estaduais-do-municipio-sobre-traumas-dentarios\\\/\"]}]},{\"@type\":\"ImageObject\",\"inLanguage\":\"pt-BR\",\"@id\":\"https:\\\/\\\/www.cambe.pr.gov.br\\\/index.php\\\/saude-bucal-orienta-alunos-e-professores-das-escolas-estaduais-do-municipio-sobre-traumas-dentarios\\\/#primaryimage\",\"url\":\"http:\\\/\\\/www.cambe.pr.gov.br\\\/wp-content\\\/uploads\\\/2022\\\/05\\\/DSC_0095-1024x678.jpg\",\"contentUrl\":\"http:\\\/\\\/www.cambe.pr.gov.br\\\/wp-content\\\/uploads\\\/2022\\\/05\\\/DSC_0095-1024x678.jpg\"},{\"@type\":\"BreadcrumbList\",\"@id\":\"https:\\\/\\\/www.cambe.pr.gov.br\\\/index.php\\\/saude-bucal-orienta-alunos-e-professores-das-escolas-estaduais-do-municipio-sobre-traumas-dentarios\\\/#breadcrumb\",\"itemListElement\":[{\"@type\":\"ListItem\",\"position\":1,\"name\":\"In\u00edcio\",\"item\":\"https:\\\/\\\/www.cambe.pr.gov.br\\\/\"},{\"@type\":\"ListItem\",\"position\":2,\"name\":\"Sa\u00fade Bucal orienta alunos e professores das escolas estaduais do munic\u00edpio sobre traumas dent\u00e1rios\"}]},{\"@type\":\"WebSite\",\"@id\":\"https:\\\/\\\/www.cambe.pr.gov.br\\\/#website\",\"url\":\"https:\\\/\\\/www.cambe.pr.gov.br\\\/\",\"name\":\"Prefeitura de Camb\u00e9\",\"description\":\"UM GOVERNO PARA TODOS\",\"publisher\":{\"@id\":\"https:\\\/\\\/www.cambe.pr.gov.br\\\/#organization\"},\"potentialAction\":[{\"@type\":\"SearchAction\",\"target\":{\"@type\":\"EntryPoint\",\"urlTemplate\":\"https:\\\/\\\/www.cambe.pr.gov.br\\\/?s={search_term_string}\"},\"query-input\":{\"@type\":\"PropertyValueSpecification\",\"valueRequired\":true,\"valueName\":\"search_term_string\"}}],\"inLanguage\":\"pt-BR\"},{\"@type\":\"Organization\",\"@id\":\"https:\\\/\\\/www.cambe.pr.gov.br\\\/#organization\",\"name\":\"Prefeitura de Camb\u00e9\",\"url\":\"https:\\\/\\\/www.cambe.pr.gov.br\\\/\",\"logo\":{\"@type\":\"ImageObject\",\"inLanguage\":\"pt-BR\",\"@id\":\"https:\\\/\\\/www.cambe.pr.gov.br\\\/#\\\/schema\\\/logo\\\/image\\\/\",\"url\":\"https:\\\/\\\/www.cambe.pr.gov.br\\\/wp-content\\\/uploads\\\/2021\\\/01\\\/cropped-cropped-cambe_brazao-icone.png\",\"contentUrl\":\"https:\\\/\\\/www.cambe.pr.gov.br\\\/wp-content\\\/uploads\\\/2021\\\/01\\\/cropped-cropped-cambe_brazao-icone.png\",\"width\":240,\"height\":240,\"caption\":\"Prefeitura de Camb\u00e9\"},\"image\":{\"@id\":\"https:\\\/\\\/www.cambe.pr.gov.br\\\/#\\\/schema\\\/logo\\\/image\\\/\"},\"sameAs\":[\"https:\\\/\\\/m.facebook.com\\\/prefeituradecambe\"]},{\"@type\":\"Person\",\"@id\":\"https:\\\/\\\/www.cambe.pr.gov.br\\\/#\\\/schema\\\/person\\\/e08f7c43a641b2ec036e4e867ec483e4\",\"name\":\"Thiago Mossini Balbino dos Santos\",\"image\":{\"@type\":\"ImageObject\",\"inLanguage\":\"pt-BR\",\"@id\":\"https:\\\/\\\/secure.gravatar.com\\\/avatar\\\/d957ed4e1bc3ebf5769d1003f9709cd2012ebf424eb4a5d76a933fee30e874b6?s=96&d=mm&r=g\",\"url\":\"https:\\\/\\\/secure.gravatar.com\\\/avatar\\\/d957ed4e1bc3ebf5769d1003f9709cd2012ebf424eb4a5d76a933fee30e874b6?s=96&d=mm&r=g\",\"contentUrl\":\"https:\\\/\\\/secure.gravatar.com\\\/avatar\\\/d957ed4e1bc3ebf5769d1003f9709cd2012ebf424eb4a5d76a933fee30e874b6?s=96&d=mm&r=g\",\"caption\":\"Thiago Mossini Balbino dos Santos\"},\"url\":\"https:\\\/\\\/www.cambe.pr.gov.br\\\/index.php\\\/author\\\/tmbsantos\\\/\"}]}<\/script>\n<!-- \/ Yoast SEO plugin. -->","yoast_head_json":{"title":"Sa\u00fade Bucal orienta alunos e professores das escolas estaduais do munic\u00edpio sobre traumas dent\u00e1rios - Prefeitura de Camb\u00e9","robots":{"index":"index","follow":"follow","max-snippet":"max-snippet:-1","max-image-preview":"max-image-preview:large","max-video-preview":"max-video-preview:-1"},"canonical":"https:\/\/www.cambe.pr.gov.br\/index.php\/saude-bucal-orienta-alunos-e-professores-das-escolas-estaduais-do-municipio-sobre-traumas-dentarios\/","og_locale":"pt_BR","og_type":"article","og_title":"Sa\u00fade Bucal orienta alunos e professores das escolas estaduais do munic\u00edpio sobre traumas dent\u00e1rios - Prefeitura de Camb\u00e9","og_description":"Estar com os dentes saud\u00e1veis e bonitos \u00e9 fundamental, j\u00e1 que isso auxilia na autoestima das pessoas e ajuda a evitar problemas futuros. Por conta disso, a Divis\u00e3o de Sa\u00fade Bucal da Secretaria de Sa\u00fade de Camb\u00e9 est\u00e1 empenhada em orientar estudantes e professores das escolas estaduais do munic\u00edpio a respeito dos traumas dent\u00e1rios e [&hellip;]","og_url":"https:\/\/www.cambe.pr.gov.br\/index.php\/saude-bucal-orienta-alunos-e-professores-das-escolas-estaduais-do-municipio-sobre-traumas-dentarios\/","og_site_name":"Prefeitura de Camb\u00e9","article_publisher":"https:\/\/m.facebook.com\/prefeituradecambe","article_published_time":"2022-08-15T14:50:02+00:00","article_modified_time":"2024-10-07T16:01:01+00:00","og_image":[{"url":"http:\/\/www.cambe.pr.gov.br\/wp-content\/uploads\/2022\/05\/DSC_0095-1024x678.jpg","type":"","width":"","height":""}],"author":"Thiago Mossini Balbino dos Santos","twitter_card":"summary_large_image","twitter_misc":{"Escrito por":"Thiago Mossini Balbino dos Santos","Est. tempo de leitura":"3 minutos"},"schema":{"@context":"https:\/\/schema.org","@graph":[{"@type":"Article","@id":"https:\/\/www.cambe.pr.gov.br\/index.php\/saude-bucal-orienta-alunos-e-professores-das-escolas-estaduais-do-municipio-sobre-traumas-dentarios\/#article","isPartOf":{"@id":"https:\/\/www.cambe.pr.gov.br\/index.php\/saude-bucal-orienta-alunos-e-professores-das-escolas-estaduais-do-municipio-sobre-traumas-dentarios\/"},"author":{"name":"Thiago Mossini Balbino dos Santos","@id":"https:\/\/www.cambe.pr.gov.br\/#\/schema\/person\/e08f7c43a641b2ec036e4e867ec483e4"},"headline":"Sa\u00fade Bucal orienta alunos e professores das escolas estaduais do munic\u00edpio sobre traumas dent\u00e1rios","datePublished":"2022-08-15T14:50:02+00:00","dateModified":"2024-10-07T16:01:01+00:00","mainEntityOfPage":{"@id":"https:\/\/www.cambe.pr.gov.br\/index.php\/saude-bucal-orienta-alunos-e-professores-das-escolas-estaduais-do-municipio-sobre-traumas-dentarios\/"},"wordCount":535,"publisher":{"@id":"https:\/\/www.cambe.pr.gov.br\/#organization"},"image":{"@id":"https:\/\/www.cambe.pr.gov.br\/index.php\/saude-bucal-orienta-alunos-e-professores-das-escolas-estaduais-do-municipio-sobre-traumas-dentarios\/#primaryimage"},"thumbnailUrl":"http:\/\/www.cambe.pr.gov.br\/wp-content\/uploads\/2022\/05\/DSC_0095-1024x678.jpg","articleSection":["Principal"],"inLanguage":"pt-BR"},{"@type":"WebPage","@id":"https:\/\/www.cambe.pr.gov.br\/index.php\/saude-bucal-orienta-alunos-e-professores-das-escolas-estaduais-do-municipio-sobre-traumas-dentarios\/","url":"https:\/\/www.cambe.pr.gov.br\/index.php\/saude-bucal-orienta-alunos-e-professores-das-escolas-estaduais-do-municipio-sobre-traumas-dentarios\/","name":"Sa\u00fade Bucal orienta alunos e professores das escolas estaduais do munic\u00edpio sobre traumas dent\u00e1rios - Prefeitura de Camb\u00e9","isPartOf":{"@id":"https:\/\/www.cambe.pr.gov.br\/#website"},"primaryImageOfPage":{"@id":"https:\/\/www.cambe.pr.gov.br\/index.php\/saude-bucal-orienta-alunos-e-professores-das-escolas-estaduais-do-municipio-sobre-traumas-dentarios\/#primaryimage"},"image":{"@id":"https:\/\/www.cambe.pr.gov.br\/index.php\/saude-bucal-orienta-alunos-e-professores-das-escolas-estaduais-do-municipio-sobre-traumas-dentarios\/#primaryimage"},"thumbnailUrl":"http:\/\/www.cambe.pr.gov.br\/wp-content\/uploads\/2022\/05\/DSC_0095-1024x678.jpg","datePublished":"2022-08-15T14:50:02+00:00","dateModified":"2024-10-07T16:01:01+00:00","breadcrumb":{"@id":"https:\/\/www.cambe.pr.gov.br\/index.php\/saude-bucal-orienta-alunos-e-professores-das-escolas-estaduais-do-municipio-sobre-traumas-dentarios\/#breadcrumb"},"inLanguage":"pt-BR","potentialAction":[{"@type":"ReadAction","target":["https:\/\/www.cambe.pr.gov.br\/index.php\/saude-bucal-orienta-alunos-e-professores-das-escolas-estaduais-do-municipio-sobre-traumas-dentarios\/"]}]},{"@type":"ImageObject","inLanguage":"pt-BR","@id":"https:\/\/www.cambe.pr.gov.br\/index.php\/saude-bucal-orienta-alunos-e-professores-das-escolas-estaduais-do-municipio-sobre-traumas-dentarios\/#primaryimage","url":"http:\/\/www.cambe.pr.gov.br\/wp-content\/uploads\/2022\/05\/DSC_0095-1024x678.jpg","contentUrl":"http:\/\/www.cambe.pr.gov.br\/wp-content\/uploads\/2022\/05\/DSC_0095-1024x678.jpg"},{"@type":"BreadcrumbList","@id":"https:\/\/www.cambe.pr.gov.br\/index.php\/saude-bucal-orienta-alunos-e-professores-das-escolas-estaduais-do-municipio-sobre-traumas-dentarios\/#breadcrumb","itemListElement":[{"@type":"ListItem","position":1,"name":"In\u00edcio","item":"https:\/\/www.cambe.pr.gov.br\/"},{"@type":"ListItem","position":2,"name":"Sa\u00fade Bucal orienta alunos e professores das escolas estaduais do munic\u00edpio sobre traumas dent\u00e1rios"}]},{"@type":"WebSite","@id":"https:\/\/www.cambe.pr.gov.br\/#website","url":"https:\/\/www.cambe.pr.gov.br\/","name":"Prefeitura de Camb\u00e9","description":"UM GOVERNO PARA TODOS","publisher":{"@id":"https:\/\/www.cambe.pr.gov.br\/#organization"},"potentialAction":[{"@type":"SearchAction","target":{"@type":"EntryPoint","urlTemplate":"https:\/\/www.cambe.pr.gov.br\/?s={search_term_string}"},"query-input":{"@type":"PropertyValueSpecification","valueRequired":true,"valueName":"search_term_string"}}],"inLanguage":"pt-BR"},{"@type":"Organization","@id":"https:\/\/www.cambe.pr.gov.br\/#organization","name":"Prefeitura de Camb\u00e9","url":"https:\/\/www.cambe.pr.gov.br\/","logo":{"@type":"ImageObject","inLanguage":"pt-BR","@id":"https:\/\/www.cambe.pr.gov.br\/#\/schema\/logo\/image\/","url":"https:\/\/www.cambe.pr.gov.br\/wp-content\/uploads\/2021\/01\/cropped-cropped-cambe_brazao-icone.png","contentUrl":"https:\/\/www.cambe.pr.gov.br\/wp-content\/uploads\/2021\/01\/cropped-cropped-cambe_brazao-icone.png","width":240,"height":240,"caption":"Prefeitura de Camb\u00e9"},"image":{"@id":"https:\/\/www.cambe.pr.gov.br\/#\/schema\/logo\/image\/"},"sameAs":["https:\/\/m.facebook.com\/prefeituradecambe"]},{"@type":"Person","@id":"https:\/\/www.cambe.pr.gov.br\/#\/schema\/person\/e08f7c43a641b2ec036e4e867ec483e4","name":"Thiago Mossini Balbino dos Santos","image":{"@type":"ImageObject","inLanguage":"pt-BR","@id":"https:\/\/secure.gravatar.com\/avatar\/d957ed4e1bc3ebf5769d1003f9709cd2012ebf424eb4a5d76a933fee30e874b6?s=96&d=mm&r=g","url":"https:\/\/secure.gravatar.com\/avatar\/d957ed4e1bc3ebf5769d1003f9709cd2012ebf424eb4a5d76a933fee30e874b6?s=96&d=mm&r=g","contentUrl":"https:\/\/secure.gravatar.com\/avatar\/d957ed4e1bc3ebf5769d1003f9709cd2012ebf424eb4a5d76a933fee30e874b6?s=96&d=mm&r=g","caption":"Thiago Mossini Balbino dos Santos"},"url":"https:\/\/www.cambe.pr.gov.br\/index.php\/author\/tmbsantos\/"}]}},"_links":{"self":[{"href":"https:\/\/www.cambe.pr.gov.br\/index.php\/wp-json\/wp\/v2\/posts\/7242","targetHints":{"allow":["GET"]}}],"collection":[{"href":"https:\/\/www.cambe.pr.gov.br\/index.php\/wp-json\/wp\/v2\/posts"}],"about":[{"href":"https:\/\/www.cambe.pr.gov.br\/index.php\/wp-json\/wp\/v2\/types\/post"}],"author":[{"embeddable":true,"href":"https:\/\/www.cambe.pr.gov.br\/index.php\/wp-json\/wp\/v2\/users\/2"}],"replies":[{"embeddable":true,"href":"https:\/\/www.cambe.pr.gov.br\/index.php\/wp-json\/wp\/v2\/comments?post=7242"}],"version-history":[{"count":10,"href":"https:\/\/www.cambe.pr.gov.br\/index.php\/wp-json\/wp\/v2\/posts\/7242\/revisions"}],"predecessor-version":[{"id":7327,"href":"https:\/\/www.cambe.pr.gov.br\/index.php\/wp-json\/wp\/v2\/posts\/7242\/revisions\/7327"}],"wp:attachment":[{"href":"https:\/\/www.cambe.pr.gov.br\/index.php\/wp-json\/wp\/v2\/media?parent=7242"}],"wp:term":[{"taxonomy":"category","embeddable":true,"href":"https:\/\/www.cambe.pr.gov.br\/index.php\/wp-json\/wp\/v2\/categories?post=7242"},{"taxonomy":"post_tag","embeddable":true,"href":"https:\/\/www.cambe.pr.gov.br\/index.php\/wp-json\/wp\/v2\/tags?post=7242"}],"curies":[{"name":"wp","href":"https:\/\/api.w.org\/{rel}","templated":true}]}}