{"id":7192,"date":"2022-08-09T11:10:17","date_gmt":"2022-08-09T14:10:17","guid":{"rendered":"http:\/\/www.cambe.pr.gov.br\/?p=7192"},"modified":"2024-10-07T13:01:00","modified_gmt":"2024-10-07T16:01:00","slug":"tres-semaforos-da-cidade-estao-parados-por-conta-do-mau-tempo","status":"publish","type":"post","link":"https:\/\/www.cambe.pr.gov.br\/index.php\/tres-semaforos-da-cidade-estao-parados-por-conta-do-mau-tempo\/","title":{"rendered":"Tr\u00eas sem\u00e1foros da cidade est\u00e3o parados por conta do mau tempo"},"content":{"rendered":"<p style=\"text-align: justify;\"><span style=\"font-weight: 400; font-family: arial, helvetica, sans-serif;\"><img fetchpriority=\"high\" decoding=\"async\" class=\"alignleft wp-image-7197 size-large\" src=\"https:\/\/www.cambe.pr.gov.br\/wp-content\/uploads\/2022\/08\/WhatsApp-Image-2022-08-09-at-11.08.39-e1660054211184-1024x683.jpeg\" alt=\"\" width=\"610\" height=\"407\" srcset=\"https:\/\/www.cambe.pr.gov.br\/wp-content\/uploads\/2022\/08\/WhatsApp-Image-2022-08-09-at-11.08.39-e1660054211184-1024x683.jpeg 1024w, https:\/\/www.cambe.pr.gov.br\/wp-content\/uploads\/2022\/08\/WhatsApp-Image-2022-08-09-at-11.08.39-e1660054211184-300x200.jpeg 300w, https:\/\/www.cambe.pr.gov.br\/wp-content\/uploads\/2022\/08\/WhatsApp-Image-2022-08-09-at-11.08.39-e1660054211184-768x512.jpeg 768w, https:\/\/www.cambe.pr.gov.br\/wp-content\/uploads\/2022\/08\/WhatsApp-Image-2022-08-09-at-11.08.39-e1660054211184.jpeg 1280w\" sizes=\"(max-width: 610px) 100vw, 610px\" \/>O Departamento de Tr\u00e2nsito de Camb\u00e9 est\u00e1 alertando pedestres e motoristas por conta do mau tempo, que afetou tr\u00eas importantes sem\u00e1foros da cidade. Por conta das descargas el\u00e9tricas que ocorreram na madrugada e na manh\u00e3 desta ter\u00e7a-feira (09), os sem\u00e1foros de tr\u00eas cruzamentos da cidade est\u00e3o parados, sendo eles: Rua Belo Horizonte com a Rua Equador; Avenida Inglaterra com a Avenida Canad\u00e1; e da Rua Par\u00e1 com a Rua Otto Gaertner. Fausto Anami, diretor do Departamento de Tr\u00e2nsito da cidade, esclarece que a expectativa \u00e9 de que os sem\u00e1foros voltem a funcionar normalmente ainda nesta ter\u00e7a-feira, mas que o trabalho depende das condi\u00e7\u00f5es clim\u00e1ticas.<\/span><\/p>\n<p style=\"text-align: justify;\"><span style=\"font-weight: 400; font-family: arial, helvetica, sans-serif;\">Anami destaca que os tr\u00eas sem\u00e1foros n\u00e3o est\u00e3o desligados por completo, mas est\u00e3o com a luz amarela piscando. \u201cNo tr\u00e2nsito, o amarelo indica cautela, por isso que quando acontece algum problema nos sem\u00e1foros, uma luz nessa cor fica piscando. Isso indica que os motoristas e os pedestres devem ficar ainda mais atentos com o tr\u00e2nsito\u201d, pontua. De acordo com ele, as descargas el\u00e9tricas que aconteceram durante a madrugada e a manh\u00e3 de hoje podem ter causado algum problema no aparelho semaf\u00f3rico. \u201cQuando o aparelho sofre algum problema, para n\u00e3o estragar, ele entra nesse modo de alerta, tanto para indicar para n\u00f3s que ali tem um problema quanto para a popula\u00e7\u00e3o ficar alerta\u201d, destaca.&nbsp;<\/span><\/p>\n<p style=\"text-align: justify;\"><span style=\"font-weight: 400; font-family: arial, helvetica, sans-serif;\">O diretor ressalta que \u00e9 normal que os sem\u00e1foros entrem nesse modo alerta quando h\u00e1 um volume grande de chuva ou descargas el\u00e9tricas constantes, j\u00e1 que \u00e9 um equipamento eletr\u00f4nico. De acordo com ele, o t\u00e9cnico respons\u00e1vel por fazer os reparos nos sem\u00e1foros da cidade vai come\u00e7ar o trabalho na tarde desta ter\u00e7a-feira, mas que o servi\u00e7o depende das condi\u00e7\u00f5es clim\u00e1ticas do momento. \u201cSe for algum problema no controlador, ele consegue resolver rapidamente. Por outro lado, caso o mau tempo tenha afetado uma das luzes, o t\u00e9cnico s\u00f3 pode trabalhar quando o tempo estiver limpo, porque h\u00e1 o risco de novas descargas el\u00e9tricas\u201d, esclarece.&nbsp;<\/span><\/p>\n<p style=\"text-align: justify;\"><span style=\"font-weight: 400; font-family: arial, helvetica, sans-serif;\">Fausto Anami tamb\u00e9m ressalta que \u00e9 essencial que os motoristas e pedestres redobrem os cuidados nessas situa\u00e7\u00f5es. \u201cO motorista deve trafegar com mais cuidado, reduzir a velocidade nos cruzamentos e prestar o m\u00e1ximo de aten\u00e7\u00e3o em outros condutores e pedestres\u201d, finaliza. <\/span><\/p>\n","protected":false},"excerpt":{"rendered":"<p>O Departamento de Tr\u00e2nsito de Camb\u00e9 est\u00e1 alertando pedestres e motoristas por conta do mau tempo, que afetou tr\u00eas importantes sem\u00e1foros da cidade. Por conta das descargas el\u00e9tricas que ocorreram na madrugada e na manh\u00e3 desta ter\u00e7a-feira (09), os sem\u00e1foros de tr\u00eas cruzamentos da cidade est\u00e3o parados, sendo eles: Rua Belo Horizonte com a Rua [&hellip;]<\/p>\n","protected":false},"author":2,"featured_media":0,"comment_status":"closed","ping_status":"open","sticky":false,"template":"","format":"standard","meta":{"ngg_post_thumbnail":0,"footnotes":""},"categories":[1],"tags":[],"class_list":["post-7192","post","type-post","status-publish","format-standard","hentry","category-principal"],"yoast_head":"<!-- This site is optimized with the Yoast SEO plugin v27.4 - https:\/\/yoast.com\/product\/yoast-seo-wordpress\/ -->\n<title>Tr\u00eas sem\u00e1foros da cidade est\u00e3o parados por conta do mau tempo - Prefeitura de Camb\u00e9<\/title>\n<meta name=\"robots\" content=\"index, follow, max-snippet:-1, max-image-preview:large, max-video-preview:-1\" \/>\n<link rel=\"canonical\" href=\"https:\/\/www.cambe.pr.gov.br\/index.php\/tres-semaforos-da-cidade-estao-parados-por-conta-do-mau-tempo\/\" \/>\n<meta property=\"og:locale\" content=\"pt_BR\" \/>\n<meta property=\"og:type\" content=\"article\" \/>\n<meta property=\"og:title\" content=\"Tr\u00eas sem\u00e1foros da cidade est\u00e3o parados por conta do mau tempo - Prefeitura de Camb\u00e9\" \/>\n<meta property=\"og:description\" content=\"O Departamento de Tr\u00e2nsito de Camb\u00e9 est\u00e1 alertando pedestres e motoristas por conta do mau tempo, que afetou tr\u00eas importantes sem\u00e1foros da cidade. Por conta das descargas el\u00e9tricas que ocorreram na madrugada e na manh\u00e3 desta ter\u00e7a-feira (09), os sem\u00e1foros de tr\u00eas cruzamentos da cidade est\u00e3o parados, sendo eles: Rua Belo Horizonte com a Rua [&hellip;]\" \/>\n<meta property=\"og:url\" content=\"https:\/\/www.cambe.pr.gov.br\/index.php\/tres-semaforos-da-cidade-estao-parados-por-conta-do-mau-tempo\/\" \/>\n<meta property=\"og:site_name\" content=\"Prefeitura de Camb\u00e9\" \/>\n<meta property=\"article:publisher\" content=\"https:\/\/m.facebook.com\/prefeituradecambe\" \/>\n<meta property=\"article:published_time\" content=\"2022-08-09T14:10:17+00:00\" \/>\n<meta property=\"article:modified_time\" content=\"2024-10-07T16:01:00+00:00\" \/>\n<meta property=\"og:image\" content=\"http:\/\/www.cambe.pr.gov.br\/wp-content\/uploads\/2022\/08\/WhatsApp-Image-2022-08-09-at-11.08.39-e1660054211184-1024x683.jpeg\" \/>\n<meta name=\"author\" content=\"Thiago Mossini Balbino dos Santos\" \/>\n<meta name=\"twitter:card\" content=\"summary_large_image\" \/>\n<meta name=\"twitter:label1\" content=\"Escrito por\" \/>\n\t<meta name=\"twitter:data1\" content=\"Thiago Mossini Balbino dos Santos\" \/>\n\t<meta name=\"twitter:label2\" content=\"Est. tempo de leitura\" \/>\n\t<meta name=\"twitter:data2\" content=\"2 minutos\" \/>\n<script type=\"application\/ld+json\" class=\"yoast-schema-graph\">{\"@context\":\"https:\\\/\\\/schema.org\",\"@graph\":[{\"@type\":\"Article\",\"@id\":\"https:\\\/\\\/www.cambe.pr.gov.br\\\/index.php\\\/tres-semaforos-da-cidade-estao-parados-por-conta-do-mau-tempo\\\/#article\",\"isPartOf\":{\"@id\":\"https:\\\/\\\/www.cambe.pr.gov.br\\\/index.php\\\/tres-semaforos-da-cidade-estao-parados-por-conta-do-mau-tempo\\\/\"},\"author\":{\"name\":\"Thiago Mossini Balbino dos Santos\",\"@id\":\"https:\\\/\\\/www.cambe.pr.gov.br\\\/#\\\/schema\\\/person\\\/e08f7c43a641b2ec036e4e867ec483e4\"},\"headline\":\"Tr\u00eas sem\u00e1foros da cidade est\u00e3o parados por conta do mau tempo\",\"datePublished\":\"2022-08-09T14:10:17+00:00\",\"dateModified\":\"2024-10-07T16:01:00+00:00\",\"mainEntityOfPage\":{\"@id\":\"https:\\\/\\\/www.cambe.pr.gov.br\\\/index.php\\\/tres-semaforos-da-cidade-estao-parados-por-conta-do-mau-tempo\\\/\"},\"wordCount\":416,\"publisher\":{\"@id\":\"https:\\\/\\\/www.cambe.pr.gov.br\\\/#organization\"},\"image\":{\"@id\":\"https:\\\/\\\/www.cambe.pr.gov.br\\\/index.php\\\/tres-semaforos-da-cidade-estao-parados-por-conta-do-mau-tempo\\\/#primaryimage\"},\"thumbnailUrl\":\"http:\\\/\\\/www.cambe.pr.gov.br\\\/wp-content\\\/uploads\\\/2022\\\/08\\\/WhatsApp-Image-2022-08-09-at-11.08.39-e1660054211184-1024x683.jpeg\",\"articleSection\":[\"Principal\"],\"inLanguage\":\"pt-BR\"},{\"@type\":\"WebPage\",\"@id\":\"https:\\\/\\\/www.cambe.pr.gov.br\\\/index.php\\\/tres-semaforos-da-cidade-estao-parados-por-conta-do-mau-tempo\\\/\",\"url\":\"https:\\\/\\\/www.cambe.pr.gov.br\\\/index.php\\\/tres-semaforos-da-cidade-estao-parados-por-conta-do-mau-tempo\\\/\",\"name\":\"Tr\u00eas sem\u00e1foros da cidade est\u00e3o parados por conta do mau tempo - Prefeitura de Camb\u00e9\",\"isPartOf\":{\"@id\":\"https:\\\/\\\/www.cambe.pr.gov.br\\\/#website\"},\"primaryImageOfPage\":{\"@id\":\"https:\\\/\\\/www.cambe.pr.gov.br\\\/index.php\\\/tres-semaforos-da-cidade-estao-parados-por-conta-do-mau-tempo\\\/#primaryimage\"},\"image\":{\"@id\":\"https:\\\/\\\/www.cambe.pr.gov.br\\\/index.php\\\/tres-semaforos-da-cidade-estao-parados-por-conta-do-mau-tempo\\\/#primaryimage\"},\"thumbnailUrl\":\"http:\\\/\\\/www.cambe.pr.gov.br\\\/wp-content\\\/uploads\\\/2022\\\/08\\\/WhatsApp-Image-2022-08-09-at-11.08.39-e1660054211184-1024x683.jpeg\",\"datePublished\":\"2022-08-09T14:10:17+00:00\",\"dateModified\":\"2024-10-07T16:01:00+00:00\",\"breadcrumb\":{\"@id\":\"https:\\\/\\\/www.cambe.pr.gov.br\\\/index.php\\\/tres-semaforos-da-cidade-estao-parados-por-conta-do-mau-tempo\\\/#breadcrumb\"},\"inLanguage\":\"pt-BR\",\"potentialAction\":[{\"@type\":\"ReadAction\",\"target\":[\"https:\\\/\\\/www.cambe.pr.gov.br\\\/index.php\\\/tres-semaforos-da-cidade-estao-parados-por-conta-do-mau-tempo\\\/\"]}]},{\"@type\":\"ImageObject\",\"inLanguage\":\"pt-BR\",\"@id\":\"https:\\\/\\\/www.cambe.pr.gov.br\\\/index.php\\\/tres-semaforos-da-cidade-estao-parados-por-conta-do-mau-tempo\\\/#primaryimage\",\"url\":\"http:\\\/\\\/www.cambe.pr.gov.br\\\/wp-content\\\/uploads\\\/2022\\\/08\\\/WhatsApp-Image-2022-08-09-at-11.08.39-e1660054211184-1024x683.jpeg\",\"contentUrl\":\"http:\\\/\\\/www.cambe.pr.gov.br\\\/wp-content\\\/uploads\\\/2022\\\/08\\\/WhatsApp-Image-2022-08-09-at-11.08.39-e1660054211184-1024x683.jpeg\"},{\"@type\":\"BreadcrumbList\",\"@id\":\"https:\\\/\\\/www.cambe.pr.gov.br\\\/index.php\\\/tres-semaforos-da-cidade-estao-parados-por-conta-do-mau-tempo\\\/#breadcrumb\",\"itemListElement\":[{\"@type\":\"ListItem\",\"position\":1,\"name\":\"In\u00edcio\",\"item\":\"https:\\\/\\\/www.cambe.pr.gov.br\\\/\"},{\"@type\":\"ListItem\",\"position\":2,\"name\":\"Tr\u00eas sem\u00e1foros da cidade est\u00e3o parados por conta do mau tempo\"}]},{\"@type\":\"WebSite\",\"@id\":\"https:\\\/\\\/www.cambe.pr.gov.br\\\/#website\",\"url\":\"https:\\\/\\\/www.cambe.pr.gov.br\\\/\",\"name\":\"Prefeitura de Camb\u00e9\",\"description\":\"UM GOVERNO PARA TODOS\",\"publisher\":{\"@id\":\"https:\\\/\\\/www.cambe.pr.gov.br\\\/#organization\"},\"potentialAction\":[{\"@type\":\"SearchAction\",\"target\":{\"@type\":\"EntryPoint\",\"urlTemplate\":\"https:\\\/\\\/www.cambe.pr.gov.br\\\/?s={search_term_string}\"},\"query-input\":{\"@type\":\"PropertyValueSpecification\",\"valueRequired\":true,\"valueName\":\"search_term_string\"}}],\"inLanguage\":\"pt-BR\"},{\"@type\":\"Organization\",\"@id\":\"https:\\\/\\\/www.cambe.pr.gov.br\\\/#organization\",\"name\":\"Prefeitura de Camb\u00e9\",\"url\":\"https:\\\/\\\/www.cambe.pr.gov.br\\\/\",\"logo\":{\"@type\":\"ImageObject\",\"inLanguage\":\"pt-BR\",\"@id\":\"https:\\\/\\\/www.cambe.pr.gov.br\\\/#\\\/schema\\\/logo\\\/image\\\/\",\"url\":\"https:\\\/\\\/www.cambe.pr.gov.br\\\/wp-content\\\/uploads\\\/2021\\\/01\\\/cropped-cropped-cambe_brazao-icone.png\",\"contentUrl\":\"https:\\\/\\\/www.cambe.pr.gov.br\\\/wp-content\\\/uploads\\\/2021\\\/01\\\/cropped-cropped-cambe_brazao-icone.png\",\"width\":240,\"height\":240,\"caption\":\"Prefeitura de Camb\u00e9\"},\"image\":{\"@id\":\"https:\\\/\\\/www.cambe.pr.gov.br\\\/#\\\/schema\\\/logo\\\/image\\\/\"},\"sameAs\":[\"https:\\\/\\\/m.facebook.com\\\/prefeituradecambe\"]},{\"@type\":\"Person\",\"@id\":\"https:\\\/\\\/www.cambe.pr.gov.br\\\/#\\\/schema\\\/person\\\/e08f7c43a641b2ec036e4e867ec483e4\",\"name\":\"Thiago Mossini Balbino dos Santos\",\"image\":{\"@type\":\"ImageObject\",\"inLanguage\":\"pt-BR\",\"@id\":\"https:\\\/\\\/secure.gravatar.com\\\/avatar\\\/d957ed4e1bc3ebf5769d1003f9709cd2012ebf424eb4a5d76a933fee30e874b6?s=96&d=mm&r=g\",\"url\":\"https:\\\/\\\/secure.gravatar.com\\\/avatar\\\/d957ed4e1bc3ebf5769d1003f9709cd2012ebf424eb4a5d76a933fee30e874b6?s=96&d=mm&r=g\",\"contentUrl\":\"https:\\\/\\\/secure.gravatar.com\\\/avatar\\\/d957ed4e1bc3ebf5769d1003f9709cd2012ebf424eb4a5d76a933fee30e874b6?s=96&d=mm&r=g\",\"caption\":\"Thiago Mossini Balbino dos Santos\"},\"url\":\"https:\\\/\\\/www.cambe.pr.gov.br\\\/index.php\\\/author\\\/tmbsantos\\\/\"}]}<\/script>\n<!-- \/ Yoast SEO plugin. -->","yoast_head_json":{"title":"Tr\u00eas sem\u00e1foros da cidade est\u00e3o parados por conta do mau tempo - Prefeitura de Camb\u00e9","robots":{"index":"index","follow":"follow","max-snippet":"max-snippet:-1","max-image-preview":"max-image-preview:large","max-video-preview":"max-video-preview:-1"},"canonical":"https:\/\/www.cambe.pr.gov.br\/index.php\/tres-semaforos-da-cidade-estao-parados-por-conta-do-mau-tempo\/","og_locale":"pt_BR","og_type":"article","og_title":"Tr\u00eas sem\u00e1foros da cidade est\u00e3o parados por conta do mau tempo - Prefeitura de Camb\u00e9","og_description":"O Departamento de Tr\u00e2nsito de Camb\u00e9 est\u00e1 alertando pedestres e motoristas por conta do mau tempo, que afetou tr\u00eas importantes sem\u00e1foros da cidade. Por conta das descargas el\u00e9tricas que ocorreram na madrugada e na manh\u00e3 desta ter\u00e7a-feira (09), os sem\u00e1foros de tr\u00eas cruzamentos da cidade est\u00e3o parados, sendo eles: Rua Belo Horizonte com a Rua [&hellip;]","og_url":"https:\/\/www.cambe.pr.gov.br\/index.php\/tres-semaforos-da-cidade-estao-parados-por-conta-do-mau-tempo\/","og_site_name":"Prefeitura de Camb\u00e9","article_publisher":"https:\/\/m.facebook.com\/prefeituradecambe","article_published_time":"2022-08-09T14:10:17+00:00","article_modified_time":"2024-10-07T16:01:00+00:00","og_image":[{"url":"http:\/\/www.cambe.pr.gov.br\/wp-content\/uploads\/2022\/08\/WhatsApp-Image-2022-08-09-at-11.08.39-e1660054211184-1024x683.jpeg","type":"","width":"","height":""}],"author":"Thiago Mossini Balbino dos Santos","twitter_card":"summary_large_image","twitter_misc":{"Escrito por":"Thiago Mossini Balbino dos Santos","Est. tempo de leitura":"2 minutos"},"schema":{"@context":"https:\/\/schema.org","@graph":[{"@type":"Article","@id":"https:\/\/www.cambe.pr.gov.br\/index.php\/tres-semaforos-da-cidade-estao-parados-por-conta-do-mau-tempo\/#article","isPartOf":{"@id":"https:\/\/www.cambe.pr.gov.br\/index.php\/tres-semaforos-da-cidade-estao-parados-por-conta-do-mau-tempo\/"},"author":{"name":"Thiago Mossini Balbino dos Santos","@id":"https:\/\/www.cambe.pr.gov.br\/#\/schema\/person\/e08f7c43a641b2ec036e4e867ec483e4"},"headline":"Tr\u00eas sem\u00e1foros da cidade est\u00e3o parados por conta do mau tempo","datePublished":"2022-08-09T14:10:17+00:00","dateModified":"2024-10-07T16:01:00+00:00","mainEntityOfPage":{"@id":"https:\/\/www.cambe.pr.gov.br\/index.php\/tres-semaforos-da-cidade-estao-parados-por-conta-do-mau-tempo\/"},"wordCount":416,"publisher":{"@id":"https:\/\/www.cambe.pr.gov.br\/#organization"},"image":{"@id":"https:\/\/www.cambe.pr.gov.br\/index.php\/tres-semaforos-da-cidade-estao-parados-por-conta-do-mau-tempo\/#primaryimage"},"thumbnailUrl":"http:\/\/www.cambe.pr.gov.br\/wp-content\/uploads\/2022\/08\/WhatsApp-Image-2022-08-09-at-11.08.39-e1660054211184-1024x683.jpeg","articleSection":["Principal"],"inLanguage":"pt-BR"},{"@type":"WebPage","@id":"https:\/\/www.cambe.pr.gov.br\/index.php\/tres-semaforos-da-cidade-estao-parados-por-conta-do-mau-tempo\/","url":"https:\/\/www.cambe.pr.gov.br\/index.php\/tres-semaforos-da-cidade-estao-parados-por-conta-do-mau-tempo\/","name":"Tr\u00eas sem\u00e1foros da cidade est\u00e3o parados por conta do mau tempo - Prefeitura de Camb\u00e9","isPartOf":{"@id":"https:\/\/www.cambe.pr.gov.br\/#website"},"primaryImageOfPage":{"@id":"https:\/\/www.cambe.pr.gov.br\/index.php\/tres-semaforos-da-cidade-estao-parados-por-conta-do-mau-tempo\/#primaryimage"},"image":{"@id":"https:\/\/www.cambe.pr.gov.br\/index.php\/tres-semaforos-da-cidade-estao-parados-por-conta-do-mau-tempo\/#primaryimage"},"thumbnailUrl":"http:\/\/www.cambe.pr.gov.br\/wp-content\/uploads\/2022\/08\/WhatsApp-Image-2022-08-09-at-11.08.39-e1660054211184-1024x683.jpeg","datePublished":"2022-08-09T14:10:17+00:00","dateModified":"2024-10-07T16:01:00+00:00","breadcrumb":{"@id":"https:\/\/www.cambe.pr.gov.br\/index.php\/tres-semaforos-da-cidade-estao-parados-por-conta-do-mau-tempo\/#breadcrumb"},"inLanguage":"pt-BR","potentialAction":[{"@type":"ReadAction","target":["https:\/\/www.cambe.pr.gov.br\/index.php\/tres-semaforos-da-cidade-estao-parados-por-conta-do-mau-tempo\/"]}]},{"@type":"ImageObject","inLanguage":"pt-BR","@id":"https:\/\/www.cambe.pr.gov.br\/index.php\/tres-semaforos-da-cidade-estao-parados-por-conta-do-mau-tempo\/#primaryimage","url":"http:\/\/www.cambe.pr.gov.br\/wp-content\/uploads\/2022\/08\/WhatsApp-Image-2022-08-09-at-11.08.39-e1660054211184-1024x683.jpeg","contentUrl":"http:\/\/www.cambe.pr.gov.br\/wp-content\/uploads\/2022\/08\/WhatsApp-Image-2022-08-09-at-11.08.39-e1660054211184-1024x683.jpeg"},{"@type":"BreadcrumbList","@id":"https:\/\/www.cambe.pr.gov.br\/index.php\/tres-semaforos-da-cidade-estao-parados-por-conta-do-mau-tempo\/#breadcrumb","itemListElement":[{"@type":"ListItem","position":1,"name":"In\u00edcio","item":"https:\/\/www.cambe.pr.gov.br\/"},{"@type":"ListItem","position":2,"name":"Tr\u00eas sem\u00e1foros da cidade est\u00e3o parados por conta do mau tempo"}]},{"@type":"WebSite","@id":"https:\/\/www.cambe.pr.gov.br\/#website","url":"https:\/\/www.cambe.pr.gov.br\/","name":"Prefeitura de Camb\u00e9","description":"UM GOVERNO PARA TODOS","publisher":{"@id":"https:\/\/www.cambe.pr.gov.br\/#organization"},"potentialAction":[{"@type":"SearchAction","target":{"@type":"EntryPoint","urlTemplate":"https:\/\/www.cambe.pr.gov.br\/?s={search_term_string}"},"query-input":{"@type":"PropertyValueSpecification","valueRequired":true,"valueName":"search_term_string"}}],"inLanguage":"pt-BR"},{"@type":"Organization","@id":"https:\/\/www.cambe.pr.gov.br\/#organization","name":"Prefeitura de Camb\u00e9","url":"https:\/\/www.cambe.pr.gov.br\/","logo":{"@type":"ImageObject","inLanguage":"pt-BR","@id":"https:\/\/www.cambe.pr.gov.br\/#\/schema\/logo\/image\/","url":"https:\/\/www.cambe.pr.gov.br\/wp-content\/uploads\/2021\/01\/cropped-cropped-cambe_brazao-icone.png","contentUrl":"https:\/\/www.cambe.pr.gov.br\/wp-content\/uploads\/2021\/01\/cropped-cropped-cambe_brazao-icone.png","width":240,"height":240,"caption":"Prefeitura de Camb\u00e9"},"image":{"@id":"https:\/\/www.cambe.pr.gov.br\/#\/schema\/logo\/image\/"},"sameAs":["https:\/\/m.facebook.com\/prefeituradecambe"]},{"@type":"Person","@id":"https:\/\/www.cambe.pr.gov.br\/#\/schema\/person\/e08f7c43a641b2ec036e4e867ec483e4","name":"Thiago Mossini Balbino dos Santos","image":{"@type":"ImageObject","inLanguage":"pt-BR","@id":"https:\/\/secure.gravatar.com\/avatar\/d957ed4e1bc3ebf5769d1003f9709cd2012ebf424eb4a5d76a933fee30e874b6?s=96&d=mm&r=g","url":"https:\/\/secure.gravatar.com\/avatar\/d957ed4e1bc3ebf5769d1003f9709cd2012ebf424eb4a5d76a933fee30e874b6?s=96&d=mm&r=g","contentUrl":"https:\/\/secure.gravatar.com\/avatar\/d957ed4e1bc3ebf5769d1003f9709cd2012ebf424eb4a5d76a933fee30e874b6?s=96&d=mm&r=g","caption":"Thiago Mossini Balbino dos Santos"},"url":"https:\/\/www.cambe.pr.gov.br\/index.php\/author\/tmbsantos\/"}]}},"_links":{"self":[{"href":"https:\/\/www.cambe.pr.gov.br\/index.php\/wp-json\/wp\/v2\/posts\/7192","targetHints":{"allow":["GET"]}}],"collection":[{"href":"https:\/\/www.cambe.pr.gov.br\/index.php\/wp-json\/wp\/v2\/posts"}],"about":[{"href":"https:\/\/www.cambe.pr.gov.br\/index.php\/wp-json\/wp\/v2\/types\/post"}],"author":[{"embeddable":true,"href":"https:\/\/www.cambe.pr.gov.br\/index.php\/wp-json\/wp\/v2\/users\/2"}],"replies":[{"embeddable":true,"href":"https:\/\/www.cambe.pr.gov.br\/index.php\/wp-json\/wp\/v2\/comments?post=7192"}],"version-history":[{"count":6,"href":"https:\/\/www.cambe.pr.gov.br\/index.php\/wp-json\/wp\/v2\/posts\/7192\/revisions"}],"predecessor-version":[{"id":7199,"href":"https:\/\/www.cambe.pr.gov.br\/index.php\/wp-json\/wp\/v2\/posts\/7192\/revisions\/7199"}],"wp:attachment":[{"href":"https:\/\/www.cambe.pr.gov.br\/index.php\/wp-json\/wp\/v2\/media?parent=7192"}],"wp:term":[{"taxonomy":"category","embeddable":true,"href":"https:\/\/www.cambe.pr.gov.br\/index.php\/wp-json\/wp\/v2\/categories?post=7192"},{"taxonomy":"post_tag","embeddable":true,"href":"https:\/\/www.cambe.pr.gov.br\/index.php\/wp-json\/wp\/v2\/tags?post=7192"}],"curies":[{"name":"wp","href":"https:\/\/api.w.org\/{rel}","templated":true}]}}