{"id":7174,"date":"2022-08-08T16:47:53","date_gmt":"2022-08-08T19:47:53","guid":{"rendered":"http:\/\/www.cambe.pr.gov.br\/?p=7174"},"modified":"2024-10-07T13:01:00","modified_gmt":"2024-10-07T16:01:00","slug":"confira-as-vagas-de-emprego-disponiveis-pela-secretaria-do-trabalho-nesta-segunda-feira","status":"publish","type":"post","link":"https:\/\/www.cambe.pr.gov.br\/index.php\/confira-as-vagas-de-emprego-disponiveis-pela-secretaria-do-trabalho-nesta-segunda-feira\/","title":{"rendered":"Confira as vagas de emprego dispon\u00edveis pela Secretaria do Trabalho nesta segunda-feira"},"content":{"rendered":"<p><img fetchpriority=\"high\" decoding=\"async\" class=\"size-large wp-image-4569\" src=\"https:\/\/www.cambe.pr.gov.br\/wp-content\/uploads\/2022\/02\/carteira_de_trabalho_07122000711-e1648648949347-1024x682.jpg\" alt=\"\" width=\"610\" height=\"406\"><\/p>\n<p style=\"text-align: justify;\"><span style=\"font-weight: 400; font-family: arial, helvetica, sans-serif;\">A Secretaria Municipal do Trabalho e Profissionaliza\u00e7\u00e3o de Camb\u00e9 inicia a semana com 43 oportunidades de emprego. Assim como na semana passada, o edital desta segunda-feira (8),&nbsp; oferece vagas para candidatos dos mais diferentes n\u00edveis de experi\u00eancia e escolaridade.<\/span><\/p>\n<p style=\"text-align: justify;\"><span style=\"font-weight: 400; font-family: arial, helvetica, sans-serif;\">As vagas de Auxiliar de Contabilidade e Engenheiro Civil anunciadas na \u00faltima ter\u00e7a-feira (2) e destinadas \u00e0 pessoas com Ensino Superior, continuam dispon\u00edveis. A lista tamb\u00e9m continua disponibilizando 21 oportunidades que n\u00e3o exigem um n\u00edvel espec\u00edfico de escolaridade.<\/span><\/p>\n<p style=\"text-align: justify;\"><span style=\"font-weight: 400; font-family: arial, helvetica, sans-serif;\">Existe tamb\u00e9m a oferta de mais de uma oportunidade em algumas fun\u00e7\u00f5es. Como as de Auxiliar de produ\u00e7\u00e3o e Vendedor interno,&nbsp; com 3 vagas cada; e as de Empregado dom\u00e9stico e Motorista Entregador, com 5 vagas dispon\u00edveis.&nbsp;<\/span><\/p>\n<p><span style=\"font-weight: 400; font-family: arial, helvetica, sans-serif;\">Confira alguma dessas vagas:<\/span><\/p>\n<p><span style=\"font-family: arial, helvetica, sans-serif;\"><b>OCUPA\u00c7\u00c3O: Experi\u00eancia exigida \u2013 Escolaridade necess\u00e1ria:<\/b><\/span><\/p>\n<p><span style=\"font-weight: 400; font-family: arial, helvetica, sans-serif;\">ALINHADOR DE PNEUS:&nbsp; 6 meses, n\u00e3o comprovada &#8211; Escolaridade n\u00e3o exigida<\/span><\/p>\n<p><span style=\"font-weight: 400; font-family: arial, helvetica, sans-serif;\">AUXILIAR DE CONTABILIDADE: 6 meses,&nbsp; comprovada &#8211;&nbsp; Estar cursando ou Superior completo em Ci\u00eancias Cont\u00e1beis<\/span><\/p>\n<p><span style=\"font-weight: 400; font-family: arial, helvetica, sans-serif;\">BORRACHEIRO: experi\u00eancia n\u00e3o exigida &#8211; Fundamental completo<\/span><\/p>\n<p><span style=\"font-weight: 400; font-family: arial, helvetica, sans-serif;\">COSTUREIRA EM GERAL: 4 meses, comprovada &#8211; Escolaridade n\u00e3o exigida<\/span><\/p>\n<p><span style=\"font-weight: 400; font-family: arial, helvetica, sans-serif;\">COZINHEIRO DE RESTAURANTE: 6 meses, comprovada &#8211; Escolaridade n\u00e3o exigida<\/span><\/p>\n<p><span style=\"font-weight: 400; font-family: arial, helvetica, sans-serif;\">COZINHEIRO GERAL: 6 meses, comprovada &#8211; Escolaridade n\u00e3o exigida<\/span><\/p>\n<p><span style=\"font-weight: 400; font-family: arial, helvetica, sans-serif;\">ENGENHEIRO CIVIL: experi\u00eancia n\u00e3o exigida&nbsp; &#8211; Ensino Superior completo (Engenharia Civil)&nbsp;<\/span><\/p>\n<p><span style=\"font-weight: 400; font-family: arial, helvetica, sans-serif;\">FATURISTA: 4 meses, comprovada &#8211; M\u00e9dio completo<\/span><\/p>\n<p><span style=\"font-weight: 400; font-family: arial, helvetica, sans-serif;\">VENDEDOR DE COM\u00c9RCIO VAREJISTA: 4 meses, comprovada &#8211; M\u00e9dio completo<\/span><\/p>\n<p><span style=\"font-weight: 400; font-family: arial, helvetica, sans-serif;\">ZELADOR: 6 meses, comprovada &#8211;&nbsp; Escolaridade n\u00e3o exigida<\/span><\/p>\n<p style=\"text-align: justify;\"><span style=\"font-weight: 400; font-family: arial, helvetica, sans-serif;\">O atendimento na Ag\u00eancia do Sistema Nacional do Emprego (Sine), situada na avenida Inglaterra, 774, no Centro de Camb\u00e9 \u00e9 mediante agendamento pelo link do WhatsApp cadastrado sob o n\u00famero (43) 3174-0443. Tamb\u00e9m \u00e9 poss\u00edvel marcar um hor\u00e1rio pelo telefone de mesmo n\u00famero.<\/span><\/p>\n<p style=\"text-align: justify;\"><span style=\"font-weight: 400; font-family: arial, helvetica, sans-serif;\">Ap\u00f3s o agendamento, a equipe da ag\u00eancia analisa se o perfil do candidato se enquadra na vaga. Para isso, \u00e9 necess\u00e1rio trazer Registro Geral (RG), Carteira de Pessoa F\u00edsica (CPF) e Carteira de Trabalho e Previd\u00eancia Social (CTPS).<\/span><\/p>\n<p style=\"text-align: justify;\"><span style=\"font-weight: 400; font-family: arial, helvetica, sans-serif;\">Pela manh\u00e3, o expediente de atendimento no \u00f3rg\u00e3o vai das 8h30 \u00e0s 11h30 e, durante a tarde, das 13h \u00e0s 17h.<\/span><\/p>\n","protected":false},"excerpt":{"rendered":"<p>A Secretaria Municipal do Trabalho e Profissionaliza\u00e7\u00e3o de Camb\u00e9 inicia a semana com 43 oportunidades de emprego. Assim como na semana passada, o edital desta segunda-feira (8),&nbsp; oferece vagas para candidatos dos mais diferentes n\u00edveis de experi\u00eancia e escolaridade. As vagas de Auxiliar de Contabilidade e Engenheiro Civil anunciadas na \u00faltima ter\u00e7a-feira (2) e destinadas [&hellip;]<\/p>\n","protected":false},"author":3,"featured_media":0,"comment_status":"closed","ping_status":"open","sticky":false,"template":"","format":"standard","meta":{"ngg_post_thumbnail":0,"footnotes":""},"categories":[1],"tags":[],"class_list":["post-7174","post","type-post","status-publish","format-standard","hentry","category-principal"],"yoast_head":"<!-- This site is optimized with the Yoast SEO plugin v27.4 - https:\/\/yoast.com\/product\/yoast-seo-wordpress\/ -->\n<title>Confira as vagas de emprego dispon\u00edveis pela Secretaria do Trabalho nesta segunda-feira - Prefeitura de Camb\u00e9<\/title>\n<meta name=\"robots\" content=\"index, follow, max-snippet:-1, max-image-preview:large, max-video-preview:-1\" \/>\n<link rel=\"canonical\" href=\"https:\/\/www.cambe.pr.gov.br\/index.php\/confira-as-vagas-de-emprego-disponiveis-pela-secretaria-do-trabalho-nesta-segunda-feira\/\" \/>\n<meta property=\"og:locale\" content=\"pt_BR\" \/>\n<meta property=\"og:type\" content=\"article\" \/>\n<meta property=\"og:title\" content=\"Confira as vagas de emprego dispon\u00edveis pela Secretaria do Trabalho nesta segunda-feira - Prefeitura de Camb\u00e9\" \/>\n<meta property=\"og:description\" content=\"A Secretaria Municipal do Trabalho e Profissionaliza\u00e7\u00e3o de Camb\u00e9 inicia a semana com 43 oportunidades de emprego. Assim como na semana passada, o edital desta segunda-feira (8),&nbsp; oferece vagas para candidatos dos mais diferentes n\u00edveis de experi\u00eancia e escolaridade. As vagas de Auxiliar de Contabilidade e Engenheiro Civil anunciadas na \u00faltima ter\u00e7a-feira (2) e destinadas [&hellip;]\" \/>\n<meta property=\"og:url\" content=\"https:\/\/www.cambe.pr.gov.br\/index.php\/confira-as-vagas-de-emprego-disponiveis-pela-secretaria-do-trabalho-nesta-segunda-feira\/\" \/>\n<meta property=\"og:site_name\" content=\"Prefeitura de Camb\u00e9\" \/>\n<meta property=\"article:publisher\" content=\"https:\/\/m.facebook.com\/prefeituradecambe\" \/>\n<meta property=\"article:published_time\" content=\"2022-08-08T19:47:53+00:00\" \/>\n<meta property=\"article:modified_time\" content=\"2024-10-07T16:01:00+00:00\" \/>\n<meta property=\"og:image\" content=\"http:\/\/www.cambe.pr.gov.br\/wp-content\/uploads\/2022\/02\/carteira_de_trabalho_07122000711-e1648648949347-1024x682.jpg\" \/>\n<meta name=\"author\" content=\"Mateus Goulart Itiyama\" \/>\n<meta name=\"twitter:card\" content=\"summary_large_image\" \/>\n<meta name=\"twitter:label1\" content=\"Escrito por\" \/>\n\t<meta name=\"twitter:data1\" content=\"Mateus Goulart Itiyama\" \/>\n\t<meta name=\"twitter:label2\" content=\"Est. tempo de leitura\" \/>\n\t<meta name=\"twitter:data2\" content=\"2 minutos\" \/>\n<script type=\"application\/ld+json\" class=\"yoast-schema-graph\">{\"@context\":\"https:\\\/\\\/schema.org\",\"@graph\":[{\"@type\":\"Article\",\"@id\":\"https:\\\/\\\/www.cambe.pr.gov.br\\\/index.php\\\/confira-as-vagas-de-emprego-disponiveis-pela-secretaria-do-trabalho-nesta-segunda-feira\\\/#article\",\"isPartOf\":{\"@id\":\"https:\\\/\\\/www.cambe.pr.gov.br\\\/index.php\\\/confira-as-vagas-de-emprego-disponiveis-pela-secretaria-do-trabalho-nesta-segunda-feira\\\/\"},\"author\":{\"name\":\"Mateus Goulart Itiyama\",\"@id\":\"https:\\\/\\\/www.cambe.pr.gov.br\\\/#\\\/schema\\\/person\\\/43b191a728babf8730823b22d888d98b\"},\"headline\":\"Confira as vagas de emprego dispon\u00edveis pela Secretaria do Trabalho nesta segunda-feira\",\"datePublished\":\"2022-08-08T19:47:53+00:00\",\"dateModified\":\"2024-10-07T16:01:00+00:00\",\"mainEntityOfPage\":{\"@id\":\"https:\\\/\\\/www.cambe.pr.gov.br\\\/index.php\\\/confira-as-vagas-de-emprego-disponiveis-pela-secretaria-do-trabalho-nesta-segunda-feira\\\/\"},\"wordCount\":369,\"publisher\":{\"@id\":\"https:\\\/\\\/www.cambe.pr.gov.br\\\/#organization\"},\"image\":{\"@id\":\"https:\\\/\\\/www.cambe.pr.gov.br\\\/index.php\\\/confira-as-vagas-de-emprego-disponiveis-pela-secretaria-do-trabalho-nesta-segunda-feira\\\/#primaryimage\"},\"thumbnailUrl\":\"http:\\\/\\\/www.cambe.pr.gov.br\\\/wp-content\\\/uploads\\\/2022\\\/02\\\/carteira_de_trabalho_07122000711-e1648648949347-1024x682.jpg\",\"articleSection\":[\"Principal\"],\"inLanguage\":\"pt-BR\"},{\"@type\":\"WebPage\",\"@id\":\"https:\\\/\\\/www.cambe.pr.gov.br\\\/index.php\\\/confira-as-vagas-de-emprego-disponiveis-pela-secretaria-do-trabalho-nesta-segunda-feira\\\/\",\"url\":\"https:\\\/\\\/www.cambe.pr.gov.br\\\/index.php\\\/confira-as-vagas-de-emprego-disponiveis-pela-secretaria-do-trabalho-nesta-segunda-feira\\\/\",\"name\":\"Confira as vagas de emprego dispon\u00edveis pela Secretaria do Trabalho nesta segunda-feira - Prefeitura de Camb\u00e9\",\"isPartOf\":{\"@id\":\"https:\\\/\\\/www.cambe.pr.gov.br\\\/#website\"},\"primaryImageOfPage\":{\"@id\":\"https:\\\/\\\/www.cambe.pr.gov.br\\\/index.php\\\/confira-as-vagas-de-emprego-disponiveis-pela-secretaria-do-trabalho-nesta-segunda-feira\\\/#primaryimage\"},\"image\":{\"@id\":\"https:\\\/\\\/www.cambe.pr.gov.br\\\/index.php\\\/confira-as-vagas-de-emprego-disponiveis-pela-secretaria-do-trabalho-nesta-segunda-feira\\\/#primaryimage\"},\"thumbnailUrl\":\"http:\\\/\\\/www.cambe.pr.gov.br\\\/wp-content\\\/uploads\\\/2022\\\/02\\\/carteira_de_trabalho_07122000711-e1648648949347-1024x682.jpg\",\"datePublished\":\"2022-08-08T19:47:53+00:00\",\"dateModified\":\"2024-10-07T16:01:00+00:00\",\"breadcrumb\":{\"@id\":\"https:\\\/\\\/www.cambe.pr.gov.br\\\/index.php\\\/confira-as-vagas-de-emprego-disponiveis-pela-secretaria-do-trabalho-nesta-segunda-feira\\\/#breadcrumb\"},\"inLanguage\":\"pt-BR\",\"potentialAction\":[{\"@type\":\"ReadAction\",\"target\":[\"https:\\\/\\\/www.cambe.pr.gov.br\\\/index.php\\\/confira-as-vagas-de-emprego-disponiveis-pela-secretaria-do-trabalho-nesta-segunda-feira\\\/\"]}]},{\"@type\":\"ImageObject\",\"inLanguage\":\"pt-BR\",\"@id\":\"https:\\\/\\\/www.cambe.pr.gov.br\\\/index.php\\\/confira-as-vagas-de-emprego-disponiveis-pela-secretaria-do-trabalho-nesta-segunda-feira\\\/#primaryimage\",\"url\":\"http:\\\/\\\/www.cambe.pr.gov.br\\\/wp-content\\\/uploads\\\/2022\\\/02\\\/carteira_de_trabalho_07122000711-e1648648949347-1024x682.jpg\",\"contentUrl\":\"http:\\\/\\\/www.cambe.pr.gov.br\\\/wp-content\\\/uploads\\\/2022\\\/02\\\/carteira_de_trabalho_07122000711-e1648648949347-1024x682.jpg\"},{\"@type\":\"BreadcrumbList\",\"@id\":\"https:\\\/\\\/www.cambe.pr.gov.br\\\/index.php\\\/confira-as-vagas-de-emprego-disponiveis-pela-secretaria-do-trabalho-nesta-segunda-feira\\\/#breadcrumb\",\"itemListElement\":[{\"@type\":\"ListItem\",\"position\":1,\"name\":\"In\u00edcio\",\"item\":\"https:\\\/\\\/www.cambe.pr.gov.br\\\/\"},{\"@type\":\"ListItem\",\"position\":2,\"name\":\"Confira as vagas de emprego dispon\u00edveis pela Secretaria do Trabalho nesta segunda-feira\"}]},{\"@type\":\"WebSite\",\"@id\":\"https:\\\/\\\/www.cambe.pr.gov.br\\\/#website\",\"url\":\"https:\\\/\\\/www.cambe.pr.gov.br\\\/\",\"name\":\"Prefeitura de Camb\u00e9\",\"description\":\"UM GOVERNO PARA TODOS\",\"publisher\":{\"@id\":\"https:\\\/\\\/www.cambe.pr.gov.br\\\/#organization\"},\"potentialAction\":[{\"@type\":\"SearchAction\",\"target\":{\"@type\":\"EntryPoint\",\"urlTemplate\":\"https:\\\/\\\/www.cambe.pr.gov.br\\\/?s={search_term_string}\"},\"query-input\":{\"@type\":\"PropertyValueSpecification\",\"valueRequired\":true,\"valueName\":\"search_term_string\"}}],\"inLanguage\":\"pt-BR\"},{\"@type\":\"Organization\",\"@id\":\"https:\\\/\\\/www.cambe.pr.gov.br\\\/#organization\",\"name\":\"Prefeitura de Camb\u00e9\",\"url\":\"https:\\\/\\\/www.cambe.pr.gov.br\\\/\",\"logo\":{\"@type\":\"ImageObject\",\"inLanguage\":\"pt-BR\",\"@id\":\"https:\\\/\\\/www.cambe.pr.gov.br\\\/#\\\/schema\\\/logo\\\/image\\\/\",\"url\":\"https:\\\/\\\/www.cambe.pr.gov.br\\\/wp-content\\\/uploads\\\/2021\\\/01\\\/cropped-cropped-cambe_brazao-icone.png\",\"contentUrl\":\"https:\\\/\\\/www.cambe.pr.gov.br\\\/wp-content\\\/uploads\\\/2021\\\/01\\\/cropped-cropped-cambe_brazao-icone.png\",\"width\":240,\"height\":240,\"caption\":\"Prefeitura de Camb\u00e9\"},\"image\":{\"@id\":\"https:\\\/\\\/www.cambe.pr.gov.br\\\/#\\\/schema\\\/logo\\\/image\\\/\"},\"sameAs\":[\"https:\\\/\\\/m.facebook.com\\\/prefeituradecambe\"]},{\"@type\":\"Person\",\"@id\":\"https:\\\/\\\/www.cambe.pr.gov.br\\\/#\\\/schema\\\/person\\\/43b191a728babf8730823b22d888d98b\",\"name\":\"Mateus Goulart Itiyama\",\"image\":{\"@type\":\"ImageObject\",\"inLanguage\":\"pt-BR\",\"@id\":\"https:\\\/\\\/secure.gravatar.com\\\/avatar\\\/5ffc167a361290b7e863147a2ca418909f497566de633f627f8baffc8507a392?s=96&d=mm&r=g\",\"url\":\"https:\\\/\\\/secure.gravatar.com\\\/avatar\\\/5ffc167a361290b7e863147a2ca418909f497566de633f627f8baffc8507a392?s=96&d=mm&r=g\",\"contentUrl\":\"https:\\\/\\\/secure.gravatar.com\\\/avatar\\\/5ffc167a361290b7e863147a2ca418909f497566de633f627f8baffc8507a392?s=96&d=mm&r=g\",\"caption\":\"Mateus Goulart Itiyama\"},\"url\":\"https:\\\/\\\/www.cambe.pr.gov.br\\\/index.php\\\/author\\\/mgitiyama\\\/\"}]}<\/script>\n<!-- \/ Yoast SEO plugin. -->","yoast_head_json":{"title":"Confira as vagas de emprego dispon\u00edveis pela Secretaria do Trabalho nesta segunda-feira - Prefeitura de Camb\u00e9","robots":{"index":"index","follow":"follow","max-snippet":"max-snippet:-1","max-image-preview":"max-image-preview:large","max-video-preview":"max-video-preview:-1"},"canonical":"https:\/\/www.cambe.pr.gov.br\/index.php\/confira-as-vagas-de-emprego-disponiveis-pela-secretaria-do-trabalho-nesta-segunda-feira\/","og_locale":"pt_BR","og_type":"article","og_title":"Confira as vagas de emprego dispon\u00edveis pela Secretaria do Trabalho nesta segunda-feira - Prefeitura de Camb\u00e9","og_description":"A Secretaria Municipal do Trabalho e Profissionaliza\u00e7\u00e3o de Camb\u00e9 inicia a semana com 43 oportunidades de emprego. Assim como na semana passada, o edital desta segunda-feira (8),&nbsp; oferece vagas para candidatos dos mais diferentes n\u00edveis de experi\u00eancia e escolaridade. As vagas de Auxiliar de Contabilidade e Engenheiro Civil anunciadas na \u00faltima ter\u00e7a-feira (2) e destinadas [&hellip;]","og_url":"https:\/\/www.cambe.pr.gov.br\/index.php\/confira-as-vagas-de-emprego-disponiveis-pela-secretaria-do-trabalho-nesta-segunda-feira\/","og_site_name":"Prefeitura de Camb\u00e9","article_publisher":"https:\/\/m.facebook.com\/prefeituradecambe","article_published_time":"2022-08-08T19:47:53+00:00","article_modified_time":"2024-10-07T16:01:00+00:00","og_image":[{"url":"http:\/\/www.cambe.pr.gov.br\/wp-content\/uploads\/2022\/02\/carteira_de_trabalho_07122000711-e1648648949347-1024x682.jpg","type":"","width":"","height":""}],"author":"Mateus Goulart Itiyama","twitter_card":"summary_large_image","twitter_misc":{"Escrito por":"Mateus Goulart Itiyama","Est. tempo de leitura":"2 minutos"},"schema":{"@context":"https:\/\/schema.org","@graph":[{"@type":"Article","@id":"https:\/\/www.cambe.pr.gov.br\/index.php\/confira-as-vagas-de-emprego-disponiveis-pela-secretaria-do-trabalho-nesta-segunda-feira\/#article","isPartOf":{"@id":"https:\/\/www.cambe.pr.gov.br\/index.php\/confira-as-vagas-de-emprego-disponiveis-pela-secretaria-do-trabalho-nesta-segunda-feira\/"},"author":{"name":"Mateus Goulart Itiyama","@id":"https:\/\/www.cambe.pr.gov.br\/#\/schema\/person\/43b191a728babf8730823b22d888d98b"},"headline":"Confira as vagas de emprego dispon\u00edveis pela Secretaria do Trabalho nesta segunda-feira","datePublished":"2022-08-08T19:47:53+00:00","dateModified":"2024-10-07T16:01:00+00:00","mainEntityOfPage":{"@id":"https:\/\/www.cambe.pr.gov.br\/index.php\/confira-as-vagas-de-emprego-disponiveis-pela-secretaria-do-trabalho-nesta-segunda-feira\/"},"wordCount":369,"publisher":{"@id":"https:\/\/www.cambe.pr.gov.br\/#organization"},"image":{"@id":"https:\/\/www.cambe.pr.gov.br\/index.php\/confira-as-vagas-de-emprego-disponiveis-pela-secretaria-do-trabalho-nesta-segunda-feira\/#primaryimage"},"thumbnailUrl":"http:\/\/www.cambe.pr.gov.br\/wp-content\/uploads\/2022\/02\/carteira_de_trabalho_07122000711-e1648648949347-1024x682.jpg","articleSection":["Principal"],"inLanguage":"pt-BR"},{"@type":"WebPage","@id":"https:\/\/www.cambe.pr.gov.br\/index.php\/confira-as-vagas-de-emprego-disponiveis-pela-secretaria-do-trabalho-nesta-segunda-feira\/","url":"https:\/\/www.cambe.pr.gov.br\/index.php\/confira-as-vagas-de-emprego-disponiveis-pela-secretaria-do-trabalho-nesta-segunda-feira\/","name":"Confira as vagas de emprego dispon\u00edveis pela Secretaria do Trabalho nesta segunda-feira - Prefeitura de Camb\u00e9","isPartOf":{"@id":"https:\/\/www.cambe.pr.gov.br\/#website"},"primaryImageOfPage":{"@id":"https:\/\/www.cambe.pr.gov.br\/index.php\/confira-as-vagas-de-emprego-disponiveis-pela-secretaria-do-trabalho-nesta-segunda-feira\/#primaryimage"},"image":{"@id":"https:\/\/www.cambe.pr.gov.br\/index.php\/confira-as-vagas-de-emprego-disponiveis-pela-secretaria-do-trabalho-nesta-segunda-feira\/#primaryimage"},"thumbnailUrl":"http:\/\/www.cambe.pr.gov.br\/wp-content\/uploads\/2022\/02\/carteira_de_trabalho_07122000711-e1648648949347-1024x682.jpg","datePublished":"2022-08-08T19:47:53+00:00","dateModified":"2024-10-07T16:01:00+00:00","breadcrumb":{"@id":"https:\/\/www.cambe.pr.gov.br\/index.php\/confira-as-vagas-de-emprego-disponiveis-pela-secretaria-do-trabalho-nesta-segunda-feira\/#breadcrumb"},"inLanguage":"pt-BR","potentialAction":[{"@type":"ReadAction","target":["https:\/\/www.cambe.pr.gov.br\/index.php\/confira-as-vagas-de-emprego-disponiveis-pela-secretaria-do-trabalho-nesta-segunda-feira\/"]}]},{"@type":"ImageObject","inLanguage":"pt-BR","@id":"https:\/\/www.cambe.pr.gov.br\/index.php\/confira-as-vagas-de-emprego-disponiveis-pela-secretaria-do-trabalho-nesta-segunda-feira\/#primaryimage","url":"http:\/\/www.cambe.pr.gov.br\/wp-content\/uploads\/2022\/02\/carteira_de_trabalho_07122000711-e1648648949347-1024x682.jpg","contentUrl":"http:\/\/www.cambe.pr.gov.br\/wp-content\/uploads\/2022\/02\/carteira_de_trabalho_07122000711-e1648648949347-1024x682.jpg"},{"@type":"BreadcrumbList","@id":"https:\/\/www.cambe.pr.gov.br\/index.php\/confira-as-vagas-de-emprego-disponiveis-pela-secretaria-do-trabalho-nesta-segunda-feira\/#breadcrumb","itemListElement":[{"@type":"ListItem","position":1,"name":"In\u00edcio","item":"https:\/\/www.cambe.pr.gov.br\/"},{"@type":"ListItem","position":2,"name":"Confira as vagas de emprego dispon\u00edveis pela Secretaria do Trabalho nesta segunda-feira"}]},{"@type":"WebSite","@id":"https:\/\/www.cambe.pr.gov.br\/#website","url":"https:\/\/www.cambe.pr.gov.br\/","name":"Prefeitura de Camb\u00e9","description":"UM GOVERNO PARA TODOS","publisher":{"@id":"https:\/\/www.cambe.pr.gov.br\/#organization"},"potentialAction":[{"@type":"SearchAction","target":{"@type":"EntryPoint","urlTemplate":"https:\/\/www.cambe.pr.gov.br\/?s={search_term_string}"},"query-input":{"@type":"PropertyValueSpecification","valueRequired":true,"valueName":"search_term_string"}}],"inLanguage":"pt-BR"},{"@type":"Organization","@id":"https:\/\/www.cambe.pr.gov.br\/#organization","name":"Prefeitura de Camb\u00e9","url":"https:\/\/www.cambe.pr.gov.br\/","logo":{"@type":"ImageObject","inLanguage":"pt-BR","@id":"https:\/\/www.cambe.pr.gov.br\/#\/schema\/logo\/image\/","url":"https:\/\/www.cambe.pr.gov.br\/wp-content\/uploads\/2021\/01\/cropped-cropped-cambe_brazao-icone.png","contentUrl":"https:\/\/www.cambe.pr.gov.br\/wp-content\/uploads\/2021\/01\/cropped-cropped-cambe_brazao-icone.png","width":240,"height":240,"caption":"Prefeitura de Camb\u00e9"},"image":{"@id":"https:\/\/www.cambe.pr.gov.br\/#\/schema\/logo\/image\/"},"sameAs":["https:\/\/m.facebook.com\/prefeituradecambe"]},{"@type":"Person","@id":"https:\/\/www.cambe.pr.gov.br\/#\/schema\/person\/43b191a728babf8730823b22d888d98b","name":"Mateus Goulart Itiyama","image":{"@type":"ImageObject","inLanguage":"pt-BR","@id":"https:\/\/secure.gravatar.com\/avatar\/5ffc167a361290b7e863147a2ca418909f497566de633f627f8baffc8507a392?s=96&d=mm&r=g","url":"https:\/\/secure.gravatar.com\/avatar\/5ffc167a361290b7e863147a2ca418909f497566de633f627f8baffc8507a392?s=96&d=mm&r=g","contentUrl":"https:\/\/secure.gravatar.com\/avatar\/5ffc167a361290b7e863147a2ca418909f497566de633f627f8baffc8507a392?s=96&d=mm&r=g","caption":"Mateus Goulart Itiyama"},"url":"https:\/\/www.cambe.pr.gov.br\/index.php\/author\/mgitiyama\/"}]}},"_links":{"self":[{"href":"https:\/\/www.cambe.pr.gov.br\/index.php\/wp-json\/wp\/v2\/posts\/7174","targetHints":{"allow":["GET"]}}],"collection":[{"href":"https:\/\/www.cambe.pr.gov.br\/index.php\/wp-json\/wp\/v2\/posts"}],"about":[{"href":"https:\/\/www.cambe.pr.gov.br\/index.php\/wp-json\/wp\/v2\/types\/post"}],"author":[{"embeddable":true,"href":"https:\/\/www.cambe.pr.gov.br\/index.php\/wp-json\/wp\/v2\/users\/3"}],"replies":[{"embeddable":true,"href":"https:\/\/www.cambe.pr.gov.br\/index.php\/wp-json\/wp\/v2\/comments?post=7174"}],"version-history":[{"count":2,"href":"https:\/\/www.cambe.pr.gov.br\/index.php\/wp-json\/wp\/v2\/posts\/7174\/revisions"}],"predecessor-version":[{"id":7188,"href":"https:\/\/www.cambe.pr.gov.br\/index.php\/wp-json\/wp\/v2\/posts\/7174\/revisions\/7188"}],"wp:attachment":[{"href":"https:\/\/www.cambe.pr.gov.br\/index.php\/wp-json\/wp\/v2\/media?parent=7174"}],"wp:term":[{"taxonomy":"category","embeddable":true,"href":"https:\/\/www.cambe.pr.gov.br\/index.php\/wp-json\/wp\/v2\/categories?post=7174"},{"taxonomy":"post_tag","embeddable":true,"href":"https:\/\/www.cambe.pr.gov.br\/index.php\/wp-json\/wp\/v2\/tags?post=7174"}],"curies":[{"name":"wp","href":"https:\/\/api.w.org\/{rel}","templated":true}]}}