{"id":7170,"date":"2022-08-08T16:46:15","date_gmt":"2022-08-08T19:46:15","guid":{"rendered":"http:\/\/www.cambe.pr.gov.br\/?p=7170"},"modified":"2024-10-07T13:01:00","modified_gmt":"2024-10-07T16:01:00","slug":"roda-de-conversa-encerra-ix-semana-da-conscientizacao-sobre-o-tdah","status":"publish","type":"post","link":"https:\/\/www.cambe.pr.gov.br\/index.php\/roda-de-conversa-encerra-ix-semana-da-conscientizacao-sobre-o-tdah\/","title":{"rendered":"Roda de conversa encerra IX Semana da Conscientiza\u00e7\u00e3o sobre o TDAH"},"content":{"rendered":"<p style=\"text-align: justify;\"><span style=\"font-family: arial, helvetica, sans-serif;\"><img fetchpriority=\"high\" decoding=\"async\" class=\"alignleft wp-image-7171 size-large\" src=\"https:\/\/www.cambe.pr.gov.br\/wp-content\/uploads\/2022\/08\/WhatsApp-Image-2022-08-08-at-1.28.38-PM-1024x678.jpeg\" alt=\"\" width=\"610\" height=\"404\" srcset=\"https:\/\/www.cambe.pr.gov.br\/wp-content\/uploads\/2022\/08\/WhatsApp-Image-2022-08-08-at-1.28.38-PM-1024x678.jpeg 1024w, https:\/\/www.cambe.pr.gov.br\/wp-content\/uploads\/2022\/08\/WhatsApp-Image-2022-08-08-at-1.28.38-PM-300x199.jpeg 300w, https:\/\/www.cambe.pr.gov.br\/wp-content\/uploads\/2022\/08\/WhatsApp-Image-2022-08-08-at-1.28.38-PM-768x508.jpeg 768w, https:\/\/www.cambe.pr.gov.br\/wp-content\/uploads\/2022\/08\/WhatsApp-Image-2022-08-08-at-1.28.38-PM.jpeg 1280w\" sizes=\"(max-width: 610px) 100vw, 610px\" \/>Na sexta-feira (05\/08) a Secretaria de Educa\u00e7\u00e3o encerrou a IX Semana de Conscientiza\u00e7\u00e3o sobre o Transtorno do D\u00e9ficit de Aten\u00e7\u00e3o com Hiperatividade (TDAH) atrav\u00e9s de uma roda de conversa com os familiares de alunos da educa\u00e7\u00e3o especial, com apresenta\u00e7\u00f5es culturais e caf\u00e9 da manh\u00e3. O encerramento aconteceu no Centro da Juventude de Camb\u00e9.<\/span><\/p>\n<p style=\"text-align: justify;\"><span style=\"font-family: arial, helvetica, sans-serif;\">A secret\u00e1ria de Educa\u00e7\u00e3o, Estela Camata, explica que o encontro de sexta-feira contou com as fam\u00edlias do projeto \u201cFam\u00edlias Potencializadoras\u201d, da Secretaria de Educa\u00e7\u00e3o, em conjunto do N\u00facleo de Educa\u00e7\u00e3o Especial do Desenvolvimento Humano (NEEED). &#8220;Foi um encontro para ouvir as fam\u00edlias, para trocar as experi\u00eancias vividas por elas e seu filhos, esse momento \u00e9 importante para as m\u00e3es e crian\u00e7as, pois elas se sentem acolhidas em suas inseguran\u00e7as e ang\u00fastias, al\u00e9m de fortalecer o v\u00ednculo com a Educa\u00e7\u00e3o\u201d, detalha.<\/span><\/p>\n<p style=\"text-align: justify;\"><span style=\"font-family: arial, helvetica, sans-serif;\">Durante o evento, foram discutidas as dificuldades que as fam\u00edlias de crian\u00e7as com TDAH e autismo enfrentam. As m\u00e3es de crian\u00e7as autistas, do grupo \u201cCora\u00e7\u00e3o Azul\u201d de Camb\u00e9, tamb\u00e9m participaram da roda de conversa e compartilharam as suas experi\u00eancias. A administradora do grupo, Renata Pereira dos Santos de Campos, conta que essa reuni\u00e3o com as fam\u00edlias e a educa\u00e7\u00e3o foi uma maneira de compartilhar os problemas encontrados no dia a dia. \u201cTamb\u00e9m foi uma troca de experi\u00eancia das m\u00e3es. Foi um desabafo, l\u00e1 vemos que nossas lutas s\u00e3o iguais. Foi primeira vez que participei e estou ansiosa para pr\u00f3xima\u201d, finaliza.<\/span><\/p>\n<p><em><span style=\"font-family: arial, helvetica, sans-serif;\">Sob supervis\u00e3o de Thiago Mossini<\/span><\/em><\/p>\n","protected":false},"excerpt":{"rendered":"<p>Na sexta-feira (05\/08) a Secretaria de Educa\u00e7\u00e3o encerrou a IX Semana de Conscientiza\u00e7\u00e3o sobre o Transtorno do D\u00e9ficit de Aten\u00e7\u00e3o com Hiperatividade (TDAH) atrav\u00e9s de uma roda de conversa com os familiares de alunos da educa\u00e7\u00e3o especial, com apresenta\u00e7\u00f5es culturais e caf\u00e9 da manh\u00e3. O encerramento aconteceu no Centro da Juventude de Camb\u00e9. A secret\u00e1ria [&hellip;]<\/p>\n","protected":false},"author":2,"featured_media":0,"comment_status":"closed","ping_status":"open","sticky":false,"template":"","format":"standard","meta":{"ngg_post_thumbnail":0,"footnotes":""},"categories":[1],"tags":[],"class_list":["post-7170","post","type-post","status-publish","format-standard","hentry","category-principal"],"yoast_head":"<!-- This site is optimized with the Yoast SEO plugin v27.4 - https:\/\/yoast.com\/product\/yoast-seo-wordpress\/ -->\n<title>Roda de conversa encerra IX Semana da Conscientiza\u00e7\u00e3o sobre o TDAH - Prefeitura de Camb\u00e9<\/title>\n<meta name=\"robots\" content=\"index, follow, max-snippet:-1, max-image-preview:large, max-video-preview:-1\" \/>\n<link rel=\"canonical\" href=\"https:\/\/www.cambe.pr.gov.br\/index.php\/roda-de-conversa-encerra-ix-semana-da-conscientizacao-sobre-o-tdah\/\" \/>\n<meta property=\"og:locale\" content=\"pt_BR\" \/>\n<meta property=\"og:type\" content=\"article\" \/>\n<meta property=\"og:title\" content=\"Roda de conversa encerra IX Semana da Conscientiza\u00e7\u00e3o sobre o TDAH - Prefeitura de Camb\u00e9\" \/>\n<meta property=\"og:description\" content=\"Na sexta-feira (05\/08) a Secretaria de Educa\u00e7\u00e3o encerrou a IX Semana de Conscientiza\u00e7\u00e3o sobre o Transtorno do D\u00e9ficit de Aten\u00e7\u00e3o com Hiperatividade (TDAH) atrav\u00e9s de uma roda de conversa com os familiares de alunos da educa\u00e7\u00e3o especial, com apresenta\u00e7\u00f5es culturais e caf\u00e9 da manh\u00e3. O encerramento aconteceu no Centro da Juventude de Camb\u00e9. A secret\u00e1ria [&hellip;]\" \/>\n<meta property=\"og:url\" content=\"https:\/\/www.cambe.pr.gov.br\/index.php\/roda-de-conversa-encerra-ix-semana-da-conscientizacao-sobre-o-tdah\/\" \/>\n<meta property=\"og:site_name\" content=\"Prefeitura de Camb\u00e9\" \/>\n<meta property=\"article:publisher\" content=\"https:\/\/m.facebook.com\/prefeituradecambe\" \/>\n<meta property=\"article:published_time\" content=\"2022-08-08T19:46:15+00:00\" \/>\n<meta property=\"article:modified_time\" content=\"2024-10-07T16:01:00+00:00\" \/>\n<meta property=\"og:image\" content=\"http:\/\/www.cambe.pr.gov.br\/wp-content\/uploads\/2022\/08\/WhatsApp-Image-2022-08-08-at-1.28.38-PM-1024x678.jpeg\" \/>\n<meta name=\"author\" content=\"Thiago Mossini Balbino dos Santos\" \/>\n<meta name=\"twitter:card\" content=\"summary_large_image\" \/>\n<meta name=\"twitter:label1\" content=\"Escrito por\" \/>\n\t<meta name=\"twitter:data1\" content=\"Thiago Mossini Balbino dos Santos\" \/>\n\t<meta name=\"twitter:label2\" content=\"Est. tempo de leitura\" \/>\n\t<meta name=\"twitter:data2\" content=\"1 minuto\" \/>\n<script type=\"application\/ld+json\" class=\"yoast-schema-graph\">{\"@context\":\"https:\\\/\\\/schema.org\",\"@graph\":[{\"@type\":\"Article\",\"@id\":\"https:\\\/\\\/www.cambe.pr.gov.br\\\/index.php\\\/roda-de-conversa-encerra-ix-semana-da-conscientizacao-sobre-o-tdah\\\/#article\",\"isPartOf\":{\"@id\":\"https:\\\/\\\/www.cambe.pr.gov.br\\\/index.php\\\/roda-de-conversa-encerra-ix-semana-da-conscientizacao-sobre-o-tdah\\\/\"},\"author\":{\"name\":\"Thiago Mossini Balbino dos Santos\",\"@id\":\"https:\\\/\\\/www.cambe.pr.gov.br\\\/#\\\/schema\\\/person\\\/e08f7c43a641b2ec036e4e867ec483e4\"},\"headline\":\"Roda de conversa encerra IX Semana da Conscientiza\u00e7\u00e3o sobre o TDAH\",\"datePublished\":\"2022-08-08T19:46:15+00:00\",\"dateModified\":\"2024-10-07T16:01:00+00:00\",\"mainEntityOfPage\":{\"@id\":\"https:\\\/\\\/www.cambe.pr.gov.br\\\/index.php\\\/roda-de-conversa-encerra-ix-semana-da-conscientizacao-sobre-o-tdah\\\/\"},\"wordCount\":287,\"publisher\":{\"@id\":\"https:\\\/\\\/www.cambe.pr.gov.br\\\/#organization\"},\"image\":{\"@id\":\"https:\\\/\\\/www.cambe.pr.gov.br\\\/index.php\\\/roda-de-conversa-encerra-ix-semana-da-conscientizacao-sobre-o-tdah\\\/#primaryimage\"},\"thumbnailUrl\":\"http:\\\/\\\/www.cambe.pr.gov.br\\\/wp-content\\\/uploads\\\/2022\\\/08\\\/WhatsApp-Image-2022-08-08-at-1.28.38-PM-1024x678.jpeg\",\"articleSection\":[\"Principal\"],\"inLanguage\":\"pt-BR\"},{\"@type\":\"WebPage\",\"@id\":\"https:\\\/\\\/www.cambe.pr.gov.br\\\/index.php\\\/roda-de-conversa-encerra-ix-semana-da-conscientizacao-sobre-o-tdah\\\/\",\"url\":\"https:\\\/\\\/www.cambe.pr.gov.br\\\/index.php\\\/roda-de-conversa-encerra-ix-semana-da-conscientizacao-sobre-o-tdah\\\/\",\"name\":\"Roda de conversa encerra IX Semana da Conscientiza\u00e7\u00e3o sobre o TDAH - Prefeitura de Camb\u00e9\",\"isPartOf\":{\"@id\":\"https:\\\/\\\/www.cambe.pr.gov.br\\\/#website\"},\"primaryImageOfPage\":{\"@id\":\"https:\\\/\\\/www.cambe.pr.gov.br\\\/index.php\\\/roda-de-conversa-encerra-ix-semana-da-conscientizacao-sobre-o-tdah\\\/#primaryimage\"},\"image\":{\"@id\":\"https:\\\/\\\/www.cambe.pr.gov.br\\\/index.php\\\/roda-de-conversa-encerra-ix-semana-da-conscientizacao-sobre-o-tdah\\\/#primaryimage\"},\"thumbnailUrl\":\"http:\\\/\\\/www.cambe.pr.gov.br\\\/wp-content\\\/uploads\\\/2022\\\/08\\\/WhatsApp-Image-2022-08-08-at-1.28.38-PM-1024x678.jpeg\",\"datePublished\":\"2022-08-08T19:46:15+00:00\",\"dateModified\":\"2024-10-07T16:01:00+00:00\",\"breadcrumb\":{\"@id\":\"https:\\\/\\\/www.cambe.pr.gov.br\\\/index.php\\\/roda-de-conversa-encerra-ix-semana-da-conscientizacao-sobre-o-tdah\\\/#breadcrumb\"},\"inLanguage\":\"pt-BR\",\"potentialAction\":[{\"@type\":\"ReadAction\",\"target\":[\"https:\\\/\\\/www.cambe.pr.gov.br\\\/index.php\\\/roda-de-conversa-encerra-ix-semana-da-conscientizacao-sobre-o-tdah\\\/\"]}]},{\"@type\":\"ImageObject\",\"inLanguage\":\"pt-BR\",\"@id\":\"https:\\\/\\\/www.cambe.pr.gov.br\\\/index.php\\\/roda-de-conversa-encerra-ix-semana-da-conscientizacao-sobre-o-tdah\\\/#primaryimage\",\"url\":\"http:\\\/\\\/www.cambe.pr.gov.br\\\/wp-content\\\/uploads\\\/2022\\\/08\\\/WhatsApp-Image-2022-08-08-at-1.28.38-PM-1024x678.jpeg\",\"contentUrl\":\"http:\\\/\\\/www.cambe.pr.gov.br\\\/wp-content\\\/uploads\\\/2022\\\/08\\\/WhatsApp-Image-2022-08-08-at-1.28.38-PM-1024x678.jpeg\"},{\"@type\":\"BreadcrumbList\",\"@id\":\"https:\\\/\\\/www.cambe.pr.gov.br\\\/index.php\\\/roda-de-conversa-encerra-ix-semana-da-conscientizacao-sobre-o-tdah\\\/#breadcrumb\",\"itemListElement\":[{\"@type\":\"ListItem\",\"position\":1,\"name\":\"In\u00edcio\",\"item\":\"https:\\\/\\\/www.cambe.pr.gov.br\\\/\"},{\"@type\":\"ListItem\",\"position\":2,\"name\":\"Roda de conversa encerra IX Semana da Conscientiza\u00e7\u00e3o sobre o TDAH\"}]},{\"@type\":\"WebSite\",\"@id\":\"https:\\\/\\\/www.cambe.pr.gov.br\\\/#website\",\"url\":\"https:\\\/\\\/www.cambe.pr.gov.br\\\/\",\"name\":\"Prefeitura de Camb\u00e9\",\"description\":\"UM GOVERNO PARA TODOS\",\"publisher\":{\"@id\":\"https:\\\/\\\/www.cambe.pr.gov.br\\\/#organization\"},\"potentialAction\":[{\"@type\":\"SearchAction\",\"target\":{\"@type\":\"EntryPoint\",\"urlTemplate\":\"https:\\\/\\\/www.cambe.pr.gov.br\\\/?s={search_term_string}\"},\"query-input\":{\"@type\":\"PropertyValueSpecification\",\"valueRequired\":true,\"valueName\":\"search_term_string\"}}],\"inLanguage\":\"pt-BR\"},{\"@type\":\"Organization\",\"@id\":\"https:\\\/\\\/www.cambe.pr.gov.br\\\/#organization\",\"name\":\"Prefeitura de Camb\u00e9\",\"url\":\"https:\\\/\\\/www.cambe.pr.gov.br\\\/\",\"logo\":{\"@type\":\"ImageObject\",\"inLanguage\":\"pt-BR\",\"@id\":\"https:\\\/\\\/www.cambe.pr.gov.br\\\/#\\\/schema\\\/logo\\\/image\\\/\",\"url\":\"https:\\\/\\\/www.cambe.pr.gov.br\\\/wp-content\\\/uploads\\\/2021\\\/01\\\/cropped-cropped-cambe_brazao-icone.png\",\"contentUrl\":\"https:\\\/\\\/www.cambe.pr.gov.br\\\/wp-content\\\/uploads\\\/2021\\\/01\\\/cropped-cropped-cambe_brazao-icone.png\",\"width\":240,\"height\":240,\"caption\":\"Prefeitura de Camb\u00e9\"},\"image\":{\"@id\":\"https:\\\/\\\/www.cambe.pr.gov.br\\\/#\\\/schema\\\/logo\\\/image\\\/\"},\"sameAs\":[\"https:\\\/\\\/m.facebook.com\\\/prefeituradecambe\"]},{\"@type\":\"Person\",\"@id\":\"https:\\\/\\\/www.cambe.pr.gov.br\\\/#\\\/schema\\\/person\\\/e08f7c43a641b2ec036e4e867ec483e4\",\"name\":\"Thiago Mossini Balbino dos Santos\",\"image\":{\"@type\":\"ImageObject\",\"inLanguage\":\"pt-BR\",\"@id\":\"https:\\\/\\\/secure.gravatar.com\\\/avatar\\\/d957ed4e1bc3ebf5769d1003f9709cd2012ebf424eb4a5d76a933fee30e874b6?s=96&d=mm&r=g\",\"url\":\"https:\\\/\\\/secure.gravatar.com\\\/avatar\\\/d957ed4e1bc3ebf5769d1003f9709cd2012ebf424eb4a5d76a933fee30e874b6?s=96&d=mm&r=g\",\"contentUrl\":\"https:\\\/\\\/secure.gravatar.com\\\/avatar\\\/d957ed4e1bc3ebf5769d1003f9709cd2012ebf424eb4a5d76a933fee30e874b6?s=96&d=mm&r=g\",\"caption\":\"Thiago Mossini Balbino dos Santos\"},\"url\":\"https:\\\/\\\/www.cambe.pr.gov.br\\\/index.php\\\/author\\\/tmbsantos\\\/\"}]}<\/script>\n<!-- \/ Yoast SEO plugin. -->","yoast_head_json":{"title":"Roda de conversa encerra IX Semana da Conscientiza\u00e7\u00e3o sobre o TDAH - Prefeitura de Camb\u00e9","robots":{"index":"index","follow":"follow","max-snippet":"max-snippet:-1","max-image-preview":"max-image-preview:large","max-video-preview":"max-video-preview:-1"},"canonical":"https:\/\/www.cambe.pr.gov.br\/index.php\/roda-de-conversa-encerra-ix-semana-da-conscientizacao-sobre-o-tdah\/","og_locale":"pt_BR","og_type":"article","og_title":"Roda de conversa encerra IX Semana da Conscientiza\u00e7\u00e3o sobre o TDAH - Prefeitura de Camb\u00e9","og_description":"Na sexta-feira (05\/08) a Secretaria de Educa\u00e7\u00e3o encerrou a IX Semana de Conscientiza\u00e7\u00e3o sobre o Transtorno do D\u00e9ficit de Aten\u00e7\u00e3o com Hiperatividade (TDAH) atrav\u00e9s de uma roda de conversa com os familiares de alunos da educa\u00e7\u00e3o especial, com apresenta\u00e7\u00f5es culturais e caf\u00e9 da manh\u00e3. O encerramento aconteceu no Centro da Juventude de Camb\u00e9. A secret\u00e1ria [&hellip;]","og_url":"https:\/\/www.cambe.pr.gov.br\/index.php\/roda-de-conversa-encerra-ix-semana-da-conscientizacao-sobre-o-tdah\/","og_site_name":"Prefeitura de Camb\u00e9","article_publisher":"https:\/\/m.facebook.com\/prefeituradecambe","article_published_time":"2022-08-08T19:46:15+00:00","article_modified_time":"2024-10-07T16:01:00+00:00","og_image":[{"url":"http:\/\/www.cambe.pr.gov.br\/wp-content\/uploads\/2022\/08\/WhatsApp-Image-2022-08-08-at-1.28.38-PM-1024x678.jpeg","type":"","width":"","height":""}],"author":"Thiago Mossini Balbino dos Santos","twitter_card":"summary_large_image","twitter_misc":{"Escrito por":"Thiago Mossini Balbino dos Santos","Est. tempo de leitura":"1 minuto"},"schema":{"@context":"https:\/\/schema.org","@graph":[{"@type":"Article","@id":"https:\/\/www.cambe.pr.gov.br\/index.php\/roda-de-conversa-encerra-ix-semana-da-conscientizacao-sobre-o-tdah\/#article","isPartOf":{"@id":"https:\/\/www.cambe.pr.gov.br\/index.php\/roda-de-conversa-encerra-ix-semana-da-conscientizacao-sobre-o-tdah\/"},"author":{"name":"Thiago Mossini Balbino dos Santos","@id":"https:\/\/www.cambe.pr.gov.br\/#\/schema\/person\/e08f7c43a641b2ec036e4e867ec483e4"},"headline":"Roda de conversa encerra IX Semana da Conscientiza\u00e7\u00e3o sobre o TDAH","datePublished":"2022-08-08T19:46:15+00:00","dateModified":"2024-10-07T16:01:00+00:00","mainEntityOfPage":{"@id":"https:\/\/www.cambe.pr.gov.br\/index.php\/roda-de-conversa-encerra-ix-semana-da-conscientizacao-sobre-o-tdah\/"},"wordCount":287,"publisher":{"@id":"https:\/\/www.cambe.pr.gov.br\/#organization"},"image":{"@id":"https:\/\/www.cambe.pr.gov.br\/index.php\/roda-de-conversa-encerra-ix-semana-da-conscientizacao-sobre-o-tdah\/#primaryimage"},"thumbnailUrl":"http:\/\/www.cambe.pr.gov.br\/wp-content\/uploads\/2022\/08\/WhatsApp-Image-2022-08-08-at-1.28.38-PM-1024x678.jpeg","articleSection":["Principal"],"inLanguage":"pt-BR"},{"@type":"WebPage","@id":"https:\/\/www.cambe.pr.gov.br\/index.php\/roda-de-conversa-encerra-ix-semana-da-conscientizacao-sobre-o-tdah\/","url":"https:\/\/www.cambe.pr.gov.br\/index.php\/roda-de-conversa-encerra-ix-semana-da-conscientizacao-sobre-o-tdah\/","name":"Roda de conversa encerra IX Semana da Conscientiza\u00e7\u00e3o sobre o TDAH - Prefeitura de Camb\u00e9","isPartOf":{"@id":"https:\/\/www.cambe.pr.gov.br\/#website"},"primaryImageOfPage":{"@id":"https:\/\/www.cambe.pr.gov.br\/index.php\/roda-de-conversa-encerra-ix-semana-da-conscientizacao-sobre-o-tdah\/#primaryimage"},"image":{"@id":"https:\/\/www.cambe.pr.gov.br\/index.php\/roda-de-conversa-encerra-ix-semana-da-conscientizacao-sobre-o-tdah\/#primaryimage"},"thumbnailUrl":"http:\/\/www.cambe.pr.gov.br\/wp-content\/uploads\/2022\/08\/WhatsApp-Image-2022-08-08-at-1.28.38-PM-1024x678.jpeg","datePublished":"2022-08-08T19:46:15+00:00","dateModified":"2024-10-07T16:01:00+00:00","breadcrumb":{"@id":"https:\/\/www.cambe.pr.gov.br\/index.php\/roda-de-conversa-encerra-ix-semana-da-conscientizacao-sobre-o-tdah\/#breadcrumb"},"inLanguage":"pt-BR","potentialAction":[{"@type":"ReadAction","target":["https:\/\/www.cambe.pr.gov.br\/index.php\/roda-de-conversa-encerra-ix-semana-da-conscientizacao-sobre-o-tdah\/"]}]},{"@type":"ImageObject","inLanguage":"pt-BR","@id":"https:\/\/www.cambe.pr.gov.br\/index.php\/roda-de-conversa-encerra-ix-semana-da-conscientizacao-sobre-o-tdah\/#primaryimage","url":"http:\/\/www.cambe.pr.gov.br\/wp-content\/uploads\/2022\/08\/WhatsApp-Image-2022-08-08-at-1.28.38-PM-1024x678.jpeg","contentUrl":"http:\/\/www.cambe.pr.gov.br\/wp-content\/uploads\/2022\/08\/WhatsApp-Image-2022-08-08-at-1.28.38-PM-1024x678.jpeg"},{"@type":"BreadcrumbList","@id":"https:\/\/www.cambe.pr.gov.br\/index.php\/roda-de-conversa-encerra-ix-semana-da-conscientizacao-sobre-o-tdah\/#breadcrumb","itemListElement":[{"@type":"ListItem","position":1,"name":"In\u00edcio","item":"https:\/\/www.cambe.pr.gov.br\/"},{"@type":"ListItem","position":2,"name":"Roda de conversa encerra IX Semana da Conscientiza\u00e7\u00e3o sobre o TDAH"}]},{"@type":"WebSite","@id":"https:\/\/www.cambe.pr.gov.br\/#website","url":"https:\/\/www.cambe.pr.gov.br\/","name":"Prefeitura de Camb\u00e9","description":"UM GOVERNO PARA TODOS","publisher":{"@id":"https:\/\/www.cambe.pr.gov.br\/#organization"},"potentialAction":[{"@type":"SearchAction","target":{"@type":"EntryPoint","urlTemplate":"https:\/\/www.cambe.pr.gov.br\/?s={search_term_string}"},"query-input":{"@type":"PropertyValueSpecification","valueRequired":true,"valueName":"search_term_string"}}],"inLanguage":"pt-BR"},{"@type":"Organization","@id":"https:\/\/www.cambe.pr.gov.br\/#organization","name":"Prefeitura de Camb\u00e9","url":"https:\/\/www.cambe.pr.gov.br\/","logo":{"@type":"ImageObject","inLanguage":"pt-BR","@id":"https:\/\/www.cambe.pr.gov.br\/#\/schema\/logo\/image\/","url":"https:\/\/www.cambe.pr.gov.br\/wp-content\/uploads\/2021\/01\/cropped-cropped-cambe_brazao-icone.png","contentUrl":"https:\/\/www.cambe.pr.gov.br\/wp-content\/uploads\/2021\/01\/cropped-cropped-cambe_brazao-icone.png","width":240,"height":240,"caption":"Prefeitura de Camb\u00e9"},"image":{"@id":"https:\/\/www.cambe.pr.gov.br\/#\/schema\/logo\/image\/"},"sameAs":["https:\/\/m.facebook.com\/prefeituradecambe"]},{"@type":"Person","@id":"https:\/\/www.cambe.pr.gov.br\/#\/schema\/person\/e08f7c43a641b2ec036e4e867ec483e4","name":"Thiago Mossini Balbino dos Santos","image":{"@type":"ImageObject","inLanguage":"pt-BR","@id":"https:\/\/secure.gravatar.com\/avatar\/d957ed4e1bc3ebf5769d1003f9709cd2012ebf424eb4a5d76a933fee30e874b6?s=96&d=mm&r=g","url":"https:\/\/secure.gravatar.com\/avatar\/d957ed4e1bc3ebf5769d1003f9709cd2012ebf424eb4a5d76a933fee30e874b6?s=96&d=mm&r=g","contentUrl":"https:\/\/secure.gravatar.com\/avatar\/d957ed4e1bc3ebf5769d1003f9709cd2012ebf424eb4a5d76a933fee30e874b6?s=96&d=mm&r=g","caption":"Thiago Mossini Balbino dos Santos"},"url":"https:\/\/www.cambe.pr.gov.br\/index.php\/author\/tmbsantos\/"}]}},"_links":{"self":[{"href":"https:\/\/www.cambe.pr.gov.br\/index.php\/wp-json\/wp\/v2\/posts\/7170","targetHints":{"allow":["GET"]}}],"collection":[{"href":"https:\/\/www.cambe.pr.gov.br\/index.php\/wp-json\/wp\/v2\/posts"}],"about":[{"href":"https:\/\/www.cambe.pr.gov.br\/index.php\/wp-json\/wp\/v2\/types\/post"}],"author":[{"embeddable":true,"href":"https:\/\/www.cambe.pr.gov.br\/index.php\/wp-json\/wp\/v2\/users\/2"}],"replies":[{"embeddable":true,"href":"https:\/\/www.cambe.pr.gov.br\/index.php\/wp-json\/wp\/v2\/comments?post=7170"}],"version-history":[{"count":4,"href":"https:\/\/www.cambe.pr.gov.br\/index.php\/wp-json\/wp\/v2\/posts\/7170\/revisions"}],"predecessor-version":[{"id":7187,"href":"https:\/\/www.cambe.pr.gov.br\/index.php\/wp-json\/wp\/v2\/posts\/7170\/revisions\/7187"}],"wp:attachment":[{"href":"https:\/\/www.cambe.pr.gov.br\/index.php\/wp-json\/wp\/v2\/media?parent=7170"}],"wp:term":[{"taxonomy":"category","embeddable":true,"href":"https:\/\/www.cambe.pr.gov.br\/index.php\/wp-json\/wp\/v2\/categories?post=7170"},{"taxonomy":"post_tag","embeddable":true,"href":"https:\/\/www.cambe.pr.gov.br\/index.php\/wp-json\/wp\/v2\/tags?post=7170"}],"curies":[{"name":"wp","href":"https:\/\/api.w.org\/{rel}","templated":true}]}}