{"id":7123,"date":"2022-08-05T14:28:12","date_gmt":"2022-08-05T17:28:12","guid":{"rendered":"http:\/\/www.cambe.pr.gov.br\/?p=7123"},"modified":"2024-10-07T13:01:00","modified_gmt":"2024-10-07T16:01:00","slug":"clinica-da-mulher-oferece-atividades-fisicas-gratuitas-em-combate-a-obesidade","status":"publish","type":"post","link":"https:\/\/www.cambe.pr.gov.br\/index.php\/clinica-da-mulher-oferece-atividades-fisicas-gratuitas-em-combate-a-obesidade\/","title":{"rendered":"Cl\u00ednica da Mulher oferece atividades f\u00edsicas gratuitas em combate \u00e0 obesidade"},"content":{"rendered":"<p style=\"text-align: justify;\"><span style=\"font-family: arial, helvetica, sans-serif;\"><img fetchpriority=\"high\" decoding=\"async\" class=\"alignleft wp-image-7127 size-large\" src=\"https:\/\/www.cambe.pr.gov.br\/wp-content\/uploads\/2022\/08\/senhoras-1024x679.jpg\" alt=\"\" width=\"610\" height=\"404\" srcset=\"https:\/\/www.cambe.pr.gov.br\/wp-content\/uploads\/2022\/08\/senhoras-1024x679.jpg 1024w, https:\/\/www.cambe.pr.gov.br\/wp-content\/uploads\/2022\/08\/senhoras-300x199.jpg 300w, https:\/\/www.cambe.pr.gov.br\/wp-content\/uploads\/2022\/08\/senhoras-768x509.jpg 768w, https:\/\/www.cambe.pr.gov.br\/wp-content\/uploads\/2022\/08\/senhoras-1536x1018.jpg 1536w, https:\/\/www.cambe.pr.gov.br\/wp-content\/uploads\/2022\/08\/senhoras-2048x1357.jpg 2048w\" sizes=\"(max-width: 610px) 100vw, 610px\" \/>Come\u00e7aram nesta sexta-feira (04\/08) as aulas do projeto Movimento Fitness da Cl\u00ednica da Mulher. O projeto est\u00e1 sendo desenvolvido por meio da Secretaria de Sa\u00fade e tem como intuito o combate \u00e0 obesidade na popula\u00e7\u00e3o feminina. As aulas acontecer\u00e3o todas as quartas e sextas-feiras \u00e0s 9h no Sal\u00e3o Comunit\u00e1rio do Ana Rosa. O projeto \u00e9 destinado \u00e0 mulheres acima de 12 anos, e para participar das atividades basta comparecer \u00e0s aulas.<\/span><\/p>\n<p style=\"text-align: justify;\"><span style=\"font-family: arial, helvetica, sans-serif;\">A coordenadora da Cl\u00ednica da Mulher, Camila Ravagnani Bueno, conta que o projeto pode trazer diversos benef\u00edcios para a qualidade de vida das participantes. \u201cO nosso maior objetivo \u00e9 o combate e tratamento da obesidade\u201d, destaca Camila. De acordo com um levantamento do IBGE, um em cada quatro brasileiros acima de 18 anos esta com excesso de peso. A obesidade atinge ainda mais as mulheres, 62% da popula\u00e7\u00e3o feminina est\u00e1 obesa. O projeto Movimento Fitness oferece um dos componentes do tratamento \u00e0 essa doen\u00e7a, que \u00e9 a atividade f\u00edsica.<\/span><\/p>\n<p style=\"text-align: justify;\"><span style=\"font-family: arial, helvetica, sans-serif;\">As atividades f\u00edsicas praticadas durante as aulas ser\u00e3o acompanhadas diretamente por uma equipe de profissionais. Para mais informa\u00e7\u00f5es \u00e9 necess\u00e1rio entrar em contato com a Cl\u00ednica da Mulher pelo telefone 43 3174-0325.<\/span><\/p>\n<p><em><span style=\"font-family: arial, helvetica, sans-serif;\">Sob supervis\u00e3o de Thiago Mossini<\/span><\/em><\/p>\n<p style=\"text-align: justify;\">&nbsp;<\/p>\n","protected":false},"excerpt":{"rendered":"<p>Come\u00e7aram nesta sexta-feira (04\/08) as aulas do projeto Movimento Fitness da Cl\u00ednica da Mulher. O projeto est\u00e1 sendo desenvolvido por meio da Secretaria de Sa\u00fade e tem como intuito o combate \u00e0 obesidade na popula\u00e7\u00e3o feminina. As aulas acontecer\u00e3o todas as quartas e sextas-feiras \u00e0s 9h no Sal\u00e3o Comunit\u00e1rio do Ana Rosa. O projeto \u00e9 [&hellip;]<\/p>\n","protected":false},"author":2,"featured_media":0,"comment_status":"closed","ping_status":"open","sticky":false,"template":"","format":"standard","meta":{"ngg_post_thumbnail":0,"footnotes":""},"categories":[1],"tags":[],"class_list":["post-7123","post","type-post","status-publish","format-standard","hentry","category-principal"],"yoast_head":"<!-- This site is optimized with the Yoast SEO plugin v27.4 - https:\/\/yoast.com\/product\/yoast-seo-wordpress\/ -->\n<title>Cl\u00ednica da Mulher oferece atividades f\u00edsicas gratuitas em combate \u00e0 obesidade - Prefeitura de Camb\u00e9<\/title>\n<meta name=\"robots\" content=\"index, follow, max-snippet:-1, max-image-preview:large, max-video-preview:-1\" \/>\n<link rel=\"canonical\" href=\"https:\/\/www.cambe.pr.gov.br\/index.php\/clinica-da-mulher-oferece-atividades-fisicas-gratuitas-em-combate-a-obesidade\/\" \/>\n<meta property=\"og:locale\" content=\"pt_BR\" \/>\n<meta property=\"og:type\" content=\"article\" \/>\n<meta property=\"og:title\" content=\"Cl\u00ednica da Mulher oferece atividades f\u00edsicas gratuitas em combate \u00e0 obesidade - Prefeitura de Camb\u00e9\" \/>\n<meta property=\"og:description\" content=\"Come\u00e7aram nesta sexta-feira (04\/08) as aulas do projeto Movimento Fitness da Cl\u00ednica da Mulher. O projeto est\u00e1 sendo desenvolvido por meio da Secretaria de Sa\u00fade e tem como intuito o combate \u00e0 obesidade na popula\u00e7\u00e3o feminina. As aulas acontecer\u00e3o todas as quartas e sextas-feiras \u00e0s 9h no Sal\u00e3o Comunit\u00e1rio do Ana Rosa. O projeto \u00e9 [&hellip;]\" \/>\n<meta property=\"og:url\" content=\"https:\/\/www.cambe.pr.gov.br\/index.php\/clinica-da-mulher-oferece-atividades-fisicas-gratuitas-em-combate-a-obesidade\/\" \/>\n<meta property=\"og:site_name\" content=\"Prefeitura de Camb\u00e9\" \/>\n<meta property=\"article:publisher\" content=\"https:\/\/m.facebook.com\/prefeituradecambe\" \/>\n<meta property=\"article:published_time\" content=\"2022-08-05T17:28:12+00:00\" \/>\n<meta property=\"article:modified_time\" content=\"2024-10-07T16:01:00+00:00\" \/>\n<meta property=\"og:image\" content=\"http:\/\/www.cambe.pr.gov.br\/wp-content\/uploads\/2022\/08\/senhoras-1024x679.jpg\" \/>\n<meta name=\"author\" content=\"Thiago Mossini Balbino dos Santos\" \/>\n<meta name=\"twitter:card\" content=\"summary_large_image\" \/>\n<meta name=\"twitter:label1\" content=\"Escrito por\" \/>\n\t<meta name=\"twitter:data1\" content=\"Thiago Mossini Balbino dos Santos\" \/>\n\t<meta name=\"twitter:label2\" content=\"Est. tempo de leitura\" \/>\n\t<meta name=\"twitter:data2\" content=\"1 minuto\" \/>\n<script type=\"application\/ld+json\" class=\"yoast-schema-graph\">{\"@context\":\"https:\\\/\\\/schema.org\",\"@graph\":[{\"@type\":\"Article\",\"@id\":\"https:\\\/\\\/www.cambe.pr.gov.br\\\/index.php\\\/clinica-da-mulher-oferece-atividades-fisicas-gratuitas-em-combate-a-obesidade\\\/#article\",\"isPartOf\":{\"@id\":\"https:\\\/\\\/www.cambe.pr.gov.br\\\/index.php\\\/clinica-da-mulher-oferece-atividades-fisicas-gratuitas-em-combate-a-obesidade\\\/\"},\"author\":{\"name\":\"Thiago Mossini Balbino dos Santos\",\"@id\":\"https:\\\/\\\/www.cambe.pr.gov.br\\\/#\\\/schema\\\/person\\\/e08f7c43a641b2ec036e4e867ec483e4\"},\"headline\":\"Cl\u00ednica da Mulher oferece atividades f\u00edsicas gratuitas em combate \u00e0 obesidade\",\"datePublished\":\"2022-08-05T17:28:12+00:00\",\"dateModified\":\"2024-10-07T16:01:00+00:00\",\"mainEntityOfPage\":{\"@id\":\"https:\\\/\\\/www.cambe.pr.gov.br\\\/index.php\\\/clinica-da-mulher-oferece-atividades-fisicas-gratuitas-em-combate-a-obesidade\\\/\"},\"wordCount\":216,\"publisher\":{\"@id\":\"https:\\\/\\\/www.cambe.pr.gov.br\\\/#organization\"},\"image\":{\"@id\":\"https:\\\/\\\/www.cambe.pr.gov.br\\\/index.php\\\/clinica-da-mulher-oferece-atividades-fisicas-gratuitas-em-combate-a-obesidade\\\/#primaryimage\"},\"thumbnailUrl\":\"http:\\\/\\\/www.cambe.pr.gov.br\\\/wp-content\\\/uploads\\\/2022\\\/08\\\/senhoras-1024x679.jpg\",\"articleSection\":[\"Principal\"],\"inLanguage\":\"pt-BR\"},{\"@type\":\"WebPage\",\"@id\":\"https:\\\/\\\/www.cambe.pr.gov.br\\\/index.php\\\/clinica-da-mulher-oferece-atividades-fisicas-gratuitas-em-combate-a-obesidade\\\/\",\"url\":\"https:\\\/\\\/www.cambe.pr.gov.br\\\/index.php\\\/clinica-da-mulher-oferece-atividades-fisicas-gratuitas-em-combate-a-obesidade\\\/\",\"name\":\"Cl\u00ednica da Mulher oferece atividades f\u00edsicas gratuitas em combate \u00e0 obesidade - Prefeitura de Camb\u00e9\",\"isPartOf\":{\"@id\":\"https:\\\/\\\/www.cambe.pr.gov.br\\\/#website\"},\"primaryImageOfPage\":{\"@id\":\"https:\\\/\\\/www.cambe.pr.gov.br\\\/index.php\\\/clinica-da-mulher-oferece-atividades-fisicas-gratuitas-em-combate-a-obesidade\\\/#primaryimage\"},\"image\":{\"@id\":\"https:\\\/\\\/www.cambe.pr.gov.br\\\/index.php\\\/clinica-da-mulher-oferece-atividades-fisicas-gratuitas-em-combate-a-obesidade\\\/#primaryimage\"},\"thumbnailUrl\":\"http:\\\/\\\/www.cambe.pr.gov.br\\\/wp-content\\\/uploads\\\/2022\\\/08\\\/senhoras-1024x679.jpg\",\"datePublished\":\"2022-08-05T17:28:12+00:00\",\"dateModified\":\"2024-10-07T16:01:00+00:00\",\"breadcrumb\":{\"@id\":\"https:\\\/\\\/www.cambe.pr.gov.br\\\/index.php\\\/clinica-da-mulher-oferece-atividades-fisicas-gratuitas-em-combate-a-obesidade\\\/#breadcrumb\"},\"inLanguage\":\"pt-BR\",\"potentialAction\":[{\"@type\":\"ReadAction\",\"target\":[\"https:\\\/\\\/www.cambe.pr.gov.br\\\/index.php\\\/clinica-da-mulher-oferece-atividades-fisicas-gratuitas-em-combate-a-obesidade\\\/\"]}]},{\"@type\":\"ImageObject\",\"inLanguage\":\"pt-BR\",\"@id\":\"https:\\\/\\\/www.cambe.pr.gov.br\\\/index.php\\\/clinica-da-mulher-oferece-atividades-fisicas-gratuitas-em-combate-a-obesidade\\\/#primaryimage\",\"url\":\"http:\\\/\\\/www.cambe.pr.gov.br\\\/wp-content\\\/uploads\\\/2022\\\/08\\\/senhoras-1024x679.jpg\",\"contentUrl\":\"http:\\\/\\\/www.cambe.pr.gov.br\\\/wp-content\\\/uploads\\\/2022\\\/08\\\/senhoras-1024x679.jpg\"},{\"@type\":\"BreadcrumbList\",\"@id\":\"https:\\\/\\\/www.cambe.pr.gov.br\\\/index.php\\\/clinica-da-mulher-oferece-atividades-fisicas-gratuitas-em-combate-a-obesidade\\\/#breadcrumb\",\"itemListElement\":[{\"@type\":\"ListItem\",\"position\":1,\"name\":\"In\u00edcio\",\"item\":\"https:\\\/\\\/www.cambe.pr.gov.br\\\/\"},{\"@type\":\"ListItem\",\"position\":2,\"name\":\"Cl\u00ednica da Mulher oferece atividades f\u00edsicas gratuitas em combate \u00e0 obesidade\"}]},{\"@type\":\"WebSite\",\"@id\":\"https:\\\/\\\/www.cambe.pr.gov.br\\\/#website\",\"url\":\"https:\\\/\\\/www.cambe.pr.gov.br\\\/\",\"name\":\"Prefeitura de Camb\u00e9\",\"description\":\"UM GOVERNO PARA TODOS\",\"publisher\":{\"@id\":\"https:\\\/\\\/www.cambe.pr.gov.br\\\/#organization\"},\"potentialAction\":[{\"@type\":\"SearchAction\",\"target\":{\"@type\":\"EntryPoint\",\"urlTemplate\":\"https:\\\/\\\/www.cambe.pr.gov.br\\\/?s={search_term_string}\"},\"query-input\":{\"@type\":\"PropertyValueSpecification\",\"valueRequired\":true,\"valueName\":\"search_term_string\"}}],\"inLanguage\":\"pt-BR\"},{\"@type\":\"Organization\",\"@id\":\"https:\\\/\\\/www.cambe.pr.gov.br\\\/#organization\",\"name\":\"Prefeitura de Camb\u00e9\",\"url\":\"https:\\\/\\\/www.cambe.pr.gov.br\\\/\",\"logo\":{\"@type\":\"ImageObject\",\"inLanguage\":\"pt-BR\",\"@id\":\"https:\\\/\\\/www.cambe.pr.gov.br\\\/#\\\/schema\\\/logo\\\/image\\\/\",\"url\":\"https:\\\/\\\/www.cambe.pr.gov.br\\\/wp-content\\\/uploads\\\/2021\\\/01\\\/cropped-cropped-cambe_brazao-icone.png\",\"contentUrl\":\"https:\\\/\\\/www.cambe.pr.gov.br\\\/wp-content\\\/uploads\\\/2021\\\/01\\\/cropped-cropped-cambe_brazao-icone.png\",\"width\":240,\"height\":240,\"caption\":\"Prefeitura de Camb\u00e9\"},\"image\":{\"@id\":\"https:\\\/\\\/www.cambe.pr.gov.br\\\/#\\\/schema\\\/logo\\\/image\\\/\"},\"sameAs\":[\"https:\\\/\\\/m.facebook.com\\\/prefeituradecambe\"]},{\"@type\":\"Person\",\"@id\":\"https:\\\/\\\/www.cambe.pr.gov.br\\\/#\\\/schema\\\/person\\\/e08f7c43a641b2ec036e4e867ec483e4\",\"name\":\"Thiago Mossini Balbino dos Santos\",\"image\":{\"@type\":\"ImageObject\",\"inLanguage\":\"pt-BR\",\"@id\":\"https:\\\/\\\/secure.gravatar.com\\\/avatar\\\/d957ed4e1bc3ebf5769d1003f9709cd2012ebf424eb4a5d76a933fee30e874b6?s=96&d=mm&r=g\",\"url\":\"https:\\\/\\\/secure.gravatar.com\\\/avatar\\\/d957ed4e1bc3ebf5769d1003f9709cd2012ebf424eb4a5d76a933fee30e874b6?s=96&d=mm&r=g\",\"contentUrl\":\"https:\\\/\\\/secure.gravatar.com\\\/avatar\\\/d957ed4e1bc3ebf5769d1003f9709cd2012ebf424eb4a5d76a933fee30e874b6?s=96&d=mm&r=g\",\"caption\":\"Thiago Mossini Balbino dos Santos\"},\"url\":\"https:\\\/\\\/www.cambe.pr.gov.br\\\/index.php\\\/author\\\/tmbsantos\\\/\"}]}<\/script>\n<!-- \/ Yoast SEO plugin. -->","yoast_head_json":{"title":"Cl\u00ednica da Mulher oferece atividades f\u00edsicas gratuitas em combate \u00e0 obesidade - Prefeitura de Camb\u00e9","robots":{"index":"index","follow":"follow","max-snippet":"max-snippet:-1","max-image-preview":"max-image-preview:large","max-video-preview":"max-video-preview:-1"},"canonical":"https:\/\/www.cambe.pr.gov.br\/index.php\/clinica-da-mulher-oferece-atividades-fisicas-gratuitas-em-combate-a-obesidade\/","og_locale":"pt_BR","og_type":"article","og_title":"Cl\u00ednica da Mulher oferece atividades f\u00edsicas gratuitas em combate \u00e0 obesidade - Prefeitura de Camb\u00e9","og_description":"Come\u00e7aram nesta sexta-feira (04\/08) as aulas do projeto Movimento Fitness da Cl\u00ednica da Mulher. O projeto est\u00e1 sendo desenvolvido por meio da Secretaria de Sa\u00fade e tem como intuito o combate \u00e0 obesidade na popula\u00e7\u00e3o feminina. As aulas acontecer\u00e3o todas as quartas e sextas-feiras \u00e0s 9h no Sal\u00e3o Comunit\u00e1rio do Ana Rosa. O projeto \u00e9 [&hellip;]","og_url":"https:\/\/www.cambe.pr.gov.br\/index.php\/clinica-da-mulher-oferece-atividades-fisicas-gratuitas-em-combate-a-obesidade\/","og_site_name":"Prefeitura de Camb\u00e9","article_publisher":"https:\/\/m.facebook.com\/prefeituradecambe","article_published_time":"2022-08-05T17:28:12+00:00","article_modified_time":"2024-10-07T16:01:00+00:00","og_image":[{"url":"http:\/\/www.cambe.pr.gov.br\/wp-content\/uploads\/2022\/08\/senhoras-1024x679.jpg","type":"","width":"","height":""}],"author":"Thiago Mossini Balbino dos Santos","twitter_card":"summary_large_image","twitter_misc":{"Escrito por":"Thiago Mossini Balbino dos Santos","Est. tempo de leitura":"1 minuto"},"schema":{"@context":"https:\/\/schema.org","@graph":[{"@type":"Article","@id":"https:\/\/www.cambe.pr.gov.br\/index.php\/clinica-da-mulher-oferece-atividades-fisicas-gratuitas-em-combate-a-obesidade\/#article","isPartOf":{"@id":"https:\/\/www.cambe.pr.gov.br\/index.php\/clinica-da-mulher-oferece-atividades-fisicas-gratuitas-em-combate-a-obesidade\/"},"author":{"name":"Thiago Mossini Balbino dos Santos","@id":"https:\/\/www.cambe.pr.gov.br\/#\/schema\/person\/e08f7c43a641b2ec036e4e867ec483e4"},"headline":"Cl\u00ednica da Mulher oferece atividades f\u00edsicas gratuitas em combate \u00e0 obesidade","datePublished":"2022-08-05T17:28:12+00:00","dateModified":"2024-10-07T16:01:00+00:00","mainEntityOfPage":{"@id":"https:\/\/www.cambe.pr.gov.br\/index.php\/clinica-da-mulher-oferece-atividades-fisicas-gratuitas-em-combate-a-obesidade\/"},"wordCount":216,"publisher":{"@id":"https:\/\/www.cambe.pr.gov.br\/#organization"},"image":{"@id":"https:\/\/www.cambe.pr.gov.br\/index.php\/clinica-da-mulher-oferece-atividades-fisicas-gratuitas-em-combate-a-obesidade\/#primaryimage"},"thumbnailUrl":"http:\/\/www.cambe.pr.gov.br\/wp-content\/uploads\/2022\/08\/senhoras-1024x679.jpg","articleSection":["Principal"],"inLanguage":"pt-BR"},{"@type":"WebPage","@id":"https:\/\/www.cambe.pr.gov.br\/index.php\/clinica-da-mulher-oferece-atividades-fisicas-gratuitas-em-combate-a-obesidade\/","url":"https:\/\/www.cambe.pr.gov.br\/index.php\/clinica-da-mulher-oferece-atividades-fisicas-gratuitas-em-combate-a-obesidade\/","name":"Cl\u00ednica da Mulher oferece atividades f\u00edsicas gratuitas em combate \u00e0 obesidade - Prefeitura de Camb\u00e9","isPartOf":{"@id":"https:\/\/www.cambe.pr.gov.br\/#website"},"primaryImageOfPage":{"@id":"https:\/\/www.cambe.pr.gov.br\/index.php\/clinica-da-mulher-oferece-atividades-fisicas-gratuitas-em-combate-a-obesidade\/#primaryimage"},"image":{"@id":"https:\/\/www.cambe.pr.gov.br\/index.php\/clinica-da-mulher-oferece-atividades-fisicas-gratuitas-em-combate-a-obesidade\/#primaryimage"},"thumbnailUrl":"http:\/\/www.cambe.pr.gov.br\/wp-content\/uploads\/2022\/08\/senhoras-1024x679.jpg","datePublished":"2022-08-05T17:28:12+00:00","dateModified":"2024-10-07T16:01:00+00:00","breadcrumb":{"@id":"https:\/\/www.cambe.pr.gov.br\/index.php\/clinica-da-mulher-oferece-atividades-fisicas-gratuitas-em-combate-a-obesidade\/#breadcrumb"},"inLanguage":"pt-BR","potentialAction":[{"@type":"ReadAction","target":["https:\/\/www.cambe.pr.gov.br\/index.php\/clinica-da-mulher-oferece-atividades-fisicas-gratuitas-em-combate-a-obesidade\/"]}]},{"@type":"ImageObject","inLanguage":"pt-BR","@id":"https:\/\/www.cambe.pr.gov.br\/index.php\/clinica-da-mulher-oferece-atividades-fisicas-gratuitas-em-combate-a-obesidade\/#primaryimage","url":"http:\/\/www.cambe.pr.gov.br\/wp-content\/uploads\/2022\/08\/senhoras-1024x679.jpg","contentUrl":"http:\/\/www.cambe.pr.gov.br\/wp-content\/uploads\/2022\/08\/senhoras-1024x679.jpg"},{"@type":"BreadcrumbList","@id":"https:\/\/www.cambe.pr.gov.br\/index.php\/clinica-da-mulher-oferece-atividades-fisicas-gratuitas-em-combate-a-obesidade\/#breadcrumb","itemListElement":[{"@type":"ListItem","position":1,"name":"In\u00edcio","item":"https:\/\/www.cambe.pr.gov.br\/"},{"@type":"ListItem","position":2,"name":"Cl\u00ednica da Mulher oferece atividades f\u00edsicas gratuitas em combate \u00e0 obesidade"}]},{"@type":"WebSite","@id":"https:\/\/www.cambe.pr.gov.br\/#website","url":"https:\/\/www.cambe.pr.gov.br\/","name":"Prefeitura de Camb\u00e9","description":"UM GOVERNO PARA TODOS","publisher":{"@id":"https:\/\/www.cambe.pr.gov.br\/#organization"},"potentialAction":[{"@type":"SearchAction","target":{"@type":"EntryPoint","urlTemplate":"https:\/\/www.cambe.pr.gov.br\/?s={search_term_string}"},"query-input":{"@type":"PropertyValueSpecification","valueRequired":true,"valueName":"search_term_string"}}],"inLanguage":"pt-BR"},{"@type":"Organization","@id":"https:\/\/www.cambe.pr.gov.br\/#organization","name":"Prefeitura de Camb\u00e9","url":"https:\/\/www.cambe.pr.gov.br\/","logo":{"@type":"ImageObject","inLanguage":"pt-BR","@id":"https:\/\/www.cambe.pr.gov.br\/#\/schema\/logo\/image\/","url":"https:\/\/www.cambe.pr.gov.br\/wp-content\/uploads\/2021\/01\/cropped-cropped-cambe_brazao-icone.png","contentUrl":"https:\/\/www.cambe.pr.gov.br\/wp-content\/uploads\/2021\/01\/cropped-cropped-cambe_brazao-icone.png","width":240,"height":240,"caption":"Prefeitura de Camb\u00e9"},"image":{"@id":"https:\/\/www.cambe.pr.gov.br\/#\/schema\/logo\/image\/"},"sameAs":["https:\/\/m.facebook.com\/prefeituradecambe"]},{"@type":"Person","@id":"https:\/\/www.cambe.pr.gov.br\/#\/schema\/person\/e08f7c43a641b2ec036e4e867ec483e4","name":"Thiago Mossini Balbino dos Santos","image":{"@type":"ImageObject","inLanguage":"pt-BR","@id":"https:\/\/secure.gravatar.com\/avatar\/d957ed4e1bc3ebf5769d1003f9709cd2012ebf424eb4a5d76a933fee30e874b6?s=96&d=mm&r=g","url":"https:\/\/secure.gravatar.com\/avatar\/d957ed4e1bc3ebf5769d1003f9709cd2012ebf424eb4a5d76a933fee30e874b6?s=96&d=mm&r=g","contentUrl":"https:\/\/secure.gravatar.com\/avatar\/d957ed4e1bc3ebf5769d1003f9709cd2012ebf424eb4a5d76a933fee30e874b6?s=96&d=mm&r=g","caption":"Thiago Mossini Balbino dos Santos"},"url":"https:\/\/www.cambe.pr.gov.br\/index.php\/author\/tmbsantos\/"}]}},"_links":{"self":[{"href":"https:\/\/www.cambe.pr.gov.br\/index.php\/wp-json\/wp\/v2\/posts\/7123","targetHints":{"allow":["GET"]}}],"collection":[{"href":"https:\/\/www.cambe.pr.gov.br\/index.php\/wp-json\/wp\/v2\/posts"}],"about":[{"href":"https:\/\/www.cambe.pr.gov.br\/index.php\/wp-json\/wp\/v2\/types\/post"}],"author":[{"embeddable":true,"href":"https:\/\/www.cambe.pr.gov.br\/index.php\/wp-json\/wp\/v2\/users\/2"}],"replies":[{"embeddable":true,"href":"https:\/\/www.cambe.pr.gov.br\/index.php\/wp-json\/wp\/v2\/comments?post=7123"}],"version-history":[{"count":5,"href":"https:\/\/www.cambe.pr.gov.br\/index.php\/wp-json\/wp\/v2\/posts\/7123\/revisions"}],"predecessor-version":[{"id":7141,"href":"https:\/\/www.cambe.pr.gov.br\/index.php\/wp-json\/wp\/v2\/posts\/7123\/revisions\/7141"}],"wp:attachment":[{"href":"https:\/\/www.cambe.pr.gov.br\/index.php\/wp-json\/wp\/v2\/media?parent=7123"}],"wp:term":[{"taxonomy":"category","embeddable":true,"href":"https:\/\/www.cambe.pr.gov.br\/index.php\/wp-json\/wp\/v2\/categories?post=7123"},{"taxonomy":"post_tag","embeddable":true,"href":"https:\/\/www.cambe.pr.gov.br\/index.php\/wp-json\/wp\/v2\/tags?post=7123"}],"curies":[{"name":"wp","href":"https:\/\/api.w.org\/{rel}","templated":true}]}}