{"id":7106,"date":"2022-08-03T16:38:53","date_gmt":"2022-08-03T19:38:53","guid":{"rendered":"http:\/\/www.cambe.pr.gov.br\/?p=7106"},"modified":"2024-10-07T13:01:00","modified_gmt":"2024-10-07T16:01:00","slug":"prazo-para-participar-do-pss-para-engenheiros-civis-e-analistas-programadores-acaba-na-proxima-semana","status":"publish","type":"post","link":"https:\/\/www.cambe.pr.gov.br\/index.php\/prazo-para-participar-do-pss-para-engenheiros-civis-e-analistas-programadores-acaba-na-proxima-semana\/","title":{"rendered":"Prazo para participar do PSS para engenheiros civis e analistas programadores acaba no dia10"},"content":{"rendered":"<p style=\"text-align: justify;\"><span style=\"font-family: arial, helvetica, sans-serif;\"><img fetchpriority=\"high\" decoding=\"async\" class=\"size-large wp-image-7112 alignleft\" src=\"https:\/\/www.cambe.pr.gov.br\/wp-content\/uploads\/2022\/08\/WhatsApp-Image-2022-08-03-at-16.38.28-1024x1024.jpeg\" alt=\"\" width=\"610\" height=\"610\" srcset=\"https:\/\/www.cambe.pr.gov.br\/wp-content\/uploads\/2022\/08\/WhatsApp-Image-2022-08-03-at-16.38.28-1024x1024.jpeg 1024w, https:\/\/www.cambe.pr.gov.br\/wp-content\/uploads\/2022\/08\/WhatsApp-Image-2022-08-03-at-16.38.28-300x300.jpeg 300w, https:\/\/www.cambe.pr.gov.br\/wp-content\/uploads\/2022\/08\/WhatsApp-Image-2022-08-03-at-16.38.28-150x150.jpeg 150w, https:\/\/www.cambe.pr.gov.br\/wp-content\/uploads\/2022\/08\/WhatsApp-Image-2022-08-03-at-16.38.28-768x768.jpeg 768w, https:\/\/www.cambe.pr.gov.br\/wp-content\/uploads\/2022\/08\/WhatsApp-Image-2022-08-03-at-16.38.28-50x50.jpeg 50w, https:\/\/www.cambe.pr.gov.br\/wp-content\/uploads\/2022\/08\/WhatsApp-Image-2022-08-03-at-16.38.28-80x80.jpeg 80w, https:\/\/www.cambe.pr.gov.br\/wp-content\/uploads\/2022\/08\/WhatsApp-Image-2022-08-03-at-16.38.28.jpeg 1280w\" sizes=\"(max-width: 610px) 100vw, 610px\" \/>O prazo para participar do Processo Seletivo Simplicado da Prefeitura de Camb\u00e9, para Engenheiros Civis e Analistas Programadores, est\u00e1 acabando. O \u00faltimo dia \u00e9 na quarta-feira (10\/08) e os candidatos &nbsp;devem se inscrever pelo site <a href=\"https:\/\/www.cambe.pr.gov.br\/index.php\/processo-seletivo-simplificado-pss-002-2022\/\"><u>https:\/\/www.cambe.pr.gov.br\/index.php\/processo-seletivo-simplificado-pss-002-2022\/<\/u><\/a>. Foram abertas tr\u00eas vagas para engenheiros e quatro para analistas programadores.<\/span><\/p>\n<p style=\"text-align: justify;\"><span style=\"font-family: arial, helvetica, sans-serif;\">O edital completo do Processo Seletivo pode ser encontrado no Jornal Oficial Eletr\u00f4nico de Camb\u00e9 no link <a href=\"https:\/\/www.cambe.pr.gov.br\/index.php\/processo-seletivo-simplificado-pss-002-2022\/\"><u>https:\/\/www.cambe.pr.gov.br\/index.php\/processo-seletivo-simplificado-pss-002-2022\/<\/u><\/a>. A remunera\u00e7\u00e3o para a fun\u00e7\u00e3o de Engenheiro Civil \u00e9 de R$ 6.171,15 e para Analistas Programadores o sal\u00e1rio \u00e9 de R$ 4.903,32, com carga hor\u00e1ria de 36h semanais para ambos os cargos. A contrata\u00e7\u00e3o dos profissionais \u00e9 de um ano, e pode ser renovada por mais um ano. Na hora da inscri\u00e7\u00e3o os candidatos precisam pagar uma taxa de R$ 60 e a sele\u00e7\u00e3o dos candidatos ser\u00e1 realizada a partir da an\u00e1lise de t\u00edtulos acad\u00eamicos e profissionais, especificados no edital.<\/span><\/p>\n<p style=\"text-align: justify;\"><span style=\"font-family: arial, helvetica, sans-serif;\">Os t\u00edtulos devem ser entregues no domingo (28\/08), das 9h \u00e0s 13h, na sede do Departamento de Recursos Humanos, na Rua Par\u00e1 154. A divulga\u00e7\u00e3o dos candidatos aprovados no Processo Seletivo acontecer\u00e1 no dia 23\/09.<\/span><\/p>\n<p><em><span style=\"font-family: arial, helvetica, sans-serif;\">Sob supervis\u00e3o de Thiago Mossini<\/span><\/em><\/p>\n<p style=\"text-align: justify;\">&nbsp;<\/p>\n","protected":false},"excerpt":{"rendered":"<p>O prazo para participar do Processo Seletivo Simplicado da Prefeitura de Camb\u00e9, para Engenheiros Civis e Analistas Programadores, est\u00e1 acabando. O \u00faltimo dia \u00e9 na quarta-feira (10\/08) e os candidatos &nbsp;devem se inscrever pelo site https:\/\/www.cambe.pr.gov.br\/index.php\/processo-seletivo-simplificado-pss-002-2022\/. Foram abertas tr\u00eas vagas para engenheiros e quatro para analistas programadores. O edital completo do Processo Seletivo pode ser [&hellip;]<\/p>\n","protected":false},"author":2,"featured_media":0,"comment_status":"closed","ping_status":"open","sticky":false,"template":"","format":"standard","meta":{"ngg_post_thumbnail":0,"footnotes":""},"categories":[1],"tags":[],"class_list":["post-7106","post","type-post","status-publish","format-standard","hentry","category-principal"],"yoast_head":"<!-- This site is optimized with the Yoast SEO plugin v27.4 - https:\/\/yoast.com\/product\/yoast-seo-wordpress\/ -->\n<title>Prazo para participar do PSS para engenheiros civis e analistas programadores acaba no dia10 - Prefeitura de Camb\u00e9<\/title>\n<meta name=\"robots\" content=\"index, follow, max-snippet:-1, max-image-preview:large, max-video-preview:-1\" \/>\n<link rel=\"canonical\" href=\"https:\/\/www.cambe.pr.gov.br\/index.php\/prazo-para-participar-do-pss-para-engenheiros-civis-e-analistas-programadores-acaba-na-proxima-semana\/\" \/>\n<meta property=\"og:locale\" content=\"pt_BR\" \/>\n<meta property=\"og:type\" content=\"article\" \/>\n<meta property=\"og:title\" content=\"Prazo para participar do PSS para engenheiros civis e analistas programadores acaba no dia10 - Prefeitura de Camb\u00e9\" \/>\n<meta property=\"og:description\" content=\"O prazo para participar do Processo Seletivo Simplicado da Prefeitura de Camb\u00e9, para Engenheiros Civis e Analistas Programadores, est\u00e1 acabando. O \u00faltimo dia \u00e9 na quarta-feira (10\/08) e os candidatos &nbsp;devem se inscrever pelo site https:\/\/www.cambe.pr.gov.br\/index.php\/processo-seletivo-simplificado-pss-002-2022\/. Foram abertas tr\u00eas vagas para engenheiros e quatro para analistas programadores. O edital completo do Processo Seletivo pode ser [&hellip;]\" \/>\n<meta property=\"og:url\" content=\"https:\/\/www.cambe.pr.gov.br\/index.php\/prazo-para-participar-do-pss-para-engenheiros-civis-e-analistas-programadores-acaba-na-proxima-semana\/\" \/>\n<meta property=\"og:site_name\" content=\"Prefeitura de Camb\u00e9\" \/>\n<meta property=\"article:publisher\" content=\"https:\/\/m.facebook.com\/prefeituradecambe\" \/>\n<meta property=\"article:published_time\" content=\"2022-08-03T19:38:53+00:00\" \/>\n<meta property=\"article:modified_time\" content=\"2024-10-07T16:01:00+00:00\" \/>\n<meta property=\"og:image\" content=\"http:\/\/www.cambe.pr.gov.br\/wp-content\/uploads\/2022\/08\/WhatsApp-Image-2022-08-03-at-16.38.28-1024x1024.jpeg\" \/>\n<meta name=\"author\" content=\"Thiago Mossini Balbino dos Santos\" \/>\n<meta name=\"twitter:card\" content=\"summary_large_image\" \/>\n<meta name=\"twitter:label1\" content=\"Escrito por\" \/>\n\t<meta name=\"twitter:data1\" content=\"Thiago Mossini Balbino dos Santos\" \/>\n\t<meta name=\"twitter:label2\" content=\"Est. tempo de leitura\" \/>\n\t<meta name=\"twitter:data2\" content=\"1 minuto\" \/>\n<script type=\"application\/ld+json\" class=\"yoast-schema-graph\">{\"@context\":\"https:\\\/\\\/schema.org\",\"@graph\":[{\"@type\":\"Article\",\"@id\":\"https:\\\/\\\/www.cambe.pr.gov.br\\\/index.php\\\/prazo-para-participar-do-pss-para-engenheiros-civis-e-analistas-programadores-acaba-na-proxima-semana\\\/#article\",\"isPartOf\":{\"@id\":\"https:\\\/\\\/www.cambe.pr.gov.br\\\/index.php\\\/prazo-para-participar-do-pss-para-engenheiros-civis-e-analistas-programadores-acaba-na-proxima-semana\\\/\"},\"author\":{\"name\":\"Thiago Mossini Balbino dos Santos\",\"@id\":\"https:\\\/\\\/www.cambe.pr.gov.br\\\/#\\\/schema\\\/person\\\/e08f7c43a641b2ec036e4e867ec483e4\"},\"headline\":\"Prazo para participar do PSS para engenheiros civis e analistas programadores acaba no dia10\",\"datePublished\":\"2022-08-03T19:38:53+00:00\",\"dateModified\":\"2024-10-07T16:01:00+00:00\",\"mainEntityOfPage\":{\"@id\":\"https:\\\/\\\/www.cambe.pr.gov.br\\\/index.php\\\/prazo-para-participar-do-pss-para-engenheiros-civis-e-analistas-programadores-acaba-na-proxima-semana\\\/\"},\"wordCount\":223,\"publisher\":{\"@id\":\"https:\\\/\\\/www.cambe.pr.gov.br\\\/#organization\"},\"image\":{\"@id\":\"https:\\\/\\\/www.cambe.pr.gov.br\\\/index.php\\\/prazo-para-participar-do-pss-para-engenheiros-civis-e-analistas-programadores-acaba-na-proxima-semana\\\/#primaryimage\"},\"thumbnailUrl\":\"http:\\\/\\\/www.cambe.pr.gov.br\\\/wp-content\\\/uploads\\\/2022\\\/08\\\/WhatsApp-Image-2022-08-03-at-16.38.28-1024x1024.jpeg\",\"articleSection\":[\"Principal\"],\"inLanguage\":\"pt-BR\"},{\"@type\":\"WebPage\",\"@id\":\"https:\\\/\\\/www.cambe.pr.gov.br\\\/index.php\\\/prazo-para-participar-do-pss-para-engenheiros-civis-e-analistas-programadores-acaba-na-proxima-semana\\\/\",\"url\":\"https:\\\/\\\/www.cambe.pr.gov.br\\\/index.php\\\/prazo-para-participar-do-pss-para-engenheiros-civis-e-analistas-programadores-acaba-na-proxima-semana\\\/\",\"name\":\"Prazo para participar do PSS para engenheiros civis e analistas programadores acaba no dia10 - Prefeitura de Camb\u00e9\",\"isPartOf\":{\"@id\":\"https:\\\/\\\/www.cambe.pr.gov.br\\\/#website\"},\"primaryImageOfPage\":{\"@id\":\"https:\\\/\\\/www.cambe.pr.gov.br\\\/index.php\\\/prazo-para-participar-do-pss-para-engenheiros-civis-e-analistas-programadores-acaba-na-proxima-semana\\\/#primaryimage\"},\"image\":{\"@id\":\"https:\\\/\\\/www.cambe.pr.gov.br\\\/index.php\\\/prazo-para-participar-do-pss-para-engenheiros-civis-e-analistas-programadores-acaba-na-proxima-semana\\\/#primaryimage\"},\"thumbnailUrl\":\"http:\\\/\\\/www.cambe.pr.gov.br\\\/wp-content\\\/uploads\\\/2022\\\/08\\\/WhatsApp-Image-2022-08-03-at-16.38.28-1024x1024.jpeg\",\"datePublished\":\"2022-08-03T19:38:53+00:00\",\"dateModified\":\"2024-10-07T16:01:00+00:00\",\"breadcrumb\":{\"@id\":\"https:\\\/\\\/www.cambe.pr.gov.br\\\/index.php\\\/prazo-para-participar-do-pss-para-engenheiros-civis-e-analistas-programadores-acaba-na-proxima-semana\\\/#breadcrumb\"},\"inLanguage\":\"pt-BR\",\"potentialAction\":[{\"@type\":\"ReadAction\",\"target\":[\"https:\\\/\\\/www.cambe.pr.gov.br\\\/index.php\\\/prazo-para-participar-do-pss-para-engenheiros-civis-e-analistas-programadores-acaba-na-proxima-semana\\\/\"]}]},{\"@type\":\"ImageObject\",\"inLanguage\":\"pt-BR\",\"@id\":\"https:\\\/\\\/www.cambe.pr.gov.br\\\/index.php\\\/prazo-para-participar-do-pss-para-engenheiros-civis-e-analistas-programadores-acaba-na-proxima-semana\\\/#primaryimage\",\"url\":\"http:\\\/\\\/www.cambe.pr.gov.br\\\/wp-content\\\/uploads\\\/2022\\\/08\\\/WhatsApp-Image-2022-08-03-at-16.38.28-1024x1024.jpeg\",\"contentUrl\":\"http:\\\/\\\/www.cambe.pr.gov.br\\\/wp-content\\\/uploads\\\/2022\\\/08\\\/WhatsApp-Image-2022-08-03-at-16.38.28-1024x1024.jpeg\"},{\"@type\":\"BreadcrumbList\",\"@id\":\"https:\\\/\\\/www.cambe.pr.gov.br\\\/index.php\\\/prazo-para-participar-do-pss-para-engenheiros-civis-e-analistas-programadores-acaba-na-proxima-semana\\\/#breadcrumb\",\"itemListElement\":[{\"@type\":\"ListItem\",\"position\":1,\"name\":\"In\u00edcio\",\"item\":\"https:\\\/\\\/www.cambe.pr.gov.br\\\/\"},{\"@type\":\"ListItem\",\"position\":2,\"name\":\"Prazo para participar do PSS para engenheiros civis e analistas programadores acaba no dia10\"}]},{\"@type\":\"WebSite\",\"@id\":\"https:\\\/\\\/www.cambe.pr.gov.br\\\/#website\",\"url\":\"https:\\\/\\\/www.cambe.pr.gov.br\\\/\",\"name\":\"Prefeitura de Camb\u00e9\",\"description\":\"UM GOVERNO PARA TODOS\",\"publisher\":{\"@id\":\"https:\\\/\\\/www.cambe.pr.gov.br\\\/#organization\"},\"potentialAction\":[{\"@type\":\"SearchAction\",\"target\":{\"@type\":\"EntryPoint\",\"urlTemplate\":\"https:\\\/\\\/www.cambe.pr.gov.br\\\/?s={search_term_string}\"},\"query-input\":{\"@type\":\"PropertyValueSpecification\",\"valueRequired\":true,\"valueName\":\"search_term_string\"}}],\"inLanguage\":\"pt-BR\"},{\"@type\":\"Organization\",\"@id\":\"https:\\\/\\\/www.cambe.pr.gov.br\\\/#organization\",\"name\":\"Prefeitura de Camb\u00e9\",\"url\":\"https:\\\/\\\/www.cambe.pr.gov.br\\\/\",\"logo\":{\"@type\":\"ImageObject\",\"inLanguage\":\"pt-BR\",\"@id\":\"https:\\\/\\\/www.cambe.pr.gov.br\\\/#\\\/schema\\\/logo\\\/image\\\/\",\"url\":\"https:\\\/\\\/www.cambe.pr.gov.br\\\/wp-content\\\/uploads\\\/2021\\\/01\\\/cropped-cropped-cambe_brazao-icone.png\",\"contentUrl\":\"https:\\\/\\\/www.cambe.pr.gov.br\\\/wp-content\\\/uploads\\\/2021\\\/01\\\/cropped-cropped-cambe_brazao-icone.png\",\"width\":240,\"height\":240,\"caption\":\"Prefeitura de Camb\u00e9\"},\"image\":{\"@id\":\"https:\\\/\\\/www.cambe.pr.gov.br\\\/#\\\/schema\\\/logo\\\/image\\\/\"},\"sameAs\":[\"https:\\\/\\\/m.facebook.com\\\/prefeituradecambe\"]},{\"@type\":\"Person\",\"@id\":\"https:\\\/\\\/www.cambe.pr.gov.br\\\/#\\\/schema\\\/person\\\/e08f7c43a641b2ec036e4e867ec483e4\",\"name\":\"Thiago Mossini Balbino dos Santos\",\"image\":{\"@type\":\"ImageObject\",\"inLanguage\":\"pt-BR\",\"@id\":\"https:\\\/\\\/secure.gravatar.com\\\/avatar\\\/d957ed4e1bc3ebf5769d1003f9709cd2012ebf424eb4a5d76a933fee30e874b6?s=96&d=mm&r=g\",\"url\":\"https:\\\/\\\/secure.gravatar.com\\\/avatar\\\/d957ed4e1bc3ebf5769d1003f9709cd2012ebf424eb4a5d76a933fee30e874b6?s=96&d=mm&r=g\",\"contentUrl\":\"https:\\\/\\\/secure.gravatar.com\\\/avatar\\\/d957ed4e1bc3ebf5769d1003f9709cd2012ebf424eb4a5d76a933fee30e874b6?s=96&d=mm&r=g\",\"caption\":\"Thiago Mossini Balbino dos Santos\"},\"url\":\"https:\\\/\\\/www.cambe.pr.gov.br\\\/index.php\\\/author\\\/tmbsantos\\\/\"}]}<\/script>\n<!-- \/ Yoast SEO plugin. -->","yoast_head_json":{"title":"Prazo para participar do PSS para engenheiros civis e analistas programadores acaba no dia10 - Prefeitura de Camb\u00e9","robots":{"index":"index","follow":"follow","max-snippet":"max-snippet:-1","max-image-preview":"max-image-preview:large","max-video-preview":"max-video-preview:-1"},"canonical":"https:\/\/www.cambe.pr.gov.br\/index.php\/prazo-para-participar-do-pss-para-engenheiros-civis-e-analistas-programadores-acaba-na-proxima-semana\/","og_locale":"pt_BR","og_type":"article","og_title":"Prazo para participar do PSS para engenheiros civis e analistas programadores acaba no dia10 - Prefeitura de Camb\u00e9","og_description":"O prazo para participar do Processo Seletivo Simplicado da Prefeitura de Camb\u00e9, para Engenheiros Civis e Analistas Programadores, est\u00e1 acabando. O \u00faltimo dia \u00e9 na quarta-feira (10\/08) e os candidatos &nbsp;devem se inscrever pelo site https:\/\/www.cambe.pr.gov.br\/index.php\/processo-seletivo-simplificado-pss-002-2022\/. Foram abertas tr\u00eas vagas para engenheiros e quatro para analistas programadores. O edital completo do Processo Seletivo pode ser [&hellip;]","og_url":"https:\/\/www.cambe.pr.gov.br\/index.php\/prazo-para-participar-do-pss-para-engenheiros-civis-e-analistas-programadores-acaba-na-proxima-semana\/","og_site_name":"Prefeitura de Camb\u00e9","article_publisher":"https:\/\/m.facebook.com\/prefeituradecambe","article_published_time":"2022-08-03T19:38:53+00:00","article_modified_time":"2024-10-07T16:01:00+00:00","og_image":[{"url":"http:\/\/www.cambe.pr.gov.br\/wp-content\/uploads\/2022\/08\/WhatsApp-Image-2022-08-03-at-16.38.28-1024x1024.jpeg","type":"","width":"","height":""}],"author":"Thiago Mossini Balbino dos Santos","twitter_card":"summary_large_image","twitter_misc":{"Escrito por":"Thiago Mossini Balbino dos Santos","Est. tempo de leitura":"1 minuto"},"schema":{"@context":"https:\/\/schema.org","@graph":[{"@type":"Article","@id":"https:\/\/www.cambe.pr.gov.br\/index.php\/prazo-para-participar-do-pss-para-engenheiros-civis-e-analistas-programadores-acaba-na-proxima-semana\/#article","isPartOf":{"@id":"https:\/\/www.cambe.pr.gov.br\/index.php\/prazo-para-participar-do-pss-para-engenheiros-civis-e-analistas-programadores-acaba-na-proxima-semana\/"},"author":{"name":"Thiago Mossini Balbino dos Santos","@id":"https:\/\/www.cambe.pr.gov.br\/#\/schema\/person\/e08f7c43a641b2ec036e4e867ec483e4"},"headline":"Prazo para participar do PSS para engenheiros civis e analistas programadores acaba no dia10","datePublished":"2022-08-03T19:38:53+00:00","dateModified":"2024-10-07T16:01:00+00:00","mainEntityOfPage":{"@id":"https:\/\/www.cambe.pr.gov.br\/index.php\/prazo-para-participar-do-pss-para-engenheiros-civis-e-analistas-programadores-acaba-na-proxima-semana\/"},"wordCount":223,"publisher":{"@id":"https:\/\/www.cambe.pr.gov.br\/#organization"},"image":{"@id":"https:\/\/www.cambe.pr.gov.br\/index.php\/prazo-para-participar-do-pss-para-engenheiros-civis-e-analistas-programadores-acaba-na-proxima-semana\/#primaryimage"},"thumbnailUrl":"http:\/\/www.cambe.pr.gov.br\/wp-content\/uploads\/2022\/08\/WhatsApp-Image-2022-08-03-at-16.38.28-1024x1024.jpeg","articleSection":["Principal"],"inLanguage":"pt-BR"},{"@type":"WebPage","@id":"https:\/\/www.cambe.pr.gov.br\/index.php\/prazo-para-participar-do-pss-para-engenheiros-civis-e-analistas-programadores-acaba-na-proxima-semana\/","url":"https:\/\/www.cambe.pr.gov.br\/index.php\/prazo-para-participar-do-pss-para-engenheiros-civis-e-analistas-programadores-acaba-na-proxima-semana\/","name":"Prazo para participar do PSS para engenheiros civis e analistas programadores acaba no dia10 - Prefeitura de Camb\u00e9","isPartOf":{"@id":"https:\/\/www.cambe.pr.gov.br\/#website"},"primaryImageOfPage":{"@id":"https:\/\/www.cambe.pr.gov.br\/index.php\/prazo-para-participar-do-pss-para-engenheiros-civis-e-analistas-programadores-acaba-na-proxima-semana\/#primaryimage"},"image":{"@id":"https:\/\/www.cambe.pr.gov.br\/index.php\/prazo-para-participar-do-pss-para-engenheiros-civis-e-analistas-programadores-acaba-na-proxima-semana\/#primaryimage"},"thumbnailUrl":"http:\/\/www.cambe.pr.gov.br\/wp-content\/uploads\/2022\/08\/WhatsApp-Image-2022-08-03-at-16.38.28-1024x1024.jpeg","datePublished":"2022-08-03T19:38:53+00:00","dateModified":"2024-10-07T16:01:00+00:00","breadcrumb":{"@id":"https:\/\/www.cambe.pr.gov.br\/index.php\/prazo-para-participar-do-pss-para-engenheiros-civis-e-analistas-programadores-acaba-na-proxima-semana\/#breadcrumb"},"inLanguage":"pt-BR","potentialAction":[{"@type":"ReadAction","target":["https:\/\/www.cambe.pr.gov.br\/index.php\/prazo-para-participar-do-pss-para-engenheiros-civis-e-analistas-programadores-acaba-na-proxima-semana\/"]}]},{"@type":"ImageObject","inLanguage":"pt-BR","@id":"https:\/\/www.cambe.pr.gov.br\/index.php\/prazo-para-participar-do-pss-para-engenheiros-civis-e-analistas-programadores-acaba-na-proxima-semana\/#primaryimage","url":"http:\/\/www.cambe.pr.gov.br\/wp-content\/uploads\/2022\/08\/WhatsApp-Image-2022-08-03-at-16.38.28-1024x1024.jpeg","contentUrl":"http:\/\/www.cambe.pr.gov.br\/wp-content\/uploads\/2022\/08\/WhatsApp-Image-2022-08-03-at-16.38.28-1024x1024.jpeg"},{"@type":"BreadcrumbList","@id":"https:\/\/www.cambe.pr.gov.br\/index.php\/prazo-para-participar-do-pss-para-engenheiros-civis-e-analistas-programadores-acaba-na-proxima-semana\/#breadcrumb","itemListElement":[{"@type":"ListItem","position":1,"name":"In\u00edcio","item":"https:\/\/www.cambe.pr.gov.br\/"},{"@type":"ListItem","position":2,"name":"Prazo para participar do PSS para engenheiros civis e analistas programadores acaba no dia10"}]},{"@type":"WebSite","@id":"https:\/\/www.cambe.pr.gov.br\/#website","url":"https:\/\/www.cambe.pr.gov.br\/","name":"Prefeitura de Camb\u00e9","description":"UM GOVERNO PARA TODOS","publisher":{"@id":"https:\/\/www.cambe.pr.gov.br\/#organization"},"potentialAction":[{"@type":"SearchAction","target":{"@type":"EntryPoint","urlTemplate":"https:\/\/www.cambe.pr.gov.br\/?s={search_term_string}"},"query-input":{"@type":"PropertyValueSpecification","valueRequired":true,"valueName":"search_term_string"}}],"inLanguage":"pt-BR"},{"@type":"Organization","@id":"https:\/\/www.cambe.pr.gov.br\/#organization","name":"Prefeitura de Camb\u00e9","url":"https:\/\/www.cambe.pr.gov.br\/","logo":{"@type":"ImageObject","inLanguage":"pt-BR","@id":"https:\/\/www.cambe.pr.gov.br\/#\/schema\/logo\/image\/","url":"https:\/\/www.cambe.pr.gov.br\/wp-content\/uploads\/2021\/01\/cropped-cropped-cambe_brazao-icone.png","contentUrl":"https:\/\/www.cambe.pr.gov.br\/wp-content\/uploads\/2021\/01\/cropped-cropped-cambe_brazao-icone.png","width":240,"height":240,"caption":"Prefeitura de Camb\u00e9"},"image":{"@id":"https:\/\/www.cambe.pr.gov.br\/#\/schema\/logo\/image\/"},"sameAs":["https:\/\/m.facebook.com\/prefeituradecambe"]},{"@type":"Person","@id":"https:\/\/www.cambe.pr.gov.br\/#\/schema\/person\/e08f7c43a641b2ec036e4e867ec483e4","name":"Thiago Mossini Balbino dos Santos","image":{"@type":"ImageObject","inLanguage":"pt-BR","@id":"https:\/\/secure.gravatar.com\/avatar\/d957ed4e1bc3ebf5769d1003f9709cd2012ebf424eb4a5d76a933fee30e874b6?s=96&d=mm&r=g","url":"https:\/\/secure.gravatar.com\/avatar\/d957ed4e1bc3ebf5769d1003f9709cd2012ebf424eb4a5d76a933fee30e874b6?s=96&d=mm&r=g","contentUrl":"https:\/\/secure.gravatar.com\/avatar\/d957ed4e1bc3ebf5769d1003f9709cd2012ebf424eb4a5d76a933fee30e874b6?s=96&d=mm&r=g","caption":"Thiago Mossini Balbino dos Santos"},"url":"https:\/\/www.cambe.pr.gov.br\/index.php\/author\/tmbsantos\/"}]}},"_links":{"self":[{"href":"https:\/\/www.cambe.pr.gov.br\/index.php\/wp-json\/wp\/v2\/posts\/7106","targetHints":{"allow":["GET"]}}],"collection":[{"href":"https:\/\/www.cambe.pr.gov.br\/index.php\/wp-json\/wp\/v2\/posts"}],"about":[{"href":"https:\/\/www.cambe.pr.gov.br\/index.php\/wp-json\/wp\/v2\/types\/post"}],"author":[{"embeddable":true,"href":"https:\/\/www.cambe.pr.gov.br\/index.php\/wp-json\/wp\/v2\/users\/2"}],"replies":[{"embeddable":true,"href":"https:\/\/www.cambe.pr.gov.br\/index.php\/wp-json\/wp\/v2\/comments?post=7106"}],"version-history":[{"count":5,"href":"https:\/\/www.cambe.pr.gov.br\/index.php\/wp-json\/wp\/v2\/posts\/7106\/revisions"}],"predecessor-version":[{"id":7114,"href":"https:\/\/www.cambe.pr.gov.br\/index.php\/wp-json\/wp\/v2\/posts\/7106\/revisions\/7114"}],"wp:attachment":[{"href":"https:\/\/www.cambe.pr.gov.br\/index.php\/wp-json\/wp\/v2\/media?parent=7106"}],"wp:term":[{"taxonomy":"category","embeddable":true,"href":"https:\/\/www.cambe.pr.gov.br\/index.php\/wp-json\/wp\/v2\/categories?post=7106"},{"taxonomy":"post_tag","embeddable":true,"href":"https:\/\/www.cambe.pr.gov.br\/index.php\/wp-json\/wp\/v2\/tags?post=7106"}],"curies":[{"name":"wp","href":"https:\/\/api.w.org\/{rel}","templated":true}]}}