{"id":7097,"date":"2022-08-03T15:55:09","date_gmt":"2022-08-03T18:55:09","guid":{"rendered":"http:\/\/www.cambe.pr.gov.br\/?p=7097"},"modified":"2024-10-07T13:01:00","modified_gmt":"2024-10-07T16:01:00","slug":"selecao-brasileira-de-handebol-sub-18-convoca-dois-atletas-cambeenses","status":"publish","type":"post","link":"https:\/\/www.cambe.pr.gov.br\/index.php\/selecao-brasileira-de-handebol-sub-18-convoca-dois-atletas-cambeenses\/","title":{"rendered":"Sele\u00e7\u00e3o brasileira de handebol sub-18 convoca dois atletas cambeenses"},"content":{"rendered":"<div id=\"attachment_7100\" style=\"width: 620px\" class=\"wp-caption alignleft\"><img fetchpriority=\"high\" decoding=\"async\" aria-describedby=\"caption-attachment-7100\" class=\"wp-image-7100 size-large\" src=\"https:\/\/www.cambe.pr.gov.br\/wp-content\/uploads\/2022\/08\/WhatsApp-Image-2022-08-03-at-13.59.00-1024x683.jpeg\" alt=\"\" width=\"610\" height=\"407\" srcset=\"https:\/\/www.cambe.pr.gov.br\/wp-content\/uploads\/2022\/08\/WhatsApp-Image-2022-08-03-at-13.59.00-1024x683.jpeg 1024w, https:\/\/www.cambe.pr.gov.br\/wp-content\/uploads\/2022\/08\/WhatsApp-Image-2022-08-03-at-13.59.00-300x200.jpeg 300w, https:\/\/www.cambe.pr.gov.br\/wp-content\/uploads\/2022\/08\/WhatsApp-Image-2022-08-03-at-13.59.00-768x512.jpeg 768w, https:\/\/www.cambe.pr.gov.br\/wp-content\/uploads\/2022\/08\/WhatsApp-Image-2022-08-03-at-13.59.00.jpeg 1200w\" sizes=\"(max-width: 610px) 100vw, 610px\" \/><p id=\"caption-attachment-7100\" class=\"wp-caption-text\">Gabriel Costa e Vitor Hugo foram campe\u00f5es pela equipe sub-18 de Camb\u00e9 no Campeonato Paranaense de Handebol<\/p><\/div>\n<p style=\"text-align: justify;\"><span style=\"font-family: arial, helvetica, sans-serif;\">Dois atletas cambeenses foram convocados para um per\u00edodo de treinamentos com a sele\u00e7\u00e3o brasileira de handebol masculino sub-18. O treinamento dos atletas, Gabriel Costa e Vitor Hugo, ser\u00e1 do dia 28\/08 ao dia 03\/09, na cidade S\u00e3o Jos\u00e9, em Santa Catarina.<\/span><\/p>\n<p style=\"text-align: justify;\"><span style=\"font-family: arial, helvetica, sans-serif;\">Segundo t\u00e9cnico cambeense Rodolfo Cyborg, essa \u00e9 a primeira vez que atletas de base do munic\u00edpio s\u00e3o convocados para a sele\u00e7\u00e3o brasileira. \u201c\u00c9 um trabalho em equipe de anos, com muita seriedade e apoio da Secretaria Municipal de Esportes, que faz esses resultados acontecerem\u201d, destaca. Ele tamb\u00e9m explica que essa convoca\u00e7\u00e3o \u00e9 uma eliminat\u00f3ria para a sele\u00e7\u00e3o permanente. \u201cA ideia \u00e9 que os atletas fa\u00e7am uma boa fase de treinamentos para serem chamados para a pr\u00f3xima fase\u201d, detalha o t\u00e9cnico.<\/span><\/p>\n<p style=\"text-align: justify;\"><span style=\"font-family: arial, helvetica, sans-serif;\">Cyborg explica que, devido \u00e0 pandemia, o n\u00famero de competi\u00e7\u00f5es foi reduzido. Com isso, a comiss\u00e3o t\u00e9cnica de handebol brasileira teve que alterar o modelo de convoca\u00e7\u00e3o de atletas. \u201cNormalmente as convoca\u00e7\u00f5es da sele\u00e7\u00e3o brasileira juvenil s\u00e3o feitas por observa\u00e7\u00e3o das comiss\u00f5es t\u00e9cnicas e indica\u00e7\u00f5es dos treinadores das principais equipes do Brasil, mas por conta da pandemia essas convoca\u00e7\u00f5es est\u00e3o sendo feitas por indica\u00e7\u00e3o\u201d, informa. Pela equipe sub-18 de Camb\u00e9 fazer parte das principais equipes dessa categoria do Paran\u00e1, a comiss\u00e3o encaminhou um link para cadastro de poss\u00edveis atletas para a sele\u00e7\u00e3o. \u201cN\u00f3s cadastramos quatro atletas aqui de Camb\u00e9 e dos quatro, dois foram convocados. Gabriel Costa e Vitor Hugo\u201d, comemora Cyborg.<\/span><\/p>\n<p style=\"text-align: justify;\"><span style=\"font-family: arial, helvetica, sans-serif;\">Vitor Hugo e Gabriel Costa foram campe\u00f5es pela equipe sub-18 de Camb\u00e9 no Campeonato Paranaense de Handebol. Al\u00e9m disso, eles participam da equipe adulta e disputam a chave bronze na semifinal do campeonato. Os atletas foram campe\u00f5es da fase regional dos Jogos Abertos e ir\u00e3o participar dos Jogos da Juventude sendo os dois atletas de 18 anos permitidos na categoria de at\u00e9 17 anos.<\/span><\/p>\n<p><em><span style=\"font-family: arial, helvetica, sans-serif;\">Sob supervis\u00e3o de Thiago Mossini<\/span><\/em><\/p>\n","protected":false},"excerpt":{"rendered":"<p>Dois atletas cambeenses foram convocados para um per\u00edodo de treinamentos com a sele\u00e7\u00e3o brasileira de handebol masculino sub-18. O treinamento dos atletas, Gabriel Costa e Vitor Hugo, ser\u00e1 do dia 28\/08 ao dia 03\/09, na cidade S\u00e3o Jos\u00e9, em Santa Catarina. Segundo t\u00e9cnico cambeense Rodolfo Cyborg, essa \u00e9 a primeira vez que atletas de base [&hellip;]<\/p>\n","protected":false},"author":2,"featured_media":0,"comment_status":"closed","ping_status":"open","sticky":false,"template":"","format":"standard","meta":{"ngg_post_thumbnail":0,"footnotes":""},"categories":[1],"tags":[],"class_list":["post-7097","post","type-post","status-publish","format-standard","hentry","category-principal"],"yoast_head":"<!-- This site is optimized with the Yoast SEO plugin v27.4 - https:\/\/yoast.com\/product\/yoast-seo-wordpress\/ -->\n<title>Sele\u00e7\u00e3o brasileira de handebol sub-18 convoca dois atletas cambeenses - Prefeitura de Camb\u00e9<\/title>\n<meta name=\"robots\" content=\"index, follow, max-snippet:-1, max-image-preview:large, max-video-preview:-1\" \/>\n<link rel=\"canonical\" href=\"https:\/\/www.cambe.pr.gov.br\/index.php\/selecao-brasileira-de-handebol-sub-18-convoca-dois-atletas-cambeenses\/\" \/>\n<meta property=\"og:locale\" content=\"pt_BR\" \/>\n<meta property=\"og:type\" content=\"article\" \/>\n<meta property=\"og:title\" content=\"Sele\u00e7\u00e3o brasileira de handebol sub-18 convoca dois atletas cambeenses - Prefeitura de Camb\u00e9\" \/>\n<meta property=\"og:description\" content=\"Dois atletas cambeenses foram convocados para um per\u00edodo de treinamentos com a sele\u00e7\u00e3o brasileira de handebol masculino sub-18. O treinamento dos atletas, Gabriel Costa e Vitor Hugo, ser\u00e1 do dia 28\/08 ao dia 03\/09, na cidade S\u00e3o Jos\u00e9, em Santa Catarina. Segundo t\u00e9cnico cambeense Rodolfo Cyborg, essa \u00e9 a primeira vez que atletas de base [&hellip;]\" \/>\n<meta property=\"og:url\" content=\"https:\/\/www.cambe.pr.gov.br\/index.php\/selecao-brasileira-de-handebol-sub-18-convoca-dois-atletas-cambeenses\/\" \/>\n<meta property=\"og:site_name\" content=\"Prefeitura de Camb\u00e9\" \/>\n<meta property=\"article:publisher\" content=\"https:\/\/m.facebook.com\/prefeituradecambe\" \/>\n<meta property=\"article:published_time\" content=\"2022-08-03T18:55:09+00:00\" \/>\n<meta property=\"article:modified_time\" content=\"2024-10-07T16:01:00+00:00\" \/>\n<meta property=\"og:image\" content=\"http:\/\/www.cambe.pr.gov.br\/wp-content\/uploads\/2022\/08\/WhatsApp-Image-2022-08-03-at-13.59.00-1024x683.jpeg\" \/>\n<meta name=\"author\" content=\"Thiago Mossini Balbino dos Santos\" \/>\n<meta name=\"twitter:card\" content=\"summary_large_image\" \/>\n<meta name=\"twitter:label1\" content=\"Escrito por\" \/>\n\t<meta name=\"twitter:data1\" content=\"Thiago Mossini Balbino dos Santos\" \/>\n\t<meta name=\"twitter:label2\" content=\"Est. tempo de leitura\" \/>\n\t<meta name=\"twitter:data2\" content=\"2 minutos\" \/>\n<script type=\"application\/ld+json\" class=\"yoast-schema-graph\">{\"@context\":\"https:\\\/\\\/schema.org\",\"@graph\":[{\"@type\":\"Article\",\"@id\":\"https:\\\/\\\/www.cambe.pr.gov.br\\\/index.php\\\/selecao-brasileira-de-handebol-sub-18-convoca-dois-atletas-cambeenses\\\/#article\",\"isPartOf\":{\"@id\":\"https:\\\/\\\/www.cambe.pr.gov.br\\\/index.php\\\/selecao-brasileira-de-handebol-sub-18-convoca-dois-atletas-cambeenses\\\/\"},\"author\":{\"name\":\"Thiago Mossini Balbino dos Santos\",\"@id\":\"https:\\\/\\\/www.cambe.pr.gov.br\\\/#\\\/schema\\\/person\\\/e08f7c43a641b2ec036e4e867ec483e4\"},\"headline\":\"Sele\u00e7\u00e3o brasileira de handebol sub-18 convoca dois atletas cambeenses\",\"datePublished\":\"2022-08-03T18:55:09+00:00\",\"dateModified\":\"2024-10-07T16:01:00+00:00\",\"mainEntityOfPage\":{\"@id\":\"https:\\\/\\\/www.cambe.pr.gov.br\\\/index.php\\\/selecao-brasileira-de-handebol-sub-18-convoca-dois-atletas-cambeenses\\\/\"},\"wordCount\":366,\"publisher\":{\"@id\":\"https:\\\/\\\/www.cambe.pr.gov.br\\\/#organization\"},\"image\":{\"@id\":\"https:\\\/\\\/www.cambe.pr.gov.br\\\/index.php\\\/selecao-brasileira-de-handebol-sub-18-convoca-dois-atletas-cambeenses\\\/#primaryimage\"},\"thumbnailUrl\":\"http:\\\/\\\/www.cambe.pr.gov.br\\\/wp-content\\\/uploads\\\/2022\\\/08\\\/WhatsApp-Image-2022-08-03-at-13.59.00-1024x683.jpeg\",\"articleSection\":[\"Principal\"],\"inLanguage\":\"pt-BR\"},{\"@type\":\"WebPage\",\"@id\":\"https:\\\/\\\/www.cambe.pr.gov.br\\\/index.php\\\/selecao-brasileira-de-handebol-sub-18-convoca-dois-atletas-cambeenses\\\/\",\"url\":\"https:\\\/\\\/www.cambe.pr.gov.br\\\/index.php\\\/selecao-brasileira-de-handebol-sub-18-convoca-dois-atletas-cambeenses\\\/\",\"name\":\"Sele\u00e7\u00e3o brasileira de handebol sub-18 convoca dois atletas cambeenses - Prefeitura de Camb\u00e9\",\"isPartOf\":{\"@id\":\"https:\\\/\\\/www.cambe.pr.gov.br\\\/#website\"},\"primaryImageOfPage\":{\"@id\":\"https:\\\/\\\/www.cambe.pr.gov.br\\\/index.php\\\/selecao-brasileira-de-handebol-sub-18-convoca-dois-atletas-cambeenses\\\/#primaryimage\"},\"image\":{\"@id\":\"https:\\\/\\\/www.cambe.pr.gov.br\\\/index.php\\\/selecao-brasileira-de-handebol-sub-18-convoca-dois-atletas-cambeenses\\\/#primaryimage\"},\"thumbnailUrl\":\"http:\\\/\\\/www.cambe.pr.gov.br\\\/wp-content\\\/uploads\\\/2022\\\/08\\\/WhatsApp-Image-2022-08-03-at-13.59.00-1024x683.jpeg\",\"datePublished\":\"2022-08-03T18:55:09+00:00\",\"dateModified\":\"2024-10-07T16:01:00+00:00\",\"breadcrumb\":{\"@id\":\"https:\\\/\\\/www.cambe.pr.gov.br\\\/index.php\\\/selecao-brasileira-de-handebol-sub-18-convoca-dois-atletas-cambeenses\\\/#breadcrumb\"},\"inLanguage\":\"pt-BR\",\"potentialAction\":[{\"@type\":\"ReadAction\",\"target\":[\"https:\\\/\\\/www.cambe.pr.gov.br\\\/index.php\\\/selecao-brasileira-de-handebol-sub-18-convoca-dois-atletas-cambeenses\\\/\"]}]},{\"@type\":\"ImageObject\",\"inLanguage\":\"pt-BR\",\"@id\":\"https:\\\/\\\/www.cambe.pr.gov.br\\\/index.php\\\/selecao-brasileira-de-handebol-sub-18-convoca-dois-atletas-cambeenses\\\/#primaryimage\",\"url\":\"http:\\\/\\\/www.cambe.pr.gov.br\\\/wp-content\\\/uploads\\\/2022\\\/08\\\/WhatsApp-Image-2022-08-03-at-13.59.00-1024x683.jpeg\",\"contentUrl\":\"http:\\\/\\\/www.cambe.pr.gov.br\\\/wp-content\\\/uploads\\\/2022\\\/08\\\/WhatsApp-Image-2022-08-03-at-13.59.00-1024x683.jpeg\"},{\"@type\":\"BreadcrumbList\",\"@id\":\"https:\\\/\\\/www.cambe.pr.gov.br\\\/index.php\\\/selecao-brasileira-de-handebol-sub-18-convoca-dois-atletas-cambeenses\\\/#breadcrumb\",\"itemListElement\":[{\"@type\":\"ListItem\",\"position\":1,\"name\":\"In\u00edcio\",\"item\":\"https:\\\/\\\/www.cambe.pr.gov.br\\\/\"},{\"@type\":\"ListItem\",\"position\":2,\"name\":\"Sele\u00e7\u00e3o brasileira de handebol sub-18 convoca dois atletas cambeenses\"}]},{\"@type\":\"WebSite\",\"@id\":\"https:\\\/\\\/www.cambe.pr.gov.br\\\/#website\",\"url\":\"https:\\\/\\\/www.cambe.pr.gov.br\\\/\",\"name\":\"Prefeitura de Camb\u00e9\",\"description\":\"UM GOVERNO PARA TODOS\",\"publisher\":{\"@id\":\"https:\\\/\\\/www.cambe.pr.gov.br\\\/#organization\"},\"potentialAction\":[{\"@type\":\"SearchAction\",\"target\":{\"@type\":\"EntryPoint\",\"urlTemplate\":\"https:\\\/\\\/www.cambe.pr.gov.br\\\/?s={search_term_string}\"},\"query-input\":{\"@type\":\"PropertyValueSpecification\",\"valueRequired\":true,\"valueName\":\"search_term_string\"}}],\"inLanguage\":\"pt-BR\"},{\"@type\":\"Organization\",\"@id\":\"https:\\\/\\\/www.cambe.pr.gov.br\\\/#organization\",\"name\":\"Prefeitura de Camb\u00e9\",\"url\":\"https:\\\/\\\/www.cambe.pr.gov.br\\\/\",\"logo\":{\"@type\":\"ImageObject\",\"inLanguage\":\"pt-BR\",\"@id\":\"https:\\\/\\\/www.cambe.pr.gov.br\\\/#\\\/schema\\\/logo\\\/image\\\/\",\"url\":\"https:\\\/\\\/www.cambe.pr.gov.br\\\/wp-content\\\/uploads\\\/2021\\\/01\\\/cropped-cropped-cambe_brazao-icone.png\",\"contentUrl\":\"https:\\\/\\\/www.cambe.pr.gov.br\\\/wp-content\\\/uploads\\\/2021\\\/01\\\/cropped-cropped-cambe_brazao-icone.png\",\"width\":240,\"height\":240,\"caption\":\"Prefeitura de Camb\u00e9\"},\"image\":{\"@id\":\"https:\\\/\\\/www.cambe.pr.gov.br\\\/#\\\/schema\\\/logo\\\/image\\\/\"},\"sameAs\":[\"https:\\\/\\\/m.facebook.com\\\/prefeituradecambe\"]},{\"@type\":\"Person\",\"@id\":\"https:\\\/\\\/www.cambe.pr.gov.br\\\/#\\\/schema\\\/person\\\/e08f7c43a641b2ec036e4e867ec483e4\",\"name\":\"Thiago Mossini Balbino dos Santos\",\"image\":{\"@type\":\"ImageObject\",\"inLanguage\":\"pt-BR\",\"@id\":\"https:\\\/\\\/secure.gravatar.com\\\/avatar\\\/d957ed4e1bc3ebf5769d1003f9709cd2012ebf424eb4a5d76a933fee30e874b6?s=96&d=mm&r=g\",\"url\":\"https:\\\/\\\/secure.gravatar.com\\\/avatar\\\/d957ed4e1bc3ebf5769d1003f9709cd2012ebf424eb4a5d76a933fee30e874b6?s=96&d=mm&r=g\",\"contentUrl\":\"https:\\\/\\\/secure.gravatar.com\\\/avatar\\\/d957ed4e1bc3ebf5769d1003f9709cd2012ebf424eb4a5d76a933fee30e874b6?s=96&d=mm&r=g\",\"caption\":\"Thiago Mossini Balbino dos Santos\"},\"url\":\"https:\\\/\\\/www.cambe.pr.gov.br\\\/index.php\\\/author\\\/tmbsantos\\\/\"}]}<\/script>\n<!-- \/ Yoast SEO plugin. -->","yoast_head_json":{"title":"Sele\u00e7\u00e3o brasileira de handebol sub-18 convoca dois atletas cambeenses - Prefeitura de Camb\u00e9","robots":{"index":"index","follow":"follow","max-snippet":"max-snippet:-1","max-image-preview":"max-image-preview:large","max-video-preview":"max-video-preview:-1"},"canonical":"https:\/\/www.cambe.pr.gov.br\/index.php\/selecao-brasileira-de-handebol-sub-18-convoca-dois-atletas-cambeenses\/","og_locale":"pt_BR","og_type":"article","og_title":"Sele\u00e7\u00e3o brasileira de handebol sub-18 convoca dois atletas cambeenses - Prefeitura de Camb\u00e9","og_description":"Dois atletas cambeenses foram convocados para um per\u00edodo de treinamentos com a sele\u00e7\u00e3o brasileira de handebol masculino sub-18. O treinamento dos atletas, Gabriel Costa e Vitor Hugo, ser\u00e1 do dia 28\/08 ao dia 03\/09, na cidade S\u00e3o Jos\u00e9, em Santa Catarina. Segundo t\u00e9cnico cambeense Rodolfo Cyborg, essa \u00e9 a primeira vez que atletas de base [&hellip;]","og_url":"https:\/\/www.cambe.pr.gov.br\/index.php\/selecao-brasileira-de-handebol-sub-18-convoca-dois-atletas-cambeenses\/","og_site_name":"Prefeitura de Camb\u00e9","article_publisher":"https:\/\/m.facebook.com\/prefeituradecambe","article_published_time":"2022-08-03T18:55:09+00:00","article_modified_time":"2024-10-07T16:01:00+00:00","og_image":[{"url":"http:\/\/www.cambe.pr.gov.br\/wp-content\/uploads\/2022\/08\/WhatsApp-Image-2022-08-03-at-13.59.00-1024x683.jpeg","type":"","width":"","height":""}],"author":"Thiago Mossini Balbino dos Santos","twitter_card":"summary_large_image","twitter_misc":{"Escrito por":"Thiago Mossini Balbino dos Santos","Est. tempo de leitura":"2 minutos"},"schema":{"@context":"https:\/\/schema.org","@graph":[{"@type":"Article","@id":"https:\/\/www.cambe.pr.gov.br\/index.php\/selecao-brasileira-de-handebol-sub-18-convoca-dois-atletas-cambeenses\/#article","isPartOf":{"@id":"https:\/\/www.cambe.pr.gov.br\/index.php\/selecao-brasileira-de-handebol-sub-18-convoca-dois-atletas-cambeenses\/"},"author":{"name":"Thiago Mossini Balbino dos Santos","@id":"https:\/\/www.cambe.pr.gov.br\/#\/schema\/person\/e08f7c43a641b2ec036e4e867ec483e4"},"headline":"Sele\u00e7\u00e3o brasileira de handebol sub-18 convoca dois atletas cambeenses","datePublished":"2022-08-03T18:55:09+00:00","dateModified":"2024-10-07T16:01:00+00:00","mainEntityOfPage":{"@id":"https:\/\/www.cambe.pr.gov.br\/index.php\/selecao-brasileira-de-handebol-sub-18-convoca-dois-atletas-cambeenses\/"},"wordCount":366,"publisher":{"@id":"https:\/\/www.cambe.pr.gov.br\/#organization"},"image":{"@id":"https:\/\/www.cambe.pr.gov.br\/index.php\/selecao-brasileira-de-handebol-sub-18-convoca-dois-atletas-cambeenses\/#primaryimage"},"thumbnailUrl":"http:\/\/www.cambe.pr.gov.br\/wp-content\/uploads\/2022\/08\/WhatsApp-Image-2022-08-03-at-13.59.00-1024x683.jpeg","articleSection":["Principal"],"inLanguage":"pt-BR"},{"@type":"WebPage","@id":"https:\/\/www.cambe.pr.gov.br\/index.php\/selecao-brasileira-de-handebol-sub-18-convoca-dois-atletas-cambeenses\/","url":"https:\/\/www.cambe.pr.gov.br\/index.php\/selecao-brasileira-de-handebol-sub-18-convoca-dois-atletas-cambeenses\/","name":"Sele\u00e7\u00e3o brasileira de handebol sub-18 convoca dois atletas cambeenses - Prefeitura de Camb\u00e9","isPartOf":{"@id":"https:\/\/www.cambe.pr.gov.br\/#website"},"primaryImageOfPage":{"@id":"https:\/\/www.cambe.pr.gov.br\/index.php\/selecao-brasileira-de-handebol-sub-18-convoca-dois-atletas-cambeenses\/#primaryimage"},"image":{"@id":"https:\/\/www.cambe.pr.gov.br\/index.php\/selecao-brasileira-de-handebol-sub-18-convoca-dois-atletas-cambeenses\/#primaryimage"},"thumbnailUrl":"http:\/\/www.cambe.pr.gov.br\/wp-content\/uploads\/2022\/08\/WhatsApp-Image-2022-08-03-at-13.59.00-1024x683.jpeg","datePublished":"2022-08-03T18:55:09+00:00","dateModified":"2024-10-07T16:01:00+00:00","breadcrumb":{"@id":"https:\/\/www.cambe.pr.gov.br\/index.php\/selecao-brasileira-de-handebol-sub-18-convoca-dois-atletas-cambeenses\/#breadcrumb"},"inLanguage":"pt-BR","potentialAction":[{"@type":"ReadAction","target":["https:\/\/www.cambe.pr.gov.br\/index.php\/selecao-brasileira-de-handebol-sub-18-convoca-dois-atletas-cambeenses\/"]}]},{"@type":"ImageObject","inLanguage":"pt-BR","@id":"https:\/\/www.cambe.pr.gov.br\/index.php\/selecao-brasileira-de-handebol-sub-18-convoca-dois-atletas-cambeenses\/#primaryimage","url":"http:\/\/www.cambe.pr.gov.br\/wp-content\/uploads\/2022\/08\/WhatsApp-Image-2022-08-03-at-13.59.00-1024x683.jpeg","contentUrl":"http:\/\/www.cambe.pr.gov.br\/wp-content\/uploads\/2022\/08\/WhatsApp-Image-2022-08-03-at-13.59.00-1024x683.jpeg"},{"@type":"BreadcrumbList","@id":"https:\/\/www.cambe.pr.gov.br\/index.php\/selecao-brasileira-de-handebol-sub-18-convoca-dois-atletas-cambeenses\/#breadcrumb","itemListElement":[{"@type":"ListItem","position":1,"name":"In\u00edcio","item":"https:\/\/www.cambe.pr.gov.br\/"},{"@type":"ListItem","position":2,"name":"Sele\u00e7\u00e3o brasileira de handebol sub-18 convoca dois atletas cambeenses"}]},{"@type":"WebSite","@id":"https:\/\/www.cambe.pr.gov.br\/#website","url":"https:\/\/www.cambe.pr.gov.br\/","name":"Prefeitura de Camb\u00e9","description":"UM GOVERNO PARA TODOS","publisher":{"@id":"https:\/\/www.cambe.pr.gov.br\/#organization"},"potentialAction":[{"@type":"SearchAction","target":{"@type":"EntryPoint","urlTemplate":"https:\/\/www.cambe.pr.gov.br\/?s={search_term_string}"},"query-input":{"@type":"PropertyValueSpecification","valueRequired":true,"valueName":"search_term_string"}}],"inLanguage":"pt-BR"},{"@type":"Organization","@id":"https:\/\/www.cambe.pr.gov.br\/#organization","name":"Prefeitura de Camb\u00e9","url":"https:\/\/www.cambe.pr.gov.br\/","logo":{"@type":"ImageObject","inLanguage":"pt-BR","@id":"https:\/\/www.cambe.pr.gov.br\/#\/schema\/logo\/image\/","url":"https:\/\/www.cambe.pr.gov.br\/wp-content\/uploads\/2021\/01\/cropped-cropped-cambe_brazao-icone.png","contentUrl":"https:\/\/www.cambe.pr.gov.br\/wp-content\/uploads\/2021\/01\/cropped-cropped-cambe_brazao-icone.png","width":240,"height":240,"caption":"Prefeitura de Camb\u00e9"},"image":{"@id":"https:\/\/www.cambe.pr.gov.br\/#\/schema\/logo\/image\/"},"sameAs":["https:\/\/m.facebook.com\/prefeituradecambe"]},{"@type":"Person","@id":"https:\/\/www.cambe.pr.gov.br\/#\/schema\/person\/e08f7c43a641b2ec036e4e867ec483e4","name":"Thiago Mossini Balbino dos Santos","image":{"@type":"ImageObject","inLanguage":"pt-BR","@id":"https:\/\/secure.gravatar.com\/avatar\/d957ed4e1bc3ebf5769d1003f9709cd2012ebf424eb4a5d76a933fee30e874b6?s=96&d=mm&r=g","url":"https:\/\/secure.gravatar.com\/avatar\/d957ed4e1bc3ebf5769d1003f9709cd2012ebf424eb4a5d76a933fee30e874b6?s=96&d=mm&r=g","contentUrl":"https:\/\/secure.gravatar.com\/avatar\/d957ed4e1bc3ebf5769d1003f9709cd2012ebf424eb4a5d76a933fee30e874b6?s=96&d=mm&r=g","caption":"Thiago Mossini Balbino dos Santos"},"url":"https:\/\/www.cambe.pr.gov.br\/index.php\/author\/tmbsantos\/"}]}},"_links":{"self":[{"href":"https:\/\/www.cambe.pr.gov.br\/index.php\/wp-json\/wp\/v2\/posts\/7097","targetHints":{"allow":["GET"]}}],"collection":[{"href":"https:\/\/www.cambe.pr.gov.br\/index.php\/wp-json\/wp\/v2\/posts"}],"about":[{"href":"https:\/\/www.cambe.pr.gov.br\/index.php\/wp-json\/wp\/v2\/types\/post"}],"author":[{"embeddable":true,"href":"https:\/\/www.cambe.pr.gov.br\/index.php\/wp-json\/wp\/v2\/users\/2"}],"replies":[{"embeddable":true,"href":"https:\/\/www.cambe.pr.gov.br\/index.php\/wp-json\/wp\/v2\/comments?post=7097"}],"version-history":[{"count":8,"href":"https:\/\/www.cambe.pr.gov.br\/index.php\/wp-json\/wp\/v2\/posts\/7097\/revisions"}],"predecessor-version":[{"id":7111,"href":"https:\/\/www.cambe.pr.gov.br\/index.php\/wp-json\/wp\/v2\/posts\/7097\/revisions\/7111"}],"wp:attachment":[{"href":"https:\/\/www.cambe.pr.gov.br\/index.php\/wp-json\/wp\/v2\/media?parent=7097"}],"wp:term":[{"taxonomy":"category","embeddable":true,"href":"https:\/\/www.cambe.pr.gov.br\/index.php\/wp-json\/wp\/v2\/categories?post=7097"},{"taxonomy":"post_tag","embeddable":true,"href":"https:\/\/www.cambe.pr.gov.br\/index.php\/wp-json\/wp\/v2\/tags?post=7097"}],"curies":[{"name":"wp","href":"https:\/\/api.w.org\/{rel}","templated":true}]}}