{"id":6836,"date":"2022-07-20T16:53:26","date_gmt":"2022-07-20T19:53:26","guid":{"rendered":"http:\/\/www.cambe.pr.gov.br\/?p=6836"},"modified":"2024-10-07T13:00:59","modified_gmt":"2024-10-07T16:00:59","slug":"prefeitura-realiza-melhorias-no-asfalto-de-mais-quatro-trechos-na-cidade","status":"publish","type":"post","link":"https:\/\/www.cambe.pr.gov.br\/index.php\/prefeitura-realiza-melhorias-no-asfalto-de-mais-quatro-trechos-na-cidade\/","title":{"rendered":"Prefeitura realiza melhorias no asfalto de mais quatro trechos na cidade"},"content":{"rendered":"<p style=\"text-align: justify;\"><img fetchpriority=\"high\" decoding=\"async\" class=\"size-large wp-image-6906 alignleft\" src=\"https:\/\/www.cambe.pr.gov.br\/wp-content\/uploads\/2022\/07\/WhatsApp-Image-2022-07-20-at-16.46.48-1024x768.jpeg\" alt=\"\" width=\"610\" height=\"458\" srcset=\"https:\/\/www.cambe.pr.gov.br\/wp-content\/uploads\/2022\/07\/WhatsApp-Image-2022-07-20-at-16.46.48-1024x768.jpeg 1024w, https:\/\/www.cambe.pr.gov.br\/wp-content\/uploads\/2022\/07\/WhatsApp-Image-2022-07-20-at-16.46.48-300x225.jpeg 300w, https:\/\/www.cambe.pr.gov.br\/wp-content\/uploads\/2022\/07\/WhatsApp-Image-2022-07-20-at-16.46.48-768x576.jpeg 768w, https:\/\/www.cambe.pr.gov.br\/wp-content\/uploads\/2022\/07\/WhatsApp-Image-2022-07-20-at-16.46.48-1536x1152.jpeg 1536w, https:\/\/www.cambe.pr.gov.br\/wp-content\/uploads\/2022\/07\/WhatsApp-Image-2022-07-20-at-16.46.48-400x300.jpeg 400w, https:\/\/www.cambe.pr.gov.br\/wp-content\/uploads\/2022\/07\/WhatsApp-Image-2022-07-20-at-16.46.48.jpeg 1600w\" sizes=\"(max-width: 610px) 100vw, 610px\" \/>Durante esta semana, a Prefeitura de Camb\u00e9 segue realizando obras para melhorias do asfalto na cidade. As regi\u00f5es do Jardim Ana Rosa, Jos\u00e9 F\u00e1varo e a avenida Roberto Concei\u00e7\u00e3o foram contempladas com obras de revitaliza\u00e7\u00e3o da pavimenta\u00e7\u00e3o. As a\u00e7\u00f5es s\u00e3o realizadas pela Secretaria de Planejamento e fazem parte do maior programa de recapeamento asf\u00e1ltico da hist\u00f3ria da cidade.<\/p>\n<p style=\"text-align: justify;\">Na avenida Roberto Concei\u00e7\u00e3o, as obras acontecem em dois pontos: entre a rua dos Emigrantes e a avenida Bras\u00edlia e em frente ao f\u00f3rum. De acordo com Renan Cenali, engenheiro da Companhia de Desenvolvimento de Camb\u00e9 (Comdec), empresa respons\u00e1vel pela execu\u00e7\u00e3o da obra, a manuten\u00e7\u00e3o destes trechos \u00e9 importante devido ao aumento do tr\u00e1fego na regi\u00e3o, al\u00e9m da identifica\u00e7\u00e3o ondula\u00e7\u00f5es que apresentam riscos para quem trafega pelo local.<\/p>\n<p style=\"text-align: justify;\">Nos bairros Jardim Ana Rosa e Jos\u00e9 F\u00e1varo, as obras acontecem nas ruas Jo\u00e3o Pagotti e Os\u00f3rio Ricieri. A regi\u00e3o j\u00e1 recebeu melhorias em trechos das ruas Ant\u00f4nio Mantovani, Francisco Lopes Hernandes e Jo\u00e3o Dalla Pria, no Jardim Ana Rosa, e em trechos das ruas Ant\u00f4nio Burgo e Graciosa Buratti, no Jardim Jos\u00e9 Favaro.<\/p>\n<p style=\"text-align: justify;\">Renan Cenali diz que a previs\u00e3o \u00e9 que as novas obras terminem at\u00e9 o final desta semana, mas que tudo depende da condi\u00e7\u00e3o clim\u00e1tica.<\/p>\n","protected":false},"excerpt":{"rendered":"<p>Durante esta semana, a Prefeitura de Camb\u00e9 segue realizando obras para melhorias do asfalto na cidade. As regi\u00f5es do Jardim Ana Rosa, Jos\u00e9 F\u00e1varo e a avenida Roberto Concei\u00e7\u00e3o foram contempladas com obras de revitaliza\u00e7\u00e3o da pavimenta\u00e7\u00e3o. As a\u00e7\u00f5es s\u00e3o realizadas pela Secretaria de Planejamento e fazem parte do maior programa de recapeamento asf\u00e1ltico da [&hellip;]<\/p>\n","protected":false},"author":3,"featured_media":0,"comment_status":"closed","ping_status":"open","sticky":false,"template":"","format":"standard","meta":{"ngg_post_thumbnail":0,"footnotes":""},"categories":[1],"tags":[],"class_list":["post-6836","post","type-post","status-publish","format-standard","hentry","category-principal"],"yoast_head":"<!-- This site is optimized with the Yoast SEO plugin v27.4 - https:\/\/yoast.com\/product\/yoast-seo-wordpress\/ -->\n<title>Prefeitura realiza melhorias no asfalto de mais quatro trechos na cidade - Prefeitura de Camb\u00e9<\/title>\n<meta name=\"robots\" content=\"index, follow, max-snippet:-1, max-image-preview:large, max-video-preview:-1\" \/>\n<link rel=\"canonical\" href=\"https:\/\/www.cambe.pr.gov.br\/index.php\/prefeitura-realiza-melhorias-no-asfalto-de-mais-quatro-trechos-na-cidade\/\" \/>\n<meta property=\"og:locale\" content=\"pt_BR\" \/>\n<meta property=\"og:type\" content=\"article\" \/>\n<meta property=\"og:title\" content=\"Prefeitura realiza melhorias no asfalto de mais quatro trechos na cidade - Prefeitura de Camb\u00e9\" \/>\n<meta property=\"og:description\" content=\"Durante esta semana, a Prefeitura de Camb\u00e9 segue realizando obras para melhorias do asfalto na cidade. As regi\u00f5es do Jardim Ana Rosa, Jos\u00e9 F\u00e1varo e a avenida Roberto Concei\u00e7\u00e3o foram contempladas com obras de revitaliza\u00e7\u00e3o da pavimenta\u00e7\u00e3o. As a\u00e7\u00f5es s\u00e3o realizadas pela Secretaria de Planejamento e fazem parte do maior programa de recapeamento asf\u00e1ltico da [&hellip;]\" \/>\n<meta property=\"og:url\" content=\"https:\/\/www.cambe.pr.gov.br\/index.php\/prefeitura-realiza-melhorias-no-asfalto-de-mais-quatro-trechos-na-cidade\/\" \/>\n<meta property=\"og:site_name\" content=\"Prefeitura de Camb\u00e9\" \/>\n<meta property=\"article:publisher\" content=\"https:\/\/m.facebook.com\/prefeituradecambe\" \/>\n<meta property=\"article:published_time\" content=\"2022-07-20T19:53:26+00:00\" \/>\n<meta property=\"article:modified_time\" content=\"2024-10-07T16:00:59+00:00\" \/>\n<meta property=\"og:image\" content=\"http:\/\/www.cambe.pr.gov.br\/wp-content\/uploads\/2022\/07\/WhatsApp-Image-2022-07-20-at-16.46.48-1024x768.jpeg\" \/>\n<meta name=\"author\" content=\"Mateus Goulart Itiyama\" \/>\n<meta name=\"twitter:card\" content=\"summary_large_image\" \/>\n<meta name=\"twitter:label1\" content=\"Escrito por\" \/>\n\t<meta name=\"twitter:data1\" content=\"Mateus Goulart Itiyama\" \/>\n\t<meta name=\"twitter:label2\" content=\"Est. tempo de leitura\" \/>\n\t<meta name=\"twitter:data2\" content=\"1 minuto\" \/>\n<script type=\"application\/ld+json\" class=\"yoast-schema-graph\">{\"@context\":\"https:\\\/\\\/schema.org\",\"@graph\":[{\"@type\":\"Article\",\"@id\":\"https:\\\/\\\/www.cambe.pr.gov.br\\\/index.php\\\/prefeitura-realiza-melhorias-no-asfalto-de-mais-quatro-trechos-na-cidade\\\/#article\",\"isPartOf\":{\"@id\":\"https:\\\/\\\/www.cambe.pr.gov.br\\\/index.php\\\/prefeitura-realiza-melhorias-no-asfalto-de-mais-quatro-trechos-na-cidade\\\/\"},\"author\":{\"name\":\"Mateus Goulart Itiyama\",\"@id\":\"https:\\\/\\\/www.cambe.pr.gov.br\\\/#\\\/schema\\\/person\\\/43b191a728babf8730823b22d888d98b\"},\"headline\":\"Prefeitura realiza melhorias no asfalto de mais quatro trechos na cidade\",\"datePublished\":\"2022-07-20T19:53:26+00:00\",\"dateModified\":\"2024-10-07T16:00:59+00:00\",\"mainEntityOfPage\":{\"@id\":\"https:\\\/\\\/www.cambe.pr.gov.br\\\/index.php\\\/prefeitura-realiza-melhorias-no-asfalto-de-mais-quatro-trechos-na-cidade\\\/\"},\"wordCount\":243,\"publisher\":{\"@id\":\"https:\\\/\\\/www.cambe.pr.gov.br\\\/#organization\"},\"image\":{\"@id\":\"https:\\\/\\\/www.cambe.pr.gov.br\\\/index.php\\\/prefeitura-realiza-melhorias-no-asfalto-de-mais-quatro-trechos-na-cidade\\\/#primaryimage\"},\"thumbnailUrl\":\"http:\\\/\\\/www.cambe.pr.gov.br\\\/wp-content\\\/uploads\\\/2022\\\/07\\\/WhatsApp-Image-2022-07-20-at-16.46.48-1024x768.jpeg\",\"articleSection\":[\"Principal\"],\"inLanguage\":\"pt-BR\"},{\"@type\":\"WebPage\",\"@id\":\"https:\\\/\\\/www.cambe.pr.gov.br\\\/index.php\\\/prefeitura-realiza-melhorias-no-asfalto-de-mais-quatro-trechos-na-cidade\\\/\",\"url\":\"https:\\\/\\\/www.cambe.pr.gov.br\\\/index.php\\\/prefeitura-realiza-melhorias-no-asfalto-de-mais-quatro-trechos-na-cidade\\\/\",\"name\":\"Prefeitura realiza melhorias no asfalto de mais quatro trechos na cidade - Prefeitura de Camb\u00e9\",\"isPartOf\":{\"@id\":\"https:\\\/\\\/www.cambe.pr.gov.br\\\/#website\"},\"primaryImageOfPage\":{\"@id\":\"https:\\\/\\\/www.cambe.pr.gov.br\\\/index.php\\\/prefeitura-realiza-melhorias-no-asfalto-de-mais-quatro-trechos-na-cidade\\\/#primaryimage\"},\"image\":{\"@id\":\"https:\\\/\\\/www.cambe.pr.gov.br\\\/index.php\\\/prefeitura-realiza-melhorias-no-asfalto-de-mais-quatro-trechos-na-cidade\\\/#primaryimage\"},\"thumbnailUrl\":\"http:\\\/\\\/www.cambe.pr.gov.br\\\/wp-content\\\/uploads\\\/2022\\\/07\\\/WhatsApp-Image-2022-07-20-at-16.46.48-1024x768.jpeg\",\"datePublished\":\"2022-07-20T19:53:26+00:00\",\"dateModified\":\"2024-10-07T16:00:59+00:00\",\"breadcrumb\":{\"@id\":\"https:\\\/\\\/www.cambe.pr.gov.br\\\/index.php\\\/prefeitura-realiza-melhorias-no-asfalto-de-mais-quatro-trechos-na-cidade\\\/#breadcrumb\"},\"inLanguage\":\"pt-BR\",\"potentialAction\":[{\"@type\":\"ReadAction\",\"target\":[\"https:\\\/\\\/www.cambe.pr.gov.br\\\/index.php\\\/prefeitura-realiza-melhorias-no-asfalto-de-mais-quatro-trechos-na-cidade\\\/\"]}]},{\"@type\":\"ImageObject\",\"inLanguage\":\"pt-BR\",\"@id\":\"https:\\\/\\\/www.cambe.pr.gov.br\\\/index.php\\\/prefeitura-realiza-melhorias-no-asfalto-de-mais-quatro-trechos-na-cidade\\\/#primaryimage\",\"url\":\"http:\\\/\\\/www.cambe.pr.gov.br\\\/wp-content\\\/uploads\\\/2022\\\/07\\\/WhatsApp-Image-2022-07-20-at-16.46.48-1024x768.jpeg\",\"contentUrl\":\"http:\\\/\\\/www.cambe.pr.gov.br\\\/wp-content\\\/uploads\\\/2022\\\/07\\\/WhatsApp-Image-2022-07-20-at-16.46.48-1024x768.jpeg\"},{\"@type\":\"BreadcrumbList\",\"@id\":\"https:\\\/\\\/www.cambe.pr.gov.br\\\/index.php\\\/prefeitura-realiza-melhorias-no-asfalto-de-mais-quatro-trechos-na-cidade\\\/#breadcrumb\",\"itemListElement\":[{\"@type\":\"ListItem\",\"position\":1,\"name\":\"In\u00edcio\",\"item\":\"https:\\\/\\\/www.cambe.pr.gov.br\\\/\"},{\"@type\":\"ListItem\",\"position\":2,\"name\":\"Prefeitura realiza melhorias no asfalto de mais quatro trechos na cidade\"}]},{\"@type\":\"WebSite\",\"@id\":\"https:\\\/\\\/www.cambe.pr.gov.br\\\/#website\",\"url\":\"https:\\\/\\\/www.cambe.pr.gov.br\\\/\",\"name\":\"Prefeitura de Camb\u00e9\",\"description\":\"UM GOVERNO PARA TODOS\",\"publisher\":{\"@id\":\"https:\\\/\\\/www.cambe.pr.gov.br\\\/#organization\"},\"potentialAction\":[{\"@type\":\"SearchAction\",\"target\":{\"@type\":\"EntryPoint\",\"urlTemplate\":\"https:\\\/\\\/www.cambe.pr.gov.br\\\/?s={search_term_string}\"},\"query-input\":{\"@type\":\"PropertyValueSpecification\",\"valueRequired\":true,\"valueName\":\"search_term_string\"}}],\"inLanguage\":\"pt-BR\"},{\"@type\":\"Organization\",\"@id\":\"https:\\\/\\\/www.cambe.pr.gov.br\\\/#organization\",\"name\":\"Prefeitura de Camb\u00e9\",\"url\":\"https:\\\/\\\/www.cambe.pr.gov.br\\\/\",\"logo\":{\"@type\":\"ImageObject\",\"inLanguage\":\"pt-BR\",\"@id\":\"https:\\\/\\\/www.cambe.pr.gov.br\\\/#\\\/schema\\\/logo\\\/image\\\/\",\"url\":\"https:\\\/\\\/www.cambe.pr.gov.br\\\/wp-content\\\/uploads\\\/2021\\\/01\\\/cropped-cropped-cambe_brazao-icone.png\",\"contentUrl\":\"https:\\\/\\\/www.cambe.pr.gov.br\\\/wp-content\\\/uploads\\\/2021\\\/01\\\/cropped-cropped-cambe_brazao-icone.png\",\"width\":240,\"height\":240,\"caption\":\"Prefeitura de Camb\u00e9\"},\"image\":{\"@id\":\"https:\\\/\\\/www.cambe.pr.gov.br\\\/#\\\/schema\\\/logo\\\/image\\\/\"},\"sameAs\":[\"https:\\\/\\\/m.facebook.com\\\/prefeituradecambe\"]},{\"@type\":\"Person\",\"@id\":\"https:\\\/\\\/www.cambe.pr.gov.br\\\/#\\\/schema\\\/person\\\/43b191a728babf8730823b22d888d98b\",\"name\":\"Mateus Goulart Itiyama\",\"image\":{\"@type\":\"ImageObject\",\"inLanguage\":\"pt-BR\",\"@id\":\"https:\\\/\\\/secure.gravatar.com\\\/avatar\\\/5ffc167a361290b7e863147a2ca418909f497566de633f627f8baffc8507a392?s=96&d=mm&r=g\",\"url\":\"https:\\\/\\\/secure.gravatar.com\\\/avatar\\\/5ffc167a361290b7e863147a2ca418909f497566de633f627f8baffc8507a392?s=96&d=mm&r=g\",\"contentUrl\":\"https:\\\/\\\/secure.gravatar.com\\\/avatar\\\/5ffc167a361290b7e863147a2ca418909f497566de633f627f8baffc8507a392?s=96&d=mm&r=g\",\"caption\":\"Mateus Goulart Itiyama\"},\"url\":\"https:\\\/\\\/www.cambe.pr.gov.br\\\/index.php\\\/author\\\/mgitiyama\\\/\"}]}<\/script>\n<!-- \/ Yoast SEO plugin. -->","yoast_head_json":{"title":"Prefeitura realiza melhorias no asfalto de mais quatro trechos na cidade - Prefeitura de Camb\u00e9","robots":{"index":"index","follow":"follow","max-snippet":"max-snippet:-1","max-image-preview":"max-image-preview:large","max-video-preview":"max-video-preview:-1"},"canonical":"https:\/\/www.cambe.pr.gov.br\/index.php\/prefeitura-realiza-melhorias-no-asfalto-de-mais-quatro-trechos-na-cidade\/","og_locale":"pt_BR","og_type":"article","og_title":"Prefeitura realiza melhorias no asfalto de mais quatro trechos na cidade - Prefeitura de Camb\u00e9","og_description":"Durante esta semana, a Prefeitura de Camb\u00e9 segue realizando obras para melhorias do asfalto na cidade. As regi\u00f5es do Jardim Ana Rosa, Jos\u00e9 F\u00e1varo e a avenida Roberto Concei\u00e7\u00e3o foram contempladas com obras de revitaliza\u00e7\u00e3o da pavimenta\u00e7\u00e3o. As a\u00e7\u00f5es s\u00e3o realizadas pela Secretaria de Planejamento e fazem parte do maior programa de recapeamento asf\u00e1ltico da [&hellip;]","og_url":"https:\/\/www.cambe.pr.gov.br\/index.php\/prefeitura-realiza-melhorias-no-asfalto-de-mais-quatro-trechos-na-cidade\/","og_site_name":"Prefeitura de Camb\u00e9","article_publisher":"https:\/\/m.facebook.com\/prefeituradecambe","article_published_time":"2022-07-20T19:53:26+00:00","article_modified_time":"2024-10-07T16:00:59+00:00","og_image":[{"url":"http:\/\/www.cambe.pr.gov.br\/wp-content\/uploads\/2022\/07\/WhatsApp-Image-2022-07-20-at-16.46.48-1024x768.jpeg","type":"","width":"","height":""}],"author":"Mateus Goulart Itiyama","twitter_card":"summary_large_image","twitter_misc":{"Escrito por":"Mateus Goulart Itiyama","Est. tempo de leitura":"1 minuto"},"schema":{"@context":"https:\/\/schema.org","@graph":[{"@type":"Article","@id":"https:\/\/www.cambe.pr.gov.br\/index.php\/prefeitura-realiza-melhorias-no-asfalto-de-mais-quatro-trechos-na-cidade\/#article","isPartOf":{"@id":"https:\/\/www.cambe.pr.gov.br\/index.php\/prefeitura-realiza-melhorias-no-asfalto-de-mais-quatro-trechos-na-cidade\/"},"author":{"name":"Mateus Goulart Itiyama","@id":"https:\/\/www.cambe.pr.gov.br\/#\/schema\/person\/43b191a728babf8730823b22d888d98b"},"headline":"Prefeitura realiza melhorias no asfalto de mais quatro trechos na cidade","datePublished":"2022-07-20T19:53:26+00:00","dateModified":"2024-10-07T16:00:59+00:00","mainEntityOfPage":{"@id":"https:\/\/www.cambe.pr.gov.br\/index.php\/prefeitura-realiza-melhorias-no-asfalto-de-mais-quatro-trechos-na-cidade\/"},"wordCount":243,"publisher":{"@id":"https:\/\/www.cambe.pr.gov.br\/#organization"},"image":{"@id":"https:\/\/www.cambe.pr.gov.br\/index.php\/prefeitura-realiza-melhorias-no-asfalto-de-mais-quatro-trechos-na-cidade\/#primaryimage"},"thumbnailUrl":"http:\/\/www.cambe.pr.gov.br\/wp-content\/uploads\/2022\/07\/WhatsApp-Image-2022-07-20-at-16.46.48-1024x768.jpeg","articleSection":["Principal"],"inLanguage":"pt-BR"},{"@type":"WebPage","@id":"https:\/\/www.cambe.pr.gov.br\/index.php\/prefeitura-realiza-melhorias-no-asfalto-de-mais-quatro-trechos-na-cidade\/","url":"https:\/\/www.cambe.pr.gov.br\/index.php\/prefeitura-realiza-melhorias-no-asfalto-de-mais-quatro-trechos-na-cidade\/","name":"Prefeitura realiza melhorias no asfalto de mais quatro trechos na cidade - Prefeitura de Camb\u00e9","isPartOf":{"@id":"https:\/\/www.cambe.pr.gov.br\/#website"},"primaryImageOfPage":{"@id":"https:\/\/www.cambe.pr.gov.br\/index.php\/prefeitura-realiza-melhorias-no-asfalto-de-mais-quatro-trechos-na-cidade\/#primaryimage"},"image":{"@id":"https:\/\/www.cambe.pr.gov.br\/index.php\/prefeitura-realiza-melhorias-no-asfalto-de-mais-quatro-trechos-na-cidade\/#primaryimage"},"thumbnailUrl":"http:\/\/www.cambe.pr.gov.br\/wp-content\/uploads\/2022\/07\/WhatsApp-Image-2022-07-20-at-16.46.48-1024x768.jpeg","datePublished":"2022-07-20T19:53:26+00:00","dateModified":"2024-10-07T16:00:59+00:00","breadcrumb":{"@id":"https:\/\/www.cambe.pr.gov.br\/index.php\/prefeitura-realiza-melhorias-no-asfalto-de-mais-quatro-trechos-na-cidade\/#breadcrumb"},"inLanguage":"pt-BR","potentialAction":[{"@type":"ReadAction","target":["https:\/\/www.cambe.pr.gov.br\/index.php\/prefeitura-realiza-melhorias-no-asfalto-de-mais-quatro-trechos-na-cidade\/"]}]},{"@type":"ImageObject","inLanguage":"pt-BR","@id":"https:\/\/www.cambe.pr.gov.br\/index.php\/prefeitura-realiza-melhorias-no-asfalto-de-mais-quatro-trechos-na-cidade\/#primaryimage","url":"http:\/\/www.cambe.pr.gov.br\/wp-content\/uploads\/2022\/07\/WhatsApp-Image-2022-07-20-at-16.46.48-1024x768.jpeg","contentUrl":"http:\/\/www.cambe.pr.gov.br\/wp-content\/uploads\/2022\/07\/WhatsApp-Image-2022-07-20-at-16.46.48-1024x768.jpeg"},{"@type":"BreadcrumbList","@id":"https:\/\/www.cambe.pr.gov.br\/index.php\/prefeitura-realiza-melhorias-no-asfalto-de-mais-quatro-trechos-na-cidade\/#breadcrumb","itemListElement":[{"@type":"ListItem","position":1,"name":"In\u00edcio","item":"https:\/\/www.cambe.pr.gov.br\/"},{"@type":"ListItem","position":2,"name":"Prefeitura realiza melhorias no asfalto de mais quatro trechos na cidade"}]},{"@type":"WebSite","@id":"https:\/\/www.cambe.pr.gov.br\/#website","url":"https:\/\/www.cambe.pr.gov.br\/","name":"Prefeitura de Camb\u00e9","description":"UM GOVERNO PARA TODOS","publisher":{"@id":"https:\/\/www.cambe.pr.gov.br\/#organization"},"potentialAction":[{"@type":"SearchAction","target":{"@type":"EntryPoint","urlTemplate":"https:\/\/www.cambe.pr.gov.br\/?s={search_term_string}"},"query-input":{"@type":"PropertyValueSpecification","valueRequired":true,"valueName":"search_term_string"}}],"inLanguage":"pt-BR"},{"@type":"Organization","@id":"https:\/\/www.cambe.pr.gov.br\/#organization","name":"Prefeitura de Camb\u00e9","url":"https:\/\/www.cambe.pr.gov.br\/","logo":{"@type":"ImageObject","inLanguage":"pt-BR","@id":"https:\/\/www.cambe.pr.gov.br\/#\/schema\/logo\/image\/","url":"https:\/\/www.cambe.pr.gov.br\/wp-content\/uploads\/2021\/01\/cropped-cropped-cambe_brazao-icone.png","contentUrl":"https:\/\/www.cambe.pr.gov.br\/wp-content\/uploads\/2021\/01\/cropped-cropped-cambe_brazao-icone.png","width":240,"height":240,"caption":"Prefeitura de Camb\u00e9"},"image":{"@id":"https:\/\/www.cambe.pr.gov.br\/#\/schema\/logo\/image\/"},"sameAs":["https:\/\/m.facebook.com\/prefeituradecambe"]},{"@type":"Person","@id":"https:\/\/www.cambe.pr.gov.br\/#\/schema\/person\/43b191a728babf8730823b22d888d98b","name":"Mateus Goulart Itiyama","image":{"@type":"ImageObject","inLanguage":"pt-BR","@id":"https:\/\/secure.gravatar.com\/avatar\/5ffc167a361290b7e863147a2ca418909f497566de633f627f8baffc8507a392?s=96&d=mm&r=g","url":"https:\/\/secure.gravatar.com\/avatar\/5ffc167a361290b7e863147a2ca418909f497566de633f627f8baffc8507a392?s=96&d=mm&r=g","contentUrl":"https:\/\/secure.gravatar.com\/avatar\/5ffc167a361290b7e863147a2ca418909f497566de633f627f8baffc8507a392?s=96&d=mm&r=g","caption":"Mateus Goulart Itiyama"},"url":"https:\/\/www.cambe.pr.gov.br\/index.php\/author\/mgitiyama\/"}]}},"_links":{"self":[{"href":"https:\/\/www.cambe.pr.gov.br\/index.php\/wp-json\/wp\/v2\/posts\/6836","targetHints":{"allow":["GET"]}}],"collection":[{"href":"https:\/\/www.cambe.pr.gov.br\/index.php\/wp-json\/wp\/v2\/posts"}],"about":[{"href":"https:\/\/www.cambe.pr.gov.br\/index.php\/wp-json\/wp\/v2\/types\/post"}],"author":[{"embeddable":true,"href":"https:\/\/www.cambe.pr.gov.br\/index.php\/wp-json\/wp\/v2\/users\/3"}],"replies":[{"embeddable":true,"href":"https:\/\/www.cambe.pr.gov.br\/index.php\/wp-json\/wp\/v2\/comments?post=6836"}],"version-history":[{"count":16,"href":"https:\/\/www.cambe.pr.gov.br\/index.php\/wp-json\/wp\/v2\/posts\/6836\/revisions"}],"predecessor-version":[{"id":6908,"href":"https:\/\/www.cambe.pr.gov.br\/index.php\/wp-json\/wp\/v2\/posts\/6836\/revisions\/6908"}],"wp:attachment":[{"href":"https:\/\/www.cambe.pr.gov.br\/index.php\/wp-json\/wp\/v2\/media?parent=6836"}],"wp:term":[{"taxonomy":"category","embeddable":true,"href":"https:\/\/www.cambe.pr.gov.br\/index.php\/wp-json\/wp\/v2\/categories?post=6836"},{"taxonomy":"post_tag","embeddable":true,"href":"https:\/\/www.cambe.pr.gov.br\/index.php\/wp-json\/wp\/v2\/tags?post=6836"}],"curies":[{"name":"wp","href":"https:\/\/api.w.org\/{rel}","templated":true}]}}