{"id":6752,"date":"2022-07-14T13:28:28","date_gmt":"2022-07-14T16:28:28","guid":{"rendered":"http:\/\/www.cambe.pr.gov.br\/?p=6752"},"modified":"2024-10-07T13:00:59","modified_gmt":"2024-10-07T16:00:59","slug":"secretaria-de-desenvolvimento-economico-promove-oficina-sobre-licitacoes-nesta-terca-feira","status":"publish","type":"post","link":"https:\/\/www.cambe.pr.gov.br\/index.php\/secretaria-de-desenvolvimento-economico-promove-oficina-sobre-licitacoes-nesta-terca-feira\/","title":{"rendered":"Secretaria de Desenvolvimento Econ\u00f4mico promove oficina sobre licita\u00e7\u00f5es nesta ter\u00e7a-feira"},"content":{"rendered":"<p style=\"text-align: justify;\"><span style=\"font-weight: 400; font-family: arial, helvetica, sans-serif;\"><img fetchpriority=\"high\" decoding=\"async\" class=\"size-large wp-image-4156 alignleft\" src=\"https:\/\/www.cambe.pr.gov.br\/wp-content\/uploads\/2021\/12\/saladoempreendedor-scaled-e1638880032102-1024x683.jpg\" alt=\"\" width=\"610\" height=\"407\" srcset=\"https:\/\/www.cambe.pr.gov.br\/wp-content\/uploads\/2021\/12\/saladoempreendedor-scaled-e1638880032102-1024x683.jpg 1024w, https:\/\/www.cambe.pr.gov.br\/wp-content\/uploads\/2021\/12\/saladoempreendedor-scaled-e1638880032102-300x200.jpg 300w, https:\/\/www.cambe.pr.gov.br\/wp-content\/uploads\/2021\/12\/saladoempreendedor-scaled-e1638880032102-768x513.jpg 768w, https:\/\/www.cambe.pr.gov.br\/wp-content\/uploads\/2021\/12\/saladoempreendedor-scaled-e1638880032102-1536x1025.jpg 1536w, https:\/\/www.cambe.pr.gov.br\/wp-content\/uploads\/2021\/12\/saladoempreendedor-scaled-e1638880032102-2048x1367.jpg 2048w\" sizes=\"(max-width: 610px) 100vw, 610px\" \/>Voc\u00ea que \u00e9 empres\u00e1rio e j\u00e1 quis participar de processos licitat\u00f3rios de \u00f3rg\u00e3os p\u00fablicos, mas n\u00e3o sabe como funciona ou acha que \u00e9 muito burocr\u00e1tico: essa \u00e9 a hora! A Secretaria de Desenvolvimento Econ\u00f4mico vai promover uma oficina sobre licita\u00e7\u00f5es para microempreendedores individuais, microempresas e empresas de pequeno porte. A oficina vai acontecer na Sala do Empreendedor (Rua Fran\u00e7a, 84 &#8211; Centro) na pr\u00f3xima ter\u00e7a-feira, dia 19 de julho, das 19h \u00e0s 22h. Os empres\u00e1rios interessados podem fazer a inscri\u00e7\u00e3o at\u00e9 o dia do evento pelo telefone 3174-2716.&nbsp;<\/span><\/p>\n<p style=\"text-align: justify;\"><span style=\"font-weight: 400; font-family: arial, helvetica, sans-serif;\">Rudnei Campana, chefe do Departamento de Parcerias e Conv\u00eanios da Secretaria de Desenvolvimento Econ\u00f4mico, explica que a oficina vai ser como uma roda de conversa, em que o empres\u00e1rio vai poder tirar d\u00favidas sobre processos licitat\u00f3rios, entender como as licita\u00e7\u00f5es funcionam e quais documentos precisa ter para participar. \u201cEssa \u00e9 uma oportunidade para que esses microempres\u00e1rios entendam sobre o tema, o que vai permitir que eles participem de futuras licita\u00e7\u00f5es, tanto aqui do munic\u00edpio quanto de outras cidades\u201d, ressalta. A oficina vai ser ministrada por consultores do Servi\u00e7o Brasileiro de Apoio \u00e0s Micro e Pequenas Empresas (Sebrae).&nbsp;<\/span><\/p>\n<p style=\"text-align: justify;\"><span style=\"font-weight: 400; font-family: arial, helvetica, sans-serif;\">De acordo com ele, tamb\u00e9m v\u00e3o ser divulgadas algumas ferramentas digitais que podem ser utilizadas pelos empres\u00e1rios que querem encontrar licita\u00e7\u00f5es com o perfil de sua empresa. A oficina \u00e9 gratuita e conta com 20 dispon\u00edveis para MEIs, microempresas e empresas de pequeno porte. \u201cMuitas empresas de fora da cidade ou do estado ganham licita\u00e7\u00f5es no munic\u00edpio porque os empres\u00e1rios daqui n\u00e3o participam tanto, ent\u00e3o queremos incentivar essa participa\u00e7\u00e3o, j\u00e1 que isso vai fomentar a economia local e auxiliar nossos pequenos neg\u00f3cios\u201d, finaliza. <\/span><\/p>\n","protected":false},"excerpt":{"rendered":"<p>Voc\u00ea que \u00e9 empres\u00e1rio e j\u00e1 quis participar de processos licitat\u00f3rios de \u00f3rg\u00e3os p\u00fablicos, mas n\u00e3o sabe como funciona ou acha que \u00e9 muito burocr\u00e1tico: essa \u00e9 a hora! A Secretaria de Desenvolvimento Econ\u00f4mico vai promover uma oficina sobre licita\u00e7\u00f5es para microempreendedores individuais, microempresas e empresas de pequeno porte. A oficina vai acontecer na Sala [&hellip;]<\/p>\n","protected":false},"author":2,"featured_media":0,"comment_status":"closed","ping_status":"open","sticky":false,"template":"","format":"standard","meta":{"ngg_post_thumbnail":0,"footnotes":""},"categories":[1],"tags":[],"class_list":["post-6752","post","type-post","status-publish","format-standard","hentry","category-principal"],"yoast_head":"<!-- This site is optimized with the Yoast SEO plugin v27.4 - https:\/\/yoast.com\/product\/yoast-seo-wordpress\/ -->\n<title>Secretaria de Desenvolvimento Econ\u00f4mico promove oficina sobre licita\u00e7\u00f5es nesta ter\u00e7a-feira - Prefeitura de Camb\u00e9<\/title>\n<meta name=\"robots\" content=\"index, follow, max-snippet:-1, max-image-preview:large, max-video-preview:-1\" \/>\n<link rel=\"canonical\" href=\"https:\/\/www.cambe.pr.gov.br\/index.php\/secretaria-de-desenvolvimento-economico-promove-oficina-sobre-licitacoes-nesta-terca-feira\/\" \/>\n<meta property=\"og:locale\" content=\"pt_BR\" \/>\n<meta property=\"og:type\" content=\"article\" \/>\n<meta property=\"og:title\" content=\"Secretaria de Desenvolvimento Econ\u00f4mico promove oficina sobre licita\u00e7\u00f5es nesta ter\u00e7a-feira - Prefeitura de Camb\u00e9\" \/>\n<meta property=\"og:description\" content=\"Voc\u00ea que \u00e9 empres\u00e1rio e j\u00e1 quis participar de processos licitat\u00f3rios de \u00f3rg\u00e3os p\u00fablicos, mas n\u00e3o sabe como funciona ou acha que \u00e9 muito burocr\u00e1tico: essa \u00e9 a hora! A Secretaria de Desenvolvimento Econ\u00f4mico vai promover uma oficina sobre licita\u00e7\u00f5es para microempreendedores individuais, microempresas e empresas de pequeno porte. A oficina vai acontecer na Sala [&hellip;]\" \/>\n<meta property=\"og:url\" content=\"https:\/\/www.cambe.pr.gov.br\/index.php\/secretaria-de-desenvolvimento-economico-promove-oficina-sobre-licitacoes-nesta-terca-feira\/\" \/>\n<meta property=\"og:site_name\" content=\"Prefeitura de Camb\u00e9\" \/>\n<meta property=\"article:publisher\" content=\"https:\/\/m.facebook.com\/prefeituradecambe\" \/>\n<meta property=\"article:published_time\" content=\"2022-07-14T16:28:28+00:00\" \/>\n<meta property=\"article:modified_time\" content=\"2024-10-07T16:00:59+00:00\" \/>\n<meta property=\"og:image\" content=\"http:\/\/www.cambe.pr.gov.br\/wp-content\/uploads\/2021\/12\/saladoempreendedor-scaled-e1638880032102-1024x683.jpg\" \/>\n<meta name=\"author\" content=\"Thiago Mossini Balbino dos Santos\" \/>\n<meta name=\"twitter:card\" content=\"summary_large_image\" \/>\n<meta name=\"twitter:label1\" content=\"Escrito por\" \/>\n\t<meta name=\"twitter:data1\" content=\"Thiago Mossini Balbino dos Santos\" \/>\n\t<meta name=\"twitter:label2\" content=\"Est. tempo de leitura\" \/>\n\t<meta name=\"twitter:data2\" content=\"1 minuto\" \/>\n<script type=\"application\/ld+json\" class=\"yoast-schema-graph\">{\"@context\":\"https:\\\/\\\/schema.org\",\"@graph\":[{\"@type\":\"Article\",\"@id\":\"https:\\\/\\\/www.cambe.pr.gov.br\\\/index.php\\\/secretaria-de-desenvolvimento-economico-promove-oficina-sobre-licitacoes-nesta-terca-feira\\\/#article\",\"isPartOf\":{\"@id\":\"https:\\\/\\\/www.cambe.pr.gov.br\\\/index.php\\\/secretaria-de-desenvolvimento-economico-promove-oficina-sobre-licitacoes-nesta-terca-feira\\\/\"},\"author\":{\"name\":\"Thiago Mossini Balbino dos Santos\",\"@id\":\"https:\\\/\\\/www.cambe.pr.gov.br\\\/#\\\/schema\\\/person\\\/e08f7c43a641b2ec036e4e867ec483e4\"},\"headline\":\"Secretaria de Desenvolvimento Econ\u00f4mico promove oficina sobre licita\u00e7\u00f5es nesta ter\u00e7a-feira\",\"datePublished\":\"2022-07-14T16:28:28+00:00\",\"dateModified\":\"2024-10-07T16:00:59+00:00\",\"mainEntityOfPage\":{\"@id\":\"https:\\\/\\\/www.cambe.pr.gov.br\\\/index.php\\\/secretaria-de-desenvolvimento-economico-promove-oficina-sobre-licitacoes-nesta-terca-feira\\\/\"},\"wordCount\":310,\"publisher\":{\"@id\":\"https:\\\/\\\/www.cambe.pr.gov.br\\\/#organization\"},\"image\":{\"@id\":\"https:\\\/\\\/www.cambe.pr.gov.br\\\/index.php\\\/secretaria-de-desenvolvimento-economico-promove-oficina-sobre-licitacoes-nesta-terca-feira\\\/#primaryimage\"},\"thumbnailUrl\":\"http:\\\/\\\/www.cambe.pr.gov.br\\\/wp-content\\\/uploads\\\/2021\\\/12\\\/saladoempreendedor-scaled-e1638880032102-1024x683.jpg\",\"articleSection\":[\"Principal\"],\"inLanguage\":\"pt-BR\"},{\"@type\":\"WebPage\",\"@id\":\"https:\\\/\\\/www.cambe.pr.gov.br\\\/index.php\\\/secretaria-de-desenvolvimento-economico-promove-oficina-sobre-licitacoes-nesta-terca-feira\\\/\",\"url\":\"https:\\\/\\\/www.cambe.pr.gov.br\\\/index.php\\\/secretaria-de-desenvolvimento-economico-promove-oficina-sobre-licitacoes-nesta-terca-feira\\\/\",\"name\":\"Secretaria de Desenvolvimento Econ\u00f4mico promove oficina sobre licita\u00e7\u00f5es nesta ter\u00e7a-feira - Prefeitura de Camb\u00e9\",\"isPartOf\":{\"@id\":\"https:\\\/\\\/www.cambe.pr.gov.br\\\/#website\"},\"primaryImageOfPage\":{\"@id\":\"https:\\\/\\\/www.cambe.pr.gov.br\\\/index.php\\\/secretaria-de-desenvolvimento-economico-promove-oficina-sobre-licitacoes-nesta-terca-feira\\\/#primaryimage\"},\"image\":{\"@id\":\"https:\\\/\\\/www.cambe.pr.gov.br\\\/index.php\\\/secretaria-de-desenvolvimento-economico-promove-oficina-sobre-licitacoes-nesta-terca-feira\\\/#primaryimage\"},\"thumbnailUrl\":\"http:\\\/\\\/www.cambe.pr.gov.br\\\/wp-content\\\/uploads\\\/2021\\\/12\\\/saladoempreendedor-scaled-e1638880032102-1024x683.jpg\",\"datePublished\":\"2022-07-14T16:28:28+00:00\",\"dateModified\":\"2024-10-07T16:00:59+00:00\",\"breadcrumb\":{\"@id\":\"https:\\\/\\\/www.cambe.pr.gov.br\\\/index.php\\\/secretaria-de-desenvolvimento-economico-promove-oficina-sobre-licitacoes-nesta-terca-feira\\\/#breadcrumb\"},\"inLanguage\":\"pt-BR\",\"potentialAction\":[{\"@type\":\"ReadAction\",\"target\":[\"https:\\\/\\\/www.cambe.pr.gov.br\\\/index.php\\\/secretaria-de-desenvolvimento-economico-promove-oficina-sobre-licitacoes-nesta-terca-feira\\\/\"]}]},{\"@type\":\"ImageObject\",\"inLanguage\":\"pt-BR\",\"@id\":\"https:\\\/\\\/www.cambe.pr.gov.br\\\/index.php\\\/secretaria-de-desenvolvimento-economico-promove-oficina-sobre-licitacoes-nesta-terca-feira\\\/#primaryimage\",\"url\":\"http:\\\/\\\/www.cambe.pr.gov.br\\\/wp-content\\\/uploads\\\/2021\\\/12\\\/saladoempreendedor-scaled-e1638880032102-1024x683.jpg\",\"contentUrl\":\"http:\\\/\\\/www.cambe.pr.gov.br\\\/wp-content\\\/uploads\\\/2021\\\/12\\\/saladoempreendedor-scaled-e1638880032102-1024x683.jpg\"},{\"@type\":\"BreadcrumbList\",\"@id\":\"https:\\\/\\\/www.cambe.pr.gov.br\\\/index.php\\\/secretaria-de-desenvolvimento-economico-promove-oficina-sobre-licitacoes-nesta-terca-feira\\\/#breadcrumb\",\"itemListElement\":[{\"@type\":\"ListItem\",\"position\":1,\"name\":\"In\u00edcio\",\"item\":\"https:\\\/\\\/www.cambe.pr.gov.br\\\/\"},{\"@type\":\"ListItem\",\"position\":2,\"name\":\"Secretaria de Desenvolvimento Econ\u00f4mico promove oficina sobre licita\u00e7\u00f5es nesta ter\u00e7a-feira\"}]},{\"@type\":\"WebSite\",\"@id\":\"https:\\\/\\\/www.cambe.pr.gov.br\\\/#website\",\"url\":\"https:\\\/\\\/www.cambe.pr.gov.br\\\/\",\"name\":\"Prefeitura de Camb\u00e9\",\"description\":\"UM GOVERNO PARA TODOS\",\"publisher\":{\"@id\":\"https:\\\/\\\/www.cambe.pr.gov.br\\\/#organization\"},\"potentialAction\":[{\"@type\":\"SearchAction\",\"target\":{\"@type\":\"EntryPoint\",\"urlTemplate\":\"https:\\\/\\\/www.cambe.pr.gov.br\\\/?s={search_term_string}\"},\"query-input\":{\"@type\":\"PropertyValueSpecification\",\"valueRequired\":true,\"valueName\":\"search_term_string\"}}],\"inLanguage\":\"pt-BR\"},{\"@type\":\"Organization\",\"@id\":\"https:\\\/\\\/www.cambe.pr.gov.br\\\/#organization\",\"name\":\"Prefeitura de Camb\u00e9\",\"url\":\"https:\\\/\\\/www.cambe.pr.gov.br\\\/\",\"logo\":{\"@type\":\"ImageObject\",\"inLanguage\":\"pt-BR\",\"@id\":\"https:\\\/\\\/www.cambe.pr.gov.br\\\/#\\\/schema\\\/logo\\\/image\\\/\",\"url\":\"https:\\\/\\\/www.cambe.pr.gov.br\\\/wp-content\\\/uploads\\\/2021\\\/01\\\/cropped-cropped-cambe_brazao-icone.png\",\"contentUrl\":\"https:\\\/\\\/www.cambe.pr.gov.br\\\/wp-content\\\/uploads\\\/2021\\\/01\\\/cropped-cropped-cambe_brazao-icone.png\",\"width\":240,\"height\":240,\"caption\":\"Prefeitura de Camb\u00e9\"},\"image\":{\"@id\":\"https:\\\/\\\/www.cambe.pr.gov.br\\\/#\\\/schema\\\/logo\\\/image\\\/\"},\"sameAs\":[\"https:\\\/\\\/m.facebook.com\\\/prefeituradecambe\"]},{\"@type\":\"Person\",\"@id\":\"https:\\\/\\\/www.cambe.pr.gov.br\\\/#\\\/schema\\\/person\\\/e08f7c43a641b2ec036e4e867ec483e4\",\"name\":\"Thiago Mossini Balbino dos Santos\",\"image\":{\"@type\":\"ImageObject\",\"inLanguage\":\"pt-BR\",\"@id\":\"https:\\\/\\\/secure.gravatar.com\\\/avatar\\\/d957ed4e1bc3ebf5769d1003f9709cd2012ebf424eb4a5d76a933fee30e874b6?s=96&d=mm&r=g\",\"url\":\"https:\\\/\\\/secure.gravatar.com\\\/avatar\\\/d957ed4e1bc3ebf5769d1003f9709cd2012ebf424eb4a5d76a933fee30e874b6?s=96&d=mm&r=g\",\"contentUrl\":\"https:\\\/\\\/secure.gravatar.com\\\/avatar\\\/d957ed4e1bc3ebf5769d1003f9709cd2012ebf424eb4a5d76a933fee30e874b6?s=96&d=mm&r=g\",\"caption\":\"Thiago Mossini Balbino dos Santos\"},\"url\":\"https:\\\/\\\/www.cambe.pr.gov.br\\\/index.php\\\/author\\\/tmbsantos\\\/\"}]}<\/script>\n<!-- \/ Yoast SEO plugin. -->","yoast_head_json":{"title":"Secretaria de Desenvolvimento Econ\u00f4mico promove oficina sobre licita\u00e7\u00f5es nesta ter\u00e7a-feira - Prefeitura de Camb\u00e9","robots":{"index":"index","follow":"follow","max-snippet":"max-snippet:-1","max-image-preview":"max-image-preview:large","max-video-preview":"max-video-preview:-1"},"canonical":"https:\/\/www.cambe.pr.gov.br\/index.php\/secretaria-de-desenvolvimento-economico-promove-oficina-sobre-licitacoes-nesta-terca-feira\/","og_locale":"pt_BR","og_type":"article","og_title":"Secretaria de Desenvolvimento Econ\u00f4mico promove oficina sobre licita\u00e7\u00f5es nesta ter\u00e7a-feira - Prefeitura de Camb\u00e9","og_description":"Voc\u00ea que \u00e9 empres\u00e1rio e j\u00e1 quis participar de processos licitat\u00f3rios de \u00f3rg\u00e3os p\u00fablicos, mas n\u00e3o sabe como funciona ou acha que \u00e9 muito burocr\u00e1tico: essa \u00e9 a hora! A Secretaria de Desenvolvimento Econ\u00f4mico vai promover uma oficina sobre licita\u00e7\u00f5es para microempreendedores individuais, microempresas e empresas de pequeno porte. A oficina vai acontecer na Sala [&hellip;]","og_url":"https:\/\/www.cambe.pr.gov.br\/index.php\/secretaria-de-desenvolvimento-economico-promove-oficina-sobre-licitacoes-nesta-terca-feira\/","og_site_name":"Prefeitura de Camb\u00e9","article_publisher":"https:\/\/m.facebook.com\/prefeituradecambe","article_published_time":"2022-07-14T16:28:28+00:00","article_modified_time":"2024-10-07T16:00:59+00:00","og_image":[{"url":"http:\/\/www.cambe.pr.gov.br\/wp-content\/uploads\/2021\/12\/saladoempreendedor-scaled-e1638880032102-1024x683.jpg","type":"","width":"","height":""}],"author":"Thiago Mossini Balbino dos Santos","twitter_card":"summary_large_image","twitter_misc":{"Escrito por":"Thiago Mossini Balbino dos Santos","Est. tempo de leitura":"1 minuto"},"schema":{"@context":"https:\/\/schema.org","@graph":[{"@type":"Article","@id":"https:\/\/www.cambe.pr.gov.br\/index.php\/secretaria-de-desenvolvimento-economico-promove-oficina-sobre-licitacoes-nesta-terca-feira\/#article","isPartOf":{"@id":"https:\/\/www.cambe.pr.gov.br\/index.php\/secretaria-de-desenvolvimento-economico-promove-oficina-sobre-licitacoes-nesta-terca-feira\/"},"author":{"name":"Thiago Mossini Balbino dos Santos","@id":"https:\/\/www.cambe.pr.gov.br\/#\/schema\/person\/e08f7c43a641b2ec036e4e867ec483e4"},"headline":"Secretaria de Desenvolvimento Econ\u00f4mico promove oficina sobre licita\u00e7\u00f5es nesta ter\u00e7a-feira","datePublished":"2022-07-14T16:28:28+00:00","dateModified":"2024-10-07T16:00:59+00:00","mainEntityOfPage":{"@id":"https:\/\/www.cambe.pr.gov.br\/index.php\/secretaria-de-desenvolvimento-economico-promove-oficina-sobre-licitacoes-nesta-terca-feira\/"},"wordCount":310,"publisher":{"@id":"https:\/\/www.cambe.pr.gov.br\/#organization"},"image":{"@id":"https:\/\/www.cambe.pr.gov.br\/index.php\/secretaria-de-desenvolvimento-economico-promove-oficina-sobre-licitacoes-nesta-terca-feira\/#primaryimage"},"thumbnailUrl":"http:\/\/www.cambe.pr.gov.br\/wp-content\/uploads\/2021\/12\/saladoempreendedor-scaled-e1638880032102-1024x683.jpg","articleSection":["Principal"],"inLanguage":"pt-BR"},{"@type":"WebPage","@id":"https:\/\/www.cambe.pr.gov.br\/index.php\/secretaria-de-desenvolvimento-economico-promove-oficina-sobre-licitacoes-nesta-terca-feira\/","url":"https:\/\/www.cambe.pr.gov.br\/index.php\/secretaria-de-desenvolvimento-economico-promove-oficina-sobre-licitacoes-nesta-terca-feira\/","name":"Secretaria de Desenvolvimento Econ\u00f4mico promove oficina sobre licita\u00e7\u00f5es nesta ter\u00e7a-feira - Prefeitura de Camb\u00e9","isPartOf":{"@id":"https:\/\/www.cambe.pr.gov.br\/#website"},"primaryImageOfPage":{"@id":"https:\/\/www.cambe.pr.gov.br\/index.php\/secretaria-de-desenvolvimento-economico-promove-oficina-sobre-licitacoes-nesta-terca-feira\/#primaryimage"},"image":{"@id":"https:\/\/www.cambe.pr.gov.br\/index.php\/secretaria-de-desenvolvimento-economico-promove-oficina-sobre-licitacoes-nesta-terca-feira\/#primaryimage"},"thumbnailUrl":"http:\/\/www.cambe.pr.gov.br\/wp-content\/uploads\/2021\/12\/saladoempreendedor-scaled-e1638880032102-1024x683.jpg","datePublished":"2022-07-14T16:28:28+00:00","dateModified":"2024-10-07T16:00:59+00:00","breadcrumb":{"@id":"https:\/\/www.cambe.pr.gov.br\/index.php\/secretaria-de-desenvolvimento-economico-promove-oficina-sobre-licitacoes-nesta-terca-feira\/#breadcrumb"},"inLanguage":"pt-BR","potentialAction":[{"@type":"ReadAction","target":["https:\/\/www.cambe.pr.gov.br\/index.php\/secretaria-de-desenvolvimento-economico-promove-oficina-sobre-licitacoes-nesta-terca-feira\/"]}]},{"@type":"ImageObject","inLanguage":"pt-BR","@id":"https:\/\/www.cambe.pr.gov.br\/index.php\/secretaria-de-desenvolvimento-economico-promove-oficina-sobre-licitacoes-nesta-terca-feira\/#primaryimage","url":"http:\/\/www.cambe.pr.gov.br\/wp-content\/uploads\/2021\/12\/saladoempreendedor-scaled-e1638880032102-1024x683.jpg","contentUrl":"http:\/\/www.cambe.pr.gov.br\/wp-content\/uploads\/2021\/12\/saladoempreendedor-scaled-e1638880032102-1024x683.jpg"},{"@type":"BreadcrumbList","@id":"https:\/\/www.cambe.pr.gov.br\/index.php\/secretaria-de-desenvolvimento-economico-promove-oficina-sobre-licitacoes-nesta-terca-feira\/#breadcrumb","itemListElement":[{"@type":"ListItem","position":1,"name":"In\u00edcio","item":"https:\/\/www.cambe.pr.gov.br\/"},{"@type":"ListItem","position":2,"name":"Secretaria de Desenvolvimento Econ\u00f4mico promove oficina sobre licita\u00e7\u00f5es nesta ter\u00e7a-feira"}]},{"@type":"WebSite","@id":"https:\/\/www.cambe.pr.gov.br\/#website","url":"https:\/\/www.cambe.pr.gov.br\/","name":"Prefeitura de Camb\u00e9","description":"UM GOVERNO PARA TODOS","publisher":{"@id":"https:\/\/www.cambe.pr.gov.br\/#organization"},"potentialAction":[{"@type":"SearchAction","target":{"@type":"EntryPoint","urlTemplate":"https:\/\/www.cambe.pr.gov.br\/?s={search_term_string}"},"query-input":{"@type":"PropertyValueSpecification","valueRequired":true,"valueName":"search_term_string"}}],"inLanguage":"pt-BR"},{"@type":"Organization","@id":"https:\/\/www.cambe.pr.gov.br\/#organization","name":"Prefeitura de Camb\u00e9","url":"https:\/\/www.cambe.pr.gov.br\/","logo":{"@type":"ImageObject","inLanguage":"pt-BR","@id":"https:\/\/www.cambe.pr.gov.br\/#\/schema\/logo\/image\/","url":"https:\/\/www.cambe.pr.gov.br\/wp-content\/uploads\/2021\/01\/cropped-cropped-cambe_brazao-icone.png","contentUrl":"https:\/\/www.cambe.pr.gov.br\/wp-content\/uploads\/2021\/01\/cropped-cropped-cambe_brazao-icone.png","width":240,"height":240,"caption":"Prefeitura de Camb\u00e9"},"image":{"@id":"https:\/\/www.cambe.pr.gov.br\/#\/schema\/logo\/image\/"},"sameAs":["https:\/\/m.facebook.com\/prefeituradecambe"]},{"@type":"Person","@id":"https:\/\/www.cambe.pr.gov.br\/#\/schema\/person\/e08f7c43a641b2ec036e4e867ec483e4","name":"Thiago Mossini Balbino dos Santos","image":{"@type":"ImageObject","inLanguage":"pt-BR","@id":"https:\/\/secure.gravatar.com\/avatar\/d957ed4e1bc3ebf5769d1003f9709cd2012ebf424eb4a5d76a933fee30e874b6?s=96&d=mm&r=g","url":"https:\/\/secure.gravatar.com\/avatar\/d957ed4e1bc3ebf5769d1003f9709cd2012ebf424eb4a5d76a933fee30e874b6?s=96&d=mm&r=g","contentUrl":"https:\/\/secure.gravatar.com\/avatar\/d957ed4e1bc3ebf5769d1003f9709cd2012ebf424eb4a5d76a933fee30e874b6?s=96&d=mm&r=g","caption":"Thiago Mossini Balbino dos Santos"},"url":"https:\/\/www.cambe.pr.gov.br\/index.php\/author\/tmbsantos\/"}]}},"_links":{"self":[{"href":"https:\/\/www.cambe.pr.gov.br\/index.php\/wp-json\/wp\/v2\/posts\/6752","targetHints":{"allow":["GET"]}}],"collection":[{"href":"https:\/\/www.cambe.pr.gov.br\/index.php\/wp-json\/wp\/v2\/posts"}],"about":[{"href":"https:\/\/www.cambe.pr.gov.br\/index.php\/wp-json\/wp\/v2\/types\/post"}],"author":[{"embeddable":true,"href":"https:\/\/www.cambe.pr.gov.br\/index.php\/wp-json\/wp\/v2\/users\/2"}],"replies":[{"embeddable":true,"href":"https:\/\/www.cambe.pr.gov.br\/index.php\/wp-json\/wp\/v2\/comments?post=6752"}],"version-history":[{"count":4,"href":"https:\/\/www.cambe.pr.gov.br\/index.php\/wp-json\/wp\/v2\/posts\/6752\/revisions"}],"predecessor-version":[{"id":6760,"href":"https:\/\/www.cambe.pr.gov.br\/index.php\/wp-json\/wp\/v2\/posts\/6752\/revisions\/6760"}],"wp:attachment":[{"href":"https:\/\/www.cambe.pr.gov.br\/index.php\/wp-json\/wp\/v2\/media?parent=6752"}],"wp:term":[{"taxonomy":"category","embeddable":true,"href":"https:\/\/www.cambe.pr.gov.br\/index.php\/wp-json\/wp\/v2\/categories?post=6752"},{"taxonomy":"post_tag","embeddable":true,"href":"https:\/\/www.cambe.pr.gov.br\/index.php\/wp-json\/wp\/v2\/tags?post=6752"}],"curies":[{"name":"wp","href":"https:\/\/api.w.org\/{rel}","templated":true}]}}