{"id":6683,"date":"2022-07-11T14:56:49","date_gmt":"2022-07-11T17:56:49","guid":{"rendered":"http:\/\/www.cambe.pr.gov.br\/?p=6683"},"modified":"2024-10-07T13:00:58","modified_gmt":"2024-10-07T16:00:58","slug":"confira-as-oportunidades-de-emprego-disponiveis-para-essa-semana","status":"publish","type":"post","link":"https:\/\/www.cambe.pr.gov.br\/index.php\/confira-as-oportunidades-de-emprego-disponiveis-para-essa-semana\/","title":{"rendered":"Confira as oportunidades de emprego dispon\u00edveis para essa semana"},"content":{"rendered":"<p style=\"text-align: justify;\"><span style=\"font-weight: 400; font-family: arial, helvetica, sans-serif;\"><img fetchpriority=\"high\" decoding=\"async\" class=\"size-large wp-image-6577 alignleft\" src=\"https:\/\/www.cambe.pr.gov.br\/wp-content\/uploads\/2022\/07\/atendimento-trabalho-1024x678.jpg\" alt=\"\" width=\"610\" height=\"404\" srcset=\"https:\/\/www.cambe.pr.gov.br\/wp-content\/uploads\/2022\/07\/atendimento-trabalho-1024x678.jpg 1024w, https:\/\/www.cambe.pr.gov.br\/wp-content\/uploads\/2022\/07\/atendimento-trabalho-300x199.jpg 300w, https:\/\/www.cambe.pr.gov.br\/wp-content\/uploads\/2022\/07\/atendimento-trabalho-768x509.jpg 768w, https:\/\/www.cambe.pr.gov.br\/wp-content\/uploads\/2022\/07\/atendimento-trabalho-1536x1018.jpg 1536w, https:\/\/www.cambe.pr.gov.br\/wp-content\/uploads\/2022\/07\/atendimento-trabalho-2048x1357.jpg 2048w\" sizes=\"(max-width: 610px) 100vw, 610px\" \/>Ei, voc\u00ea a\u00ed, que est\u00e1 procurando um emprego: continue a leitura at\u00e9 o final que n\u00f3s vamos te contar todas as vagas de trabalho que est\u00e3o dispon\u00edveis aqui no nosso munic\u00edpio. A Secretaria de Trabalho divulgou as vagas de trabalho desta semana, que conta com quase 50 oportunidades em diversas fun\u00e7\u00f5es e setores. Algumas vagas exigem determinado n\u00edvel de escolaridade ou experi\u00eancia; j\u00e1 para outras n\u00e3o \u00e9 necess\u00e1rio ter experi\u00eancia anterior.<\/span><\/p>\n<p style=\"text-align: justify;\"><strong><span style=\"font-family: arial, helvetica, sans-serif;\">Redes atacadistas<\/span><\/strong><\/p>\n<p style=\"text-align: justify;\"><span style=\"font-weight: 400; font-family: arial, helvetica, sans-serif;\">Para come\u00e7ar: duas redes atacadistas de supermercado est\u00e3o com vagas abertas para diversas \u00e1reas de atua\u00e7\u00e3o. Em uma das redes, com duas unidades em Camb\u00e9, h\u00e1 vagas para: repositor de mercadorias e hortifruti; a\u00e7ougueiro e auxiliar de a\u00e7ougue; cozinheiro e auxiliar de cozinha; operador de caixa; agente de preven\u00e7\u00e3o; e zelador. N\u00e3o h\u00e1 n\u00famero espec\u00edfico de vagas, j\u00e1 que quem n\u00e3o for chamado agora vai ficar cadastrado no banco de dados deles e pode ser chamado para outras oportunidades.\u00a0<\/span><\/p>\n<p style=\"text-align: justify;\"><span style=\"font-weight: 400; font-family: arial, helvetica, sans-serif;\">Na outra, que est\u00e1 prevista para inaugurar no final de agosto, tamb\u00e9m n\u00e3o h\u00e1 n\u00famero definido de vagas, j\u00e1 que quem demonstrar interesse, mas n\u00e3o for chamado agora, pode ser contratado nas pr\u00f3ximas seletivas. Nesse caso, as vagas s\u00e3o para: a\u00e7ougueiro e auxiliar de a\u00e7ougue; operador de caixa; e agente de preven\u00e7\u00e3o. Para a vaga de a\u00e7ougueiro \u00e9 necess\u00e1rio j\u00e1 ter exercido a profiss\u00e3o por pelo menos seis, para as demais fun\u00e7\u00f5es n\u00e3o h\u00e1 a necessidade de experi\u00eancia.<\/span><\/p>\n<p style=\"text-align: justify;\"><span style=\"font-weight: 400; font-family: arial, helvetica, sans-serif;\">A oportunidade de emprego \u00e9 para contrata\u00e7\u00e3o imediata, mas como a unidade na cidade ainda n\u00e3o foi inaugurada, as pessoas selecionadas passar\u00e3o por um treinamento nas unidades de Londrina e Rol\u00e2ndia e depois ser\u00e3o realocadas para Camb\u00e9.\u00a0\u00a0<\/span><\/p>\n<p style=\"text-align: justify;\"><span style=\"font-weight: 400; font-family: arial, helvetica, sans-serif;\">Os interessados em alguma das vagas devem entrar em contato com a Secretaria de Trabalho pelo telefone 3174-0443 (telefone e WhatsApp) para agendar a entrevista, que vai ser feita nesta semana na sede da Ag\u00eancia do Trabalhador (Avenida Inglaterra, 774 &#8211; Centro). No dia, os candidatos devem comparecer com os documentos pessoais e um curr\u00edculo. Para todas as vagas, o candidato precisa ter disponibilidade de hor\u00e1rio e a m\u00e9dia salarial \u00e9 de R$1.500,00.<\/span><\/p>\n<p style=\"text-align: justify;\"><strong><span style=\"font-family: arial, helvetica, sans-serif;\">Cervejaria<\/span><\/strong><\/p>\n<p style=\"text-align: justify;\"><span style=\"font-weight: 400; font-family: arial, helvetica, sans-serif;\">Uma cervejaria do munic\u00edpio tamb\u00e9m est\u00e1 com vagas abertas para a fun\u00e7\u00e3o de auxiliar de produ\u00e7\u00e3o. Para se candidatar, \u00e9 necess\u00e1rio ter ensino m\u00e9dio completo e experi\u00eancia na linha de produ\u00e7\u00e3o. O empregador oferece plano de carreira e um sal\u00e1rio inicial de R$1.480,00 &#8211; que sobe para R$1.800,00 depois do per\u00edodo de experi\u00eancia.<\/span><\/p>\n<p style=\"text-align: justify;\"><span style=\"font-weight: 400; font-family: arial, helvetica, sans-serif;\">Para se candidatar \u00e0 vaga, \u00e9 necess\u00e1rio enviar um curr\u00edculo para o WhatsApp da Secretaria de Trabalho 3174-0443. Os candidatos aptos \u00e0 vaga v\u00e3o ser avisados pelo telefone e devem comparecer \u00e0 pasta para fazer a entrevista.\u00a0<\/span><\/p>\n<p style=\"text-align: justify;\"><strong><span style=\"font-family: arial, helvetica, sans-serif;\">Outras vagas<\/span><\/strong><\/p>\n<p style=\"text-align: justify;\"><span style=\"font-weight: 400; font-family: arial, helvetica, sans-serif;\">Na sequ\u00eancia, voc\u00ea confere outras vagas de emprego dispon\u00edveis, se h\u00e1 exig\u00eancia de experi\u00eancia e a escolaridade:<\/span><\/p>\n<p style=\"text-align: justify;\"><span style=\"font-weight: 400; font-family: arial, helvetica, sans-serif;\">&#8211; AJUDANTE DE CARGA E DESCARGA &#8211; 04 meses de experi\u00eancia comprovada &#8211; Ensino Fundamental Completo<\/span><\/p>\n<p style=\"text-align: justify;\"><span style=\"font-weight: 400; font-family: arial, helvetica, sans-serif;\">&#8211; AJUDANTE DE CARGA E DESCARGA &#8211; 06 meses de experi\u00eancia comprovada &#8211; Ensino Fundamental Completo<\/span><\/p>\n<p style=\"text-align: justify;\"><span style=\"font-weight: 400; font-family: arial, helvetica, sans-serif;\">&#8211; ALINHADOR DE PNEUS &#8211;\u00a0 06 meses de experi\u00eancia comprovada &#8211; N\u00e3o exigida<\/span><\/p>\n<p style=\"text-align: justify;\"><span style=\"font-weight: 400; font-family: arial, helvetica, sans-serif;\">&#8211; ATENDENTE DE LANCHONETE &#8211; 06 meses de experi\u00eancia comprovada &#8211; Ensino Fundamental Completo<\/span><\/p>\n<p style=\"text-align: justify;\"><span style=\"font-weight: 400; font-family: arial, helvetica, sans-serif;\">&#8211; ATENDENTE ODONTOL\u00d3GICO &#8211; N\u00e3o exigida &#8211; Ensino M\u00e9dio Completo<\/span><\/p>\n<p style=\"text-align: justify;\"><span style=\"font-weight: 400; font-family: arial, helvetica, sans-serif;\">&#8211; AUXILIAR ADMINISTRATIVO &#8211; 04 meses de experi\u00eancia comprovada &#8211; Ensino M\u00e9dio Completo<\/span><\/p>\n<p style=\"text-align: justify;\"><span style=\"font-weight: 400; font-family: arial, helvetica, sans-serif;\">&#8211; AUXILIAR ADMINISTRATIVO &#8211; 06 meses de experi\u00eancia comprovada &#8211; Ensino M\u00e9dio Completo<\/span><\/p>\n<p style=\"text-align: justify;\"><span style=\"font-weight: 400; font-family: arial, helvetica, sans-serif;\">&#8211; AUXILIAR DE COSTURA &#8211; 06 meses de experi\u00eancia comprovada &#8211; N\u00e3o exigida<\/span><\/p>\n<p style=\"text-align: justify;\"><span style=\"font-weight: 400; font-family: arial, helvetica, sans-serif;\">&#8211; AUXILIAR DE ESTOQUE &#8211; 06 meses de experi\u00eancia comprovada &#8211; Ensino M\u00e9dio Completo<\/span><\/p>\n<p style=\"text-align: justify;\"><span style=\"font-weight: 400; font-family: arial, helvetica, sans-serif;\">&#8211; AUXILIAR DE LAVANDERIA &#8211; 04 meses de experi\u00eancia comprovada- Ensino M\u00e9dio Completo<\/span><\/p>\n<p style=\"text-align: justify;\"><span style=\"font-weight: 400; font-family: arial, helvetica, sans-serif;\">&#8211; AUXILIAR DE PRODU\u00c7\u00c3O &#8211; 04 meses de experi\u00eancia &#8211; Ensino Fundamental Completo<\/span><\/p>\n<p style=\"text-align: justify;\"><span style=\"font-weight: 400; font-family: arial, helvetica, sans-serif;\">&#8211; AUXILIAR DE PRODU\u00c7\u00c3O &#8211; 04 meses de experi\u00eancia &#8211; N\u00e3o exigida<\/span><\/p>\n<p style=\"text-align: justify;\"><span style=\"font-weight: 400; font-family: arial, helvetica, sans-serif;\">&#8211; AUXILIAR FINANCEIRO &#8211; 04 meses de experi\u00eancia comprovada &#8211; Ensino M\u00e9dio Completo<\/span><\/p>\n<p style=\"text-align: justify;\"><span style=\"font-weight: 400; font-family: arial, helvetica, sans-serif;\">&#8211; COSTUREIRA DE M\u00c1QUINA RETA &#8211; 03 meses de experi\u00eancia comprovada &#8211; Ensino Fundamental Completo<\/span><\/p>\n<p style=\"text-align: justify;\"><span style=\"font-weight: 400; font-family: arial, helvetica, sans-serif;\">&#8211; COSTUREIRA EM GERAL &#8211; N\u00e3o exigida &#8211; N\u00e3o exigida<\/span><\/p>\n<p style=\"text-align: justify;\"><span style=\"font-weight: 400; font-family: arial, helvetica, sans-serif;\">&#8211; COSTUREIRA EM GERAL &#8211; 04 meses de experi\u00eancia comprovada &#8211; N\u00e3o exigida<\/span><\/p>\n<p style=\"text-align: justify;\"><span style=\"font-weight: 400; font-family: arial, helvetica, sans-serif;\">&#8211; COZINHEIRO GERAL &#8211; 03 meses de experi\u00eancia comprovada &#8211; Ensino Fundamental Completo<\/span><\/p>\n<p style=\"text-align: justify;\"><span style=\"font-weight: 400; font-family: arial, helvetica, sans-serif;\">&#8211; EMPREGADO DOM\u00c9STICO &#8211; 03 meses de experi\u00eancia n\u00e3o comprovada &#8211; Ensino M\u00e9dio Completo<\/span><\/p>\n<p style=\"text-align: justify;\"><span style=\"font-weight: 400; font-family: arial, helvetica, sans-serif;\">&#8211; EMPREGADO DOM\u00c9STICO &#8211; N\u00e3o exigida &#8211; N\u00e3o exigida<\/span><\/p>\n<p style=\"text-align: justify;\"><span style=\"font-weight: 400; font-family: arial, helvetica, sans-serif;\">&#8211; EMPREGADO DOM\u00c9STICO &#8211; 04 meses de experi\u00eancia comprovada &#8211; N\u00e3o exigida<\/span><\/p>\n<p style=\"text-align: justify;\"><span style=\"font-weight: 400; font-family: arial, helvetica, sans-serif;\">&#8211; FERRAMENTEIRO &#8211; 06 meses de experi\u00eancia comprovada &#8211; N\u00e3o exigida<\/span><\/p>\n<p style=\"text-align: justify;\"><span style=\"font-weight: 400; font-family: arial, helvetica, sans-serif;\">&#8211; MEC\u00c2NICO DE MANUTEN\u00c7\u00c3O DE M\u00c1QUINAS &#8211; 06 meses de experi\u00eancia comprovada &#8211; Ensino M\u00e9dio Completo<\/span><\/p>\n<p style=\"text-align: justify;\"><span style=\"font-weight: 400; font-family: arial, helvetica, sans-serif;\">&#8211; MEC\u00c2NICO DE AUTO EM GERAL &#8211; 03 meses de experi\u00eancia n\u00e3o comprovada &#8211; N\u00e3o exigida<\/span><\/p>\n<p style=\"text-align: justify;\"><span style=\"font-weight: 400; font-family: arial, helvetica, sans-serif;\">&#8211; MONTADOR SOLDADOR &#8211; 03 meses de experi\u00eancia n\u00e3o comprovada &#8211; N\u00e3o exigida<\/span><\/p>\n<p style=\"text-align: justify;\"><span style=\"font-weight: 400; font-family: arial, helvetica, sans-serif;\">&#8211; MOTORISTA ENTREGADOR &#8211; 06 meses de experi\u00eancia n\u00e3o comprovada &#8211; Ensino Fundamental Completo<\/span><\/p>\n<p style=\"text-align: justify;\"><span style=\"font-weight: 400; font-family: arial, helvetica, sans-serif;\">&#8211; PINTOR DE ESTRUTURAS MET\u00c1LICAS &#8211; 03 meses de experi\u00eancia comprovada &#8211; N\u00e3o exigida<\/span><\/p>\n<p style=\"text-align: justify;\"><span style=\"font-weight: 400; font-family: arial, helvetica, sans-serif;\">&#8211; PINTOR DE OBRAS &#8211; 06 meses de experi\u00eancia n\u00e3o comprovada &#8211; Ensino Fundamental Completo<\/span><\/p>\n<p style=\"text-align: justify;\"><span style=\"font-weight: 400; font-family: arial, helvetica, sans-serif;\">&#8211; PINTOR DE VE\u00cdCULOS &#8211; N\u00e3o exigida &#8211; N\u00e3o exigida<\/span><\/p>\n<p style=\"text-align: justify;\"><span style=\"font-weight: 400; font-family: arial, helvetica, sans-serif;\">&#8211; SERRALHEIRO &#8211; N\u00e3o exigida &#8211; N\u00e3o exigida<\/span><\/p>\n<p style=\"text-align: justify;\"><span style=\"font-weight: 400; font-family: arial, helvetica, sans-serif;\">&#8211; SERVENTE DE OBRAS &#8211; N\u00e3o exigida &#8211; Ensino Fundamental Completo<\/span><\/p>\n<p style=\"text-align: justify;\"><span style=\"font-weight: 400; font-family: arial, helvetica, sans-serif;\">&#8211; SERVENTE DE PEDREIRO &#8211; 06 meses de experi\u00eancia comprovada &#8211; Ensino Fundamental Completo<\/span><\/p>\n<p style=\"text-align: justify;\"><span style=\"font-weight: 400; font-family: arial, helvetica, sans-serif;\">&#8211; SOLDADOR &#8211; 04 meses de experi\u00eancia comprovada &#8211; Ensino M\u00e9dio Completo<\/span><\/p>\n<p style=\"text-align: justify;\"><span style=\"font-weight: 400; font-family: arial, helvetica, sans-serif;\">&#8211; SOLDADOR &#8211; 06 meses de experi\u00eancia comprovada &#8211; Ensino M\u00e9dio Completo<\/span><\/p>\n<p style=\"text-align: justify;\"><span style=\"font-weight: 400; font-family: arial, helvetica, sans-serif;\">&#8211; TORNEIRO MEC\u00c2NICO &#8211; 06 meses de experi\u00eancia comprovada &#8211; Ensino Fundamental Completo<\/span><\/p>\n<p style=\"text-align: justify;\"><span style=\"font-weight: 400; font-family: arial, helvetica, sans-serif;\">&#8211; VENDEDOR INTERNO &#8211; 04 meses de experi\u00eancia comprovada &#8211; Ensino Fundamental Completo<\/span><\/p>\n<p style=\"text-align: justify;\"><span style=\"font-weight: 400; font-family: arial, helvetica, sans-serif;\">&#8211; VENDEDOR INTERNO &#8211; 04 meses de experi\u00eancia n\u00e3o comprovada &#8211; Ensino M\u00e9dio Completo<\/span><\/p>\n<p style=\"text-align: justify;\"><span style=\"font-weight: 400; font-family: arial, helvetica, sans-serif;\">&#8211; VENDEDOR INTERNO &#8211; 04 meses de experi\u00eancia n\u00e3o comprovada &#8211; N\u00e3o exigida<\/span><\/p>\n<p style=\"text-align: justify;\"><span style=\"font-weight: 400; font-family: arial, helvetica, sans-serif;\">&#8211; ZELADOR &#8211; 06 meses de experi\u00eancia n\u00e3o comprovada &#8211; Ensino Fundamental Completo<\/span><\/p>\n<p style=\"text-align: justify;\"><span style=\"font-weight: 400; font-family: arial, helvetica, sans-serif;\">O atendimento na Secretaria de Trabalho, situada na avenida Inglaterra, 774, no Centro de Camb\u00e9, \u00e9 mediante agendamento pelo link do WhatsApp cadastrado sob o n\u00famero (43) 3174-0443. Tamb\u00e9m \u00e9 poss\u00edvel marcar um hor\u00e1rio pelo telefone de mesmo n\u00famero.<\/span><\/p>\n<p style=\"text-align: justify;\"><span style=\"font-weight: 400; font-family: arial, helvetica, sans-serif;\">Ap\u00f3s o agendamento, a equipe da ag\u00eancia analisa se o perfil do candidato se enquadra na vaga. Para isso, \u00e9 necess\u00e1rio trazer Registro Geral (RG), Cadastro de Pessoa F\u00edsica (CPF) e Carteira de Trabalho e Previd\u00eancia Social (CTPS).<\/span><\/p>\n<p style=\"text-align: justify;\"><span style=\"font-weight: 400; font-family: arial, helvetica, sans-serif;\">Pela manh\u00e3, o expediente de atendimento vai das 8h30 \u00e0s 11h30 e, durante a tarde, das 13h \u00e0s 17h.<\/span><\/p>\n","protected":false},"excerpt":{"rendered":"<p>Ei, voc\u00ea a\u00ed, que est\u00e1 procurando um emprego: continue a leitura at\u00e9 o final que n\u00f3s vamos te contar todas as vagas de trabalho que est\u00e3o dispon\u00edveis aqui no nosso munic\u00edpio. A Secretaria de Trabalho divulgou as vagas de trabalho desta semana, que conta com quase 50 oportunidades em diversas fun\u00e7\u00f5es e setores. Algumas vagas [&hellip;]<\/p>\n","protected":false},"author":2,"featured_media":0,"comment_status":"closed","ping_status":"open","sticky":false,"template":"","format":"standard","meta":{"ngg_post_thumbnail":0,"footnotes":""},"categories":[1],"tags":[],"class_list":["post-6683","post","type-post","status-publish","format-standard","hentry","category-principal"],"yoast_head":"<!-- This site is optimized with the Yoast SEO plugin v27.4 - https:\/\/yoast.com\/product\/yoast-seo-wordpress\/ -->\n<title>Confira as oportunidades de emprego dispon\u00edveis para essa semana - Prefeitura de Camb\u00e9<\/title>\n<meta name=\"robots\" content=\"index, follow, max-snippet:-1, max-image-preview:large, max-video-preview:-1\" \/>\n<link rel=\"canonical\" href=\"https:\/\/www.cambe.pr.gov.br\/index.php\/confira-as-oportunidades-de-emprego-disponiveis-para-essa-semana\/\" \/>\n<meta property=\"og:locale\" content=\"pt_BR\" \/>\n<meta property=\"og:type\" content=\"article\" \/>\n<meta property=\"og:title\" content=\"Confira as oportunidades de emprego dispon\u00edveis para essa semana - Prefeitura de Camb\u00e9\" \/>\n<meta property=\"og:description\" content=\"Ei, voc\u00ea a\u00ed, que est\u00e1 procurando um emprego: continue a leitura at\u00e9 o final que n\u00f3s vamos te contar todas as vagas de trabalho que est\u00e3o dispon\u00edveis aqui no nosso munic\u00edpio. A Secretaria de Trabalho divulgou as vagas de trabalho desta semana, que conta com quase 50 oportunidades em diversas fun\u00e7\u00f5es e setores. Algumas vagas [&hellip;]\" \/>\n<meta property=\"og:url\" content=\"https:\/\/www.cambe.pr.gov.br\/index.php\/confira-as-oportunidades-de-emprego-disponiveis-para-essa-semana\/\" \/>\n<meta property=\"og:site_name\" content=\"Prefeitura de Camb\u00e9\" \/>\n<meta property=\"article:publisher\" content=\"https:\/\/m.facebook.com\/prefeituradecambe\" \/>\n<meta property=\"article:published_time\" content=\"2022-07-11T17:56:49+00:00\" \/>\n<meta property=\"article:modified_time\" content=\"2024-10-07T16:00:58+00:00\" \/>\n<meta property=\"og:image\" content=\"http:\/\/www.cambe.pr.gov.br\/wp-content\/uploads\/2022\/07\/atendimento-trabalho-1024x678.jpg\" \/>\n<meta name=\"author\" content=\"Thiago Mossini Balbino dos Santos\" \/>\n<meta name=\"twitter:card\" content=\"summary_large_image\" \/>\n<meta name=\"twitter:label1\" content=\"Escrito por\" \/>\n\t<meta name=\"twitter:data1\" content=\"Thiago Mossini Balbino dos Santos\" \/>\n\t<meta name=\"twitter:label2\" content=\"Est. tempo de leitura\" \/>\n\t<meta name=\"twitter:data2\" content=\"6 minutos\" \/>\n<script type=\"application\/ld+json\" class=\"yoast-schema-graph\">{\"@context\":\"https:\\\/\\\/schema.org\",\"@graph\":[{\"@type\":\"Article\",\"@id\":\"https:\\\/\\\/www.cambe.pr.gov.br\\\/index.php\\\/confira-as-oportunidades-de-emprego-disponiveis-para-essa-semana\\\/#article\",\"isPartOf\":{\"@id\":\"https:\\\/\\\/www.cambe.pr.gov.br\\\/index.php\\\/confira-as-oportunidades-de-emprego-disponiveis-para-essa-semana\\\/\"},\"author\":{\"name\":\"Thiago Mossini Balbino dos Santos\",\"@id\":\"https:\\\/\\\/www.cambe.pr.gov.br\\\/#\\\/schema\\\/person\\\/e08f7c43a641b2ec036e4e867ec483e4\"},\"headline\":\"Confira as oportunidades de emprego dispon\u00edveis para essa semana\",\"datePublished\":\"2022-07-11T17:56:49+00:00\",\"dateModified\":\"2024-10-07T16:00:58+00:00\",\"mainEntityOfPage\":{\"@id\":\"https:\\\/\\\/www.cambe.pr.gov.br\\\/index.php\\\/confira-as-oportunidades-de-emprego-disponiveis-para-essa-semana\\\/\"},\"wordCount\":1156,\"publisher\":{\"@id\":\"https:\\\/\\\/www.cambe.pr.gov.br\\\/#organization\"},\"image\":{\"@id\":\"https:\\\/\\\/www.cambe.pr.gov.br\\\/index.php\\\/confira-as-oportunidades-de-emprego-disponiveis-para-essa-semana\\\/#primaryimage\"},\"thumbnailUrl\":\"http:\\\/\\\/www.cambe.pr.gov.br\\\/wp-content\\\/uploads\\\/2022\\\/07\\\/atendimento-trabalho-1024x678.jpg\",\"articleSection\":[\"Principal\"],\"inLanguage\":\"pt-BR\"},{\"@type\":\"WebPage\",\"@id\":\"https:\\\/\\\/www.cambe.pr.gov.br\\\/index.php\\\/confira-as-oportunidades-de-emprego-disponiveis-para-essa-semana\\\/\",\"url\":\"https:\\\/\\\/www.cambe.pr.gov.br\\\/index.php\\\/confira-as-oportunidades-de-emprego-disponiveis-para-essa-semana\\\/\",\"name\":\"Confira as oportunidades de emprego dispon\u00edveis para essa semana - Prefeitura de Camb\u00e9\",\"isPartOf\":{\"@id\":\"https:\\\/\\\/www.cambe.pr.gov.br\\\/#website\"},\"primaryImageOfPage\":{\"@id\":\"https:\\\/\\\/www.cambe.pr.gov.br\\\/index.php\\\/confira-as-oportunidades-de-emprego-disponiveis-para-essa-semana\\\/#primaryimage\"},\"image\":{\"@id\":\"https:\\\/\\\/www.cambe.pr.gov.br\\\/index.php\\\/confira-as-oportunidades-de-emprego-disponiveis-para-essa-semana\\\/#primaryimage\"},\"thumbnailUrl\":\"http:\\\/\\\/www.cambe.pr.gov.br\\\/wp-content\\\/uploads\\\/2022\\\/07\\\/atendimento-trabalho-1024x678.jpg\",\"datePublished\":\"2022-07-11T17:56:49+00:00\",\"dateModified\":\"2024-10-07T16:00:58+00:00\",\"breadcrumb\":{\"@id\":\"https:\\\/\\\/www.cambe.pr.gov.br\\\/index.php\\\/confira-as-oportunidades-de-emprego-disponiveis-para-essa-semana\\\/#breadcrumb\"},\"inLanguage\":\"pt-BR\",\"potentialAction\":[{\"@type\":\"ReadAction\",\"target\":[\"https:\\\/\\\/www.cambe.pr.gov.br\\\/index.php\\\/confira-as-oportunidades-de-emprego-disponiveis-para-essa-semana\\\/\"]}]},{\"@type\":\"ImageObject\",\"inLanguage\":\"pt-BR\",\"@id\":\"https:\\\/\\\/www.cambe.pr.gov.br\\\/index.php\\\/confira-as-oportunidades-de-emprego-disponiveis-para-essa-semana\\\/#primaryimage\",\"url\":\"http:\\\/\\\/www.cambe.pr.gov.br\\\/wp-content\\\/uploads\\\/2022\\\/07\\\/atendimento-trabalho-1024x678.jpg\",\"contentUrl\":\"http:\\\/\\\/www.cambe.pr.gov.br\\\/wp-content\\\/uploads\\\/2022\\\/07\\\/atendimento-trabalho-1024x678.jpg\"},{\"@type\":\"BreadcrumbList\",\"@id\":\"https:\\\/\\\/www.cambe.pr.gov.br\\\/index.php\\\/confira-as-oportunidades-de-emprego-disponiveis-para-essa-semana\\\/#breadcrumb\",\"itemListElement\":[{\"@type\":\"ListItem\",\"position\":1,\"name\":\"In\u00edcio\",\"item\":\"https:\\\/\\\/www.cambe.pr.gov.br\\\/\"},{\"@type\":\"ListItem\",\"position\":2,\"name\":\"Confira as oportunidades de emprego dispon\u00edveis para essa semana\"}]},{\"@type\":\"WebSite\",\"@id\":\"https:\\\/\\\/www.cambe.pr.gov.br\\\/#website\",\"url\":\"https:\\\/\\\/www.cambe.pr.gov.br\\\/\",\"name\":\"Prefeitura de Camb\u00e9\",\"description\":\"UM GOVERNO PARA TODOS\",\"publisher\":{\"@id\":\"https:\\\/\\\/www.cambe.pr.gov.br\\\/#organization\"},\"potentialAction\":[{\"@type\":\"SearchAction\",\"target\":{\"@type\":\"EntryPoint\",\"urlTemplate\":\"https:\\\/\\\/www.cambe.pr.gov.br\\\/?s={search_term_string}\"},\"query-input\":{\"@type\":\"PropertyValueSpecification\",\"valueRequired\":true,\"valueName\":\"search_term_string\"}}],\"inLanguage\":\"pt-BR\"},{\"@type\":\"Organization\",\"@id\":\"https:\\\/\\\/www.cambe.pr.gov.br\\\/#organization\",\"name\":\"Prefeitura de Camb\u00e9\",\"url\":\"https:\\\/\\\/www.cambe.pr.gov.br\\\/\",\"logo\":{\"@type\":\"ImageObject\",\"inLanguage\":\"pt-BR\",\"@id\":\"https:\\\/\\\/www.cambe.pr.gov.br\\\/#\\\/schema\\\/logo\\\/image\\\/\",\"url\":\"https:\\\/\\\/www.cambe.pr.gov.br\\\/wp-content\\\/uploads\\\/2021\\\/01\\\/cropped-cropped-cambe_brazao-icone.png\",\"contentUrl\":\"https:\\\/\\\/www.cambe.pr.gov.br\\\/wp-content\\\/uploads\\\/2021\\\/01\\\/cropped-cropped-cambe_brazao-icone.png\",\"width\":240,\"height\":240,\"caption\":\"Prefeitura de Camb\u00e9\"},\"image\":{\"@id\":\"https:\\\/\\\/www.cambe.pr.gov.br\\\/#\\\/schema\\\/logo\\\/image\\\/\"},\"sameAs\":[\"https:\\\/\\\/m.facebook.com\\\/prefeituradecambe\"]},{\"@type\":\"Person\",\"@id\":\"https:\\\/\\\/www.cambe.pr.gov.br\\\/#\\\/schema\\\/person\\\/e08f7c43a641b2ec036e4e867ec483e4\",\"name\":\"Thiago Mossini Balbino dos Santos\",\"image\":{\"@type\":\"ImageObject\",\"inLanguage\":\"pt-BR\",\"@id\":\"https:\\\/\\\/secure.gravatar.com\\\/avatar\\\/d957ed4e1bc3ebf5769d1003f9709cd2012ebf424eb4a5d76a933fee30e874b6?s=96&d=mm&r=g\",\"url\":\"https:\\\/\\\/secure.gravatar.com\\\/avatar\\\/d957ed4e1bc3ebf5769d1003f9709cd2012ebf424eb4a5d76a933fee30e874b6?s=96&d=mm&r=g\",\"contentUrl\":\"https:\\\/\\\/secure.gravatar.com\\\/avatar\\\/d957ed4e1bc3ebf5769d1003f9709cd2012ebf424eb4a5d76a933fee30e874b6?s=96&d=mm&r=g\",\"caption\":\"Thiago Mossini Balbino dos Santos\"},\"url\":\"https:\\\/\\\/www.cambe.pr.gov.br\\\/index.php\\\/author\\\/tmbsantos\\\/\"}]}<\/script>\n<!-- \/ Yoast SEO plugin. -->","yoast_head_json":{"title":"Confira as oportunidades de emprego dispon\u00edveis para essa semana - Prefeitura de Camb\u00e9","robots":{"index":"index","follow":"follow","max-snippet":"max-snippet:-1","max-image-preview":"max-image-preview:large","max-video-preview":"max-video-preview:-1"},"canonical":"https:\/\/www.cambe.pr.gov.br\/index.php\/confira-as-oportunidades-de-emprego-disponiveis-para-essa-semana\/","og_locale":"pt_BR","og_type":"article","og_title":"Confira as oportunidades de emprego dispon\u00edveis para essa semana - Prefeitura de Camb\u00e9","og_description":"Ei, voc\u00ea a\u00ed, que est\u00e1 procurando um emprego: continue a leitura at\u00e9 o final que n\u00f3s vamos te contar todas as vagas de trabalho que est\u00e3o dispon\u00edveis aqui no nosso munic\u00edpio. A Secretaria de Trabalho divulgou as vagas de trabalho desta semana, que conta com quase 50 oportunidades em diversas fun\u00e7\u00f5es e setores. Algumas vagas [&hellip;]","og_url":"https:\/\/www.cambe.pr.gov.br\/index.php\/confira-as-oportunidades-de-emprego-disponiveis-para-essa-semana\/","og_site_name":"Prefeitura de Camb\u00e9","article_publisher":"https:\/\/m.facebook.com\/prefeituradecambe","article_published_time":"2022-07-11T17:56:49+00:00","article_modified_time":"2024-10-07T16:00:58+00:00","og_image":[{"url":"http:\/\/www.cambe.pr.gov.br\/wp-content\/uploads\/2022\/07\/atendimento-trabalho-1024x678.jpg","type":"","width":"","height":""}],"author":"Thiago Mossini Balbino dos Santos","twitter_card":"summary_large_image","twitter_misc":{"Escrito por":"Thiago Mossini Balbino dos Santos","Est. tempo de leitura":"6 minutos"},"schema":{"@context":"https:\/\/schema.org","@graph":[{"@type":"Article","@id":"https:\/\/www.cambe.pr.gov.br\/index.php\/confira-as-oportunidades-de-emprego-disponiveis-para-essa-semana\/#article","isPartOf":{"@id":"https:\/\/www.cambe.pr.gov.br\/index.php\/confira-as-oportunidades-de-emprego-disponiveis-para-essa-semana\/"},"author":{"name":"Thiago Mossini Balbino dos Santos","@id":"https:\/\/www.cambe.pr.gov.br\/#\/schema\/person\/e08f7c43a641b2ec036e4e867ec483e4"},"headline":"Confira as oportunidades de emprego dispon\u00edveis para essa semana","datePublished":"2022-07-11T17:56:49+00:00","dateModified":"2024-10-07T16:00:58+00:00","mainEntityOfPage":{"@id":"https:\/\/www.cambe.pr.gov.br\/index.php\/confira-as-oportunidades-de-emprego-disponiveis-para-essa-semana\/"},"wordCount":1156,"publisher":{"@id":"https:\/\/www.cambe.pr.gov.br\/#organization"},"image":{"@id":"https:\/\/www.cambe.pr.gov.br\/index.php\/confira-as-oportunidades-de-emprego-disponiveis-para-essa-semana\/#primaryimage"},"thumbnailUrl":"http:\/\/www.cambe.pr.gov.br\/wp-content\/uploads\/2022\/07\/atendimento-trabalho-1024x678.jpg","articleSection":["Principal"],"inLanguage":"pt-BR"},{"@type":"WebPage","@id":"https:\/\/www.cambe.pr.gov.br\/index.php\/confira-as-oportunidades-de-emprego-disponiveis-para-essa-semana\/","url":"https:\/\/www.cambe.pr.gov.br\/index.php\/confira-as-oportunidades-de-emprego-disponiveis-para-essa-semana\/","name":"Confira as oportunidades de emprego dispon\u00edveis para essa semana - Prefeitura de Camb\u00e9","isPartOf":{"@id":"https:\/\/www.cambe.pr.gov.br\/#website"},"primaryImageOfPage":{"@id":"https:\/\/www.cambe.pr.gov.br\/index.php\/confira-as-oportunidades-de-emprego-disponiveis-para-essa-semana\/#primaryimage"},"image":{"@id":"https:\/\/www.cambe.pr.gov.br\/index.php\/confira-as-oportunidades-de-emprego-disponiveis-para-essa-semana\/#primaryimage"},"thumbnailUrl":"http:\/\/www.cambe.pr.gov.br\/wp-content\/uploads\/2022\/07\/atendimento-trabalho-1024x678.jpg","datePublished":"2022-07-11T17:56:49+00:00","dateModified":"2024-10-07T16:00:58+00:00","breadcrumb":{"@id":"https:\/\/www.cambe.pr.gov.br\/index.php\/confira-as-oportunidades-de-emprego-disponiveis-para-essa-semana\/#breadcrumb"},"inLanguage":"pt-BR","potentialAction":[{"@type":"ReadAction","target":["https:\/\/www.cambe.pr.gov.br\/index.php\/confira-as-oportunidades-de-emprego-disponiveis-para-essa-semana\/"]}]},{"@type":"ImageObject","inLanguage":"pt-BR","@id":"https:\/\/www.cambe.pr.gov.br\/index.php\/confira-as-oportunidades-de-emprego-disponiveis-para-essa-semana\/#primaryimage","url":"http:\/\/www.cambe.pr.gov.br\/wp-content\/uploads\/2022\/07\/atendimento-trabalho-1024x678.jpg","contentUrl":"http:\/\/www.cambe.pr.gov.br\/wp-content\/uploads\/2022\/07\/atendimento-trabalho-1024x678.jpg"},{"@type":"BreadcrumbList","@id":"https:\/\/www.cambe.pr.gov.br\/index.php\/confira-as-oportunidades-de-emprego-disponiveis-para-essa-semana\/#breadcrumb","itemListElement":[{"@type":"ListItem","position":1,"name":"In\u00edcio","item":"https:\/\/www.cambe.pr.gov.br\/"},{"@type":"ListItem","position":2,"name":"Confira as oportunidades de emprego dispon\u00edveis para essa semana"}]},{"@type":"WebSite","@id":"https:\/\/www.cambe.pr.gov.br\/#website","url":"https:\/\/www.cambe.pr.gov.br\/","name":"Prefeitura de Camb\u00e9","description":"UM GOVERNO PARA TODOS","publisher":{"@id":"https:\/\/www.cambe.pr.gov.br\/#organization"},"potentialAction":[{"@type":"SearchAction","target":{"@type":"EntryPoint","urlTemplate":"https:\/\/www.cambe.pr.gov.br\/?s={search_term_string}"},"query-input":{"@type":"PropertyValueSpecification","valueRequired":true,"valueName":"search_term_string"}}],"inLanguage":"pt-BR"},{"@type":"Organization","@id":"https:\/\/www.cambe.pr.gov.br\/#organization","name":"Prefeitura de Camb\u00e9","url":"https:\/\/www.cambe.pr.gov.br\/","logo":{"@type":"ImageObject","inLanguage":"pt-BR","@id":"https:\/\/www.cambe.pr.gov.br\/#\/schema\/logo\/image\/","url":"https:\/\/www.cambe.pr.gov.br\/wp-content\/uploads\/2021\/01\/cropped-cropped-cambe_brazao-icone.png","contentUrl":"https:\/\/www.cambe.pr.gov.br\/wp-content\/uploads\/2021\/01\/cropped-cropped-cambe_brazao-icone.png","width":240,"height":240,"caption":"Prefeitura de Camb\u00e9"},"image":{"@id":"https:\/\/www.cambe.pr.gov.br\/#\/schema\/logo\/image\/"},"sameAs":["https:\/\/m.facebook.com\/prefeituradecambe"]},{"@type":"Person","@id":"https:\/\/www.cambe.pr.gov.br\/#\/schema\/person\/e08f7c43a641b2ec036e4e867ec483e4","name":"Thiago Mossini Balbino dos Santos","image":{"@type":"ImageObject","inLanguage":"pt-BR","@id":"https:\/\/secure.gravatar.com\/avatar\/d957ed4e1bc3ebf5769d1003f9709cd2012ebf424eb4a5d76a933fee30e874b6?s=96&d=mm&r=g","url":"https:\/\/secure.gravatar.com\/avatar\/d957ed4e1bc3ebf5769d1003f9709cd2012ebf424eb4a5d76a933fee30e874b6?s=96&d=mm&r=g","contentUrl":"https:\/\/secure.gravatar.com\/avatar\/d957ed4e1bc3ebf5769d1003f9709cd2012ebf424eb4a5d76a933fee30e874b6?s=96&d=mm&r=g","caption":"Thiago Mossini Balbino dos Santos"},"url":"https:\/\/www.cambe.pr.gov.br\/index.php\/author\/tmbsantos\/"}]}},"_links":{"self":[{"href":"https:\/\/www.cambe.pr.gov.br\/index.php\/wp-json\/wp\/v2\/posts\/6683","targetHints":{"allow":["GET"]}}],"collection":[{"href":"https:\/\/www.cambe.pr.gov.br\/index.php\/wp-json\/wp\/v2\/posts"}],"about":[{"href":"https:\/\/www.cambe.pr.gov.br\/index.php\/wp-json\/wp\/v2\/types\/post"}],"author":[{"embeddable":true,"href":"https:\/\/www.cambe.pr.gov.br\/index.php\/wp-json\/wp\/v2\/users\/2"}],"replies":[{"embeddable":true,"href":"https:\/\/www.cambe.pr.gov.br\/index.php\/wp-json\/wp\/v2\/comments?post=6683"}],"version-history":[{"count":6,"href":"https:\/\/www.cambe.pr.gov.br\/index.php\/wp-json\/wp\/v2\/posts\/6683\/revisions"}],"predecessor-version":[{"id":6692,"href":"https:\/\/www.cambe.pr.gov.br\/index.php\/wp-json\/wp\/v2\/posts\/6683\/revisions\/6692"}],"wp:attachment":[{"href":"https:\/\/www.cambe.pr.gov.br\/index.php\/wp-json\/wp\/v2\/media?parent=6683"}],"wp:term":[{"taxonomy":"category","embeddable":true,"href":"https:\/\/www.cambe.pr.gov.br\/index.php\/wp-json\/wp\/v2\/categories?post=6683"},{"taxonomy":"post_tag","embeddable":true,"href":"https:\/\/www.cambe.pr.gov.br\/index.php\/wp-json\/wp\/v2\/tags?post=6683"}],"curies":[{"name":"wp","href":"https:\/\/api.w.org\/{rel}","templated":true}]}}