{"id":6681,"date":"2022-07-11T15:35:55","date_gmt":"2022-07-11T18:35:55","guid":{"rendered":"http:\/\/www.cambe.pr.gov.br\/?p=6681"},"modified":"2024-10-07T13:00:58","modified_gmt":"2024-10-07T16:00:58","slug":"secretaria-de-trabalho-realiza-segunda-edicao-do-programa-primeiro-emprego","status":"publish","type":"post","link":"https:\/\/www.cambe.pr.gov.br\/index.php\/secretaria-de-trabalho-realiza-segunda-edicao-do-programa-primeiro-emprego\/","title":{"rendered":"Secretaria de Trabalho realiza segunda edi\u00e7\u00e3o do \u2018Programa Primeiro Emprego\u2019"},"content":{"rendered":"<p style=\"text-align: justify;\"><span style=\"font-family: arial, helvetica, sans-serif; font-size: 12pt;\"><span style=\"font-weight: 400;\"><img fetchpriority=\"high\" decoding=\"async\" class=\"size-large wp-image-6696 alignleft\" src=\"https:\/\/www.cambe.pr.gov.br\/wp-content\/uploads\/2022\/07\/WhatsApp-Image-2022-07-11-at-15.32.51-1024x768.jpeg\" alt=\"\" width=\"610\" height=\"458\" srcset=\"https:\/\/www.cambe.pr.gov.br\/wp-content\/uploads\/2022\/07\/WhatsApp-Image-2022-07-11-at-15.32.51-1024x768.jpeg 1024w, https:\/\/www.cambe.pr.gov.br\/wp-content\/uploads\/2022\/07\/WhatsApp-Image-2022-07-11-at-15.32.51-300x225.jpeg 300w, https:\/\/www.cambe.pr.gov.br\/wp-content\/uploads\/2022\/07\/WhatsApp-Image-2022-07-11-at-15.32.51-768x576.jpeg 768w, https:\/\/www.cambe.pr.gov.br\/wp-content\/uploads\/2022\/07\/WhatsApp-Image-2022-07-11-at-15.32.51-1536x1152.jpeg 1536w, https:\/\/www.cambe.pr.gov.br\/wp-content\/uploads\/2022\/07\/WhatsApp-Image-2022-07-11-at-15.32.51-400x300.jpeg 400w, https:\/\/www.cambe.pr.gov.br\/wp-content\/uploads\/2022\/07\/WhatsApp-Image-2022-07-11-at-15.32.51.jpeg 1600w\" sizes=\"(max-width: 610px) 100vw, 610px\" \/>Em algum momento algu\u00e9m j\u00e1 te perguntou: \u201co que voc\u00ea quer fazer quando crescer?\u201d. \u00c9, essa pergunta deixa muita gente nervosa e ansiosa sobre o futuro, j\u00e1 que n\u00e3o \u00e9 f\u00e1cil escolher nem mesmo qual filme ver dentre as tantas op\u00e7\u00f5es nas plataformas de <\/span><i><span style=\"font-weight: 400;\">streaming<\/span><\/i><span style=\"font-weight: 400;\">, ent\u00e3o quem dir\u00e1 uma profiss\u00e3o para a vida. Pensando nisso, a Secretaria de Trabalho quer dar um &#8216;empurr\u00e3ozinho&#8217; nos jovens de 16 a 25 anos que querem entrar no mercado de trabalho, mas que ainda est\u00e3o indecisos sobre qual carreira seguir.<\/span><\/span><\/p>\n<p style=\"text-align: justify;\"><span style=\"font-family: arial, helvetica, sans-serif; font-size: 12pt;\">Ent\u00e3o n\u00e3o perca essa oportunidade: <span style=\"font-weight: 400;\">a segunda edi\u00e7\u00e3o do Programa Primeiro Emprego ser\u00e1 realizada nesta ter\u00e7a-feira, dia 12 de julho, no Centro da Juventude, que fica na Avenida Pedro Viriato Parigot de Souza, 953 &#8211; Jardim Castelo Branco. A palestra ter\u00e1 in\u00edcio \u00e0s 14h e os jovens interessados devem fazer a inscri\u00e7\u00e3o at\u00e9 13h do dia do evento pelo telefone 3174-0443 (telefone e WhatsApp). No total, s\u00e3o 50 vagas dispon\u00edveis.<\/span><\/span><\/p>\n<p style=\"text-align: justify;\"><span style=\"font-weight: 400; font-family: arial, helvetica, sans-serif; font-size: 12pt;\">O Programa Primeiro Emprego tem o objetivo de ouvir e orientar jovens que est\u00e3o em busca de um emprego. Jos\u00e9 Aparecido Rolim, secret\u00e1rio de Trabalho, explica que a popula\u00e7\u00e3o nessa faixa et\u00e1ria \u00e9 a que est\u00e1 come\u00e7ando a entrar no mercado de trabalho e muitos jovens dessa idade ainda s\u00e3o inseguros sobre o que mais gostam de fazer ou quais s\u00e3o suas \u00e1reas de interesse profissional. \u201cN\u00f3s queremos motivar esses jovens, ouvir o que eles t\u00eam a dizer e o que eles gostam ou n\u00e3o gostam. Isso nos ajuda a definir a\u00e7\u00f5es para essa popula\u00e7\u00e3o\u201d, esclarece.<\/span><\/p>\n<p style=\"text-align: justify;\"><span style=\"font-weight: 400; font-family: arial, helvetica, sans-serif; font-size: 12pt;\">O Programa Primeiro Emprego \u00e9 uma parceria do munic\u00edpio com a Escola de Direito da Faculdades Londrina, que vai ser respons\u00e1vel por ministrar uma palestra para esses jovens sobre o mercado de trabalho e as diferentes \u00e1reas de atua\u00e7\u00e3o. Al\u00e9m da palestra, os jovens v\u00e3o passar por um teste vocacional. \u201cEles v\u00e3o receber uma ficha com perguntas gerais sobre a vida, mas tamb\u00e9m sobre as \u00e1reas de interesse, como o meio art\u00edstico e o digital, que est\u00e3o em alta agora\u201d, explica.<\/span><\/p>\n<p style=\"text-align: justify;\"><span style=\"font-weight: 400; font-family: arial, helvetica, sans-serif; font-size: 12pt;\">O secret\u00e1rio detalha que as informa\u00e7\u00f5es contidas nos testes v\u00e3o ser agrupadas por \u00e1reas de interesse e v\u00e3o ajudar a Secretaria de Trabalho a planejar cursos profissionalizantes para a popula\u00e7\u00e3o dessa faixa et\u00e1ria. \u201cAl\u00e9m disso, com essas informa\u00e7\u00f5es em m\u00e3os, n\u00f3s vamos avisar esses jovens sobre oportunidades de emprego na \u00e1rea em que eles mais se identificam, fazendo esse elo entre o mercado de trabalho e esses jovens\u201d, ressalta.&nbsp;<\/span><\/p>\n<p style=\"text-align: justify;\"><span style=\"font-weight: 400; font-family: arial, helvetica, sans-serif; font-size: 12pt;\">\u201cQuando voc\u00ea trabalha em algo que voc\u00ea gosta, voc\u00ea tende a ser mais feliz e a ser mais produtivo, por isso queremos atrair esses jovens, conversar com eles e tamb\u00e9m orient\u00e1-los sobre o mercado de trabalho\u201d, finaliza Rolim.&nbsp;<\/span><\/p>\n<p style=\"text-align: justify;\">&nbsp;<\/p>\n","protected":false},"excerpt":{"rendered":"<p>Em algum momento algu\u00e9m j\u00e1 te perguntou: \u201co que voc\u00ea quer fazer quando crescer?\u201d. \u00c9, essa pergunta deixa muita gente nervosa e ansiosa sobre o futuro, j\u00e1 que n\u00e3o \u00e9 f\u00e1cil escolher nem mesmo qual filme ver dentre as tantas op\u00e7\u00f5es nas plataformas de streaming, ent\u00e3o quem dir\u00e1 uma profiss\u00e3o para a vida. Pensando nisso, [&hellip;]<\/p>\n","protected":false},"author":2,"featured_media":0,"comment_status":"closed","ping_status":"open","sticky":false,"template":"","format":"standard","meta":{"ngg_post_thumbnail":0,"footnotes":""},"categories":[1],"tags":[],"class_list":["post-6681","post","type-post","status-publish","format-standard","hentry","category-principal"],"yoast_head":"<!-- This site is optimized with the Yoast SEO plugin v27.4 - https:\/\/yoast.com\/product\/yoast-seo-wordpress\/ -->\n<title>Secretaria de Trabalho realiza segunda edi\u00e7\u00e3o do \u2018Programa Primeiro Emprego\u2019 - Prefeitura de Camb\u00e9<\/title>\n<meta name=\"robots\" content=\"index, follow, max-snippet:-1, max-image-preview:large, max-video-preview:-1\" \/>\n<link rel=\"canonical\" href=\"https:\/\/www.cambe.pr.gov.br\/index.php\/secretaria-de-trabalho-realiza-segunda-edicao-do-programa-primeiro-emprego\/\" \/>\n<meta property=\"og:locale\" content=\"pt_BR\" \/>\n<meta property=\"og:type\" content=\"article\" \/>\n<meta property=\"og:title\" content=\"Secretaria de Trabalho realiza segunda edi\u00e7\u00e3o do \u2018Programa Primeiro Emprego\u2019 - Prefeitura de Camb\u00e9\" \/>\n<meta property=\"og:description\" content=\"Em algum momento algu\u00e9m j\u00e1 te perguntou: \u201co que voc\u00ea quer fazer quando crescer?\u201d. \u00c9, essa pergunta deixa muita gente nervosa e ansiosa sobre o futuro, j\u00e1 que n\u00e3o \u00e9 f\u00e1cil escolher nem mesmo qual filme ver dentre as tantas op\u00e7\u00f5es nas plataformas de streaming, ent\u00e3o quem dir\u00e1 uma profiss\u00e3o para a vida. Pensando nisso, [&hellip;]\" \/>\n<meta property=\"og:url\" content=\"https:\/\/www.cambe.pr.gov.br\/index.php\/secretaria-de-trabalho-realiza-segunda-edicao-do-programa-primeiro-emprego\/\" \/>\n<meta property=\"og:site_name\" content=\"Prefeitura de Camb\u00e9\" \/>\n<meta property=\"article:publisher\" content=\"https:\/\/m.facebook.com\/prefeituradecambe\" \/>\n<meta property=\"article:published_time\" content=\"2022-07-11T18:35:55+00:00\" \/>\n<meta property=\"article:modified_time\" content=\"2024-10-07T16:00:58+00:00\" \/>\n<meta property=\"og:image\" content=\"http:\/\/www.cambe.pr.gov.br\/wp-content\/uploads\/2022\/07\/WhatsApp-Image-2022-07-11-at-15.32.51-1024x768.jpeg\" \/>\n<meta name=\"author\" content=\"Thiago Mossini Balbino dos Santos\" \/>\n<meta name=\"twitter:card\" content=\"summary_large_image\" \/>\n<meta name=\"twitter:label1\" content=\"Escrito por\" \/>\n\t<meta name=\"twitter:data1\" content=\"Thiago Mossini Balbino dos Santos\" \/>\n\t<meta name=\"twitter:label2\" content=\"Est. tempo de leitura\" \/>\n\t<meta name=\"twitter:data2\" content=\"2 minutos\" \/>\n<script type=\"application\/ld+json\" class=\"yoast-schema-graph\">{\"@context\":\"https:\\\/\\\/schema.org\",\"@graph\":[{\"@type\":\"Article\",\"@id\":\"https:\\\/\\\/www.cambe.pr.gov.br\\\/index.php\\\/secretaria-de-trabalho-realiza-segunda-edicao-do-programa-primeiro-emprego\\\/#article\",\"isPartOf\":{\"@id\":\"https:\\\/\\\/www.cambe.pr.gov.br\\\/index.php\\\/secretaria-de-trabalho-realiza-segunda-edicao-do-programa-primeiro-emprego\\\/\"},\"author\":{\"name\":\"Thiago Mossini Balbino dos Santos\",\"@id\":\"https:\\\/\\\/www.cambe.pr.gov.br\\\/#\\\/schema\\\/person\\\/e08f7c43a641b2ec036e4e867ec483e4\"},\"headline\":\"Secretaria de Trabalho realiza segunda edi\u00e7\u00e3o do \u2018Programa Primeiro Emprego\u2019\",\"datePublished\":\"2022-07-11T18:35:55+00:00\",\"dateModified\":\"2024-10-07T16:00:58+00:00\",\"mainEntityOfPage\":{\"@id\":\"https:\\\/\\\/www.cambe.pr.gov.br\\\/index.php\\\/secretaria-de-trabalho-realiza-segunda-edicao-do-programa-primeiro-emprego\\\/\"},\"wordCount\":494,\"publisher\":{\"@id\":\"https:\\\/\\\/www.cambe.pr.gov.br\\\/#organization\"},\"image\":{\"@id\":\"https:\\\/\\\/www.cambe.pr.gov.br\\\/index.php\\\/secretaria-de-trabalho-realiza-segunda-edicao-do-programa-primeiro-emprego\\\/#primaryimage\"},\"thumbnailUrl\":\"http:\\\/\\\/www.cambe.pr.gov.br\\\/wp-content\\\/uploads\\\/2022\\\/07\\\/WhatsApp-Image-2022-07-11-at-15.32.51-1024x768.jpeg\",\"articleSection\":[\"Principal\"],\"inLanguage\":\"pt-BR\"},{\"@type\":\"WebPage\",\"@id\":\"https:\\\/\\\/www.cambe.pr.gov.br\\\/index.php\\\/secretaria-de-trabalho-realiza-segunda-edicao-do-programa-primeiro-emprego\\\/\",\"url\":\"https:\\\/\\\/www.cambe.pr.gov.br\\\/index.php\\\/secretaria-de-trabalho-realiza-segunda-edicao-do-programa-primeiro-emprego\\\/\",\"name\":\"Secretaria de Trabalho realiza segunda edi\u00e7\u00e3o do \u2018Programa Primeiro Emprego\u2019 - Prefeitura de Camb\u00e9\",\"isPartOf\":{\"@id\":\"https:\\\/\\\/www.cambe.pr.gov.br\\\/#website\"},\"primaryImageOfPage\":{\"@id\":\"https:\\\/\\\/www.cambe.pr.gov.br\\\/index.php\\\/secretaria-de-trabalho-realiza-segunda-edicao-do-programa-primeiro-emprego\\\/#primaryimage\"},\"image\":{\"@id\":\"https:\\\/\\\/www.cambe.pr.gov.br\\\/index.php\\\/secretaria-de-trabalho-realiza-segunda-edicao-do-programa-primeiro-emprego\\\/#primaryimage\"},\"thumbnailUrl\":\"http:\\\/\\\/www.cambe.pr.gov.br\\\/wp-content\\\/uploads\\\/2022\\\/07\\\/WhatsApp-Image-2022-07-11-at-15.32.51-1024x768.jpeg\",\"datePublished\":\"2022-07-11T18:35:55+00:00\",\"dateModified\":\"2024-10-07T16:00:58+00:00\",\"breadcrumb\":{\"@id\":\"https:\\\/\\\/www.cambe.pr.gov.br\\\/index.php\\\/secretaria-de-trabalho-realiza-segunda-edicao-do-programa-primeiro-emprego\\\/#breadcrumb\"},\"inLanguage\":\"pt-BR\",\"potentialAction\":[{\"@type\":\"ReadAction\",\"target\":[\"https:\\\/\\\/www.cambe.pr.gov.br\\\/index.php\\\/secretaria-de-trabalho-realiza-segunda-edicao-do-programa-primeiro-emprego\\\/\"]}]},{\"@type\":\"ImageObject\",\"inLanguage\":\"pt-BR\",\"@id\":\"https:\\\/\\\/www.cambe.pr.gov.br\\\/index.php\\\/secretaria-de-trabalho-realiza-segunda-edicao-do-programa-primeiro-emprego\\\/#primaryimage\",\"url\":\"http:\\\/\\\/www.cambe.pr.gov.br\\\/wp-content\\\/uploads\\\/2022\\\/07\\\/WhatsApp-Image-2022-07-11-at-15.32.51-1024x768.jpeg\",\"contentUrl\":\"http:\\\/\\\/www.cambe.pr.gov.br\\\/wp-content\\\/uploads\\\/2022\\\/07\\\/WhatsApp-Image-2022-07-11-at-15.32.51-1024x768.jpeg\"},{\"@type\":\"BreadcrumbList\",\"@id\":\"https:\\\/\\\/www.cambe.pr.gov.br\\\/index.php\\\/secretaria-de-trabalho-realiza-segunda-edicao-do-programa-primeiro-emprego\\\/#breadcrumb\",\"itemListElement\":[{\"@type\":\"ListItem\",\"position\":1,\"name\":\"In\u00edcio\",\"item\":\"https:\\\/\\\/www.cambe.pr.gov.br\\\/\"},{\"@type\":\"ListItem\",\"position\":2,\"name\":\"Secretaria de Trabalho realiza segunda edi\u00e7\u00e3o do \u2018Programa Primeiro Emprego\u2019\"}]},{\"@type\":\"WebSite\",\"@id\":\"https:\\\/\\\/www.cambe.pr.gov.br\\\/#website\",\"url\":\"https:\\\/\\\/www.cambe.pr.gov.br\\\/\",\"name\":\"Prefeitura de Camb\u00e9\",\"description\":\"UM GOVERNO PARA TODOS\",\"publisher\":{\"@id\":\"https:\\\/\\\/www.cambe.pr.gov.br\\\/#organization\"},\"potentialAction\":[{\"@type\":\"SearchAction\",\"target\":{\"@type\":\"EntryPoint\",\"urlTemplate\":\"https:\\\/\\\/www.cambe.pr.gov.br\\\/?s={search_term_string}\"},\"query-input\":{\"@type\":\"PropertyValueSpecification\",\"valueRequired\":true,\"valueName\":\"search_term_string\"}}],\"inLanguage\":\"pt-BR\"},{\"@type\":\"Organization\",\"@id\":\"https:\\\/\\\/www.cambe.pr.gov.br\\\/#organization\",\"name\":\"Prefeitura de Camb\u00e9\",\"url\":\"https:\\\/\\\/www.cambe.pr.gov.br\\\/\",\"logo\":{\"@type\":\"ImageObject\",\"inLanguage\":\"pt-BR\",\"@id\":\"https:\\\/\\\/www.cambe.pr.gov.br\\\/#\\\/schema\\\/logo\\\/image\\\/\",\"url\":\"https:\\\/\\\/www.cambe.pr.gov.br\\\/wp-content\\\/uploads\\\/2021\\\/01\\\/cropped-cropped-cambe_brazao-icone.png\",\"contentUrl\":\"https:\\\/\\\/www.cambe.pr.gov.br\\\/wp-content\\\/uploads\\\/2021\\\/01\\\/cropped-cropped-cambe_brazao-icone.png\",\"width\":240,\"height\":240,\"caption\":\"Prefeitura de Camb\u00e9\"},\"image\":{\"@id\":\"https:\\\/\\\/www.cambe.pr.gov.br\\\/#\\\/schema\\\/logo\\\/image\\\/\"},\"sameAs\":[\"https:\\\/\\\/m.facebook.com\\\/prefeituradecambe\"]},{\"@type\":\"Person\",\"@id\":\"https:\\\/\\\/www.cambe.pr.gov.br\\\/#\\\/schema\\\/person\\\/e08f7c43a641b2ec036e4e867ec483e4\",\"name\":\"Thiago Mossini Balbino dos Santos\",\"image\":{\"@type\":\"ImageObject\",\"inLanguage\":\"pt-BR\",\"@id\":\"https:\\\/\\\/secure.gravatar.com\\\/avatar\\\/d957ed4e1bc3ebf5769d1003f9709cd2012ebf424eb4a5d76a933fee30e874b6?s=96&d=mm&r=g\",\"url\":\"https:\\\/\\\/secure.gravatar.com\\\/avatar\\\/d957ed4e1bc3ebf5769d1003f9709cd2012ebf424eb4a5d76a933fee30e874b6?s=96&d=mm&r=g\",\"contentUrl\":\"https:\\\/\\\/secure.gravatar.com\\\/avatar\\\/d957ed4e1bc3ebf5769d1003f9709cd2012ebf424eb4a5d76a933fee30e874b6?s=96&d=mm&r=g\",\"caption\":\"Thiago Mossini Balbino dos Santos\"},\"url\":\"https:\\\/\\\/www.cambe.pr.gov.br\\\/index.php\\\/author\\\/tmbsantos\\\/\"}]}<\/script>\n<!-- \/ Yoast SEO plugin. -->","yoast_head_json":{"title":"Secretaria de Trabalho realiza segunda edi\u00e7\u00e3o do \u2018Programa Primeiro Emprego\u2019 - Prefeitura de Camb\u00e9","robots":{"index":"index","follow":"follow","max-snippet":"max-snippet:-1","max-image-preview":"max-image-preview:large","max-video-preview":"max-video-preview:-1"},"canonical":"https:\/\/www.cambe.pr.gov.br\/index.php\/secretaria-de-trabalho-realiza-segunda-edicao-do-programa-primeiro-emprego\/","og_locale":"pt_BR","og_type":"article","og_title":"Secretaria de Trabalho realiza segunda edi\u00e7\u00e3o do \u2018Programa Primeiro Emprego\u2019 - Prefeitura de Camb\u00e9","og_description":"Em algum momento algu\u00e9m j\u00e1 te perguntou: \u201co que voc\u00ea quer fazer quando crescer?\u201d. \u00c9, essa pergunta deixa muita gente nervosa e ansiosa sobre o futuro, j\u00e1 que n\u00e3o \u00e9 f\u00e1cil escolher nem mesmo qual filme ver dentre as tantas op\u00e7\u00f5es nas plataformas de streaming, ent\u00e3o quem dir\u00e1 uma profiss\u00e3o para a vida. Pensando nisso, [&hellip;]","og_url":"https:\/\/www.cambe.pr.gov.br\/index.php\/secretaria-de-trabalho-realiza-segunda-edicao-do-programa-primeiro-emprego\/","og_site_name":"Prefeitura de Camb\u00e9","article_publisher":"https:\/\/m.facebook.com\/prefeituradecambe","article_published_time":"2022-07-11T18:35:55+00:00","article_modified_time":"2024-10-07T16:00:58+00:00","og_image":[{"url":"http:\/\/www.cambe.pr.gov.br\/wp-content\/uploads\/2022\/07\/WhatsApp-Image-2022-07-11-at-15.32.51-1024x768.jpeg","type":"","width":"","height":""}],"author":"Thiago Mossini Balbino dos Santos","twitter_card":"summary_large_image","twitter_misc":{"Escrito por":"Thiago Mossini Balbino dos Santos","Est. tempo de leitura":"2 minutos"},"schema":{"@context":"https:\/\/schema.org","@graph":[{"@type":"Article","@id":"https:\/\/www.cambe.pr.gov.br\/index.php\/secretaria-de-trabalho-realiza-segunda-edicao-do-programa-primeiro-emprego\/#article","isPartOf":{"@id":"https:\/\/www.cambe.pr.gov.br\/index.php\/secretaria-de-trabalho-realiza-segunda-edicao-do-programa-primeiro-emprego\/"},"author":{"name":"Thiago Mossini Balbino dos Santos","@id":"https:\/\/www.cambe.pr.gov.br\/#\/schema\/person\/e08f7c43a641b2ec036e4e867ec483e4"},"headline":"Secretaria de Trabalho realiza segunda edi\u00e7\u00e3o do \u2018Programa Primeiro Emprego\u2019","datePublished":"2022-07-11T18:35:55+00:00","dateModified":"2024-10-07T16:00:58+00:00","mainEntityOfPage":{"@id":"https:\/\/www.cambe.pr.gov.br\/index.php\/secretaria-de-trabalho-realiza-segunda-edicao-do-programa-primeiro-emprego\/"},"wordCount":494,"publisher":{"@id":"https:\/\/www.cambe.pr.gov.br\/#organization"},"image":{"@id":"https:\/\/www.cambe.pr.gov.br\/index.php\/secretaria-de-trabalho-realiza-segunda-edicao-do-programa-primeiro-emprego\/#primaryimage"},"thumbnailUrl":"http:\/\/www.cambe.pr.gov.br\/wp-content\/uploads\/2022\/07\/WhatsApp-Image-2022-07-11-at-15.32.51-1024x768.jpeg","articleSection":["Principal"],"inLanguage":"pt-BR"},{"@type":"WebPage","@id":"https:\/\/www.cambe.pr.gov.br\/index.php\/secretaria-de-trabalho-realiza-segunda-edicao-do-programa-primeiro-emprego\/","url":"https:\/\/www.cambe.pr.gov.br\/index.php\/secretaria-de-trabalho-realiza-segunda-edicao-do-programa-primeiro-emprego\/","name":"Secretaria de Trabalho realiza segunda edi\u00e7\u00e3o do \u2018Programa Primeiro Emprego\u2019 - Prefeitura de Camb\u00e9","isPartOf":{"@id":"https:\/\/www.cambe.pr.gov.br\/#website"},"primaryImageOfPage":{"@id":"https:\/\/www.cambe.pr.gov.br\/index.php\/secretaria-de-trabalho-realiza-segunda-edicao-do-programa-primeiro-emprego\/#primaryimage"},"image":{"@id":"https:\/\/www.cambe.pr.gov.br\/index.php\/secretaria-de-trabalho-realiza-segunda-edicao-do-programa-primeiro-emprego\/#primaryimage"},"thumbnailUrl":"http:\/\/www.cambe.pr.gov.br\/wp-content\/uploads\/2022\/07\/WhatsApp-Image-2022-07-11-at-15.32.51-1024x768.jpeg","datePublished":"2022-07-11T18:35:55+00:00","dateModified":"2024-10-07T16:00:58+00:00","breadcrumb":{"@id":"https:\/\/www.cambe.pr.gov.br\/index.php\/secretaria-de-trabalho-realiza-segunda-edicao-do-programa-primeiro-emprego\/#breadcrumb"},"inLanguage":"pt-BR","potentialAction":[{"@type":"ReadAction","target":["https:\/\/www.cambe.pr.gov.br\/index.php\/secretaria-de-trabalho-realiza-segunda-edicao-do-programa-primeiro-emprego\/"]}]},{"@type":"ImageObject","inLanguage":"pt-BR","@id":"https:\/\/www.cambe.pr.gov.br\/index.php\/secretaria-de-trabalho-realiza-segunda-edicao-do-programa-primeiro-emprego\/#primaryimage","url":"http:\/\/www.cambe.pr.gov.br\/wp-content\/uploads\/2022\/07\/WhatsApp-Image-2022-07-11-at-15.32.51-1024x768.jpeg","contentUrl":"http:\/\/www.cambe.pr.gov.br\/wp-content\/uploads\/2022\/07\/WhatsApp-Image-2022-07-11-at-15.32.51-1024x768.jpeg"},{"@type":"BreadcrumbList","@id":"https:\/\/www.cambe.pr.gov.br\/index.php\/secretaria-de-trabalho-realiza-segunda-edicao-do-programa-primeiro-emprego\/#breadcrumb","itemListElement":[{"@type":"ListItem","position":1,"name":"In\u00edcio","item":"https:\/\/www.cambe.pr.gov.br\/"},{"@type":"ListItem","position":2,"name":"Secretaria de Trabalho realiza segunda edi\u00e7\u00e3o do \u2018Programa Primeiro Emprego\u2019"}]},{"@type":"WebSite","@id":"https:\/\/www.cambe.pr.gov.br\/#website","url":"https:\/\/www.cambe.pr.gov.br\/","name":"Prefeitura de Camb\u00e9","description":"UM GOVERNO PARA TODOS","publisher":{"@id":"https:\/\/www.cambe.pr.gov.br\/#organization"},"potentialAction":[{"@type":"SearchAction","target":{"@type":"EntryPoint","urlTemplate":"https:\/\/www.cambe.pr.gov.br\/?s={search_term_string}"},"query-input":{"@type":"PropertyValueSpecification","valueRequired":true,"valueName":"search_term_string"}}],"inLanguage":"pt-BR"},{"@type":"Organization","@id":"https:\/\/www.cambe.pr.gov.br\/#organization","name":"Prefeitura de Camb\u00e9","url":"https:\/\/www.cambe.pr.gov.br\/","logo":{"@type":"ImageObject","inLanguage":"pt-BR","@id":"https:\/\/www.cambe.pr.gov.br\/#\/schema\/logo\/image\/","url":"https:\/\/www.cambe.pr.gov.br\/wp-content\/uploads\/2021\/01\/cropped-cropped-cambe_brazao-icone.png","contentUrl":"https:\/\/www.cambe.pr.gov.br\/wp-content\/uploads\/2021\/01\/cropped-cropped-cambe_brazao-icone.png","width":240,"height":240,"caption":"Prefeitura de Camb\u00e9"},"image":{"@id":"https:\/\/www.cambe.pr.gov.br\/#\/schema\/logo\/image\/"},"sameAs":["https:\/\/m.facebook.com\/prefeituradecambe"]},{"@type":"Person","@id":"https:\/\/www.cambe.pr.gov.br\/#\/schema\/person\/e08f7c43a641b2ec036e4e867ec483e4","name":"Thiago Mossini Balbino dos Santos","image":{"@type":"ImageObject","inLanguage":"pt-BR","@id":"https:\/\/secure.gravatar.com\/avatar\/d957ed4e1bc3ebf5769d1003f9709cd2012ebf424eb4a5d76a933fee30e874b6?s=96&d=mm&r=g","url":"https:\/\/secure.gravatar.com\/avatar\/d957ed4e1bc3ebf5769d1003f9709cd2012ebf424eb4a5d76a933fee30e874b6?s=96&d=mm&r=g","contentUrl":"https:\/\/secure.gravatar.com\/avatar\/d957ed4e1bc3ebf5769d1003f9709cd2012ebf424eb4a5d76a933fee30e874b6?s=96&d=mm&r=g","caption":"Thiago Mossini Balbino dos Santos"},"url":"https:\/\/www.cambe.pr.gov.br\/index.php\/author\/tmbsantos\/"}]}},"_links":{"self":[{"href":"https:\/\/www.cambe.pr.gov.br\/index.php\/wp-json\/wp\/v2\/posts\/6681","targetHints":{"allow":["GET"]}}],"collection":[{"href":"https:\/\/www.cambe.pr.gov.br\/index.php\/wp-json\/wp\/v2\/posts"}],"about":[{"href":"https:\/\/www.cambe.pr.gov.br\/index.php\/wp-json\/wp\/v2\/types\/post"}],"author":[{"embeddable":true,"href":"https:\/\/www.cambe.pr.gov.br\/index.php\/wp-json\/wp\/v2\/users\/2"}],"replies":[{"embeddable":true,"href":"https:\/\/www.cambe.pr.gov.br\/index.php\/wp-json\/wp\/v2\/comments?post=6681"}],"version-history":[{"count":5,"href":"https:\/\/www.cambe.pr.gov.br\/index.php\/wp-json\/wp\/v2\/posts\/6681\/revisions"}],"predecessor-version":[{"id":6697,"href":"https:\/\/www.cambe.pr.gov.br\/index.php\/wp-json\/wp\/v2\/posts\/6681\/revisions\/6697"}],"wp:attachment":[{"href":"https:\/\/www.cambe.pr.gov.br\/index.php\/wp-json\/wp\/v2\/media?parent=6681"}],"wp:term":[{"taxonomy":"category","embeddable":true,"href":"https:\/\/www.cambe.pr.gov.br\/index.php\/wp-json\/wp\/v2\/categories?post=6681"},{"taxonomy":"post_tag","embeddable":true,"href":"https:\/\/www.cambe.pr.gov.br\/index.php\/wp-json\/wp\/v2\/tags?post=6681"}],"curies":[{"name":"wp","href":"https:\/\/api.w.org\/{rel}","templated":true}]}}