{"id":6668,"date":"2022-07-12T10:13:23","date_gmt":"2022-07-12T13:13:23","guid":{"rendered":"http:\/\/www.cambe.pr.gov.br\/?p=6668"},"modified":"2024-10-07T13:00:58","modified_gmt":"2024-10-07T16:00:58","slug":"saude-cambe-zera-fila-de-espera-de-homens-por-cirurgia-de-vasectomia","status":"publish","type":"post","link":"https:\/\/www.cambe.pr.gov.br\/index.php\/saude-cambe-zera-fila-de-espera-de-homens-por-cirurgia-de-vasectomia\/","title":{"rendered":"Sa\u00fade: Camb\u00e9 zera fila de espera de homens por cirurgia de vasectomia"},"content":{"rendered":"<p><img fetchpriority=\"high\" decoding=\"async\" class=\"alignleft wp-image-6703 size-large\" src=\"https:\/\/www.cambe.pr.gov.br\/wp-content\/uploads\/2022\/07\/unrecognizable-female-doctor-sitting-on-couch-with-male-patient-and-filling-form-1024x683.jpg\" alt=\"\" width=\"610\" height=\"407\" srcset=\"https:\/\/www.cambe.pr.gov.br\/wp-content\/uploads\/2022\/07\/unrecognizable-female-doctor-sitting-on-couch-with-male-patient-and-filling-form-1024x683.jpg 1024w, https:\/\/www.cambe.pr.gov.br\/wp-content\/uploads\/2022\/07\/unrecognizable-female-doctor-sitting-on-couch-with-male-patient-and-filling-form-300x200.jpg 300w, https:\/\/www.cambe.pr.gov.br\/wp-content\/uploads\/2022\/07\/unrecognizable-female-doctor-sitting-on-couch-with-male-patient-and-filling-form-768x513.jpg 768w, https:\/\/www.cambe.pr.gov.br\/wp-content\/uploads\/2022\/07\/unrecognizable-female-doctor-sitting-on-couch-with-male-patient-and-filling-form-1536x1025.jpg 1536w, https:\/\/www.cambe.pr.gov.br\/wp-content\/uploads\/2022\/07\/unrecognizable-female-doctor-sitting-on-couch-with-male-patient-and-filling-form-2048x1367.jpg 2048w\" sizes=\"(max-width: 610px) 100vw, 610px\" \/><\/p>\n<p style=\"text-align: justify;\"><span style=\"font-weight: 400; font-family: arial, helvetica, sans-serif;\">Camb\u00e9 zerou a fila de espera dos homens cambeenses interessados em fazer a vasectomia. De acordo com a Secretaria de Sa\u00fade, o tempo de espera para esse procedimento chegou a alcan\u00e7ar tr\u00eas anos, principalmente por conta da suspens\u00e3o de cirurgias eletivas durante a pandemia. Em 12 meses, foram realizadas 265 cirurgias de esteriliza\u00e7\u00e3o em homens, por meio de uma parceria entre o munic\u00edpio e o Cons\u00f3rcio Intermunicipal de Sa\u00fade do M\u00e9dio Paranapanema (Cismepar).<\/span><\/p>\n<p style=\"text-align: justify;\"><span style=\"font-weight: 400; font-family: arial, helvetica, sans-serif;\">Segundo Priscila Moraes, coordenadora da Aten\u00e7\u00e3o Especializada da Secretaria de Sa\u00fade, do primeiro contato at\u00e9 a realiza\u00e7\u00e3o do procedimento, h\u00e1 um prazo m\u00ednimo de dois meses. \u201cComo agora zeramos a fila de espera, os homens interessados em realizar a esteriliza\u00e7\u00e3o s\u00f3 v\u00e3o precisar aguardar esse per\u00edodo e depois a cirurgia j\u00e1 pode ser realizada\u201d, ressalta. Tamb\u00e9m de acordo com a enfermeira, a vasectomia \u00e9 um procedimento muito mais simples e tranquilo do que a laqueadura, que \u00e9 realizada em mulheres. Al\u00e9m disso, esses s\u00e3o m\u00e9todos contraceptivos, ou seja, que evitam uma gesta\u00e7\u00e3o, entretanto, n\u00e3o impedem o cont\u00e1gio por Infec\u00e7\u00f5es Sexualmente Transmiss\u00edveis e, dessa forma, devem ser aliados aos m\u00e9todos de barreira, como o preservativo.<\/span><\/p>\n<p style=\"text-align: justify;\"><span style=\"font-weight: 400; font-family: arial, helvetica, sans-serif;\">Priscila Moraes explica que a vasectomia \u00e9 um procedimento de esteriliza\u00e7\u00e3o de homens que n\u00e3o querem mais ter filhos. De acordo com ela, essa parceria com o Cismepar zerou o n\u00famero de homens que aguardavam pelo procedimento. O cons\u00f3rcio foi respons\u00e1vel por ceder o ambulat\u00f3rio para a realiza\u00e7\u00e3o da cirurgia e o munic\u00edpio disponibilizou os urologistas, profissionais respons\u00e1veis por esse tipo de procedimento.&nbsp;<\/span><\/p>\n<p style=\"text-align: justify;\"><span style=\"font-weight: 400; font-family: arial, helvetica, sans-serif;\">A coordenadora tamb\u00e9m destaca que a parceria come\u00e7ou em fevereiro de 2020, mas teve que ser adiada por conta da pandemia, retomando apenas em mar\u00e7o do ano passado. De mar\u00e7o de 2021 a mar\u00e7o de 2022, foram realizadas 265 cirurgias desse tipo, uma m\u00e9dia de 22 procedimentos a cada m\u00eas. \u201cA cirurgia \u00e9 simples, dura cerca de 30 minutos e o paciente j\u00e1 \u00e9 encaminhado para casa. Ele deve ficar de repouso nos primeiros dias e depois fazer uma nova avalia\u00e7\u00e3o com o urologista\u201d, explica. Tamb\u00e9m de acordo com ela, a vasectomia n\u00e3o causa altera\u00e7\u00f5es f\u00edsicas e n\u00e3o interfere no desempenho sexual do homens.&nbsp;<\/span><\/p>\n<p style=\"text-align: justify;\"><span style=\"font-weight: 400; font-family: arial, helvetica, sans-serif;\">Por lei, apenas homens com mais de 25 anos ou com pelo menos dois filhos podem realizar o procedimento. \u201cApesar de ser considerado um m\u00e9todo revers\u00edvel, o paciente deve estar muito ciente da decis\u00e3o, j\u00e1 que em alguns casos n\u00e3o h\u00e1 como reverter\u201d, pontua. Por conta disso, os homens interessados em realizar o procedimento devem ir at\u00e9 uma Unidade B\u00e1sica de Sa\u00fade e agendar uma conversa com os profissionais respons\u00e1veis pelo planejamento familiar. \u201cDepois desse primeiro passo, o casal (ou o homem, no caso dos solteiros) recebe orienta\u00e7\u00f5es a respeito do m\u00e9todo, preenche os documentos necess\u00e1rios, passa pela avalia\u00e7\u00e3o de uma comiss\u00e3o formada por profissionais da \u00e1rea e s\u00f3 ent\u00e3o \u00e9 feito o agendamento\u201d, detalha.&nbsp;<\/span><\/p>\n<p style=\"text-align: justify;\">&nbsp;<\/p>\n","protected":false},"excerpt":{"rendered":"<p>Camb\u00e9 zerou a fila de espera dos homens cambeenses interessados em fazer a vasectomia. De acordo com a Secretaria de Sa\u00fade, o tempo de espera para esse procedimento chegou a alcan\u00e7ar tr\u00eas anos, principalmente por conta da suspens\u00e3o de cirurgias eletivas durante a pandemia. Em 12 meses, foram realizadas 265 cirurgias de esteriliza\u00e7\u00e3o em homens, [&hellip;]<\/p>\n","protected":false},"author":2,"featured_media":0,"comment_status":"closed","ping_status":"open","sticky":false,"template":"","format":"standard","meta":{"ngg_post_thumbnail":0,"footnotes":""},"categories":[1],"tags":[],"class_list":["post-6668","post","type-post","status-publish","format-standard","hentry","category-principal"],"yoast_head":"<!-- This site is optimized with the Yoast SEO plugin v27.4 - https:\/\/yoast.com\/product\/yoast-seo-wordpress\/ -->\n<title>Sa\u00fade: Camb\u00e9 zera fila de espera de homens por cirurgia de vasectomia - Prefeitura de Camb\u00e9<\/title>\n<meta name=\"robots\" content=\"index, follow, max-snippet:-1, max-image-preview:large, max-video-preview:-1\" \/>\n<link rel=\"canonical\" href=\"https:\/\/www.cambe.pr.gov.br\/index.php\/saude-cambe-zera-fila-de-espera-de-homens-por-cirurgia-de-vasectomia\/\" \/>\n<meta property=\"og:locale\" content=\"pt_BR\" \/>\n<meta property=\"og:type\" content=\"article\" \/>\n<meta property=\"og:title\" content=\"Sa\u00fade: Camb\u00e9 zera fila de espera de homens por cirurgia de vasectomia - Prefeitura de Camb\u00e9\" \/>\n<meta property=\"og:description\" content=\"Camb\u00e9 zerou a fila de espera dos homens cambeenses interessados em fazer a vasectomia. De acordo com a Secretaria de Sa\u00fade, o tempo de espera para esse procedimento chegou a alcan\u00e7ar tr\u00eas anos, principalmente por conta da suspens\u00e3o de cirurgias eletivas durante a pandemia. Em 12 meses, foram realizadas 265 cirurgias de esteriliza\u00e7\u00e3o em homens, [&hellip;]\" \/>\n<meta property=\"og:url\" content=\"https:\/\/www.cambe.pr.gov.br\/index.php\/saude-cambe-zera-fila-de-espera-de-homens-por-cirurgia-de-vasectomia\/\" \/>\n<meta property=\"og:site_name\" content=\"Prefeitura de Camb\u00e9\" \/>\n<meta property=\"article:publisher\" content=\"https:\/\/m.facebook.com\/prefeituradecambe\" \/>\n<meta property=\"article:published_time\" content=\"2022-07-12T13:13:23+00:00\" \/>\n<meta property=\"article:modified_time\" content=\"2024-10-07T16:00:58+00:00\" \/>\n<meta property=\"og:image\" content=\"http:\/\/www.cambe.pr.gov.br\/wp-content\/uploads\/2022\/07\/unrecognizable-female-doctor-sitting-on-couch-with-male-patient-and-filling-form-1024x683.jpg\" \/>\n<meta name=\"author\" content=\"Thiago Mossini Balbino dos Santos\" \/>\n<meta name=\"twitter:card\" content=\"summary_large_image\" \/>\n<meta name=\"twitter:label1\" content=\"Escrito por\" \/>\n\t<meta name=\"twitter:data1\" content=\"Thiago Mossini Balbino dos Santos\" \/>\n\t<meta name=\"twitter:label2\" content=\"Est. tempo de leitura\" \/>\n\t<meta name=\"twitter:data2\" content=\"3 minutos\" \/>\n<script type=\"application\/ld+json\" class=\"yoast-schema-graph\">{\"@context\":\"https:\\\/\\\/schema.org\",\"@graph\":[{\"@type\":\"Article\",\"@id\":\"https:\\\/\\\/www.cambe.pr.gov.br\\\/index.php\\\/saude-cambe-zera-fila-de-espera-de-homens-por-cirurgia-de-vasectomia\\\/#article\",\"isPartOf\":{\"@id\":\"https:\\\/\\\/www.cambe.pr.gov.br\\\/index.php\\\/saude-cambe-zera-fila-de-espera-de-homens-por-cirurgia-de-vasectomia\\\/\"},\"author\":{\"name\":\"Thiago Mossini Balbino dos Santos\",\"@id\":\"https:\\\/\\\/www.cambe.pr.gov.br\\\/#\\\/schema\\\/person\\\/e08f7c43a641b2ec036e4e867ec483e4\"},\"headline\":\"Sa\u00fade: Camb\u00e9 zera fila de espera de homens por cirurgia de vasectomia\",\"datePublished\":\"2022-07-12T13:13:23+00:00\",\"dateModified\":\"2024-10-07T16:00:58+00:00\",\"mainEntityOfPage\":{\"@id\":\"https:\\\/\\\/www.cambe.pr.gov.br\\\/index.php\\\/saude-cambe-zera-fila-de-espera-de-homens-por-cirurgia-de-vasectomia\\\/\"},\"wordCount\":532,\"publisher\":{\"@id\":\"https:\\\/\\\/www.cambe.pr.gov.br\\\/#organization\"},\"image\":{\"@id\":\"https:\\\/\\\/www.cambe.pr.gov.br\\\/index.php\\\/saude-cambe-zera-fila-de-espera-de-homens-por-cirurgia-de-vasectomia\\\/#primaryimage\"},\"thumbnailUrl\":\"http:\\\/\\\/www.cambe.pr.gov.br\\\/wp-content\\\/uploads\\\/2022\\\/07\\\/unrecognizable-female-doctor-sitting-on-couch-with-male-patient-and-filling-form-1024x683.jpg\",\"articleSection\":[\"Principal\"],\"inLanguage\":\"pt-BR\"},{\"@type\":\"WebPage\",\"@id\":\"https:\\\/\\\/www.cambe.pr.gov.br\\\/index.php\\\/saude-cambe-zera-fila-de-espera-de-homens-por-cirurgia-de-vasectomia\\\/\",\"url\":\"https:\\\/\\\/www.cambe.pr.gov.br\\\/index.php\\\/saude-cambe-zera-fila-de-espera-de-homens-por-cirurgia-de-vasectomia\\\/\",\"name\":\"Sa\u00fade: Camb\u00e9 zera fila de espera de homens por cirurgia de vasectomia - Prefeitura de Camb\u00e9\",\"isPartOf\":{\"@id\":\"https:\\\/\\\/www.cambe.pr.gov.br\\\/#website\"},\"primaryImageOfPage\":{\"@id\":\"https:\\\/\\\/www.cambe.pr.gov.br\\\/index.php\\\/saude-cambe-zera-fila-de-espera-de-homens-por-cirurgia-de-vasectomia\\\/#primaryimage\"},\"image\":{\"@id\":\"https:\\\/\\\/www.cambe.pr.gov.br\\\/index.php\\\/saude-cambe-zera-fila-de-espera-de-homens-por-cirurgia-de-vasectomia\\\/#primaryimage\"},\"thumbnailUrl\":\"http:\\\/\\\/www.cambe.pr.gov.br\\\/wp-content\\\/uploads\\\/2022\\\/07\\\/unrecognizable-female-doctor-sitting-on-couch-with-male-patient-and-filling-form-1024x683.jpg\",\"datePublished\":\"2022-07-12T13:13:23+00:00\",\"dateModified\":\"2024-10-07T16:00:58+00:00\",\"breadcrumb\":{\"@id\":\"https:\\\/\\\/www.cambe.pr.gov.br\\\/index.php\\\/saude-cambe-zera-fila-de-espera-de-homens-por-cirurgia-de-vasectomia\\\/#breadcrumb\"},\"inLanguage\":\"pt-BR\",\"potentialAction\":[{\"@type\":\"ReadAction\",\"target\":[\"https:\\\/\\\/www.cambe.pr.gov.br\\\/index.php\\\/saude-cambe-zera-fila-de-espera-de-homens-por-cirurgia-de-vasectomia\\\/\"]}]},{\"@type\":\"ImageObject\",\"inLanguage\":\"pt-BR\",\"@id\":\"https:\\\/\\\/www.cambe.pr.gov.br\\\/index.php\\\/saude-cambe-zera-fila-de-espera-de-homens-por-cirurgia-de-vasectomia\\\/#primaryimage\",\"url\":\"http:\\\/\\\/www.cambe.pr.gov.br\\\/wp-content\\\/uploads\\\/2022\\\/07\\\/unrecognizable-female-doctor-sitting-on-couch-with-male-patient-and-filling-form-1024x683.jpg\",\"contentUrl\":\"http:\\\/\\\/www.cambe.pr.gov.br\\\/wp-content\\\/uploads\\\/2022\\\/07\\\/unrecognizable-female-doctor-sitting-on-couch-with-male-patient-and-filling-form-1024x683.jpg\"},{\"@type\":\"BreadcrumbList\",\"@id\":\"https:\\\/\\\/www.cambe.pr.gov.br\\\/index.php\\\/saude-cambe-zera-fila-de-espera-de-homens-por-cirurgia-de-vasectomia\\\/#breadcrumb\",\"itemListElement\":[{\"@type\":\"ListItem\",\"position\":1,\"name\":\"In\u00edcio\",\"item\":\"https:\\\/\\\/www.cambe.pr.gov.br\\\/\"},{\"@type\":\"ListItem\",\"position\":2,\"name\":\"Sa\u00fade: Camb\u00e9 zera fila de espera de homens por cirurgia de vasectomia\"}]},{\"@type\":\"WebSite\",\"@id\":\"https:\\\/\\\/www.cambe.pr.gov.br\\\/#website\",\"url\":\"https:\\\/\\\/www.cambe.pr.gov.br\\\/\",\"name\":\"Prefeitura de Camb\u00e9\",\"description\":\"UM GOVERNO PARA TODOS\",\"publisher\":{\"@id\":\"https:\\\/\\\/www.cambe.pr.gov.br\\\/#organization\"},\"potentialAction\":[{\"@type\":\"SearchAction\",\"target\":{\"@type\":\"EntryPoint\",\"urlTemplate\":\"https:\\\/\\\/www.cambe.pr.gov.br\\\/?s={search_term_string}\"},\"query-input\":{\"@type\":\"PropertyValueSpecification\",\"valueRequired\":true,\"valueName\":\"search_term_string\"}}],\"inLanguage\":\"pt-BR\"},{\"@type\":\"Organization\",\"@id\":\"https:\\\/\\\/www.cambe.pr.gov.br\\\/#organization\",\"name\":\"Prefeitura de Camb\u00e9\",\"url\":\"https:\\\/\\\/www.cambe.pr.gov.br\\\/\",\"logo\":{\"@type\":\"ImageObject\",\"inLanguage\":\"pt-BR\",\"@id\":\"https:\\\/\\\/www.cambe.pr.gov.br\\\/#\\\/schema\\\/logo\\\/image\\\/\",\"url\":\"https:\\\/\\\/www.cambe.pr.gov.br\\\/wp-content\\\/uploads\\\/2021\\\/01\\\/cropped-cropped-cambe_brazao-icone.png\",\"contentUrl\":\"https:\\\/\\\/www.cambe.pr.gov.br\\\/wp-content\\\/uploads\\\/2021\\\/01\\\/cropped-cropped-cambe_brazao-icone.png\",\"width\":240,\"height\":240,\"caption\":\"Prefeitura de Camb\u00e9\"},\"image\":{\"@id\":\"https:\\\/\\\/www.cambe.pr.gov.br\\\/#\\\/schema\\\/logo\\\/image\\\/\"},\"sameAs\":[\"https:\\\/\\\/m.facebook.com\\\/prefeituradecambe\"]},{\"@type\":\"Person\",\"@id\":\"https:\\\/\\\/www.cambe.pr.gov.br\\\/#\\\/schema\\\/person\\\/e08f7c43a641b2ec036e4e867ec483e4\",\"name\":\"Thiago Mossini Balbino dos Santos\",\"image\":{\"@type\":\"ImageObject\",\"inLanguage\":\"pt-BR\",\"@id\":\"https:\\\/\\\/secure.gravatar.com\\\/avatar\\\/d957ed4e1bc3ebf5769d1003f9709cd2012ebf424eb4a5d76a933fee30e874b6?s=96&d=mm&r=g\",\"url\":\"https:\\\/\\\/secure.gravatar.com\\\/avatar\\\/d957ed4e1bc3ebf5769d1003f9709cd2012ebf424eb4a5d76a933fee30e874b6?s=96&d=mm&r=g\",\"contentUrl\":\"https:\\\/\\\/secure.gravatar.com\\\/avatar\\\/d957ed4e1bc3ebf5769d1003f9709cd2012ebf424eb4a5d76a933fee30e874b6?s=96&d=mm&r=g\",\"caption\":\"Thiago Mossini Balbino dos Santos\"},\"url\":\"https:\\\/\\\/www.cambe.pr.gov.br\\\/index.php\\\/author\\\/tmbsantos\\\/\"}]}<\/script>\n<!-- \/ Yoast SEO plugin. -->","yoast_head_json":{"title":"Sa\u00fade: Camb\u00e9 zera fila de espera de homens por cirurgia de vasectomia - Prefeitura de Camb\u00e9","robots":{"index":"index","follow":"follow","max-snippet":"max-snippet:-1","max-image-preview":"max-image-preview:large","max-video-preview":"max-video-preview:-1"},"canonical":"https:\/\/www.cambe.pr.gov.br\/index.php\/saude-cambe-zera-fila-de-espera-de-homens-por-cirurgia-de-vasectomia\/","og_locale":"pt_BR","og_type":"article","og_title":"Sa\u00fade: Camb\u00e9 zera fila de espera de homens por cirurgia de vasectomia - Prefeitura de Camb\u00e9","og_description":"Camb\u00e9 zerou a fila de espera dos homens cambeenses interessados em fazer a vasectomia. De acordo com a Secretaria de Sa\u00fade, o tempo de espera para esse procedimento chegou a alcan\u00e7ar tr\u00eas anos, principalmente por conta da suspens\u00e3o de cirurgias eletivas durante a pandemia. Em 12 meses, foram realizadas 265 cirurgias de esteriliza\u00e7\u00e3o em homens, [&hellip;]","og_url":"https:\/\/www.cambe.pr.gov.br\/index.php\/saude-cambe-zera-fila-de-espera-de-homens-por-cirurgia-de-vasectomia\/","og_site_name":"Prefeitura de Camb\u00e9","article_publisher":"https:\/\/m.facebook.com\/prefeituradecambe","article_published_time":"2022-07-12T13:13:23+00:00","article_modified_time":"2024-10-07T16:00:58+00:00","og_image":[{"url":"http:\/\/www.cambe.pr.gov.br\/wp-content\/uploads\/2022\/07\/unrecognizable-female-doctor-sitting-on-couch-with-male-patient-and-filling-form-1024x683.jpg","type":"","width":"","height":""}],"author":"Thiago Mossini Balbino dos Santos","twitter_card":"summary_large_image","twitter_misc":{"Escrito por":"Thiago Mossini Balbino dos Santos","Est. tempo de leitura":"3 minutos"},"schema":{"@context":"https:\/\/schema.org","@graph":[{"@type":"Article","@id":"https:\/\/www.cambe.pr.gov.br\/index.php\/saude-cambe-zera-fila-de-espera-de-homens-por-cirurgia-de-vasectomia\/#article","isPartOf":{"@id":"https:\/\/www.cambe.pr.gov.br\/index.php\/saude-cambe-zera-fila-de-espera-de-homens-por-cirurgia-de-vasectomia\/"},"author":{"name":"Thiago Mossini Balbino dos Santos","@id":"https:\/\/www.cambe.pr.gov.br\/#\/schema\/person\/e08f7c43a641b2ec036e4e867ec483e4"},"headline":"Sa\u00fade: Camb\u00e9 zera fila de espera de homens por cirurgia de vasectomia","datePublished":"2022-07-12T13:13:23+00:00","dateModified":"2024-10-07T16:00:58+00:00","mainEntityOfPage":{"@id":"https:\/\/www.cambe.pr.gov.br\/index.php\/saude-cambe-zera-fila-de-espera-de-homens-por-cirurgia-de-vasectomia\/"},"wordCount":532,"publisher":{"@id":"https:\/\/www.cambe.pr.gov.br\/#organization"},"image":{"@id":"https:\/\/www.cambe.pr.gov.br\/index.php\/saude-cambe-zera-fila-de-espera-de-homens-por-cirurgia-de-vasectomia\/#primaryimage"},"thumbnailUrl":"http:\/\/www.cambe.pr.gov.br\/wp-content\/uploads\/2022\/07\/unrecognizable-female-doctor-sitting-on-couch-with-male-patient-and-filling-form-1024x683.jpg","articleSection":["Principal"],"inLanguage":"pt-BR"},{"@type":"WebPage","@id":"https:\/\/www.cambe.pr.gov.br\/index.php\/saude-cambe-zera-fila-de-espera-de-homens-por-cirurgia-de-vasectomia\/","url":"https:\/\/www.cambe.pr.gov.br\/index.php\/saude-cambe-zera-fila-de-espera-de-homens-por-cirurgia-de-vasectomia\/","name":"Sa\u00fade: Camb\u00e9 zera fila de espera de homens por cirurgia de vasectomia - Prefeitura de Camb\u00e9","isPartOf":{"@id":"https:\/\/www.cambe.pr.gov.br\/#website"},"primaryImageOfPage":{"@id":"https:\/\/www.cambe.pr.gov.br\/index.php\/saude-cambe-zera-fila-de-espera-de-homens-por-cirurgia-de-vasectomia\/#primaryimage"},"image":{"@id":"https:\/\/www.cambe.pr.gov.br\/index.php\/saude-cambe-zera-fila-de-espera-de-homens-por-cirurgia-de-vasectomia\/#primaryimage"},"thumbnailUrl":"http:\/\/www.cambe.pr.gov.br\/wp-content\/uploads\/2022\/07\/unrecognizable-female-doctor-sitting-on-couch-with-male-patient-and-filling-form-1024x683.jpg","datePublished":"2022-07-12T13:13:23+00:00","dateModified":"2024-10-07T16:00:58+00:00","breadcrumb":{"@id":"https:\/\/www.cambe.pr.gov.br\/index.php\/saude-cambe-zera-fila-de-espera-de-homens-por-cirurgia-de-vasectomia\/#breadcrumb"},"inLanguage":"pt-BR","potentialAction":[{"@type":"ReadAction","target":["https:\/\/www.cambe.pr.gov.br\/index.php\/saude-cambe-zera-fila-de-espera-de-homens-por-cirurgia-de-vasectomia\/"]}]},{"@type":"ImageObject","inLanguage":"pt-BR","@id":"https:\/\/www.cambe.pr.gov.br\/index.php\/saude-cambe-zera-fila-de-espera-de-homens-por-cirurgia-de-vasectomia\/#primaryimage","url":"http:\/\/www.cambe.pr.gov.br\/wp-content\/uploads\/2022\/07\/unrecognizable-female-doctor-sitting-on-couch-with-male-patient-and-filling-form-1024x683.jpg","contentUrl":"http:\/\/www.cambe.pr.gov.br\/wp-content\/uploads\/2022\/07\/unrecognizable-female-doctor-sitting-on-couch-with-male-patient-and-filling-form-1024x683.jpg"},{"@type":"BreadcrumbList","@id":"https:\/\/www.cambe.pr.gov.br\/index.php\/saude-cambe-zera-fila-de-espera-de-homens-por-cirurgia-de-vasectomia\/#breadcrumb","itemListElement":[{"@type":"ListItem","position":1,"name":"In\u00edcio","item":"https:\/\/www.cambe.pr.gov.br\/"},{"@type":"ListItem","position":2,"name":"Sa\u00fade: Camb\u00e9 zera fila de espera de homens por cirurgia de vasectomia"}]},{"@type":"WebSite","@id":"https:\/\/www.cambe.pr.gov.br\/#website","url":"https:\/\/www.cambe.pr.gov.br\/","name":"Prefeitura de Camb\u00e9","description":"UM GOVERNO PARA TODOS","publisher":{"@id":"https:\/\/www.cambe.pr.gov.br\/#organization"},"potentialAction":[{"@type":"SearchAction","target":{"@type":"EntryPoint","urlTemplate":"https:\/\/www.cambe.pr.gov.br\/?s={search_term_string}"},"query-input":{"@type":"PropertyValueSpecification","valueRequired":true,"valueName":"search_term_string"}}],"inLanguage":"pt-BR"},{"@type":"Organization","@id":"https:\/\/www.cambe.pr.gov.br\/#organization","name":"Prefeitura de Camb\u00e9","url":"https:\/\/www.cambe.pr.gov.br\/","logo":{"@type":"ImageObject","inLanguage":"pt-BR","@id":"https:\/\/www.cambe.pr.gov.br\/#\/schema\/logo\/image\/","url":"https:\/\/www.cambe.pr.gov.br\/wp-content\/uploads\/2021\/01\/cropped-cropped-cambe_brazao-icone.png","contentUrl":"https:\/\/www.cambe.pr.gov.br\/wp-content\/uploads\/2021\/01\/cropped-cropped-cambe_brazao-icone.png","width":240,"height":240,"caption":"Prefeitura de Camb\u00e9"},"image":{"@id":"https:\/\/www.cambe.pr.gov.br\/#\/schema\/logo\/image\/"},"sameAs":["https:\/\/m.facebook.com\/prefeituradecambe"]},{"@type":"Person","@id":"https:\/\/www.cambe.pr.gov.br\/#\/schema\/person\/e08f7c43a641b2ec036e4e867ec483e4","name":"Thiago Mossini Balbino dos Santos","image":{"@type":"ImageObject","inLanguage":"pt-BR","@id":"https:\/\/secure.gravatar.com\/avatar\/d957ed4e1bc3ebf5769d1003f9709cd2012ebf424eb4a5d76a933fee30e874b6?s=96&d=mm&r=g","url":"https:\/\/secure.gravatar.com\/avatar\/d957ed4e1bc3ebf5769d1003f9709cd2012ebf424eb4a5d76a933fee30e874b6?s=96&d=mm&r=g","contentUrl":"https:\/\/secure.gravatar.com\/avatar\/d957ed4e1bc3ebf5769d1003f9709cd2012ebf424eb4a5d76a933fee30e874b6?s=96&d=mm&r=g","caption":"Thiago Mossini Balbino dos Santos"},"url":"https:\/\/www.cambe.pr.gov.br\/index.php\/author\/tmbsantos\/"}]}},"_links":{"self":[{"href":"https:\/\/www.cambe.pr.gov.br\/index.php\/wp-json\/wp\/v2\/posts\/6668","targetHints":{"allow":["GET"]}}],"collection":[{"href":"https:\/\/www.cambe.pr.gov.br\/index.php\/wp-json\/wp\/v2\/posts"}],"about":[{"href":"https:\/\/www.cambe.pr.gov.br\/index.php\/wp-json\/wp\/v2\/types\/post"}],"author":[{"embeddable":true,"href":"https:\/\/www.cambe.pr.gov.br\/index.php\/wp-json\/wp\/v2\/users\/2"}],"replies":[{"embeddable":true,"href":"https:\/\/www.cambe.pr.gov.br\/index.php\/wp-json\/wp\/v2\/comments?post=6668"}],"version-history":[{"count":9,"href":"https:\/\/www.cambe.pr.gov.br\/index.php\/wp-json\/wp\/v2\/posts\/6668\/revisions"}],"predecessor-version":[{"id":6704,"href":"https:\/\/www.cambe.pr.gov.br\/index.php\/wp-json\/wp\/v2\/posts\/6668\/revisions\/6704"}],"wp:attachment":[{"href":"https:\/\/www.cambe.pr.gov.br\/index.php\/wp-json\/wp\/v2\/media?parent=6668"}],"wp:term":[{"taxonomy":"category","embeddable":true,"href":"https:\/\/www.cambe.pr.gov.br\/index.php\/wp-json\/wp\/v2\/categories?post=6668"},{"taxonomy":"post_tag","embeddable":true,"href":"https:\/\/www.cambe.pr.gov.br\/index.php\/wp-json\/wp\/v2\/tags?post=6668"}],"curies":[{"name":"wp","href":"https:\/\/api.w.org\/{rel}","templated":true}]}}