{"id":6662,"date":"2022-07-11T17:32:38","date_gmt":"2022-07-11T20:32:38","guid":{"rendered":"http:\/\/www.cambe.pr.gov.br\/?p=6662"},"modified":"2024-10-07T13:00:58","modified_gmt":"2024-10-07T16:00:58","slug":"prefeitura-inicia-execucao-de-tres-grandes-obras-aguardadas-na-regiao-do-ana-rosa","status":"publish","type":"post","link":"https:\/\/www.cambe.pr.gov.br\/index.php\/prefeitura-inicia-execucao-de-tres-grandes-obras-aguardadas-na-regiao-do-ana-rosa\/","title":{"rendered":"Prefeitura inicia execu\u00e7\u00e3o de tr\u00eas grandes obras aguardadas na regi\u00e3o do Ana Rosa"},"content":{"rendered":"<div id=\"attachment_6700\" style=\"width: 620px\" class=\"wp-caption alignleft\"><img fetchpriority=\"high\" decoding=\"async\" aria-describedby=\"caption-attachment-6700\" class=\"wp-image-6700 size-large\" src=\"https:\/\/www.cambe.pr.gov.br\/wp-content\/uploads\/2022\/07\/IMG_6854-1024x683.jpg\" alt=\"\" width=\"610\" height=\"407\" srcset=\"https:\/\/www.cambe.pr.gov.br\/wp-content\/uploads\/2022\/07\/IMG_6854-1024x683.jpg 1024w, https:\/\/www.cambe.pr.gov.br\/wp-content\/uploads\/2022\/07\/IMG_6854-300x200.jpg 300w, https:\/\/www.cambe.pr.gov.br\/wp-content\/uploads\/2022\/07\/IMG_6854-768x512.jpg 768w, https:\/\/www.cambe.pr.gov.br\/wp-content\/uploads\/2022\/07\/IMG_6854-1536x1024.jpg 1536w, https:\/\/www.cambe.pr.gov.br\/wp-content\/uploads\/2022\/07\/IMG_6854.jpg 2048w\" sizes=\"(max-width: 610px) 100vw, 610px\" \/><p id=\"caption-attachment-6700\" class=\"wp-caption-text\">Prefeito Conrado Scheller assina as ordens de servi\u00e7o para in\u00edcio das obras<\/p><\/div>\n<p style=\"text-align: justify;\"><span style=\"font-weight: 400; font-family: arial, helvetica, sans-serif;\">Obras que v\u00eam para melhorar a qualidade de vida e o bem-estar da popula\u00e7\u00e3o nunca s\u00e3o demais, ent\u00e3o se prepare para o que est\u00e1 chegando! A Secretaria de Planejamento de Camb\u00e9 deu in\u00edcio a tr\u00eas obras que s\u00e3o muito aguardadas pelos cambeenses: a reforma da antiga Unidade B\u00e1sica de Sa\u00fade do Camb\u00e9 IV, que vai ser a sede do Cras do Ana Rosa; a constru\u00e7\u00e3o do novo Creas no Jardim Tupi; e a reforma e revitaliza\u00e7\u00e3o do Gin\u00e1sio do Ana Rosa. O munic\u00edpio de Camb\u00e9 vai investir neste pacote de obras mais de R$1,25 milh\u00e3o. O<\/span><span style=\"font-family: arial, helvetica, sans-serif;\"> prefeito Conrado Scheller tamb\u00e9m assinou a habilita\u00e7\u00e3o de tr\u00eas empresas para a constru\u00e7\u00e3o da Capela Mortu\u00e1ria do Camb\u00e9 IV e jardim Bela Vista. Para esta obra, ser\u00e3o investidos R$ 518 mil de recursos pr\u00f3prios do munic\u00edpio. <\/span><\/p>\n<p style=\"text-align: justify;\"><span style=\"font-weight: 400; font-family: arial, helvetica, sans-serif;\">E n\u00e3o pense que isso ainda est\u00e1 no papel, o pacote de obras \u00e9 para j\u00e1: duas come\u00e7aram na \u00faltima sexta-feira, dia 01 de julho, e a outra obra vai ter in\u00edcio na pr\u00f3xima segunda-feira, dia 11 de julho. A mudan\u00e7a de endere\u00e7o do Cras e do Creas vai possibilitar que os atendimentos sejam feitos em espa\u00e7os pr\u00f3prios do munic\u00edpio, al\u00e9m de tentar aproximar os servi\u00e7os prestados pela pasta. J\u00e1 o Gin\u00e1sio do Ana Rosa, com a reforma, vai passar a atender todos os aspectos de seguran\u00e7a e de acessibilidade necess\u00e1rios, al\u00e9m de melhorar a estrutura do ambiente para sediar eventos e competi\u00e7\u00f5es esportivas.&nbsp;<\/span><\/p>\n<p style=\"text-align: justify;\"><span style=\"font-weight: 400; font-family: arial, helvetica, sans-serif;\">Para o secret\u00e1rio de Planejamento, Jos\u00e9 Ant\u00f4nio Bahls, essas obras que est\u00e3o saindo do papel agora j\u00e1 fazem parte da reestrutura\u00e7\u00e3o da pasta, que inclui tamb\u00e9m a contrata\u00e7\u00e3o de novos funcion\u00e1rios, como engenheiros e arquitetos, al\u00e9m da moderniza\u00e7\u00e3o dos equipamentos e <em>softwares<\/em> que s\u00e3o utilizados no desenvolvimento dos projetos. \u201cJ\u00e1 temos algumas novas ideias para os pr\u00f3ximos meses, principalmente para a \u00e1rea da Sa\u00fade, que v\u00e3o melhorar ainda mais a qualidade do servi\u00e7o prestado e otimizar os atendimentos\u201d, ressalta.<\/span><\/p>\n<p style=\"text-align: justify;\"><span style=\"font-family: arial, helvetica, sans-serif;\">O prefeito Conrado Scheller destacou a import\u00e2ncia deste pacote de obras para os moradores da regi\u00e3o do Ana Rosa. &#8220;S\u00e3o investimentos aguardados h\u00e1 muitos anos por esta comunidade e que estamos conseguindo tirar do papel. Nosso objetivo \u00e9 melhorar a vida de quem mais precisa e pode ter certeza de que ap\u00f3s a conclus\u00e3o desta obras veremos isso na pr\u00e1tica&#8221;, destacou Scheller.&nbsp;<\/span><\/p>\n<p style=\"text-align: justify;\"><span style=\"font-family: arial, helvetica, sans-serif;\"><b>Cras do Jardim Ana Rosa<\/b><\/span><\/p>\n<p style=\"text-align: justify;\"><span style=\"font-weight: 400; font-family: arial, helvetica, sans-serif;\">O Centro de Refer\u00eancia em Assist\u00eancia Social (Cras) do Jardim Ana Rosa, atualmente, fica em um barrac\u00e3o alugado pelo munic\u00edpio, na Avenida Ant\u00f4nio Ramineli, 272. Como o local n\u00e3o \u00e9 mais adequado para a presta\u00e7\u00e3o desse servi\u00e7o, al\u00e9m de reduzir a despesa com o aluguel, o Cras vai mudar para a estrutura da antiga Unidade B\u00e1sica de Sa\u00fade do Camb\u00e9 IV, que hoje n\u00e3o \u00e9 utilizada por nenhum outro servi\u00e7o, localizado em um ponto mais estrat\u00e9gico da Avenida Ant\u00f4nio Ramineli.&nbsp;<\/span><\/p>\n<p style=\"text-align: justify;\"><span style=\"font-weight: 400; font-family: arial, helvetica, sans-serif;\">Samuel Loni Hauly \u00e9 o engenheiro civil da Secretaria de Planejamento respons\u00e1vel pelo projeto do novo Cras. De acordo com ele, o espa\u00e7o vai ser totalmente revitalizado, seguindo todas as normas de seguran\u00e7a e de acessibilidade, al\u00e9m da renova\u00e7\u00e3o da parte el\u00e9trica e estrutural. De acordo com ele, as paredes que est\u00e3o com algum tipo de rachadura ser\u00e3o demolidas e reconstru\u00eddas, assim como o telhado, que ser\u00e1 substitu\u00eddo por um novo. \u201cN\u00f3s tamb\u00e9m vamos fazer a troca dos pisos e refazer os banheiros, levando em conta a quest\u00e3o da seguran\u00e7a e de acessibilidade para pessoas com mobilidade reduzida\u201d, pontua.&nbsp;<\/span><\/p>\n<p style=\"text-align: justify;\"><span style=\"font-weight: 400; font-family: arial, helvetica, sans-serif;\">Segundo o engenheiro, a nova sede do Cras receber\u00e1 uma nova pintura, tanto na parte interna quanto na externa, al\u00e9m de grades no entorno do espa\u00e7o, que v\u00e3o garantir mais seguran\u00e7a e conforto para a popula\u00e7\u00e3o.&nbsp;<\/span><\/p>\n<p style=\"text-align: justify;\"><span style=\"font-weight: 400; font-family: arial, helvetica, sans-serif;\">As obras v\u00e3o come\u00e7ar na pr\u00f3xima segunda-feira (11) e v\u00e3o custar R$381.552,85, que s\u00e3o recursos pr\u00f3prios do munic\u00edpio. A expectativa \u00e9 de que a entrega do espa\u00e7o revitalizado aconte\u00e7a em sete meses, tempo que ser\u00e1 utilizado para reformar a \u00e1rea total constru\u00edda do espa\u00e7o, que \u00e9 de 252m\u00b2.&nbsp;<\/span><\/p>\n<p style=\"text-align: justify;\"><span style=\"font-family: arial, helvetica, sans-serif;\"><b>Creas do Jardim Tupi<\/b><\/span><\/p>\n<p style=\"text-align: justify;\"><span style=\"font-weight: 400; font-family: arial, helvetica, sans-serif;\">Atualmente, o Centro de Refer\u00eancia Especializado em Assist\u00eancia Social (Creas) de Camb\u00e9 funciona na Rua B\u00e9lgica, 59 em um espa\u00e7o que foi alugado pelo munic\u00edpio para sediar temporariamente o servi\u00e7o. Para trazer os atendimentos para um local pr\u00f3prio, vai ser constru\u00edda uma sede para o Creas, mais espa\u00e7osa e adequada para a presta\u00e7\u00e3o do servi\u00e7o.&nbsp;<\/span><\/p>\n<p style=\"text-align: justify;\"><span style=\"font-weight: 400; font-family: arial, helvetica, sans-serif;\">O terreno escolhido fica na Rua Curitiba, ao lado do Centro do Idoso do Jardim Tupi e pr\u00f3ximo \u00e0 Unidade de Pronto Atendimento (UPA), e vai receber a constru\u00e7\u00e3o de mais de 214 m\u00b2. A engenheira civil da Secretaria de Planejamento Iovane David Oliveira \u00e9 a respons\u00e1vel pelo or\u00e7amento do projeto. Segundo ela, as obras come\u00e7aram na \u00faltima sexta-feira (01) e est\u00e3o previstas para serem entregues em at\u00e9 10 meses.&nbsp;<\/span><\/p>\n<p style=\"text-align: justify;\"><span style=\"font-weight: 400; font-family: arial, helvetica, sans-serif;\">\u201cO espa\u00e7o contar\u00e1 com seis salas exclusivas para os atendimentos e vai compor um local que j\u00e1 vai concentrar outros servi\u00e7os da Assist\u00eancia Social, como o CCI do Idoso e a futura sede do Conselho Tutelar, agrupando os servi\u00e7os em um n\u00facleo da pasta\u201d, explica. Para a constru\u00e7\u00e3o desse espa\u00e7o, v\u00e3o ser utilizados recursos da Uni\u00e3o (R$382.000,00) e municipais (R$171.897,15), totalizando R$553.897,15 investidos na obra.&nbsp;<\/span><\/p>\n<p style=\"text-align: justify;\"><span style=\"font-family: arial, helvetica, sans-serif;\">Lucilene Diorio, secret\u00e1ria de Assist\u00eancia Social, destaca a import\u00e2ncia dessas duas obras para o munic\u00edpio de Camb\u00e9: &#8220;quando os servi\u00e7os est\u00e3o instalados em pr\u00e9dios alugados, eles podem mudar de lugar constantemente, ent\u00e3o \u00e9 fundamental n\u00f3s termos essas sedes pr\u00f3prias, economizando dinheiro com os alugu\u00e9is e trazendo mais espa\u00e7o e conforto para os funcion\u00e1rios e para a popula\u00e7\u00e3o&#8221;. O Cras do Ana Rosa atende 14 bairros da regi\u00e3o; j\u00e1 o Creas atende todo o munic\u00edpio de Camb\u00e9.<\/span><\/p>\n<p style=\"text-align: justify;\"><span style=\"font-family: arial, helvetica, sans-serif;\"><b>Gin\u00e1sio de Esportes do Jardim Ana Rosa<\/b><\/span><\/p>\n<p style=\"text-align: justify;\"><span style=\"font-weight: 400; font-family: arial, helvetica, sans-serif;\">O Gin\u00e1sio de Esportes do Jardim Ana Rosa tamb\u00e9m vai receber melhorias, tanto na quest\u00e3o de acessibilidade quanto na seguran\u00e7a dos atletas e do p\u00fablico. Com investimento total de R$327.852,50 (R$283.635,00 da Uni\u00e3o e R$44.217,50 do munic\u00edpio), o espa\u00e7o esportivo vai receber adequa\u00e7\u00f5es nos banheiros e nos vesti\u00e1rios, como o alargamento do corredor de acesso ao chuveiros. Samuel Hauly, tamb\u00e9m respons\u00e1vel pela obra, destaca que vai ser constru\u00edda uma nova porta de sa\u00edda e duas outras escadas, entre as arquibancadas, de acordo com as medidas de seguran\u00e7a solicitadas pelo Corpo de Bombeiros.&nbsp;<\/span><\/p>\n<p style=\"text-align: justify;\"><span style=\"font-weight: 400; font-family: arial, helvetica, sans-serif;\">\u201cN\u00f3s tamb\u00e9m vamos refazer o guarda corpo, os corrim\u00f5es e o sistema de hidrantes, j\u00e1 que hoje n\u00e3o est\u00e3o funcionando adequadamente\u201d, pontua. De acordo com o engenheiro, tamb\u00e9m v\u00e3o ser colocados bancos de apoio nos chuveiros, que poder\u00e3o ser utilizados por atletas com a mobilidade reduzida.&nbsp;<\/span><\/p>\n<p style=\"text-align: justify;\"><span style=\"font-weight: 400; font-family: arial, helvetica, sans-serif;\">A \u00e1rea total do gin\u00e1sio, que \u00e9 de 2.424 m\u00b2, vai receber melhorias, priorizando os pontos mais cr\u00edticos. As obras come\u00e7aram na \u00faltima sexta-feira (01) e seguem pelos pr\u00f3ximos seis meses. O Gin\u00e1sio Esportivo do Ana Rosa fica na rotat\u00f3ria da Avenida Ant\u00f4nio Ramineli, 655.<\/span><\/p>\n<p style=\"text-align: justify;\"><span style=\"font-family: arial, helvetica, sans-serif;\">Telma Gamba, secret\u00e1ria de Esportes e Lazer, ressalta que esse gin\u00e1sio \u00e9 um dos principais espa\u00e7os esportivos da cidade e que a revitaliza\u00e7\u00e3o \u00e9 de grande import\u00e2ncia para a popula\u00e7\u00e3o de toda a regi\u00e3o. &#8220;N\u00f3s j\u00e1 estamos preparando algumas escolinhas para atender o Ana Rosa e os bairros no entorno depois da finaliza\u00e7\u00e3o das obras. Para n\u00f3s e um grande prazer entregar esse espa\u00e7o revitalizado, repaginado e de cara nova&#8221;, finaliza.&nbsp;<\/span><\/p>\n<p style=\"text-align: justify;\">&nbsp;<\/p>\n","protected":false},"excerpt":{"rendered":"<p>Obras que v\u00eam para melhorar a qualidade de vida e o bem-estar da popula\u00e7\u00e3o nunca s\u00e3o demais, ent\u00e3o se prepare para o que est\u00e1 chegando! A Secretaria de Planejamento de Camb\u00e9 deu in\u00edcio a tr\u00eas obras que s\u00e3o muito aguardadas pelos cambeenses: a reforma da antiga Unidade B\u00e1sica de Sa\u00fade do Camb\u00e9 IV, que vai [&hellip;]<\/p>\n","protected":false},"author":2,"featured_media":0,"comment_status":"closed","ping_status":"open","sticky":false,"template":"","format":"standard","meta":{"ngg_post_thumbnail":0,"footnotes":""},"categories":[1],"tags":[],"class_list":["post-6662","post","type-post","status-publish","format-standard","hentry","category-principal"],"yoast_head":"<!-- This site is optimized with the Yoast SEO plugin v27.4 - https:\/\/yoast.com\/product\/yoast-seo-wordpress\/ -->\n<title>Prefeitura inicia execu\u00e7\u00e3o de tr\u00eas grandes obras aguardadas na regi\u00e3o do Ana Rosa - Prefeitura de Camb\u00e9<\/title>\n<meta name=\"robots\" content=\"index, follow, max-snippet:-1, max-image-preview:large, max-video-preview:-1\" \/>\n<link rel=\"canonical\" href=\"https:\/\/www.cambe.pr.gov.br\/index.php\/prefeitura-inicia-execucao-de-tres-grandes-obras-aguardadas-na-regiao-do-ana-rosa\/\" \/>\n<meta property=\"og:locale\" content=\"pt_BR\" \/>\n<meta property=\"og:type\" content=\"article\" \/>\n<meta property=\"og:title\" content=\"Prefeitura inicia execu\u00e7\u00e3o de tr\u00eas grandes obras aguardadas na regi\u00e3o do Ana Rosa - Prefeitura de Camb\u00e9\" \/>\n<meta property=\"og:description\" content=\"Obras que v\u00eam para melhorar a qualidade de vida e o bem-estar da popula\u00e7\u00e3o nunca s\u00e3o demais, ent\u00e3o se prepare para o que est\u00e1 chegando! A Secretaria de Planejamento de Camb\u00e9 deu in\u00edcio a tr\u00eas obras que s\u00e3o muito aguardadas pelos cambeenses: a reforma da antiga Unidade B\u00e1sica de Sa\u00fade do Camb\u00e9 IV, que vai [&hellip;]\" \/>\n<meta property=\"og:url\" content=\"https:\/\/www.cambe.pr.gov.br\/index.php\/prefeitura-inicia-execucao-de-tres-grandes-obras-aguardadas-na-regiao-do-ana-rosa\/\" \/>\n<meta property=\"og:site_name\" content=\"Prefeitura de Camb\u00e9\" \/>\n<meta property=\"article:publisher\" content=\"https:\/\/m.facebook.com\/prefeituradecambe\" \/>\n<meta property=\"article:published_time\" content=\"2022-07-11T20:32:38+00:00\" \/>\n<meta property=\"article:modified_time\" content=\"2024-10-07T16:00:58+00:00\" \/>\n<meta property=\"og:image\" content=\"http:\/\/www.cambe.pr.gov.br\/wp-content\/uploads\/2022\/07\/IMG_6854-1024x683.jpg\" \/>\n<meta name=\"author\" content=\"Thiago Mossini Balbino dos Santos\" \/>\n<meta name=\"twitter:card\" content=\"summary_large_image\" \/>\n<meta name=\"twitter:label1\" content=\"Escrito por\" \/>\n\t<meta name=\"twitter:data1\" content=\"Thiago Mossini Balbino dos Santos\" \/>\n\t<meta name=\"twitter:label2\" content=\"Est. tempo de leitura\" \/>\n\t<meta name=\"twitter:data2\" content=\"7 minutos\" \/>\n<script type=\"application\/ld+json\" class=\"yoast-schema-graph\">{\"@context\":\"https:\\\/\\\/schema.org\",\"@graph\":[{\"@type\":\"Article\",\"@id\":\"https:\\\/\\\/www.cambe.pr.gov.br\\\/index.php\\\/prefeitura-inicia-execucao-de-tres-grandes-obras-aguardadas-na-regiao-do-ana-rosa\\\/#article\",\"isPartOf\":{\"@id\":\"https:\\\/\\\/www.cambe.pr.gov.br\\\/index.php\\\/prefeitura-inicia-execucao-de-tres-grandes-obras-aguardadas-na-regiao-do-ana-rosa\\\/\"},\"author\":{\"name\":\"Thiago Mossini Balbino dos Santos\",\"@id\":\"https:\\\/\\\/www.cambe.pr.gov.br\\\/#\\\/schema\\\/person\\\/e08f7c43a641b2ec036e4e867ec483e4\"},\"headline\":\"Prefeitura inicia execu\u00e7\u00e3o de tr\u00eas grandes obras aguardadas na regi\u00e3o do Ana Rosa\",\"datePublished\":\"2022-07-11T20:32:38+00:00\",\"dateModified\":\"2024-10-07T16:00:58+00:00\",\"mainEntityOfPage\":{\"@id\":\"https:\\\/\\\/www.cambe.pr.gov.br\\\/index.php\\\/prefeitura-inicia-execucao-de-tres-grandes-obras-aguardadas-na-regiao-do-ana-rosa\\\/\"},\"wordCount\":1387,\"publisher\":{\"@id\":\"https:\\\/\\\/www.cambe.pr.gov.br\\\/#organization\"},\"image\":{\"@id\":\"https:\\\/\\\/www.cambe.pr.gov.br\\\/index.php\\\/prefeitura-inicia-execucao-de-tres-grandes-obras-aguardadas-na-regiao-do-ana-rosa\\\/#primaryimage\"},\"thumbnailUrl\":\"http:\\\/\\\/www.cambe.pr.gov.br\\\/wp-content\\\/uploads\\\/2022\\\/07\\\/IMG_6854-1024x683.jpg\",\"articleSection\":[\"Principal\"],\"inLanguage\":\"pt-BR\"},{\"@type\":\"WebPage\",\"@id\":\"https:\\\/\\\/www.cambe.pr.gov.br\\\/index.php\\\/prefeitura-inicia-execucao-de-tres-grandes-obras-aguardadas-na-regiao-do-ana-rosa\\\/\",\"url\":\"https:\\\/\\\/www.cambe.pr.gov.br\\\/index.php\\\/prefeitura-inicia-execucao-de-tres-grandes-obras-aguardadas-na-regiao-do-ana-rosa\\\/\",\"name\":\"Prefeitura inicia execu\u00e7\u00e3o de tr\u00eas grandes obras aguardadas na regi\u00e3o do Ana Rosa - Prefeitura de Camb\u00e9\",\"isPartOf\":{\"@id\":\"https:\\\/\\\/www.cambe.pr.gov.br\\\/#website\"},\"primaryImageOfPage\":{\"@id\":\"https:\\\/\\\/www.cambe.pr.gov.br\\\/index.php\\\/prefeitura-inicia-execucao-de-tres-grandes-obras-aguardadas-na-regiao-do-ana-rosa\\\/#primaryimage\"},\"image\":{\"@id\":\"https:\\\/\\\/www.cambe.pr.gov.br\\\/index.php\\\/prefeitura-inicia-execucao-de-tres-grandes-obras-aguardadas-na-regiao-do-ana-rosa\\\/#primaryimage\"},\"thumbnailUrl\":\"http:\\\/\\\/www.cambe.pr.gov.br\\\/wp-content\\\/uploads\\\/2022\\\/07\\\/IMG_6854-1024x683.jpg\",\"datePublished\":\"2022-07-11T20:32:38+00:00\",\"dateModified\":\"2024-10-07T16:00:58+00:00\",\"breadcrumb\":{\"@id\":\"https:\\\/\\\/www.cambe.pr.gov.br\\\/index.php\\\/prefeitura-inicia-execucao-de-tres-grandes-obras-aguardadas-na-regiao-do-ana-rosa\\\/#breadcrumb\"},\"inLanguage\":\"pt-BR\",\"potentialAction\":[{\"@type\":\"ReadAction\",\"target\":[\"https:\\\/\\\/www.cambe.pr.gov.br\\\/index.php\\\/prefeitura-inicia-execucao-de-tres-grandes-obras-aguardadas-na-regiao-do-ana-rosa\\\/\"]}]},{\"@type\":\"ImageObject\",\"inLanguage\":\"pt-BR\",\"@id\":\"https:\\\/\\\/www.cambe.pr.gov.br\\\/index.php\\\/prefeitura-inicia-execucao-de-tres-grandes-obras-aguardadas-na-regiao-do-ana-rosa\\\/#primaryimage\",\"url\":\"http:\\\/\\\/www.cambe.pr.gov.br\\\/wp-content\\\/uploads\\\/2022\\\/07\\\/IMG_6854-1024x683.jpg\",\"contentUrl\":\"http:\\\/\\\/www.cambe.pr.gov.br\\\/wp-content\\\/uploads\\\/2022\\\/07\\\/IMG_6854-1024x683.jpg\"},{\"@type\":\"BreadcrumbList\",\"@id\":\"https:\\\/\\\/www.cambe.pr.gov.br\\\/index.php\\\/prefeitura-inicia-execucao-de-tres-grandes-obras-aguardadas-na-regiao-do-ana-rosa\\\/#breadcrumb\",\"itemListElement\":[{\"@type\":\"ListItem\",\"position\":1,\"name\":\"In\u00edcio\",\"item\":\"https:\\\/\\\/www.cambe.pr.gov.br\\\/\"},{\"@type\":\"ListItem\",\"position\":2,\"name\":\"Prefeitura inicia execu\u00e7\u00e3o de tr\u00eas grandes obras aguardadas na regi\u00e3o do Ana Rosa\"}]},{\"@type\":\"WebSite\",\"@id\":\"https:\\\/\\\/www.cambe.pr.gov.br\\\/#website\",\"url\":\"https:\\\/\\\/www.cambe.pr.gov.br\\\/\",\"name\":\"Prefeitura de Camb\u00e9\",\"description\":\"UM GOVERNO PARA TODOS\",\"publisher\":{\"@id\":\"https:\\\/\\\/www.cambe.pr.gov.br\\\/#organization\"},\"potentialAction\":[{\"@type\":\"SearchAction\",\"target\":{\"@type\":\"EntryPoint\",\"urlTemplate\":\"https:\\\/\\\/www.cambe.pr.gov.br\\\/?s={search_term_string}\"},\"query-input\":{\"@type\":\"PropertyValueSpecification\",\"valueRequired\":true,\"valueName\":\"search_term_string\"}}],\"inLanguage\":\"pt-BR\"},{\"@type\":\"Organization\",\"@id\":\"https:\\\/\\\/www.cambe.pr.gov.br\\\/#organization\",\"name\":\"Prefeitura de Camb\u00e9\",\"url\":\"https:\\\/\\\/www.cambe.pr.gov.br\\\/\",\"logo\":{\"@type\":\"ImageObject\",\"inLanguage\":\"pt-BR\",\"@id\":\"https:\\\/\\\/www.cambe.pr.gov.br\\\/#\\\/schema\\\/logo\\\/image\\\/\",\"url\":\"https:\\\/\\\/www.cambe.pr.gov.br\\\/wp-content\\\/uploads\\\/2021\\\/01\\\/cropped-cropped-cambe_brazao-icone.png\",\"contentUrl\":\"https:\\\/\\\/www.cambe.pr.gov.br\\\/wp-content\\\/uploads\\\/2021\\\/01\\\/cropped-cropped-cambe_brazao-icone.png\",\"width\":240,\"height\":240,\"caption\":\"Prefeitura de Camb\u00e9\"},\"image\":{\"@id\":\"https:\\\/\\\/www.cambe.pr.gov.br\\\/#\\\/schema\\\/logo\\\/image\\\/\"},\"sameAs\":[\"https:\\\/\\\/m.facebook.com\\\/prefeituradecambe\"]},{\"@type\":\"Person\",\"@id\":\"https:\\\/\\\/www.cambe.pr.gov.br\\\/#\\\/schema\\\/person\\\/e08f7c43a641b2ec036e4e867ec483e4\",\"name\":\"Thiago Mossini Balbino dos Santos\",\"image\":{\"@type\":\"ImageObject\",\"inLanguage\":\"pt-BR\",\"@id\":\"https:\\\/\\\/secure.gravatar.com\\\/avatar\\\/d957ed4e1bc3ebf5769d1003f9709cd2012ebf424eb4a5d76a933fee30e874b6?s=96&d=mm&r=g\",\"url\":\"https:\\\/\\\/secure.gravatar.com\\\/avatar\\\/d957ed4e1bc3ebf5769d1003f9709cd2012ebf424eb4a5d76a933fee30e874b6?s=96&d=mm&r=g\",\"contentUrl\":\"https:\\\/\\\/secure.gravatar.com\\\/avatar\\\/d957ed4e1bc3ebf5769d1003f9709cd2012ebf424eb4a5d76a933fee30e874b6?s=96&d=mm&r=g\",\"caption\":\"Thiago Mossini Balbino dos Santos\"},\"url\":\"https:\\\/\\\/www.cambe.pr.gov.br\\\/index.php\\\/author\\\/tmbsantos\\\/\"}]}<\/script>\n<!-- \/ Yoast SEO plugin. -->","yoast_head_json":{"title":"Prefeitura inicia execu\u00e7\u00e3o de tr\u00eas grandes obras aguardadas na regi\u00e3o do Ana Rosa - Prefeitura de Camb\u00e9","robots":{"index":"index","follow":"follow","max-snippet":"max-snippet:-1","max-image-preview":"max-image-preview:large","max-video-preview":"max-video-preview:-1"},"canonical":"https:\/\/www.cambe.pr.gov.br\/index.php\/prefeitura-inicia-execucao-de-tres-grandes-obras-aguardadas-na-regiao-do-ana-rosa\/","og_locale":"pt_BR","og_type":"article","og_title":"Prefeitura inicia execu\u00e7\u00e3o de tr\u00eas grandes obras aguardadas na regi\u00e3o do Ana Rosa - Prefeitura de Camb\u00e9","og_description":"Obras que v\u00eam para melhorar a qualidade de vida e o bem-estar da popula\u00e7\u00e3o nunca s\u00e3o demais, ent\u00e3o se prepare para o que est\u00e1 chegando! A Secretaria de Planejamento de Camb\u00e9 deu in\u00edcio a tr\u00eas obras que s\u00e3o muito aguardadas pelos cambeenses: a reforma da antiga Unidade B\u00e1sica de Sa\u00fade do Camb\u00e9 IV, que vai [&hellip;]","og_url":"https:\/\/www.cambe.pr.gov.br\/index.php\/prefeitura-inicia-execucao-de-tres-grandes-obras-aguardadas-na-regiao-do-ana-rosa\/","og_site_name":"Prefeitura de Camb\u00e9","article_publisher":"https:\/\/m.facebook.com\/prefeituradecambe","article_published_time":"2022-07-11T20:32:38+00:00","article_modified_time":"2024-10-07T16:00:58+00:00","og_image":[{"url":"http:\/\/www.cambe.pr.gov.br\/wp-content\/uploads\/2022\/07\/IMG_6854-1024x683.jpg","type":"","width":"","height":""}],"author":"Thiago Mossini Balbino dos Santos","twitter_card":"summary_large_image","twitter_misc":{"Escrito por":"Thiago Mossini Balbino dos Santos","Est. tempo de leitura":"7 minutos"},"schema":{"@context":"https:\/\/schema.org","@graph":[{"@type":"Article","@id":"https:\/\/www.cambe.pr.gov.br\/index.php\/prefeitura-inicia-execucao-de-tres-grandes-obras-aguardadas-na-regiao-do-ana-rosa\/#article","isPartOf":{"@id":"https:\/\/www.cambe.pr.gov.br\/index.php\/prefeitura-inicia-execucao-de-tres-grandes-obras-aguardadas-na-regiao-do-ana-rosa\/"},"author":{"name":"Thiago Mossini Balbino dos Santos","@id":"https:\/\/www.cambe.pr.gov.br\/#\/schema\/person\/e08f7c43a641b2ec036e4e867ec483e4"},"headline":"Prefeitura inicia execu\u00e7\u00e3o de tr\u00eas grandes obras aguardadas na regi\u00e3o do Ana Rosa","datePublished":"2022-07-11T20:32:38+00:00","dateModified":"2024-10-07T16:00:58+00:00","mainEntityOfPage":{"@id":"https:\/\/www.cambe.pr.gov.br\/index.php\/prefeitura-inicia-execucao-de-tres-grandes-obras-aguardadas-na-regiao-do-ana-rosa\/"},"wordCount":1387,"publisher":{"@id":"https:\/\/www.cambe.pr.gov.br\/#organization"},"image":{"@id":"https:\/\/www.cambe.pr.gov.br\/index.php\/prefeitura-inicia-execucao-de-tres-grandes-obras-aguardadas-na-regiao-do-ana-rosa\/#primaryimage"},"thumbnailUrl":"http:\/\/www.cambe.pr.gov.br\/wp-content\/uploads\/2022\/07\/IMG_6854-1024x683.jpg","articleSection":["Principal"],"inLanguage":"pt-BR"},{"@type":"WebPage","@id":"https:\/\/www.cambe.pr.gov.br\/index.php\/prefeitura-inicia-execucao-de-tres-grandes-obras-aguardadas-na-regiao-do-ana-rosa\/","url":"https:\/\/www.cambe.pr.gov.br\/index.php\/prefeitura-inicia-execucao-de-tres-grandes-obras-aguardadas-na-regiao-do-ana-rosa\/","name":"Prefeitura inicia execu\u00e7\u00e3o de tr\u00eas grandes obras aguardadas na regi\u00e3o do Ana Rosa - Prefeitura de Camb\u00e9","isPartOf":{"@id":"https:\/\/www.cambe.pr.gov.br\/#website"},"primaryImageOfPage":{"@id":"https:\/\/www.cambe.pr.gov.br\/index.php\/prefeitura-inicia-execucao-de-tres-grandes-obras-aguardadas-na-regiao-do-ana-rosa\/#primaryimage"},"image":{"@id":"https:\/\/www.cambe.pr.gov.br\/index.php\/prefeitura-inicia-execucao-de-tres-grandes-obras-aguardadas-na-regiao-do-ana-rosa\/#primaryimage"},"thumbnailUrl":"http:\/\/www.cambe.pr.gov.br\/wp-content\/uploads\/2022\/07\/IMG_6854-1024x683.jpg","datePublished":"2022-07-11T20:32:38+00:00","dateModified":"2024-10-07T16:00:58+00:00","breadcrumb":{"@id":"https:\/\/www.cambe.pr.gov.br\/index.php\/prefeitura-inicia-execucao-de-tres-grandes-obras-aguardadas-na-regiao-do-ana-rosa\/#breadcrumb"},"inLanguage":"pt-BR","potentialAction":[{"@type":"ReadAction","target":["https:\/\/www.cambe.pr.gov.br\/index.php\/prefeitura-inicia-execucao-de-tres-grandes-obras-aguardadas-na-regiao-do-ana-rosa\/"]}]},{"@type":"ImageObject","inLanguage":"pt-BR","@id":"https:\/\/www.cambe.pr.gov.br\/index.php\/prefeitura-inicia-execucao-de-tres-grandes-obras-aguardadas-na-regiao-do-ana-rosa\/#primaryimage","url":"http:\/\/www.cambe.pr.gov.br\/wp-content\/uploads\/2022\/07\/IMG_6854-1024x683.jpg","contentUrl":"http:\/\/www.cambe.pr.gov.br\/wp-content\/uploads\/2022\/07\/IMG_6854-1024x683.jpg"},{"@type":"BreadcrumbList","@id":"https:\/\/www.cambe.pr.gov.br\/index.php\/prefeitura-inicia-execucao-de-tres-grandes-obras-aguardadas-na-regiao-do-ana-rosa\/#breadcrumb","itemListElement":[{"@type":"ListItem","position":1,"name":"In\u00edcio","item":"https:\/\/www.cambe.pr.gov.br\/"},{"@type":"ListItem","position":2,"name":"Prefeitura inicia execu\u00e7\u00e3o de tr\u00eas grandes obras aguardadas na regi\u00e3o do Ana Rosa"}]},{"@type":"WebSite","@id":"https:\/\/www.cambe.pr.gov.br\/#website","url":"https:\/\/www.cambe.pr.gov.br\/","name":"Prefeitura de Camb\u00e9","description":"UM GOVERNO PARA TODOS","publisher":{"@id":"https:\/\/www.cambe.pr.gov.br\/#organization"},"potentialAction":[{"@type":"SearchAction","target":{"@type":"EntryPoint","urlTemplate":"https:\/\/www.cambe.pr.gov.br\/?s={search_term_string}"},"query-input":{"@type":"PropertyValueSpecification","valueRequired":true,"valueName":"search_term_string"}}],"inLanguage":"pt-BR"},{"@type":"Organization","@id":"https:\/\/www.cambe.pr.gov.br\/#organization","name":"Prefeitura de Camb\u00e9","url":"https:\/\/www.cambe.pr.gov.br\/","logo":{"@type":"ImageObject","inLanguage":"pt-BR","@id":"https:\/\/www.cambe.pr.gov.br\/#\/schema\/logo\/image\/","url":"https:\/\/www.cambe.pr.gov.br\/wp-content\/uploads\/2021\/01\/cropped-cropped-cambe_brazao-icone.png","contentUrl":"https:\/\/www.cambe.pr.gov.br\/wp-content\/uploads\/2021\/01\/cropped-cropped-cambe_brazao-icone.png","width":240,"height":240,"caption":"Prefeitura de Camb\u00e9"},"image":{"@id":"https:\/\/www.cambe.pr.gov.br\/#\/schema\/logo\/image\/"},"sameAs":["https:\/\/m.facebook.com\/prefeituradecambe"]},{"@type":"Person","@id":"https:\/\/www.cambe.pr.gov.br\/#\/schema\/person\/e08f7c43a641b2ec036e4e867ec483e4","name":"Thiago Mossini Balbino dos Santos","image":{"@type":"ImageObject","inLanguage":"pt-BR","@id":"https:\/\/secure.gravatar.com\/avatar\/d957ed4e1bc3ebf5769d1003f9709cd2012ebf424eb4a5d76a933fee30e874b6?s=96&d=mm&r=g","url":"https:\/\/secure.gravatar.com\/avatar\/d957ed4e1bc3ebf5769d1003f9709cd2012ebf424eb4a5d76a933fee30e874b6?s=96&d=mm&r=g","contentUrl":"https:\/\/secure.gravatar.com\/avatar\/d957ed4e1bc3ebf5769d1003f9709cd2012ebf424eb4a5d76a933fee30e874b6?s=96&d=mm&r=g","caption":"Thiago Mossini Balbino dos Santos"},"url":"https:\/\/www.cambe.pr.gov.br\/index.php\/author\/tmbsantos\/"}]}},"_links":{"self":[{"href":"https:\/\/www.cambe.pr.gov.br\/index.php\/wp-json\/wp\/v2\/posts\/6662","targetHints":{"allow":["GET"]}}],"collection":[{"href":"https:\/\/www.cambe.pr.gov.br\/index.php\/wp-json\/wp\/v2\/posts"}],"about":[{"href":"https:\/\/www.cambe.pr.gov.br\/index.php\/wp-json\/wp\/v2\/types\/post"}],"author":[{"embeddable":true,"href":"https:\/\/www.cambe.pr.gov.br\/index.php\/wp-json\/wp\/v2\/users\/2"}],"replies":[{"embeddable":true,"href":"https:\/\/www.cambe.pr.gov.br\/index.php\/wp-json\/wp\/v2\/comments?post=6662"}],"version-history":[{"count":8,"href":"https:\/\/www.cambe.pr.gov.br\/index.php\/wp-json\/wp\/v2\/posts\/6662\/revisions"}],"predecessor-version":[{"id":6701,"href":"https:\/\/www.cambe.pr.gov.br\/index.php\/wp-json\/wp\/v2\/posts\/6662\/revisions\/6701"}],"wp:attachment":[{"href":"https:\/\/www.cambe.pr.gov.br\/index.php\/wp-json\/wp\/v2\/media?parent=6662"}],"wp:term":[{"taxonomy":"category","embeddable":true,"href":"https:\/\/www.cambe.pr.gov.br\/index.php\/wp-json\/wp\/v2\/categories?post=6662"},{"taxonomy":"post_tag","embeddable":true,"href":"https:\/\/www.cambe.pr.gov.br\/index.php\/wp-json\/wp\/v2\/tags?post=6662"}],"curies":[{"name":"wp","href":"https:\/\/api.w.org\/{rel}","templated":true}]}}