{"id":6656,"date":"2022-07-14T13:41:22","date_gmt":"2022-07-14T16:41:22","guid":{"rendered":"http:\/\/www.cambe.pr.gov.br\/?p=6656"},"modified":"2024-10-07T13:00:59","modified_gmt":"2024-10-07T16:00:59","slug":"alunos-de-escola-municipal-de-cambe-reproduzem-portao-da-babilonia","status":"publish","type":"post","link":"https:\/\/www.cambe.pr.gov.br\/index.php\/alunos-de-escola-municipal-de-cambe-reproduzem-portao-da-babilonia\/","title":{"rendered":"Alunos de escola municipal de Camb\u00e9 reproduzem Port\u00e3o da Babil\u00f4nia"},"content":{"rendered":"<p style=\"text-align: justify;\"><span style=\"font-family: arial, helvetica, sans-serif;\"><img fetchpriority=\"high\" decoding=\"async\" class=\"alignleft wp-image-6762 size-large\" src=\"https:\/\/www.cambe.pr.gov.br\/wp-content\/uploads\/2022\/07\/WhatsApp-Image-2022-07-14-at-13.22.34-e1657816867499-1024x683.jpeg\" alt=\"\" width=\"610\" height=\"407\" srcset=\"https:\/\/www.cambe.pr.gov.br\/wp-content\/uploads\/2022\/07\/WhatsApp-Image-2022-07-14-at-13.22.34-e1657816867499-1024x683.jpeg 1024w, https:\/\/www.cambe.pr.gov.br\/wp-content\/uploads\/2022\/07\/WhatsApp-Image-2022-07-14-at-13.22.34-e1657816867499-300x200.jpeg 300w, https:\/\/www.cambe.pr.gov.br\/wp-content\/uploads\/2022\/07\/WhatsApp-Image-2022-07-14-at-13.22.34-e1657816867499-768x512.jpeg 768w, https:\/\/www.cambe.pr.gov.br\/wp-content\/uploads\/2022\/07\/WhatsApp-Image-2022-07-14-at-13.22.34-e1657816867499.jpeg 1280w\" sizes=\"(max-width: 610px) 100vw, 610px\" \/>Os alunos dos quintos anos da Escola Municipal Padre Symphoriano Kopf reproduziram durante aproximadamente 90 dias nas aulas de arte, sob orienta\u00e7\u00e3o do professor Adolfo Emanuel, o oitavo port\u00e3o da Babil\u00f4nia chamado de Porta de Ishtar. No total 130 alunos trabalharam no projeto, com intuito de aprofundar os estudos da hist\u00f3ria da arte.<\/span><\/p>\n<p style=\"text-align: justify;\"><span style=\"font-family: arial, helvetica, sans-serif;\">A assessora de arte da secretaria de Educa\u00e7\u00e3o, Viviane Mascarenhas, ressalta que o ensino de arte em Camb\u00e9 tem se consolidado ao longo dos anos como um trabalho consistente e diferenciado. \u201cProjetos como este d\u00e3o oportunidade aos alunos de identificarem, reconhecerem, relacionarem e compreenderem as artes visuais como uma produ\u00e7\u00e3o humana desenvolvida ao longo de sua hist\u00f3ria e contextualizada nas diversas culturas\u201d, destaca Viviane.<\/span><\/p>\n<p style=\"text-align: justify;\"><span style=\"font-family: arial, helvetica, sans-serif;\">O professor de artes que orientou o projeto, Adolfo Emanuel, explica que a atividade pr\u00e1tica foi desenvolvida para apresentar aos alunos do quinto ano um panorama geral da hist\u00f3ria da arte, da arte antiga \u00e0 arte contempor\u00e2nea. \u201cO trabalho teve v\u00e1rios passos: a prepara\u00e7\u00e3o dos pap\u00e9is, desenho e decalque dos elementos que comp\u00f5em o trabalho, contorno, pintura e finaliza\u00e7\u00e3o\u201d, detalha. Segundo ele, a obra tamb\u00e9m foi adaptada \u00e0 arquitetura da escola.<\/span><\/p>\n<p style=\"text-align: justify;\"><span style=\"font-family: arial, helvetica, sans-serif;\">\u201cAcredito que o projeto tenha contribu\u00eddo para o desenvolvimento intelectual e motor dos alunos, al\u00e9m de ter possibilitado uma experi\u00eancia de trabalho coletivo, no qual os v\u00e1rios esfor\u00e7os individuais se combinaram num objetivo comum e foram significativos para a materializa\u00e7\u00e3o do trabalho\u201d, conta o professor.<\/span><\/p>\n<p style=\"text-align: justify;\"><span style=\"font-family: arial, helvetica, sans-serif;\">Ele destaca que um dos benef\u00edcios do trabalho, foi aproximar a obra dos alunos. \u201cO projeto possibilitou o contato com uma obra que fisicamente se encontra bem longe deles. Se no atual momento, muitos deles ou at\u00e9 mesmo todos, n\u00e3o podem ir ao Museu do P\u00e9rgamo, na Alemanha, acredito que como professor eu tenha que fazer o Museu do P\u00e9rgamo chegar at\u00e9 eles\u201d, finaliza.<\/span><\/p>\n<p><em><span style=\"font-family: arial, helvetica, sans-serif;\">Sob supervis\u00e3o de Thiago Mossini<\/span><\/em><\/p>\n","protected":false},"excerpt":{"rendered":"<p>Os alunos dos quintos anos da Escola Municipal Padre Symphoriano Kopf reproduziram durante aproximadamente 90 dias nas aulas de arte, sob orienta\u00e7\u00e3o do professor Adolfo Emanuel, o oitavo port\u00e3o da Babil\u00f4nia chamado de Porta de Ishtar. No total 130 alunos trabalharam no projeto, com intuito de aprofundar os estudos da hist\u00f3ria da arte. A assessora [&hellip;]<\/p>\n","protected":false},"author":2,"featured_media":0,"comment_status":"closed","ping_status":"open","sticky":false,"template":"","format":"standard","meta":{"ngg_post_thumbnail":0,"footnotes":""},"categories":[1],"tags":[],"class_list":["post-6656","post","type-post","status-publish","format-standard","hentry","category-principal"],"yoast_head":"<!-- This site is optimized with the Yoast SEO plugin v27.4 - https:\/\/yoast.com\/product\/yoast-seo-wordpress\/ -->\n<title>Alunos de escola municipal de Camb\u00e9 reproduzem Port\u00e3o da Babil\u00f4nia - Prefeitura de Camb\u00e9<\/title>\n<meta name=\"robots\" content=\"index, follow, max-snippet:-1, max-image-preview:large, max-video-preview:-1\" \/>\n<link rel=\"canonical\" href=\"https:\/\/www.cambe.pr.gov.br\/index.php\/alunos-de-escola-municipal-de-cambe-reproduzem-portao-da-babilonia\/\" \/>\n<meta property=\"og:locale\" content=\"pt_BR\" \/>\n<meta property=\"og:type\" content=\"article\" \/>\n<meta property=\"og:title\" content=\"Alunos de escola municipal de Camb\u00e9 reproduzem Port\u00e3o da Babil\u00f4nia - Prefeitura de Camb\u00e9\" \/>\n<meta property=\"og:description\" content=\"Os alunos dos quintos anos da Escola Municipal Padre Symphoriano Kopf reproduziram durante aproximadamente 90 dias nas aulas de arte, sob orienta\u00e7\u00e3o do professor Adolfo Emanuel, o oitavo port\u00e3o da Babil\u00f4nia chamado de Porta de Ishtar. No total 130 alunos trabalharam no projeto, com intuito de aprofundar os estudos da hist\u00f3ria da arte. A assessora [&hellip;]\" \/>\n<meta property=\"og:url\" content=\"https:\/\/www.cambe.pr.gov.br\/index.php\/alunos-de-escola-municipal-de-cambe-reproduzem-portao-da-babilonia\/\" \/>\n<meta property=\"og:site_name\" content=\"Prefeitura de Camb\u00e9\" \/>\n<meta property=\"article:publisher\" content=\"https:\/\/m.facebook.com\/prefeituradecambe\" \/>\n<meta property=\"article:published_time\" content=\"2022-07-14T16:41:22+00:00\" \/>\n<meta property=\"article:modified_time\" content=\"2024-10-07T16:00:59+00:00\" \/>\n<meta property=\"og:image\" content=\"http:\/\/www.cambe.pr.gov.br\/wp-content\/uploads\/2022\/07\/WhatsApp-Image-2022-07-14-at-13.22.34-e1657816867499-1024x683.jpeg\" \/>\n<meta name=\"author\" content=\"Thiago Mossini Balbino dos Santos\" \/>\n<meta name=\"twitter:card\" content=\"summary_large_image\" \/>\n<meta name=\"twitter:label1\" content=\"Escrito por\" \/>\n\t<meta name=\"twitter:data1\" content=\"Thiago Mossini Balbino dos Santos\" \/>\n\t<meta name=\"twitter:label2\" content=\"Est. tempo de leitura\" \/>\n\t<meta name=\"twitter:data2\" content=\"2 minutos\" \/>\n<script type=\"application\/ld+json\" class=\"yoast-schema-graph\">{\"@context\":\"https:\\\/\\\/schema.org\",\"@graph\":[{\"@type\":\"Article\",\"@id\":\"https:\\\/\\\/www.cambe.pr.gov.br\\\/index.php\\\/alunos-de-escola-municipal-de-cambe-reproduzem-portao-da-babilonia\\\/#article\",\"isPartOf\":{\"@id\":\"https:\\\/\\\/www.cambe.pr.gov.br\\\/index.php\\\/alunos-de-escola-municipal-de-cambe-reproduzem-portao-da-babilonia\\\/\"},\"author\":{\"name\":\"Thiago Mossini Balbino dos Santos\",\"@id\":\"https:\\\/\\\/www.cambe.pr.gov.br\\\/#\\\/schema\\\/person\\\/e08f7c43a641b2ec036e4e867ec483e4\"},\"headline\":\"Alunos de escola municipal de Camb\u00e9 reproduzem Port\u00e3o da Babil\u00f4nia\",\"datePublished\":\"2022-07-14T16:41:22+00:00\",\"dateModified\":\"2024-10-07T16:00:59+00:00\",\"mainEntityOfPage\":{\"@id\":\"https:\\\/\\\/www.cambe.pr.gov.br\\\/index.php\\\/alunos-de-escola-municipal-de-cambe-reproduzem-portao-da-babilonia\\\/\"},\"wordCount\":338,\"publisher\":{\"@id\":\"https:\\\/\\\/www.cambe.pr.gov.br\\\/#organization\"},\"image\":{\"@id\":\"https:\\\/\\\/www.cambe.pr.gov.br\\\/index.php\\\/alunos-de-escola-municipal-de-cambe-reproduzem-portao-da-babilonia\\\/#primaryimage\"},\"thumbnailUrl\":\"http:\\\/\\\/www.cambe.pr.gov.br\\\/wp-content\\\/uploads\\\/2022\\\/07\\\/WhatsApp-Image-2022-07-14-at-13.22.34-e1657816867499-1024x683.jpeg\",\"articleSection\":[\"Principal\"],\"inLanguage\":\"pt-BR\"},{\"@type\":\"WebPage\",\"@id\":\"https:\\\/\\\/www.cambe.pr.gov.br\\\/index.php\\\/alunos-de-escola-municipal-de-cambe-reproduzem-portao-da-babilonia\\\/\",\"url\":\"https:\\\/\\\/www.cambe.pr.gov.br\\\/index.php\\\/alunos-de-escola-municipal-de-cambe-reproduzem-portao-da-babilonia\\\/\",\"name\":\"Alunos de escola municipal de Camb\u00e9 reproduzem Port\u00e3o da Babil\u00f4nia - Prefeitura de Camb\u00e9\",\"isPartOf\":{\"@id\":\"https:\\\/\\\/www.cambe.pr.gov.br\\\/#website\"},\"primaryImageOfPage\":{\"@id\":\"https:\\\/\\\/www.cambe.pr.gov.br\\\/index.php\\\/alunos-de-escola-municipal-de-cambe-reproduzem-portao-da-babilonia\\\/#primaryimage\"},\"image\":{\"@id\":\"https:\\\/\\\/www.cambe.pr.gov.br\\\/index.php\\\/alunos-de-escola-municipal-de-cambe-reproduzem-portao-da-babilonia\\\/#primaryimage\"},\"thumbnailUrl\":\"http:\\\/\\\/www.cambe.pr.gov.br\\\/wp-content\\\/uploads\\\/2022\\\/07\\\/WhatsApp-Image-2022-07-14-at-13.22.34-e1657816867499-1024x683.jpeg\",\"datePublished\":\"2022-07-14T16:41:22+00:00\",\"dateModified\":\"2024-10-07T16:00:59+00:00\",\"breadcrumb\":{\"@id\":\"https:\\\/\\\/www.cambe.pr.gov.br\\\/index.php\\\/alunos-de-escola-municipal-de-cambe-reproduzem-portao-da-babilonia\\\/#breadcrumb\"},\"inLanguage\":\"pt-BR\",\"potentialAction\":[{\"@type\":\"ReadAction\",\"target\":[\"https:\\\/\\\/www.cambe.pr.gov.br\\\/index.php\\\/alunos-de-escola-municipal-de-cambe-reproduzem-portao-da-babilonia\\\/\"]}]},{\"@type\":\"ImageObject\",\"inLanguage\":\"pt-BR\",\"@id\":\"https:\\\/\\\/www.cambe.pr.gov.br\\\/index.php\\\/alunos-de-escola-municipal-de-cambe-reproduzem-portao-da-babilonia\\\/#primaryimage\",\"url\":\"http:\\\/\\\/www.cambe.pr.gov.br\\\/wp-content\\\/uploads\\\/2022\\\/07\\\/WhatsApp-Image-2022-07-14-at-13.22.34-e1657816867499-1024x683.jpeg\",\"contentUrl\":\"http:\\\/\\\/www.cambe.pr.gov.br\\\/wp-content\\\/uploads\\\/2022\\\/07\\\/WhatsApp-Image-2022-07-14-at-13.22.34-e1657816867499-1024x683.jpeg\"},{\"@type\":\"BreadcrumbList\",\"@id\":\"https:\\\/\\\/www.cambe.pr.gov.br\\\/index.php\\\/alunos-de-escola-municipal-de-cambe-reproduzem-portao-da-babilonia\\\/#breadcrumb\",\"itemListElement\":[{\"@type\":\"ListItem\",\"position\":1,\"name\":\"In\u00edcio\",\"item\":\"https:\\\/\\\/www.cambe.pr.gov.br\\\/\"},{\"@type\":\"ListItem\",\"position\":2,\"name\":\"Alunos de escola municipal de Camb\u00e9 reproduzem Port\u00e3o da Babil\u00f4nia\"}]},{\"@type\":\"WebSite\",\"@id\":\"https:\\\/\\\/www.cambe.pr.gov.br\\\/#website\",\"url\":\"https:\\\/\\\/www.cambe.pr.gov.br\\\/\",\"name\":\"Prefeitura de Camb\u00e9\",\"description\":\"UM GOVERNO PARA TODOS\",\"publisher\":{\"@id\":\"https:\\\/\\\/www.cambe.pr.gov.br\\\/#organization\"},\"potentialAction\":[{\"@type\":\"SearchAction\",\"target\":{\"@type\":\"EntryPoint\",\"urlTemplate\":\"https:\\\/\\\/www.cambe.pr.gov.br\\\/?s={search_term_string}\"},\"query-input\":{\"@type\":\"PropertyValueSpecification\",\"valueRequired\":true,\"valueName\":\"search_term_string\"}}],\"inLanguage\":\"pt-BR\"},{\"@type\":\"Organization\",\"@id\":\"https:\\\/\\\/www.cambe.pr.gov.br\\\/#organization\",\"name\":\"Prefeitura de Camb\u00e9\",\"url\":\"https:\\\/\\\/www.cambe.pr.gov.br\\\/\",\"logo\":{\"@type\":\"ImageObject\",\"inLanguage\":\"pt-BR\",\"@id\":\"https:\\\/\\\/www.cambe.pr.gov.br\\\/#\\\/schema\\\/logo\\\/image\\\/\",\"url\":\"https:\\\/\\\/www.cambe.pr.gov.br\\\/wp-content\\\/uploads\\\/2021\\\/01\\\/cropped-cropped-cambe_brazao-icone.png\",\"contentUrl\":\"https:\\\/\\\/www.cambe.pr.gov.br\\\/wp-content\\\/uploads\\\/2021\\\/01\\\/cropped-cropped-cambe_brazao-icone.png\",\"width\":240,\"height\":240,\"caption\":\"Prefeitura de Camb\u00e9\"},\"image\":{\"@id\":\"https:\\\/\\\/www.cambe.pr.gov.br\\\/#\\\/schema\\\/logo\\\/image\\\/\"},\"sameAs\":[\"https:\\\/\\\/m.facebook.com\\\/prefeituradecambe\"]},{\"@type\":\"Person\",\"@id\":\"https:\\\/\\\/www.cambe.pr.gov.br\\\/#\\\/schema\\\/person\\\/e08f7c43a641b2ec036e4e867ec483e4\",\"name\":\"Thiago Mossini Balbino dos Santos\",\"image\":{\"@type\":\"ImageObject\",\"inLanguage\":\"pt-BR\",\"@id\":\"https:\\\/\\\/secure.gravatar.com\\\/avatar\\\/d957ed4e1bc3ebf5769d1003f9709cd2012ebf424eb4a5d76a933fee30e874b6?s=96&d=mm&r=g\",\"url\":\"https:\\\/\\\/secure.gravatar.com\\\/avatar\\\/d957ed4e1bc3ebf5769d1003f9709cd2012ebf424eb4a5d76a933fee30e874b6?s=96&d=mm&r=g\",\"contentUrl\":\"https:\\\/\\\/secure.gravatar.com\\\/avatar\\\/d957ed4e1bc3ebf5769d1003f9709cd2012ebf424eb4a5d76a933fee30e874b6?s=96&d=mm&r=g\",\"caption\":\"Thiago Mossini Balbino dos Santos\"},\"url\":\"https:\\\/\\\/www.cambe.pr.gov.br\\\/index.php\\\/author\\\/tmbsantos\\\/\"}]}<\/script>\n<!-- \/ Yoast SEO plugin. -->","yoast_head_json":{"title":"Alunos de escola municipal de Camb\u00e9 reproduzem Port\u00e3o da Babil\u00f4nia - Prefeitura de Camb\u00e9","robots":{"index":"index","follow":"follow","max-snippet":"max-snippet:-1","max-image-preview":"max-image-preview:large","max-video-preview":"max-video-preview:-1"},"canonical":"https:\/\/www.cambe.pr.gov.br\/index.php\/alunos-de-escola-municipal-de-cambe-reproduzem-portao-da-babilonia\/","og_locale":"pt_BR","og_type":"article","og_title":"Alunos de escola municipal de Camb\u00e9 reproduzem Port\u00e3o da Babil\u00f4nia - Prefeitura de Camb\u00e9","og_description":"Os alunos dos quintos anos da Escola Municipal Padre Symphoriano Kopf reproduziram durante aproximadamente 90 dias nas aulas de arte, sob orienta\u00e7\u00e3o do professor Adolfo Emanuel, o oitavo port\u00e3o da Babil\u00f4nia chamado de Porta de Ishtar. No total 130 alunos trabalharam no projeto, com intuito de aprofundar os estudos da hist\u00f3ria da arte. A assessora [&hellip;]","og_url":"https:\/\/www.cambe.pr.gov.br\/index.php\/alunos-de-escola-municipal-de-cambe-reproduzem-portao-da-babilonia\/","og_site_name":"Prefeitura de Camb\u00e9","article_publisher":"https:\/\/m.facebook.com\/prefeituradecambe","article_published_time":"2022-07-14T16:41:22+00:00","article_modified_time":"2024-10-07T16:00:59+00:00","og_image":[{"url":"http:\/\/www.cambe.pr.gov.br\/wp-content\/uploads\/2022\/07\/WhatsApp-Image-2022-07-14-at-13.22.34-e1657816867499-1024x683.jpeg","type":"","width":"","height":""}],"author":"Thiago Mossini Balbino dos Santos","twitter_card":"summary_large_image","twitter_misc":{"Escrito por":"Thiago Mossini Balbino dos Santos","Est. tempo de leitura":"2 minutos"},"schema":{"@context":"https:\/\/schema.org","@graph":[{"@type":"Article","@id":"https:\/\/www.cambe.pr.gov.br\/index.php\/alunos-de-escola-municipal-de-cambe-reproduzem-portao-da-babilonia\/#article","isPartOf":{"@id":"https:\/\/www.cambe.pr.gov.br\/index.php\/alunos-de-escola-municipal-de-cambe-reproduzem-portao-da-babilonia\/"},"author":{"name":"Thiago Mossini Balbino dos Santos","@id":"https:\/\/www.cambe.pr.gov.br\/#\/schema\/person\/e08f7c43a641b2ec036e4e867ec483e4"},"headline":"Alunos de escola municipal de Camb\u00e9 reproduzem Port\u00e3o da Babil\u00f4nia","datePublished":"2022-07-14T16:41:22+00:00","dateModified":"2024-10-07T16:00:59+00:00","mainEntityOfPage":{"@id":"https:\/\/www.cambe.pr.gov.br\/index.php\/alunos-de-escola-municipal-de-cambe-reproduzem-portao-da-babilonia\/"},"wordCount":338,"publisher":{"@id":"https:\/\/www.cambe.pr.gov.br\/#organization"},"image":{"@id":"https:\/\/www.cambe.pr.gov.br\/index.php\/alunos-de-escola-municipal-de-cambe-reproduzem-portao-da-babilonia\/#primaryimage"},"thumbnailUrl":"http:\/\/www.cambe.pr.gov.br\/wp-content\/uploads\/2022\/07\/WhatsApp-Image-2022-07-14-at-13.22.34-e1657816867499-1024x683.jpeg","articleSection":["Principal"],"inLanguage":"pt-BR"},{"@type":"WebPage","@id":"https:\/\/www.cambe.pr.gov.br\/index.php\/alunos-de-escola-municipal-de-cambe-reproduzem-portao-da-babilonia\/","url":"https:\/\/www.cambe.pr.gov.br\/index.php\/alunos-de-escola-municipal-de-cambe-reproduzem-portao-da-babilonia\/","name":"Alunos de escola municipal de Camb\u00e9 reproduzem Port\u00e3o da Babil\u00f4nia - Prefeitura de Camb\u00e9","isPartOf":{"@id":"https:\/\/www.cambe.pr.gov.br\/#website"},"primaryImageOfPage":{"@id":"https:\/\/www.cambe.pr.gov.br\/index.php\/alunos-de-escola-municipal-de-cambe-reproduzem-portao-da-babilonia\/#primaryimage"},"image":{"@id":"https:\/\/www.cambe.pr.gov.br\/index.php\/alunos-de-escola-municipal-de-cambe-reproduzem-portao-da-babilonia\/#primaryimage"},"thumbnailUrl":"http:\/\/www.cambe.pr.gov.br\/wp-content\/uploads\/2022\/07\/WhatsApp-Image-2022-07-14-at-13.22.34-e1657816867499-1024x683.jpeg","datePublished":"2022-07-14T16:41:22+00:00","dateModified":"2024-10-07T16:00:59+00:00","breadcrumb":{"@id":"https:\/\/www.cambe.pr.gov.br\/index.php\/alunos-de-escola-municipal-de-cambe-reproduzem-portao-da-babilonia\/#breadcrumb"},"inLanguage":"pt-BR","potentialAction":[{"@type":"ReadAction","target":["https:\/\/www.cambe.pr.gov.br\/index.php\/alunos-de-escola-municipal-de-cambe-reproduzem-portao-da-babilonia\/"]}]},{"@type":"ImageObject","inLanguage":"pt-BR","@id":"https:\/\/www.cambe.pr.gov.br\/index.php\/alunos-de-escola-municipal-de-cambe-reproduzem-portao-da-babilonia\/#primaryimage","url":"http:\/\/www.cambe.pr.gov.br\/wp-content\/uploads\/2022\/07\/WhatsApp-Image-2022-07-14-at-13.22.34-e1657816867499-1024x683.jpeg","contentUrl":"http:\/\/www.cambe.pr.gov.br\/wp-content\/uploads\/2022\/07\/WhatsApp-Image-2022-07-14-at-13.22.34-e1657816867499-1024x683.jpeg"},{"@type":"BreadcrumbList","@id":"https:\/\/www.cambe.pr.gov.br\/index.php\/alunos-de-escola-municipal-de-cambe-reproduzem-portao-da-babilonia\/#breadcrumb","itemListElement":[{"@type":"ListItem","position":1,"name":"In\u00edcio","item":"https:\/\/www.cambe.pr.gov.br\/"},{"@type":"ListItem","position":2,"name":"Alunos de escola municipal de Camb\u00e9 reproduzem Port\u00e3o da Babil\u00f4nia"}]},{"@type":"WebSite","@id":"https:\/\/www.cambe.pr.gov.br\/#website","url":"https:\/\/www.cambe.pr.gov.br\/","name":"Prefeitura de Camb\u00e9","description":"UM GOVERNO PARA TODOS","publisher":{"@id":"https:\/\/www.cambe.pr.gov.br\/#organization"},"potentialAction":[{"@type":"SearchAction","target":{"@type":"EntryPoint","urlTemplate":"https:\/\/www.cambe.pr.gov.br\/?s={search_term_string}"},"query-input":{"@type":"PropertyValueSpecification","valueRequired":true,"valueName":"search_term_string"}}],"inLanguage":"pt-BR"},{"@type":"Organization","@id":"https:\/\/www.cambe.pr.gov.br\/#organization","name":"Prefeitura de Camb\u00e9","url":"https:\/\/www.cambe.pr.gov.br\/","logo":{"@type":"ImageObject","inLanguage":"pt-BR","@id":"https:\/\/www.cambe.pr.gov.br\/#\/schema\/logo\/image\/","url":"https:\/\/www.cambe.pr.gov.br\/wp-content\/uploads\/2021\/01\/cropped-cropped-cambe_brazao-icone.png","contentUrl":"https:\/\/www.cambe.pr.gov.br\/wp-content\/uploads\/2021\/01\/cropped-cropped-cambe_brazao-icone.png","width":240,"height":240,"caption":"Prefeitura de Camb\u00e9"},"image":{"@id":"https:\/\/www.cambe.pr.gov.br\/#\/schema\/logo\/image\/"},"sameAs":["https:\/\/m.facebook.com\/prefeituradecambe"]},{"@type":"Person","@id":"https:\/\/www.cambe.pr.gov.br\/#\/schema\/person\/e08f7c43a641b2ec036e4e867ec483e4","name":"Thiago Mossini Balbino dos Santos","image":{"@type":"ImageObject","inLanguage":"pt-BR","@id":"https:\/\/secure.gravatar.com\/avatar\/d957ed4e1bc3ebf5769d1003f9709cd2012ebf424eb4a5d76a933fee30e874b6?s=96&d=mm&r=g","url":"https:\/\/secure.gravatar.com\/avatar\/d957ed4e1bc3ebf5769d1003f9709cd2012ebf424eb4a5d76a933fee30e874b6?s=96&d=mm&r=g","contentUrl":"https:\/\/secure.gravatar.com\/avatar\/d957ed4e1bc3ebf5769d1003f9709cd2012ebf424eb4a5d76a933fee30e874b6?s=96&d=mm&r=g","caption":"Thiago Mossini Balbino dos Santos"},"url":"https:\/\/www.cambe.pr.gov.br\/index.php\/author\/tmbsantos\/"}]}},"_links":{"self":[{"href":"https:\/\/www.cambe.pr.gov.br\/index.php\/wp-json\/wp\/v2\/posts\/6656","targetHints":{"allow":["GET"]}}],"collection":[{"href":"https:\/\/www.cambe.pr.gov.br\/index.php\/wp-json\/wp\/v2\/posts"}],"about":[{"href":"https:\/\/www.cambe.pr.gov.br\/index.php\/wp-json\/wp\/v2\/types\/post"}],"author":[{"embeddable":true,"href":"https:\/\/www.cambe.pr.gov.br\/index.php\/wp-json\/wp\/v2\/users\/2"}],"replies":[{"embeddable":true,"href":"https:\/\/www.cambe.pr.gov.br\/index.php\/wp-json\/wp\/v2\/comments?post=6656"}],"version-history":[{"count":5,"href":"https:\/\/www.cambe.pr.gov.br\/index.php\/wp-json\/wp\/v2\/posts\/6656\/revisions"}],"predecessor-version":[{"id":6763,"href":"https:\/\/www.cambe.pr.gov.br\/index.php\/wp-json\/wp\/v2\/posts\/6656\/revisions\/6763"}],"wp:attachment":[{"href":"https:\/\/www.cambe.pr.gov.br\/index.php\/wp-json\/wp\/v2\/media?parent=6656"}],"wp:term":[{"taxonomy":"category","embeddable":true,"href":"https:\/\/www.cambe.pr.gov.br\/index.php\/wp-json\/wp\/v2\/categories?post=6656"},{"taxonomy":"post_tag","embeddable":true,"href":"https:\/\/www.cambe.pr.gov.br\/index.php\/wp-json\/wp\/v2\/tags?post=6656"}],"curies":[{"name":"wp","href":"https:\/\/api.w.org\/{rel}","templated":true}]}}