{"id":6620,"date":"2022-07-06T15:00:29","date_gmt":"2022-07-06T18:00:29","guid":{"rendered":"http:\/\/www.cambe.pr.gov.br\/?p=6620"},"modified":"2024-10-07T13:00:58","modified_gmt":"2024-10-07T16:00:58","slug":"zoonoses-entenda-o-que-e-esse-problema-e-como-ele-esta-ligado-a-sua-vida","status":"publish","type":"post","link":"https:\/\/www.cambe.pr.gov.br\/index.php\/zoonoses-entenda-o-que-e-esse-problema-e-como-ele-esta-ligado-a-sua-vida\/","title":{"rendered":"Zoonoses: entenda o que \u00e9 esse problema e como ele est\u00e1 ligado \u00e0 sua vida"},"content":{"rendered":"<p style=\"text-align: justify;\"><span style=\"font-weight: 400; font-family: arial, helvetica, sans-serif;\"><img fetchpriority=\"high\" decoding=\"async\" class=\"size-large wp-image-6629 alignleft\" src=\"https:\/\/www.cambe.pr.gov.br\/wp-content\/uploads\/2022\/07\/GCF6085-1024x683.jpg\" alt=\"\" width=\"610\" height=\"407\" srcset=\"https:\/\/www.cambe.pr.gov.br\/wp-content\/uploads\/2022\/07\/GCF6085-1024x683.jpg 1024w, https:\/\/www.cambe.pr.gov.br\/wp-content\/uploads\/2022\/07\/GCF6085-300x200.jpg 300w, https:\/\/www.cambe.pr.gov.br\/wp-content\/uploads\/2022\/07\/GCF6085-768x512.jpg 768w, https:\/\/www.cambe.pr.gov.br\/wp-content\/uploads\/2022\/07\/GCF6085-1536x1024.jpg 1536w, https:\/\/www.cambe.pr.gov.br\/wp-content\/uploads\/2022\/07\/GCF6085.jpg 2048w\" sizes=\"(max-width: 610px) 100vw, 610px\" \/>Quem n\u00e3o ama um animalzinho? Quem n\u00e3o gosta de conviver com um cachorro, gato, papagaio ou periquito? Eles deixam a rotina das pessoas mais alegre, mais cheia de vida. Tem sorriso mais verdadeiro que aquele que o seu cachorro d\u00e1 ap\u00f3s um longo dia de trabalho ou mesmo que voc\u00ea tenha sa\u00eddo h\u00e1 poucos minutos e ele te recepciona como se voc\u00eas n\u00e3o se vissem h\u00e1 muito tempo?<\/span><\/p>\n<p style=\"text-align: justify;\"><span style=\"font-weight: 400; font-family: arial, helvetica, sans-serif;\">Tamb\u00e9m t\u00eam aqueles animais que servem de alimento para as pessoas ou aqueles que n\u00f3s s\u00f3 admiramos, j\u00e1 que n\u00e3o s\u00e3o domestic\u00e1veis e tamb\u00e9m n\u00e3o s\u00e3o indicados para a nutri\u00e7\u00e3o. Definitivamente os animais s\u00e3o importantes para a vida humana, desde a alimenta\u00e7\u00e3o at\u00e9 a companhia e o amor que eles nos d\u00e3o. E isso vem desde os tempos mais antigos, em que o homem percebeu a necessidade de manter essa rela\u00e7\u00e3o com os animais. Quando o homem deixou de ser n\u00f4made e passou a domesticar animais ou ter uma cria\u00e7\u00e3o, a vida mudou.<\/span><\/p>\n<p style=\"text-align: justify;\"><span style=\"font-weight: 400; font-family: arial, helvetica, sans-serif;\">Entretanto, mesmo a conviv\u00eancia com os animais sendo fundamental e de grande import\u00e2ncia ao ser humano, \u00e9 essencial que as pessoas tomem alguns cuidados, j\u00e1 que os animais carregam doen\u00e7as que, potencialmente, podem ser transmitidas aos seres humanos.<\/span><\/p>\n<p style=\"text-align: justify;\"><span style=\"font-weight: 400; font-family: arial, helvetica, sans-serif;\">Como j\u00e1 dito, os animais, tanto dom\u00e9sticos quanto selvagens ou de cria\u00e7\u00e3o, podem transmitir doen\u00e7as infecciosas para os seres humanos, principalmente causadas por v\u00edrus, bact\u00e9rias ou parasitas. Esse tipo de transmiss\u00e3o \u00e9 chamada de zoonose e acontece quando um pat\u00f3geno que se originou em um animal contamina o ser humano, diretamente ou com um agente intermedi\u00e1rio.<\/span><\/p>\n<p style=\"text-align: justify;\"><span style=\"font-weight: 400; font-family: arial, helvetica, sans-serif;\">A contamina\u00e7\u00e3o pode acontecer de diferentes formas, dependendo do tipo de animal ou doen\u00e7a. Mas as principais formas s\u00e3o por meio de mordidas e arranh\u00f5es, pelo contato com secre\u00e7\u00f5es ou fezes, pela ingest\u00e3o da carne de animais ou alimentos contaminados e por vias a\u00e9reas.\u00a0<\/span><\/p>\n<p style=\"text-align: justify;\"><span style=\"font-weight: 400; font-family: arial, helvetica, sans-serif;\">O dia 06 de julho \u00e9 marcado como o Dia Mundial das Zoonoses, j\u00e1 que, nesta data, em 1885, o franc\u00eas Louis Pasteur aplicou a primeira vacina antirr\u00e1bica em uma pessoa. E o resultado foi um sucesso. A data tamb\u00e9m busca conscientizar a popula\u00e7\u00e3o a respeito da import\u00e2ncia da vacina\u00e7\u00e3o de animais dom\u00e9sticos e da necessidade de controlar a reprodu\u00e7\u00e3o de determinados tipos de esp\u00e9cies, como pombos e morcegos hemat\u00f3fagos.<\/span><\/p>\n<p style=\"text-align: justify;\"><span style=\"font-weight: 400; font-family: arial, helvetica, sans-serif;\">De acordo com a Organiza\u00e7\u00e3o Mundial de Sa\u00fade (OMS), existem mais de 200 tipos de zoonoses que circulam entre os animais e as pessoas, algumas mais graves e outras muito raras. Al\u00e9m disso, cerca de 60% das doen\u00e7as infecciosas que acometem as pessoas t\u00eam a sua origem em animais; tamb\u00e9m segundo a OMS, a cada ano surgem cinco novas doen\u00e7as e, dentre esse n\u00famero, tr\u00eas t\u00eam os animais como vetores.<\/span><\/p>\n<p style=\"text-align: justify;\"><span style=\"font-weight: 400; font-family: arial, helvetica, sans-serif;\">O caso mais recente e que ainda mexe com a vida das pessoas \u00e9 a Covid-19. Acredita-se que a pandemia do coronav\u00edrus teve sua origem em um animal, o morcego, e foi transmitida ao ser humano atrav\u00e9s do consumo da carne do pangolim, uma esp\u00e9cie de animal semelhante ao tamandu\u00e1. Essa doen\u00e7a infectou mais de 550 milh\u00f5es de pessoas no mundo, tirando a vida de cerca de seis milh\u00f5es.\u00a0<\/span><\/p>\n<p style=\"text-align: justify;\"><span style=\"font-weight: 400; font-family: arial, helvetica, sans-serif;\">A Covid-19 pode ser um dos casos mais recentes e impactantes, por\u00e9m diversas outras doen\u00e7as que circulam hoje entre a popula\u00e7\u00e3o tiveram sua origem em animais. Como exemplo, podemos citar o HIV (V\u00edrus da Imunodefici\u00eancia Humana), que acomete mais de 38 milh\u00f5es de pessoas no mundo e, apesar de ter um tratamento eficaz, ainda n\u00e3o tem cura. Segundo a OMS, a doen\u00e7a pode ter surgido ap\u00f3s os humanos consumirem a carne de chimpanz\u00e9s.\u00a0<\/span><\/p>\n<p style=\"text-align: justify;\"><span style=\"font-weight: 400; font-family: arial, helvetica, sans-serif;\">Outra doen\u00e7a, em que hoje o n\u00famero de casos vem crescendo por conta da queda gradual na vacina\u00e7\u00e3o, \u00e9 o sarampo. A doen\u00e7a infecta de 20 a 30 milh\u00f5es de pessoas ao ano, matando cerca de um milh\u00e3o. A forma de contamina\u00e7\u00e3o mais prov\u00e1vel do homem pela doen\u00e7a foi atrav\u00e9s da cria\u00e7\u00e3o de gado para consumo.<\/span><\/p>\n<p style=\"text-align: justify;\"><span style=\"font-weight: 400; font-family: arial, helvetica, sans-serif;\">A toxoplasmose tamb\u00e9m teve sua origem em animais, mais precisamente nos gatos. A contamina\u00e7\u00e3o acontece por meio da ingest\u00e3o dos ovos do parasita que s\u00e3o eliminados pelas fezes dos felinos, que contaminam a \u00e1gua e os alimentos. O ebola, que assolou parte da \u00c1frica entre 2013 e 2016, tamb\u00e9m come\u00e7ou em animais. O hospedeiro prim\u00e1rio foi o morcego de fruta e transmitido \u00e0s pessoas pelo consumo da carne de chimpanz\u00e9s, gorilas, ant\u00edlopes e porcos espinhos. O ebola matou mais de 11 mil pessoas.<\/span><\/p>\n<p style=\"text-align: justify;\"><span style=\"font-weight: 400; font-family: arial, helvetica, sans-serif;\">Agora que voc\u00ea j\u00e1 sabe que essas doen\u00e7as tiveram origem em animais, n\u00f3s precisamos falar sobre outro assunto: voc\u00ea sabe como evitar que elas se disseminem entre as pessoas?<\/span><\/p>\n<p style=\"text-align: justify;\"><span style=\"font-weight: 400; font-family: arial, helvetica, sans-serif;\">Um fator primordial, que merece aten\u00e7\u00e3o total da popula\u00e7\u00e3o, \u00e9 a vacina\u00e7\u00e3o de animais dom\u00e9sticos. Tanto quanto a castra\u00e7\u00e3o, \u00e9 fundamental que o seu bichinho receba todas as vacinas em dia. Al\u00e9m das vacinas que protegem os animais de doen\u00e7as graves, como a cinomose e a parvovirose para os cachorros e o parvov\u00edrus em gatos, eles tamb\u00e9m devem receber a vacina antirr\u00e1bica, que protege contra a raiva. Hoje, no Brasil, os cachorros e os gatos s\u00e3o os principais transmissores da doen\u00e7a, devido, infelizmente, \u00e0 n\u00e3o vacina\u00e7\u00e3o. Para os animais, a raiva n\u00e3o tem cura; para humanos, ela tem tratamento, entretanto \u00e9 uma doen\u00e7a extremamente grave, j\u00e1 que afeta o c\u00e9rebro e a medula espinhal.\u00a0<\/span><\/p>\n<p style=\"text-align: justify;\"><span style=\"font-weight: 400; font-family: arial, helvetica, sans-serif;\">Al\u00e9m da vacina\u00e7\u00e3o, \u00e9 importante que os animais dom\u00e9sticos n\u00e3o tenham acesso liberado \u00e0 rua. No caso dos gatos, por exemplo, eles podem se contaminar como o parasita que causa a toxoplasmose em humanos ao comerem carca\u00e7as ou carnes cruas contaminadas pelo agente, principalmente de animais silvestres. Dessa forma, o ideal \u00e9 que os gatos se alimentem apenas com ra\u00e7\u00e3o e que fiquem restritos \u00e0s casas e apartamentos. A toxoplasmose \u00e9 grave para gr\u00e1vidas e pessoas com o sistema imunol\u00f3gico debilitado.\u00a0<\/span><\/p>\n<p style=\"text-align: justify;\"><span style=\"font-weight: 400; font-family: arial, helvetica, sans-serif;\">Outro problema importante a respeito desse assunto est\u00e1 na dificuldade de controlar a popula\u00e7\u00e3o de algumas esp\u00e9cies de animais nas cidades, como os pombos. Esses p\u00e1ssaros podem transmitir a criptococose, a \u2018doen\u00e7a do pombo\u2019, como \u00e9 popularmente conhecida. A contamina\u00e7\u00e3o acontece por meio do contato com as fezes dos animais, principalmente atrav\u00e9s das vias a\u00e9reas. Por isso, o conselho \u00e9 nunca alimentar os pombos, j\u00e1 que assim eles v\u00e3o procurar comida fora das cidades. <\/span><span style=\"font-weight: 400; font-family: arial, helvetica, sans-serif;\">No caso dos morcegos, que podem ser transmissores da raiva, afetando animais dom\u00e9sticos e seres humanos, s\u00f3 h\u00e1 perigo se houver a intera\u00e7\u00e3o do homem com o animal, caso contr\u00e1rio, \u00e9 um animal importante e que auxilia no reflorestamento e no controle de insetos. Al\u00e9m disso, algumas esp\u00e9cies, inclusive, est\u00e3o em risco de extin\u00e7\u00e3o.\u00a0<\/span><\/p>\n<p style=\"text-align: justify;\"><span style=\"font-weight: 400; font-family: arial, helvetica, sans-serif;\">Entretanto, mesmo tomando os cuidados necess\u00e1rios, acidentes ainda podem acontecer. Maur\u00edcio Gomes, bi\u00f3logo da Secretaria de Meio Ambiente, explica a import\u00e2ncia de agir r\u00e1pido ao sofrer algum acidente com animal, principalmente no caso de animais silvestres ou de rua. \u201cSe voc\u00ea for mordido ou arranhado por um cachorro que vive na rua, o ideal \u00e9 lavar imediatamente o local com \u00e1gua corrente e sab\u00e3o e ir at\u00e9 a Unidade de Sa\u00fade mais pr\u00f3xima, que vai te encaminhar para receber os devidos cuidados\u201d, ressalta. Segundo ele, os primeiros tratamentos envolvem a aplica\u00e7\u00e3o de vacinas ou soroterapia.<\/span><\/p>\n<p style=\"text-align: justify;\"><span style=\"font-weight: 400; font-family: arial, helvetica, sans-serif;\">Gomes tamb\u00e9m esclarece que ao se deparar com animais mortos, como morcegos, \u00e9 fundamental cobrir o animal com algum objeto e nunca tocar ou deixar que algu\u00e9m se aproxime muito, principalmente as crian\u00e7as. \u201cA pessoa deve imediatamente comunicar a Vigil\u00e2ncia Epidemiol\u00f3gica ou a Vigil\u00e2ncia Ambiental, que vai fazer a retirada adequada do animal e o envio ao Laborat\u00f3rio Central do Paran\u00e1 (Lacen) para a coleta de amostras para averiguar se h\u00e1 a presen\u00e7a do v\u00edrus da raiva\u201d, afirma. Segundo ele, animais mortos nunca devem ser descartados em lixos, j\u00e1 que o descarte irregular acarreta um perigo para os coletores de lixo e para os trabalhadores de aterros sanit\u00e1rios. <\/span><\/p>\n<p style=\"text-align: justify;\"><span style=\"font-family: arial, helvetica, sans-serif;\"><span style=\"font-weight: 400;\">Os telefones para contato para tratar sobre esses assuntos s\u00e3o: <\/span><span style=\"font-weight: 400;\">3174-0226, 3174-0215 e o 3174-2890, que funcionam de segunda a sexta-feira, das 8h30 \u00e0s 11h30 e das 13h \u00e0s 17h.\u00a0<\/span><\/span><\/p>\n","protected":false},"excerpt":{"rendered":"<p>Quem n\u00e3o ama um animalzinho? Quem n\u00e3o gosta de conviver com um cachorro, gato, papagaio ou periquito? Eles deixam a rotina das pessoas mais alegre, mais cheia de vida. Tem sorriso mais verdadeiro que aquele que o seu cachorro d\u00e1 ap\u00f3s um longo dia de trabalho ou mesmo que voc\u00ea tenha sa\u00eddo h\u00e1 poucos minutos [&hellip;]<\/p>\n","protected":false},"author":2,"featured_media":0,"comment_status":"closed","ping_status":"open","sticky":false,"template":"","format":"standard","meta":{"ngg_post_thumbnail":0,"footnotes":""},"categories":[1],"tags":[],"class_list":["post-6620","post","type-post","status-publish","format-standard","hentry","category-principal"],"yoast_head":"<!-- This site is optimized with the Yoast SEO plugin v27.4 - https:\/\/yoast.com\/product\/yoast-seo-wordpress\/ -->\n<title>Zoonoses: entenda o que \u00e9 esse problema e como ele est\u00e1 ligado \u00e0 sua vida - Prefeitura de Camb\u00e9<\/title>\n<meta name=\"robots\" content=\"index, follow, max-snippet:-1, max-image-preview:large, max-video-preview:-1\" \/>\n<link rel=\"canonical\" href=\"https:\/\/www.cambe.pr.gov.br\/index.php\/zoonoses-entenda-o-que-e-esse-problema-e-como-ele-esta-ligado-a-sua-vida\/\" \/>\n<meta property=\"og:locale\" content=\"pt_BR\" \/>\n<meta property=\"og:type\" content=\"article\" \/>\n<meta property=\"og:title\" content=\"Zoonoses: entenda o que \u00e9 esse problema e como ele est\u00e1 ligado \u00e0 sua vida - Prefeitura de Camb\u00e9\" \/>\n<meta property=\"og:description\" content=\"Quem n\u00e3o ama um animalzinho? Quem n\u00e3o gosta de conviver com um cachorro, gato, papagaio ou periquito? Eles deixam a rotina das pessoas mais alegre, mais cheia de vida. Tem sorriso mais verdadeiro que aquele que o seu cachorro d\u00e1 ap\u00f3s um longo dia de trabalho ou mesmo que voc\u00ea tenha sa\u00eddo h\u00e1 poucos minutos [&hellip;]\" \/>\n<meta property=\"og:url\" content=\"https:\/\/www.cambe.pr.gov.br\/index.php\/zoonoses-entenda-o-que-e-esse-problema-e-como-ele-esta-ligado-a-sua-vida\/\" \/>\n<meta property=\"og:site_name\" content=\"Prefeitura de Camb\u00e9\" \/>\n<meta property=\"article:publisher\" content=\"https:\/\/m.facebook.com\/prefeituradecambe\" \/>\n<meta property=\"article:published_time\" content=\"2022-07-06T18:00:29+00:00\" \/>\n<meta property=\"article:modified_time\" content=\"2024-10-07T16:00:58+00:00\" \/>\n<meta property=\"og:image\" content=\"http:\/\/www.cambe.pr.gov.br\/wp-content\/uploads\/2022\/07\/GCF6085-1024x683.jpg\" \/>\n<meta name=\"author\" content=\"Thiago Mossini Balbino dos Santos\" \/>\n<meta name=\"twitter:card\" content=\"summary_large_image\" \/>\n<meta name=\"twitter:label1\" content=\"Escrito por\" \/>\n\t<meta name=\"twitter:data1\" content=\"Thiago Mossini Balbino dos Santos\" \/>\n\t<meta name=\"twitter:label2\" content=\"Est. tempo de leitura\" \/>\n\t<meta name=\"twitter:data2\" content=\"7 minutos\" \/>\n<script type=\"application\/ld+json\" class=\"yoast-schema-graph\">{\"@context\":\"https:\\\/\\\/schema.org\",\"@graph\":[{\"@type\":\"Article\",\"@id\":\"https:\\\/\\\/www.cambe.pr.gov.br\\\/index.php\\\/zoonoses-entenda-o-que-e-esse-problema-e-como-ele-esta-ligado-a-sua-vida\\\/#article\",\"isPartOf\":{\"@id\":\"https:\\\/\\\/www.cambe.pr.gov.br\\\/index.php\\\/zoonoses-entenda-o-que-e-esse-problema-e-como-ele-esta-ligado-a-sua-vida\\\/\"},\"author\":{\"name\":\"Thiago Mossini Balbino dos Santos\",\"@id\":\"https:\\\/\\\/www.cambe.pr.gov.br\\\/#\\\/schema\\\/person\\\/e08f7c43a641b2ec036e4e867ec483e4\"},\"headline\":\"Zoonoses: entenda o que \u00e9 esse problema e como ele est\u00e1 ligado \u00e0 sua vida\",\"datePublished\":\"2022-07-06T18:00:29+00:00\",\"dateModified\":\"2024-10-07T16:00:58+00:00\",\"mainEntityOfPage\":{\"@id\":\"https:\\\/\\\/www.cambe.pr.gov.br\\\/index.php\\\/zoonoses-entenda-o-que-e-esse-problema-e-como-ele-esta-ligado-a-sua-vida\\\/\"},\"wordCount\":1447,\"publisher\":{\"@id\":\"https:\\\/\\\/www.cambe.pr.gov.br\\\/#organization\"},\"image\":{\"@id\":\"https:\\\/\\\/www.cambe.pr.gov.br\\\/index.php\\\/zoonoses-entenda-o-que-e-esse-problema-e-como-ele-esta-ligado-a-sua-vida\\\/#primaryimage\"},\"thumbnailUrl\":\"http:\\\/\\\/www.cambe.pr.gov.br\\\/wp-content\\\/uploads\\\/2022\\\/07\\\/GCF6085-1024x683.jpg\",\"articleSection\":[\"Principal\"],\"inLanguage\":\"pt-BR\"},{\"@type\":\"WebPage\",\"@id\":\"https:\\\/\\\/www.cambe.pr.gov.br\\\/index.php\\\/zoonoses-entenda-o-que-e-esse-problema-e-como-ele-esta-ligado-a-sua-vida\\\/\",\"url\":\"https:\\\/\\\/www.cambe.pr.gov.br\\\/index.php\\\/zoonoses-entenda-o-que-e-esse-problema-e-como-ele-esta-ligado-a-sua-vida\\\/\",\"name\":\"Zoonoses: entenda o que \u00e9 esse problema e como ele est\u00e1 ligado \u00e0 sua vida - Prefeitura de Camb\u00e9\",\"isPartOf\":{\"@id\":\"https:\\\/\\\/www.cambe.pr.gov.br\\\/#website\"},\"primaryImageOfPage\":{\"@id\":\"https:\\\/\\\/www.cambe.pr.gov.br\\\/index.php\\\/zoonoses-entenda-o-que-e-esse-problema-e-como-ele-esta-ligado-a-sua-vida\\\/#primaryimage\"},\"image\":{\"@id\":\"https:\\\/\\\/www.cambe.pr.gov.br\\\/index.php\\\/zoonoses-entenda-o-que-e-esse-problema-e-como-ele-esta-ligado-a-sua-vida\\\/#primaryimage\"},\"thumbnailUrl\":\"http:\\\/\\\/www.cambe.pr.gov.br\\\/wp-content\\\/uploads\\\/2022\\\/07\\\/GCF6085-1024x683.jpg\",\"datePublished\":\"2022-07-06T18:00:29+00:00\",\"dateModified\":\"2024-10-07T16:00:58+00:00\",\"breadcrumb\":{\"@id\":\"https:\\\/\\\/www.cambe.pr.gov.br\\\/index.php\\\/zoonoses-entenda-o-que-e-esse-problema-e-como-ele-esta-ligado-a-sua-vida\\\/#breadcrumb\"},\"inLanguage\":\"pt-BR\",\"potentialAction\":[{\"@type\":\"ReadAction\",\"target\":[\"https:\\\/\\\/www.cambe.pr.gov.br\\\/index.php\\\/zoonoses-entenda-o-que-e-esse-problema-e-como-ele-esta-ligado-a-sua-vida\\\/\"]}]},{\"@type\":\"ImageObject\",\"inLanguage\":\"pt-BR\",\"@id\":\"https:\\\/\\\/www.cambe.pr.gov.br\\\/index.php\\\/zoonoses-entenda-o-que-e-esse-problema-e-como-ele-esta-ligado-a-sua-vida\\\/#primaryimage\",\"url\":\"http:\\\/\\\/www.cambe.pr.gov.br\\\/wp-content\\\/uploads\\\/2022\\\/07\\\/GCF6085-1024x683.jpg\",\"contentUrl\":\"http:\\\/\\\/www.cambe.pr.gov.br\\\/wp-content\\\/uploads\\\/2022\\\/07\\\/GCF6085-1024x683.jpg\"},{\"@type\":\"BreadcrumbList\",\"@id\":\"https:\\\/\\\/www.cambe.pr.gov.br\\\/index.php\\\/zoonoses-entenda-o-que-e-esse-problema-e-como-ele-esta-ligado-a-sua-vida\\\/#breadcrumb\",\"itemListElement\":[{\"@type\":\"ListItem\",\"position\":1,\"name\":\"In\u00edcio\",\"item\":\"https:\\\/\\\/www.cambe.pr.gov.br\\\/\"},{\"@type\":\"ListItem\",\"position\":2,\"name\":\"Zoonoses: entenda o que \u00e9 esse problema e como ele est\u00e1 ligado \u00e0 sua vida\"}]},{\"@type\":\"WebSite\",\"@id\":\"https:\\\/\\\/www.cambe.pr.gov.br\\\/#website\",\"url\":\"https:\\\/\\\/www.cambe.pr.gov.br\\\/\",\"name\":\"Prefeitura de Camb\u00e9\",\"description\":\"UM GOVERNO PARA TODOS\",\"publisher\":{\"@id\":\"https:\\\/\\\/www.cambe.pr.gov.br\\\/#organization\"},\"potentialAction\":[{\"@type\":\"SearchAction\",\"target\":{\"@type\":\"EntryPoint\",\"urlTemplate\":\"https:\\\/\\\/www.cambe.pr.gov.br\\\/?s={search_term_string}\"},\"query-input\":{\"@type\":\"PropertyValueSpecification\",\"valueRequired\":true,\"valueName\":\"search_term_string\"}}],\"inLanguage\":\"pt-BR\"},{\"@type\":\"Organization\",\"@id\":\"https:\\\/\\\/www.cambe.pr.gov.br\\\/#organization\",\"name\":\"Prefeitura de Camb\u00e9\",\"url\":\"https:\\\/\\\/www.cambe.pr.gov.br\\\/\",\"logo\":{\"@type\":\"ImageObject\",\"inLanguage\":\"pt-BR\",\"@id\":\"https:\\\/\\\/www.cambe.pr.gov.br\\\/#\\\/schema\\\/logo\\\/image\\\/\",\"url\":\"https:\\\/\\\/www.cambe.pr.gov.br\\\/wp-content\\\/uploads\\\/2021\\\/01\\\/cropped-cropped-cambe_brazao-icone.png\",\"contentUrl\":\"https:\\\/\\\/www.cambe.pr.gov.br\\\/wp-content\\\/uploads\\\/2021\\\/01\\\/cropped-cropped-cambe_brazao-icone.png\",\"width\":240,\"height\":240,\"caption\":\"Prefeitura de Camb\u00e9\"},\"image\":{\"@id\":\"https:\\\/\\\/www.cambe.pr.gov.br\\\/#\\\/schema\\\/logo\\\/image\\\/\"},\"sameAs\":[\"https:\\\/\\\/m.facebook.com\\\/prefeituradecambe\"]},{\"@type\":\"Person\",\"@id\":\"https:\\\/\\\/www.cambe.pr.gov.br\\\/#\\\/schema\\\/person\\\/e08f7c43a641b2ec036e4e867ec483e4\",\"name\":\"Thiago Mossini Balbino dos Santos\",\"image\":{\"@type\":\"ImageObject\",\"inLanguage\":\"pt-BR\",\"@id\":\"https:\\\/\\\/secure.gravatar.com\\\/avatar\\\/d957ed4e1bc3ebf5769d1003f9709cd2012ebf424eb4a5d76a933fee30e874b6?s=96&d=mm&r=g\",\"url\":\"https:\\\/\\\/secure.gravatar.com\\\/avatar\\\/d957ed4e1bc3ebf5769d1003f9709cd2012ebf424eb4a5d76a933fee30e874b6?s=96&d=mm&r=g\",\"contentUrl\":\"https:\\\/\\\/secure.gravatar.com\\\/avatar\\\/d957ed4e1bc3ebf5769d1003f9709cd2012ebf424eb4a5d76a933fee30e874b6?s=96&d=mm&r=g\",\"caption\":\"Thiago Mossini Balbino dos Santos\"},\"url\":\"https:\\\/\\\/www.cambe.pr.gov.br\\\/index.php\\\/author\\\/tmbsantos\\\/\"}]}<\/script>\n<!-- \/ Yoast SEO plugin. -->","yoast_head_json":{"title":"Zoonoses: entenda o que \u00e9 esse problema e como ele est\u00e1 ligado \u00e0 sua vida - Prefeitura de Camb\u00e9","robots":{"index":"index","follow":"follow","max-snippet":"max-snippet:-1","max-image-preview":"max-image-preview:large","max-video-preview":"max-video-preview:-1"},"canonical":"https:\/\/www.cambe.pr.gov.br\/index.php\/zoonoses-entenda-o-que-e-esse-problema-e-como-ele-esta-ligado-a-sua-vida\/","og_locale":"pt_BR","og_type":"article","og_title":"Zoonoses: entenda o que \u00e9 esse problema e como ele est\u00e1 ligado \u00e0 sua vida - Prefeitura de Camb\u00e9","og_description":"Quem n\u00e3o ama um animalzinho? Quem n\u00e3o gosta de conviver com um cachorro, gato, papagaio ou periquito? Eles deixam a rotina das pessoas mais alegre, mais cheia de vida. Tem sorriso mais verdadeiro que aquele que o seu cachorro d\u00e1 ap\u00f3s um longo dia de trabalho ou mesmo que voc\u00ea tenha sa\u00eddo h\u00e1 poucos minutos [&hellip;]","og_url":"https:\/\/www.cambe.pr.gov.br\/index.php\/zoonoses-entenda-o-que-e-esse-problema-e-como-ele-esta-ligado-a-sua-vida\/","og_site_name":"Prefeitura de Camb\u00e9","article_publisher":"https:\/\/m.facebook.com\/prefeituradecambe","article_published_time":"2022-07-06T18:00:29+00:00","article_modified_time":"2024-10-07T16:00:58+00:00","og_image":[{"url":"http:\/\/www.cambe.pr.gov.br\/wp-content\/uploads\/2022\/07\/GCF6085-1024x683.jpg","type":"","width":"","height":""}],"author":"Thiago Mossini Balbino dos Santos","twitter_card":"summary_large_image","twitter_misc":{"Escrito por":"Thiago Mossini Balbino dos Santos","Est. tempo de leitura":"7 minutos"},"schema":{"@context":"https:\/\/schema.org","@graph":[{"@type":"Article","@id":"https:\/\/www.cambe.pr.gov.br\/index.php\/zoonoses-entenda-o-que-e-esse-problema-e-como-ele-esta-ligado-a-sua-vida\/#article","isPartOf":{"@id":"https:\/\/www.cambe.pr.gov.br\/index.php\/zoonoses-entenda-o-que-e-esse-problema-e-como-ele-esta-ligado-a-sua-vida\/"},"author":{"name":"Thiago Mossini Balbino dos Santos","@id":"https:\/\/www.cambe.pr.gov.br\/#\/schema\/person\/e08f7c43a641b2ec036e4e867ec483e4"},"headline":"Zoonoses: entenda o que \u00e9 esse problema e como ele est\u00e1 ligado \u00e0 sua vida","datePublished":"2022-07-06T18:00:29+00:00","dateModified":"2024-10-07T16:00:58+00:00","mainEntityOfPage":{"@id":"https:\/\/www.cambe.pr.gov.br\/index.php\/zoonoses-entenda-o-que-e-esse-problema-e-como-ele-esta-ligado-a-sua-vida\/"},"wordCount":1447,"publisher":{"@id":"https:\/\/www.cambe.pr.gov.br\/#organization"},"image":{"@id":"https:\/\/www.cambe.pr.gov.br\/index.php\/zoonoses-entenda-o-que-e-esse-problema-e-como-ele-esta-ligado-a-sua-vida\/#primaryimage"},"thumbnailUrl":"http:\/\/www.cambe.pr.gov.br\/wp-content\/uploads\/2022\/07\/GCF6085-1024x683.jpg","articleSection":["Principal"],"inLanguage":"pt-BR"},{"@type":"WebPage","@id":"https:\/\/www.cambe.pr.gov.br\/index.php\/zoonoses-entenda-o-que-e-esse-problema-e-como-ele-esta-ligado-a-sua-vida\/","url":"https:\/\/www.cambe.pr.gov.br\/index.php\/zoonoses-entenda-o-que-e-esse-problema-e-como-ele-esta-ligado-a-sua-vida\/","name":"Zoonoses: entenda o que \u00e9 esse problema e como ele est\u00e1 ligado \u00e0 sua vida - Prefeitura de Camb\u00e9","isPartOf":{"@id":"https:\/\/www.cambe.pr.gov.br\/#website"},"primaryImageOfPage":{"@id":"https:\/\/www.cambe.pr.gov.br\/index.php\/zoonoses-entenda-o-que-e-esse-problema-e-como-ele-esta-ligado-a-sua-vida\/#primaryimage"},"image":{"@id":"https:\/\/www.cambe.pr.gov.br\/index.php\/zoonoses-entenda-o-que-e-esse-problema-e-como-ele-esta-ligado-a-sua-vida\/#primaryimage"},"thumbnailUrl":"http:\/\/www.cambe.pr.gov.br\/wp-content\/uploads\/2022\/07\/GCF6085-1024x683.jpg","datePublished":"2022-07-06T18:00:29+00:00","dateModified":"2024-10-07T16:00:58+00:00","breadcrumb":{"@id":"https:\/\/www.cambe.pr.gov.br\/index.php\/zoonoses-entenda-o-que-e-esse-problema-e-como-ele-esta-ligado-a-sua-vida\/#breadcrumb"},"inLanguage":"pt-BR","potentialAction":[{"@type":"ReadAction","target":["https:\/\/www.cambe.pr.gov.br\/index.php\/zoonoses-entenda-o-que-e-esse-problema-e-como-ele-esta-ligado-a-sua-vida\/"]}]},{"@type":"ImageObject","inLanguage":"pt-BR","@id":"https:\/\/www.cambe.pr.gov.br\/index.php\/zoonoses-entenda-o-que-e-esse-problema-e-como-ele-esta-ligado-a-sua-vida\/#primaryimage","url":"http:\/\/www.cambe.pr.gov.br\/wp-content\/uploads\/2022\/07\/GCF6085-1024x683.jpg","contentUrl":"http:\/\/www.cambe.pr.gov.br\/wp-content\/uploads\/2022\/07\/GCF6085-1024x683.jpg"},{"@type":"BreadcrumbList","@id":"https:\/\/www.cambe.pr.gov.br\/index.php\/zoonoses-entenda-o-que-e-esse-problema-e-como-ele-esta-ligado-a-sua-vida\/#breadcrumb","itemListElement":[{"@type":"ListItem","position":1,"name":"In\u00edcio","item":"https:\/\/www.cambe.pr.gov.br\/"},{"@type":"ListItem","position":2,"name":"Zoonoses: entenda o que \u00e9 esse problema e como ele est\u00e1 ligado \u00e0 sua vida"}]},{"@type":"WebSite","@id":"https:\/\/www.cambe.pr.gov.br\/#website","url":"https:\/\/www.cambe.pr.gov.br\/","name":"Prefeitura de Camb\u00e9","description":"UM GOVERNO PARA TODOS","publisher":{"@id":"https:\/\/www.cambe.pr.gov.br\/#organization"},"potentialAction":[{"@type":"SearchAction","target":{"@type":"EntryPoint","urlTemplate":"https:\/\/www.cambe.pr.gov.br\/?s={search_term_string}"},"query-input":{"@type":"PropertyValueSpecification","valueRequired":true,"valueName":"search_term_string"}}],"inLanguage":"pt-BR"},{"@type":"Organization","@id":"https:\/\/www.cambe.pr.gov.br\/#organization","name":"Prefeitura de Camb\u00e9","url":"https:\/\/www.cambe.pr.gov.br\/","logo":{"@type":"ImageObject","inLanguage":"pt-BR","@id":"https:\/\/www.cambe.pr.gov.br\/#\/schema\/logo\/image\/","url":"https:\/\/www.cambe.pr.gov.br\/wp-content\/uploads\/2021\/01\/cropped-cropped-cambe_brazao-icone.png","contentUrl":"https:\/\/www.cambe.pr.gov.br\/wp-content\/uploads\/2021\/01\/cropped-cropped-cambe_brazao-icone.png","width":240,"height":240,"caption":"Prefeitura de Camb\u00e9"},"image":{"@id":"https:\/\/www.cambe.pr.gov.br\/#\/schema\/logo\/image\/"},"sameAs":["https:\/\/m.facebook.com\/prefeituradecambe"]},{"@type":"Person","@id":"https:\/\/www.cambe.pr.gov.br\/#\/schema\/person\/e08f7c43a641b2ec036e4e867ec483e4","name":"Thiago Mossini Balbino dos Santos","image":{"@type":"ImageObject","inLanguage":"pt-BR","@id":"https:\/\/secure.gravatar.com\/avatar\/d957ed4e1bc3ebf5769d1003f9709cd2012ebf424eb4a5d76a933fee30e874b6?s=96&d=mm&r=g","url":"https:\/\/secure.gravatar.com\/avatar\/d957ed4e1bc3ebf5769d1003f9709cd2012ebf424eb4a5d76a933fee30e874b6?s=96&d=mm&r=g","contentUrl":"https:\/\/secure.gravatar.com\/avatar\/d957ed4e1bc3ebf5769d1003f9709cd2012ebf424eb4a5d76a933fee30e874b6?s=96&d=mm&r=g","caption":"Thiago Mossini Balbino dos Santos"},"url":"https:\/\/www.cambe.pr.gov.br\/index.php\/author\/tmbsantos\/"}]}},"_links":{"self":[{"href":"https:\/\/www.cambe.pr.gov.br\/index.php\/wp-json\/wp\/v2\/posts\/6620","targetHints":{"allow":["GET"]}}],"collection":[{"href":"https:\/\/www.cambe.pr.gov.br\/index.php\/wp-json\/wp\/v2\/posts"}],"about":[{"href":"https:\/\/www.cambe.pr.gov.br\/index.php\/wp-json\/wp\/v2\/types\/post"}],"author":[{"embeddable":true,"href":"https:\/\/www.cambe.pr.gov.br\/index.php\/wp-json\/wp\/v2\/users\/2"}],"replies":[{"embeddable":true,"href":"https:\/\/www.cambe.pr.gov.br\/index.php\/wp-json\/wp\/v2\/comments?post=6620"}],"version-history":[{"count":8,"href":"https:\/\/www.cambe.pr.gov.br\/index.php\/wp-json\/wp\/v2\/posts\/6620\/revisions"}],"predecessor-version":[{"id":6679,"href":"https:\/\/www.cambe.pr.gov.br\/index.php\/wp-json\/wp\/v2\/posts\/6620\/revisions\/6679"}],"wp:attachment":[{"href":"https:\/\/www.cambe.pr.gov.br\/index.php\/wp-json\/wp\/v2\/media?parent=6620"}],"wp:term":[{"taxonomy":"category","embeddable":true,"href":"https:\/\/www.cambe.pr.gov.br\/index.php\/wp-json\/wp\/v2\/categories?post=6620"},{"taxonomy":"post_tag","embeddable":true,"href":"https:\/\/www.cambe.pr.gov.br\/index.php\/wp-json\/wp\/v2\/tags?post=6620"}],"curies":[{"name":"wp","href":"https:\/\/api.w.org\/{rel}","templated":true}]}}