{"id":6612,"date":"2022-07-05T17:51:19","date_gmt":"2022-07-05T20:51:19","guid":{"rendered":"http:\/\/www.cambe.pr.gov.br\/?p=6612"},"modified":"2024-10-07T13:00:58","modified_gmt":"2024-10-07T16:00:58","slug":"procon-de-cambe-notifica-postos-de-combustiveis-sobre-a-queda-no-preco-da-gasolina","status":"publish","type":"post","link":"https:\/\/www.cambe.pr.gov.br\/index.php\/procon-de-cambe-notifica-postos-de-combustiveis-sobre-a-queda-no-preco-da-gasolina\/","title":{"rendered":"Procon de Camb\u00e9 notifica postos de combust\u00edveis sobre a queda no pre\u00e7o da gasolina"},"content":{"rendered":"<p style=\"text-align: justify;\"><span style=\"font-weight: 400; font-family: arial, helvetica, sans-serif;\"><img fetchpriority=\"high\" decoding=\"async\" class=\"alignleft wp-image-4934\" src=\"https:\/\/www.cambe.pr.gov.br\/wp-content\/uploads\/2022\/03\/postofiscal-e1652112181104.jpg\" alt=\"\" width=\"600\" height=\"401\" srcset=\"https:\/\/www.cambe.pr.gov.br\/wp-content\/uploads\/2022\/03\/postofiscal-e1652112181104.jpg 554w, https:\/\/www.cambe.pr.gov.br\/wp-content\/uploads\/2022\/03\/postofiscal-e1652112181104-300x200.jpg 300w\" sizes=\"(max-width: 600px) 100vw, 600px\" \/>Para dar um pouco de al\u00edvio aos bolsos dos motoristas, depois de v\u00e1rias altas seguidas, o pre\u00e7o do litro da gasolina finalmente apresentou uma queda. Por conta disso, o Procon de Camb\u00e9 est\u00e1 fazendo uma fiscaliza\u00e7\u00e3o em todos os postos de combust\u00edveis do munic\u00edpio para averiguar se esses novos valores est\u00e3o sendo repassados aos consumidores. Essa orienta\u00e7\u00e3o aconteceu nesta segunda-feira (04) e foi feita nos 20 postos de combust\u00edvel do munic\u00edpio, assim como vem acontecendo em outras cidades do Paran\u00e1.&nbsp;<\/span><\/p>\n<p style=\"text-align: justify;\"><span style=\"font-weight: 400; font-family: arial, helvetica, sans-serif;\">Willian Train, coordenador do Procon de Camb\u00e9, detalha que os postos tamb\u00e9m foram orientados a manter, em local vis\u00edvel, uma tabela com os novos valores. \u201cEsses dados devem ser atualizados diariamente com alguma altera\u00e7\u00e3o que possa vir a acontecer\u201d, explica. De acordo com ele, essas medidas v\u00e3o auxiliar os consumidores a identificarem os valores que est\u00e3o pagando e a perceberem que a redu\u00e7\u00e3o nos valores est\u00e1 sendo efetiva.<\/span><\/p>\n<p style=\"text-align: justify;\"><span style=\"font-weight: 400; font-family: arial, helvetica, sans-serif;\">No Paran\u00e1, essa queda no valor da gasolina foi confirmada na \u00faltima sexta-feira (01) por conta de uma redu\u00e7\u00e3o na al\u00edquota do ICMS (Imposto sobre a Circula\u00e7\u00e3o de Mercadorias e Servi\u00e7os), que passou de 29% para 18%. Dessa forma, o pre\u00e7o m\u00e9dio do litro da gasolina teve redu\u00e7\u00e3o de R$0,50 a R$0,60. Willian Train explica que, no munic\u00edpio, o pre\u00e7o m\u00e9dio da gasolina est\u00e1 em torno de R$6,49. \u201cA redu\u00e7\u00e3o ainda n\u00e3o foi sentida em todos os postos porque alguns deles ainda n\u00e3o receberam o combust\u00edvel com o novo valor da al\u00edquota, por isso ainda n\u00e3o conseguiram repassar aos consumidores\u201d, esclarece.<\/span><\/p>\n<p style=\"text-align: justify;\"><span style=\"font-weight: 400; font-family: arial, helvetica, sans-serif;\">Entretanto, segundo o coordenador, grande parte dos postos j\u00e1 apresentou essa redu\u00e7\u00e3o nos valores, mas que a fiscaliza\u00e7\u00e3o vai seguir nos pr\u00f3ximos dias. \u201cPor isso \u00e9 essencial que os clientes se atentem aos valores e saibam identificar se houve uma redu\u00e7\u00e3o ou n\u00e3o\u201d, pontua. Tamb\u00e9m de acordo com ele, os postos que n\u00e3o cumprirem com essa redu\u00e7\u00e3o ou que n\u00e3o destacarem os valores cobrados pelo litro da gasolina poder\u00e3o ser multados, com valores variando de acordo com os agravantes.<\/span><\/p>\n<p style=\"text-align: justify;\"><span style=\"font-weight: 400; font-family: arial, helvetica, sans-serif;\">\u201cO que n\u00f3s pedimos aos consumidores \u00e9 que eles fiquem atentos a esses valores, que comparem&nbsp; e pesquisem os pre\u00e7os e, tamb\u00e9m, que se informem a respeito das redu\u00e7\u00f5es\u201d, ressalta. Train finaliza orientando que o consumidor informe o Procon caso constate alguma irregularidade.&nbsp;<\/span><\/p>\n<p style=\"text-align: justify;\"><span style=\"font-weight: 400; font-family: arial, helvetica, sans-serif;\">O Procon de Camb\u00e9 fica na Rua Par\u00e1, 126 &#8211; Centro e funciona das 8h30 \u00e0s 11h30 e das 13h e das 17h. O telefone para contato \u00e9 o 3174-2851.<\/span><\/p>\n","protected":false},"excerpt":{"rendered":"<p>Para dar um pouco de al\u00edvio aos bolsos dos motoristas, depois de v\u00e1rias altas seguidas, o pre\u00e7o do litro da gasolina finalmente apresentou uma queda. Por conta disso, o Procon de Camb\u00e9 est\u00e1 fazendo uma fiscaliza\u00e7\u00e3o em todos os postos de combust\u00edveis do munic\u00edpio para averiguar se esses novos valores est\u00e3o sendo repassados aos consumidores. [&hellip;]<\/p>\n","protected":false},"author":2,"featured_media":0,"comment_status":"closed","ping_status":"open","sticky":false,"template":"","format":"standard","meta":{"ngg_post_thumbnail":0,"footnotes":""},"categories":[1],"tags":[],"class_list":["post-6612","post","type-post","status-publish","format-standard","hentry","category-principal"],"yoast_head":"<!-- This site is optimized with the Yoast SEO plugin v27.4 - https:\/\/yoast.com\/product\/yoast-seo-wordpress\/ -->\n<title>Procon de Camb\u00e9 notifica postos de combust\u00edveis sobre a queda no pre\u00e7o da gasolina - Prefeitura de Camb\u00e9<\/title>\n<meta name=\"robots\" content=\"index, follow, max-snippet:-1, max-image-preview:large, max-video-preview:-1\" \/>\n<link rel=\"canonical\" href=\"https:\/\/www.cambe.pr.gov.br\/index.php\/procon-de-cambe-notifica-postos-de-combustiveis-sobre-a-queda-no-preco-da-gasolina\/\" \/>\n<meta property=\"og:locale\" content=\"pt_BR\" \/>\n<meta property=\"og:type\" content=\"article\" \/>\n<meta property=\"og:title\" content=\"Procon de Camb\u00e9 notifica postos de combust\u00edveis sobre a queda no pre\u00e7o da gasolina - Prefeitura de Camb\u00e9\" \/>\n<meta property=\"og:description\" content=\"Para dar um pouco de al\u00edvio aos bolsos dos motoristas, depois de v\u00e1rias altas seguidas, o pre\u00e7o do litro da gasolina finalmente apresentou uma queda. Por conta disso, o Procon de Camb\u00e9 est\u00e1 fazendo uma fiscaliza\u00e7\u00e3o em todos os postos de combust\u00edveis do munic\u00edpio para averiguar se esses novos valores est\u00e3o sendo repassados aos consumidores. [&hellip;]\" \/>\n<meta property=\"og:url\" content=\"https:\/\/www.cambe.pr.gov.br\/index.php\/procon-de-cambe-notifica-postos-de-combustiveis-sobre-a-queda-no-preco-da-gasolina\/\" \/>\n<meta property=\"og:site_name\" content=\"Prefeitura de Camb\u00e9\" \/>\n<meta property=\"article:publisher\" content=\"https:\/\/m.facebook.com\/prefeituradecambe\" \/>\n<meta property=\"article:published_time\" content=\"2022-07-05T20:51:19+00:00\" \/>\n<meta property=\"article:modified_time\" content=\"2024-10-07T16:00:58+00:00\" \/>\n<meta property=\"og:image\" content=\"http:\/\/www.cambe.pr.gov.br\/wp-content\/uploads\/2022\/03\/postofiscal-e1652112181104.jpg\" \/>\n<meta name=\"author\" content=\"Thiago Mossini Balbino dos Santos\" \/>\n<meta name=\"twitter:card\" content=\"summary_large_image\" \/>\n<meta name=\"twitter:label1\" content=\"Escrito por\" \/>\n\t<meta name=\"twitter:data1\" content=\"Thiago Mossini Balbino dos Santos\" \/>\n\t<meta name=\"twitter:label2\" content=\"Est. tempo de leitura\" \/>\n\t<meta name=\"twitter:data2\" content=\"2 minutos\" \/>\n<script type=\"application\/ld+json\" class=\"yoast-schema-graph\">{\"@context\":\"https:\\\/\\\/schema.org\",\"@graph\":[{\"@type\":\"Article\",\"@id\":\"https:\\\/\\\/www.cambe.pr.gov.br\\\/index.php\\\/procon-de-cambe-notifica-postos-de-combustiveis-sobre-a-queda-no-preco-da-gasolina\\\/#article\",\"isPartOf\":{\"@id\":\"https:\\\/\\\/www.cambe.pr.gov.br\\\/index.php\\\/procon-de-cambe-notifica-postos-de-combustiveis-sobre-a-queda-no-preco-da-gasolina\\\/\"},\"author\":{\"name\":\"Thiago Mossini Balbino dos Santos\",\"@id\":\"https:\\\/\\\/www.cambe.pr.gov.br\\\/#\\\/schema\\\/person\\\/e08f7c43a641b2ec036e4e867ec483e4\"},\"headline\":\"Procon de Camb\u00e9 notifica postos de combust\u00edveis sobre a queda no pre\u00e7o da gasolina\",\"datePublished\":\"2022-07-05T20:51:19+00:00\",\"dateModified\":\"2024-10-07T16:00:58+00:00\",\"mainEntityOfPage\":{\"@id\":\"https:\\\/\\\/www.cambe.pr.gov.br\\\/index.php\\\/procon-de-cambe-notifica-postos-de-combustiveis-sobre-a-queda-no-preco-da-gasolina\\\/\"},\"wordCount\":457,\"publisher\":{\"@id\":\"https:\\\/\\\/www.cambe.pr.gov.br\\\/#organization\"},\"image\":{\"@id\":\"https:\\\/\\\/www.cambe.pr.gov.br\\\/index.php\\\/procon-de-cambe-notifica-postos-de-combustiveis-sobre-a-queda-no-preco-da-gasolina\\\/#primaryimage\"},\"thumbnailUrl\":\"http:\\\/\\\/www.cambe.pr.gov.br\\\/wp-content\\\/uploads\\\/2022\\\/03\\\/postofiscal-e1652112181104.jpg\",\"articleSection\":[\"Principal\"],\"inLanguage\":\"pt-BR\"},{\"@type\":\"WebPage\",\"@id\":\"https:\\\/\\\/www.cambe.pr.gov.br\\\/index.php\\\/procon-de-cambe-notifica-postos-de-combustiveis-sobre-a-queda-no-preco-da-gasolina\\\/\",\"url\":\"https:\\\/\\\/www.cambe.pr.gov.br\\\/index.php\\\/procon-de-cambe-notifica-postos-de-combustiveis-sobre-a-queda-no-preco-da-gasolina\\\/\",\"name\":\"Procon de Camb\u00e9 notifica postos de combust\u00edveis sobre a queda no pre\u00e7o da gasolina - Prefeitura de Camb\u00e9\",\"isPartOf\":{\"@id\":\"https:\\\/\\\/www.cambe.pr.gov.br\\\/#website\"},\"primaryImageOfPage\":{\"@id\":\"https:\\\/\\\/www.cambe.pr.gov.br\\\/index.php\\\/procon-de-cambe-notifica-postos-de-combustiveis-sobre-a-queda-no-preco-da-gasolina\\\/#primaryimage\"},\"image\":{\"@id\":\"https:\\\/\\\/www.cambe.pr.gov.br\\\/index.php\\\/procon-de-cambe-notifica-postos-de-combustiveis-sobre-a-queda-no-preco-da-gasolina\\\/#primaryimage\"},\"thumbnailUrl\":\"http:\\\/\\\/www.cambe.pr.gov.br\\\/wp-content\\\/uploads\\\/2022\\\/03\\\/postofiscal-e1652112181104.jpg\",\"datePublished\":\"2022-07-05T20:51:19+00:00\",\"dateModified\":\"2024-10-07T16:00:58+00:00\",\"breadcrumb\":{\"@id\":\"https:\\\/\\\/www.cambe.pr.gov.br\\\/index.php\\\/procon-de-cambe-notifica-postos-de-combustiveis-sobre-a-queda-no-preco-da-gasolina\\\/#breadcrumb\"},\"inLanguage\":\"pt-BR\",\"potentialAction\":[{\"@type\":\"ReadAction\",\"target\":[\"https:\\\/\\\/www.cambe.pr.gov.br\\\/index.php\\\/procon-de-cambe-notifica-postos-de-combustiveis-sobre-a-queda-no-preco-da-gasolina\\\/\"]}]},{\"@type\":\"ImageObject\",\"inLanguage\":\"pt-BR\",\"@id\":\"https:\\\/\\\/www.cambe.pr.gov.br\\\/index.php\\\/procon-de-cambe-notifica-postos-de-combustiveis-sobre-a-queda-no-preco-da-gasolina\\\/#primaryimage\",\"url\":\"http:\\\/\\\/www.cambe.pr.gov.br\\\/wp-content\\\/uploads\\\/2022\\\/03\\\/postofiscal-e1652112181104.jpg\",\"contentUrl\":\"http:\\\/\\\/www.cambe.pr.gov.br\\\/wp-content\\\/uploads\\\/2022\\\/03\\\/postofiscal-e1652112181104.jpg\"},{\"@type\":\"BreadcrumbList\",\"@id\":\"https:\\\/\\\/www.cambe.pr.gov.br\\\/index.php\\\/procon-de-cambe-notifica-postos-de-combustiveis-sobre-a-queda-no-preco-da-gasolina\\\/#breadcrumb\",\"itemListElement\":[{\"@type\":\"ListItem\",\"position\":1,\"name\":\"In\u00edcio\",\"item\":\"https:\\\/\\\/www.cambe.pr.gov.br\\\/\"},{\"@type\":\"ListItem\",\"position\":2,\"name\":\"Procon de Camb\u00e9 notifica postos de combust\u00edveis sobre a queda no pre\u00e7o da gasolina\"}]},{\"@type\":\"WebSite\",\"@id\":\"https:\\\/\\\/www.cambe.pr.gov.br\\\/#website\",\"url\":\"https:\\\/\\\/www.cambe.pr.gov.br\\\/\",\"name\":\"Prefeitura de Camb\u00e9\",\"description\":\"UM GOVERNO PARA TODOS\",\"publisher\":{\"@id\":\"https:\\\/\\\/www.cambe.pr.gov.br\\\/#organization\"},\"potentialAction\":[{\"@type\":\"SearchAction\",\"target\":{\"@type\":\"EntryPoint\",\"urlTemplate\":\"https:\\\/\\\/www.cambe.pr.gov.br\\\/?s={search_term_string}\"},\"query-input\":{\"@type\":\"PropertyValueSpecification\",\"valueRequired\":true,\"valueName\":\"search_term_string\"}}],\"inLanguage\":\"pt-BR\"},{\"@type\":\"Organization\",\"@id\":\"https:\\\/\\\/www.cambe.pr.gov.br\\\/#organization\",\"name\":\"Prefeitura de Camb\u00e9\",\"url\":\"https:\\\/\\\/www.cambe.pr.gov.br\\\/\",\"logo\":{\"@type\":\"ImageObject\",\"inLanguage\":\"pt-BR\",\"@id\":\"https:\\\/\\\/www.cambe.pr.gov.br\\\/#\\\/schema\\\/logo\\\/image\\\/\",\"url\":\"https:\\\/\\\/www.cambe.pr.gov.br\\\/wp-content\\\/uploads\\\/2021\\\/01\\\/cropped-cropped-cambe_brazao-icone.png\",\"contentUrl\":\"https:\\\/\\\/www.cambe.pr.gov.br\\\/wp-content\\\/uploads\\\/2021\\\/01\\\/cropped-cropped-cambe_brazao-icone.png\",\"width\":240,\"height\":240,\"caption\":\"Prefeitura de Camb\u00e9\"},\"image\":{\"@id\":\"https:\\\/\\\/www.cambe.pr.gov.br\\\/#\\\/schema\\\/logo\\\/image\\\/\"},\"sameAs\":[\"https:\\\/\\\/m.facebook.com\\\/prefeituradecambe\"]},{\"@type\":\"Person\",\"@id\":\"https:\\\/\\\/www.cambe.pr.gov.br\\\/#\\\/schema\\\/person\\\/e08f7c43a641b2ec036e4e867ec483e4\",\"name\":\"Thiago Mossini Balbino dos Santos\",\"image\":{\"@type\":\"ImageObject\",\"inLanguage\":\"pt-BR\",\"@id\":\"https:\\\/\\\/secure.gravatar.com\\\/avatar\\\/d957ed4e1bc3ebf5769d1003f9709cd2012ebf424eb4a5d76a933fee30e874b6?s=96&d=mm&r=g\",\"url\":\"https:\\\/\\\/secure.gravatar.com\\\/avatar\\\/d957ed4e1bc3ebf5769d1003f9709cd2012ebf424eb4a5d76a933fee30e874b6?s=96&d=mm&r=g\",\"contentUrl\":\"https:\\\/\\\/secure.gravatar.com\\\/avatar\\\/d957ed4e1bc3ebf5769d1003f9709cd2012ebf424eb4a5d76a933fee30e874b6?s=96&d=mm&r=g\",\"caption\":\"Thiago Mossini Balbino dos Santos\"},\"url\":\"https:\\\/\\\/www.cambe.pr.gov.br\\\/index.php\\\/author\\\/tmbsantos\\\/\"}]}<\/script>\n<!-- \/ Yoast SEO plugin. -->","yoast_head_json":{"title":"Procon de Camb\u00e9 notifica postos de combust\u00edveis sobre a queda no pre\u00e7o da gasolina - Prefeitura de Camb\u00e9","robots":{"index":"index","follow":"follow","max-snippet":"max-snippet:-1","max-image-preview":"max-image-preview:large","max-video-preview":"max-video-preview:-1"},"canonical":"https:\/\/www.cambe.pr.gov.br\/index.php\/procon-de-cambe-notifica-postos-de-combustiveis-sobre-a-queda-no-preco-da-gasolina\/","og_locale":"pt_BR","og_type":"article","og_title":"Procon de Camb\u00e9 notifica postos de combust\u00edveis sobre a queda no pre\u00e7o da gasolina - Prefeitura de Camb\u00e9","og_description":"Para dar um pouco de al\u00edvio aos bolsos dos motoristas, depois de v\u00e1rias altas seguidas, o pre\u00e7o do litro da gasolina finalmente apresentou uma queda. Por conta disso, o Procon de Camb\u00e9 est\u00e1 fazendo uma fiscaliza\u00e7\u00e3o em todos os postos de combust\u00edveis do munic\u00edpio para averiguar se esses novos valores est\u00e3o sendo repassados aos consumidores. [&hellip;]","og_url":"https:\/\/www.cambe.pr.gov.br\/index.php\/procon-de-cambe-notifica-postos-de-combustiveis-sobre-a-queda-no-preco-da-gasolina\/","og_site_name":"Prefeitura de Camb\u00e9","article_publisher":"https:\/\/m.facebook.com\/prefeituradecambe","article_published_time":"2022-07-05T20:51:19+00:00","article_modified_time":"2024-10-07T16:00:58+00:00","og_image":[{"url":"http:\/\/www.cambe.pr.gov.br\/wp-content\/uploads\/2022\/03\/postofiscal-e1652112181104.jpg","type":"","width":"","height":""}],"author":"Thiago Mossini Balbino dos Santos","twitter_card":"summary_large_image","twitter_misc":{"Escrito por":"Thiago Mossini Balbino dos Santos","Est. tempo de leitura":"2 minutos"},"schema":{"@context":"https:\/\/schema.org","@graph":[{"@type":"Article","@id":"https:\/\/www.cambe.pr.gov.br\/index.php\/procon-de-cambe-notifica-postos-de-combustiveis-sobre-a-queda-no-preco-da-gasolina\/#article","isPartOf":{"@id":"https:\/\/www.cambe.pr.gov.br\/index.php\/procon-de-cambe-notifica-postos-de-combustiveis-sobre-a-queda-no-preco-da-gasolina\/"},"author":{"name":"Thiago Mossini Balbino dos Santos","@id":"https:\/\/www.cambe.pr.gov.br\/#\/schema\/person\/e08f7c43a641b2ec036e4e867ec483e4"},"headline":"Procon de Camb\u00e9 notifica postos de combust\u00edveis sobre a queda no pre\u00e7o da gasolina","datePublished":"2022-07-05T20:51:19+00:00","dateModified":"2024-10-07T16:00:58+00:00","mainEntityOfPage":{"@id":"https:\/\/www.cambe.pr.gov.br\/index.php\/procon-de-cambe-notifica-postos-de-combustiveis-sobre-a-queda-no-preco-da-gasolina\/"},"wordCount":457,"publisher":{"@id":"https:\/\/www.cambe.pr.gov.br\/#organization"},"image":{"@id":"https:\/\/www.cambe.pr.gov.br\/index.php\/procon-de-cambe-notifica-postos-de-combustiveis-sobre-a-queda-no-preco-da-gasolina\/#primaryimage"},"thumbnailUrl":"http:\/\/www.cambe.pr.gov.br\/wp-content\/uploads\/2022\/03\/postofiscal-e1652112181104.jpg","articleSection":["Principal"],"inLanguage":"pt-BR"},{"@type":"WebPage","@id":"https:\/\/www.cambe.pr.gov.br\/index.php\/procon-de-cambe-notifica-postos-de-combustiveis-sobre-a-queda-no-preco-da-gasolina\/","url":"https:\/\/www.cambe.pr.gov.br\/index.php\/procon-de-cambe-notifica-postos-de-combustiveis-sobre-a-queda-no-preco-da-gasolina\/","name":"Procon de Camb\u00e9 notifica postos de combust\u00edveis sobre a queda no pre\u00e7o da gasolina - Prefeitura de Camb\u00e9","isPartOf":{"@id":"https:\/\/www.cambe.pr.gov.br\/#website"},"primaryImageOfPage":{"@id":"https:\/\/www.cambe.pr.gov.br\/index.php\/procon-de-cambe-notifica-postos-de-combustiveis-sobre-a-queda-no-preco-da-gasolina\/#primaryimage"},"image":{"@id":"https:\/\/www.cambe.pr.gov.br\/index.php\/procon-de-cambe-notifica-postos-de-combustiveis-sobre-a-queda-no-preco-da-gasolina\/#primaryimage"},"thumbnailUrl":"http:\/\/www.cambe.pr.gov.br\/wp-content\/uploads\/2022\/03\/postofiscal-e1652112181104.jpg","datePublished":"2022-07-05T20:51:19+00:00","dateModified":"2024-10-07T16:00:58+00:00","breadcrumb":{"@id":"https:\/\/www.cambe.pr.gov.br\/index.php\/procon-de-cambe-notifica-postos-de-combustiveis-sobre-a-queda-no-preco-da-gasolina\/#breadcrumb"},"inLanguage":"pt-BR","potentialAction":[{"@type":"ReadAction","target":["https:\/\/www.cambe.pr.gov.br\/index.php\/procon-de-cambe-notifica-postos-de-combustiveis-sobre-a-queda-no-preco-da-gasolina\/"]}]},{"@type":"ImageObject","inLanguage":"pt-BR","@id":"https:\/\/www.cambe.pr.gov.br\/index.php\/procon-de-cambe-notifica-postos-de-combustiveis-sobre-a-queda-no-preco-da-gasolina\/#primaryimage","url":"http:\/\/www.cambe.pr.gov.br\/wp-content\/uploads\/2022\/03\/postofiscal-e1652112181104.jpg","contentUrl":"http:\/\/www.cambe.pr.gov.br\/wp-content\/uploads\/2022\/03\/postofiscal-e1652112181104.jpg"},{"@type":"BreadcrumbList","@id":"https:\/\/www.cambe.pr.gov.br\/index.php\/procon-de-cambe-notifica-postos-de-combustiveis-sobre-a-queda-no-preco-da-gasolina\/#breadcrumb","itemListElement":[{"@type":"ListItem","position":1,"name":"In\u00edcio","item":"https:\/\/www.cambe.pr.gov.br\/"},{"@type":"ListItem","position":2,"name":"Procon de Camb\u00e9 notifica postos de combust\u00edveis sobre a queda no pre\u00e7o da gasolina"}]},{"@type":"WebSite","@id":"https:\/\/www.cambe.pr.gov.br\/#website","url":"https:\/\/www.cambe.pr.gov.br\/","name":"Prefeitura de Camb\u00e9","description":"UM GOVERNO PARA TODOS","publisher":{"@id":"https:\/\/www.cambe.pr.gov.br\/#organization"},"potentialAction":[{"@type":"SearchAction","target":{"@type":"EntryPoint","urlTemplate":"https:\/\/www.cambe.pr.gov.br\/?s={search_term_string}"},"query-input":{"@type":"PropertyValueSpecification","valueRequired":true,"valueName":"search_term_string"}}],"inLanguage":"pt-BR"},{"@type":"Organization","@id":"https:\/\/www.cambe.pr.gov.br\/#organization","name":"Prefeitura de Camb\u00e9","url":"https:\/\/www.cambe.pr.gov.br\/","logo":{"@type":"ImageObject","inLanguage":"pt-BR","@id":"https:\/\/www.cambe.pr.gov.br\/#\/schema\/logo\/image\/","url":"https:\/\/www.cambe.pr.gov.br\/wp-content\/uploads\/2021\/01\/cropped-cropped-cambe_brazao-icone.png","contentUrl":"https:\/\/www.cambe.pr.gov.br\/wp-content\/uploads\/2021\/01\/cropped-cropped-cambe_brazao-icone.png","width":240,"height":240,"caption":"Prefeitura de Camb\u00e9"},"image":{"@id":"https:\/\/www.cambe.pr.gov.br\/#\/schema\/logo\/image\/"},"sameAs":["https:\/\/m.facebook.com\/prefeituradecambe"]},{"@type":"Person","@id":"https:\/\/www.cambe.pr.gov.br\/#\/schema\/person\/e08f7c43a641b2ec036e4e867ec483e4","name":"Thiago Mossini Balbino dos Santos","image":{"@type":"ImageObject","inLanguage":"pt-BR","@id":"https:\/\/secure.gravatar.com\/avatar\/d957ed4e1bc3ebf5769d1003f9709cd2012ebf424eb4a5d76a933fee30e874b6?s=96&d=mm&r=g","url":"https:\/\/secure.gravatar.com\/avatar\/d957ed4e1bc3ebf5769d1003f9709cd2012ebf424eb4a5d76a933fee30e874b6?s=96&d=mm&r=g","contentUrl":"https:\/\/secure.gravatar.com\/avatar\/d957ed4e1bc3ebf5769d1003f9709cd2012ebf424eb4a5d76a933fee30e874b6?s=96&d=mm&r=g","caption":"Thiago Mossini Balbino dos Santos"},"url":"https:\/\/www.cambe.pr.gov.br\/index.php\/author\/tmbsantos\/"}]}},"_links":{"self":[{"href":"https:\/\/www.cambe.pr.gov.br\/index.php\/wp-json\/wp\/v2\/posts\/6612","targetHints":{"allow":["GET"]}}],"collection":[{"href":"https:\/\/www.cambe.pr.gov.br\/index.php\/wp-json\/wp\/v2\/posts"}],"about":[{"href":"https:\/\/www.cambe.pr.gov.br\/index.php\/wp-json\/wp\/v2\/types\/post"}],"author":[{"embeddable":true,"href":"https:\/\/www.cambe.pr.gov.br\/index.php\/wp-json\/wp\/v2\/users\/2"}],"replies":[{"embeddable":true,"href":"https:\/\/www.cambe.pr.gov.br\/index.php\/wp-json\/wp\/v2\/comments?post=6612"}],"version-history":[{"count":4,"href":"https:\/\/www.cambe.pr.gov.br\/index.php\/wp-json\/wp\/v2\/posts\/6612\/revisions"}],"predecessor-version":[{"id":6619,"href":"https:\/\/www.cambe.pr.gov.br\/index.php\/wp-json\/wp\/v2\/posts\/6612\/revisions\/6619"}],"wp:attachment":[{"href":"https:\/\/www.cambe.pr.gov.br\/index.php\/wp-json\/wp\/v2\/media?parent=6612"}],"wp:term":[{"taxonomy":"category","embeddable":true,"href":"https:\/\/www.cambe.pr.gov.br\/index.php\/wp-json\/wp\/v2\/categories?post=6612"},{"taxonomy":"post_tag","embeddable":true,"href":"https:\/\/www.cambe.pr.gov.br\/index.php\/wp-json\/wp\/v2\/tags?post=6612"}],"curies":[{"name":"wp","href":"https:\/\/api.w.org\/{rel}","templated":true}]}}