{"id":6581,"date":"2022-07-05T15:53:10","date_gmt":"2022-07-05T18:53:10","guid":{"rendered":"http:\/\/www.cambe.pr.gov.br\/?p=6581"},"modified":"2024-10-07T13:00:58","modified_gmt":"2024-10-07T16:00:58","slug":"confira-as-vagas-de-trabalho-disponiveis-na-secretaria-de-trabalho-e-profissionalizacao-de-cambe","status":"publish","type":"post","link":"https:\/\/www.cambe.pr.gov.br\/index.php\/confira-as-vagas-de-trabalho-disponiveis-na-secretaria-de-trabalho-e-profissionalizacao-de-cambe\/","title":{"rendered":"Confira as vagas de trabalho dispon\u00edveis na Secretaria de Trabalho e Profissionaliza\u00e7\u00e3o de Camb\u00e9"},"content":{"rendered":"<p><img fetchpriority=\"high\" decoding=\"async\" class=\"size-large wp-image-4569\" src=\"https:\/\/www.cambe.pr.gov.br\/wp-content\/uploads\/2022\/02\/carteira_de_trabalho_07122000711-e1648648949347-1024x682.jpg\" alt=\"\" width=\"610\" height=\"406\"><\/p>\n<p style=\"text-align: justify;\"><span style=\"font-family: arial, helvetica, sans-serif;\">Ei, voc\u00ea a\u00ed, que quer sair da informalidade e ter um emprego com carteira assinada: esse \u00e9 o seu momento! A Secretaria de Trabalho e Profissionaliza\u00e7\u00e3o de Camb\u00e9 est\u00e1 com 28 vagas de trabalho abertas em diversas \u00e1reas de atua\u00e7\u00e3o. Como requisito, algumas vagas exigem experi\u00eancia na \u00e1rea, enquanto que para outras n\u00e3o h\u00e1 essa necessidade.<\/span><\/p>\n<p style=\"text-align: justify;\"><span style=\"font-family: arial, helvetica, sans-serif;\">O destaque de hoje vai para a \u00e1rea do transporte, j\u00e1 que s\u00e3o seis vagas nessa \u00e1rea: uma vaga para motorista auxiliar; tr\u00eas vagas para motorista de caminh\u00e3o guincho; e duas para motorista entregador.<\/span><\/p>\n<p style=\"text-align: justify;\"><span style=\"font-family: arial, helvetica, sans-serif;\">Na sequ\u00eancia, voc\u00ea confere as vagas dispon\u00edveis, se h\u00e1 exig\u00eancia de experi\u00eancia e a escolaridade:<\/span><\/p>\n<p style=\"text-align: justify;\"><span style=\"font-family: arial, helvetica, sans-serif;\">&#8211; AJUDANTE DE CARGA E DESCARGA &#8211; 04 meses de experi\u00eancia comprovada &#8211; Ensino Fundamental Completo<\/span><br \/>\n<span style=\"font-family: arial, helvetica, sans-serif;\">&#8211; AUXILIAR DE COSTURA &#8211; 06 meses de experi\u00eancia comprovada &#8211; N\u00e3o exigida<\/span><br \/>\n<span style=\"font-family: arial, helvetica, sans-serif;\">&#8211; AUXILIAR DE LAVANDERIA &#8211; 04 meses de experi\u00eancia comprovada- Ensino M\u00e9do Completo<\/span><br \/>\n<span style=\"font-family: arial, helvetica, sans-serif;\">&#8211; AUXILIAR DE VIDRACEIRO &#8211; 06 meses de experi\u00eancia n\u00e3o comprovada &#8211; N\u00e3o exigida<\/span><br \/>\n<span style=\"font-family: arial, helvetica, sans-serif;\">&#8211; AUXILIAR FINANCEIRO &#8211; 04 meses de experi\u00eancia comprovada &#8211; Ensino M\u00e9dio Completo<\/span><br \/>\n<span style=\"font-family: arial, helvetica, sans-serif;\">&#8211; AUXILIAR T\u00c9CNICO DE ELETRICIDADE DE LINHAS DE TRANSMISS\u00c3O &#8211; 04 meses de experi\u00eancia comprovada &#8211; Ensino M\u00e9dio Completo<\/span><br \/>\n<span style=\"font-family: arial, helvetica, sans-serif;\">&#8211; CARRETEIRO &#8211; 04 meses de experi\u00eancia comprovada &#8211; N\u00e3o exigida<\/span><br \/>\n<span style=\"font-family: arial, helvetica, sans-serif;\">&#8211; COSTUREIRA EM GERAL &#8211; 04 meses de experi\u00eancia comprovada &#8211; N\u00e3o exigida<\/span><br \/>\n<span style=\"font-family: arial, helvetica, sans-serif;\">&#8211; ELETRICISTA &#8211; N\u00e3o exigida &#8211; Ensino M\u00e9dio Completo<\/span><br \/>\n<span style=\"font-family: arial, helvetica, sans-serif;\">&#8211; FERRAMENTEIRO &#8211; 06 meses de experi\u00eancia comprovada &#8211; N\u00e3o exigida<\/span><br \/>\n<span style=\"font-family: arial, helvetica, sans-serif;\">&#8211; PRENSADOR CNC &#8211; 04 meses de experi\u00eancia comprovada &#8211; Ensino M\u00e9dio Completo<\/span><br \/>\n<span style=\"font-family: arial, helvetica, sans-serif;\">&#8211; MEC\u00c2NICO DE MANUTEN\u00c7\u00c3O DE M\u00c1QUINAS &#8211; 06 meses de experi\u00eancia comprovada &#8211; Ensino M\u00e9dio Completo<\/span><br \/>\n<span style=\"font-family: arial, helvetica, sans-serif;\">&#8211; MEC\u00c2NICO DE MANUTEN\u00c7\u00c3O DE M\u00c1QUINAS &#8211; meses de experi\u00eancia n\u00e3o comprovada &#8211; N\u00e3o exigida<\/span><br \/>\n<span style=\"font-family: arial, helvetica, sans-serif;\">&#8211; MOTORISTA AUXILIAR &#8211; 04 meses de experi\u00eancia comprovada &#8211; N\u00e3o exigida<\/span><br \/>\n<span style=\"font-family: arial, helvetica, sans-serif;\">&#8211; MOTORISTA DE CAMINH\u00c3O GUINCHO MUNK &#8211; 04 meses de experi\u00eancia comprovada n\u00e3o exigida<\/span><br \/>\n<span style=\"font-family: arial, helvetica, sans-serif;\">&#8211; MOTORISTA DE CAMINH\u00c3O GUINCHO MUNK &#8211; 04 meses de experi\u00eancia comprovada n\u00e3o exigida<\/span><br \/>\n<span style=\"font-family: arial, helvetica, sans-serif;\">&#8211; MOTORISTA DE CAMINH\u00c3O GUINCHO MUNK &#8211; 06 meses de experi\u00eancia comprovada &#8211; Ensino Fundamental Completo<\/span><br \/>\n<span style=\"font-family: arial, helvetica, sans-serif;\">&#8211; MOTORISTA ENTREGADOR &#8211; 04 meses de experi\u00eancia comprovada &#8211; N\u00e3o exigida<\/span><br \/>\n<span style=\"font-family: arial, helvetica, sans-serif;\">&#8211; MOTORISTA ENTREGADOR &#8211; 06 meses de experi\u00eancia n\u00e3o comprovada &#8211; Ensino Fundamental Completo<\/span><br \/>\n<span style=\"font-family: arial, helvetica, sans-serif;\">&#8211; RECEPCIONISTA ATENDENTE &#8211; 04 meses de experi\u00eancia comprovada &#8211; Ensino M\u00e9dio Completo<\/span><br \/>\n<span style=\"font-family: arial, helvetica, sans-serif;\">&#8211; SERRALHEIRO &#8211; N\u00e3o exigida &#8211; Ensino Fundamental Completo<\/span><br \/>\n<span style=\"font-family: arial, helvetica, sans-serif;\">&#8211; SOLDADOR &#8211; 06 meses de experi\u00eancia comprovada &#8211; Ensino Fundamental Completo<\/span><br \/>\n<span style=\"font-family: arial, helvetica, sans-serif;\">&#8211; SOLDADOR &#8211; 06 meses de experi\u00eancia comprovada &#8211; N\u00e3o exigida<\/span><br \/>\n<span style=\"font-family: arial, helvetica, sans-serif;\">&#8211; SOLDADOR &#8211; 04 meses de experi\u00eancia comprovada &#8211; Ensino Fundamental Completo<\/span><br \/>\n<span style=\"font-family: arial, helvetica, sans-serif;\">&#8211; T\u00c9CNICO EM MANUTEN\u00c7\u00c3O DE M\u00c1QUINAS &#8211; 06 meses de experi\u00eancia comprovada &#8211; Ensino M\u00e9dio Completo<\/span><br \/>\n<span style=\"font-family: arial, helvetica, sans-serif;\">&#8211; VENDEDOR INTERNO &#8211; 04 meses de experi\u00eancia comprovada &#8211; Ensino M\u00e9dio Completo<\/span><br \/>\n<span style=\"font-family: arial, helvetica, sans-serif;\">&#8211; VENDEDOR INTERNO &#8211; 04 meses de experi\u00eancia comprovada &#8211; Ensino M\u00e9dio Completo<\/span><br \/>\n<span style=\"font-family: arial, helvetica, sans-serif;\">&#8211; VENDEDOR PRACISTA &#8211; 06 meses de experi\u00eancia comprovada &#8211; Ensino M\u00e9dio Completo<\/span><\/p>\n<p style=\"text-align: justify;\"><span style=\"font-family: arial, helvetica, sans-serif;\">O atendimento na Secretaria de Trabalho, situada na avenida Inglaterra, 774, no Centro de Camb\u00e9, \u00e9 mediante agendamento pelo link do WhatsApp cadastrado sob o n\u00famero (43) 3174-0443. Tamb\u00e9m \u00e9 poss\u00edvel marcar um hor\u00e1rio pelo telefone de mesmo n\u00famero.<\/span><\/p>\n<p style=\"text-align: justify;\"><span style=\"font-family: arial, helvetica, sans-serif;\">Ap\u00f3s o agendamento, a equipe da ag\u00eancia analisa se o perfil do candidato se enquadra na vaga. Para isso, \u00e9 necess\u00e1rio trazer Registro Geral (RG), Cadastro de Pessoa F\u00edsica (CPF) e Carteira de Trabalho e Previd\u00eancia Social (CTPS).<\/span><\/p>\n<p style=\"text-align: justify;\"><span style=\"font-family: arial, helvetica, sans-serif;\">Pela manh\u00e3, o expediente de atendimento vai das 8h30 \u00e0s 11h30 e, durante a tarde, das 13h \u00e0s 17h.<\/span><\/p>\n","protected":false},"excerpt":{"rendered":"<p>Ei, voc\u00ea a\u00ed, que quer sair da informalidade e ter um emprego com carteira assinada: esse \u00e9 o seu momento! A Secretaria de Trabalho e Profissionaliza\u00e7\u00e3o de Camb\u00e9 est\u00e1 com 28 vagas de trabalho abertas em diversas \u00e1reas de atua\u00e7\u00e3o. Como requisito, algumas vagas exigem experi\u00eancia na \u00e1rea, enquanto que para outras n\u00e3o h\u00e1 essa [&hellip;]<\/p>\n","protected":false},"author":2,"featured_media":0,"comment_status":"closed","ping_status":"open","sticky":false,"template":"","format":"standard","meta":{"ngg_post_thumbnail":0,"footnotes":""},"categories":[1],"tags":[],"class_list":["post-6581","post","type-post","status-publish","format-standard","hentry","category-principal"],"yoast_head":"<!-- This site is optimized with the Yoast SEO plugin v27.4 - https:\/\/yoast.com\/product\/yoast-seo-wordpress\/ -->\n<title>Confira as vagas de trabalho dispon\u00edveis na Secretaria de Trabalho e Profissionaliza\u00e7\u00e3o de Camb\u00e9 - Prefeitura de Camb\u00e9<\/title>\n<meta name=\"robots\" content=\"index, follow, max-snippet:-1, max-image-preview:large, max-video-preview:-1\" \/>\n<link rel=\"canonical\" href=\"https:\/\/www.cambe.pr.gov.br\/index.php\/confira-as-vagas-de-trabalho-disponiveis-na-secretaria-de-trabalho-e-profissionalizacao-de-cambe\/\" \/>\n<meta property=\"og:locale\" content=\"pt_BR\" \/>\n<meta property=\"og:type\" content=\"article\" \/>\n<meta property=\"og:title\" content=\"Confira as vagas de trabalho dispon\u00edveis na Secretaria de Trabalho e Profissionaliza\u00e7\u00e3o de Camb\u00e9 - Prefeitura de Camb\u00e9\" \/>\n<meta property=\"og:description\" content=\"Ei, voc\u00ea a\u00ed, que quer sair da informalidade e ter um emprego com carteira assinada: esse \u00e9 o seu momento! A Secretaria de Trabalho e Profissionaliza\u00e7\u00e3o de Camb\u00e9 est\u00e1 com 28 vagas de trabalho abertas em diversas \u00e1reas de atua\u00e7\u00e3o. Como requisito, algumas vagas exigem experi\u00eancia na \u00e1rea, enquanto que para outras n\u00e3o h\u00e1 essa [&hellip;]\" \/>\n<meta property=\"og:url\" content=\"https:\/\/www.cambe.pr.gov.br\/index.php\/confira-as-vagas-de-trabalho-disponiveis-na-secretaria-de-trabalho-e-profissionalizacao-de-cambe\/\" \/>\n<meta property=\"og:site_name\" content=\"Prefeitura de Camb\u00e9\" \/>\n<meta property=\"article:publisher\" content=\"https:\/\/m.facebook.com\/prefeituradecambe\" \/>\n<meta property=\"article:published_time\" content=\"2022-07-05T18:53:10+00:00\" \/>\n<meta property=\"article:modified_time\" content=\"2024-10-07T16:00:58+00:00\" \/>\n<meta property=\"og:image\" content=\"http:\/\/www.cambe.pr.gov.br\/wp-content\/uploads\/2022\/02\/carteira_de_trabalho_07122000711-e1648648949347-1024x682.jpg\" \/>\n<meta name=\"author\" content=\"Thiago Mossini Balbino dos Santos\" \/>\n<meta name=\"twitter:card\" content=\"summary_large_image\" \/>\n<meta name=\"twitter:label1\" content=\"Escrito por\" \/>\n\t<meta name=\"twitter:data1\" content=\"Thiago Mossini Balbino dos Santos\" \/>\n\t<meta name=\"twitter:label2\" content=\"Est. tempo de leitura\" \/>\n\t<meta name=\"twitter:data2\" content=\"3 minutos\" \/>\n<script type=\"application\/ld+json\" class=\"yoast-schema-graph\">{\"@context\":\"https:\\\/\\\/schema.org\",\"@graph\":[{\"@type\":\"Article\",\"@id\":\"https:\\\/\\\/www.cambe.pr.gov.br\\\/index.php\\\/confira-as-vagas-de-trabalho-disponiveis-na-secretaria-de-trabalho-e-profissionalizacao-de-cambe\\\/#article\",\"isPartOf\":{\"@id\":\"https:\\\/\\\/www.cambe.pr.gov.br\\\/index.php\\\/confira-as-vagas-de-trabalho-disponiveis-na-secretaria-de-trabalho-e-profissionalizacao-de-cambe\\\/\"},\"author\":{\"name\":\"Thiago Mossini Balbino dos Santos\",\"@id\":\"https:\\\/\\\/www.cambe.pr.gov.br\\\/#\\\/schema\\\/person\\\/e08f7c43a641b2ec036e4e867ec483e4\"},\"headline\":\"Confira as vagas de trabalho dispon\u00edveis na Secretaria de Trabalho e Profissionaliza\u00e7\u00e3o de Camb\u00e9\",\"datePublished\":\"2022-07-05T18:53:10+00:00\",\"dateModified\":\"2024-10-07T16:00:58+00:00\",\"mainEntityOfPage\":{\"@id\":\"https:\\\/\\\/www.cambe.pr.gov.br\\\/index.php\\\/confira-as-vagas-de-trabalho-disponiveis-na-secretaria-de-trabalho-e-profissionalizacao-de-cambe\\\/\"},\"wordCount\":643,\"publisher\":{\"@id\":\"https:\\\/\\\/www.cambe.pr.gov.br\\\/#organization\"},\"image\":{\"@id\":\"https:\\\/\\\/www.cambe.pr.gov.br\\\/index.php\\\/confira-as-vagas-de-trabalho-disponiveis-na-secretaria-de-trabalho-e-profissionalizacao-de-cambe\\\/#primaryimage\"},\"thumbnailUrl\":\"http:\\\/\\\/www.cambe.pr.gov.br\\\/wp-content\\\/uploads\\\/2022\\\/02\\\/carteira_de_trabalho_07122000711-e1648648949347-1024x682.jpg\",\"articleSection\":[\"Principal\"],\"inLanguage\":\"pt-BR\"},{\"@type\":\"WebPage\",\"@id\":\"https:\\\/\\\/www.cambe.pr.gov.br\\\/index.php\\\/confira-as-vagas-de-trabalho-disponiveis-na-secretaria-de-trabalho-e-profissionalizacao-de-cambe\\\/\",\"url\":\"https:\\\/\\\/www.cambe.pr.gov.br\\\/index.php\\\/confira-as-vagas-de-trabalho-disponiveis-na-secretaria-de-trabalho-e-profissionalizacao-de-cambe\\\/\",\"name\":\"Confira as vagas de trabalho dispon\u00edveis na Secretaria de Trabalho e Profissionaliza\u00e7\u00e3o de Camb\u00e9 - Prefeitura de Camb\u00e9\",\"isPartOf\":{\"@id\":\"https:\\\/\\\/www.cambe.pr.gov.br\\\/#website\"},\"primaryImageOfPage\":{\"@id\":\"https:\\\/\\\/www.cambe.pr.gov.br\\\/index.php\\\/confira-as-vagas-de-trabalho-disponiveis-na-secretaria-de-trabalho-e-profissionalizacao-de-cambe\\\/#primaryimage\"},\"image\":{\"@id\":\"https:\\\/\\\/www.cambe.pr.gov.br\\\/index.php\\\/confira-as-vagas-de-trabalho-disponiveis-na-secretaria-de-trabalho-e-profissionalizacao-de-cambe\\\/#primaryimage\"},\"thumbnailUrl\":\"http:\\\/\\\/www.cambe.pr.gov.br\\\/wp-content\\\/uploads\\\/2022\\\/02\\\/carteira_de_trabalho_07122000711-e1648648949347-1024x682.jpg\",\"datePublished\":\"2022-07-05T18:53:10+00:00\",\"dateModified\":\"2024-10-07T16:00:58+00:00\",\"breadcrumb\":{\"@id\":\"https:\\\/\\\/www.cambe.pr.gov.br\\\/index.php\\\/confira-as-vagas-de-trabalho-disponiveis-na-secretaria-de-trabalho-e-profissionalizacao-de-cambe\\\/#breadcrumb\"},\"inLanguage\":\"pt-BR\",\"potentialAction\":[{\"@type\":\"ReadAction\",\"target\":[\"https:\\\/\\\/www.cambe.pr.gov.br\\\/index.php\\\/confira-as-vagas-de-trabalho-disponiveis-na-secretaria-de-trabalho-e-profissionalizacao-de-cambe\\\/\"]}]},{\"@type\":\"ImageObject\",\"inLanguage\":\"pt-BR\",\"@id\":\"https:\\\/\\\/www.cambe.pr.gov.br\\\/index.php\\\/confira-as-vagas-de-trabalho-disponiveis-na-secretaria-de-trabalho-e-profissionalizacao-de-cambe\\\/#primaryimage\",\"url\":\"http:\\\/\\\/www.cambe.pr.gov.br\\\/wp-content\\\/uploads\\\/2022\\\/02\\\/carteira_de_trabalho_07122000711-e1648648949347-1024x682.jpg\",\"contentUrl\":\"http:\\\/\\\/www.cambe.pr.gov.br\\\/wp-content\\\/uploads\\\/2022\\\/02\\\/carteira_de_trabalho_07122000711-e1648648949347-1024x682.jpg\"},{\"@type\":\"BreadcrumbList\",\"@id\":\"https:\\\/\\\/www.cambe.pr.gov.br\\\/index.php\\\/confira-as-vagas-de-trabalho-disponiveis-na-secretaria-de-trabalho-e-profissionalizacao-de-cambe\\\/#breadcrumb\",\"itemListElement\":[{\"@type\":\"ListItem\",\"position\":1,\"name\":\"In\u00edcio\",\"item\":\"https:\\\/\\\/www.cambe.pr.gov.br\\\/\"},{\"@type\":\"ListItem\",\"position\":2,\"name\":\"Confira as vagas de trabalho dispon\u00edveis na Secretaria de Trabalho e Profissionaliza\u00e7\u00e3o de Camb\u00e9\"}]},{\"@type\":\"WebSite\",\"@id\":\"https:\\\/\\\/www.cambe.pr.gov.br\\\/#website\",\"url\":\"https:\\\/\\\/www.cambe.pr.gov.br\\\/\",\"name\":\"Prefeitura de Camb\u00e9\",\"description\":\"UM GOVERNO PARA TODOS\",\"publisher\":{\"@id\":\"https:\\\/\\\/www.cambe.pr.gov.br\\\/#organization\"},\"potentialAction\":[{\"@type\":\"SearchAction\",\"target\":{\"@type\":\"EntryPoint\",\"urlTemplate\":\"https:\\\/\\\/www.cambe.pr.gov.br\\\/?s={search_term_string}\"},\"query-input\":{\"@type\":\"PropertyValueSpecification\",\"valueRequired\":true,\"valueName\":\"search_term_string\"}}],\"inLanguage\":\"pt-BR\"},{\"@type\":\"Organization\",\"@id\":\"https:\\\/\\\/www.cambe.pr.gov.br\\\/#organization\",\"name\":\"Prefeitura de Camb\u00e9\",\"url\":\"https:\\\/\\\/www.cambe.pr.gov.br\\\/\",\"logo\":{\"@type\":\"ImageObject\",\"inLanguage\":\"pt-BR\",\"@id\":\"https:\\\/\\\/www.cambe.pr.gov.br\\\/#\\\/schema\\\/logo\\\/image\\\/\",\"url\":\"https:\\\/\\\/www.cambe.pr.gov.br\\\/wp-content\\\/uploads\\\/2021\\\/01\\\/cropped-cropped-cambe_brazao-icone.png\",\"contentUrl\":\"https:\\\/\\\/www.cambe.pr.gov.br\\\/wp-content\\\/uploads\\\/2021\\\/01\\\/cropped-cropped-cambe_brazao-icone.png\",\"width\":240,\"height\":240,\"caption\":\"Prefeitura de Camb\u00e9\"},\"image\":{\"@id\":\"https:\\\/\\\/www.cambe.pr.gov.br\\\/#\\\/schema\\\/logo\\\/image\\\/\"},\"sameAs\":[\"https:\\\/\\\/m.facebook.com\\\/prefeituradecambe\"]},{\"@type\":\"Person\",\"@id\":\"https:\\\/\\\/www.cambe.pr.gov.br\\\/#\\\/schema\\\/person\\\/e08f7c43a641b2ec036e4e867ec483e4\",\"name\":\"Thiago Mossini Balbino dos Santos\",\"image\":{\"@type\":\"ImageObject\",\"inLanguage\":\"pt-BR\",\"@id\":\"https:\\\/\\\/secure.gravatar.com\\\/avatar\\\/d957ed4e1bc3ebf5769d1003f9709cd2012ebf424eb4a5d76a933fee30e874b6?s=96&d=mm&r=g\",\"url\":\"https:\\\/\\\/secure.gravatar.com\\\/avatar\\\/d957ed4e1bc3ebf5769d1003f9709cd2012ebf424eb4a5d76a933fee30e874b6?s=96&d=mm&r=g\",\"contentUrl\":\"https:\\\/\\\/secure.gravatar.com\\\/avatar\\\/d957ed4e1bc3ebf5769d1003f9709cd2012ebf424eb4a5d76a933fee30e874b6?s=96&d=mm&r=g\",\"caption\":\"Thiago Mossini Balbino dos Santos\"},\"url\":\"https:\\\/\\\/www.cambe.pr.gov.br\\\/index.php\\\/author\\\/tmbsantos\\\/\"}]}<\/script>\n<!-- \/ Yoast SEO plugin. -->","yoast_head_json":{"title":"Confira as vagas de trabalho dispon\u00edveis na Secretaria de Trabalho e Profissionaliza\u00e7\u00e3o de Camb\u00e9 - Prefeitura de Camb\u00e9","robots":{"index":"index","follow":"follow","max-snippet":"max-snippet:-1","max-image-preview":"max-image-preview:large","max-video-preview":"max-video-preview:-1"},"canonical":"https:\/\/www.cambe.pr.gov.br\/index.php\/confira-as-vagas-de-trabalho-disponiveis-na-secretaria-de-trabalho-e-profissionalizacao-de-cambe\/","og_locale":"pt_BR","og_type":"article","og_title":"Confira as vagas de trabalho dispon\u00edveis na Secretaria de Trabalho e Profissionaliza\u00e7\u00e3o de Camb\u00e9 - Prefeitura de Camb\u00e9","og_description":"Ei, voc\u00ea a\u00ed, que quer sair da informalidade e ter um emprego com carteira assinada: esse \u00e9 o seu momento! A Secretaria de Trabalho e Profissionaliza\u00e7\u00e3o de Camb\u00e9 est\u00e1 com 28 vagas de trabalho abertas em diversas \u00e1reas de atua\u00e7\u00e3o. Como requisito, algumas vagas exigem experi\u00eancia na \u00e1rea, enquanto que para outras n\u00e3o h\u00e1 essa [&hellip;]","og_url":"https:\/\/www.cambe.pr.gov.br\/index.php\/confira-as-vagas-de-trabalho-disponiveis-na-secretaria-de-trabalho-e-profissionalizacao-de-cambe\/","og_site_name":"Prefeitura de Camb\u00e9","article_publisher":"https:\/\/m.facebook.com\/prefeituradecambe","article_published_time":"2022-07-05T18:53:10+00:00","article_modified_time":"2024-10-07T16:00:58+00:00","og_image":[{"url":"http:\/\/www.cambe.pr.gov.br\/wp-content\/uploads\/2022\/02\/carteira_de_trabalho_07122000711-e1648648949347-1024x682.jpg","type":"","width":"","height":""}],"author":"Thiago Mossini Balbino dos Santos","twitter_card":"summary_large_image","twitter_misc":{"Escrito por":"Thiago Mossini Balbino dos Santos","Est. tempo de leitura":"3 minutos"},"schema":{"@context":"https:\/\/schema.org","@graph":[{"@type":"Article","@id":"https:\/\/www.cambe.pr.gov.br\/index.php\/confira-as-vagas-de-trabalho-disponiveis-na-secretaria-de-trabalho-e-profissionalizacao-de-cambe\/#article","isPartOf":{"@id":"https:\/\/www.cambe.pr.gov.br\/index.php\/confira-as-vagas-de-trabalho-disponiveis-na-secretaria-de-trabalho-e-profissionalizacao-de-cambe\/"},"author":{"name":"Thiago Mossini Balbino dos Santos","@id":"https:\/\/www.cambe.pr.gov.br\/#\/schema\/person\/e08f7c43a641b2ec036e4e867ec483e4"},"headline":"Confira as vagas de trabalho dispon\u00edveis na Secretaria de Trabalho e Profissionaliza\u00e7\u00e3o de Camb\u00e9","datePublished":"2022-07-05T18:53:10+00:00","dateModified":"2024-10-07T16:00:58+00:00","mainEntityOfPage":{"@id":"https:\/\/www.cambe.pr.gov.br\/index.php\/confira-as-vagas-de-trabalho-disponiveis-na-secretaria-de-trabalho-e-profissionalizacao-de-cambe\/"},"wordCount":643,"publisher":{"@id":"https:\/\/www.cambe.pr.gov.br\/#organization"},"image":{"@id":"https:\/\/www.cambe.pr.gov.br\/index.php\/confira-as-vagas-de-trabalho-disponiveis-na-secretaria-de-trabalho-e-profissionalizacao-de-cambe\/#primaryimage"},"thumbnailUrl":"http:\/\/www.cambe.pr.gov.br\/wp-content\/uploads\/2022\/02\/carteira_de_trabalho_07122000711-e1648648949347-1024x682.jpg","articleSection":["Principal"],"inLanguage":"pt-BR"},{"@type":"WebPage","@id":"https:\/\/www.cambe.pr.gov.br\/index.php\/confira-as-vagas-de-trabalho-disponiveis-na-secretaria-de-trabalho-e-profissionalizacao-de-cambe\/","url":"https:\/\/www.cambe.pr.gov.br\/index.php\/confira-as-vagas-de-trabalho-disponiveis-na-secretaria-de-trabalho-e-profissionalizacao-de-cambe\/","name":"Confira as vagas de trabalho dispon\u00edveis na Secretaria de Trabalho e Profissionaliza\u00e7\u00e3o de Camb\u00e9 - Prefeitura de Camb\u00e9","isPartOf":{"@id":"https:\/\/www.cambe.pr.gov.br\/#website"},"primaryImageOfPage":{"@id":"https:\/\/www.cambe.pr.gov.br\/index.php\/confira-as-vagas-de-trabalho-disponiveis-na-secretaria-de-trabalho-e-profissionalizacao-de-cambe\/#primaryimage"},"image":{"@id":"https:\/\/www.cambe.pr.gov.br\/index.php\/confira-as-vagas-de-trabalho-disponiveis-na-secretaria-de-trabalho-e-profissionalizacao-de-cambe\/#primaryimage"},"thumbnailUrl":"http:\/\/www.cambe.pr.gov.br\/wp-content\/uploads\/2022\/02\/carteira_de_trabalho_07122000711-e1648648949347-1024x682.jpg","datePublished":"2022-07-05T18:53:10+00:00","dateModified":"2024-10-07T16:00:58+00:00","breadcrumb":{"@id":"https:\/\/www.cambe.pr.gov.br\/index.php\/confira-as-vagas-de-trabalho-disponiveis-na-secretaria-de-trabalho-e-profissionalizacao-de-cambe\/#breadcrumb"},"inLanguage":"pt-BR","potentialAction":[{"@type":"ReadAction","target":["https:\/\/www.cambe.pr.gov.br\/index.php\/confira-as-vagas-de-trabalho-disponiveis-na-secretaria-de-trabalho-e-profissionalizacao-de-cambe\/"]}]},{"@type":"ImageObject","inLanguage":"pt-BR","@id":"https:\/\/www.cambe.pr.gov.br\/index.php\/confira-as-vagas-de-trabalho-disponiveis-na-secretaria-de-trabalho-e-profissionalizacao-de-cambe\/#primaryimage","url":"http:\/\/www.cambe.pr.gov.br\/wp-content\/uploads\/2022\/02\/carteira_de_trabalho_07122000711-e1648648949347-1024x682.jpg","contentUrl":"http:\/\/www.cambe.pr.gov.br\/wp-content\/uploads\/2022\/02\/carteira_de_trabalho_07122000711-e1648648949347-1024x682.jpg"},{"@type":"BreadcrumbList","@id":"https:\/\/www.cambe.pr.gov.br\/index.php\/confira-as-vagas-de-trabalho-disponiveis-na-secretaria-de-trabalho-e-profissionalizacao-de-cambe\/#breadcrumb","itemListElement":[{"@type":"ListItem","position":1,"name":"In\u00edcio","item":"https:\/\/www.cambe.pr.gov.br\/"},{"@type":"ListItem","position":2,"name":"Confira as vagas de trabalho dispon\u00edveis na Secretaria de Trabalho e Profissionaliza\u00e7\u00e3o de Camb\u00e9"}]},{"@type":"WebSite","@id":"https:\/\/www.cambe.pr.gov.br\/#website","url":"https:\/\/www.cambe.pr.gov.br\/","name":"Prefeitura de Camb\u00e9","description":"UM GOVERNO PARA TODOS","publisher":{"@id":"https:\/\/www.cambe.pr.gov.br\/#organization"},"potentialAction":[{"@type":"SearchAction","target":{"@type":"EntryPoint","urlTemplate":"https:\/\/www.cambe.pr.gov.br\/?s={search_term_string}"},"query-input":{"@type":"PropertyValueSpecification","valueRequired":true,"valueName":"search_term_string"}}],"inLanguage":"pt-BR"},{"@type":"Organization","@id":"https:\/\/www.cambe.pr.gov.br\/#organization","name":"Prefeitura de Camb\u00e9","url":"https:\/\/www.cambe.pr.gov.br\/","logo":{"@type":"ImageObject","inLanguage":"pt-BR","@id":"https:\/\/www.cambe.pr.gov.br\/#\/schema\/logo\/image\/","url":"https:\/\/www.cambe.pr.gov.br\/wp-content\/uploads\/2021\/01\/cropped-cropped-cambe_brazao-icone.png","contentUrl":"https:\/\/www.cambe.pr.gov.br\/wp-content\/uploads\/2021\/01\/cropped-cropped-cambe_brazao-icone.png","width":240,"height":240,"caption":"Prefeitura de Camb\u00e9"},"image":{"@id":"https:\/\/www.cambe.pr.gov.br\/#\/schema\/logo\/image\/"},"sameAs":["https:\/\/m.facebook.com\/prefeituradecambe"]},{"@type":"Person","@id":"https:\/\/www.cambe.pr.gov.br\/#\/schema\/person\/e08f7c43a641b2ec036e4e867ec483e4","name":"Thiago Mossini Balbino dos Santos","image":{"@type":"ImageObject","inLanguage":"pt-BR","@id":"https:\/\/secure.gravatar.com\/avatar\/d957ed4e1bc3ebf5769d1003f9709cd2012ebf424eb4a5d76a933fee30e874b6?s=96&d=mm&r=g","url":"https:\/\/secure.gravatar.com\/avatar\/d957ed4e1bc3ebf5769d1003f9709cd2012ebf424eb4a5d76a933fee30e874b6?s=96&d=mm&r=g","contentUrl":"https:\/\/secure.gravatar.com\/avatar\/d957ed4e1bc3ebf5769d1003f9709cd2012ebf424eb4a5d76a933fee30e874b6?s=96&d=mm&r=g","caption":"Thiago Mossini Balbino dos Santos"},"url":"https:\/\/www.cambe.pr.gov.br\/index.php\/author\/tmbsantos\/"}]}},"_links":{"self":[{"href":"https:\/\/www.cambe.pr.gov.br\/index.php\/wp-json\/wp\/v2\/posts\/6581","targetHints":{"allow":["GET"]}}],"collection":[{"href":"https:\/\/www.cambe.pr.gov.br\/index.php\/wp-json\/wp\/v2\/posts"}],"about":[{"href":"https:\/\/www.cambe.pr.gov.br\/index.php\/wp-json\/wp\/v2\/types\/post"}],"author":[{"embeddable":true,"href":"https:\/\/www.cambe.pr.gov.br\/index.php\/wp-json\/wp\/v2\/users\/2"}],"replies":[{"embeddable":true,"href":"https:\/\/www.cambe.pr.gov.br\/index.php\/wp-json\/wp\/v2\/comments?post=6581"}],"version-history":[{"count":4,"href":"https:\/\/www.cambe.pr.gov.br\/index.php\/wp-json\/wp\/v2\/posts\/6581\/revisions"}],"predecessor-version":[{"id":6611,"href":"https:\/\/www.cambe.pr.gov.br\/index.php\/wp-json\/wp\/v2\/posts\/6581\/revisions\/6611"}],"wp:attachment":[{"href":"https:\/\/www.cambe.pr.gov.br\/index.php\/wp-json\/wp\/v2\/media?parent=6581"}],"wp:term":[{"taxonomy":"category","embeddable":true,"href":"https:\/\/www.cambe.pr.gov.br\/index.php\/wp-json\/wp\/v2\/categories?post=6581"},{"taxonomy":"post_tag","embeddable":true,"href":"https:\/\/www.cambe.pr.gov.br\/index.php\/wp-json\/wp\/v2\/tags?post=6581"}],"curies":[{"name":"wp","href":"https:\/\/api.w.org\/{rel}","templated":true}]}}