{"id":6573,"date":"2022-07-07T10:03:30","date_gmt":"2022-07-07T13:03:30","guid":{"rendered":"http:\/\/www.cambe.pr.gov.br\/?p=6573"},"modified":"2024-10-07T13:00:58","modified_gmt":"2024-10-07T16:00:58","slug":"cambe-oportuniza-aproxima-a-formalidade-de-empreendedores","status":"publish","type":"post","link":"https:\/\/www.cambe.pr.gov.br\/index.php\/cambe-oportuniza-aproxima-a-formalidade-de-empreendedores\/","title":{"rendered":"Camb\u00e9 Oportuniza d\u00e1 chance a trabalhadores informais de se tornarem microempreendedores individuais"},"content":{"rendered":"<p style=\"text-align: justify;\"><span style=\"font-family: arial, helvetica, sans-serif;\"><img fetchpriority=\"high\" decoding=\"async\" class=\"alignleft wp-image-6575 size-large\" src=\"https:\/\/www.cambe.pr.gov.br\/wp-content\/uploads\/2022\/07\/DSC_0038-1024x678.jpg\" alt=\"\" width=\"610\" height=\"404\" srcset=\"https:\/\/www.cambe.pr.gov.br\/wp-content\/uploads\/2022\/07\/DSC_0038-1024x678.jpg 1024w, https:\/\/www.cambe.pr.gov.br\/wp-content\/uploads\/2022\/07\/DSC_0038-300x199.jpg 300w, https:\/\/www.cambe.pr.gov.br\/wp-content\/uploads\/2022\/07\/DSC_0038-768x509.jpg 768w, https:\/\/www.cambe.pr.gov.br\/wp-content\/uploads\/2022\/07\/DSC_0038-1536x1017.jpg 1536w, https:\/\/www.cambe.pr.gov.br\/wp-content\/uploads\/2022\/07\/DSC_0038-2048x1356.jpg 2048w\" sizes=\"(max-width: 610px) 100vw, 610px\" \/><\/span><\/p>\n<p style=\"text-align: justify;\"><span style=\"font-family: arial, helvetica, sans-serif;\">Camb\u00e9 Oportuniza aproxima&nbsp;a possibilidade de trabalhadores informais se tornarem microempreendedores individuais (MEI) &nbsp;por meio dos Centros de Refer\u00eancia de Assist\u00eancia Social (CRAS). Os funcion\u00e1rios da secret\u00e1ria de Assist\u00eancia Social participaram de uma capacita\u00e7\u00e3o na sexta-feira (01\/07), que ir\u00e1 auxiliar na identifica\u00e7\u00e3o de maneiras de formalizar o trabalho da popula\u00e7\u00e3o.<\/span><\/p>\n<p style=\"text-align: justify;\"><span style=\"font-family: arial, helvetica, sans-serif;\">A capacita\u00e7\u00e3o foi oferecida pela Secretaria de Desenvolvimento Econ\u00f4mico e pela Sala do Empreendedor, atrav\u00e9s do Servi\u00e7o Brasileiro de Apoio \u00e0s Micro e Pequenas Empresas (Sebrae).<\/span><\/p>\n<p style=\"text-align: justify;\"><span style=\"font-family: arial, helvetica, sans-serif;\">A secret\u00e1ria de Assist\u00eancia Social, Lucilene Diorio, explica que aqueles que trabalham e empreendem na informalidade n\u00e3o tem direito \u00e0 aposentadoria, aux\u00edlio doen\u00e7a, aux\u00edlio maternidade, aux\u00edlio reclus\u00e3o, pens\u00e3o por morte e emiss\u00e3o de nota fiscal. \u201cMuitas pessoas que chegam ao CRAS prestam servi\u00e7os e s\u00e3o, por exemplo, diaristas, manicures e pedreiros. A inten\u00e7\u00e3o \u00e9 mostrar que eles podem se tornar o microempreendedores individuais (MEI) e ter o direito \u00e0 diversos benef\u00edcios\u201d, informa Lucilene. Ela tamb\u00e9m destaca que aqueles interessados ter\u00e3o todo o apoio da Sebrae para se tornarem MEI. \u201cCaso a pessoa queira se informar melhor sobre o MEI, vamos agendar um hor\u00e1rio no CRAS com ela, no qual o pessoal da Sala do Empreendedor tamb\u00e9m participar\u00e1\u201d, detalha.<\/span><\/p>\n<p style=\"text-align: justify;\"><span style=\"font-family: arial, helvetica, sans-serif;\">A secret\u00e1ria conta que em 15 dias o projeto do Camb\u00e9 Oportuniza iniciar\u00e1 no CRAS do Campos Verdes. \u201cIremos identificar pequenos empreendedores na informalidade para que possamos levar eles \u00e0 formalidade e mostrar a eles como funciona abrir um MEI\u201d, finaliza.<\/span><\/p>\n<p style=\"text-align: justify;\"><em><span style=\"font-family: arial, helvetica, sans-serif;\">Sob supervis\u00e3o de Thiago Mossini<\/span><\/em><\/p>\n","protected":false},"excerpt":{"rendered":"<p>Camb\u00e9 Oportuniza aproxima&nbsp;a possibilidade de trabalhadores informais se tornarem microempreendedores individuais (MEI) &nbsp;por meio dos Centros de Refer\u00eancia de Assist\u00eancia Social (CRAS). Os funcion\u00e1rios da secret\u00e1ria de Assist\u00eancia Social participaram de uma capacita\u00e7\u00e3o na sexta-feira (01\/07), que ir\u00e1 auxiliar na identifica\u00e7\u00e3o de maneiras de formalizar o trabalho da popula\u00e7\u00e3o. A capacita\u00e7\u00e3o foi oferecida pela Secretaria [&hellip;]<\/p>\n","protected":false},"author":2,"featured_media":0,"comment_status":"closed","ping_status":"open","sticky":false,"template":"","format":"standard","meta":{"ngg_post_thumbnail":0,"footnotes":""},"categories":[1],"tags":[],"class_list":["post-6573","post","type-post","status-publish","format-standard","hentry","category-principal"],"yoast_head":"<!-- This site is optimized with the Yoast SEO plugin v27.4 - https:\/\/yoast.com\/product\/yoast-seo-wordpress\/ -->\n<title>Camb\u00e9 Oportuniza d\u00e1 chance a trabalhadores informais de se tornarem microempreendedores individuais - Prefeitura de Camb\u00e9<\/title>\n<meta name=\"robots\" content=\"index, follow, max-snippet:-1, max-image-preview:large, max-video-preview:-1\" \/>\n<link rel=\"canonical\" href=\"https:\/\/www.cambe.pr.gov.br\/index.php\/cambe-oportuniza-aproxima-a-formalidade-de-empreendedores\/\" \/>\n<meta property=\"og:locale\" content=\"pt_BR\" \/>\n<meta property=\"og:type\" content=\"article\" \/>\n<meta property=\"og:title\" content=\"Camb\u00e9 Oportuniza d\u00e1 chance a trabalhadores informais de se tornarem microempreendedores individuais - Prefeitura de Camb\u00e9\" \/>\n<meta property=\"og:description\" content=\"Camb\u00e9 Oportuniza aproxima&nbsp;a possibilidade de trabalhadores informais se tornarem microempreendedores individuais (MEI) &nbsp;por meio dos Centros de Refer\u00eancia de Assist\u00eancia Social (CRAS). Os funcion\u00e1rios da secret\u00e1ria de Assist\u00eancia Social participaram de uma capacita\u00e7\u00e3o na sexta-feira (01\/07), que ir\u00e1 auxiliar na identifica\u00e7\u00e3o de maneiras de formalizar o trabalho da popula\u00e7\u00e3o. A capacita\u00e7\u00e3o foi oferecida pela Secretaria [&hellip;]\" \/>\n<meta property=\"og:url\" content=\"https:\/\/www.cambe.pr.gov.br\/index.php\/cambe-oportuniza-aproxima-a-formalidade-de-empreendedores\/\" \/>\n<meta property=\"og:site_name\" content=\"Prefeitura de Camb\u00e9\" \/>\n<meta property=\"article:publisher\" content=\"https:\/\/m.facebook.com\/prefeituradecambe\" \/>\n<meta property=\"article:published_time\" content=\"2022-07-07T13:03:30+00:00\" \/>\n<meta property=\"article:modified_time\" content=\"2024-10-07T16:00:58+00:00\" \/>\n<meta property=\"og:image\" content=\"http:\/\/www.cambe.pr.gov.br\/wp-content\/uploads\/2022\/07\/DSC_0038-1024x678.jpg\" \/>\n<meta name=\"author\" content=\"Thiago Mossini Balbino dos Santos\" \/>\n<meta name=\"twitter:card\" content=\"summary_large_image\" \/>\n<meta name=\"twitter:label1\" content=\"Escrito por\" \/>\n\t<meta name=\"twitter:data1\" content=\"Thiago Mossini Balbino dos Santos\" \/>\n\t<meta name=\"twitter:label2\" content=\"Est. tempo de leitura\" \/>\n\t<meta name=\"twitter:data2\" content=\"1 minuto\" \/>\n<script type=\"application\/ld+json\" class=\"yoast-schema-graph\">{\"@context\":\"https:\\\/\\\/schema.org\",\"@graph\":[{\"@type\":\"Article\",\"@id\":\"https:\\\/\\\/www.cambe.pr.gov.br\\\/index.php\\\/cambe-oportuniza-aproxima-a-formalidade-de-empreendedores\\\/#article\",\"isPartOf\":{\"@id\":\"https:\\\/\\\/www.cambe.pr.gov.br\\\/index.php\\\/cambe-oportuniza-aproxima-a-formalidade-de-empreendedores\\\/\"},\"author\":{\"name\":\"Thiago Mossini Balbino dos Santos\",\"@id\":\"https:\\\/\\\/www.cambe.pr.gov.br\\\/#\\\/schema\\\/person\\\/e08f7c43a641b2ec036e4e867ec483e4\"},\"headline\":\"Camb\u00e9 Oportuniza d\u00e1 chance a trabalhadores informais de se tornarem microempreendedores individuais\",\"datePublished\":\"2022-07-07T13:03:30+00:00\",\"dateModified\":\"2024-10-07T16:00:58+00:00\",\"mainEntityOfPage\":{\"@id\":\"https:\\\/\\\/www.cambe.pr.gov.br\\\/index.php\\\/cambe-oportuniza-aproxima-a-formalidade-de-empreendedores\\\/\"},\"wordCount\":280,\"publisher\":{\"@id\":\"https:\\\/\\\/www.cambe.pr.gov.br\\\/#organization\"},\"image\":{\"@id\":\"https:\\\/\\\/www.cambe.pr.gov.br\\\/index.php\\\/cambe-oportuniza-aproxima-a-formalidade-de-empreendedores\\\/#primaryimage\"},\"thumbnailUrl\":\"http:\\\/\\\/www.cambe.pr.gov.br\\\/wp-content\\\/uploads\\\/2022\\\/07\\\/DSC_0038-1024x678.jpg\",\"articleSection\":[\"Principal\"],\"inLanguage\":\"pt-BR\"},{\"@type\":\"WebPage\",\"@id\":\"https:\\\/\\\/www.cambe.pr.gov.br\\\/index.php\\\/cambe-oportuniza-aproxima-a-formalidade-de-empreendedores\\\/\",\"url\":\"https:\\\/\\\/www.cambe.pr.gov.br\\\/index.php\\\/cambe-oportuniza-aproxima-a-formalidade-de-empreendedores\\\/\",\"name\":\"Camb\u00e9 Oportuniza d\u00e1 chance a trabalhadores informais de se tornarem microempreendedores individuais - Prefeitura de Camb\u00e9\",\"isPartOf\":{\"@id\":\"https:\\\/\\\/www.cambe.pr.gov.br\\\/#website\"},\"primaryImageOfPage\":{\"@id\":\"https:\\\/\\\/www.cambe.pr.gov.br\\\/index.php\\\/cambe-oportuniza-aproxima-a-formalidade-de-empreendedores\\\/#primaryimage\"},\"image\":{\"@id\":\"https:\\\/\\\/www.cambe.pr.gov.br\\\/index.php\\\/cambe-oportuniza-aproxima-a-formalidade-de-empreendedores\\\/#primaryimage\"},\"thumbnailUrl\":\"http:\\\/\\\/www.cambe.pr.gov.br\\\/wp-content\\\/uploads\\\/2022\\\/07\\\/DSC_0038-1024x678.jpg\",\"datePublished\":\"2022-07-07T13:03:30+00:00\",\"dateModified\":\"2024-10-07T16:00:58+00:00\",\"breadcrumb\":{\"@id\":\"https:\\\/\\\/www.cambe.pr.gov.br\\\/index.php\\\/cambe-oportuniza-aproxima-a-formalidade-de-empreendedores\\\/#breadcrumb\"},\"inLanguage\":\"pt-BR\",\"potentialAction\":[{\"@type\":\"ReadAction\",\"target\":[\"https:\\\/\\\/www.cambe.pr.gov.br\\\/index.php\\\/cambe-oportuniza-aproxima-a-formalidade-de-empreendedores\\\/\"]}]},{\"@type\":\"ImageObject\",\"inLanguage\":\"pt-BR\",\"@id\":\"https:\\\/\\\/www.cambe.pr.gov.br\\\/index.php\\\/cambe-oportuniza-aproxima-a-formalidade-de-empreendedores\\\/#primaryimage\",\"url\":\"http:\\\/\\\/www.cambe.pr.gov.br\\\/wp-content\\\/uploads\\\/2022\\\/07\\\/DSC_0038-1024x678.jpg\",\"contentUrl\":\"http:\\\/\\\/www.cambe.pr.gov.br\\\/wp-content\\\/uploads\\\/2022\\\/07\\\/DSC_0038-1024x678.jpg\"},{\"@type\":\"BreadcrumbList\",\"@id\":\"https:\\\/\\\/www.cambe.pr.gov.br\\\/index.php\\\/cambe-oportuniza-aproxima-a-formalidade-de-empreendedores\\\/#breadcrumb\",\"itemListElement\":[{\"@type\":\"ListItem\",\"position\":1,\"name\":\"In\u00edcio\",\"item\":\"https:\\\/\\\/www.cambe.pr.gov.br\\\/\"},{\"@type\":\"ListItem\",\"position\":2,\"name\":\"Camb\u00e9 Oportuniza d\u00e1 chance a trabalhadores informais de se tornarem microempreendedores individuais\"}]},{\"@type\":\"WebSite\",\"@id\":\"https:\\\/\\\/www.cambe.pr.gov.br\\\/#website\",\"url\":\"https:\\\/\\\/www.cambe.pr.gov.br\\\/\",\"name\":\"Prefeitura de Camb\u00e9\",\"description\":\"UM GOVERNO PARA TODOS\",\"publisher\":{\"@id\":\"https:\\\/\\\/www.cambe.pr.gov.br\\\/#organization\"},\"potentialAction\":[{\"@type\":\"SearchAction\",\"target\":{\"@type\":\"EntryPoint\",\"urlTemplate\":\"https:\\\/\\\/www.cambe.pr.gov.br\\\/?s={search_term_string}\"},\"query-input\":{\"@type\":\"PropertyValueSpecification\",\"valueRequired\":true,\"valueName\":\"search_term_string\"}}],\"inLanguage\":\"pt-BR\"},{\"@type\":\"Organization\",\"@id\":\"https:\\\/\\\/www.cambe.pr.gov.br\\\/#organization\",\"name\":\"Prefeitura de Camb\u00e9\",\"url\":\"https:\\\/\\\/www.cambe.pr.gov.br\\\/\",\"logo\":{\"@type\":\"ImageObject\",\"inLanguage\":\"pt-BR\",\"@id\":\"https:\\\/\\\/www.cambe.pr.gov.br\\\/#\\\/schema\\\/logo\\\/image\\\/\",\"url\":\"https:\\\/\\\/www.cambe.pr.gov.br\\\/wp-content\\\/uploads\\\/2021\\\/01\\\/cropped-cropped-cambe_brazao-icone.png\",\"contentUrl\":\"https:\\\/\\\/www.cambe.pr.gov.br\\\/wp-content\\\/uploads\\\/2021\\\/01\\\/cropped-cropped-cambe_brazao-icone.png\",\"width\":240,\"height\":240,\"caption\":\"Prefeitura de Camb\u00e9\"},\"image\":{\"@id\":\"https:\\\/\\\/www.cambe.pr.gov.br\\\/#\\\/schema\\\/logo\\\/image\\\/\"},\"sameAs\":[\"https:\\\/\\\/m.facebook.com\\\/prefeituradecambe\"]},{\"@type\":\"Person\",\"@id\":\"https:\\\/\\\/www.cambe.pr.gov.br\\\/#\\\/schema\\\/person\\\/e08f7c43a641b2ec036e4e867ec483e4\",\"name\":\"Thiago Mossini Balbino dos Santos\",\"image\":{\"@type\":\"ImageObject\",\"inLanguage\":\"pt-BR\",\"@id\":\"https:\\\/\\\/secure.gravatar.com\\\/avatar\\\/d957ed4e1bc3ebf5769d1003f9709cd2012ebf424eb4a5d76a933fee30e874b6?s=96&d=mm&r=g\",\"url\":\"https:\\\/\\\/secure.gravatar.com\\\/avatar\\\/d957ed4e1bc3ebf5769d1003f9709cd2012ebf424eb4a5d76a933fee30e874b6?s=96&d=mm&r=g\",\"contentUrl\":\"https:\\\/\\\/secure.gravatar.com\\\/avatar\\\/d957ed4e1bc3ebf5769d1003f9709cd2012ebf424eb4a5d76a933fee30e874b6?s=96&d=mm&r=g\",\"caption\":\"Thiago Mossini Balbino dos Santos\"},\"url\":\"https:\\\/\\\/www.cambe.pr.gov.br\\\/index.php\\\/author\\\/tmbsantos\\\/\"}]}<\/script>\n<!-- \/ Yoast SEO plugin. -->","yoast_head_json":{"title":"Camb\u00e9 Oportuniza d\u00e1 chance a trabalhadores informais de se tornarem microempreendedores individuais - Prefeitura de Camb\u00e9","robots":{"index":"index","follow":"follow","max-snippet":"max-snippet:-1","max-image-preview":"max-image-preview:large","max-video-preview":"max-video-preview:-1"},"canonical":"https:\/\/www.cambe.pr.gov.br\/index.php\/cambe-oportuniza-aproxima-a-formalidade-de-empreendedores\/","og_locale":"pt_BR","og_type":"article","og_title":"Camb\u00e9 Oportuniza d\u00e1 chance a trabalhadores informais de se tornarem microempreendedores individuais - Prefeitura de Camb\u00e9","og_description":"Camb\u00e9 Oportuniza aproxima&nbsp;a possibilidade de trabalhadores informais se tornarem microempreendedores individuais (MEI) &nbsp;por meio dos Centros de Refer\u00eancia de Assist\u00eancia Social (CRAS). Os funcion\u00e1rios da secret\u00e1ria de Assist\u00eancia Social participaram de uma capacita\u00e7\u00e3o na sexta-feira (01\/07), que ir\u00e1 auxiliar na identifica\u00e7\u00e3o de maneiras de formalizar o trabalho da popula\u00e7\u00e3o. A capacita\u00e7\u00e3o foi oferecida pela Secretaria [&hellip;]","og_url":"https:\/\/www.cambe.pr.gov.br\/index.php\/cambe-oportuniza-aproxima-a-formalidade-de-empreendedores\/","og_site_name":"Prefeitura de Camb\u00e9","article_publisher":"https:\/\/m.facebook.com\/prefeituradecambe","article_published_time":"2022-07-07T13:03:30+00:00","article_modified_time":"2024-10-07T16:00:58+00:00","og_image":[{"url":"http:\/\/www.cambe.pr.gov.br\/wp-content\/uploads\/2022\/07\/DSC_0038-1024x678.jpg","type":"","width":"","height":""}],"author":"Thiago Mossini Balbino dos Santos","twitter_card":"summary_large_image","twitter_misc":{"Escrito por":"Thiago Mossini Balbino dos Santos","Est. tempo de leitura":"1 minuto"},"schema":{"@context":"https:\/\/schema.org","@graph":[{"@type":"Article","@id":"https:\/\/www.cambe.pr.gov.br\/index.php\/cambe-oportuniza-aproxima-a-formalidade-de-empreendedores\/#article","isPartOf":{"@id":"https:\/\/www.cambe.pr.gov.br\/index.php\/cambe-oportuniza-aproxima-a-formalidade-de-empreendedores\/"},"author":{"name":"Thiago Mossini Balbino dos Santos","@id":"https:\/\/www.cambe.pr.gov.br\/#\/schema\/person\/e08f7c43a641b2ec036e4e867ec483e4"},"headline":"Camb\u00e9 Oportuniza d\u00e1 chance a trabalhadores informais de se tornarem microempreendedores individuais","datePublished":"2022-07-07T13:03:30+00:00","dateModified":"2024-10-07T16:00:58+00:00","mainEntityOfPage":{"@id":"https:\/\/www.cambe.pr.gov.br\/index.php\/cambe-oportuniza-aproxima-a-formalidade-de-empreendedores\/"},"wordCount":280,"publisher":{"@id":"https:\/\/www.cambe.pr.gov.br\/#organization"},"image":{"@id":"https:\/\/www.cambe.pr.gov.br\/index.php\/cambe-oportuniza-aproxima-a-formalidade-de-empreendedores\/#primaryimage"},"thumbnailUrl":"http:\/\/www.cambe.pr.gov.br\/wp-content\/uploads\/2022\/07\/DSC_0038-1024x678.jpg","articleSection":["Principal"],"inLanguage":"pt-BR"},{"@type":"WebPage","@id":"https:\/\/www.cambe.pr.gov.br\/index.php\/cambe-oportuniza-aproxima-a-formalidade-de-empreendedores\/","url":"https:\/\/www.cambe.pr.gov.br\/index.php\/cambe-oportuniza-aproxima-a-formalidade-de-empreendedores\/","name":"Camb\u00e9 Oportuniza d\u00e1 chance a trabalhadores informais de se tornarem microempreendedores individuais - Prefeitura de Camb\u00e9","isPartOf":{"@id":"https:\/\/www.cambe.pr.gov.br\/#website"},"primaryImageOfPage":{"@id":"https:\/\/www.cambe.pr.gov.br\/index.php\/cambe-oportuniza-aproxima-a-formalidade-de-empreendedores\/#primaryimage"},"image":{"@id":"https:\/\/www.cambe.pr.gov.br\/index.php\/cambe-oportuniza-aproxima-a-formalidade-de-empreendedores\/#primaryimage"},"thumbnailUrl":"http:\/\/www.cambe.pr.gov.br\/wp-content\/uploads\/2022\/07\/DSC_0038-1024x678.jpg","datePublished":"2022-07-07T13:03:30+00:00","dateModified":"2024-10-07T16:00:58+00:00","breadcrumb":{"@id":"https:\/\/www.cambe.pr.gov.br\/index.php\/cambe-oportuniza-aproxima-a-formalidade-de-empreendedores\/#breadcrumb"},"inLanguage":"pt-BR","potentialAction":[{"@type":"ReadAction","target":["https:\/\/www.cambe.pr.gov.br\/index.php\/cambe-oportuniza-aproxima-a-formalidade-de-empreendedores\/"]}]},{"@type":"ImageObject","inLanguage":"pt-BR","@id":"https:\/\/www.cambe.pr.gov.br\/index.php\/cambe-oportuniza-aproxima-a-formalidade-de-empreendedores\/#primaryimage","url":"http:\/\/www.cambe.pr.gov.br\/wp-content\/uploads\/2022\/07\/DSC_0038-1024x678.jpg","contentUrl":"http:\/\/www.cambe.pr.gov.br\/wp-content\/uploads\/2022\/07\/DSC_0038-1024x678.jpg"},{"@type":"BreadcrumbList","@id":"https:\/\/www.cambe.pr.gov.br\/index.php\/cambe-oportuniza-aproxima-a-formalidade-de-empreendedores\/#breadcrumb","itemListElement":[{"@type":"ListItem","position":1,"name":"In\u00edcio","item":"https:\/\/www.cambe.pr.gov.br\/"},{"@type":"ListItem","position":2,"name":"Camb\u00e9 Oportuniza d\u00e1 chance a trabalhadores informais de se tornarem microempreendedores individuais"}]},{"@type":"WebSite","@id":"https:\/\/www.cambe.pr.gov.br\/#website","url":"https:\/\/www.cambe.pr.gov.br\/","name":"Prefeitura de Camb\u00e9","description":"UM GOVERNO PARA TODOS","publisher":{"@id":"https:\/\/www.cambe.pr.gov.br\/#organization"},"potentialAction":[{"@type":"SearchAction","target":{"@type":"EntryPoint","urlTemplate":"https:\/\/www.cambe.pr.gov.br\/?s={search_term_string}"},"query-input":{"@type":"PropertyValueSpecification","valueRequired":true,"valueName":"search_term_string"}}],"inLanguage":"pt-BR"},{"@type":"Organization","@id":"https:\/\/www.cambe.pr.gov.br\/#organization","name":"Prefeitura de Camb\u00e9","url":"https:\/\/www.cambe.pr.gov.br\/","logo":{"@type":"ImageObject","inLanguage":"pt-BR","@id":"https:\/\/www.cambe.pr.gov.br\/#\/schema\/logo\/image\/","url":"https:\/\/www.cambe.pr.gov.br\/wp-content\/uploads\/2021\/01\/cropped-cropped-cambe_brazao-icone.png","contentUrl":"https:\/\/www.cambe.pr.gov.br\/wp-content\/uploads\/2021\/01\/cropped-cropped-cambe_brazao-icone.png","width":240,"height":240,"caption":"Prefeitura de Camb\u00e9"},"image":{"@id":"https:\/\/www.cambe.pr.gov.br\/#\/schema\/logo\/image\/"},"sameAs":["https:\/\/m.facebook.com\/prefeituradecambe"]},{"@type":"Person","@id":"https:\/\/www.cambe.pr.gov.br\/#\/schema\/person\/e08f7c43a641b2ec036e4e867ec483e4","name":"Thiago Mossini Balbino dos Santos","image":{"@type":"ImageObject","inLanguage":"pt-BR","@id":"https:\/\/secure.gravatar.com\/avatar\/d957ed4e1bc3ebf5769d1003f9709cd2012ebf424eb4a5d76a933fee30e874b6?s=96&d=mm&r=g","url":"https:\/\/secure.gravatar.com\/avatar\/d957ed4e1bc3ebf5769d1003f9709cd2012ebf424eb4a5d76a933fee30e874b6?s=96&d=mm&r=g","contentUrl":"https:\/\/secure.gravatar.com\/avatar\/d957ed4e1bc3ebf5769d1003f9709cd2012ebf424eb4a5d76a933fee30e874b6?s=96&d=mm&r=g","caption":"Thiago Mossini Balbino dos Santos"},"url":"https:\/\/www.cambe.pr.gov.br\/index.php\/author\/tmbsantos\/"}]}},"_links":{"self":[{"href":"https:\/\/www.cambe.pr.gov.br\/index.php\/wp-json\/wp\/v2\/posts\/6573","targetHints":{"allow":["GET"]}}],"collection":[{"href":"https:\/\/www.cambe.pr.gov.br\/index.php\/wp-json\/wp\/v2\/posts"}],"about":[{"href":"https:\/\/www.cambe.pr.gov.br\/index.php\/wp-json\/wp\/v2\/types\/post"}],"author":[{"embeddable":true,"href":"https:\/\/www.cambe.pr.gov.br\/index.php\/wp-json\/wp\/v2\/users\/2"}],"replies":[{"embeddable":true,"href":"https:\/\/www.cambe.pr.gov.br\/index.php\/wp-json\/wp\/v2\/comments?post=6573"}],"version-history":[{"count":8,"href":"https:\/\/www.cambe.pr.gov.br\/index.php\/wp-json\/wp\/v2\/posts\/6573\/revisions"}],"predecessor-version":[{"id":6642,"href":"https:\/\/www.cambe.pr.gov.br\/index.php\/wp-json\/wp\/v2\/posts\/6573\/revisions\/6642"}],"wp:attachment":[{"href":"https:\/\/www.cambe.pr.gov.br\/index.php\/wp-json\/wp\/v2\/media?parent=6573"}],"wp:term":[{"taxonomy":"category","embeddable":true,"href":"https:\/\/www.cambe.pr.gov.br\/index.php\/wp-json\/wp\/v2\/categories?post=6573"},{"taxonomy":"post_tag","embeddable":true,"href":"https:\/\/www.cambe.pr.gov.br\/index.php\/wp-json\/wp\/v2\/tags?post=6573"}],"curies":[{"name":"wp","href":"https:\/\/api.w.org\/{rel}","templated":true}]}}