{"id":6558,"date":"2022-07-04T08:57:57","date_gmt":"2022-07-04T11:57:57","guid":{"rendered":"http:\/\/www.cambe.pr.gov.br\/?p=6558"},"modified":"2024-10-07T13:00:58","modified_gmt":"2024-10-07T16:00:58","slug":"grupo-bem-viver-desenvolve-trabalho-multidisciplinar-para-melhor-a-qualidade-de-vida-da-populacao-obesa","status":"publish","type":"post","link":"https:\/\/www.cambe.pr.gov.br\/index.php\/grupo-bem-viver-desenvolve-trabalho-multidisciplinar-para-melhor-a-qualidade-de-vida-da-populacao-obesa\/","title":{"rendered":"Grupo &#8216;Bem Viver&#8217; desenvolve trabalho multidisciplinar para melhor a qualidade de vida da popula\u00e7\u00e3o obesa"},"content":{"rendered":"<p style=\"text-align: justify;\"><span style=\"font-family: arial, helvetica, sans-serif;\"><img fetchpriority=\"high\" decoding=\"async\" class=\"alignleft wp-image-6568 size-large\" src=\"https:\/\/www.cambe.pr.gov.br\/wp-content\/uploads\/2022\/07\/WhatsApp-Image-2022-07-04-at-08.56.02-e1656935855278-1024x683.jpeg\" alt=\"\" width=\"610\" height=\"407\" srcset=\"https:\/\/www.cambe.pr.gov.br\/wp-content\/uploads\/2022\/07\/WhatsApp-Image-2022-07-04-at-08.56.02-e1656935855278-1024x683.jpeg 1024w, https:\/\/www.cambe.pr.gov.br\/wp-content\/uploads\/2022\/07\/WhatsApp-Image-2022-07-04-at-08.56.02-e1656935855278-300x200.jpeg 300w, https:\/\/www.cambe.pr.gov.br\/wp-content\/uploads\/2022\/07\/WhatsApp-Image-2022-07-04-at-08.56.02-e1656935855278-768x512.jpeg 768w, https:\/\/www.cambe.pr.gov.br\/wp-content\/uploads\/2022\/07\/WhatsApp-Image-2022-07-04-at-08.56.02-e1656935855278.jpeg 1280w\" sizes=\"(max-width: 610px) 100vw, 610px\" \/>Estar com a sa\u00fade e a autoestima em dia s\u00e3o fatores importantes para a qualidade de vida e o bem estar das pessoas. Por conta disso, o grupo &#8216;Bem Viver&#8217; nasceu na cidade e come\u00e7a a gerar seus frutos. A enfermeira da Secretaria de Sa\u00fade da Prefeitura de Camb\u00e9 e uma das idealizadoras do projeto, Camilla Ravagnani Bueno, destaca que o Brasil tem mais da metade da popula\u00e7\u00e3o acima do peso ou com algum grau de obesidade e, dentre essa popula\u00e7\u00e3o, a maior parte \u00e9 mulher. &#8220;Com isso em mente, n\u00f3s pensamos em um projeto que pudesse localizar e trabalhar com essa popula\u00e7\u00e3o obesa, com o objetivo de acompanhar quest\u00f5es relacionadas \u00e0 sa\u00fade e tamb\u00e9m de empoderamento e autoestima, visto que, infelizmente, o preconceito ainda \u00e9 um obst\u00e1culo que precisamos superar&#8221;, pontua.<\/span><\/p>\n<p style=\"text-align: justify;\"><span style=\"font-family: arial, helvetica, sans-serif;\">Segundo a enfermeira, o grupo &#8216;Bem Viver&#8217; \u00e9 um projeto multidisciplinar e multifatorial, j\u00e1 que engloba v\u00e1rios profissionais que auxiliam nos diversos fatores que podem levar uma pessoa a desenvolver obesidade. &#8220;Hoje, as doen\u00e7as cardiovasculares, como o infarto e a hipertens\u00e3o, s\u00e3o a principal causa de morte no Brasil e est\u00e1 diretamente ligado ao sobrepeso e \u00e0 obesidade&#8221;, destaca. Por conta disso, segundo Bueno, \u00e9 fundamental criar mecanismos para que as mulheres consigam ter acesso \u00e0 m\u00e9dicos, nutricionistas e outros profissionais que atuam nessa \u00e1rea.<\/span><\/p>\n<p style=\"text-align: justify;\"><span style=\"font-family: arial, helvetica, sans-serif;\">Camilla Bueno explica que o grupo come\u00e7ou a atuar em maio e estar\u00e1 aceitando novos integrantes at\u00e9 esta quinta-feira (07\/07). Podem participar mulheres acima do peso ou obesas de 12 a 70 anos e o cadastro deve ser feito pelo WhatsApp 3174-0325. &#8220;Os nossos encontros s\u00e3o realizados uma vez ao m\u00eas e a nossa equipe conta com m\u00e9dico, enfermeiro, nutricionista, educador f\u00edsico e psic\u00f3logo. Nossos encontros s\u00e3o como um grupo de apoio, que \u00e9 como chamamos, na inten\u00e7\u00e3o de abranger e diversificar os m\u00e9todos de atendimento&#8221;, esclarece.<\/span><\/p>\n<p style=\"text-align: justify;\"><span style=\"font-family: arial, helvetica, sans-serif;\">De acordo com ela, nos encontros, as participantes recebem atendimentos individualizados, como card\u00e1pios nutricionais, s\u00e9ries de exerc\u00edcios, consultas mensais com a coleta de exames, al\u00e9m da medi\u00e7\u00e3o de peso, altura e circunfer\u00eancia e a captura de fotos para comparar o antes o depois. &#8220;N\u00f3s tamb\u00e9m temos um grupo no WhatsApp em que trocamos informa\u00e7\u00f5es e tiramos d\u00favidas diariamente&#8221;, destaca.<\/span><\/p>\n<p style=\"text-align: justify;\"><span style=\"font-family: arial, helvetica, sans-serif;\">&#8220;A obesidade \u00e9 uma doen\u00e7a cr\u00f4nica, ou seja, que n\u00e3o tem cura, mas que tem tratamento e controle, por isso temos que bater nessa tecla e desenvolver a\u00e7\u00f5es com esse intuito. N\u00f3s queremos melhorar a qualidade de vida dessas pessoas, principalmente no que diz respeito a reduzir as chances de que alguma doen\u00e7a oportunista apare\u00e7a&#8221;, finaliza a enfermeira.<\/span><\/p>\n","protected":false},"excerpt":{"rendered":"<p>Estar com a sa\u00fade e a autoestima em dia s\u00e3o fatores importantes para a qualidade de vida e o bem estar das pessoas. Por conta disso, o grupo &#8216;Bem Viver&#8217; nasceu na cidade e come\u00e7a a gerar seus frutos. A enfermeira da Secretaria de Sa\u00fade da Prefeitura de Camb\u00e9 e uma das idealizadoras do projeto, [&hellip;]<\/p>\n","protected":false},"author":2,"featured_media":0,"comment_status":"closed","ping_status":"open","sticky":false,"template":"","format":"standard","meta":{"ngg_post_thumbnail":0,"footnotes":""},"categories":[1],"tags":[],"class_list":["post-6558","post","type-post","status-publish","format-standard","hentry","category-principal"],"yoast_head":"<!-- This site is optimized with the Yoast SEO plugin v27.4 - https:\/\/yoast.com\/product\/yoast-seo-wordpress\/ -->\n<title>Grupo &#039;Bem Viver&#039; desenvolve trabalho multidisciplinar para melhor a qualidade de vida da popula\u00e7\u00e3o obesa - Prefeitura de Camb\u00e9<\/title>\n<meta name=\"robots\" content=\"index, follow, max-snippet:-1, max-image-preview:large, max-video-preview:-1\" \/>\n<link rel=\"canonical\" href=\"https:\/\/www.cambe.pr.gov.br\/index.php\/grupo-bem-viver-desenvolve-trabalho-multidisciplinar-para-melhor-a-qualidade-de-vida-da-populacao-obesa\/\" \/>\n<meta property=\"og:locale\" content=\"pt_BR\" \/>\n<meta property=\"og:type\" content=\"article\" \/>\n<meta property=\"og:title\" content=\"Grupo &#039;Bem Viver&#039; desenvolve trabalho multidisciplinar para melhor a qualidade de vida da popula\u00e7\u00e3o obesa - Prefeitura de Camb\u00e9\" \/>\n<meta property=\"og:description\" content=\"Estar com a sa\u00fade e a autoestima em dia s\u00e3o fatores importantes para a qualidade de vida e o bem estar das pessoas. Por conta disso, o grupo &#8216;Bem Viver&#8217; nasceu na cidade e come\u00e7a a gerar seus frutos. A enfermeira da Secretaria de Sa\u00fade da Prefeitura de Camb\u00e9 e uma das idealizadoras do projeto, [&hellip;]\" \/>\n<meta property=\"og:url\" content=\"https:\/\/www.cambe.pr.gov.br\/index.php\/grupo-bem-viver-desenvolve-trabalho-multidisciplinar-para-melhor-a-qualidade-de-vida-da-populacao-obesa\/\" \/>\n<meta property=\"og:site_name\" content=\"Prefeitura de Camb\u00e9\" \/>\n<meta property=\"article:publisher\" content=\"https:\/\/m.facebook.com\/prefeituradecambe\" \/>\n<meta property=\"article:published_time\" content=\"2022-07-04T11:57:57+00:00\" \/>\n<meta property=\"article:modified_time\" content=\"2024-10-07T16:00:58+00:00\" \/>\n<meta property=\"og:image\" content=\"http:\/\/www.cambe.pr.gov.br\/wp-content\/uploads\/2022\/07\/WhatsApp-Image-2022-07-04-at-08.56.02-e1656935855278-1024x683.jpeg\" \/>\n<meta name=\"author\" content=\"Thiago Mossini Balbino dos Santos\" \/>\n<meta name=\"twitter:card\" content=\"summary_large_image\" \/>\n<meta name=\"twitter:label1\" content=\"Escrito por\" \/>\n\t<meta name=\"twitter:data1\" content=\"Thiago Mossini Balbino dos Santos\" \/>\n\t<meta name=\"twitter:label2\" content=\"Est. tempo de leitura\" \/>\n\t<meta name=\"twitter:data2\" content=\"2 minutos\" \/>\n<script type=\"application\/ld+json\" class=\"yoast-schema-graph\">{\"@context\":\"https:\\\/\\\/schema.org\",\"@graph\":[{\"@type\":\"Article\",\"@id\":\"https:\\\/\\\/www.cambe.pr.gov.br\\\/index.php\\\/grupo-bem-viver-desenvolve-trabalho-multidisciplinar-para-melhor-a-qualidade-de-vida-da-populacao-obesa\\\/#article\",\"isPartOf\":{\"@id\":\"https:\\\/\\\/www.cambe.pr.gov.br\\\/index.php\\\/grupo-bem-viver-desenvolve-trabalho-multidisciplinar-para-melhor-a-qualidade-de-vida-da-populacao-obesa\\\/\"},\"author\":{\"name\":\"Thiago Mossini Balbino dos Santos\",\"@id\":\"https:\\\/\\\/www.cambe.pr.gov.br\\\/#\\\/schema\\\/person\\\/e08f7c43a641b2ec036e4e867ec483e4\"},\"headline\":\"Grupo &#8216;Bem Viver&#8217; desenvolve trabalho multidisciplinar para melhor a qualidade de vida da popula\u00e7\u00e3o obesa\",\"datePublished\":\"2022-07-04T11:57:57+00:00\",\"dateModified\":\"2024-10-07T16:00:58+00:00\",\"mainEntityOfPage\":{\"@id\":\"https:\\\/\\\/www.cambe.pr.gov.br\\\/index.php\\\/grupo-bem-viver-desenvolve-trabalho-multidisciplinar-para-melhor-a-qualidade-de-vida-da-populacao-obesa\\\/\"},\"wordCount\":468,\"publisher\":{\"@id\":\"https:\\\/\\\/www.cambe.pr.gov.br\\\/#organization\"},\"image\":{\"@id\":\"https:\\\/\\\/www.cambe.pr.gov.br\\\/index.php\\\/grupo-bem-viver-desenvolve-trabalho-multidisciplinar-para-melhor-a-qualidade-de-vida-da-populacao-obesa\\\/#primaryimage\"},\"thumbnailUrl\":\"http:\\\/\\\/www.cambe.pr.gov.br\\\/wp-content\\\/uploads\\\/2022\\\/07\\\/WhatsApp-Image-2022-07-04-at-08.56.02-e1656935855278-1024x683.jpeg\",\"articleSection\":[\"Principal\"],\"inLanguage\":\"pt-BR\"},{\"@type\":\"WebPage\",\"@id\":\"https:\\\/\\\/www.cambe.pr.gov.br\\\/index.php\\\/grupo-bem-viver-desenvolve-trabalho-multidisciplinar-para-melhor-a-qualidade-de-vida-da-populacao-obesa\\\/\",\"url\":\"https:\\\/\\\/www.cambe.pr.gov.br\\\/index.php\\\/grupo-bem-viver-desenvolve-trabalho-multidisciplinar-para-melhor-a-qualidade-de-vida-da-populacao-obesa\\\/\",\"name\":\"Grupo 'Bem Viver' desenvolve trabalho multidisciplinar para melhor a qualidade de vida da popula\u00e7\u00e3o obesa - Prefeitura de Camb\u00e9\",\"isPartOf\":{\"@id\":\"https:\\\/\\\/www.cambe.pr.gov.br\\\/#website\"},\"primaryImageOfPage\":{\"@id\":\"https:\\\/\\\/www.cambe.pr.gov.br\\\/index.php\\\/grupo-bem-viver-desenvolve-trabalho-multidisciplinar-para-melhor-a-qualidade-de-vida-da-populacao-obesa\\\/#primaryimage\"},\"image\":{\"@id\":\"https:\\\/\\\/www.cambe.pr.gov.br\\\/index.php\\\/grupo-bem-viver-desenvolve-trabalho-multidisciplinar-para-melhor-a-qualidade-de-vida-da-populacao-obesa\\\/#primaryimage\"},\"thumbnailUrl\":\"http:\\\/\\\/www.cambe.pr.gov.br\\\/wp-content\\\/uploads\\\/2022\\\/07\\\/WhatsApp-Image-2022-07-04-at-08.56.02-e1656935855278-1024x683.jpeg\",\"datePublished\":\"2022-07-04T11:57:57+00:00\",\"dateModified\":\"2024-10-07T16:00:58+00:00\",\"breadcrumb\":{\"@id\":\"https:\\\/\\\/www.cambe.pr.gov.br\\\/index.php\\\/grupo-bem-viver-desenvolve-trabalho-multidisciplinar-para-melhor-a-qualidade-de-vida-da-populacao-obesa\\\/#breadcrumb\"},\"inLanguage\":\"pt-BR\",\"potentialAction\":[{\"@type\":\"ReadAction\",\"target\":[\"https:\\\/\\\/www.cambe.pr.gov.br\\\/index.php\\\/grupo-bem-viver-desenvolve-trabalho-multidisciplinar-para-melhor-a-qualidade-de-vida-da-populacao-obesa\\\/\"]}]},{\"@type\":\"ImageObject\",\"inLanguage\":\"pt-BR\",\"@id\":\"https:\\\/\\\/www.cambe.pr.gov.br\\\/index.php\\\/grupo-bem-viver-desenvolve-trabalho-multidisciplinar-para-melhor-a-qualidade-de-vida-da-populacao-obesa\\\/#primaryimage\",\"url\":\"http:\\\/\\\/www.cambe.pr.gov.br\\\/wp-content\\\/uploads\\\/2022\\\/07\\\/WhatsApp-Image-2022-07-04-at-08.56.02-e1656935855278-1024x683.jpeg\",\"contentUrl\":\"http:\\\/\\\/www.cambe.pr.gov.br\\\/wp-content\\\/uploads\\\/2022\\\/07\\\/WhatsApp-Image-2022-07-04-at-08.56.02-e1656935855278-1024x683.jpeg\"},{\"@type\":\"BreadcrumbList\",\"@id\":\"https:\\\/\\\/www.cambe.pr.gov.br\\\/index.php\\\/grupo-bem-viver-desenvolve-trabalho-multidisciplinar-para-melhor-a-qualidade-de-vida-da-populacao-obesa\\\/#breadcrumb\",\"itemListElement\":[{\"@type\":\"ListItem\",\"position\":1,\"name\":\"In\u00edcio\",\"item\":\"https:\\\/\\\/www.cambe.pr.gov.br\\\/\"},{\"@type\":\"ListItem\",\"position\":2,\"name\":\"Grupo &#8216;Bem Viver&#8217; desenvolve trabalho multidisciplinar para melhor a qualidade de vida da popula\u00e7\u00e3o obesa\"}]},{\"@type\":\"WebSite\",\"@id\":\"https:\\\/\\\/www.cambe.pr.gov.br\\\/#website\",\"url\":\"https:\\\/\\\/www.cambe.pr.gov.br\\\/\",\"name\":\"Prefeitura de Camb\u00e9\",\"description\":\"UM GOVERNO PARA TODOS\",\"publisher\":{\"@id\":\"https:\\\/\\\/www.cambe.pr.gov.br\\\/#organization\"},\"potentialAction\":[{\"@type\":\"SearchAction\",\"target\":{\"@type\":\"EntryPoint\",\"urlTemplate\":\"https:\\\/\\\/www.cambe.pr.gov.br\\\/?s={search_term_string}\"},\"query-input\":{\"@type\":\"PropertyValueSpecification\",\"valueRequired\":true,\"valueName\":\"search_term_string\"}}],\"inLanguage\":\"pt-BR\"},{\"@type\":\"Organization\",\"@id\":\"https:\\\/\\\/www.cambe.pr.gov.br\\\/#organization\",\"name\":\"Prefeitura de Camb\u00e9\",\"url\":\"https:\\\/\\\/www.cambe.pr.gov.br\\\/\",\"logo\":{\"@type\":\"ImageObject\",\"inLanguage\":\"pt-BR\",\"@id\":\"https:\\\/\\\/www.cambe.pr.gov.br\\\/#\\\/schema\\\/logo\\\/image\\\/\",\"url\":\"https:\\\/\\\/www.cambe.pr.gov.br\\\/wp-content\\\/uploads\\\/2021\\\/01\\\/cropped-cropped-cambe_brazao-icone.png\",\"contentUrl\":\"https:\\\/\\\/www.cambe.pr.gov.br\\\/wp-content\\\/uploads\\\/2021\\\/01\\\/cropped-cropped-cambe_brazao-icone.png\",\"width\":240,\"height\":240,\"caption\":\"Prefeitura de Camb\u00e9\"},\"image\":{\"@id\":\"https:\\\/\\\/www.cambe.pr.gov.br\\\/#\\\/schema\\\/logo\\\/image\\\/\"},\"sameAs\":[\"https:\\\/\\\/m.facebook.com\\\/prefeituradecambe\"]},{\"@type\":\"Person\",\"@id\":\"https:\\\/\\\/www.cambe.pr.gov.br\\\/#\\\/schema\\\/person\\\/e08f7c43a641b2ec036e4e867ec483e4\",\"name\":\"Thiago Mossini Balbino dos Santos\",\"image\":{\"@type\":\"ImageObject\",\"inLanguage\":\"pt-BR\",\"@id\":\"https:\\\/\\\/secure.gravatar.com\\\/avatar\\\/d957ed4e1bc3ebf5769d1003f9709cd2012ebf424eb4a5d76a933fee30e874b6?s=96&d=mm&r=g\",\"url\":\"https:\\\/\\\/secure.gravatar.com\\\/avatar\\\/d957ed4e1bc3ebf5769d1003f9709cd2012ebf424eb4a5d76a933fee30e874b6?s=96&d=mm&r=g\",\"contentUrl\":\"https:\\\/\\\/secure.gravatar.com\\\/avatar\\\/d957ed4e1bc3ebf5769d1003f9709cd2012ebf424eb4a5d76a933fee30e874b6?s=96&d=mm&r=g\",\"caption\":\"Thiago Mossini Balbino dos Santos\"},\"url\":\"https:\\\/\\\/www.cambe.pr.gov.br\\\/index.php\\\/author\\\/tmbsantos\\\/\"}]}<\/script>\n<!-- \/ Yoast SEO plugin. -->","yoast_head_json":{"title":"Grupo 'Bem Viver' desenvolve trabalho multidisciplinar para melhor a qualidade de vida da popula\u00e7\u00e3o obesa - Prefeitura de Camb\u00e9","robots":{"index":"index","follow":"follow","max-snippet":"max-snippet:-1","max-image-preview":"max-image-preview:large","max-video-preview":"max-video-preview:-1"},"canonical":"https:\/\/www.cambe.pr.gov.br\/index.php\/grupo-bem-viver-desenvolve-trabalho-multidisciplinar-para-melhor-a-qualidade-de-vida-da-populacao-obesa\/","og_locale":"pt_BR","og_type":"article","og_title":"Grupo 'Bem Viver' desenvolve trabalho multidisciplinar para melhor a qualidade de vida da popula\u00e7\u00e3o obesa - Prefeitura de Camb\u00e9","og_description":"Estar com a sa\u00fade e a autoestima em dia s\u00e3o fatores importantes para a qualidade de vida e o bem estar das pessoas. Por conta disso, o grupo &#8216;Bem Viver&#8217; nasceu na cidade e come\u00e7a a gerar seus frutos. A enfermeira da Secretaria de Sa\u00fade da Prefeitura de Camb\u00e9 e uma das idealizadoras do projeto, [&hellip;]","og_url":"https:\/\/www.cambe.pr.gov.br\/index.php\/grupo-bem-viver-desenvolve-trabalho-multidisciplinar-para-melhor-a-qualidade-de-vida-da-populacao-obesa\/","og_site_name":"Prefeitura de Camb\u00e9","article_publisher":"https:\/\/m.facebook.com\/prefeituradecambe","article_published_time":"2022-07-04T11:57:57+00:00","article_modified_time":"2024-10-07T16:00:58+00:00","og_image":[{"url":"http:\/\/www.cambe.pr.gov.br\/wp-content\/uploads\/2022\/07\/WhatsApp-Image-2022-07-04-at-08.56.02-e1656935855278-1024x683.jpeg","type":"","width":"","height":""}],"author":"Thiago Mossini Balbino dos Santos","twitter_card":"summary_large_image","twitter_misc":{"Escrito por":"Thiago Mossini Balbino dos Santos","Est. tempo de leitura":"2 minutos"},"schema":{"@context":"https:\/\/schema.org","@graph":[{"@type":"Article","@id":"https:\/\/www.cambe.pr.gov.br\/index.php\/grupo-bem-viver-desenvolve-trabalho-multidisciplinar-para-melhor-a-qualidade-de-vida-da-populacao-obesa\/#article","isPartOf":{"@id":"https:\/\/www.cambe.pr.gov.br\/index.php\/grupo-bem-viver-desenvolve-trabalho-multidisciplinar-para-melhor-a-qualidade-de-vida-da-populacao-obesa\/"},"author":{"name":"Thiago Mossini Balbino dos Santos","@id":"https:\/\/www.cambe.pr.gov.br\/#\/schema\/person\/e08f7c43a641b2ec036e4e867ec483e4"},"headline":"Grupo &#8216;Bem Viver&#8217; desenvolve trabalho multidisciplinar para melhor a qualidade de vida da popula\u00e7\u00e3o obesa","datePublished":"2022-07-04T11:57:57+00:00","dateModified":"2024-10-07T16:00:58+00:00","mainEntityOfPage":{"@id":"https:\/\/www.cambe.pr.gov.br\/index.php\/grupo-bem-viver-desenvolve-trabalho-multidisciplinar-para-melhor-a-qualidade-de-vida-da-populacao-obesa\/"},"wordCount":468,"publisher":{"@id":"https:\/\/www.cambe.pr.gov.br\/#organization"},"image":{"@id":"https:\/\/www.cambe.pr.gov.br\/index.php\/grupo-bem-viver-desenvolve-trabalho-multidisciplinar-para-melhor-a-qualidade-de-vida-da-populacao-obesa\/#primaryimage"},"thumbnailUrl":"http:\/\/www.cambe.pr.gov.br\/wp-content\/uploads\/2022\/07\/WhatsApp-Image-2022-07-04-at-08.56.02-e1656935855278-1024x683.jpeg","articleSection":["Principal"],"inLanguage":"pt-BR"},{"@type":"WebPage","@id":"https:\/\/www.cambe.pr.gov.br\/index.php\/grupo-bem-viver-desenvolve-trabalho-multidisciplinar-para-melhor-a-qualidade-de-vida-da-populacao-obesa\/","url":"https:\/\/www.cambe.pr.gov.br\/index.php\/grupo-bem-viver-desenvolve-trabalho-multidisciplinar-para-melhor-a-qualidade-de-vida-da-populacao-obesa\/","name":"Grupo 'Bem Viver' desenvolve trabalho multidisciplinar para melhor a qualidade de vida da popula\u00e7\u00e3o obesa - Prefeitura de Camb\u00e9","isPartOf":{"@id":"https:\/\/www.cambe.pr.gov.br\/#website"},"primaryImageOfPage":{"@id":"https:\/\/www.cambe.pr.gov.br\/index.php\/grupo-bem-viver-desenvolve-trabalho-multidisciplinar-para-melhor-a-qualidade-de-vida-da-populacao-obesa\/#primaryimage"},"image":{"@id":"https:\/\/www.cambe.pr.gov.br\/index.php\/grupo-bem-viver-desenvolve-trabalho-multidisciplinar-para-melhor-a-qualidade-de-vida-da-populacao-obesa\/#primaryimage"},"thumbnailUrl":"http:\/\/www.cambe.pr.gov.br\/wp-content\/uploads\/2022\/07\/WhatsApp-Image-2022-07-04-at-08.56.02-e1656935855278-1024x683.jpeg","datePublished":"2022-07-04T11:57:57+00:00","dateModified":"2024-10-07T16:00:58+00:00","breadcrumb":{"@id":"https:\/\/www.cambe.pr.gov.br\/index.php\/grupo-bem-viver-desenvolve-trabalho-multidisciplinar-para-melhor-a-qualidade-de-vida-da-populacao-obesa\/#breadcrumb"},"inLanguage":"pt-BR","potentialAction":[{"@type":"ReadAction","target":["https:\/\/www.cambe.pr.gov.br\/index.php\/grupo-bem-viver-desenvolve-trabalho-multidisciplinar-para-melhor-a-qualidade-de-vida-da-populacao-obesa\/"]}]},{"@type":"ImageObject","inLanguage":"pt-BR","@id":"https:\/\/www.cambe.pr.gov.br\/index.php\/grupo-bem-viver-desenvolve-trabalho-multidisciplinar-para-melhor-a-qualidade-de-vida-da-populacao-obesa\/#primaryimage","url":"http:\/\/www.cambe.pr.gov.br\/wp-content\/uploads\/2022\/07\/WhatsApp-Image-2022-07-04-at-08.56.02-e1656935855278-1024x683.jpeg","contentUrl":"http:\/\/www.cambe.pr.gov.br\/wp-content\/uploads\/2022\/07\/WhatsApp-Image-2022-07-04-at-08.56.02-e1656935855278-1024x683.jpeg"},{"@type":"BreadcrumbList","@id":"https:\/\/www.cambe.pr.gov.br\/index.php\/grupo-bem-viver-desenvolve-trabalho-multidisciplinar-para-melhor-a-qualidade-de-vida-da-populacao-obesa\/#breadcrumb","itemListElement":[{"@type":"ListItem","position":1,"name":"In\u00edcio","item":"https:\/\/www.cambe.pr.gov.br\/"},{"@type":"ListItem","position":2,"name":"Grupo &#8216;Bem Viver&#8217; desenvolve trabalho multidisciplinar para melhor a qualidade de vida da popula\u00e7\u00e3o obesa"}]},{"@type":"WebSite","@id":"https:\/\/www.cambe.pr.gov.br\/#website","url":"https:\/\/www.cambe.pr.gov.br\/","name":"Prefeitura de Camb\u00e9","description":"UM GOVERNO PARA TODOS","publisher":{"@id":"https:\/\/www.cambe.pr.gov.br\/#organization"},"potentialAction":[{"@type":"SearchAction","target":{"@type":"EntryPoint","urlTemplate":"https:\/\/www.cambe.pr.gov.br\/?s={search_term_string}"},"query-input":{"@type":"PropertyValueSpecification","valueRequired":true,"valueName":"search_term_string"}}],"inLanguage":"pt-BR"},{"@type":"Organization","@id":"https:\/\/www.cambe.pr.gov.br\/#organization","name":"Prefeitura de Camb\u00e9","url":"https:\/\/www.cambe.pr.gov.br\/","logo":{"@type":"ImageObject","inLanguage":"pt-BR","@id":"https:\/\/www.cambe.pr.gov.br\/#\/schema\/logo\/image\/","url":"https:\/\/www.cambe.pr.gov.br\/wp-content\/uploads\/2021\/01\/cropped-cropped-cambe_brazao-icone.png","contentUrl":"https:\/\/www.cambe.pr.gov.br\/wp-content\/uploads\/2021\/01\/cropped-cropped-cambe_brazao-icone.png","width":240,"height":240,"caption":"Prefeitura de Camb\u00e9"},"image":{"@id":"https:\/\/www.cambe.pr.gov.br\/#\/schema\/logo\/image\/"},"sameAs":["https:\/\/m.facebook.com\/prefeituradecambe"]},{"@type":"Person","@id":"https:\/\/www.cambe.pr.gov.br\/#\/schema\/person\/e08f7c43a641b2ec036e4e867ec483e4","name":"Thiago Mossini Balbino dos Santos","image":{"@type":"ImageObject","inLanguage":"pt-BR","@id":"https:\/\/secure.gravatar.com\/avatar\/d957ed4e1bc3ebf5769d1003f9709cd2012ebf424eb4a5d76a933fee30e874b6?s=96&d=mm&r=g","url":"https:\/\/secure.gravatar.com\/avatar\/d957ed4e1bc3ebf5769d1003f9709cd2012ebf424eb4a5d76a933fee30e874b6?s=96&d=mm&r=g","contentUrl":"https:\/\/secure.gravatar.com\/avatar\/d957ed4e1bc3ebf5769d1003f9709cd2012ebf424eb4a5d76a933fee30e874b6?s=96&d=mm&r=g","caption":"Thiago Mossini Balbino dos Santos"},"url":"https:\/\/www.cambe.pr.gov.br\/index.php\/author\/tmbsantos\/"}]}},"_links":{"self":[{"href":"https:\/\/www.cambe.pr.gov.br\/index.php\/wp-json\/wp\/v2\/posts\/6558","targetHints":{"allow":["GET"]}}],"collection":[{"href":"https:\/\/www.cambe.pr.gov.br\/index.php\/wp-json\/wp\/v2\/posts"}],"about":[{"href":"https:\/\/www.cambe.pr.gov.br\/index.php\/wp-json\/wp\/v2\/types\/post"}],"author":[{"embeddable":true,"href":"https:\/\/www.cambe.pr.gov.br\/index.php\/wp-json\/wp\/v2\/users\/2"}],"replies":[{"embeddable":true,"href":"https:\/\/www.cambe.pr.gov.br\/index.php\/wp-json\/wp\/v2\/comments?post=6558"}],"version-history":[{"count":4,"href":"https:\/\/www.cambe.pr.gov.br\/index.php\/wp-json\/wp\/v2\/posts\/6558\/revisions"}],"predecessor-version":[{"id":6569,"href":"https:\/\/www.cambe.pr.gov.br\/index.php\/wp-json\/wp\/v2\/posts\/6558\/revisions\/6569"}],"wp:attachment":[{"href":"https:\/\/www.cambe.pr.gov.br\/index.php\/wp-json\/wp\/v2\/media?parent=6558"}],"wp:term":[{"taxonomy":"category","embeddable":true,"href":"https:\/\/www.cambe.pr.gov.br\/index.php\/wp-json\/wp\/v2\/categories?post=6558"},{"taxonomy":"post_tag","embeddable":true,"href":"https:\/\/www.cambe.pr.gov.br\/index.php\/wp-json\/wp\/v2\/tags?post=6558"}],"curies":[{"name":"wp","href":"https:\/\/api.w.org\/{rel}","templated":true}]}}