{"id":6556,"date":"2022-07-04T14:03:35","date_gmt":"2022-07-04T17:03:35","guid":{"rendered":"http:\/\/www.cambe.pr.gov.br\/?p=6556"},"modified":"2024-10-07T13:00:58","modified_gmt":"2024-10-07T16:00:58","slug":"secretaria-de-trabalho-comeca-a-levar-os-servicos-aos-bairros-por-meio-da-acao-sine-na-comunidade","status":"publish","type":"post","link":"https:\/\/www.cambe.pr.gov.br\/index.php\/secretaria-de-trabalho-comeca-a-levar-os-servicos-aos-bairros-por-meio-da-acao-sine-na-comunidade\/","title":{"rendered":"Secretaria de Trabalho come\u00e7a a levar os servi\u00e7os aos bairros por meio da a\u00e7\u00e3o &#8216;Sine na Comunidade&#8217;"},"content":{"rendered":"<p style=\"text-align: justify;\"><span style=\"font-family: arial, helvetica, sans-serif;\"><img fetchpriority=\"high\" decoding=\"async\" class=\"size-large wp-image-6577 alignleft\" src=\"https:\/\/www.cambe.pr.gov.br\/wp-content\/uploads\/2022\/07\/atendimento-trabalho-1024x678.jpg\" alt=\"\" width=\"610\" height=\"404\" srcset=\"https:\/\/www.cambe.pr.gov.br\/wp-content\/uploads\/2022\/07\/atendimento-trabalho-1024x678.jpg 1024w, https:\/\/www.cambe.pr.gov.br\/wp-content\/uploads\/2022\/07\/atendimento-trabalho-300x199.jpg 300w, https:\/\/www.cambe.pr.gov.br\/wp-content\/uploads\/2022\/07\/atendimento-trabalho-768x509.jpg 768w, https:\/\/www.cambe.pr.gov.br\/wp-content\/uploads\/2022\/07\/atendimento-trabalho-1536x1018.jpg 1536w, https:\/\/www.cambe.pr.gov.br\/wp-content\/uploads\/2022\/07\/atendimento-trabalho-2048x1357.jpg 2048w\" sizes=\"(max-width: 610px) 100vw, 610px\" \/>Voc\u00ea j\u00e1 precisou de algum servi\u00e7o do Sine e por n\u00e3o ter muito tempo ou por morar longe deixou de ir at\u00e9 a ag\u00eancia? Essa \u00e9 uma realidade para muitas pessoas e, pensando nisso, a Ag\u00eancia do Trabalhador de Camb\u00e9 desenvolveu a a\u00e7\u00e3o &#8216;Sine na Comunidade&#8217;, que vai levar os servi\u00e7os prestados pelo setor para os bairros do munic\u00edpio. Uma ter\u00e7a-feira por m\u00eas, os funcion\u00e1rios do Sine v\u00e3o atender a popula\u00e7\u00e3o das 9h \u00e0s 17h em um bairro da cidade, come\u00e7ando pelo Jardim Ana Rosa, no dia 19 de julho, no Centro Comunit\u00e1rio do bairro, que fica na Rua Jos\u00e9 Gomes Redondo, 84.<\/span><\/p>\n<p style=\"text-align: justify;\"><span style=\"font-family: arial, helvetica, sans-serif;\">O &#8216;Sine na Comunidade&#8217; vai disponibilizar \u00e0 popula\u00e7\u00e3o todos os servi\u00e7os que j\u00e1 s\u00e3o ofertados diariamente na Ag\u00eancia do Trabalhador, mas de forma mais individualizada, j\u00e1 que vai atender um n\u00famero menor de pessoas. Quem procurar o Sine no dia da a\u00e7\u00e3o vai conseguir receber orienta\u00e7\u00f5es gerais sobre os assuntos voltados \u00e0 pasta, al\u00e9m de poder dar entrada no Seguro Desemprego, consultar as vagas de trabalho dispon\u00edveis e fazer a pr\u00e9-inscri\u00e7\u00e3o para os cursos disponibilizados pelo munic\u00edpio.<\/span><\/p>\n<p style=\"text-align: justify;\"><span style=\"font-family: arial, helvetica, sans-serif;\">Segundo informa\u00e7\u00f5es divulgadas pelo Sine, a equipe tamb\u00e9m vai estar dispon\u00edvel para auxiliar \u00e0s pessoas que quiserem baixar e fazer o cadastro na Carteira de Trabalho Digital. Al\u00e9m disso, a Ag\u00eancia do Trabalhador tamb\u00e9m est\u00e1 em contato com empresas para que elas mandem recrutadores e, dessa forma, quem comparecer no dia buscando um emprego j\u00e1 sai com a entrevista feita.<\/span><\/p>\n<p style=\"text-align: justify;\"><span style=\"font-family: arial, helvetica, sans-serif;\">Jos\u00e9 Aparecido Rolim, o Kid, secret\u00e1rio de Trabalho, destaca a import\u00e2ncia de descentralizar os servi\u00e7os oferecidos pelo Sine. &#8220;\u00c9 essencial que a gente facilite a vida do mun\u00edcipe, levando esse atendimento at\u00e9 ele ao inv\u00e9s dele precisar nos procurar. Muita gente deixa de nos procurar por n\u00e3o ter como vir, ent\u00e3o temos que criar esses mecanismos para que todas as pessoas sejam atendidas&#8221;, finaliza.<\/span><\/p>\n<p style=\"text-align: justify;\"><span style=\"font-family: arial, helvetica, sans-serif;\">Para a maior parte dos atendimentos, \u00e9 necess\u00e1rio apenas comparecer com os documentos pessoais, j\u00e1 quem quer dar entrada no Seguro Desemprego deve entrar em contato com a Ag\u00eancia do Trabalhador para consultar a lista completa. Nas ter\u00e7as-feiras em que o &#8216;Sine na Comunidade&#8217; estiver em a\u00e7\u00e3o, os atendimentos na sede da pasta tamb\u00e9m seguem normalmente, de segunda a sexta-feira, das 8h30 \u00e0s 17h. A Ag\u00eancia do Trabalhador de Camb\u00e9 fica na Avenida Inglaterra, 774 e o telefone para contato \u00e9 o 3174-0443.<\/span><\/p>\n","protected":false},"excerpt":{"rendered":"<p>Voc\u00ea j\u00e1 precisou de algum servi\u00e7o do Sine e por n\u00e3o ter muito tempo ou por morar longe deixou de ir at\u00e9 a ag\u00eancia? Essa \u00e9 uma realidade para muitas pessoas e, pensando nisso, a Ag\u00eancia do Trabalhador de Camb\u00e9 desenvolveu a a\u00e7\u00e3o &#8216;Sine na Comunidade&#8217;, que vai levar os servi\u00e7os prestados pelo setor para [&hellip;]<\/p>\n","protected":false},"author":2,"featured_media":0,"comment_status":"closed","ping_status":"open","sticky":false,"template":"","format":"standard","meta":{"ngg_post_thumbnail":0,"footnotes":""},"categories":[1],"tags":[],"class_list":["post-6556","post","type-post","status-publish","format-standard","hentry","category-principal"],"yoast_head":"<!-- This site is optimized with the Yoast SEO plugin v27.4 - https:\/\/yoast.com\/product\/yoast-seo-wordpress\/ -->\n<title>Secretaria de Trabalho come\u00e7a a levar os servi\u00e7os aos bairros por meio da a\u00e7\u00e3o &#039;Sine na Comunidade&#039; - Prefeitura de Camb\u00e9<\/title>\n<meta name=\"robots\" content=\"index, follow, max-snippet:-1, max-image-preview:large, max-video-preview:-1\" \/>\n<link rel=\"canonical\" href=\"https:\/\/www.cambe.pr.gov.br\/index.php\/secretaria-de-trabalho-comeca-a-levar-os-servicos-aos-bairros-por-meio-da-acao-sine-na-comunidade\/\" \/>\n<meta property=\"og:locale\" content=\"pt_BR\" \/>\n<meta property=\"og:type\" content=\"article\" \/>\n<meta property=\"og:title\" content=\"Secretaria de Trabalho come\u00e7a a levar os servi\u00e7os aos bairros por meio da a\u00e7\u00e3o &#039;Sine na Comunidade&#039; - Prefeitura de Camb\u00e9\" \/>\n<meta property=\"og:description\" content=\"Voc\u00ea j\u00e1 precisou de algum servi\u00e7o do Sine e por n\u00e3o ter muito tempo ou por morar longe deixou de ir at\u00e9 a ag\u00eancia? Essa \u00e9 uma realidade para muitas pessoas e, pensando nisso, a Ag\u00eancia do Trabalhador de Camb\u00e9 desenvolveu a a\u00e7\u00e3o &#8216;Sine na Comunidade&#8217;, que vai levar os servi\u00e7os prestados pelo setor para [&hellip;]\" \/>\n<meta property=\"og:url\" content=\"https:\/\/www.cambe.pr.gov.br\/index.php\/secretaria-de-trabalho-comeca-a-levar-os-servicos-aos-bairros-por-meio-da-acao-sine-na-comunidade\/\" \/>\n<meta property=\"og:site_name\" content=\"Prefeitura de Camb\u00e9\" \/>\n<meta property=\"article:publisher\" content=\"https:\/\/m.facebook.com\/prefeituradecambe\" \/>\n<meta property=\"article:published_time\" content=\"2022-07-04T17:03:35+00:00\" \/>\n<meta property=\"article:modified_time\" content=\"2024-10-07T16:00:58+00:00\" \/>\n<meta property=\"og:image\" content=\"http:\/\/www.cambe.pr.gov.br\/wp-content\/uploads\/2022\/07\/atendimento-trabalho-1024x678.jpg\" \/>\n<meta name=\"author\" content=\"Thiago Mossini Balbino dos Santos\" \/>\n<meta name=\"twitter:card\" content=\"summary_large_image\" \/>\n<meta name=\"twitter:label1\" content=\"Escrito por\" \/>\n\t<meta name=\"twitter:data1\" content=\"Thiago Mossini Balbino dos Santos\" \/>\n\t<meta name=\"twitter:label2\" content=\"Est. tempo de leitura\" \/>\n\t<meta name=\"twitter:data2\" content=\"2 minutos\" \/>\n<script type=\"application\/ld+json\" class=\"yoast-schema-graph\">{\"@context\":\"https:\\\/\\\/schema.org\",\"@graph\":[{\"@type\":\"Article\",\"@id\":\"https:\\\/\\\/www.cambe.pr.gov.br\\\/index.php\\\/secretaria-de-trabalho-comeca-a-levar-os-servicos-aos-bairros-por-meio-da-acao-sine-na-comunidade\\\/#article\",\"isPartOf\":{\"@id\":\"https:\\\/\\\/www.cambe.pr.gov.br\\\/index.php\\\/secretaria-de-trabalho-comeca-a-levar-os-servicos-aos-bairros-por-meio-da-acao-sine-na-comunidade\\\/\"},\"author\":{\"name\":\"Thiago Mossini Balbino dos Santos\",\"@id\":\"https:\\\/\\\/www.cambe.pr.gov.br\\\/#\\\/schema\\\/person\\\/e08f7c43a641b2ec036e4e867ec483e4\"},\"headline\":\"Secretaria de Trabalho come\u00e7a a levar os servi\u00e7os aos bairros por meio da a\u00e7\u00e3o &#8216;Sine na Comunidade&#8217;\",\"datePublished\":\"2022-07-04T17:03:35+00:00\",\"dateModified\":\"2024-10-07T16:00:58+00:00\",\"mainEntityOfPage\":{\"@id\":\"https:\\\/\\\/www.cambe.pr.gov.br\\\/index.php\\\/secretaria-de-trabalho-comeca-a-levar-os-servicos-aos-bairros-por-meio-da-acao-sine-na-comunidade\\\/\"},\"wordCount\":443,\"publisher\":{\"@id\":\"https:\\\/\\\/www.cambe.pr.gov.br\\\/#organization\"},\"image\":{\"@id\":\"https:\\\/\\\/www.cambe.pr.gov.br\\\/index.php\\\/secretaria-de-trabalho-comeca-a-levar-os-servicos-aos-bairros-por-meio-da-acao-sine-na-comunidade\\\/#primaryimage\"},\"thumbnailUrl\":\"http:\\\/\\\/www.cambe.pr.gov.br\\\/wp-content\\\/uploads\\\/2022\\\/07\\\/atendimento-trabalho-1024x678.jpg\",\"articleSection\":[\"Principal\"],\"inLanguage\":\"pt-BR\"},{\"@type\":\"WebPage\",\"@id\":\"https:\\\/\\\/www.cambe.pr.gov.br\\\/index.php\\\/secretaria-de-trabalho-comeca-a-levar-os-servicos-aos-bairros-por-meio-da-acao-sine-na-comunidade\\\/\",\"url\":\"https:\\\/\\\/www.cambe.pr.gov.br\\\/index.php\\\/secretaria-de-trabalho-comeca-a-levar-os-servicos-aos-bairros-por-meio-da-acao-sine-na-comunidade\\\/\",\"name\":\"Secretaria de Trabalho come\u00e7a a levar os servi\u00e7os aos bairros por meio da a\u00e7\u00e3o 'Sine na Comunidade' - Prefeitura de Camb\u00e9\",\"isPartOf\":{\"@id\":\"https:\\\/\\\/www.cambe.pr.gov.br\\\/#website\"},\"primaryImageOfPage\":{\"@id\":\"https:\\\/\\\/www.cambe.pr.gov.br\\\/index.php\\\/secretaria-de-trabalho-comeca-a-levar-os-servicos-aos-bairros-por-meio-da-acao-sine-na-comunidade\\\/#primaryimage\"},\"image\":{\"@id\":\"https:\\\/\\\/www.cambe.pr.gov.br\\\/index.php\\\/secretaria-de-trabalho-comeca-a-levar-os-servicos-aos-bairros-por-meio-da-acao-sine-na-comunidade\\\/#primaryimage\"},\"thumbnailUrl\":\"http:\\\/\\\/www.cambe.pr.gov.br\\\/wp-content\\\/uploads\\\/2022\\\/07\\\/atendimento-trabalho-1024x678.jpg\",\"datePublished\":\"2022-07-04T17:03:35+00:00\",\"dateModified\":\"2024-10-07T16:00:58+00:00\",\"breadcrumb\":{\"@id\":\"https:\\\/\\\/www.cambe.pr.gov.br\\\/index.php\\\/secretaria-de-trabalho-comeca-a-levar-os-servicos-aos-bairros-por-meio-da-acao-sine-na-comunidade\\\/#breadcrumb\"},\"inLanguage\":\"pt-BR\",\"potentialAction\":[{\"@type\":\"ReadAction\",\"target\":[\"https:\\\/\\\/www.cambe.pr.gov.br\\\/index.php\\\/secretaria-de-trabalho-comeca-a-levar-os-servicos-aos-bairros-por-meio-da-acao-sine-na-comunidade\\\/\"]}]},{\"@type\":\"ImageObject\",\"inLanguage\":\"pt-BR\",\"@id\":\"https:\\\/\\\/www.cambe.pr.gov.br\\\/index.php\\\/secretaria-de-trabalho-comeca-a-levar-os-servicos-aos-bairros-por-meio-da-acao-sine-na-comunidade\\\/#primaryimage\",\"url\":\"http:\\\/\\\/www.cambe.pr.gov.br\\\/wp-content\\\/uploads\\\/2022\\\/07\\\/atendimento-trabalho-1024x678.jpg\",\"contentUrl\":\"http:\\\/\\\/www.cambe.pr.gov.br\\\/wp-content\\\/uploads\\\/2022\\\/07\\\/atendimento-trabalho-1024x678.jpg\"},{\"@type\":\"BreadcrumbList\",\"@id\":\"https:\\\/\\\/www.cambe.pr.gov.br\\\/index.php\\\/secretaria-de-trabalho-comeca-a-levar-os-servicos-aos-bairros-por-meio-da-acao-sine-na-comunidade\\\/#breadcrumb\",\"itemListElement\":[{\"@type\":\"ListItem\",\"position\":1,\"name\":\"In\u00edcio\",\"item\":\"https:\\\/\\\/www.cambe.pr.gov.br\\\/\"},{\"@type\":\"ListItem\",\"position\":2,\"name\":\"Secretaria de Trabalho come\u00e7a a levar os servi\u00e7os aos bairros por meio da a\u00e7\u00e3o &#8216;Sine na Comunidade&#8217;\"}]},{\"@type\":\"WebSite\",\"@id\":\"https:\\\/\\\/www.cambe.pr.gov.br\\\/#website\",\"url\":\"https:\\\/\\\/www.cambe.pr.gov.br\\\/\",\"name\":\"Prefeitura de Camb\u00e9\",\"description\":\"UM GOVERNO PARA TODOS\",\"publisher\":{\"@id\":\"https:\\\/\\\/www.cambe.pr.gov.br\\\/#organization\"},\"potentialAction\":[{\"@type\":\"SearchAction\",\"target\":{\"@type\":\"EntryPoint\",\"urlTemplate\":\"https:\\\/\\\/www.cambe.pr.gov.br\\\/?s={search_term_string}\"},\"query-input\":{\"@type\":\"PropertyValueSpecification\",\"valueRequired\":true,\"valueName\":\"search_term_string\"}}],\"inLanguage\":\"pt-BR\"},{\"@type\":\"Organization\",\"@id\":\"https:\\\/\\\/www.cambe.pr.gov.br\\\/#organization\",\"name\":\"Prefeitura de Camb\u00e9\",\"url\":\"https:\\\/\\\/www.cambe.pr.gov.br\\\/\",\"logo\":{\"@type\":\"ImageObject\",\"inLanguage\":\"pt-BR\",\"@id\":\"https:\\\/\\\/www.cambe.pr.gov.br\\\/#\\\/schema\\\/logo\\\/image\\\/\",\"url\":\"https:\\\/\\\/www.cambe.pr.gov.br\\\/wp-content\\\/uploads\\\/2021\\\/01\\\/cropped-cropped-cambe_brazao-icone.png\",\"contentUrl\":\"https:\\\/\\\/www.cambe.pr.gov.br\\\/wp-content\\\/uploads\\\/2021\\\/01\\\/cropped-cropped-cambe_brazao-icone.png\",\"width\":240,\"height\":240,\"caption\":\"Prefeitura de Camb\u00e9\"},\"image\":{\"@id\":\"https:\\\/\\\/www.cambe.pr.gov.br\\\/#\\\/schema\\\/logo\\\/image\\\/\"},\"sameAs\":[\"https:\\\/\\\/m.facebook.com\\\/prefeituradecambe\"]},{\"@type\":\"Person\",\"@id\":\"https:\\\/\\\/www.cambe.pr.gov.br\\\/#\\\/schema\\\/person\\\/e08f7c43a641b2ec036e4e867ec483e4\",\"name\":\"Thiago Mossini Balbino dos Santos\",\"image\":{\"@type\":\"ImageObject\",\"inLanguage\":\"pt-BR\",\"@id\":\"https:\\\/\\\/secure.gravatar.com\\\/avatar\\\/d957ed4e1bc3ebf5769d1003f9709cd2012ebf424eb4a5d76a933fee30e874b6?s=96&d=mm&r=g\",\"url\":\"https:\\\/\\\/secure.gravatar.com\\\/avatar\\\/d957ed4e1bc3ebf5769d1003f9709cd2012ebf424eb4a5d76a933fee30e874b6?s=96&d=mm&r=g\",\"contentUrl\":\"https:\\\/\\\/secure.gravatar.com\\\/avatar\\\/d957ed4e1bc3ebf5769d1003f9709cd2012ebf424eb4a5d76a933fee30e874b6?s=96&d=mm&r=g\",\"caption\":\"Thiago Mossini Balbino dos Santos\"},\"url\":\"https:\\\/\\\/www.cambe.pr.gov.br\\\/index.php\\\/author\\\/tmbsantos\\\/\"}]}<\/script>\n<!-- \/ Yoast SEO plugin. -->","yoast_head_json":{"title":"Secretaria de Trabalho come\u00e7a a levar os servi\u00e7os aos bairros por meio da a\u00e7\u00e3o 'Sine na Comunidade' - Prefeitura de Camb\u00e9","robots":{"index":"index","follow":"follow","max-snippet":"max-snippet:-1","max-image-preview":"max-image-preview:large","max-video-preview":"max-video-preview:-1"},"canonical":"https:\/\/www.cambe.pr.gov.br\/index.php\/secretaria-de-trabalho-comeca-a-levar-os-servicos-aos-bairros-por-meio-da-acao-sine-na-comunidade\/","og_locale":"pt_BR","og_type":"article","og_title":"Secretaria de Trabalho come\u00e7a a levar os servi\u00e7os aos bairros por meio da a\u00e7\u00e3o 'Sine na Comunidade' - Prefeitura de Camb\u00e9","og_description":"Voc\u00ea j\u00e1 precisou de algum servi\u00e7o do Sine e por n\u00e3o ter muito tempo ou por morar longe deixou de ir at\u00e9 a ag\u00eancia? Essa \u00e9 uma realidade para muitas pessoas e, pensando nisso, a Ag\u00eancia do Trabalhador de Camb\u00e9 desenvolveu a a\u00e7\u00e3o &#8216;Sine na Comunidade&#8217;, que vai levar os servi\u00e7os prestados pelo setor para [&hellip;]","og_url":"https:\/\/www.cambe.pr.gov.br\/index.php\/secretaria-de-trabalho-comeca-a-levar-os-servicos-aos-bairros-por-meio-da-acao-sine-na-comunidade\/","og_site_name":"Prefeitura de Camb\u00e9","article_publisher":"https:\/\/m.facebook.com\/prefeituradecambe","article_published_time":"2022-07-04T17:03:35+00:00","article_modified_time":"2024-10-07T16:00:58+00:00","og_image":[{"url":"http:\/\/www.cambe.pr.gov.br\/wp-content\/uploads\/2022\/07\/atendimento-trabalho-1024x678.jpg","type":"","width":"","height":""}],"author":"Thiago Mossini Balbino dos Santos","twitter_card":"summary_large_image","twitter_misc":{"Escrito por":"Thiago Mossini Balbino dos Santos","Est. tempo de leitura":"2 minutos"},"schema":{"@context":"https:\/\/schema.org","@graph":[{"@type":"Article","@id":"https:\/\/www.cambe.pr.gov.br\/index.php\/secretaria-de-trabalho-comeca-a-levar-os-servicos-aos-bairros-por-meio-da-acao-sine-na-comunidade\/#article","isPartOf":{"@id":"https:\/\/www.cambe.pr.gov.br\/index.php\/secretaria-de-trabalho-comeca-a-levar-os-servicos-aos-bairros-por-meio-da-acao-sine-na-comunidade\/"},"author":{"name":"Thiago Mossini Balbino dos Santos","@id":"https:\/\/www.cambe.pr.gov.br\/#\/schema\/person\/e08f7c43a641b2ec036e4e867ec483e4"},"headline":"Secretaria de Trabalho come\u00e7a a levar os servi\u00e7os aos bairros por meio da a\u00e7\u00e3o &#8216;Sine na Comunidade&#8217;","datePublished":"2022-07-04T17:03:35+00:00","dateModified":"2024-10-07T16:00:58+00:00","mainEntityOfPage":{"@id":"https:\/\/www.cambe.pr.gov.br\/index.php\/secretaria-de-trabalho-comeca-a-levar-os-servicos-aos-bairros-por-meio-da-acao-sine-na-comunidade\/"},"wordCount":443,"publisher":{"@id":"https:\/\/www.cambe.pr.gov.br\/#organization"},"image":{"@id":"https:\/\/www.cambe.pr.gov.br\/index.php\/secretaria-de-trabalho-comeca-a-levar-os-servicos-aos-bairros-por-meio-da-acao-sine-na-comunidade\/#primaryimage"},"thumbnailUrl":"http:\/\/www.cambe.pr.gov.br\/wp-content\/uploads\/2022\/07\/atendimento-trabalho-1024x678.jpg","articleSection":["Principal"],"inLanguage":"pt-BR"},{"@type":"WebPage","@id":"https:\/\/www.cambe.pr.gov.br\/index.php\/secretaria-de-trabalho-comeca-a-levar-os-servicos-aos-bairros-por-meio-da-acao-sine-na-comunidade\/","url":"https:\/\/www.cambe.pr.gov.br\/index.php\/secretaria-de-trabalho-comeca-a-levar-os-servicos-aos-bairros-por-meio-da-acao-sine-na-comunidade\/","name":"Secretaria de Trabalho come\u00e7a a levar os servi\u00e7os aos bairros por meio da a\u00e7\u00e3o 'Sine na Comunidade' - Prefeitura de Camb\u00e9","isPartOf":{"@id":"https:\/\/www.cambe.pr.gov.br\/#website"},"primaryImageOfPage":{"@id":"https:\/\/www.cambe.pr.gov.br\/index.php\/secretaria-de-trabalho-comeca-a-levar-os-servicos-aos-bairros-por-meio-da-acao-sine-na-comunidade\/#primaryimage"},"image":{"@id":"https:\/\/www.cambe.pr.gov.br\/index.php\/secretaria-de-trabalho-comeca-a-levar-os-servicos-aos-bairros-por-meio-da-acao-sine-na-comunidade\/#primaryimage"},"thumbnailUrl":"http:\/\/www.cambe.pr.gov.br\/wp-content\/uploads\/2022\/07\/atendimento-trabalho-1024x678.jpg","datePublished":"2022-07-04T17:03:35+00:00","dateModified":"2024-10-07T16:00:58+00:00","breadcrumb":{"@id":"https:\/\/www.cambe.pr.gov.br\/index.php\/secretaria-de-trabalho-comeca-a-levar-os-servicos-aos-bairros-por-meio-da-acao-sine-na-comunidade\/#breadcrumb"},"inLanguage":"pt-BR","potentialAction":[{"@type":"ReadAction","target":["https:\/\/www.cambe.pr.gov.br\/index.php\/secretaria-de-trabalho-comeca-a-levar-os-servicos-aos-bairros-por-meio-da-acao-sine-na-comunidade\/"]}]},{"@type":"ImageObject","inLanguage":"pt-BR","@id":"https:\/\/www.cambe.pr.gov.br\/index.php\/secretaria-de-trabalho-comeca-a-levar-os-servicos-aos-bairros-por-meio-da-acao-sine-na-comunidade\/#primaryimage","url":"http:\/\/www.cambe.pr.gov.br\/wp-content\/uploads\/2022\/07\/atendimento-trabalho-1024x678.jpg","contentUrl":"http:\/\/www.cambe.pr.gov.br\/wp-content\/uploads\/2022\/07\/atendimento-trabalho-1024x678.jpg"},{"@type":"BreadcrumbList","@id":"https:\/\/www.cambe.pr.gov.br\/index.php\/secretaria-de-trabalho-comeca-a-levar-os-servicos-aos-bairros-por-meio-da-acao-sine-na-comunidade\/#breadcrumb","itemListElement":[{"@type":"ListItem","position":1,"name":"In\u00edcio","item":"https:\/\/www.cambe.pr.gov.br\/"},{"@type":"ListItem","position":2,"name":"Secretaria de Trabalho come\u00e7a a levar os servi\u00e7os aos bairros por meio da a\u00e7\u00e3o &#8216;Sine na Comunidade&#8217;"}]},{"@type":"WebSite","@id":"https:\/\/www.cambe.pr.gov.br\/#website","url":"https:\/\/www.cambe.pr.gov.br\/","name":"Prefeitura de Camb\u00e9","description":"UM GOVERNO PARA TODOS","publisher":{"@id":"https:\/\/www.cambe.pr.gov.br\/#organization"},"potentialAction":[{"@type":"SearchAction","target":{"@type":"EntryPoint","urlTemplate":"https:\/\/www.cambe.pr.gov.br\/?s={search_term_string}"},"query-input":{"@type":"PropertyValueSpecification","valueRequired":true,"valueName":"search_term_string"}}],"inLanguage":"pt-BR"},{"@type":"Organization","@id":"https:\/\/www.cambe.pr.gov.br\/#organization","name":"Prefeitura de Camb\u00e9","url":"https:\/\/www.cambe.pr.gov.br\/","logo":{"@type":"ImageObject","inLanguage":"pt-BR","@id":"https:\/\/www.cambe.pr.gov.br\/#\/schema\/logo\/image\/","url":"https:\/\/www.cambe.pr.gov.br\/wp-content\/uploads\/2021\/01\/cropped-cropped-cambe_brazao-icone.png","contentUrl":"https:\/\/www.cambe.pr.gov.br\/wp-content\/uploads\/2021\/01\/cropped-cropped-cambe_brazao-icone.png","width":240,"height":240,"caption":"Prefeitura de Camb\u00e9"},"image":{"@id":"https:\/\/www.cambe.pr.gov.br\/#\/schema\/logo\/image\/"},"sameAs":["https:\/\/m.facebook.com\/prefeituradecambe"]},{"@type":"Person","@id":"https:\/\/www.cambe.pr.gov.br\/#\/schema\/person\/e08f7c43a641b2ec036e4e867ec483e4","name":"Thiago Mossini Balbino dos Santos","image":{"@type":"ImageObject","inLanguage":"pt-BR","@id":"https:\/\/secure.gravatar.com\/avatar\/d957ed4e1bc3ebf5769d1003f9709cd2012ebf424eb4a5d76a933fee30e874b6?s=96&d=mm&r=g","url":"https:\/\/secure.gravatar.com\/avatar\/d957ed4e1bc3ebf5769d1003f9709cd2012ebf424eb4a5d76a933fee30e874b6?s=96&d=mm&r=g","contentUrl":"https:\/\/secure.gravatar.com\/avatar\/d957ed4e1bc3ebf5769d1003f9709cd2012ebf424eb4a5d76a933fee30e874b6?s=96&d=mm&r=g","caption":"Thiago Mossini Balbino dos Santos"},"url":"https:\/\/www.cambe.pr.gov.br\/index.php\/author\/tmbsantos\/"}]}},"_links":{"self":[{"href":"https:\/\/www.cambe.pr.gov.br\/index.php\/wp-json\/wp\/v2\/posts\/6556","targetHints":{"allow":["GET"]}}],"collection":[{"href":"https:\/\/www.cambe.pr.gov.br\/index.php\/wp-json\/wp\/v2\/posts"}],"about":[{"href":"https:\/\/www.cambe.pr.gov.br\/index.php\/wp-json\/wp\/v2\/types\/post"}],"author":[{"embeddable":true,"href":"https:\/\/www.cambe.pr.gov.br\/index.php\/wp-json\/wp\/v2\/users\/2"}],"replies":[{"embeddable":true,"href":"https:\/\/www.cambe.pr.gov.br\/index.php\/wp-json\/wp\/v2\/comments?post=6556"}],"version-history":[{"count":6,"href":"https:\/\/www.cambe.pr.gov.br\/index.php\/wp-json\/wp\/v2\/posts\/6556\/revisions"}],"predecessor-version":[{"id":6644,"href":"https:\/\/www.cambe.pr.gov.br\/index.php\/wp-json\/wp\/v2\/posts\/6556\/revisions\/6644"}],"wp:attachment":[{"href":"https:\/\/www.cambe.pr.gov.br\/index.php\/wp-json\/wp\/v2\/media?parent=6556"}],"wp:term":[{"taxonomy":"category","embeddable":true,"href":"https:\/\/www.cambe.pr.gov.br\/index.php\/wp-json\/wp\/v2\/categories?post=6556"},{"taxonomy":"post_tag","embeddable":true,"href":"https:\/\/www.cambe.pr.gov.br\/index.php\/wp-json\/wp\/v2\/tags?post=6556"}],"curies":[{"name":"wp","href":"https:\/\/api.w.org\/{rel}","templated":true}]}}