{"id":6549,"date":"2022-07-01T13:02:26","date_gmt":"2022-07-01T16:02:26","guid":{"rendered":"http:\/\/www.cambe.pr.gov.br\/?p=6549"},"modified":"2024-10-07T13:00:58","modified_gmt":"2024-10-07T16:00:58","slug":"sanepar-lanca-programa-de-parcelamento-de-debitos-em-ate-60-meses-sem-multa","status":"publish","type":"post","link":"https:\/\/www.cambe.pr.gov.br\/index.php\/sanepar-lanca-programa-de-parcelamento-de-debitos-em-ate-60-meses-sem-multa\/","title":{"rendered":"Sanepar lan\u00e7a programa de parcelamento de d\u00e9bitos em at\u00e9 60 meses sem multa"},"content":{"rendered":"<p style=\"text-align: justify;\"><span style=\"font-family: arial, helvetica, sans-serif;\"><img fetchpriority=\"high\" decoding=\"async\" class=\"alignleft wp-image-6550\" src=\"https:\/\/www.cambe.pr.gov.br\/wp-content\/uploads\/2022\/07\/agua_torneira.jpg\" alt=\"\" width=\"600\" height=\"450\" srcset=\"https:\/\/www.cambe.pr.gov.br\/wp-content\/uploads\/2022\/07\/agua_torneira.jpg 800w, https:\/\/www.cambe.pr.gov.br\/wp-content\/uploads\/2022\/07\/agua_torneira-300x225.jpg 300w, https:\/\/www.cambe.pr.gov.br\/wp-content\/uploads\/2022\/07\/agua_torneira-768x576.jpg 768w, https:\/\/www.cambe.pr.gov.br\/wp-content\/uploads\/2022\/07\/agua_torneira-400x300.jpg 400w\" sizes=\"(max-width: 600px) 100vw, 600px\" \/>A Sanepar lan\u00e7a na pr\u00f3xima segunda-feira (04\/07) o RECLIP 2022, Programa de Recupera\u00e7\u00e3o de Cr\u00e9dito Cliente Particular. Os clientes poder\u00e3o parcelar d\u00e9bitos pendentes em at\u00e9 60 vezes, sem entrada e sem exig\u00eancia de valor m\u00ednimo de parcela. Por meio deste Programa, n\u00e3o ser\u00e1 cobrada multa e a taxa de juros do parcelamento ser\u00e1 de 0,3% ao m\u00eas. Tamb\u00e9m ser\u00e1 poss\u00edvel rever negocia\u00e7\u00f5es anteriores.<\/span><\/p>\n<p style=\"text-align: justify;\"><span style=\"font-family: arial, helvetica, sans-serif;\">A ades\u00e3o ao RECLIP&nbsp;2022&nbsp;pode ser feita por meio de qualquer canal de atendimento. O cliente poder\u00e1 negociar diretamente nas Centrais de Relacionamento em cada cidade ou ligar no telefone&nbsp;0800&nbsp;200&nbsp;0115. Tamb\u00e9m pode fazer a ades\u00e3o ao Programa pelo e-mail das regionais que est\u00e1 dispon\u00edvel no site da Companhia, o&nbsp;www.sanepar.com.br.<\/span><\/p>\n<p style=\"text-align: justify;\"><span style=\"font-family: arial, helvetica, sans-serif;\">A Sanepar alerta que o resultado da negocia\u00e7\u00e3o, seja ela feita de forma presencial ou n\u00e3o, ser\u00e1 sempre implantado nas faturas subsequentes \u00e0 data da finaliza\u00e7\u00e3o. Isto \u00e9, o parcelamento ser\u00e1 inserido na cobran\u00e7a mensal, junto com consumo atual somente no m\u00eas seguinte. Em momento algum haver\u00e1 cobran\u00e7a em dinheiro, transfer\u00eancias banc\u00e1rias (TED, DOC ou PIX) ou cart\u00f5es de d\u00e9bito ou cr\u00e9dito.<\/span><\/p>\n<p style=\"text-align: justify;\"><span style=\"font-family: arial, helvetica, sans-serif;\">O RECLIP estar\u00e1 acess\u00edvel para clientes ativos e inativos, de todas as categorias, exceto o poder p\u00fablico. Ou seja, todos os d\u00e9bitos vencidos de resid\u00eancias, com\u00e9rcios, ind\u00fastrias e entidades filantr\u00f3picas, independente da sua faixa de consumo, poder\u00e3o ser regularizados. N\u00e3o ser\u00e3o inclusos no programa os d\u00e9bitos em discuss\u00e3o judicial.<\/span><\/p>\n<p style=\"text-align: justify;\"><span style=\"font-family: arial, helvetica, sans-serif;\">Servi\u00e7o:<\/span><\/p>\n<p style=\"text-align: justify;\"><span style=\"font-family: arial, helvetica, sans-serif;\">RECLIP&nbsp;2022<\/span><\/p>\n<p style=\"text-align: justify;\"><span style=\"font-family: arial, helvetica, sans-serif;\">\u00b7 Parcelamento de d\u00e9bitos em at\u00e9 60 meses<\/span><\/p>\n<p style=\"text-align: justify;\"><span style=\"font-family: arial, helvetica, sans-serif;\">\u00b7 Dispensa do valor m\u00ednimo de parcela<\/span><\/p>\n<p style=\"text-align: justify;\"><span style=\"font-family: arial, helvetica, sans-serif;\">\u00b7 Dispensa do valor de entrada<\/span><\/p>\n<p style=\"text-align: justify;\"><span style=\"font-family: arial, helvetica, sans-serif;\">\u00b7 Taxa de juro de parcelamento cai de 1,30% para 0,3% ao m\u00eas<\/span><\/p>\n<p style=\"text-align: justify;\"><span style=\"font-family: arial, helvetica, sans-serif;\">\u00b7 Permite renegocia\u00e7\u00e3o de parcelamentos passados<\/span><\/p>\n","protected":false},"excerpt":{"rendered":"<p>A Sanepar lan\u00e7a na pr\u00f3xima segunda-feira (04\/07) o RECLIP 2022, Programa de Recupera\u00e7\u00e3o de Cr\u00e9dito Cliente Particular. Os clientes poder\u00e3o parcelar d\u00e9bitos pendentes em at\u00e9 60 vezes, sem entrada e sem exig\u00eancia de valor m\u00ednimo de parcela. Por meio deste Programa, n\u00e3o ser\u00e1 cobrada multa e a taxa de juros do parcelamento ser\u00e1 de 0,3% [&hellip;]<\/p>\n","protected":false},"author":2,"featured_media":0,"comment_status":"closed","ping_status":"open","sticky":false,"template":"","format":"standard","meta":{"ngg_post_thumbnail":0,"footnotes":""},"categories":[1],"tags":[],"class_list":["post-6549","post","type-post","status-publish","format-standard","hentry","category-principal"],"yoast_head":"<!-- This site is optimized with the Yoast SEO plugin v27.4 - https:\/\/yoast.com\/product\/yoast-seo-wordpress\/ -->\n<title>Sanepar lan\u00e7a programa de parcelamento de d\u00e9bitos em at\u00e9 60 meses sem multa - Prefeitura de Camb\u00e9<\/title>\n<meta name=\"robots\" content=\"index, follow, max-snippet:-1, max-image-preview:large, max-video-preview:-1\" \/>\n<link rel=\"canonical\" href=\"https:\/\/www.cambe.pr.gov.br\/index.php\/sanepar-lanca-programa-de-parcelamento-de-debitos-em-ate-60-meses-sem-multa\/\" \/>\n<meta property=\"og:locale\" content=\"pt_BR\" \/>\n<meta property=\"og:type\" content=\"article\" \/>\n<meta property=\"og:title\" content=\"Sanepar lan\u00e7a programa de parcelamento de d\u00e9bitos em at\u00e9 60 meses sem multa - Prefeitura de Camb\u00e9\" \/>\n<meta property=\"og:description\" content=\"A Sanepar lan\u00e7a na pr\u00f3xima segunda-feira (04\/07) o RECLIP 2022, Programa de Recupera\u00e7\u00e3o de Cr\u00e9dito Cliente Particular. Os clientes poder\u00e3o parcelar d\u00e9bitos pendentes em at\u00e9 60 vezes, sem entrada e sem exig\u00eancia de valor m\u00ednimo de parcela. Por meio deste Programa, n\u00e3o ser\u00e1 cobrada multa e a taxa de juros do parcelamento ser\u00e1 de 0,3% [&hellip;]\" \/>\n<meta property=\"og:url\" content=\"https:\/\/www.cambe.pr.gov.br\/index.php\/sanepar-lanca-programa-de-parcelamento-de-debitos-em-ate-60-meses-sem-multa\/\" \/>\n<meta property=\"og:site_name\" content=\"Prefeitura de Camb\u00e9\" \/>\n<meta property=\"article:publisher\" content=\"https:\/\/m.facebook.com\/prefeituradecambe\" \/>\n<meta property=\"article:published_time\" content=\"2022-07-01T16:02:26+00:00\" \/>\n<meta property=\"article:modified_time\" content=\"2024-10-07T16:00:58+00:00\" \/>\n<meta property=\"og:image\" content=\"http:\/\/www.cambe.pr.gov.br\/wp-content\/uploads\/2022\/07\/agua_torneira.jpg\" \/>\n<meta name=\"author\" content=\"Thiago Mossini Balbino dos Santos\" \/>\n<meta name=\"twitter:card\" content=\"summary_large_image\" \/>\n<meta name=\"twitter:label1\" content=\"Escrito por\" \/>\n\t<meta name=\"twitter:data1\" content=\"Thiago Mossini Balbino dos Santos\" \/>\n\t<meta name=\"twitter:label2\" content=\"Est. tempo de leitura\" \/>\n\t<meta name=\"twitter:data2\" content=\"2 minutos\" \/>\n<script type=\"application\/ld+json\" class=\"yoast-schema-graph\">{\"@context\":\"https:\\\/\\\/schema.org\",\"@graph\":[{\"@type\":\"Article\",\"@id\":\"https:\\\/\\\/www.cambe.pr.gov.br\\\/index.php\\\/sanepar-lanca-programa-de-parcelamento-de-debitos-em-ate-60-meses-sem-multa\\\/#article\",\"isPartOf\":{\"@id\":\"https:\\\/\\\/www.cambe.pr.gov.br\\\/index.php\\\/sanepar-lanca-programa-de-parcelamento-de-debitos-em-ate-60-meses-sem-multa\\\/\"},\"author\":{\"name\":\"Thiago Mossini Balbino dos Santos\",\"@id\":\"https:\\\/\\\/www.cambe.pr.gov.br\\\/#\\\/schema\\\/person\\\/e08f7c43a641b2ec036e4e867ec483e4\"},\"headline\":\"Sanepar lan\u00e7a programa de parcelamento de d\u00e9bitos em at\u00e9 60 meses sem multa\",\"datePublished\":\"2022-07-01T16:02:26+00:00\",\"dateModified\":\"2024-10-07T16:00:58+00:00\",\"mainEntityOfPage\":{\"@id\":\"https:\\\/\\\/www.cambe.pr.gov.br\\\/index.php\\\/sanepar-lanca-programa-de-parcelamento-de-debitos-em-ate-60-meses-sem-multa\\\/\"},\"wordCount\":321,\"publisher\":{\"@id\":\"https:\\\/\\\/www.cambe.pr.gov.br\\\/#organization\"},\"image\":{\"@id\":\"https:\\\/\\\/www.cambe.pr.gov.br\\\/index.php\\\/sanepar-lanca-programa-de-parcelamento-de-debitos-em-ate-60-meses-sem-multa\\\/#primaryimage\"},\"thumbnailUrl\":\"http:\\\/\\\/www.cambe.pr.gov.br\\\/wp-content\\\/uploads\\\/2022\\\/07\\\/agua_torneira.jpg\",\"articleSection\":[\"Principal\"],\"inLanguage\":\"pt-BR\"},{\"@type\":\"WebPage\",\"@id\":\"https:\\\/\\\/www.cambe.pr.gov.br\\\/index.php\\\/sanepar-lanca-programa-de-parcelamento-de-debitos-em-ate-60-meses-sem-multa\\\/\",\"url\":\"https:\\\/\\\/www.cambe.pr.gov.br\\\/index.php\\\/sanepar-lanca-programa-de-parcelamento-de-debitos-em-ate-60-meses-sem-multa\\\/\",\"name\":\"Sanepar lan\u00e7a programa de parcelamento de d\u00e9bitos em at\u00e9 60 meses sem multa - Prefeitura de Camb\u00e9\",\"isPartOf\":{\"@id\":\"https:\\\/\\\/www.cambe.pr.gov.br\\\/#website\"},\"primaryImageOfPage\":{\"@id\":\"https:\\\/\\\/www.cambe.pr.gov.br\\\/index.php\\\/sanepar-lanca-programa-de-parcelamento-de-debitos-em-ate-60-meses-sem-multa\\\/#primaryimage\"},\"image\":{\"@id\":\"https:\\\/\\\/www.cambe.pr.gov.br\\\/index.php\\\/sanepar-lanca-programa-de-parcelamento-de-debitos-em-ate-60-meses-sem-multa\\\/#primaryimage\"},\"thumbnailUrl\":\"http:\\\/\\\/www.cambe.pr.gov.br\\\/wp-content\\\/uploads\\\/2022\\\/07\\\/agua_torneira.jpg\",\"datePublished\":\"2022-07-01T16:02:26+00:00\",\"dateModified\":\"2024-10-07T16:00:58+00:00\",\"breadcrumb\":{\"@id\":\"https:\\\/\\\/www.cambe.pr.gov.br\\\/index.php\\\/sanepar-lanca-programa-de-parcelamento-de-debitos-em-ate-60-meses-sem-multa\\\/#breadcrumb\"},\"inLanguage\":\"pt-BR\",\"potentialAction\":[{\"@type\":\"ReadAction\",\"target\":[\"https:\\\/\\\/www.cambe.pr.gov.br\\\/index.php\\\/sanepar-lanca-programa-de-parcelamento-de-debitos-em-ate-60-meses-sem-multa\\\/\"]}]},{\"@type\":\"ImageObject\",\"inLanguage\":\"pt-BR\",\"@id\":\"https:\\\/\\\/www.cambe.pr.gov.br\\\/index.php\\\/sanepar-lanca-programa-de-parcelamento-de-debitos-em-ate-60-meses-sem-multa\\\/#primaryimage\",\"url\":\"http:\\\/\\\/www.cambe.pr.gov.br\\\/wp-content\\\/uploads\\\/2022\\\/07\\\/agua_torneira.jpg\",\"contentUrl\":\"http:\\\/\\\/www.cambe.pr.gov.br\\\/wp-content\\\/uploads\\\/2022\\\/07\\\/agua_torneira.jpg\"},{\"@type\":\"BreadcrumbList\",\"@id\":\"https:\\\/\\\/www.cambe.pr.gov.br\\\/index.php\\\/sanepar-lanca-programa-de-parcelamento-de-debitos-em-ate-60-meses-sem-multa\\\/#breadcrumb\",\"itemListElement\":[{\"@type\":\"ListItem\",\"position\":1,\"name\":\"In\u00edcio\",\"item\":\"https:\\\/\\\/www.cambe.pr.gov.br\\\/\"},{\"@type\":\"ListItem\",\"position\":2,\"name\":\"Sanepar lan\u00e7a programa de parcelamento de d\u00e9bitos em at\u00e9 60 meses sem multa\"}]},{\"@type\":\"WebSite\",\"@id\":\"https:\\\/\\\/www.cambe.pr.gov.br\\\/#website\",\"url\":\"https:\\\/\\\/www.cambe.pr.gov.br\\\/\",\"name\":\"Prefeitura de Camb\u00e9\",\"description\":\"UM GOVERNO PARA TODOS\",\"publisher\":{\"@id\":\"https:\\\/\\\/www.cambe.pr.gov.br\\\/#organization\"},\"potentialAction\":[{\"@type\":\"SearchAction\",\"target\":{\"@type\":\"EntryPoint\",\"urlTemplate\":\"https:\\\/\\\/www.cambe.pr.gov.br\\\/?s={search_term_string}\"},\"query-input\":{\"@type\":\"PropertyValueSpecification\",\"valueRequired\":true,\"valueName\":\"search_term_string\"}}],\"inLanguage\":\"pt-BR\"},{\"@type\":\"Organization\",\"@id\":\"https:\\\/\\\/www.cambe.pr.gov.br\\\/#organization\",\"name\":\"Prefeitura de Camb\u00e9\",\"url\":\"https:\\\/\\\/www.cambe.pr.gov.br\\\/\",\"logo\":{\"@type\":\"ImageObject\",\"inLanguage\":\"pt-BR\",\"@id\":\"https:\\\/\\\/www.cambe.pr.gov.br\\\/#\\\/schema\\\/logo\\\/image\\\/\",\"url\":\"https:\\\/\\\/www.cambe.pr.gov.br\\\/wp-content\\\/uploads\\\/2021\\\/01\\\/cropped-cropped-cambe_brazao-icone.png\",\"contentUrl\":\"https:\\\/\\\/www.cambe.pr.gov.br\\\/wp-content\\\/uploads\\\/2021\\\/01\\\/cropped-cropped-cambe_brazao-icone.png\",\"width\":240,\"height\":240,\"caption\":\"Prefeitura de Camb\u00e9\"},\"image\":{\"@id\":\"https:\\\/\\\/www.cambe.pr.gov.br\\\/#\\\/schema\\\/logo\\\/image\\\/\"},\"sameAs\":[\"https:\\\/\\\/m.facebook.com\\\/prefeituradecambe\"]},{\"@type\":\"Person\",\"@id\":\"https:\\\/\\\/www.cambe.pr.gov.br\\\/#\\\/schema\\\/person\\\/e08f7c43a641b2ec036e4e867ec483e4\",\"name\":\"Thiago Mossini Balbino dos Santos\",\"image\":{\"@type\":\"ImageObject\",\"inLanguage\":\"pt-BR\",\"@id\":\"https:\\\/\\\/secure.gravatar.com\\\/avatar\\\/d957ed4e1bc3ebf5769d1003f9709cd2012ebf424eb4a5d76a933fee30e874b6?s=96&d=mm&r=g\",\"url\":\"https:\\\/\\\/secure.gravatar.com\\\/avatar\\\/d957ed4e1bc3ebf5769d1003f9709cd2012ebf424eb4a5d76a933fee30e874b6?s=96&d=mm&r=g\",\"contentUrl\":\"https:\\\/\\\/secure.gravatar.com\\\/avatar\\\/d957ed4e1bc3ebf5769d1003f9709cd2012ebf424eb4a5d76a933fee30e874b6?s=96&d=mm&r=g\",\"caption\":\"Thiago Mossini Balbino dos Santos\"},\"url\":\"https:\\\/\\\/www.cambe.pr.gov.br\\\/index.php\\\/author\\\/tmbsantos\\\/\"}]}<\/script>\n<!-- \/ Yoast SEO plugin. -->","yoast_head_json":{"title":"Sanepar lan\u00e7a programa de parcelamento de d\u00e9bitos em at\u00e9 60 meses sem multa - Prefeitura de Camb\u00e9","robots":{"index":"index","follow":"follow","max-snippet":"max-snippet:-1","max-image-preview":"max-image-preview:large","max-video-preview":"max-video-preview:-1"},"canonical":"https:\/\/www.cambe.pr.gov.br\/index.php\/sanepar-lanca-programa-de-parcelamento-de-debitos-em-ate-60-meses-sem-multa\/","og_locale":"pt_BR","og_type":"article","og_title":"Sanepar lan\u00e7a programa de parcelamento de d\u00e9bitos em at\u00e9 60 meses sem multa - Prefeitura de Camb\u00e9","og_description":"A Sanepar lan\u00e7a na pr\u00f3xima segunda-feira (04\/07) o RECLIP 2022, Programa de Recupera\u00e7\u00e3o de Cr\u00e9dito Cliente Particular. Os clientes poder\u00e3o parcelar d\u00e9bitos pendentes em at\u00e9 60 vezes, sem entrada e sem exig\u00eancia de valor m\u00ednimo de parcela. Por meio deste Programa, n\u00e3o ser\u00e1 cobrada multa e a taxa de juros do parcelamento ser\u00e1 de 0,3% [&hellip;]","og_url":"https:\/\/www.cambe.pr.gov.br\/index.php\/sanepar-lanca-programa-de-parcelamento-de-debitos-em-ate-60-meses-sem-multa\/","og_site_name":"Prefeitura de Camb\u00e9","article_publisher":"https:\/\/m.facebook.com\/prefeituradecambe","article_published_time":"2022-07-01T16:02:26+00:00","article_modified_time":"2024-10-07T16:00:58+00:00","og_image":[{"url":"http:\/\/www.cambe.pr.gov.br\/wp-content\/uploads\/2022\/07\/agua_torneira.jpg","type":"","width":"","height":""}],"author":"Thiago Mossini Balbino dos Santos","twitter_card":"summary_large_image","twitter_misc":{"Escrito por":"Thiago Mossini Balbino dos Santos","Est. tempo de leitura":"2 minutos"},"schema":{"@context":"https:\/\/schema.org","@graph":[{"@type":"Article","@id":"https:\/\/www.cambe.pr.gov.br\/index.php\/sanepar-lanca-programa-de-parcelamento-de-debitos-em-ate-60-meses-sem-multa\/#article","isPartOf":{"@id":"https:\/\/www.cambe.pr.gov.br\/index.php\/sanepar-lanca-programa-de-parcelamento-de-debitos-em-ate-60-meses-sem-multa\/"},"author":{"name":"Thiago Mossini Balbino dos Santos","@id":"https:\/\/www.cambe.pr.gov.br\/#\/schema\/person\/e08f7c43a641b2ec036e4e867ec483e4"},"headline":"Sanepar lan\u00e7a programa de parcelamento de d\u00e9bitos em at\u00e9 60 meses sem multa","datePublished":"2022-07-01T16:02:26+00:00","dateModified":"2024-10-07T16:00:58+00:00","mainEntityOfPage":{"@id":"https:\/\/www.cambe.pr.gov.br\/index.php\/sanepar-lanca-programa-de-parcelamento-de-debitos-em-ate-60-meses-sem-multa\/"},"wordCount":321,"publisher":{"@id":"https:\/\/www.cambe.pr.gov.br\/#organization"},"image":{"@id":"https:\/\/www.cambe.pr.gov.br\/index.php\/sanepar-lanca-programa-de-parcelamento-de-debitos-em-ate-60-meses-sem-multa\/#primaryimage"},"thumbnailUrl":"http:\/\/www.cambe.pr.gov.br\/wp-content\/uploads\/2022\/07\/agua_torneira.jpg","articleSection":["Principal"],"inLanguage":"pt-BR"},{"@type":"WebPage","@id":"https:\/\/www.cambe.pr.gov.br\/index.php\/sanepar-lanca-programa-de-parcelamento-de-debitos-em-ate-60-meses-sem-multa\/","url":"https:\/\/www.cambe.pr.gov.br\/index.php\/sanepar-lanca-programa-de-parcelamento-de-debitos-em-ate-60-meses-sem-multa\/","name":"Sanepar lan\u00e7a programa de parcelamento de d\u00e9bitos em at\u00e9 60 meses sem multa - Prefeitura de Camb\u00e9","isPartOf":{"@id":"https:\/\/www.cambe.pr.gov.br\/#website"},"primaryImageOfPage":{"@id":"https:\/\/www.cambe.pr.gov.br\/index.php\/sanepar-lanca-programa-de-parcelamento-de-debitos-em-ate-60-meses-sem-multa\/#primaryimage"},"image":{"@id":"https:\/\/www.cambe.pr.gov.br\/index.php\/sanepar-lanca-programa-de-parcelamento-de-debitos-em-ate-60-meses-sem-multa\/#primaryimage"},"thumbnailUrl":"http:\/\/www.cambe.pr.gov.br\/wp-content\/uploads\/2022\/07\/agua_torneira.jpg","datePublished":"2022-07-01T16:02:26+00:00","dateModified":"2024-10-07T16:00:58+00:00","breadcrumb":{"@id":"https:\/\/www.cambe.pr.gov.br\/index.php\/sanepar-lanca-programa-de-parcelamento-de-debitos-em-ate-60-meses-sem-multa\/#breadcrumb"},"inLanguage":"pt-BR","potentialAction":[{"@type":"ReadAction","target":["https:\/\/www.cambe.pr.gov.br\/index.php\/sanepar-lanca-programa-de-parcelamento-de-debitos-em-ate-60-meses-sem-multa\/"]}]},{"@type":"ImageObject","inLanguage":"pt-BR","@id":"https:\/\/www.cambe.pr.gov.br\/index.php\/sanepar-lanca-programa-de-parcelamento-de-debitos-em-ate-60-meses-sem-multa\/#primaryimage","url":"http:\/\/www.cambe.pr.gov.br\/wp-content\/uploads\/2022\/07\/agua_torneira.jpg","contentUrl":"http:\/\/www.cambe.pr.gov.br\/wp-content\/uploads\/2022\/07\/agua_torneira.jpg"},{"@type":"BreadcrumbList","@id":"https:\/\/www.cambe.pr.gov.br\/index.php\/sanepar-lanca-programa-de-parcelamento-de-debitos-em-ate-60-meses-sem-multa\/#breadcrumb","itemListElement":[{"@type":"ListItem","position":1,"name":"In\u00edcio","item":"https:\/\/www.cambe.pr.gov.br\/"},{"@type":"ListItem","position":2,"name":"Sanepar lan\u00e7a programa de parcelamento de d\u00e9bitos em at\u00e9 60 meses sem multa"}]},{"@type":"WebSite","@id":"https:\/\/www.cambe.pr.gov.br\/#website","url":"https:\/\/www.cambe.pr.gov.br\/","name":"Prefeitura de Camb\u00e9","description":"UM GOVERNO PARA TODOS","publisher":{"@id":"https:\/\/www.cambe.pr.gov.br\/#organization"},"potentialAction":[{"@type":"SearchAction","target":{"@type":"EntryPoint","urlTemplate":"https:\/\/www.cambe.pr.gov.br\/?s={search_term_string}"},"query-input":{"@type":"PropertyValueSpecification","valueRequired":true,"valueName":"search_term_string"}}],"inLanguage":"pt-BR"},{"@type":"Organization","@id":"https:\/\/www.cambe.pr.gov.br\/#organization","name":"Prefeitura de Camb\u00e9","url":"https:\/\/www.cambe.pr.gov.br\/","logo":{"@type":"ImageObject","inLanguage":"pt-BR","@id":"https:\/\/www.cambe.pr.gov.br\/#\/schema\/logo\/image\/","url":"https:\/\/www.cambe.pr.gov.br\/wp-content\/uploads\/2021\/01\/cropped-cropped-cambe_brazao-icone.png","contentUrl":"https:\/\/www.cambe.pr.gov.br\/wp-content\/uploads\/2021\/01\/cropped-cropped-cambe_brazao-icone.png","width":240,"height":240,"caption":"Prefeitura de Camb\u00e9"},"image":{"@id":"https:\/\/www.cambe.pr.gov.br\/#\/schema\/logo\/image\/"},"sameAs":["https:\/\/m.facebook.com\/prefeituradecambe"]},{"@type":"Person","@id":"https:\/\/www.cambe.pr.gov.br\/#\/schema\/person\/e08f7c43a641b2ec036e4e867ec483e4","name":"Thiago Mossini Balbino dos Santos","image":{"@type":"ImageObject","inLanguage":"pt-BR","@id":"https:\/\/secure.gravatar.com\/avatar\/d957ed4e1bc3ebf5769d1003f9709cd2012ebf424eb4a5d76a933fee30e874b6?s=96&d=mm&r=g","url":"https:\/\/secure.gravatar.com\/avatar\/d957ed4e1bc3ebf5769d1003f9709cd2012ebf424eb4a5d76a933fee30e874b6?s=96&d=mm&r=g","contentUrl":"https:\/\/secure.gravatar.com\/avatar\/d957ed4e1bc3ebf5769d1003f9709cd2012ebf424eb4a5d76a933fee30e874b6?s=96&d=mm&r=g","caption":"Thiago Mossini Balbino dos Santos"},"url":"https:\/\/www.cambe.pr.gov.br\/index.php\/author\/tmbsantos\/"}]}},"_links":{"self":[{"href":"https:\/\/www.cambe.pr.gov.br\/index.php\/wp-json\/wp\/v2\/posts\/6549","targetHints":{"allow":["GET"]}}],"collection":[{"href":"https:\/\/www.cambe.pr.gov.br\/index.php\/wp-json\/wp\/v2\/posts"}],"about":[{"href":"https:\/\/www.cambe.pr.gov.br\/index.php\/wp-json\/wp\/v2\/types\/post"}],"author":[{"embeddable":true,"href":"https:\/\/www.cambe.pr.gov.br\/index.php\/wp-json\/wp\/v2\/users\/2"}],"replies":[{"embeddable":true,"href":"https:\/\/www.cambe.pr.gov.br\/index.php\/wp-json\/wp\/v2\/comments?post=6549"}],"version-history":[{"count":1,"href":"https:\/\/www.cambe.pr.gov.br\/index.php\/wp-json\/wp\/v2\/posts\/6549\/revisions"}],"predecessor-version":[{"id":6551,"href":"https:\/\/www.cambe.pr.gov.br\/index.php\/wp-json\/wp\/v2\/posts\/6549\/revisions\/6551"}],"wp:attachment":[{"href":"https:\/\/www.cambe.pr.gov.br\/index.php\/wp-json\/wp\/v2\/media?parent=6549"}],"wp:term":[{"taxonomy":"category","embeddable":true,"href":"https:\/\/www.cambe.pr.gov.br\/index.php\/wp-json\/wp\/v2\/categories?post=6549"},{"taxonomy":"post_tag","embeddable":true,"href":"https:\/\/www.cambe.pr.gov.br\/index.php\/wp-json\/wp\/v2\/tags?post=6549"}],"curies":[{"name":"wp","href":"https:\/\/api.w.org\/{rel}","templated":true}]}}