{"id":6546,"date":"2022-07-01T17:05:37","date_gmt":"2022-07-01T20:05:37","guid":{"rendered":"http:\/\/www.cambe.pr.gov.br\/?p=6546"},"modified":"2024-10-07T13:00:58","modified_gmt":"2024-10-07T16:00:58","slug":"servidores-da-secretaria-de-administracao-passam-por-capacitacao-sobre-as-mudancas-nos-concursos-publicos-e-pss","status":"publish","type":"post","link":"https:\/\/www.cambe.pr.gov.br\/index.php\/servidores-da-secretaria-de-administracao-passam-por-capacitacao-sobre-as-mudancas-nos-concursos-publicos-e-pss\/","title":{"rendered":"Servidores passam por capacita\u00e7\u00e3o sobre as mudan\u00e7as nos concursos p\u00fablicos e PSS"},"content":{"rendered":"<p style=\"text-align: justify;\"><span style=\"font-family: arial, helvetica, sans-serif;\"><img fetchpriority=\"high\" decoding=\"async\" class=\"size-large wp-image-6562 alignleft\" src=\"https:\/\/www.cambe.pr.gov.br\/wp-content\/uploads\/2022\/07\/espirito-1024x678.jpg\" alt=\"\" width=\"610\" height=\"404\" srcset=\"https:\/\/www.cambe.pr.gov.br\/wp-content\/uploads\/2022\/07\/espirito-1024x678.jpg 1024w, https:\/\/www.cambe.pr.gov.br\/wp-content\/uploads\/2022\/07\/espirito-300x199.jpg 300w, https:\/\/www.cambe.pr.gov.br\/wp-content\/uploads\/2022\/07\/espirito-768x509.jpg 768w, https:\/\/www.cambe.pr.gov.br\/wp-content\/uploads\/2022\/07\/espirito-1536x1017.jpg 1536w, https:\/\/www.cambe.pr.gov.br\/wp-content\/uploads\/2022\/07\/espirito-2048x1356.jpg 2048w\" sizes=\"(max-width: 610px) 100vw, 610px\" \/>A sexta-feira est\u00e1 sendo de muito aprendizado para 20 servidores municipais, que est\u00e3o recebendo uma capacita\u00e7\u00e3o a respeito das novas atualiza\u00e7\u00f5es nas regras para concursos p\u00fablicos e para PSS (Processo Seletivo Simplificado). Os funcion\u00e1rios da Secretaria de Administra\u00e7\u00e3o P\u00fablica est\u00e3o reunidos na manh\u00e3 de hoje, dia 01 de julho, para o curso &#8220;Admiss\u00e3o de Pessoal em Concurso P\u00fablico&#8221;, que acontece durante todo o dia. O curso tem carga hor\u00e1ria de oito horas e \u00e9 ministrado pelo Instituto Brasil de Intelig\u00eancia em Administra\u00e7\u00e3o P\u00fablica (Ibrap), de S\u00e3o Paulo.<\/span><br \/>\n<span style=\"font-family: arial, helvetica, sans-serif;\">Segundo Evandro Brandelik, diretor de Recursos Humanos da Prefeitura de Camb\u00e9, o curso vai atualizar os servidores a respeito das novas regras, como vagas preferenciais e nomenclaturas. &#8220;Antes, para designar pessoas com defici\u00eancia, o termo utilizado era &#8216;portador de defici\u00eancia&#8217;, agora, nos editais, deve constar o termo &#8216;portador de necessidades especiais'&#8221;, destaca. Tamb\u00e9m de acordo com Brandelik, o curso vai servir para atualizar os percentuais de vagas destinadas \u00e0s cotas, como para afrodescendentes, que j\u00e1 existiam, mas que podem variar. &#8220;Os servidores que est\u00e3o nessa capacita\u00e7\u00e3o s\u00e3o aqueles que organizam todos os editais, do come\u00e7o ao fim, ent\u00e3o \u00e9 essencial que eles estejam cientes dessas novas regras, mesmo que isso j\u00e1 viesse sendo discutido&#8221;, afirma.<\/span><br \/>\n<span style=\"font-family: arial, helvetica, sans-serif;\">O curso tamb\u00e9m vai abranger aspectos mais t\u00e9cnicos a respeito dos concursos p\u00fablicos, como as formas de publica\u00e7\u00e3o, os per\u00edodos de inscri\u00e7\u00e3o, como devem ser as provas, o per\u00edodo de recurso e as convoca\u00e7\u00f5es. &#8220;Todas essas informa\u00e7\u00f5es v\u00e3o ser \u00fateis para os concursos futuros e tamb\u00e9m para os atuais, j\u00e1 que vamos come\u00e7ar a convocar os arquitetos que foram selecionados neste \u00faltimo PSS na pr\u00f3xima semana&#8221;, destaca. <\/span><br \/>\n<span style=\"font-family: arial, helvetica, sans-serif;\">Brandelik ainda ressalta que j\u00e1 est\u00e3o sendo desenvolvidos editais para dois novos Processos Seletivos Simplificados, com vagas para engenheiro civil e analista programador, al\u00e9m de um concurso p\u00fablico com vagas para diversas \u00e1reas. &#8220;A nossa expectativa \u00e9 de que as inscri\u00e7\u00f5es comecem j\u00e1 em setembro e que a prova seja aplicada neste ano, mas ainda precisamos concluir a parte da defini\u00e7\u00e3o e descri\u00e7\u00e3o dos cargos&#8221;, finaliza. <\/span><\/p>\n","protected":false},"excerpt":{"rendered":"<p>A sexta-feira est\u00e1 sendo de muito aprendizado para 20 servidores municipais, que est\u00e3o recebendo uma capacita\u00e7\u00e3o a respeito das novas atualiza\u00e7\u00f5es nas regras para concursos p\u00fablicos e para PSS (Processo Seletivo Simplificado). Os funcion\u00e1rios da Secretaria de Administra\u00e7\u00e3o P\u00fablica est\u00e3o reunidos na manh\u00e3 de hoje, dia 01 de julho, para o curso &#8220;Admiss\u00e3o de Pessoal [&hellip;]<\/p>\n","protected":false},"author":2,"featured_media":0,"comment_status":"closed","ping_status":"open","sticky":false,"template":"","format":"standard","meta":{"ngg_post_thumbnail":0,"footnotes":""},"categories":[1],"tags":[],"class_list":["post-6546","post","type-post","status-publish","format-standard","hentry","category-principal"],"yoast_head":"<!-- This site is optimized with the Yoast SEO plugin v27.4 - https:\/\/yoast.com\/product\/yoast-seo-wordpress\/ -->\n<title>Servidores passam por capacita\u00e7\u00e3o sobre as mudan\u00e7as nos concursos p\u00fablicos e PSS - Prefeitura de Camb\u00e9<\/title>\n<meta name=\"robots\" content=\"index, follow, max-snippet:-1, max-image-preview:large, max-video-preview:-1\" \/>\n<link rel=\"canonical\" href=\"https:\/\/www.cambe.pr.gov.br\/index.php\/servidores-da-secretaria-de-administracao-passam-por-capacitacao-sobre-as-mudancas-nos-concursos-publicos-e-pss\/\" \/>\n<meta property=\"og:locale\" content=\"pt_BR\" \/>\n<meta property=\"og:type\" content=\"article\" \/>\n<meta property=\"og:title\" content=\"Servidores passam por capacita\u00e7\u00e3o sobre as mudan\u00e7as nos concursos p\u00fablicos e PSS - Prefeitura de Camb\u00e9\" \/>\n<meta property=\"og:description\" content=\"A sexta-feira est\u00e1 sendo de muito aprendizado para 20 servidores municipais, que est\u00e3o recebendo uma capacita\u00e7\u00e3o a respeito das novas atualiza\u00e7\u00f5es nas regras para concursos p\u00fablicos e para PSS (Processo Seletivo Simplificado). Os funcion\u00e1rios da Secretaria de Administra\u00e7\u00e3o P\u00fablica est\u00e3o reunidos na manh\u00e3 de hoje, dia 01 de julho, para o curso &#8220;Admiss\u00e3o de Pessoal [&hellip;]\" \/>\n<meta property=\"og:url\" content=\"https:\/\/www.cambe.pr.gov.br\/index.php\/servidores-da-secretaria-de-administracao-passam-por-capacitacao-sobre-as-mudancas-nos-concursos-publicos-e-pss\/\" \/>\n<meta property=\"og:site_name\" content=\"Prefeitura de Camb\u00e9\" \/>\n<meta property=\"article:publisher\" content=\"https:\/\/m.facebook.com\/prefeituradecambe\" \/>\n<meta property=\"article:published_time\" content=\"2022-07-01T20:05:37+00:00\" \/>\n<meta property=\"article:modified_time\" content=\"2024-10-07T16:00:58+00:00\" \/>\n<meta property=\"og:image\" content=\"http:\/\/www.cambe.pr.gov.br\/wp-content\/uploads\/2022\/07\/espirito-1024x678.jpg\" \/>\n<meta name=\"author\" content=\"Thiago Mossini Balbino dos Santos\" \/>\n<meta name=\"twitter:card\" content=\"summary_large_image\" \/>\n<meta name=\"twitter:label1\" content=\"Escrito por\" \/>\n\t<meta name=\"twitter:data1\" content=\"Thiago Mossini Balbino dos Santos\" \/>\n\t<meta name=\"twitter:label2\" content=\"Est. tempo de leitura\" \/>\n\t<meta name=\"twitter:data2\" content=\"2 minutos\" \/>\n<script type=\"application\/ld+json\" class=\"yoast-schema-graph\">{\"@context\":\"https:\\\/\\\/schema.org\",\"@graph\":[{\"@type\":\"Article\",\"@id\":\"https:\\\/\\\/www.cambe.pr.gov.br\\\/index.php\\\/servidores-da-secretaria-de-administracao-passam-por-capacitacao-sobre-as-mudancas-nos-concursos-publicos-e-pss\\\/#article\",\"isPartOf\":{\"@id\":\"https:\\\/\\\/www.cambe.pr.gov.br\\\/index.php\\\/servidores-da-secretaria-de-administracao-passam-por-capacitacao-sobre-as-mudancas-nos-concursos-publicos-e-pss\\\/\"},\"author\":{\"name\":\"Thiago Mossini Balbino dos Santos\",\"@id\":\"https:\\\/\\\/www.cambe.pr.gov.br\\\/#\\\/schema\\\/person\\\/e08f7c43a641b2ec036e4e867ec483e4\"},\"headline\":\"Servidores passam por capacita\u00e7\u00e3o sobre as mudan\u00e7as nos concursos p\u00fablicos e PSS\",\"datePublished\":\"2022-07-01T20:05:37+00:00\",\"dateModified\":\"2024-10-07T16:00:58+00:00\",\"mainEntityOfPage\":{\"@id\":\"https:\\\/\\\/www.cambe.pr.gov.br\\\/index.php\\\/servidores-da-secretaria-de-administracao-passam-por-capacitacao-sobre-as-mudancas-nos-concursos-publicos-e-pss\\\/\"},\"wordCount\":387,\"publisher\":{\"@id\":\"https:\\\/\\\/www.cambe.pr.gov.br\\\/#organization\"},\"image\":{\"@id\":\"https:\\\/\\\/www.cambe.pr.gov.br\\\/index.php\\\/servidores-da-secretaria-de-administracao-passam-por-capacitacao-sobre-as-mudancas-nos-concursos-publicos-e-pss\\\/#primaryimage\"},\"thumbnailUrl\":\"http:\\\/\\\/www.cambe.pr.gov.br\\\/wp-content\\\/uploads\\\/2022\\\/07\\\/espirito-1024x678.jpg\",\"articleSection\":[\"Principal\"],\"inLanguage\":\"pt-BR\"},{\"@type\":\"WebPage\",\"@id\":\"https:\\\/\\\/www.cambe.pr.gov.br\\\/index.php\\\/servidores-da-secretaria-de-administracao-passam-por-capacitacao-sobre-as-mudancas-nos-concursos-publicos-e-pss\\\/\",\"url\":\"https:\\\/\\\/www.cambe.pr.gov.br\\\/index.php\\\/servidores-da-secretaria-de-administracao-passam-por-capacitacao-sobre-as-mudancas-nos-concursos-publicos-e-pss\\\/\",\"name\":\"Servidores passam por capacita\u00e7\u00e3o sobre as mudan\u00e7as nos concursos p\u00fablicos e PSS - Prefeitura de Camb\u00e9\",\"isPartOf\":{\"@id\":\"https:\\\/\\\/www.cambe.pr.gov.br\\\/#website\"},\"primaryImageOfPage\":{\"@id\":\"https:\\\/\\\/www.cambe.pr.gov.br\\\/index.php\\\/servidores-da-secretaria-de-administracao-passam-por-capacitacao-sobre-as-mudancas-nos-concursos-publicos-e-pss\\\/#primaryimage\"},\"image\":{\"@id\":\"https:\\\/\\\/www.cambe.pr.gov.br\\\/index.php\\\/servidores-da-secretaria-de-administracao-passam-por-capacitacao-sobre-as-mudancas-nos-concursos-publicos-e-pss\\\/#primaryimage\"},\"thumbnailUrl\":\"http:\\\/\\\/www.cambe.pr.gov.br\\\/wp-content\\\/uploads\\\/2022\\\/07\\\/espirito-1024x678.jpg\",\"datePublished\":\"2022-07-01T20:05:37+00:00\",\"dateModified\":\"2024-10-07T16:00:58+00:00\",\"breadcrumb\":{\"@id\":\"https:\\\/\\\/www.cambe.pr.gov.br\\\/index.php\\\/servidores-da-secretaria-de-administracao-passam-por-capacitacao-sobre-as-mudancas-nos-concursos-publicos-e-pss\\\/#breadcrumb\"},\"inLanguage\":\"pt-BR\",\"potentialAction\":[{\"@type\":\"ReadAction\",\"target\":[\"https:\\\/\\\/www.cambe.pr.gov.br\\\/index.php\\\/servidores-da-secretaria-de-administracao-passam-por-capacitacao-sobre-as-mudancas-nos-concursos-publicos-e-pss\\\/\"]}]},{\"@type\":\"ImageObject\",\"inLanguage\":\"pt-BR\",\"@id\":\"https:\\\/\\\/www.cambe.pr.gov.br\\\/index.php\\\/servidores-da-secretaria-de-administracao-passam-por-capacitacao-sobre-as-mudancas-nos-concursos-publicos-e-pss\\\/#primaryimage\",\"url\":\"http:\\\/\\\/www.cambe.pr.gov.br\\\/wp-content\\\/uploads\\\/2022\\\/07\\\/espirito-1024x678.jpg\",\"contentUrl\":\"http:\\\/\\\/www.cambe.pr.gov.br\\\/wp-content\\\/uploads\\\/2022\\\/07\\\/espirito-1024x678.jpg\"},{\"@type\":\"BreadcrumbList\",\"@id\":\"https:\\\/\\\/www.cambe.pr.gov.br\\\/index.php\\\/servidores-da-secretaria-de-administracao-passam-por-capacitacao-sobre-as-mudancas-nos-concursos-publicos-e-pss\\\/#breadcrumb\",\"itemListElement\":[{\"@type\":\"ListItem\",\"position\":1,\"name\":\"In\u00edcio\",\"item\":\"https:\\\/\\\/www.cambe.pr.gov.br\\\/\"},{\"@type\":\"ListItem\",\"position\":2,\"name\":\"Servidores passam por capacita\u00e7\u00e3o sobre as mudan\u00e7as nos concursos p\u00fablicos e PSS\"}]},{\"@type\":\"WebSite\",\"@id\":\"https:\\\/\\\/www.cambe.pr.gov.br\\\/#website\",\"url\":\"https:\\\/\\\/www.cambe.pr.gov.br\\\/\",\"name\":\"Prefeitura de Camb\u00e9\",\"description\":\"UM GOVERNO PARA TODOS\",\"publisher\":{\"@id\":\"https:\\\/\\\/www.cambe.pr.gov.br\\\/#organization\"},\"potentialAction\":[{\"@type\":\"SearchAction\",\"target\":{\"@type\":\"EntryPoint\",\"urlTemplate\":\"https:\\\/\\\/www.cambe.pr.gov.br\\\/?s={search_term_string}\"},\"query-input\":{\"@type\":\"PropertyValueSpecification\",\"valueRequired\":true,\"valueName\":\"search_term_string\"}}],\"inLanguage\":\"pt-BR\"},{\"@type\":\"Organization\",\"@id\":\"https:\\\/\\\/www.cambe.pr.gov.br\\\/#organization\",\"name\":\"Prefeitura de Camb\u00e9\",\"url\":\"https:\\\/\\\/www.cambe.pr.gov.br\\\/\",\"logo\":{\"@type\":\"ImageObject\",\"inLanguage\":\"pt-BR\",\"@id\":\"https:\\\/\\\/www.cambe.pr.gov.br\\\/#\\\/schema\\\/logo\\\/image\\\/\",\"url\":\"https:\\\/\\\/www.cambe.pr.gov.br\\\/wp-content\\\/uploads\\\/2021\\\/01\\\/cropped-cropped-cambe_brazao-icone.png\",\"contentUrl\":\"https:\\\/\\\/www.cambe.pr.gov.br\\\/wp-content\\\/uploads\\\/2021\\\/01\\\/cropped-cropped-cambe_brazao-icone.png\",\"width\":240,\"height\":240,\"caption\":\"Prefeitura de Camb\u00e9\"},\"image\":{\"@id\":\"https:\\\/\\\/www.cambe.pr.gov.br\\\/#\\\/schema\\\/logo\\\/image\\\/\"},\"sameAs\":[\"https:\\\/\\\/m.facebook.com\\\/prefeituradecambe\"]},{\"@type\":\"Person\",\"@id\":\"https:\\\/\\\/www.cambe.pr.gov.br\\\/#\\\/schema\\\/person\\\/e08f7c43a641b2ec036e4e867ec483e4\",\"name\":\"Thiago Mossini Balbino dos Santos\",\"image\":{\"@type\":\"ImageObject\",\"inLanguage\":\"pt-BR\",\"@id\":\"https:\\\/\\\/secure.gravatar.com\\\/avatar\\\/d957ed4e1bc3ebf5769d1003f9709cd2012ebf424eb4a5d76a933fee30e874b6?s=96&d=mm&r=g\",\"url\":\"https:\\\/\\\/secure.gravatar.com\\\/avatar\\\/d957ed4e1bc3ebf5769d1003f9709cd2012ebf424eb4a5d76a933fee30e874b6?s=96&d=mm&r=g\",\"contentUrl\":\"https:\\\/\\\/secure.gravatar.com\\\/avatar\\\/d957ed4e1bc3ebf5769d1003f9709cd2012ebf424eb4a5d76a933fee30e874b6?s=96&d=mm&r=g\",\"caption\":\"Thiago Mossini Balbino dos Santos\"},\"url\":\"https:\\\/\\\/www.cambe.pr.gov.br\\\/index.php\\\/author\\\/tmbsantos\\\/\"}]}<\/script>\n<!-- \/ Yoast SEO plugin. -->","yoast_head_json":{"title":"Servidores passam por capacita\u00e7\u00e3o sobre as mudan\u00e7as nos concursos p\u00fablicos e PSS - Prefeitura de Camb\u00e9","robots":{"index":"index","follow":"follow","max-snippet":"max-snippet:-1","max-image-preview":"max-image-preview:large","max-video-preview":"max-video-preview:-1"},"canonical":"https:\/\/www.cambe.pr.gov.br\/index.php\/servidores-da-secretaria-de-administracao-passam-por-capacitacao-sobre-as-mudancas-nos-concursos-publicos-e-pss\/","og_locale":"pt_BR","og_type":"article","og_title":"Servidores passam por capacita\u00e7\u00e3o sobre as mudan\u00e7as nos concursos p\u00fablicos e PSS - Prefeitura de Camb\u00e9","og_description":"A sexta-feira est\u00e1 sendo de muito aprendizado para 20 servidores municipais, que est\u00e3o recebendo uma capacita\u00e7\u00e3o a respeito das novas atualiza\u00e7\u00f5es nas regras para concursos p\u00fablicos e para PSS (Processo Seletivo Simplificado). Os funcion\u00e1rios da Secretaria de Administra\u00e7\u00e3o P\u00fablica est\u00e3o reunidos na manh\u00e3 de hoje, dia 01 de julho, para o curso &#8220;Admiss\u00e3o de Pessoal [&hellip;]","og_url":"https:\/\/www.cambe.pr.gov.br\/index.php\/servidores-da-secretaria-de-administracao-passam-por-capacitacao-sobre-as-mudancas-nos-concursos-publicos-e-pss\/","og_site_name":"Prefeitura de Camb\u00e9","article_publisher":"https:\/\/m.facebook.com\/prefeituradecambe","article_published_time":"2022-07-01T20:05:37+00:00","article_modified_time":"2024-10-07T16:00:58+00:00","og_image":[{"url":"http:\/\/www.cambe.pr.gov.br\/wp-content\/uploads\/2022\/07\/espirito-1024x678.jpg","type":"","width":"","height":""}],"author":"Thiago Mossini Balbino dos Santos","twitter_card":"summary_large_image","twitter_misc":{"Escrito por":"Thiago Mossini Balbino dos Santos","Est. tempo de leitura":"2 minutos"},"schema":{"@context":"https:\/\/schema.org","@graph":[{"@type":"Article","@id":"https:\/\/www.cambe.pr.gov.br\/index.php\/servidores-da-secretaria-de-administracao-passam-por-capacitacao-sobre-as-mudancas-nos-concursos-publicos-e-pss\/#article","isPartOf":{"@id":"https:\/\/www.cambe.pr.gov.br\/index.php\/servidores-da-secretaria-de-administracao-passam-por-capacitacao-sobre-as-mudancas-nos-concursos-publicos-e-pss\/"},"author":{"name":"Thiago Mossini Balbino dos Santos","@id":"https:\/\/www.cambe.pr.gov.br\/#\/schema\/person\/e08f7c43a641b2ec036e4e867ec483e4"},"headline":"Servidores passam por capacita\u00e7\u00e3o sobre as mudan\u00e7as nos concursos p\u00fablicos e PSS","datePublished":"2022-07-01T20:05:37+00:00","dateModified":"2024-10-07T16:00:58+00:00","mainEntityOfPage":{"@id":"https:\/\/www.cambe.pr.gov.br\/index.php\/servidores-da-secretaria-de-administracao-passam-por-capacitacao-sobre-as-mudancas-nos-concursos-publicos-e-pss\/"},"wordCount":387,"publisher":{"@id":"https:\/\/www.cambe.pr.gov.br\/#organization"},"image":{"@id":"https:\/\/www.cambe.pr.gov.br\/index.php\/servidores-da-secretaria-de-administracao-passam-por-capacitacao-sobre-as-mudancas-nos-concursos-publicos-e-pss\/#primaryimage"},"thumbnailUrl":"http:\/\/www.cambe.pr.gov.br\/wp-content\/uploads\/2022\/07\/espirito-1024x678.jpg","articleSection":["Principal"],"inLanguage":"pt-BR"},{"@type":"WebPage","@id":"https:\/\/www.cambe.pr.gov.br\/index.php\/servidores-da-secretaria-de-administracao-passam-por-capacitacao-sobre-as-mudancas-nos-concursos-publicos-e-pss\/","url":"https:\/\/www.cambe.pr.gov.br\/index.php\/servidores-da-secretaria-de-administracao-passam-por-capacitacao-sobre-as-mudancas-nos-concursos-publicos-e-pss\/","name":"Servidores passam por capacita\u00e7\u00e3o sobre as mudan\u00e7as nos concursos p\u00fablicos e PSS - Prefeitura de Camb\u00e9","isPartOf":{"@id":"https:\/\/www.cambe.pr.gov.br\/#website"},"primaryImageOfPage":{"@id":"https:\/\/www.cambe.pr.gov.br\/index.php\/servidores-da-secretaria-de-administracao-passam-por-capacitacao-sobre-as-mudancas-nos-concursos-publicos-e-pss\/#primaryimage"},"image":{"@id":"https:\/\/www.cambe.pr.gov.br\/index.php\/servidores-da-secretaria-de-administracao-passam-por-capacitacao-sobre-as-mudancas-nos-concursos-publicos-e-pss\/#primaryimage"},"thumbnailUrl":"http:\/\/www.cambe.pr.gov.br\/wp-content\/uploads\/2022\/07\/espirito-1024x678.jpg","datePublished":"2022-07-01T20:05:37+00:00","dateModified":"2024-10-07T16:00:58+00:00","breadcrumb":{"@id":"https:\/\/www.cambe.pr.gov.br\/index.php\/servidores-da-secretaria-de-administracao-passam-por-capacitacao-sobre-as-mudancas-nos-concursos-publicos-e-pss\/#breadcrumb"},"inLanguage":"pt-BR","potentialAction":[{"@type":"ReadAction","target":["https:\/\/www.cambe.pr.gov.br\/index.php\/servidores-da-secretaria-de-administracao-passam-por-capacitacao-sobre-as-mudancas-nos-concursos-publicos-e-pss\/"]}]},{"@type":"ImageObject","inLanguage":"pt-BR","@id":"https:\/\/www.cambe.pr.gov.br\/index.php\/servidores-da-secretaria-de-administracao-passam-por-capacitacao-sobre-as-mudancas-nos-concursos-publicos-e-pss\/#primaryimage","url":"http:\/\/www.cambe.pr.gov.br\/wp-content\/uploads\/2022\/07\/espirito-1024x678.jpg","contentUrl":"http:\/\/www.cambe.pr.gov.br\/wp-content\/uploads\/2022\/07\/espirito-1024x678.jpg"},{"@type":"BreadcrumbList","@id":"https:\/\/www.cambe.pr.gov.br\/index.php\/servidores-da-secretaria-de-administracao-passam-por-capacitacao-sobre-as-mudancas-nos-concursos-publicos-e-pss\/#breadcrumb","itemListElement":[{"@type":"ListItem","position":1,"name":"In\u00edcio","item":"https:\/\/www.cambe.pr.gov.br\/"},{"@type":"ListItem","position":2,"name":"Servidores passam por capacita\u00e7\u00e3o sobre as mudan\u00e7as nos concursos p\u00fablicos e PSS"}]},{"@type":"WebSite","@id":"https:\/\/www.cambe.pr.gov.br\/#website","url":"https:\/\/www.cambe.pr.gov.br\/","name":"Prefeitura de Camb\u00e9","description":"UM GOVERNO PARA TODOS","publisher":{"@id":"https:\/\/www.cambe.pr.gov.br\/#organization"},"potentialAction":[{"@type":"SearchAction","target":{"@type":"EntryPoint","urlTemplate":"https:\/\/www.cambe.pr.gov.br\/?s={search_term_string}"},"query-input":{"@type":"PropertyValueSpecification","valueRequired":true,"valueName":"search_term_string"}}],"inLanguage":"pt-BR"},{"@type":"Organization","@id":"https:\/\/www.cambe.pr.gov.br\/#organization","name":"Prefeitura de Camb\u00e9","url":"https:\/\/www.cambe.pr.gov.br\/","logo":{"@type":"ImageObject","inLanguage":"pt-BR","@id":"https:\/\/www.cambe.pr.gov.br\/#\/schema\/logo\/image\/","url":"https:\/\/www.cambe.pr.gov.br\/wp-content\/uploads\/2021\/01\/cropped-cropped-cambe_brazao-icone.png","contentUrl":"https:\/\/www.cambe.pr.gov.br\/wp-content\/uploads\/2021\/01\/cropped-cropped-cambe_brazao-icone.png","width":240,"height":240,"caption":"Prefeitura de Camb\u00e9"},"image":{"@id":"https:\/\/www.cambe.pr.gov.br\/#\/schema\/logo\/image\/"},"sameAs":["https:\/\/m.facebook.com\/prefeituradecambe"]},{"@type":"Person","@id":"https:\/\/www.cambe.pr.gov.br\/#\/schema\/person\/e08f7c43a641b2ec036e4e867ec483e4","name":"Thiago Mossini Balbino dos Santos","image":{"@type":"ImageObject","inLanguage":"pt-BR","@id":"https:\/\/secure.gravatar.com\/avatar\/d957ed4e1bc3ebf5769d1003f9709cd2012ebf424eb4a5d76a933fee30e874b6?s=96&d=mm&r=g","url":"https:\/\/secure.gravatar.com\/avatar\/d957ed4e1bc3ebf5769d1003f9709cd2012ebf424eb4a5d76a933fee30e874b6?s=96&d=mm&r=g","contentUrl":"https:\/\/secure.gravatar.com\/avatar\/d957ed4e1bc3ebf5769d1003f9709cd2012ebf424eb4a5d76a933fee30e874b6?s=96&d=mm&r=g","caption":"Thiago Mossini Balbino dos Santos"},"url":"https:\/\/www.cambe.pr.gov.br\/index.php\/author\/tmbsantos\/"}]}},"_links":{"self":[{"href":"https:\/\/www.cambe.pr.gov.br\/index.php\/wp-json\/wp\/v2\/posts\/6546","targetHints":{"allow":["GET"]}}],"collection":[{"href":"https:\/\/www.cambe.pr.gov.br\/index.php\/wp-json\/wp\/v2\/posts"}],"about":[{"href":"https:\/\/www.cambe.pr.gov.br\/index.php\/wp-json\/wp\/v2\/types\/post"}],"author":[{"embeddable":true,"href":"https:\/\/www.cambe.pr.gov.br\/index.php\/wp-json\/wp\/v2\/users\/2"}],"replies":[{"embeddable":true,"href":"https:\/\/www.cambe.pr.gov.br\/index.php\/wp-json\/wp\/v2\/comments?post=6546"}],"version-history":[{"count":3,"href":"https:\/\/www.cambe.pr.gov.br\/index.php\/wp-json\/wp\/v2\/posts\/6546\/revisions"}],"predecessor-version":[{"id":6570,"href":"https:\/\/www.cambe.pr.gov.br\/index.php\/wp-json\/wp\/v2\/posts\/6546\/revisions\/6570"}],"wp:attachment":[{"href":"https:\/\/www.cambe.pr.gov.br\/index.php\/wp-json\/wp\/v2\/media?parent=6546"}],"wp:term":[{"taxonomy":"category","embeddable":true,"href":"https:\/\/www.cambe.pr.gov.br\/index.php\/wp-json\/wp\/v2\/categories?post=6546"},{"taxonomy":"post_tag","embeddable":true,"href":"https:\/\/www.cambe.pr.gov.br\/index.php\/wp-json\/wp\/v2\/tags?post=6546"}],"curies":[{"name":"wp","href":"https:\/\/api.w.org\/{rel}","templated":true}]}}