{"id":6525,"date":"2022-06-30T14:02:26","date_gmt":"2022-06-30T17:02:26","guid":{"rendered":"http:\/\/www.cambe.pr.gov.br\/?p=6525"},"modified":"2024-10-07T13:00:58","modified_gmt":"2024-10-07T16:00:58","slug":"prefeitura-nao-exigira-mais-autenticacao-de-laudos-medicos-para-emissao-de-carteira-de-identificacao-de-autistas","status":"publish","type":"post","link":"https:\/\/www.cambe.pr.gov.br\/index.php\/prefeitura-nao-exigira-mais-autenticacao-de-laudos-medicos-para-emissao-de-carteira-de-identificacao-de-autistas\/","title":{"rendered":"Prefeitura n\u00e3o exigir\u00e1 mais autentica\u00e7\u00e3o de laudos m\u00e9dicos para emiss\u00e3o de carteira de identifica\u00e7\u00e3o de autistas"},"content":{"rendered":"<p style=\"text-align: justify;\"><span style=\"font-family: arial, helvetica, sans-serif;\"><img fetchpriority=\"high\" decoding=\"async\" class=\"alignleft wp-image-6537 size-large\" src=\"https:\/\/www.cambe.pr.gov.br\/wp-content\/uploads\/2022\/06\/WhatsApp-Image-2022-06-30-at-14.01.50-1024x682.jpeg\" alt=\"\" width=\"610\" height=\"406\" srcset=\"https:\/\/www.cambe.pr.gov.br\/wp-content\/uploads\/2022\/06\/WhatsApp-Image-2022-06-30-at-14.01.50-1024x682.jpeg 1024w, https:\/\/www.cambe.pr.gov.br\/wp-content\/uploads\/2022\/06\/WhatsApp-Image-2022-06-30-at-14.01.50-300x200.jpeg 300w, https:\/\/www.cambe.pr.gov.br\/wp-content\/uploads\/2022\/06\/WhatsApp-Image-2022-06-30-at-14.01.50-768x512.jpeg 768w, https:\/\/www.cambe.pr.gov.br\/wp-content\/uploads\/2022\/06\/WhatsApp-Image-2022-06-30-at-14.01.50.jpeg 1280w\" sizes=\"(max-width: 610px) 100vw, 610px\" \/>A Prefeitura de Camb\u00e9 determinou na segunda-feira (29\/06) que a autentica\u00e7\u00e3o em cart\u00f3rio do laudo m\u00e9dico para a emiss\u00e3o de carteira de identifica\u00e7\u00e3o de autistas n\u00e3o \u00e9 mais necess\u00e1ria. Com isso, a Prefeitura arcar\u00e1 com &nbsp;os custos do processo. Al\u00e9m disso, foi disponibilizado o requerimento para a carteira de identifica\u00e7\u00e3o no site da Prefeitura no link https:\/\/www.cambe.pr.gov.br\/index.php\/servicos\/requerimento-tea\/.<\/span><\/p>\n<p style=\"text-align: justify;\"><span style=\"font-family: arial, helvetica, sans-serif;\">O secret\u00e1rio de Governo, Frederico Ferreira, explica que agora para a emiss\u00e3o da carteira de identifica\u00e7\u00e3o do autista \u00e9 necess\u00e1rio apenas apresentar o laudo m\u00e9dico original na Prefeitura e este \u00e9 autenticado sem custo. \u201cO grupo de m\u00e3es de autistas denominado Cora\u00e7\u00e3o Azul protocolou um documento com algumas reivindica\u00e7\u00f5es. Entre elas foi solicitado a n\u00e3o necessidade de autentica\u00e7\u00e3o do laudo por conta de ter um custo e algumas m\u00e3es n\u00e3o disp\u00f5e de recursos financeiros para arcar com esta despesa\u201d, detalha.<\/span><\/p>\n<p style=\"text-align: justify;\"><span style=\"font-family: arial, helvetica, sans-serif;\">Ferreira tamb\u00e9m informa que a carteira de identifica\u00e7\u00e3o da pessoa autista \u00e9 um direito previsto na lei municipal, estadual e federal. \u201cO documento facilita a identifica\u00e7\u00e3o e a prioridade no atendimento em servi\u00e7os p\u00fablicos e privados, em especial nas \u00e1reas de sa\u00fade, educa\u00e7\u00e3o e assist\u00eancia social, no caso dos particulares, isso inclui supermercados, bancos, farm\u00e1cias, lojas e outros\u201d, destaca.<\/span><\/p>\n<p style=\"text-align: justify;\"><span style=\"font-family: arial, helvetica, sans-serif;\">A m\u00e3e e administradora do grupo, Renata Pereira dos Santos Campos, conta que muitas fam\u00edlias n\u00e3o conseguiam ter a carteira de identifica\u00e7\u00e3o devido aos custos de cart\u00f3rio. \u201cA carteirinha \u00e9 muito importante porque autismo n\u00e3o \u00e9 vis\u00edvel quando vamos posto de sa\u00fade, enfrentar uma fila eles n\u00e3o tem paci\u00eancia de esperar. Agora com carteirinha voc\u00ea mostra e tem prefer\u00eancia, \u00e9 uma forma de identifica\u00e7\u00e3o\u201d, finaliza.<\/span><\/p>\n","protected":false},"excerpt":{"rendered":"<p>A Prefeitura de Camb\u00e9 determinou na segunda-feira (29\/06) que a autentica\u00e7\u00e3o em cart\u00f3rio do laudo m\u00e9dico para a emiss\u00e3o de carteira de identifica\u00e7\u00e3o de autistas n\u00e3o \u00e9 mais necess\u00e1ria. Com isso, a Prefeitura arcar\u00e1 com &nbsp;os custos do processo. Al\u00e9m disso, foi disponibilizado o requerimento para a carteira de identifica\u00e7\u00e3o no site da Prefeitura no [&hellip;]<\/p>\n","protected":false},"author":2,"featured_media":0,"comment_status":"closed","ping_status":"open","sticky":false,"template":"","format":"standard","meta":{"ngg_post_thumbnail":0,"footnotes":""},"categories":[1],"tags":[],"class_list":["post-6525","post","type-post","status-publish","format-standard","hentry","category-principal"],"yoast_head":"<!-- This site is optimized with the Yoast SEO plugin v27.4 - https:\/\/yoast.com\/product\/yoast-seo-wordpress\/ -->\n<title>Prefeitura n\u00e3o exigir\u00e1 mais autentica\u00e7\u00e3o de laudos m\u00e9dicos para emiss\u00e3o de carteira de identifica\u00e7\u00e3o de autistas - Prefeitura de Camb\u00e9<\/title>\n<meta name=\"robots\" content=\"index, follow, max-snippet:-1, max-image-preview:large, max-video-preview:-1\" \/>\n<link rel=\"canonical\" href=\"https:\/\/www.cambe.pr.gov.br\/index.php\/prefeitura-nao-exigira-mais-autenticacao-de-laudos-medicos-para-emissao-de-carteira-de-identificacao-de-autistas\/\" \/>\n<meta property=\"og:locale\" content=\"pt_BR\" \/>\n<meta property=\"og:type\" content=\"article\" \/>\n<meta property=\"og:title\" content=\"Prefeitura n\u00e3o exigir\u00e1 mais autentica\u00e7\u00e3o de laudos m\u00e9dicos para emiss\u00e3o de carteira de identifica\u00e7\u00e3o de autistas - Prefeitura de Camb\u00e9\" \/>\n<meta property=\"og:description\" content=\"A Prefeitura de Camb\u00e9 determinou na segunda-feira (29\/06) que a autentica\u00e7\u00e3o em cart\u00f3rio do laudo m\u00e9dico para a emiss\u00e3o de carteira de identifica\u00e7\u00e3o de autistas n\u00e3o \u00e9 mais necess\u00e1ria. Com isso, a Prefeitura arcar\u00e1 com &nbsp;os custos do processo. Al\u00e9m disso, foi disponibilizado o requerimento para a carteira de identifica\u00e7\u00e3o no site da Prefeitura no [&hellip;]\" \/>\n<meta property=\"og:url\" content=\"https:\/\/www.cambe.pr.gov.br\/index.php\/prefeitura-nao-exigira-mais-autenticacao-de-laudos-medicos-para-emissao-de-carteira-de-identificacao-de-autistas\/\" \/>\n<meta property=\"og:site_name\" content=\"Prefeitura de Camb\u00e9\" \/>\n<meta property=\"article:publisher\" content=\"https:\/\/m.facebook.com\/prefeituradecambe\" \/>\n<meta property=\"article:published_time\" content=\"2022-06-30T17:02:26+00:00\" \/>\n<meta property=\"article:modified_time\" content=\"2024-10-07T16:00:58+00:00\" \/>\n<meta property=\"og:image\" content=\"http:\/\/www.cambe.pr.gov.br\/wp-content\/uploads\/2022\/06\/WhatsApp-Image-2022-06-30-at-14.01.50-1024x682.jpeg\" \/>\n<meta name=\"author\" content=\"Thiago Mossini Balbino dos Santos\" \/>\n<meta name=\"twitter:card\" content=\"summary_large_image\" \/>\n<meta name=\"twitter:label1\" content=\"Escrito por\" \/>\n\t<meta name=\"twitter:data1\" content=\"Thiago Mossini Balbino dos Santos\" \/>\n\t<meta name=\"twitter:label2\" content=\"Est. tempo de leitura\" \/>\n\t<meta name=\"twitter:data2\" content=\"2 minutos\" \/>\n<script type=\"application\/ld+json\" class=\"yoast-schema-graph\">{\"@context\":\"https:\\\/\\\/schema.org\",\"@graph\":[{\"@type\":\"Article\",\"@id\":\"https:\\\/\\\/www.cambe.pr.gov.br\\\/index.php\\\/prefeitura-nao-exigira-mais-autenticacao-de-laudos-medicos-para-emissao-de-carteira-de-identificacao-de-autistas\\\/#article\",\"isPartOf\":{\"@id\":\"https:\\\/\\\/www.cambe.pr.gov.br\\\/index.php\\\/prefeitura-nao-exigira-mais-autenticacao-de-laudos-medicos-para-emissao-de-carteira-de-identificacao-de-autistas\\\/\"},\"author\":{\"name\":\"Thiago Mossini Balbino dos Santos\",\"@id\":\"https:\\\/\\\/www.cambe.pr.gov.br\\\/#\\\/schema\\\/person\\\/e08f7c43a641b2ec036e4e867ec483e4\"},\"headline\":\"Prefeitura n\u00e3o exigir\u00e1 mais autentica\u00e7\u00e3o de laudos m\u00e9dicos para emiss\u00e3o de carteira de identifica\u00e7\u00e3o de autistas\",\"datePublished\":\"2022-06-30T17:02:26+00:00\",\"dateModified\":\"2024-10-07T16:00:58+00:00\",\"mainEntityOfPage\":{\"@id\":\"https:\\\/\\\/www.cambe.pr.gov.br\\\/index.php\\\/prefeitura-nao-exigira-mais-autenticacao-de-laudos-medicos-para-emissao-de-carteira-de-identificacao-de-autistas\\\/\"},\"wordCount\":327,\"publisher\":{\"@id\":\"https:\\\/\\\/www.cambe.pr.gov.br\\\/#organization\"},\"image\":{\"@id\":\"https:\\\/\\\/www.cambe.pr.gov.br\\\/index.php\\\/prefeitura-nao-exigira-mais-autenticacao-de-laudos-medicos-para-emissao-de-carteira-de-identificacao-de-autistas\\\/#primaryimage\"},\"thumbnailUrl\":\"http:\\\/\\\/www.cambe.pr.gov.br\\\/wp-content\\\/uploads\\\/2022\\\/06\\\/WhatsApp-Image-2022-06-30-at-14.01.50-1024x682.jpeg\",\"articleSection\":[\"Principal\"],\"inLanguage\":\"pt-BR\"},{\"@type\":\"WebPage\",\"@id\":\"https:\\\/\\\/www.cambe.pr.gov.br\\\/index.php\\\/prefeitura-nao-exigira-mais-autenticacao-de-laudos-medicos-para-emissao-de-carteira-de-identificacao-de-autistas\\\/\",\"url\":\"https:\\\/\\\/www.cambe.pr.gov.br\\\/index.php\\\/prefeitura-nao-exigira-mais-autenticacao-de-laudos-medicos-para-emissao-de-carteira-de-identificacao-de-autistas\\\/\",\"name\":\"Prefeitura n\u00e3o exigir\u00e1 mais autentica\u00e7\u00e3o de laudos m\u00e9dicos para emiss\u00e3o de carteira de identifica\u00e7\u00e3o de autistas - Prefeitura de Camb\u00e9\",\"isPartOf\":{\"@id\":\"https:\\\/\\\/www.cambe.pr.gov.br\\\/#website\"},\"primaryImageOfPage\":{\"@id\":\"https:\\\/\\\/www.cambe.pr.gov.br\\\/index.php\\\/prefeitura-nao-exigira-mais-autenticacao-de-laudos-medicos-para-emissao-de-carteira-de-identificacao-de-autistas\\\/#primaryimage\"},\"image\":{\"@id\":\"https:\\\/\\\/www.cambe.pr.gov.br\\\/index.php\\\/prefeitura-nao-exigira-mais-autenticacao-de-laudos-medicos-para-emissao-de-carteira-de-identificacao-de-autistas\\\/#primaryimage\"},\"thumbnailUrl\":\"http:\\\/\\\/www.cambe.pr.gov.br\\\/wp-content\\\/uploads\\\/2022\\\/06\\\/WhatsApp-Image-2022-06-30-at-14.01.50-1024x682.jpeg\",\"datePublished\":\"2022-06-30T17:02:26+00:00\",\"dateModified\":\"2024-10-07T16:00:58+00:00\",\"breadcrumb\":{\"@id\":\"https:\\\/\\\/www.cambe.pr.gov.br\\\/index.php\\\/prefeitura-nao-exigira-mais-autenticacao-de-laudos-medicos-para-emissao-de-carteira-de-identificacao-de-autistas\\\/#breadcrumb\"},\"inLanguage\":\"pt-BR\",\"potentialAction\":[{\"@type\":\"ReadAction\",\"target\":[\"https:\\\/\\\/www.cambe.pr.gov.br\\\/index.php\\\/prefeitura-nao-exigira-mais-autenticacao-de-laudos-medicos-para-emissao-de-carteira-de-identificacao-de-autistas\\\/\"]}]},{\"@type\":\"ImageObject\",\"inLanguage\":\"pt-BR\",\"@id\":\"https:\\\/\\\/www.cambe.pr.gov.br\\\/index.php\\\/prefeitura-nao-exigira-mais-autenticacao-de-laudos-medicos-para-emissao-de-carteira-de-identificacao-de-autistas\\\/#primaryimage\",\"url\":\"http:\\\/\\\/www.cambe.pr.gov.br\\\/wp-content\\\/uploads\\\/2022\\\/06\\\/WhatsApp-Image-2022-06-30-at-14.01.50-1024x682.jpeg\",\"contentUrl\":\"http:\\\/\\\/www.cambe.pr.gov.br\\\/wp-content\\\/uploads\\\/2022\\\/06\\\/WhatsApp-Image-2022-06-30-at-14.01.50-1024x682.jpeg\"},{\"@type\":\"BreadcrumbList\",\"@id\":\"https:\\\/\\\/www.cambe.pr.gov.br\\\/index.php\\\/prefeitura-nao-exigira-mais-autenticacao-de-laudos-medicos-para-emissao-de-carteira-de-identificacao-de-autistas\\\/#breadcrumb\",\"itemListElement\":[{\"@type\":\"ListItem\",\"position\":1,\"name\":\"In\u00edcio\",\"item\":\"https:\\\/\\\/www.cambe.pr.gov.br\\\/\"},{\"@type\":\"ListItem\",\"position\":2,\"name\":\"Prefeitura n\u00e3o exigir\u00e1 mais autentica\u00e7\u00e3o de laudos m\u00e9dicos para emiss\u00e3o de carteira de identifica\u00e7\u00e3o de autistas\"}]},{\"@type\":\"WebSite\",\"@id\":\"https:\\\/\\\/www.cambe.pr.gov.br\\\/#website\",\"url\":\"https:\\\/\\\/www.cambe.pr.gov.br\\\/\",\"name\":\"Prefeitura de Camb\u00e9\",\"description\":\"UM GOVERNO PARA TODOS\",\"publisher\":{\"@id\":\"https:\\\/\\\/www.cambe.pr.gov.br\\\/#organization\"},\"potentialAction\":[{\"@type\":\"SearchAction\",\"target\":{\"@type\":\"EntryPoint\",\"urlTemplate\":\"https:\\\/\\\/www.cambe.pr.gov.br\\\/?s={search_term_string}\"},\"query-input\":{\"@type\":\"PropertyValueSpecification\",\"valueRequired\":true,\"valueName\":\"search_term_string\"}}],\"inLanguage\":\"pt-BR\"},{\"@type\":\"Organization\",\"@id\":\"https:\\\/\\\/www.cambe.pr.gov.br\\\/#organization\",\"name\":\"Prefeitura de Camb\u00e9\",\"url\":\"https:\\\/\\\/www.cambe.pr.gov.br\\\/\",\"logo\":{\"@type\":\"ImageObject\",\"inLanguage\":\"pt-BR\",\"@id\":\"https:\\\/\\\/www.cambe.pr.gov.br\\\/#\\\/schema\\\/logo\\\/image\\\/\",\"url\":\"https:\\\/\\\/www.cambe.pr.gov.br\\\/wp-content\\\/uploads\\\/2021\\\/01\\\/cropped-cropped-cambe_brazao-icone.png\",\"contentUrl\":\"https:\\\/\\\/www.cambe.pr.gov.br\\\/wp-content\\\/uploads\\\/2021\\\/01\\\/cropped-cropped-cambe_brazao-icone.png\",\"width\":240,\"height\":240,\"caption\":\"Prefeitura de Camb\u00e9\"},\"image\":{\"@id\":\"https:\\\/\\\/www.cambe.pr.gov.br\\\/#\\\/schema\\\/logo\\\/image\\\/\"},\"sameAs\":[\"https:\\\/\\\/m.facebook.com\\\/prefeituradecambe\"]},{\"@type\":\"Person\",\"@id\":\"https:\\\/\\\/www.cambe.pr.gov.br\\\/#\\\/schema\\\/person\\\/e08f7c43a641b2ec036e4e867ec483e4\",\"name\":\"Thiago Mossini Balbino dos Santos\",\"image\":{\"@type\":\"ImageObject\",\"inLanguage\":\"pt-BR\",\"@id\":\"https:\\\/\\\/secure.gravatar.com\\\/avatar\\\/d957ed4e1bc3ebf5769d1003f9709cd2012ebf424eb4a5d76a933fee30e874b6?s=96&d=mm&r=g\",\"url\":\"https:\\\/\\\/secure.gravatar.com\\\/avatar\\\/d957ed4e1bc3ebf5769d1003f9709cd2012ebf424eb4a5d76a933fee30e874b6?s=96&d=mm&r=g\",\"contentUrl\":\"https:\\\/\\\/secure.gravatar.com\\\/avatar\\\/d957ed4e1bc3ebf5769d1003f9709cd2012ebf424eb4a5d76a933fee30e874b6?s=96&d=mm&r=g\",\"caption\":\"Thiago Mossini Balbino dos Santos\"},\"url\":\"https:\\\/\\\/www.cambe.pr.gov.br\\\/index.php\\\/author\\\/tmbsantos\\\/\"}]}<\/script>\n<!-- \/ Yoast SEO plugin. -->","yoast_head_json":{"title":"Prefeitura n\u00e3o exigir\u00e1 mais autentica\u00e7\u00e3o de laudos m\u00e9dicos para emiss\u00e3o de carteira de identifica\u00e7\u00e3o de autistas - Prefeitura de Camb\u00e9","robots":{"index":"index","follow":"follow","max-snippet":"max-snippet:-1","max-image-preview":"max-image-preview:large","max-video-preview":"max-video-preview:-1"},"canonical":"https:\/\/www.cambe.pr.gov.br\/index.php\/prefeitura-nao-exigira-mais-autenticacao-de-laudos-medicos-para-emissao-de-carteira-de-identificacao-de-autistas\/","og_locale":"pt_BR","og_type":"article","og_title":"Prefeitura n\u00e3o exigir\u00e1 mais autentica\u00e7\u00e3o de laudos m\u00e9dicos para emiss\u00e3o de carteira de identifica\u00e7\u00e3o de autistas - Prefeitura de Camb\u00e9","og_description":"A Prefeitura de Camb\u00e9 determinou na segunda-feira (29\/06) que a autentica\u00e7\u00e3o em cart\u00f3rio do laudo m\u00e9dico para a emiss\u00e3o de carteira de identifica\u00e7\u00e3o de autistas n\u00e3o \u00e9 mais necess\u00e1ria. Com isso, a Prefeitura arcar\u00e1 com &nbsp;os custos do processo. Al\u00e9m disso, foi disponibilizado o requerimento para a carteira de identifica\u00e7\u00e3o no site da Prefeitura no [&hellip;]","og_url":"https:\/\/www.cambe.pr.gov.br\/index.php\/prefeitura-nao-exigira-mais-autenticacao-de-laudos-medicos-para-emissao-de-carteira-de-identificacao-de-autistas\/","og_site_name":"Prefeitura de Camb\u00e9","article_publisher":"https:\/\/m.facebook.com\/prefeituradecambe","article_published_time":"2022-06-30T17:02:26+00:00","article_modified_time":"2024-10-07T16:00:58+00:00","og_image":[{"url":"http:\/\/www.cambe.pr.gov.br\/wp-content\/uploads\/2022\/06\/WhatsApp-Image-2022-06-30-at-14.01.50-1024x682.jpeg","type":"","width":"","height":""}],"author":"Thiago Mossini Balbino dos Santos","twitter_card":"summary_large_image","twitter_misc":{"Escrito por":"Thiago Mossini Balbino dos Santos","Est. tempo de leitura":"2 minutos"},"schema":{"@context":"https:\/\/schema.org","@graph":[{"@type":"Article","@id":"https:\/\/www.cambe.pr.gov.br\/index.php\/prefeitura-nao-exigira-mais-autenticacao-de-laudos-medicos-para-emissao-de-carteira-de-identificacao-de-autistas\/#article","isPartOf":{"@id":"https:\/\/www.cambe.pr.gov.br\/index.php\/prefeitura-nao-exigira-mais-autenticacao-de-laudos-medicos-para-emissao-de-carteira-de-identificacao-de-autistas\/"},"author":{"name":"Thiago Mossini Balbino dos Santos","@id":"https:\/\/www.cambe.pr.gov.br\/#\/schema\/person\/e08f7c43a641b2ec036e4e867ec483e4"},"headline":"Prefeitura n\u00e3o exigir\u00e1 mais autentica\u00e7\u00e3o de laudos m\u00e9dicos para emiss\u00e3o de carteira de identifica\u00e7\u00e3o de autistas","datePublished":"2022-06-30T17:02:26+00:00","dateModified":"2024-10-07T16:00:58+00:00","mainEntityOfPage":{"@id":"https:\/\/www.cambe.pr.gov.br\/index.php\/prefeitura-nao-exigira-mais-autenticacao-de-laudos-medicos-para-emissao-de-carteira-de-identificacao-de-autistas\/"},"wordCount":327,"publisher":{"@id":"https:\/\/www.cambe.pr.gov.br\/#organization"},"image":{"@id":"https:\/\/www.cambe.pr.gov.br\/index.php\/prefeitura-nao-exigira-mais-autenticacao-de-laudos-medicos-para-emissao-de-carteira-de-identificacao-de-autistas\/#primaryimage"},"thumbnailUrl":"http:\/\/www.cambe.pr.gov.br\/wp-content\/uploads\/2022\/06\/WhatsApp-Image-2022-06-30-at-14.01.50-1024x682.jpeg","articleSection":["Principal"],"inLanguage":"pt-BR"},{"@type":"WebPage","@id":"https:\/\/www.cambe.pr.gov.br\/index.php\/prefeitura-nao-exigira-mais-autenticacao-de-laudos-medicos-para-emissao-de-carteira-de-identificacao-de-autistas\/","url":"https:\/\/www.cambe.pr.gov.br\/index.php\/prefeitura-nao-exigira-mais-autenticacao-de-laudos-medicos-para-emissao-de-carteira-de-identificacao-de-autistas\/","name":"Prefeitura n\u00e3o exigir\u00e1 mais autentica\u00e7\u00e3o de laudos m\u00e9dicos para emiss\u00e3o de carteira de identifica\u00e7\u00e3o de autistas - Prefeitura de Camb\u00e9","isPartOf":{"@id":"https:\/\/www.cambe.pr.gov.br\/#website"},"primaryImageOfPage":{"@id":"https:\/\/www.cambe.pr.gov.br\/index.php\/prefeitura-nao-exigira-mais-autenticacao-de-laudos-medicos-para-emissao-de-carteira-de-identificacao-de-autistas\/#primaryimage"},"image":{"@id":"https:\/\/www.cambe.pr.gov.br\/index.php\/prefeitura-nao-exigira-mais-autenticacao-de-laudos-medicos-para-emissao-de-carteira-de-identificacao-de-autistas\/#primaryimage"},"thumbnailUrl":"http:\/\/www.cambe.pr.gov.br\/wp-content\/uploads\/2022\/06\/WhatsApp-Image-2022-06-30-at-14.01.50-1024x682.jpeg","datePublished":"2022-06-30T17:02:26+00:00","dateModified":"2024-10-07T16:00:58+00:00","breadcrumb":{"@id":"https:\/\/www.cambe.pr.gov.br\/index.php\/prefeitura-nao-exigira-mais-autenticacao-de-laudos-medicos-para-emissao-de-carteira-de-identificacao-de-autistas\/#breadcrumb"},"inLanguage":"pt-BR","potentialAction":[{"@type":"ReadAction","target":["https:\/\/www.cambe.pr.gov.br\/index.php\/prefeitura-nao-exigira-mais-autenticacao-de-laudos-medicos-para-emissao-de-carteira-de-identificacao-de-autistas\/"]}]},{"@type":"ImageObject","inLanguage":"pt-BR","@id":"https:\/\/www.cambe.pr.gov.br\/index.php\/prefeitura-nao-exigira-mais-autenticacao-de-laudos-medicos-para-emissao-de-carteira-de-identificacao-de-autistas\/#primaryimage","url":"http:\/\/www.cambe.pr.gov.br\/wp-content\/uploads\/2022\/06\/WhatsApp-Image-2022-06-30-at-14.01.50-1024x682.jpeg","contentUrl":"http:\/\/www.cambe.pr.gov.br\/wp-content\/uploads\/2022\/06\/WhatsApp-Image-2022-06-30-at-14.01.50-1024x682.jpeg"},{"@type":"BreadcrumbList","@id":"https:\/\/www.cambe.pr.gov.br\/index.php\/prefeitura-nao-exigira-mais-autenticacao-de-laudos-medicos-para-emissao-de-carteira-de-identificacao-de-autistas\/#breadcrumb","itemListElement":[{"@type":"ListItem","position":1,"name":"In\u00edcio","item":"https:\/\/www.cambe.pr.gov.br\/"},{"@type":"ListItem","position":2,"name":"Prefeitura n\u00e3o exigir\u00e1 mais autentica\u00e7\u00e3o de laudos m\u00e9dicos para emiss\u00e3o de carteira de identifica\u00e7\u00e3o de autistas"}]},{"@type":"WebSite","@id":"https:\/\/www.cambe.pr.gov.br\/#website","url":"https:\/\/www.cambe.pr.gov.br\/","name":"Prefeitura de Camb\u00e9","description":"UM GOVERNO PARA TODOS","publisher":{"@id":"https:\/\/www.cambe.pr.gov.br\/#organization"},"potentialAction":[{"@type":"SearchAction","target":{"@type":"EntryPoint","urlTemplate":"https:\/\/www.cambe.pr.gov.br\/?s={search_term_string}"},"query-input":{"@type":"PropertyValueSpecification","valueRequired":true,"valueName":"search_term_string"}}],"inLanguage":"pt-BR"},{"@type":"Organization","@id":"https:\/\/www.cambe.pr.gov.br\/#organization","name":"Prefeitura de Camb\u00e9","url":"https:\/\/www.cambe.pr.gov.br\/","logo":{"@type":"ImageObject","inLanguage":"pt-BR","@id":"https:\/\/www.cambe.pr.gov.br\/#\/schema\/logo\/image\/","url":"https:\/\/www.cambe.pr.gov.br\/wp-content\/uploads\/2021\/01\/cropped-cropped-cambe_brazao-icone.png","contentUrl":"https:\/\/www.cambe.pr.gov.br\/wp-content\/uploads\/2021\/01\/cropped-cropped-cambe_brazao-icone.png","width":240,"height":240,"caption":"Prefeitura de Camb\u00e9"},"image":{"@id":"https:\/\/www.cambe.pr.gov.br\/#\/schema\/logo\/image\/"},"sameAs":["https:\/\/m.facebook.com\/prefeituradecambe"]},{"@type":"Person","@id":"https:\/\/www.cambe.pr.gov.br\/#\/schema\/person\/e08f7c43a641b2ec036e4e867ec483e4","name":"Thiago Mossini Balbino dos Santos","image":{"@type":"ImageObject","inLanguage":"pt-BR","@id":"https:\/\/secure.gravatar.com\/avatar\/d957ed4e1bc3ebf5769d1003f9709cd2012ebf424eb4a5d76a933fee30e874b6?s=96&d=mm&r=g","url":"https:\/\/secure.gravatar.com\/avatar\/d957ed4e1bc3ebf5769d1003f9709cd2012ebf424eb4a5d76a933fee30e874b6?s=96&d=mm&r=g","contentUrl":"https:\/\/secure.gravatar.com\/avatar\/d957ed4e1bc3ebf5769d1003f9709cd2012ebf424eb4a5d76a933fee30e874b6?s=96&d=mm&r=g","caption":"Thiago Mossini Balbino dos Santos"},"url":"https:\/\/www.cambe.pr.gov.br\/index.php\/author\/tmbsantos\/"}]}},"_links":{"self":[{"href":"https:\/\/www.cambe.pr.gov.br\/index.php\/wp-json\/wp\/v2\/posts\/6525","targetHints":{"allow":["GET"]}}],"collection":[{"href":"https:\/\/www.cambe.pr.gov.br\/index.php\/wp-json\/wp\/v2\/posts"}],"about":[{"href":"https:\/\/www.cambe.pr.gov.br\/index.php\/wp-json\/wp\/v2\/types\/post"}],"author":[{"embeddable":true,"href":"https:\/\/www.cambe.pr.gov.br\/index.php\/wp-json\/wp\/v2\/users\/2"}],"replies":[{"embeddable":true,"href":"https:\/\/www.cambe.pr.gov.br\/index.php\/wp-json\/wp\/v2\/comments?post=6525"}],"version-history":[{"count":5,"href":"https:\/\/www.cambe.pr.gov.br\/index.php\/wp-json\/wp\/v2\/posts\/6525\/revisions"}],"predecessor-version":[{"id":6538,"href":"https:\/\/www.cambe.pr.gov.br\/index.php\/wp-json\/wp\/v2\/posts\/6525\/revisions\/6538"}],"wp:attachment":[{"href":"https:\/\/www.cambe.pr.gov.br\/index.php\/wp-json\/wp\/v2\/media?parent=6525"}],"wp:term":[{"taxonomy":"category","embeddable":true,"href":"https:\/\/www.cambe.pr.gov.br\/index.php\/wp-json\/wp\/v2\/categories?post=6525"},{"taxonomy":"post_tag","embeddable":true,"href":"https:\/\/www.cambe.pr.gov.br\/index.php\/wp-json\/wp\/v2\/tags?post=6525"}],"curies":[{"name":"wp","href":"https:\/\/api.w.org\/{rel}","templated":true}]}}