{"id":5955,"date":"2022-05-17T20:28:53","date_gmt":"2022-05-17T23:28:53","guid":{"rendered":"http:\/\/www.cambe.pr.gov.br\/?p=5955"},"modified":"2024-10-07T13:00:56","modified_gmt":"2024-10-07T16:00:56","slug":"prefeitura-de-cambe-planeja-acao-de-acolhimento-as-pessoas-em-situacao-de-rua-no-inverno","status":"publish","type":"post","link":"https:\/\/www.cambe.pr.gov.br\/index.php\/prefeitura-de-cambe-planeja-acao-de-acolhimento-as-pessoas-em-situacao-de-rua-no-inverno\/","title":{"rendered":"Prefeitura de Camb\u00e9 inicia a\u00e7\u00e3o de acolhimento \u00e0s pessoas em situa\u00e7\u00e3o de rua no inverno"},"content":{"rendered":"<p style=\"text-align: justify;\"><span style=\"font-family: arial, helvetica, sans-serif;\"><img fetchpriority=\"high\" decoding=\"async\" class=\"size-large wp-image-5970 alignleft\" src=\"https:\/\/www.cambe.pr.gov.br\/wp-content\/uploads\/2022\/05\/WhatsApp-Image-2022-05-17-at-21.12.00-e1652833142440-1024x684.jpeg\" alt=\"\" width=\"610\" height=\"407\" srcset=\"https:\/\/www.cambe.pr.gov.br\/wp-content\/uploads\/2022\/05\/WhatsApp-Image-2022-05-17-at-21.12.00-e1652833142440-1024x684.jpeg 1024w, https:\/\/www.cambe.pr.gov.br\/wp-content\/uploads\/2022\/05\/WhatsApp-Image-2022-05-17-at-21.12.00-e1652833142440-300x200.jpeg 300w, https:\/\/www.cambe.pr.gov.br\/wp-content\/uploads\/2022\/05\/WhatsApp-Image-2022-05-17-at-21.12.00-e1652833142440-768x513.jpeg 768w, https:\/\/www.cambe.pr.gov.br\/wp-content\/uploads\/2022\/05\/WhatsApp-Image-2022-05-17-at-21.12.00-e1652833142440-1536x1025.jpeg 1536w, https:\/\/www.cambe.pr.gov.br\/wp-content\/uploads\/2022\/05\/WhatsApp-Image-2022-05-17-at-21.12.00-e1652833142440.jpeg 1600w\" sizes=\"(max-width: 610px) 100vw, 610px\" \/>A Prefeitura de Camb\u00e9, por meio da Secretaria Municipal de Assist\u00eancia Social e Cidadania, ir\u00e1 somar esfor\u00e7os com o Abrigo Padre Manoel Coelho de Souza para melhor acolher as pessoas em situa\u00e7\u00e3o de rua durante o per\u00edodo de grande frio em Camb\u00e9. A equipe da entidade, que \u00e9 conveniada ao munic\u00edpio, ir\u00e1 intensificar a abordagem social para oferecer abrigo na Casa de Passagem, local que oferece perman\u00eancia provis\u00f3ria. As abordagens j\u00e1 come\u00e7aram na noite desta ter\u00e7a-feira (17).&nbsp;<\/span><\/p>\n<p style=\"text-align: justify;\"><span style=\"font-family: arial, helvetica, sans-serif;\">A previs\u00e3o do Sistema de Tecnologia e Monitoramento Ambiental do Paran\u00e1 (Simepar) \u00e9 de que as temperaturas mais baixas despenquem at\u00e9 os 2\u00baC nesta quarta-feira (18) em Camb\u00e9. As m\u00ednimas n\u00e3o devem superar os 10\u00baC at\u00e9 o domingo (22).<\/span><\/p>\n<p style=\"text-align: justify;\"><span style=\"font-family: arial, helvetica, sans-serif;\">A Secretaria de Assist\u00eancia Social planeja uma estrat\u00e9gia emergencial que ser\u00e1 aplicada durante os dias mais frios do inverno. Uma pesquisa de locais est\u00e1 sendo feita para serem pontos de apoio e <\/span><span style=\"font-family: arial, helvetica, sans-serif;\">receber essa popula\u00e7\u00e3o e oferecer alimenta\u00e7\u00e3o, banho e espa\u00e7o para pernoitar. \u00c9 o que detalha a diretora de Prote\u00e7\u00e3o Social Especial da pasta, Fl\u00e1via Iwakura. \u201cO planejamento prev\u00ea que, atrav\u00e9s dos grupos de volunt\u00e1rios e lideran\u00e7as religiosas, sejam feitas escalas de atendimento para essas pessoas em um local \u00fanico, onde elas possam ser atendidas de maneira digna\u201d.<\/span><\/p>\n<p style=\"text-align: justify;\"><span style=\"font-family: arial, helvetica, sans-serif;\">Ainda segundo Iwakura, algumas pessoas em situa\u00e7\u00e3o de rua resistem ao convite para se abrigarem nos espa\u00e7os de acolhimento pois grupos de volunt\u00e1rios j\u00e1 entregam itens como cobertas e alimentos a elas. Por isso, a secret\u00e1ria Lucilene Diorio est\u00e1 se reunindo com lideran\u00e7as religiosas buscando sistematizar as a\u00e7\u00f5es.<\/span><\/p>\n<p>Plant\u00e3o Noite Fria<br \/>\nSecretaria de Assist\u00eancia Social: (43) 3174-0294 (WhatsApp)<br \/>\nAbrigo Padre Manoel Coelho de Souza: (43) 3254-8746<\/p>\n<p><em><span style=\"font-family: arial, helvetica, sans-serif;\">Sob supervis\u00e3o de Thiago Mossini<\/span><\/em><\/p>\n","protected":false},"excerpt":{"rendered":"<p>A Prefeitura de Camb\u00e9, por meio da Secretaria Municipal de Assist\u00eancia Social e Cidadania, ir\u00e1 somar esfor\u00e7os com o Abrigo Padre Manoel Coelho de Souza para melhor acolher as pessoas em situa\u00e7\u00e3o de rua durante o per\u00edodo de grande frio em Camb\u00e9. A equipe da entidade, que \u00e9 conveniada ao munic\u00edpio, ir\u00e1 intensificar a abordagem [&hellip;]<\/p>\n","protected":false},"author":2,"featured_media":0,"comment_status":"closed","ping_status":"open","sticky":false,"template":"","format":"standard","meta":{"ngg_post_thumbnail":0,"footnotes":""},"categories":[1],"tags":[],"class_list":["post-5955","post","type-post","status-publish","format-standard","hentry","category-principal"],"yoast_head":"<!-- This site is optimized with the Yoast SEO plugin v27.4 - https:\/\/yoast.com\/product\/yoast-seo-wordpress\/ -->\n<title>Prefeitura de Camb\u00e9 inicia a\u00e7\u00e3o de acolhimento \u00e0s pessoas em situa\u00e7\u00e3o de rua no inverno - Prefeitura de Camb\u00e9<\/title>\n<meta name=\"robots\" content=\"index, follow, max-snippet:-1, max-image-preview:large, max-video-preview:-1\" \/>\n<link rel=\"canonical\" href=\"https:\/\/www.cambe.pr.gov.br\/index.php\/prefeitura-de-cambe-planeja-acao-de-acolhimento-as-pessoas-em-situacao-de-rua-no-inverno\/\" \/>\n<meta property=\"og:locale\" content=\"pt_BR\" \/>\n<meta property=\"og:type\" content=\"article\" \/>\n<meta property=\"og:title\" content=\"Prefeitura de Camb\u00e9 inicia a\u00e7\u00e3o de acolhimento \u00e0s pessoas em situa\u00e7\u00e3o de rua no inverno - Prefeitura de Camb\u00e9\" \/>\n<meta property=\"og:description\" content=\"A Prefeitura de Camb\u00e9, por meio da Secretaria Municipal de Assist\u00eancia Social e Cidadania, ir\u00e1 somar esfor\u00e7os com o Abrigo Padre Manoel Coelho de Souza para melhor acolher as pessoas em situa\u00e7\u00e3o de rua durante o per\u00edodo de grande frio em Camb\u00e9. A equipe da entidade, que \u00e9 conveniada ao munic\u00edpio, ir\u00e1 intensificar a abordagem [&hellip;]\" \/>\n<meta property=\"og:url\" content=\"https:\/\/www.cambe.pr.gov.br\/index.php\/prefeitura-de-cambe-planeja-acao-de-acolhimento-as-pessoas-em-situacao-de-rua-no-inverno\/\" \/>\n<meta property=\"og:site_name\" content=\"Prefeitura de Camb\u00e9\" \/>\n<meta property=\"article:publisher\" content=\"https:\/\/m.facebook.com\/prefeituradecambe\" \/>\n<meta property=\"article:published_time\" content=\"2022-05-17T23:28:53+00:00\" \/>\n<meta property=\"article:modified_time\" content=\"2024-10-07T16:00:56+00:00\" \/>\n<meta property=\"og:image\" content=\"http:\/\/www.cambe.pr.gov.br\/wp-content\/uploads\/2022\/05\/WhatsApp-Image-2022-05-17-at-21.12.00-e1652833142440-1024x684.jpeg\" \/>\n<meta name=\"author\" content=\"Thiago Mossini Balbino dos Santos\" \/>\n<meta name=\"twitter:card\" content=\"summary_large_image\" \/>\n<meta name=\"twitter:label1\" content=\"Escrito por\" \/>\n\t<meta name=\"twitter:data1\" content=\"Thiago Mossini Balbino dos Santos\" \/>\n\t<meta name=\"twitter:label2\" content=\"Est. tempo de leitura\" \/>\n\t<meta name=\"twitter:data2\" content=\"2 minutos\" \/>\n<script type=\"application\/ld+json\" class=\"yoast-schema-graph\">{\"@context\":\"https:\\\/\\\/schema.org\",\"@graph\":[{\"@type\":\"Article\",\"@id\":\"https:\\\/\\\/www.cambe.pr.gov.br\\\/index.php\\\/prefeitura-de-cambe-planeja-acao-de-acolhimento-as-pessoas-em-situacao-de-rua-no-inverno\\\/#article\",\"isPartOf\":{\"@id\":\"https:\\\/\\\/www.cambe.pr.gov.br\\\/index.php\\\/prefeitura-de-cambe-planeja-acao-de-acolhimento-as-pessoas-em-situacao-de-rua-no-inverno\\\/\"},\"author\":{\"name\":\"Thiago Mossini Balbino dos Santos\",\"@id\":\"https:\\\/\\\/www.cambe.pr.gov.br\\\/#\\\/schema\\\/person\\\/e08f7c43a641b2ec036e4e867ec483e4\"},\"headline\":\"Prefeitura de Camb\u00e9 inicia a\u00e7\u00e3o de acolhimento \u00e0s pessoas em situa\u00e7\u00e3o de rua no inverno\",\"datePublished\":\"2022-05-17T23:28:53+00:00\",\"dateModified\":\"2024-10-07T16:00:56+00:00\",\"mainEntityOfPage\":{\"@id\":\"https:\\\/\\\/www.cambe.pr.gov.br\\\/index.php\\\/prefeitura-de-cambe-planeja-acao-de-acolhimento-as-pessoas-em-situacao-de-rua-no-inverno\\\/\"},\"wordCount\":317,\"publisher\":{\"@id\":\"https:\\\/\\\/www.cambe.pr.gov.br\\\/#organization\"},\"image\":{\"@id\":\"https:\\\/\\\/www.cambe.pr.gov.br\\\/index.php\\\/prefeitura-de-cambe-planeja-acao-de-acolhimento-as-pessoas-em-situacao-de-rua-no-inverno\\\/#primaryimage\"},\"thumbnailUrl\":\"http:\\\/\\\/www.cambe.pr.gov.br\\\/wp-content\\\/uploads\\\/2022\\\/05\\\/WhatsApp-Image-2022-05-17-at-21.12.00-e1652833142440-1024x684.jpeg\",\"articleSection\":[\"Principal\"],\"inLanguage\":\"pt-BR\"},{\"@type\":\"WebPage\",\"@id\":\"https:\\\/\\\/www.cambe.pr.gov.br\\\/index.php\\\/prefeitura-de-cambe-planeja-acao-de-acolhimento-as-pessoas-em-situacao-de-rua-no-inverno\\\/\",\"url\":\"https:\\\/\\\/www.cambe.pr.gov.br\\\/index.php\\\/prefeitura-de-cambe-planeja-acao-de-acolhimento-as-pessoas-em-situacao-de-rua-no-inverno\\\/\",\"name\":\"Prefeitura de Camb\u00e9 inicia a\u00e7\u00e3o de acolhimento \u00e0s pessoas em situa\u00e7\u00e3o de rua no inverno - Prefeitura de Camb\u00e9\",\"isPartOf\":{\"@id\":\"https:\\\/\\\/www.cambe.pr.gov.br\\\/#website\"},\"primaryImageOfPage\":{\"@id\":\"https:\\\/\\\/www.cambe.pr.gov.br\\\/index.php\\\/prefeitura-de-cambe-planeja-acao-de-acolhimento-as-pessoas-em-situacao-de-rua-no-inverno\\\/#primaryimage\"},\"image\":{\"@id\":\"https:\\\/\\\/www.cambe.pr.gov.br\\\/index.php\\\/prefeitura-de-cambe-planeja-acao-de-acolhimento-as-pessoas-em-situacao-de-rua-no-inverno\\\/#primaryimage\"},\"thumbnailUrl\":\"http:\\\/\\\/www.cambe.pr.gov.br\\\/wp-content\\\/uploads\\\/2022\\\/05\\\/WhatsApp-Image-2022-05-17-at-21.12.00-e1652833142440-1024x684.jpeg\",\"datePublished\":\"2022-05-17T23:28:53+00:00\",\"dateModified\":\"2024-10-07T16:00:56+00:00\",\"breadcrumb\":{\"@id\":\"https:\\\/\\\/www.cambe.pr.gov.br\\\/index.php\\\/prefeitura-de-cambe-planeja-acao-de-acolhimento-as-pessoas-em-situacao-de-rua-no-inverno\\\/#breadcrumb\"},\"inLanguage\":\"pt-BR\",\"potentialAction\":[{\"@type\":\"ReadAction\",\"target\":[\"https:\\\/\\\/www.cambe.pr.gov.br\\\/index.php\\\/prefeitura-de-cambe-planeja-acao-de-acolhimento-as-pessoas-em-situacao-de-rua-no-inverno\\\/\"]}]},{\"@type\":\"ImageObject\",\"inLanguage\":\"pt-BR\",\"@id\":\"https:\\\/\\\/www.cambe.pr.gov.br\\\/index.php\\\/prefeitura-de-cambe-planeja-acao-de-acolhimento-as-pessoas-em-situacao-de-rua-no-inverno\\\/#primaryimage\",\"url\":\"http:\\\/\\\/www.cambe.pr.gov.br\\\/wp-content\\\/uploads\\\/2022\\\/05\\\/WhatsApp-Image-2022-05-17-at-21.12.00-e1652833142440-1024x684.jpeg\",\"contentUrl\":\"http:\\\/\\\/www.cambe.pr.gov.br\\\/wp-content\\\/uploads\\\/2022\\\/05\\\/WhatsApp-Image-2022-05-17-at-21.12.00-e1652833142440-1024x684.jpeg\"},{\"@type\":\"BreadcrumbList\",\"@id\":\"https:\\\/\\\/www.cambe.pr.gov.br\\\/index.php\\\/prefeitura-de-cambe-planeja-acao-de-acolhimento-as-pessoas-em-situacao-de-rua-no-inverno\\\/#breadcrumb\",\"itemListElement\":[{\"@type\":\"ListItem\",\"position\":1,\"name\":\"In\u00edcio\",\"item\":\"https:\\\/\\\/www.cambe.pr.gov.br\\\/\"},{\"@type\":\"ListItem\",\"position\":2,\"name\":\"Prefeitura de Camb\u00e9 inicia a\u00e7\u00e3o de acolhimento \u00e0s pessoas em situa\u00e7\u00e3o de rua no inverno\"}]},{\"@type\":\"WebSite\",\"@id\":\"https:\\\/\\\/www.cambe.pr.gov.br\\\/#website\",\"url\":\"https:\\\/\\\/www.cambe.pr.gov.br\\\/\",\"name\":\"Prefeitura de Camb\u00e9\",\"description\":\"UM GOVERNO PARA TODOS\",\"publisher\":{\"@id\":\"https:\\\/\\\/www.cambe.pr.gov.br\\\/#organization\"},\"potentialAction\":[{\"@type\":\"SearchAction\",\"target\":{\"@type\":\"EntryPoint\",\"urlTemplate\":\"https:\\\/\\\/www.cambe.pr.gov.br\\\/?s={search_term_string}\"},\"query-input\":{\"@type\":\"PropertyValueSpecification\",\"valueRequired\":true,\"valueName\":\"search_term_string\"}}],\"inLanguage\":\"pt-BR\"},{\"@type\":\"Organization\",\"@id\":\"https:\\\/\\\/www.cambe.pr.gov.br\\\/#organization\",\"name\":\"Prefeitura de Camb\u00e9\",\"url\":\"https:\\\/\\\/www.cambe.pr.gov.br\\\/\",\"logo\":{\"@type\":\"ImageObject\",\"inLanguage\":\"pt-BR\",\"@id\":\"https:\\\/\\\/www.cambe.pr.gov.br\\\/#\\\/schema\\\/logo\\\/image\\\/\",\"url\":\"https:\\\/\\\/www.cambe.pr.gov.br\\\/wp-content\\\/uploads\\\/2021\\\/01\\\/cropped-cropped-cambe_brazao-icone.png\",\"contentUrl\":\"https:\\\/\\\/www.cambe.pr.gov.br\\\/wp-content\\\/uploads\\\/2021\\\/01\\\/cropped-cropped-cambe_brazao-icone.png\",\"width\":240,\"height\":240,\"caption\":\"Prefeitura de Camb\u00e9\"},\"image\":{\"@id\":\"https:\\\/\\\/www.cambe.pr.gov.br\\\/#\\\/schema\\\/logo\\\/image\\\/\"},\"sameAs\":[\"https:\\\/\\\/m.facebook.com\\\/prefeituradecambe\"]},{\"@type\":\"Person\",\"@id\":\"https:\\\/\\\/www.cambe.pr.gov.br\\\/#\\\/schema\\\/person\\\/e08f7c43a641b2ec036e4e867ec483e4\",\"name\":\"Thiago Mossini Balbino dos Santos\",\"image\":{\"@type\":\"ImageObject\",\"inLanguage\":\"pt-BR\",\"@id\":\"https:\\\/\\\/secure.gravatar.com\\\/avatar\\\/d957ed4e1bc3ebf5769d1003f9709cd2012ebf424eb4a5d76a933fee30e874b6?s=96&d=mm&r=g\",\"url\":\"https:\\\/\\\/secure.gravatar.com\\\/avatar\\\/d957ed4e1bc3ebf5769d1003f9709cd2012ebf424eb4a5d76a933fee30e874b6?s=96&d=mm&r=g\",\"contentUrl\":\"https:\\\/\\\/secure.gravatar.com\\\/avatar\\\/d957ed4e1bc3ebf5769d1003f9709cd2012ebf424eb4a5d76a933fee30e874b6?s=96&d=mm&r=g\",\"caption\":\"Thiago Mossini Balbino dos Santos\"},\"url\":\"https:\\\/\\\/www.cambe.pr.gov.br\\\/index.php\\\/author\\\/tmbsantos\\\/\"}]}<\/script>\n<!-- \/ Yoast SEO plugin. -->","yoast_head_json":{"title":"Prefeitura de Camb\u00e9 inicia a\u00e7\u00e3o de acolhimento \u00e0s pessoas em situa\u00e7\u00e3o de rua no inverno - Prefeitura de Camb\u00e9","robots":{"index":"index","follow":"follow","max-snippet":"max-snippet:-1","max-image-preview":"max-image-preview:large","max-video-preview":"max-video-preview:-1"},"canonical":"https:\/\/www.cambe.pr.gov.br\/index.php\/prefeitura-de-cambe-planeja-acao-de-acolhimento-as-pessoas-em-situacao-de-rua-no-inverno\/","og_locale":"pt_BR","og_type":"article","og_title":"Prefeitura de Camb\u00e9 inicia a\u00e7\u00e3o de acolhimento \u00e0s pessoas em situa\u00e7\u00e3o de rua no inverno - Prefeitura de Camb\u00e9","og_description":"A Prefeitura de Camb\u00e9, por meio da Secretaria Municipal de Assist\u00eancia Social e Cidadania, ir\u00e1 somar esfor\u00e7os com o Abrigo Padre Manoel Coelho de Souza para melhor acolher as pessoas em situa\u00e7\u00e3o de rua durante o per\u00edodo de grande frio em Camb\u00e9. A equipe da entidade, que \u00e9 conveniada ao munic\u00edpio, ir\u00e1 intensificar a abordagem [&hellip;]","og_url":"https:\/\/www.cambe.pr.gov.br\/index.php\/prefeitura-de-cambe-planeja-acao-de-acolhimento-as-pessoas-em-situacao-de-rua-no-inverno\/","og_site_name":"Prefeitura de Camb\u00e9","article_publisher":"https:\/\/m.facebook.com\/prefeituradecambe","article_published_time":"2022-05-17T23:28:53+00:00","article_modified_time":"2024-10-07T16:00:56+00:00","og_image":[{"url":"http:\/\/www.cambe.pr.gov.br\/wp-content\/uploads\/2022\/05\/WhatsApp-Image-2022-05-17-at-21.12.00-e1652833142440-1024x684.jpeg","type":"","width":"","height":""}],"author":"Thiago Mossini Balbino dos Santos","twitter_card":"summary_large_image","twitter_misc":{"Escrito por":"Thiago Mossini Balbino dos Santos","Est. tempo de leitura":"2 minutos"},"schema":{"@context":"https:\/\/schema.org","@graph":[{"@type":"Article","@id":"https:\/\/www.cambe.pr.gov.br\/index.php\/prefeitura-de-cambe-planeja-acao-de-acolhimento-as-pessoas-em-situacao-de-rua-no-inverno\/#article","isPartOf":{"@id":"https:\/\/www.cambe.pr.gov.br\/index.php\/prefeitura-de-cambe-planeja-acao-de-acolhimento-as-pessoas-em-situacao-de-rua-no-inverno\/"},"author":{"name":"Thiago Mossini Balbino dos Santos","@id":"https:\/\/www.cambe.pr.gov.br\/#\/schema\/person\/e08f7c43a641b2ec036e4e867ec483e4"},"headline":"Prefeitura de Camb\u00e9 inicia a\u00e7\u00e3o de acolhimento \u00e0s pessoas em situa\u00e7\u00e3o de rua no inverno","datePublished":"2022-05-17T23:28:53+00:00","dateModified":"2024-10-07T16:00:56+00:00","mainEntityOfPage":{"@id":"https:\/\/www.cambe.pr.gov.br\/index.php\/prefeitura-de-cambe-planeja-acao-de-acolhimento-as-pessoas-em-situacao-de-rua-no-inverno\/"},"wordCount":317,"publisher":{"@id":"https:\/\/www.cambe.pr.gov.br\/#organization"},"image":{"@id":"https:\/\/www.cambe.pr.gov.br\/index.php\/prefeitura-de-cambe-planeja-acao-de-acolhimento-as-pessoas-em-situacao-de-rua-no-inverno\/#primaryimage"},"thumbnailUrl":"http:\/\/www.cambe.pr.gov.br\/wp-content\/uploads\/2022\/05\/WhatsApp-Image-2022-05-17-at-21.12.00-e1652833142440-1024x684.jpeg","articleSection":["Principal"],"inLanguage":"pt-BR"},{"@type":"WebPage","@id":"https:\/\/www.cambe.pr.gov.br\/index.php\/prefeitura-de-cambe-planeja-acao-de-acolhimento-as-pessoas-em-situacao-de-rua-no-inverno\/","url":"https:\/\/www.cambe.pr.gov.br\/index.php\/prefeitura-de-cambe-planeja-acao-de-acolhimento-as-pessoas-em-situacao-de-rua-no-inverno\/","name":"Prefeitura de Camb\u00e9 inicia a\u00e7\u00e3o de acolhimento \u00e0s pessoas em situa\u00e7\u00e3o de rua no inverno - Prefeitura de Camb\u00e9","isPartOf":{"@id":"https:\/\/www.cambe.pr.gov.br\/#website"},"primaryImageOfPage":{"@id":"https:\/\/www.cambe.pr.gov.br\/index.php\/prefeitura-de-cambe-planeja-acao-de-acolhimento-as-pessoas-em-situacao-de-rua-no-inverno\/#primaryimage"},"image":{"@id":"https:\/\/www.cambe.pr.gov.br\/index.php\/prefeitura-de-cambe-planeja-acao-de-acolhimento-as-pessoas-em-situacao-de-rua-no-inverno\/#primaryimage"},"thumbnailUrl":"http:\/\/www.cambe.pr.gov.br\/wp-content\/uploads\/2022\/05\/WhatsApp-Image-2022-05-17-at-21.12.00-e1652833142440-1024x684.jpeg","datePublished":"2022-05-17T23:28:53+00:00","dateModified":"2024-10-07T16:00:56+00:00","breadcrumb":{"@id":"https:\/\/www.cambe.pr.gov.br\/index.php\/prefeitura-de-cambe-planeja-acao-de-acolhimento-as-pessoas-em-situacao-de-rua-no-inverno\/#breadcrumb"},"inLanguage":"pt-BR","potentialAction":[{"@type":"ReadAction","target":["https:\/\/www.cambe.pr.gov.br\/index.php\/prefeitura-de-cambe-planeja-acao-de-acolhimento-as-pessoas-em-situacao-de-rua-no-inverno\/"]}]},{"@type":"ImageObject","inLanguage":"pt-BR","@id":"https:\/\/www.cambe.pr.gov.br\/index.php\/prefeitura-de-cambe-planeja-acao-de-acolhimento-as-pessoas-em-situacao-de-rua-no-inverno\/#primaryimage","url":"http:\/\/www.cambe.pr.gov.br\/wp-content\/uploads\/2022\/05\/WhatsApp-Image-2022-05-17-at-21.12.00-e1652833142440-1024x684.jpeg","contentUrl":"http:\/\/www.cambe.pr.gov.br\/wp-content\/uploads\/2022\/05\/WhatsApp-Image-2022-05-17-at-21.12.00-e1652833142440-1024x684.jpeg"},{"@type":"BreadcrumbList","@id":"https:\/\/www.cambe.pr.gov.br\/index.php\/prefeitura-de-cambe-planeja-acao-de-acolhimento-as-pessoas-em-situacao-de-rua-no-inverno\/#breadcrumb","itemListElement":[{"@type":"ListItem","position":1,"name":"In\u00edcio","item":"https:\/\/www.cambe.pr.gov.br\/"},{"@type":"ListItem","position":2,"name":"Prefeitura de Camb\u00e9 inicia a\u00e7\u00e3o de acolhimento \u00e0s pessoas em situa\u00e7\u00e3o de rua no inverno"}]},{"@type":"WebSite","@id":"https:\/\/www.cambe.pr.gov.br\/#website","url":"https:\/\/www.cambe.pr.gov.br\/","name":"Prefeitura de Camb\u00e9","description":"UM GOVERNO PARA TODOS","publisher":{"@id":"https:\/\/www.cambe.pr.gov.br\/#organization"},"potentialAction":[{"@type":"SearchAction","target":{"@type":"EntryPoint","urlTemplate":"https:\/\/www.cambe.pr.gov.br\/?s={search_term_string}"},"query-input":{"@type":"PropertyValueSpecification","valueRequired":true,"valueName":"search_term_string"}}],"inLanguage":"pt-BR"},{"@type":"Organization","@id":"https:\/\/www.cambe.pr.gov.br\/#organization","name":"Prefeitura de Camb\u00e9","url":"https:\/\/www.cambe.pr.gov.br\/","logo":{"@type":"ImageObject","inLanguage":"pt-BR","@id":"https:\/\/www.cambe.pr.gov.br\/#\/schema\/logo\/image\/","url":"https:\/\/www.cambe.pr.gov.br\/wp-content\/uploads\/2021\/01\/cropped-cropped-cambe_brazao-icone.png","contentUrl":"https:\/\/www.cambe.pr.gov.br\/wp-content\/uploads\/2021\/01\/cropped-cropped-cambe_brazao-icone.png","width":240,"height":240,"caption":"Prefeitura de Camb\u00e9"},"image":{"@id":"https:\/\/www.cambe.pr.gov.br\/#\/schema\/logo\/image\/"},"sameAs":["https:\/\/m.facebook.com\/prefeituradecambe"]},{"@type":"Person","@id":"https:\/\/www.cambe.pr.gov.br\/#\/schema\/person\/e08f7c43a641b2ec036e4e867ec483e4","name":"Thiago Mossini Balbino dos Santos","image":{"@type":"ImageObject","inLanguage":"pt-BR","@id":"https:\/\/secure.gravatar.com\/avatar\/d957ed4e1bc3ebf5769d1003f9709cd2012ebf424eb4a5d76a933fee30e874b6?s=96&d=mm&r=g","url":"https:\/\/secure.gravatar.com\/avatar\/d957ed4e1bc3ebf5769d1003f9709cd2012ebf424eb4a5d76a933fee30e874b6?s=96&d=mm&r=g","contentUrl":"https:\/\/secure.gravatar.com\/avatar\/d957ed4e1bc3ebf5769d1003f9709cd2012ebf424eb4a5d76a933fee30e874b6?s=96&d=mm&r=g","caption":"Thiago Mossini Balbino dos Santos"},"url":"https:\/\/www.cambe.pr.gov.br\/index.php\/author\/tmbsantos\/"}]}},"_links":{"self":[{"href":"https:\/\/www.cambe.pr.gov.br\/index.php\/wp-json\/wp\/v2\/posts\/5955","targetHints":{"allow":["GET"]}}],"collection":[{"href":"https:\/\/www.cambe.pr.gov.br\/index.php\/wp-json\/wp\/v2\/posts"}],"about":[{"href":"https:\/\/www.cambe.pr.gov.br\/index.php\/wp-json\/wp\/v2\/types\/post"}],"author":[{"embeddable":true,"href":"https:\/\/www.cambe.pr.gov.br\/index.php\/wp-json\/wp\/v2\/users\/2"}],"replies":[{"embeddable":true,"href":"https:\/\/www.cambe.pr.gov.br\/index.php\/wp-json\/wp\/v2\/comments?post=5955"}],"version-history":[{"count":9,"href":"https:\/\/www.cambe.pr.gov.br\/index.php\/wp-json\/wp\/v2\/posts\/5955\/revisions"}],"predecessor-version":[{"id":6011,"href":"https:\/\/www.cambe.pr.gov.br\/index.php\/wp-json\/wp\/v2\/posts\/5955\/revisions\/6011"}],"wp:attachment":[{"href":"https:\/\/www.cambe.pr.gov.br\/index.php\/wp-json\/wp\/v2\/media?parent=5955"}],"wp:term":[{"taxonomy":"category","embeddable":true,"href":"https:\/\/www.cambe.pr.gov.br\/index.php\/wp-json\/wp\/v2\/categories?post=5955"},{"taxonomy":"post_tag","embeddable":true,"href":"https:\/\/www.cambe.pr.gov.br\/index.php\/wp-json\/wp\/v2\/tags?post=5955"}],"curies":[{"name":"wp","href":"https:\/\/api.w.org\/{rel}","templated":true}]}}