{"id":5935,"date":"2022-05-17T13:27:12","date_gmt":"2022-05-17T16:27:12","guid":{"rendered":"http:\/\/www.cambe.pr.gov.br\/?p=5935"},"modified":"2024-10-07T13:00:56","modified_gmt":"2024-10-07T16:00:56","slug":"cambe-e-campeao-geral-no-torneio-regional-de-judo","status":"publish","type":"post","link":"https:\/\/www.cambe.pr.gov.br\/index.php\/cambe-e-campeao-geral-no-torneio-regional-de-judo\/","title":{"rendered":"Camb\u00e9 \u00e9 campe\u00e3o geral no Torneio Regional de Jud\u00f4"},"content":{"rendered":"<p style=\"text-align: justify;\"><span style=\"font-family: arial, helvetica, sans-serif;\"><img fetchpriority=\"high\" decoding=\"async\" class=\"size-medium wp-image-5937 alignleft\" src=\"https:\/\/www.cambe.pr.gov.br\/wp-content\/uploads\/2022\/05\/WhatsApp-Image-2022-05-16-at-2.42.38-PM-1-300x225.jpeg\" alt=\"\" width=\"300\" height=\"225\" srcset=\"https:\/\/www.cambe.pr.gov.br\/wp-content\/uploads\/2022\/05\/WhatsApp-Image-2022-05-16-at-2.42.38-PM-1-300x225.jpeg 300w, https:\/\/www.cambe.pr.gov.br\/wp-content\/uploads\/2022\/05\/WhatsApp-Image-2022-05-16-at-2.42.38-PM-1-1024x768.jpeg 1024w, https:\/\/www.cambe.pr.gov.br\/wp-content\/uploads\/2022\/05\/WhatsApp-Image-2022-05-16-at-2.42.38-PM-1-768x576.jpeg 768w, https:\/\/www.cambe.pr.gov.br\/wp-content\/uploads\/2022\/05\/WhatsApp-Image-2022-05-16-at-2.42.38-PM-1-1536x1152.jpeg 1536w, https:\/\/www.cambe.pr.gov.br\/wp-content\/uploads\/2022\/05\/WhatsApp-Image-2022-05-16-at-2.42.38-PM-1-400x300.jpeg 400w, https:\/\/www.cambe.pr.gov.br\/wp-content\/uploads\/2022\/05\/WhatsApp-Image-2022-05-16-at-2.42.38-PM-1.jpeg 1600w\" sizes=\"(max-width: 300px) 100vw, 300px\" \/>Camb\u00e9 foi campe\u00e3o geral no Torneio Regional de Jud\u00f4 pela 19\u00aa vez consecutiva. O torneio ocorreu em Ibipor\u00e3, no Gin\u00e1sio de Esportes Munhec\u00e3o, no s\u00e1bado (14\/05). Participaram aproximadamente 500 atletas de 30 cidades do norte do Paran\u00e1. O munic\u00edpio foi representado por 130 atletas, com idades entre 5 e 17 anos. 70 atletas de Camb\u00e9 ficaram em primeiro lugar nas suas categorias.<\/span><\/p>\n<p style=\"text-align: justify;\"><span style=\"font-family: arial, helvetica, sans-serif;\">Um dos t\u00e9cnicos das equipes cambeenses, Marcelo Missaka, conta que \u00e9 gratificante ver a evolu\u00e7\u00e3o desde a primeira vez que o munic\u00edpio participou deste torneio. \u201cA gente se sente muito orgulhoso. Na primeira vez n\u00e3o tinhamos nem uniforme direito e hoje fomos com todas as crian\u00e7as uniformizadas, com lanche e tudo pago pela Prefeitura\u201d, detalha Missaka. &nbsp;<\/span><\/p>\n<p style=\"text-align: justify;\"><span style=\"font-family: arial, helvetica, sans-serif;\">Por meio da Secretaria de Esportes, a Prefeitura desenvolve diversos projetos de luta no munic\u00edpio. No Torneio participaram os alunos dos projetos do Caic, da Escola Pedro Tkotz, do Campos Verdes e da Escola de Lutas. Os t\u00e9cnicos das turmas s\u00e3o Marcelo Missaka e Allex Bernardes.<\/span><\/p>\n<p style=\"text-align: justify;\"><span style=\"font-family: arial, helvetica, sans-serif;\"><img decoding=\"async\" class=\"alignleft wp-image-5936 size-medium\" src=\"https:\/\/www.cambe.pr.gov.br\/wp-content\/uploads\/2022\/05\/WhatsApp-Image-2022-05-16-at-2.42.38-PM-e1652804823512-300x257.jpeg\" alt=\"\" width=\"300\" height=\"257\" srcset=\"https:\/\/www.cambe.pr.gov.br\/wp-content\/uploads\/2022\/05\/WhatsApp-Image-2022-05-16-at-2.42.38-PM-e1652804823512-300x257.jpeg 300w, https:\/\/www.cambe.pr.gov.br\/wp-content\/uploads\/2022\/05\/WhatsApp-Image-2022-05-16-at-2.42.38-PM-e1652804823512-768x657.jpeg 768w, https:\/\/www.cambe.pr.gov.br\/wp-content\/uploads\/2022\/05\/WhatsApp-Image-2022-05-16-at-2.42.38-PM-e1652804823512.jpeg 902w\" sizes=\"(max-width: 300px) 100vw, 300px\" \/>Missaka pontua que esse \u00e9 o primeiro evento para crian\u00e7as menores no norte do Paran\u00e1 depois de dois anos de pandemia. O evento foi organizado pela Delegacia Regional Norte-F.PR. Jud\u00f4 e disputaram atletas desde a idade mirim at\u00e9 o master de 60 anos. &nbsp;<\/span><\/p>\n<p><em><span style=\"font-family: arial, helvetica, sans-serif;\">Sob supervis\u00e3o de Thiago Mossini<\/span><\/em><\/p>\n","protected":false},"excerpt":{"rendered":"<p>Camb\u00e9 foi campe\u00e3o geral no Torneio Regional de Jud\u00f4 pela 19\u00aa vez consecutiva. O torneio ocorreu em Ibipor\u00e3, no Gin\u00e1sio de Esportes Munhec\u00e3o, no s\u00e1bado (14\/05). Participaram aproximadamente 500 atletas de 30 cidades do norte do Paran\u00e1. O munic\u00edpio foi representado por 130 atletas, com idades entre 5 e 17 anos. 70 atletas de Camb\u00e9 [&hellip;]<\/p>\n","protected":false},"author":2,"featured_media":0,"comment_status":"closed","ping_status":"open","sticky":false,"template":"","format":"standard","meta":{"ngg_post_thumbnail":0,"footnotes":""},"categories":[1],"tags":[],"class_list":["post-5935","post","type-post","status-publish","format-standard","hentry","category-principal"],"yoast_head":"<!-- This site is optimized with the Yoast SEO plugin v27.4 - https:\/\/yoast.com\/product\/yoast-seo-wordpress\/ -->\n<title>Camb\u00e9 \u00e9 campe\u00e3o geral no Torneio Regional de Jud\u00f4 - Prefeitura de Camb\u00e9<\/title>\n<meta name=\"robots\" content=\"index, follow, max-snippet:-1, max-image-preview:large, max-video-preview:-1\" \/>\n<link rel=\"canonical\" href=\"https:\/\/www.cambe.pr.gov.br\/index.php\/cambe-e-campeao-geral-no-torneio-regional-de-judo\/\" \/>\n<meta property=\"og:locale\" content=\"pt_BR\" \/>\n<meta property=\"og:type\" content=\"article\" \/>\n<meta property=\"og:title\" content=\"Camb\u00e9 \u00e9 campe\u00e3o geral no Torneio Regional de Jud\u00f4 - Prefeitura de Camb\u00e9\" \/>\n<meta property=\"og:description\" content=\"Camb\u00e9 foi campe\u00e3o geral no Torneio Regional de Jud\u00f4 pela 19\u00aa vez consecutiva. O torneio ocorreu em Ibipor\u00e3, no Gin\u00e1sio de Esportes Munhec\u00e3o, no s\u00e1bado (14\/05). Participaram aproximadamente 500 atletas de 30 cidades do norte do Paran\u00e1. O munic\u00edpio foi representado por 130 atletas, com idades entre 5 e 17 anos. 70 atletas de Camb\u00e9 [&hellip;]\" \/>\n<meta property=\"og:url\" content=\"https:\/\/www.cambe.pr.gov.br\/index.php\/cambe-e-campeao-geral-no-torneio-regional-de-judo\/\" \/>\n<meta property=\"og:site_name\" content=\"Prefeitura de Camb\u00e9\" \/>\n<meta property=\"article:publisher\" content=\"https:\/\/m.facebook.com\/prefeituradecambe\" \/>\n<meta property=\"article:published_time\" content=\"2022-05-17T16:27:12+00:00\" \/>\n<meta property=\"article:modified_time\" content=\"2024-10-07T16:00:56+00:00\" \/>\n<meta property=\"og:image\" content=\"http:\/\/www.cambe.pr.gov.br\/wp-content\/uploads\/2022\/05\/WhatsApp-Image-2022-05-16-at-2.42.38-PM-1-300x225.jpeg\" \/>\n<meta name=\"author\" content=\"Thiago Mossini Balbino dos Santos\" \/>\n<meta name=\"twitter:card\" content=\"summary_large_image\" \/>\n<meta name=\"twitter:label1\" content=\"Escrito por\" \/>\n\t<meta name=\"twitter:data1\" content=\"Thiago Mossini Balbino dos Santos\" \/>\n\t<meta name=\"twitter:label2\" content=\"Est. tempo de leitura\" \/>\n\t<meta name=\"twitter:data2\" content=\"1 minuto\" \/>\n<script type=\"application\/ld+json\" class=\"yoast-schema-graph\">{\"@context\":\"https:\\\/\\\/schema.org\",\"@graph\":[{\"@type\":\"Article\",\"@id\":\"https:\\\/\\\/www.cambe.pr.gov.br\\\/index.php\\\/cambe-e-campeao-geral-no-torneio-regional-de-judo\\\/#article\",\"isPartOf\":{\"@id\":\"https:\\\/\\\/www.cambe.pr.gov.br\\\/index.php\\\/cambe-e-campeao-geral-no-torneio-regional-de-judo\\\/\"},\"author\":{\"name\":\"Thiago Mossini Balbino dos Santos\",\"@id\":\"https:\\\/\\\/www.cambe.pr.gov.br\\\/#\\\/schema\\\/person\\\/e08f7c43a641b2ec036e4e867ec483e4\"},\"headline\":\"Camb\u00e9 \u00e9 campe\u00e3o geral no Torneio Regional de Jud\u00f4\",\"datePublished\":\"2022-05-17T16:27:12+00:00\",\"dateModified\":\"2024-10-07T16:00:56+00:00\",\"mainEntityOfPage\":{\"@id\":\"https:\\\/\\\/www.cambe.pr.gov.br\\\/index.php\\\/cambe-e-campeao-geral-no-torneio-regional-de-judo\\\/\"},\"wordCount\":228,\"publisher\":{\"@id\":\"https:\\\/\\\/www.cambe.pr.gov.br\\\/#organization\"},\"image\":{\"@id\":\"https:\\\/\\\/www.cambe.pr.gov.br\\\/index.php\\\/cambe-e-campeao-geral-no-torneio-regional-de-judo\\\/#primaryimage\"},\"thumbnailUrl\":\"http:\\\/\\\/www.cambe.pr.gov.br\\\/wp-content\\\/uploads\\\/2022\\\/05\\\/WhatsApp-Image-2022-05-16-at-2.42.38-PM-1-300x225.jpeg\",\"articleSection\":[\"Principal\"],\"inLanguage\":\"pt-BR\"},{\"@type\":\"WebPage\",\"@id\":\"https:\\\/\\\/www.cambe.pr.gov.br\\\/index.php\\\/cambe-e-campeao-geral-no-torneio-regional-de-judo\\\/\",\"url\":\"https:\\\/\\\/www.cambe.pr.gov.br\\\/index.php\\\/cambe-e-campeao-geral-no-torneio-regional-de-judo\\\/\",\"name\":\"Camb\u00e9 \u00e9 campe\u00e3o geral no Torneio Regional de Jud\u00f4 - Prefeitura de Camb\u00e9\",\"isPartOf\":{\"@id\":\"https:\\\/\\\/www.cambe.pr.gov.br\\\/#website\"},\"primaryImageOfPage\":{\"@id\":\"https:\\\/\\\/www.cambe.pr.gov.br\\\/index.php\\\/cambe-e-campeao-geral-no-torneio-regional-de-judo\\\/#primaryimage\"},\"image\":{\"@id\":\"https:\\\/\\\/www.cambe.pr.gov.br\\\/index.php\\\/cambe-e-campeao-geral-no-torneio-regional-de-judo\\\/#primaryimage\"},\"thumbnailUrl\":\"http:\\\/\\\/www.cambe.pr.gov.br\\\/wp-content\\\/uploads\\\/2022\\\/05\\\/WhatsApp-Image-2022-05-16-at-2.42.38-PM-1-300x225.jpeg\",\"datePublished\":\"2022-05-17T16:27:12+00:00\",\"dateModified\":\"2024-10-07T16:00:56+00:00\",\"breadcrumb\":{\"@id\":\"https:\\\/\\\/www.cambe.pr.gov.br\\\/index.php\\\/cambe-e-campeao-geral-no-torneio-regional-de-judo\\\/#breadcrumb\"},\"inLanguage\":\"pt-BR\",\"potentialAction\":[{\"@type\":\"ReadAction\",\"target\":[\"https:\\\/\\\/www.cambe.pr.gov.br\\\/index.php\\\/cambe-e-campeao-geral-no-torneio-regional-de-judo\\\/\"]}]},{\"@type\":\"ImageObject\",\"inLanguage\":\"pt-BR\",\"@id\":\"https:\\\/\\\/www.cambe.pr.gov.br\\\/index.php\\\/cambe-e-campeao-geral-no-torneio-regional-de-judo\\\/#primaryimage\",\"url\":\"http:\\\/\\\/www.cambe.pr.gov.br\\\/wp-content\\\/uploads\\\/2022\\\/05\\\/WhatsApp-Image-2022-05-16-at-2.42.38-PM-1-300x225.jpeg\",\"contentUrl\":\"http:\\\/\\\/www.cambe.pr.gov.br\\\/wp-content\\\/uploads\\\/2022\\\/05\\\/WhatsApp-Image-2022-05-16-at-2.42.38-PM-1-300x225.jpeg\"},{\"@type\":\"BreadcrumbList\",\"@id\":\"https:\\\/\\\/www.cambe.pr.gov.br\\\/index.php\\\/cambe-e-campeao-geral-no-torneio-regional-de-judo\\\/#breadcrumb\",\"itemListElement\":[{\"@type\":\"ListItem\",\"position\":1,\"name\":\"In\u00edcio\",\"item\":\"https:\\\/\\\/www.cambe.pr.gov.br\\\/\"},{\"@type\":\"ListItem\",\"position\":2,\"name\":\"Camb\u00e9 \u00e9 campe\u00e3o geral no Torneio Regional de Jud\u00f4\"}]},{\"@type\":\"WebSite\",\"@id\":\"https:\\\/\\\/www.cambe.pr.gov.br\\\/#website\",\"url\":\"https:\\\/\\\/www.cambe.pr.gov.br\\\/\",\"name\":\"Prefeitura de Camb\u00e9\",\"description\":\"UM GOVERNO PARA TODOS\",\"publisher\":{\"@id\":\"https:\\\/\\\/www.cambe.pr.gov.br\\\/#organization\"},\"potentialAction\":[{\"@type\":\"SearchAction\",\"target\":{\"@type\":\"EntryPoint\",\"urlTemplate\":\"https:\\\/\\\/www.cambe.pr.gov.br\\\/?s={search_term_string}\"},\"query-input\":{\"@type\":\"PropertyValueSpecification\",\"valueRequired\":true,\"valueName\":\"search_term_string\"}}],\"inLanguage\":\"pt-BR\"},{\"@type\":\"Organization\",\"@id\":\"https:\\\/\\\/www.cambe.pr.gov.br\\\/#organization\",\"name\":\"Prefeitura de Camb\u00e9\",\"url\":\"https:\\\/\\\/www.cambe.pr.gov.br\\\/\",\"logo\":{\"@type\":\"ImageObject\",\"inLanguage\":\"pt-BR\",\"@id\":\"https:\\\/\\\/www.cambe.pr.gov.br\\\/#\\\/schema\\\/logo\\\/image\\\/\",\"url\":\"https:\\\/\\\/www.cambe.pr.gov.br\\\/wp-content\\\/uploads\\\/2021\\\/01\\\/cropped-cropped-cambe_brazao-icone.png\",\"contentUrl\":\"https:\\\/\\\/www.cambe.pr.gov.br\\\/wp-content\\\/uploads\\\/2021\\\/01\\\/cropped-cropped-cambe_brazao-icone.png\",\"width\":240,\"height\":240,\"caption\":\"Prefeitura de Camb\u00e9\"},\"image\":{\"@id\":\"https:\\\/\\\/www.cambe.pr.gov.br\\\/#\\\/schema\\\/logo\\\/image\\\/\"},\"sameAs\":[\"https:\\\/\\\/m.facebook.com\\\/prefeituradecambe\"]},{\"@type\":\"Person\",\"@id\":\"https:\\\/\\\/www.cambe.pr.gov.br\\\/#\\\/schema\\\/person\\\/e08f7c43a641b2ec036e4e867ec483e4\",\"name\":\"Thiago Mossini Balbino dos Santos\",\"image\":{\"@type\":\"ImageObject\",\"inLanguage\":\"pt-BR\",\"@id\":\"https:\\\/\\\/secure.gravatar.com\\\/avatar\\\/d957ed4e1bc3ebf5769d1003f9709cd2012ebf424eb4a5d76a933fee30e874b6?s=96&d=mm&r=g\",\"url\":\"https:\\\/\\\/secure.gravatar.com\\\/avatar\\\/d957ed4e1bc3ebf5769d1003f9709cd2012ebf424eb4a5d76a933fee30e874b6?s=96&d=mm&r=g\",\"contentUrl\":\"https:\\\/\\\/secure.gravatar.com\\\/avatar\\\/d957ed4e1bc3ebf5769d1003f9709cd2012ebf424eb4a5d76a933fee30e874b6?s=96&d=mm&r=g\",\"caption\":\"Thiago Mossini Balbino dos Santos\"},\"url\":\"https:\\\/\\\/www.cambe.pr.gov.br\\\/index.php\\\/author\\\/tmbsantos\\\/\"}]}<\/script>\n<!-- \/ Yoast SEO plugin. -->","yoast_head_json":{"title":"Camb\u00e9 \u00e9 campe\u00e3o geral no Torneio Regional de Jud\u00f4 - Prefeitura de Camb\u00e9","robots":{"index":"index","follow":"follow","max-snippet":"max-snippet:-1","max-image-preview":"max-image-preview:large","max-video-preview":"max-video-preview:-1"},"canonical":"https:\/\/www.cambe.pr.gov.br\/index.php\/cambe-e-campeao-geral-no-torneio-regional-de-judo\/","og_locale":"pt_BR","og_type":"article","og_title":"Camb\u00e9 \u00e9 campe\u00e3o geral no Torneio Regional de Jud\u00f4 - Prefeitura de Camb\u00e9","og_description":"Camb\u00e9 foi campe\u00e3o geral no Torneio Regional de Jud\u00f4 pela 19\u00aa vez consecutiva. O torneio ocorreu em Ibipor\u00e3, no Gin\u00e1sio de Esportes Munhec\u00e3o, no s\u00e1bado (14\/05). Participaram aproximadamente 500 atletas de 30 cidades do norte do Paran\u00e1. O munic\u00edpio foi representado por 130 atletas, com idades entre 5 e 17 anos. 70 atletas de Camb\u00e9 [&hellip;]","og_url":"https:\/\/www.cambe.pr.gov.br\/index.php\/cambe-e-campeao-geral-no-torneio-regional-de-judo\/","og_site_name":"Prefeitura de Camb\u00e9","article_publisher":"https:\/\/m.facebook.com\/prefeituradecambe","article_published_time":"2022-05-17T16:27:12+00:00","article_modified_time":"2024-10-07T16:00:56+00:00","og_image":[{"url":"http:\/\/www.cambe.pr.gov.br\/wp-content\/uploads\/2022\/05\/WhatsApp-Image-2022-05-16-at-2.42.38-PM-1-300x225.jpeg","type":"","width":"","height":""}],"author":"Thiago Mossini Balbino dos Santos","twitter_card":"summary_large_image","twitter_misc":{"Escrito por":"Thiago Mossini Balbino dos Santos","Est. tempo de leitura":"1 minuto"},"schema":{"@context":"https:\/\/schema.org","@graph":[{"@type":"Article","@id":"https:\/\/www.cambe.pr.gov.br\/index.php\/cambe-e-campeao-geral-no-torneio-regional-de-judo\/#article","isPartOf":{"@id":"https:\/\/www.cambe.pr.gov.br\/index.php\/cambe-e-campeao-geral-no-torneio-regional-de-judo\/"},"author":{"name":"Thiago Mossini Balbino dos Santos","@id":"https:\/\/www.cambe.pr.gov.br\/#\/schema\/person\/e08f7c43a641b2ec036e4e867ec483e4"},"headline":"Camb\u00e9 \u00e9 campe\u00e3o geral no Torneio Regional de Jud\u00f4","datePublished":"2022-05-17T16:27:12+00:00","dateModified":"2024-10-07T16:00:56+00:00","mainEntityOfPage":{"@id":"https:\/\/www.cambe.pr.gov.br\/index.php\/cambe-e-campeao-geral-no-torneio-regional-de-judo\/"},"wordCount":228,"publisher":{"@id":"https:\/\/www.cambe.pr.gov.br\/#organization"},"image":{"@id":"https:\/\/www.cambe.pr.gov.br\/index.php\/cambe-e-campeao-geral-no-torneio-regional-de-judo\/#primaryimage"},"thumbnailUrl":"http:\/\/www.cambe.pr.gov.br\/wp-content\/uploads\/2022\/05\/WhatsApp-Image-2022-05-16-at-2.42.38-PM-1-300x225.jpeg","articleSection":["Principal"],"inLanguage":"pt-BR"},{"@type":"WebPage","@id":"https:\/\/www.cambe.pr.gov.br\/index.php\/cambe-e-campeao-geral-no-torneio-regional-de-judo\/","url":"https:\/\/www.cambe.pr.gov.br\/index.php\/cambe-e-campeao-geral-no-torneio-regional-de-judo\/","name":"Camb\u00e9 \u00e9 campe\u00e3o geral no Torneio Regional de Jud\u00f4 - Prefeitura de Camb\u00e9","isPartOf":{"@id":"https:\/\/www.cambe.pr.gov.br\/#website"},"primaryImageOfPage":{"@id":"https:\/\/www.cambe.pr.gov.br\/index.php\/cambe-e-campeao-geral-no-torneio-regional-de-judo\/#primaryimage"},"image":{"@id":"https:\/\/www.cambe.pr.gov.br\/index.php\/cambe-e-campeao-geral-no-torneio-regional-de-judo\/#primaryimage"},"thumbnailUrl":"http:\/\/www.cambe.pr.gov.br\/wp-content\/uploads\/2022\/05\/WhatsApp-Image-2022-05-16-at-2.42.38-PM-1-300x225.jpeg","datePublished":"2022-05-17T16:27:12+00:00","dateModified":"2024-10-07T16:00:56+00:00","breadcrumb":{"@id":"https:\/\/www.cambe.pr.gov.br\/index.php\/cambe-e-campeao-geral-no-torneio-regional-de-judo\/#breadcrumb"},"inLanguage":"pt-BR","potentialAction":[{"@type":"ReadAction","target":["https:\/\/www.cambe.pr.gov.br\/index.php\/cambe-e-campeao-geral-no-torneio-regional-de-judo\/"]}]},{"@type":"ImageObject","inLanguage":"pt-BR","@id":"https:\/\/www.cambe.pr.gov.br\/index.php\/cambe-e-campeao-geral-no-torneio-regional-de-judo\/#primaryimage","url":"http:\/\/www.cambe.pr.gov.br\/wp-content\/uploads\/2022\/05\/WhatsApp-Image-2022-05-16-at-2.42.38-PM-1-300x225.jpeg","contentUrl":"http:\/\/www.cambe.pr.gov.br\/wp-content\/uploads\/2022\/05\/WhatsApp-Image-2022-05-16-at-2.42.38-PM-1-300x225.jpeg"},{"@type":"BreadcrumbList","@id":"https:\/\/www.cambe.pr.gov.br\/index.php\/cambe-e-campeao-geral-no-torneio-regional-de-judo\/#breadcrumb","itemListElement":[{"@type":"ListItem","position":1,"name":"In\u00edcio","item":"https:\/\/www.cambe.pr.gov.br\/"},{"@type":"ListItem","position":2,"name":"Camb\u00e9 \u00e9 campe\u00e3o geral no Torneio Regional de Jud\u00f4"}]},{"@type":"WebSite","@id":"https:\/\/www.cambe.pr.gov.br\/#website","url":"https:\/\/www.cambe.pr.gov.br\/","name":"Prefeitura de Camb\u00e9","description":"UM GOVERNO PARA TODOS","publisher":{"@id":"https:\/\/www.cambe.pr.gov.br\/#organization"},"potentialAction":[{"@type":"SearchAction","target":{"@type":"EntryPoint","urlTemplate":"https:\/\/www.cambe.pr.gov.br\/?s={search_term_string}"},"query-input":{"@type":"PropertyValueSpecification","valueRequired":true,"valueName":"search_term_string"}}],"inLanguage":"pt-BR"},{"@type":"Organization","@id":"https:\/\/www.cambe.pr.gov.br\/#organization","name":"Prefeitura de Camb\u00e9","url":"https:\/\/www.cambe.pr.gov.br\/","logo":{"@type":"ImageObject","inLanguage":"pt-BR","@id":"https:\/\/www.cambe.pr.gov.br\/#\/schema\/logo\/image\/","url":"https:\/\/www.cambe.pr.gov.br\/wp-content\/uploads\/2021\/01\/cropped-cropped-cambe_brazao-icone.png","contentUrl":"https:\/\/www.cambe.pr.gov.br\/wp-content\/uploads\/2021\/01\/cropped-cropped-cambe_brazao-icone.png","width":240,"height":240,"caption":"Prefeitura de Camb\u00e9"},"image":{"@id":"https:\/\/www.cambe.pr.gov.br\/#\/schema\/logo\/image\/"},"sameAs":["https:\/\/m.facebook.com\/prefeituradecambe"]},{"@type":"Person","@id":"https:\/\/www.cambe.pr.gov.br\/#\/schema\/person\/e08f7c43a641b2ec036e4e867ec483e4","name":"Thiago Mossini Balbino dos Santos","image":{"@type":"ImageObject","inLanguage":"pt-BR","@id":"https:\/\/secure.gravatar.com\/avatar\/d957ed4e1bc3ebf5769d1003f9709cd2012ebf424eb4a5d76a933fee30e874b6?s=96&d=mm&r=g","url":"https:\/\/secure.gravatar.com\/avatar\/d957ed4e1bc3ebf5769d1003f9709cd2012ebf424eb4a5d76a933fee30e874b6?s=96&d=mm&r=g","contentUrl":"https:\/\/secure.gravatar.com\/avatar\/d957ed4e1bc3ebf5769d1003f9709cd2012ebf424eb4a5d76a933fee30e874b6?s=96&d=mm&r=g","caption":"Thiago Mossini Balbino dos Santos"},"url":"https:\/\/www.cambe.pr.gov.br\/index.php\/author\/tmbsantos\/"}]}},"_links":{"self":[{"href":"https:\/\/www.cambe.pr.gov.br\/index.php\/wp-json\/wp\/v2\/posts\/5935","targetHints":{"allow":["GET"]}}],"collection":[{"href":"https:\/\/www.cambe.pr.gov.br\/index.php\/wp-json\/wp\/v2\/posts"}],"about":[{"href":"https:\/\/www.cambe.pr.gov.br\/index.php\/wp-json\/wp\/v2\/types\/post"}],"author":[{"embeddable":true,"href":"https:\/\/www.cambe.pr.gov.br\/index.php\/wp-json\/wp\/v2\/users\/2"}],"replies":[{"embeddable":true,"href":"https:\/\/www.cambe.pr.gov.br\/index.php\/wp-json\/wp\/v2\/comments?post=5935"}],"version-history":[{"count":3,"href":"https:\/\/www.cambe.pr.gov.br\/index.php\/wp-json\/wp\/v2\/posts\/5935\/revisions"}],"predecessor-version":[{"id":5962,"href":"https:\/\/www.cambe.pr.gov.br\/index.php\/wp-json\/wp\/v2\/posts\/5935\/revisions\/5962"}],"wp:attachment":[{"href":"https:\/\/www.cambe.pr.gov.br\/index.php\/wp-json\/wp\/v2\/media?parent=5935"}],"wp:term":[{"taxonomy":"category","embeddable":true,"href":"https:\/\/www.cambe.pr.gov.br\/index.php\/wp-json\/wp\/v2\/categories?post=5935"},{"taxonomy":"post_tag","embeddable":true,"href":"https:\/\/www.cambe.pr.gov.br\/index.php\/wp-json\/wp\/v2\/tags?post=5935"}],"curies":[{"name":"wp","href":"https:\/\/api.w.org\/{rel}","templated":true}]}}