{"id":5718,"date":"2022-05-02T13:47:44","date_gmt":"2022-05-02T16:47:44","guid":{"rendered":"http:\/\/www.cambe.pr.gov.br\/?p=5718"},"modified":"2024-10-07T13:00:36","modified_gmt":"2024-10-07T16:00:36","slug":"secretaria-do-trabalho-de-cambe-informa-vagas-disponiveis-nesta-segunda-feira-7","status":"publish","type":"post","link":"https:\/\/www.cambe.pr.gov.br\/index.php\/secretaria-do-trabalho-de-cambe-informa-vagas-disponiveis-nesta-segunda-feira-7\/","title":{"rendered":"Secretaria do Trabalho de Camb\u00e9 informa vagas dispon\u00edveis nesta segunda-feira"},"content":{"rendered":"<p><img fetchpriority=\"high\" decoding=\"async\" class=\"alignleft wp-image-4569 size-large\" src=\"https:\/\/www.cambe.pr.gov.br\/wp-content\/uploads\/2022\/02\/carteira_de_trabalho_07122000711-e1648648949347-1024x682.jpg\" alt=\"\" width=\"610\" height=\"406\"><\/p>\n<p style=\"text-align: justify;\"><span style=\"font-family: arial, helvetica, sans-serif;\">A Secretaria Municipal do Trabalho e Profissionaliza\u00e7\u00e3o de Camb\u00e9 come\u00e7a a semana com vagas distribu\u00eddas em diferentes ramos, como a contabilidade, a constru\u00e7\u00e3o civil e a costura. Nesta segunda-feira (2), s\u00e3o contemplados desde os trabalhadores com ensino m\u00e9dio ou superior completo at\u00e9 aqueles que n\u00e3o chegaram a avan\u00e7ados n\u00edveis de escolaridade.<\/span><\/p>\n<p style=\"text-align: justify;\"><span style=\"font-family: arial, helvetica, sans-serif;\">A lista de hoje traz tr\u00eas oportunidades envolvendo o manejo e preparo de alimentos. S\u00e3o duas vagas como auxiliar de cozinha. Para uma delas, s\u00e3o previstas atividades como a separa\u00e7\u00e3o e o descascamento dos alimentos. A outra ir\u00e1 exigir que o funcion\u00e1rio cozinhe petiscos e por\u00e7\u00f5es em um auto posto na regi\u00e3o central de Camb\u00e9.<\/span><\/p>\n<p style=\"text-align: justify;\"><span style=\"font-family: arial, helvetica, sans-serif;\">Tamb\u00e9m est\u00e1 dispon\u00edvel a fun\u00e7\u00e3o de cozinheiro. Quem for contratado nela, ser\u00e1 respons\u00e1vel por refei\u00e7\u00f5es servidas dentro de uma empresa do ramo industrial.<\/span><\/p>\n<p style=\"text-align: justify;\"><span style=\"font-family: arial, helvetica, sans-serif;\">Confira as ocupa\u00e7\u00f5es:<\/span><\/p>\n<p style=\"text-align: justify;\"><span style=\"font-family: arial, helvetica, sans-serif;\">Auxiliar de contabilidade<\/span><br \/>\n<span style=\"font-family: arial, helvetica, sans-serif;\">Auxiliar de cozinha<\/span><br \/>\n<span style=\"font-family: arial, helvetica, sans-serif;\">Auxiliar t\u00e9cnico de refrigera\u00e7\u00e3o<\/span><br \/>\n<span style=\"font-family: arial, helvetica, sans-serif;\">Carpinteiro<\/span><br \/>\n<span style=\"font-family: arial, helvetica, sans-serif;\">Conferente de carga e descarga<\/span><br \/>\n<span style=\"font-family: arial, helvetica, sans-serif;\">Costureira em geral<\/span><br \/>\n<span style=\"font-family: arial, helvetica, sans-serif;\">Cozinheiro geral<\/span><br \/>\n<span style=\"font-family: arial, helvetica, sans-serif;\">Modelista de roupas<\/span><br \/>\n<span style=\"font-family: arial, helvetica, sans-serif;\">Operador de retro-escavadeira<\/span><br \/>\n<span style=\"font-family: arial, helvetica, sans-serif;\">Passadeira de pe\u00e7as confeccionadas<\/span><br \/>\n<span style=\"font-family: arial, helvetica, sans-serif;\">Pintor de autom\u00f3veis<\/span><br \/>\n<span style=\"font-family: arial, helvetica, sans-serif;\">Projetista el\u00e9trico<\/span><br \/>\n<span style=\"font-family: arial, helvetica, sans-serif;\">Serralheiro<\/span><br \/>\n<span style=\"font-family: arial, helvetica, sans-serif;\">Servente de obras<\/span><\/p>\n<p style=\"text-align: justify;\"><span style=\"font-family: arial, helvetica, sans-serif;\">O atendimento na Ag\u00eancia do Sine, situada na avenida Inglaterra, 774, no Centro de Camb\u00e9, \u00e9 mediante agendamento pelo link do WhatsApp cadastrado sob o n\u00famero (43) 3174-0443. Tamb\u00e9m \u00e9 poss\u00edvel marcar um hor\u00e1rio pelo telefone de mesmo n\u00famero.<\/span><\/p>\n<p style=\"text-align: justify;\"><span style=\"font-family: arial, helvetica, sans-serif;\">Ap\u00f3s o agendamento, a equipe da ag\u00eancia analisa se o perfil do candidato se enquadra na vaga. Para isso, \u00e9 necess\u00e1rio trazer Registro Geral (RG), Cadastro de Pessoa F\u00edsica (CPF) e Carteira de Trabalho e Previd\u00eancia Social (CTPS).<\/span><\/p>\n<p style=\"text-align: justify;\"><span style=\"font-family: arial, helvetica, sans-serif;\">Pela manh\u00e3, o expediente de atendimento vai das 8h30 \u00e0s 11h30 e, durante a tarde, das 13h \u00e0s 17h.<\/span><\/p>\n<p><em><span style=\"font-family: arial, helvetica, sans-serif;\">Supervis\u00e3o de Thiago Mossini<\/span><\/em><\/p>\n","protected":false},"excerpt":{"rendered":"<p>A Secretaria Municipal do Trabalho e Profissionaliza\u00e7\u00e3o de Camb\u00e9 come\u00e7a a semana com vagas distribu\u00eddas em diferentes ramos, como a contabilidade, a constru\u00e7\u00e3o civil e a costura. Nesta segunda-feira (2), s\u00e3o contemplados desde os trabalhadores com ensino m\u00e9dio ou superior completo at\u00e9 aqueles que n\u00e3o chegaram a avan\u00e7ados n\u00edveis de escolaridade. A lista de hoje [&hellip;]<\/p>\n","protected":false},"author":2,"featured_media":0,"comment_status":"closed","ping_status":"open","sticky":false,"template":"","format":"standard","meta":{"ngg_post_thumbnail":0,"footnotes":""},"categories":[1],"tags":[],"class_list":["post-5718","post","type-post","status-publish","format-standard","hentry","category-principal"],"yoast_head":"<!-- This site is optimized with the Yoast SEO plugin v27.4 - https:\/\/yoast.com\/product\/yoast-seo-wordpress\/ -->\n<title>Secretaria do Trabalho de Camb\u00e9 informa vagas dispon\u00edveis nesta segunda-feira - Prefeitura de Camb\u00e9<\/title>\n<meta name=\"robots\" content=\"index, follow, max-snippet:-1, max-image-preview:large, max-video-preview:-1\" \/>\n<link rel=\"canonical\" href=\"https:\/\/www.cambe.pr.gov.br\/index.php\/secretaria-do-trabalho-de-cambe-informa-vagas-disponiveis-nesta-segunda-feira-7\/\" \/>\n<meta property=\"og:locale\" content=\"pt_BR\" \/>\n<meta property=\"og:type\" content=\"article\" \/>\n<meta property=\"og:title\" content=\"Secretaria do Trabalho de Camb\u00e9 informa vagas dispon\u00edveis nesta segunda-feira - Prefeitura de Camb\u00e9\" \/>\n<meta property=\"og:description\" content=\"A Secretaria Municipal do Trabalho e Profissionaliza\u00e7\u00e3o de Camb\u00e9 come\u00e7a a semana com vagas distribu\u00eddas em diferentes ramos, como a contabilidade, a constru\u00e7\u00e3o civil e a costura. Nesta segunda-feira (2), s\u00e3o contemplados desde os trabalhadores com ensino m\u00e9dio ou superior completo at\u00e9 aqueles que n\u00e3o chegaram a avan\u00e7ados n\u00edveis de escolaridade. A lista de hoje [&hellip;]\" \/>\n<meta property=\"og:url\" content=\"https:\/\/www.cambe.pr.gov.br\/index.php\/secretaria-do-trabalho-de-cambe-informa-vagas-disponiveis-nesta-segunda-feira-7\/\" \/>\n<meta property=\"og:site_name\" content=\"Prefeitura de Camb\u00e9\" \/>\n<meta property=\"article:publisher\" content=\"https:\/\/m.facebook.com\/prefeituradecambe\" \/>\n<meta property=\"article:published_time\" content=\"2022-05-02T16:47:44+00:00\" \/>\n<meta property=\"article:modified_time\" content=\"2024-10-07T16:00:36+00:00\" \/>\n<meta property=\"og:image\" content=\"http:\/\/www.cambe.pr.gov.br\/wp-content\/uploads\/2022\/02\/carteira_de_trabalho_07122000711-e1648648949347-1024x682.jpg\" \/>\n<meta name=\"author\" content=\"Thiago Mossini Balbino dos Santos\" \/>\n<meta name=\"twitter:card\" content=\"summary_large_image\" \/>\n<meta name=\"twitter:label1\" content=\"Escrito por\" \/>\n\t<meta name=\"twitter:data1\" content=\"Thiago Mossini Balbino dos Santos\" \/>\n\t<meta name=\"twitter:label2\" content=\"Est. tempo de leitura\" \/>\n\t<meta name=\"twitter:data2\" content=\"2 minutos\" \/>\n<script type=\"application\/ld+json\" class=\"yoast-schema-graph\">{\"@context\":\"https:\\\/\\\/schema.org\",\"@graph\":[{\"@type\":\"Article\",\"@id\":\"https:\\\/\\\/www.cambe.pr.gov.br\\\/index.php\\\/secretaria-do-trabalho-de-cambe-informa-vagas-disponiveis-nesta-segunda-feira-7\\\/#article\",\"isPartOf\":{\"@id\":\"https:\\\/\\\/www.cambe.pr.gov.br\\\/index.php\\\/secretaria-do-trabalho-de-cambe-informa-vagas-disponiveis-nesta-segunda-feira-7\\\/\"},\"author\":{\"name\":\"Thiago Mossini Balbino dos Santos\",\"@id\":\"https:\\\/\\\/www.cambe.pr.gov.br\\\/#\\\/schema\\\/person\\\/e08f7c43a641b2ec036e4e867ec483e4\"},\"headline\":\"Secretaria do Trabalho de Camb\u00e9 informa vagas dispon\u00edveis nesta segunda-feira\",\"datePublished\":\"2022-05-02T16:47:44+00:00\",\"dateModified\":\"2024-10-07T16:00:36+00:00\",\"mainEntityOfPage\":{\"@id\":\"https:\\\/\\\/www.cambe.pr.gov.br\\\/index.php\\\/secretaria-do-trabalho-de-cambe-informa-vagas-disponiveis-nesta-segunda-feira-7\\\/\"},\"wordCount\":316,\"publisher\":{\"@id\":\"https:\\\/\\\/www.cambe.pr.gov.br\\\/#organization\"},\"image\":{\"@id\":\"https:\\\/\\\/www.cambe.pr.gov.br\\\/index.php\\\/secretaria-do-trabalho-de-cambe-informa-vagas-disponiveis-nesta-segunda-feira-7\\\/#primaryimage\"},\"thumbnailUrl\":\"http:\\\/\\\/www.cambe.pr.gov.br\\\/wp-content\\\/uploads\\\/2022\\\/02\\\/carteira_de_trabalho_07122000711-e1648648949347-1024x682.jpg\",\"articleSection\":[\"Principal\"],\"inLanguage\":\"pt-BR\"},{\"@type\":\"WebPage\",\"@id\":\"https:\\\/\\\/www.cambe.pr.gov.br\\\/index.php\\\/secretaria-do-trabalho-de-cambe-informa-vagas-disponiveis-nesta-segunda-feira-7\\\/\",\"url\":\"https:\\\/\\\/www.cambe.pr.gov.br\\\/index.php\\\/secretaria-do-trabalho-de-cambe-informa-vagas-disponiveis-nesta-segunda-feira-7\\\/\",\"name\":\"Secretaria do Trabalho de Camb\u00e9 informa vagas dispon\u00edveis nesta segunda-feira - Prefeitura de Camb\u00e9\",\"isPartOf\":{\"@id\":\"https:\\\/\\\/www.cambe.pr.gov.br\\\/#website\"},\"primaryImageOfPage\":{\"@id\":\"https:\\\/\\\/www.cambe.pr.gov.br\\\/index.php\\\/secretaria-do-trabalho-de-cambe-informa-vagas-disponiveis-nesta-segunda-feira-7\\\/#primaryimage\"},\"image\":{\"@id\":\"https:\\\/\\\/www.cambe.pr.gov.br\\\/index.php\\\/secretaria-do-trabalho-de-cambe-informa-vagas-disponiveis-nesta-segunda-feira-7\\\/#primaryimage\"},\"thumbnailUrl\":\"http:\\\/\\\/www.cambe.pr.gov.br\\\/wp-content\\\/uploads\\\/2022\\\/02\\\/carteira_de_trabalho_07122000711-e1648648949347-1024x682.jpg\",\"datePublished\":\"2022-05-02T16:47:44+00:00\",\"dateModified\":\"2024-10-07T16:00:36+00:00\",\"breadcrumb\":{\"@id\":\"https:\\\/\\\/www.cambe.pr.gov.br\\\/index.php\\\/secretaria-do-trabalho-de-cambe-informa-vagas-disponiveis-nesta-segunda-feira-7\\\/#breadcrumb\"},\"inLanguage\":\"pt-BR\",\"potentialAction\":[{\"@type\":\"ReadAction\",\"target\":[\"https:\\\/\\\/www.cambe.pr.gov.br\\\/index.php\\\/secretaria-do-trabalho-de-cambe-informa-vagas-disponiveis-nesta-segunda-feira-7\\\/\"]}]},{\"@type\":\"ImageObject\",\"inLanguage\":\"pt-BR\",\"@id\":\"https:\\\/\\\/www.cambe.pr.gov.br\\\/index.php\\\/secretaria-do-trabalho-de-cambe-informa-vagas-disponiveis-nesta-segunda-feira-7\\\/#primaryimage\",\"url\":\"http:\\\/\\\/www.cambe.pr.gov.br\\\/wp-content\\\/uploads\\\/2022\\\/02\\\/carteira_de_trabalho_07122000711-e1648648949347-1024x682.jpg\",\"contentUrl\":\"http:\\\/\\\/www.cambe.pr.gov.br\\\/wp-content\\\/uploads\\\/2022\\\/02\\\/carteira_de_trabalho_07122000711-e1648648949347-1024x682.jpg\"},{\"@type\":\"BreadcrumbList\",\"@id\":\"https:\\\/\\\/www.cambe.pr.gov.br\\\/index.php\\\/secretaria-do-trabalho-de-cambe-informa-vagas-disponiveis-nesta-segunda-feira-7\\\/#breadcrumb\",\"itemListElement\":[{\"@type\":\"ListItem\",\"position\":1,\"name\":\"In\u00edcio\",\"item\":\"https:\\\/\\\/www.cambe.pr.gov.br\\\/\"},{\"@type\":\"ListItem\",\"position\":2,\"name\":\"Secretaria do Trabalho de Camb\u00e9 informa vagas dispon\u00edveis nesta segunda-feira\"}]},{\"@type\":\"WebSite\",\"@id\":\"https:\\\/\\\/www.cambe.pr.gov.br\\\/#website\",\"url\":\"https:\\\/\\\/www.cambe.pr.gov.br\\\/\",\"name\":\"Prefeitura de Camb\u00e9\",\"description\":\"UM GOVERNO PARA TODOS\",\"publisher\":{\"@id\":\"https:\\\/\\\/www.cambe.pr.gov.br\\\/#organization\"},\"potentialAction\":[{\"@type\":\"SearchAction\",\"target\":{\"@type\":\"EntryPoint\",\"urlTemplate\":\"https:\\\/\\\/www.cambe.pr.gov.br\\\/?s={search_term_string}\"},\"query-input\":{\"@type\":\"PropertyValueSpecification\",\"valueRequired\":true,\"valueName\":\"search_term_string\"}}],\"inLanguage\":\"pt-BR\"},{\"@type\":\"Organization\",\"@id\":\"https:\\\/\\\/www.cambe.pr.gov.br\\\/#organization\",\"name\":\"Prefeitura de Camb\u00e9\",\"url\":\"https:\\\/\\\/www.cambe.pr.gov.br\\\/\",\"logo\":{\"@type\":\"ImageObject\",\"inLanguage\":\"pt-BR\",\"@id\":\"https:\\\/\\\/www.cambe.pr.gov.br\\\/#\\\/schema\\\/logo\\\/image\\\/\",\"url\":\"https:\\\/\\\/www.cambe.pr.gov.br\\\/wp-content\\\/uploads\\\/2021\\\/01\\\/cropped-cropped-cambe_brazao-icone.png\",\"contentUrl\":\"https:\\\/\\\/www.cambe.pr.gov.br\\\/wp-content\\\/uploads\\\/2021\\\/01\\\/cropped-cropped-cambe_brazao-icone.png\",\"width\":240,\"height\":240,\"caption\":\"Prefeitura de Camb\u00e9\"},\"image\":{\"@id\":\"https:\\\/\\\/www.cambe.pr.gov.br\\\/#\\\/schema\\\/logo\\\/image\\\/\"},\"sameAs\":[\"https:\\\/\\\/m.facebook.com\\\/prefeituradecambe\"]},{\"@type\":\"Person\",\"@id\":\"https:\\\/\\\/www.cambe.pr.gov.br\\\/#\\\/schema\\\/person\\\/e08f7c43a641b2ec036e4e867ec483e4\",\"name\":\"Thiago Mossini Balbino dos Santos\",\"image\":{\"@type\":\"ImageObject\",\"inLanguage\":\"pt-BR\",\"@id\":\"https:\\\/\\\/secure.gravatar.com\\\/avatar\\\/d957ed4e1bc3ebf5769d1003f9709cd2012ebf424eb4a5d76a933fee30e874b6?s=96&d=mm&r=g\",\"url\":\"https:\\\/\\\/secure.gravatar.com\\\/avatar\\\/d957ed4e1bc3ebf5769d1003f9709cd2012ebf424eb4a5d76a933fee30e874b6?s=96&d=mm&r=g\",\"contentUrl\":\"https:\\\/\\\/secure.gravatar.com\\\/avatar\\\/d957ed4e1bc3ebf5769d1003f9709cd2012ebf424eb4a5d76a933fee30e874b6?s=96&d=mm&r=g\",\"caption\":\"Thiago Mossini Balbino dos Santos\"},\"url\":\"https:\\\/\\\/www.cambe.pr.gov.br\\\/index.php\\\/author\\\/tmbsantos\\\/\"}]}<\/script>\n<!-- \/ Yoast SEO plugin. -->","yoast_head_json":{"title":"Secretaria do Trabalho de Camb\u00e9 informa vagas dispon\u00edveis nesta segunda-feira - Prefeitura de Camb\u00e9","robots":{"index":"index","follow":"follow","max-snippet":"max-snippet:-1","max-image-preview":"max-image-preview:large","max-video-preview":"max-video-preview:-1"},"canonical":"https:\/\/www.cambe.pr.gov.br\/index.php\/secretaria-do-trabalho-de-cambe-informa-vagas-disponiveis-nesta-segunda-feira-7\/","og_locale":"pt_BR","og_type":"article","og_title":"Secretaria do Trabalho de Camb\u00e9 informa vagas dispon\u00edveis nesta segunda-feira - Prefeitura de Camb\u00e9","og_description":"A Secretaria Municipal do Trabalho e Profissionaliza\u00e7\u00e3o de Camb\u00e9 come\u00e7a a semana com vagas distribu\u00eddas em diferentes ramos, como a contabilidade, a constru\u00e7\u00e3o civil e a costura. Nesta segunda-feira (2), s\u00e3o contemplados desde os trabalhadores com ensino m\u00e9dio ou superior completo at\u00e9 aqueles que n\u00e3o chegaram a avan\u00e7ados n\u00edveis de escolaridade. A lista de hoje [&hellip;]","og_url":"https:\/\/www.cambe.pr.gov.br\/index.php\/secretaria-do-trabalho-de-cambe-informa-vagas-disponiveis-nesta-segunda-feira-7\/","og_site_name":"Prefeitura de Camb\u00e9","article_publisher":"https:\/\/m.facebook.com\/prefeituradecambe","article_published_time":"2022-05-02T16:47:44+00:00","article_modified_time":"2024-10-07T16:00:36+00:00","og_image":[{"url":"http:\/\/www.cambe.pr.gov.br\/wp-content\/uploads\/2022\/02\/carteira_de_trabalho_07122000711-e1648648949347-1024x682.jpg","type":"","width":"","height":""}],"author":"Thiago Mossini Balbino dos Santos","twitter_card":"summary_large_image","twitter_misc":{"Escrito por":"Thiago Mossini Balbino dos Santos","Est. tempo de leitura":"2 minutos"},"schema":{"@context":"https:\/\/schema.org","@graph":[{"@type":"Article","@id":"https:\/\/www.cambe.pr.gov.br\/index.php\/secretaria-do-trabalho-de-cambe-informa-vagas-disponiveis-nesta-segunda-feira-7\/#article","isPartOf":{"@id":"https:\/\/www.cambe.pr.gov.br\/index.php\/secretaria-do-trabalho-de-cambe-informa-vagas-disponiveis-nesta-segunda-feira-7\/"},"author":{"name":"Thiago Mossini Balbino dos Santos","@id":"https:\/\/www.cambe.pr.gov.br\/#\/schema\/person\/e08f7c43a641b2ec036e4e867ec483e4"},"headline":"Secretaria do Trabalho de Camb\u00e9 informa vagas dispon\u00edveis nesta segunda-feira","datePublished":"2022-05-02T16:47:44+00:00","dateModified":"2024-10-07T16:00:36+00:00","mainEntityOfPage":{"@id":"https:\/\/www.cambe.pr.gov.br\/index.php\/secretaria-do-trabalho-de-cambe-informa-vagas-disponiveis-nesta-segunda-feira-7\/"},"wordCount":316,"publisher":{"@id":"https:\/\/www.cambe.pr.gov.br\/#organization"},"image":{"@id":"https:\/\/www.cambe.pr.gov.br\/index.php\/secretaria-do-trabalho-de-cambe-informa-vagas-disponiveis-nesta-segunda-feira-7\/#primaryimage"},"thumbnailUrl":"http:\/\/www.cambe.pr.gov.br\/wp-content\/uploads\/2022\/02\/carteira_de_trabalho_07122000711-e1648648949347-1024x682.jpg","articleSection":["Principal"],"inLanguage":"pt-BR"},{"@type":"WebPage","@id":"https:\/\/www.cambe.pr.gov.br\/index.php\/secretaria-do-trabalho-de-cambe-informa-vagas-disponiveis-nesta-segunda-feira-7\/","url":"https:\/\/www.cambe.pr.gov.br\/index.php\/secretaria-do-trabalho-de-cambe-informa-vagas-disponiveis-nesta-segunda-feira-7\/","name":"Secretaria do Trabalho de Camb\u00e9 informa vagas dispon\u00edveis nesta segunda-feira - Prefeitura de Camb\u00e9","isPartOf":{"@id":"https:\/\/www.cambe.pr.gov.br\/#website"},"primaryImageOfPage":{"@id":"https:\/\/www.cambe.pr.gov.br\/index.php\/secretaria-do-trabalho-de-cambe-informa-vagas-disponiveis-nesta-segunda-feira-7\/#primaryimage"},"image":{"@id":"https:\/\/www.cambe.pr.gov.br\/index.php\/secretaria-do-trabalho-de-cambe-informa-vagas-disponiveis-nesta-segunda-feira-7\/#primaryimage"},"thumbnailUrl":"http:\/\/www.cambe.pr.gov.br\/wp-content\/uploads\/2022\/02\/carteira_de_trabalho_07122000711-e1648648949347-1024x682.jpg","datePublished":"2022-05-02T16:47:44+00:00","dateModified":"2024-10-07T16:00:36+00:00","breadcrumb":{"@id":"https:\/\/www.cambe.pr.gov.br\/index.php\/secretaria-do-trabalho-de-cambe-informa-vagas-disponiveis-nesta-segunda-feira-7\/#breadcrumb"},"inLanguage":"pt-BR","potentialAction":[{"@type":"ReadAction","target":["https:\/\/www.cambe.pr.gov.br\/index.php\/secretaria-do-trabalho-de-cambe-informa-vagas-disponiveis-nesta-segunda-feira-7\/"]}]},{"@type":"ImageObject","inLanguage":"pt-BR","@id":"https:\/\/www.cambe.pr.gov.br\/index.php\/secretaria-do-trabalho-de-cambe-informa-vagas-disponiveis-nesta-segunda-feira-7\/#primaryimage","url":"http:\/\/www.cambe.pr.gov.br\/wp-content\/uploads\/2022\/02\/carteira_de_trabalho_07122000711-e1648648949347-1024x682.jpg","contentUrl":"http:\/\/www.cambe.pr.gov.br\/wp-content\/uploads\/2022\/02\/carteira_de_trabalho_07122000711-e1648648949347-1024x682.jpg"},{"@type":"BreadcrumbList","@id":"https:\/\/www.cambe.pr.gov.br\/index.php\/secretaria-do-trabalho-de-cambe-informa-vagas-disponiveis-nesta-segunda-feira-7\/#breadcrumb","itemListElement":[{"@type":"ListItem","position":1,"name":"In\u00edcio","item":"https:\/\/www.cambe.pr.gov.br\/"},{"@type":"ListItem","position":2,"name":"Secretaria do Trabalho de Camb\u00e9 informa vagas dispon\u00edveis nesta segunda-feira"}]},{"@type":"WebSite","@id":"https:\/\/www.cambe.pr.gov.br\/#website","url":"https:\/\/www.cambe.pr.gov.br\/","name":"Prefeitura de Camb\u00e9","description":"UM GOVERNO PARA TODOS","publisher":{"@id":"https:\/\/www.cambe.pr.gov.br\/#organization"},"potentialAction":[{"@type":"SearchAction","target":{"@type":"EntryPoint","urlTemplate":"https:\/\/www.cambe.pr.gov.br\/?s={search_term_string}"},"query-input":{"@type":"PropertyValueSpecification","valueRequired":true,"valueName":"search_term_string"}}],"inLanguage":"pt-BR"},{"@type":"Organization","@id":"https:\/\/www.cambe.pr.gov.br\/#organization","name":"Prefeitura de Camb\u00e9","url":"https:\/\/www.cambe.pr.gov.br\/","logo":{"@type":"ImageObject","inLanguage":"pt-BR","@id":"https:\/\/www.cambe.pr.gov.br\/#\/schema\/logo\/image\/","url":"https:\/\/www.cambe.pr.gov.br\/wp-content\/uploads\/2021\/01\/cropped-cropped-cambe_brazao-icone.png","contentUrl":"https:\/\/www.cambe.pr.gov.br\/wp-content\/uploads\/2021\/01\/cropped-cropped-cambe_brazao-icone.png","width":240,"height":240,"caption":"Prefeitura de Camb\u00e9"},"image":{"@id":"https:\/\/www.cambe.pr.gov.br\/#\/schema\/logo\/image\/"},"sameAs":["https:\/\/m.facebook.com\/prefeituradecambe"]},{"@type":"Person","@id":"https:\/\/www.cambe.pr.gov.br\/#\/schema\/person\/e08f7c43a641b2ec036e4e867ec483e4","name":"Thiago Mossini Balbino dos Santos","image":{"@type":"ImageObject","inLanguage":"pt-BR","@id":"https:\/\/secure.gravatar.com\/avatar\/d957ed4e1bc3ebf5769d1003f9709cd2012ebf424eb4a5d76a933fee30e874b6?s=96&d=mm&r=g","url":"https:\/\/secure.gravatar.com\/avatar\/d957ed4e1bc3ebf5769d1003f9709cd2012ebf424eb4a5d76a933fee30e874b6?s=96&d=mm&r=g","contentUrl":"https:\/\/secure.gravatar.com\/avatar\/d957ed4e1bc3ebf5769d1003f9709cd2012ebf424eb4a5d76a933fee30e874b6?s=96&d=mm&r=g","caption":"Thiago Mossini Balbino dos Santos"},"url":"https:\/\/www.cambe.pr.gov.br\/index.php\/author\/tmbsantos\/"}]}},"_links":{"self":[{"href":"https:\/\/www.cambe.pr.gov.br\/index.php\/wp-json\/wp\/v2\/posts\/5718","targetHints":{"allow":["GET"]}}],"collection":[{"href":"https:\/\/www.cambe.pr.gov.br\/index.php\/wp-json\/wp\/v2\/posts"}],"about":[{"href":"https:\/\/www.cambe.pr.gov.br\/index.php\/wp-json\/wp\/v2\/types\/post"}],"author":[{"embeddable":true,"href":"https:\/\/www.cambe.pr.gov.br\/index.php\/wp-json\/wp\/v2\/users\/2"}],"replies":[{"embeddable":true,"href":"https:\/\/www.cambe.pr.gov.br\/index.php\/wp-json\/wp\/v2\/comments?post=5718"}],"version-history":[{"count":3,"href":"https:\/\/www.cambe.pr.gov.br\/index.php\/wp-json\/wp\/v2\/posts\/5718\/revisions"}],"predecessor-version":[{"id":5724,"href":"https:\/\/www.cambe.pr.gov.br\/index.php\/wp-json\/wp\/v2\/posts\/5718\/revisions\/5724"}],"wp:attachment":[{"href":"https:\/\/www.cambe.pr.gov.br\/index.php\/wp-json\/wp\/v2\/media?parent=5718"}],"wp:term":[{"taxonomy":"category","embeddable":true,"href":"https:\/\/www.cambe.pr.gov.br\/index.php\/wp-json\/wp\/v2\/categories?post=5718"},{"taxonomy":"post_tag","embeddable":true,"href":"https:\/\/www.cambe.pr.gov.br\/index.php\/wp-json\/wp\/v2\/tags?post=5718"}],"curies":[{"name":"wp","href":"https:\/\/api.w.org\/{rel}","templated":true}]}}