{"id":5682,"date":"2022-07-01T11:39:15","date_gmt":"2022-07-01T14:39:15","guid":{"rendered":"http:\/\/www.cambe.pr.gov.br\/?p=5682"},"modified":"2024-10-07T13:00:58","modified_gmt":"2024-10-07T16:00:58","slug":"jovens-recebem-capacitacao-em-informatica-como-contrapartida-da-zona-verde","status":"publish","type":"post","link":"https:\/\/www.cambe.pr.gov.br\/index.php\/jovens-recebem-capacitacao-em-informatica-como-contrapartida-da-zona-verde\/","title":{"rendered":"Jovens recebem capacita\u00e7\u00e3o em inform\u00e1tica como contrapartida da Zona Verde"},"content":{"rendered":"<p style=\"text-align: justify;\"><span style=\"font-family: arial, helvetica, sans-serif;\"><img fetchpriority=\"high\" decoding=\"async\" class=\"alignleft wp-image-5684 size-large\" src=\"https:\/\/www.cambe.pr.gov.br\/wp-content\/uploads\/2022\/04\/WhatsApp-Image-2022-04-26-at-5.12.29-PM-e1656679294312-1024x684.jpeg\" alt=\"\" width=\"610\" height=\"407\" srcset=\"https:\/\/www.cambe.pr.gov.br\/wp-content\/uploads\/2022\/04\/WhatsApp-Image-2022-04-26-at-5.12.29-PM-e1656679294312-1024x684.jpeg 1024w, https:\/\/www.cambe.pr.gov.br\/wp-content\/uploads\/2022\/04\/WhatsApp-Image-2022-04-26-at-5.12.29-PM-e1656679294312-300x200.jpeg 300w, https:\/\/www.cambe.pr.gov.br\/wp-content\/uploads\/2022\/04\/WhatsApp-Image-2022-04-26-at-5.12.29-PM-e1656679294312-768x513.jpeg 768w, https:\/\/www.cambe.pr.gov.br\/wp-content\/uploads\/2022\/04\/WhatsApp-Image-2022-04-26-at-5.12.29-PM-e1656679294312.jpeg 1224w\" sizes=\"(max-width: 610px) 100vw, 610px\" \/><\/span><\/p>\n<p style=\"text-align: justify;\"><span style=\"font-family: arial, helvetica, sans-serif;\">Os alunos do curso profissionalizante de inform\u00e1tica b\u00e1sica oferecido pelo Instituto Leonardo Murialdo, respons\u00e1vel por administrar o estacionamento rotativo na cidade por meio de contrato com a Prefeitura, se formaram na quinta-feira (30\/06). O curso \u00e9 uma contrapartida contratual que prev\u00ea o investimento de parte do lucro gerado pela Zona Verde em&nbsp; projetos sociais.<\/span><\/p>\n<p style=\"text-align: justify;\"><span style=\"font-family: arial, helvetica, sans-serif;\">No total participaram 24 jovens de fam\u00edlias de baixa renda que foram encaminhados pela Secretaria Municipal de Assist\u00eancia Social. Os cursos disponibilizados tiveram a dura\u00e7\u00e3o de dois meses e ao final das aulas os participantes receberam um certificado de conclus\u00e3o. Os alunos do curso t\u00eam entre 14 e 17 anos. As aulas tiveram in\u00edcio no dia 11\/04 e foram realizadas na sede da Zona Verde, na Rua Par\u00e1 265.<\/span><\/p>\n<p style=\"text-align: justify;\"><span style=\"font-family: arial, helvetica, sans-serif;\">O secret\u00e1rio de Governo, Frederico Ferreira, detalha que a Prefeitura tem um contrato de presta\u00e7\u00e3o de servi\u00e7os de explora\u00e7\u00e3o do estacionamento rotativo com o Instituto Leonardo Murialdo. \u201cEsse contrato prev\u00ea que parte do lucro da entidade fosse revertido em atividades e projetos sociais e isso foi iniciado aqui em Camb\u00e9 em 2018. Como \u00e9 uma entidade com fins sociais sem fins lucrativos pr\u00f3prios, parte do lucro \u00e9 investido em a\u00e7\u00f5es sociais de capacita\u00e7\u00e3o profissional para jovens. Ent\u00e3o toda a arrecada\u00e7\u00e3o deles paga os custos do processo, ou seja, os parqu\u00edmetros e contrata\u00e7\u00e3o dos profissionais que trabalham no estacionamento rotativo e a parte que \u00e9 o lucro, que seria da entidade, \u00e9 revertido em projetos sociais como esse\u201d, ressalta. Pretendemos aumentar a quantidade de jovens atendidos para 60 vagas nos pr\u00f3ximos cursos, grande parte dos usu\u00e1rios do Estacionamento Rotativo n\u00e3o sabem que ao pagar a tarifa da Zona Verde est\u00e3o tamb\u00e9m contribuindo para a forma\u00e7\u00e3o destes jovens que s\u00e3o de fam\u00edlias de baixa renda, e tamb\u00e9m contribuem para a gera\u00e7\u00e3o de empregos pois todos os colaboradores da Zona Verde s\u00e3o jovens que residem na nossa cidade.<\/span><\/p>\n<p style=\"text-align: justify;\"><span style=\"font-family: arial, helvetica, sans-serif;\">Iasmine Calegari, assistente social do Instituto respons\u00e1vel pelo curso, explica&nbsp; a import\u00e2ncia das aulas para os jovens. \u201cA gente iniciou esse curso de inform\u00e1tica para mostrar que \u00e9 uma mat\u00e9ria importante para os jovens ingressarem no mercado de trabalho. \u00c9 um momento no qual eles est\u00e3o procurando aprendizagem profissional, ent\u00e3o colocar esse certificado no curr\u00edculo \u00e9 extremamente importante para eles\u201d, destaca Calegari.<\/span><\/p>\n<p style=\"text-align: justify;\"><span style=\"font-family: arial, helvetica, sans-serif;\">Segundo Calegari, as matr\u00edculas para as pr\u00f3ximas turmas, que iniciar\u00e3o em julho, j\u00e1 est\u00e3o abertas. Para mais informa\u00e7\u00f5es \u00e9 necess\u00e1rio entrar em contato com a Assistente Social pelo n\u00famero (43) 99920-0497 ou procurar a Sede da Zona Verde na Rua Par\u00e1 265, aberta de segunda-feira \u00e0 quinta-feira, das 12h30 \u00e0s 17h.<\/span><\/p>\n<p style=\"text-align: justify;\"><span style=\"font-family: arial, helvetica, sans-serif;\">&nbsp;<\/span><\/p>\n","protected":false},"excerpt":{"rendered":"<p>Os alunos do curso profissionalizante de inform\u00e1tica b\u00e1sica oferecido pelo Instituto Leonardo Murialdo, respons\u00e1vel por administrar o estacionamento rotativo na cidade por meio de contrato com a Prefeitura, se formaram na quinta-feira (30\/06). O curso \u00e9 uma contrapartida contratual que prev\u00ea o investimento de parte do lucro gerado pela Zona Verde em&nbsp; projetos sociais. No [&hellip;]<\/p>\n","protected":false},"author":2,"featured_media":0,"comment_status":"closed","ping_status":"open","sticky":false,"template":"","format":"standard","meta":{"ngg_post_thumbnail":0,"footnotes":""},"categories":[1],"tags":[],"class_list":["post-5682","post","type-post","status-publish","format-standard","hentry","category-principal"],"yoast_head":"<!-- This site is optimized with the Yoast SEO plugin v27.4 - https:\/\/yoast.com\/product\/yoast-seo-wordpress\/ -->\n<title>Jovens recebem capacita\u00e7\u00e3o em inform\u00e1tica como contrapartida da Zona Verde - Prefeitura de Camb\u00e9<\/title>\n<meta name=\"robots\" content=\"index, follow, max-snippet:-1, max-image-preview:large, max-video-preview:-1\" \/>\n<link rel=\"canonical\" href=\"https:\/\/www.cambe.pr.gov.br\/index.php\/jovens-recebem-capacitacao-em-informatica-como-contrapartida-da-zona-verde\/\" \/>\n<meta property=\"og:locale\" content=\"pt_BR\" \/>\n<meta property=\"og:type\" content=\"article\" \/>\n<meta property=\"og:title\" content=\"Jovens recebem capacita\u00e7\u00e3o em inform\u00e1tica como contrapartida da Zona Verde - Prefeitura de Camb\u00e9\" \/>\n<meta property=\"og:description\" content=\"Os alunos do curso profissionalizante de inform\u00e1tica b\u00e1sica oferecido pelo Instituto Leonardo Murialdo, respons\u00e1vel por administrar o estacionamento rotativo na cidade por meio de contrato com a Prefeitura, se formaram na quinta-feira (30\/06). O curso \u00e9 uma contrapartida contratual que prev\u00ea o investimento de parte do lucro gerado pela Zona Verde em&nbsp; projetos sociais. No [&hellip;]\" \/>\n<meta property=\"og:url\" content=\"https:\/\/www.cambe.pr.gov.br\/index.php\/jovens-recebem-capacitacao-em-informatica-como-contrapartida-da-zona-verde\/\" \/>\n<meta property=\"og:site_name\" content=\"Prefeitura de Camb\u00e9\" \/>\n<meta property=\"article:publisher\" content=\"https:\/\/m.facebook.com\/prefeituradecambe\" \/>\n<meta property=\"article:published_time\" content=\"2022-07-01T14:39:15+00:00\" \/>\n<meta property=\"article:modified_time\" content=\"2024-10-07T16:00:58+00:00\" \/>\n<meta property=\"og:image\" content=\"http:\/\/www.cambe.pr.gov.br\/wp-content\/uploads\/2022\/04\/WhatsApp-Image-2022-04-26-at-5.12.29-PM-e1656679294312-1024x684.jpeg\" \/>\n<meta name=\"author\" content=\"Thiago Mossini Balbino dos Santos\" \/>\n<meta name=\"twitter:card\" content=\"summary_large_image\" \/>\n<meta name=\"twitter:label1\" content=\"Escrito por\" \/>\n\t<meta name=\"twitter:data1\" content=\"Thiago Mossini Balbino dos Santos\" \/>\n\t<meta name=\"twitter:label2\" content=\"Est. tempo de leitura\" \/>\n\t<meta name=\"twitter:data2\" content=\"2 minutos\" \/>\n<script type=\"application\/ld+json\" class=\"yoast-schema-graph\">{\"@context\":\"https:\\\/\\\/schema.org\",\"@graph\":[{\"@type\":\"Article\",\"@id\":\"https:\\\/\\\/www.cambe.pr.gov.br\\\/index.php\\\/jovens-recebem-capacitacao-em-informatica-como-contrapartida-da-zona-verde\\\/#article\",\"isPartOf\":{\"@id\":\"https:\\\/\\\/www.cambe.pr.gov.br\\\/index.php\\\/jovens-recebem-capacitacao-em-informatica-como-contrapartida-da-zona-verde\\\/\"},\"author\":{\"name\":\"Thiago Mossini Balbino dos Santos\",\"@id\":\"https:\\\/\\\/www.cambe.pr.gov.br\\\/#\\\/schema\\\/person\\\/e08f7c43a641b2ec036e4e867ec483e4\"},\"headline\":\"Jovens recebem capacita\u00e7\u00e3o em inform\u00e1tica como contrapartida da Zona Verde\",\"datePublished\":\"2022-07-01T14:39:15+00:00\",\"dateModified\":\"2024-10-07T16:00:58+00:00\",\"mainEntityOfPage\":{\"@id\":\"https:\\\/\\\/www.cambe.pr.gov.br\\\/index.php\\\/jovens-recebem-capacitacao-em-informatica-como-contrapartida-da-zona-verde\\\/\"},\"wordCount\":461,\"publisher\":{\"@id\":\"https:\\\/\\\/www.cambe.pr.gov.br\\\/#organization\"},\"image\":{\"@id\":\"https:\\\/\\\/www.cambe.pr.gov.br\\\/index.php\\\/jovens-recebem-capacitacao-em-informatica-como-contrapartida-da-zona-verde\\\/#primaryimage\"},\"thumbnailUrl\":\"http:\\\/\\\/www.cambe.pr.gov.br\\\/wp-content\\\/uploads\\\/2022\\\/04\\\/WhatsApp-Image-2022-04-26-at-5.12.29-PM-e1656679294312-1024x684.jpeg\",\"articleSection\":[\"Principal\"],\"inLanguage\":\"pt-BR\"},{\"@type\":\"WebPage\",\"@id\":\"https:\\\/\\\/www.cambe.pr.gov.br\\\/index.php\\\/jovens-recebem-capacitacao-em-informatica-como-contrapartida-da-zona-verde\\\/\",\"url\":\"https:\\\/\\\/www.cambe.pr.gov.br\\\/index.php\\\/jovens-recebem-capacitacao-em-informatica-como-contrapartida-da-zona-verde\\\/\",\"name\":\"Jovens recebem capacita\u00e7\u00e3o em inform\u00e1tica como contrapartida da Zona Verde - Prefeitura de Camb\u00e9\",\"isPartOf\":{\"@id\":\"https:\\\/\\\/www.cambe.pr.gov.br\\\/#website\"},\"primaryImageOfPage\":{\"@id\":\"https:\\\/\\\/www.cambe.pr.gov.br\\\/index.php\\\/jovens-recebem-capacitacao-em-informatica-como-contrapartida-da-zona-verde\\\/#primaryimage\"},\"image\":{\"@id\":\"https:\\\/\\\/www.cambe.pr.gov.br\\\/index.php\\\/jovens-recebem-capacitacao-em-informatica-como-contrapartida-da-zona-verde\\\/#primaryimage\"},\"thumbnailUrl\":\"http:\\\/\\\/www.cambe.pr.gov.br\\\/wp-content\\\/uploads\\\/2022\\\/04\\\/WhatsApp-Image-2022-04-26-at-5.12.29-PM-e1656679294312-1024x684.jpeg\",\"datePublished\":\"2022-07-01T14:39:15+00:00\",\"dateModified\":\"2024-10-07T16:00:58+00:00\",\"breadcrumb\":{\"@id\":\"https:\\\/\\\/www.cambe.pr.gov.br\\\/index.php\\\/jovens-recebem-capacitacao-em-informatica-como-contrapartida-da-zona-verde\\\/#breadcrumb\"},\"inLanguage\":\"pt-BR\",\"potentialAction\":[{\"@type\":\"ReadAction\",\"target\":[\"https:\\\/\\\/www.cambe.pr.gov.br\\\/index.php\\\/jovens-recebem-capacitacao-em-informatica-como-contrapartida-da-zona-verde\\\/\"]}]},{\"@type\":\"ImageObject\",\"inLanguage\":\"pt-BR\",\"@id\":\"https:\\\/\\\/www.cambe.pr.gov.br\\\/index.php\\\/jovens-recebem-capacitacao-em-informatica-como-contrapartida-da-zona-verde\\\/#primaryimage\",\"url\":\"http:\\\/\\\/www.cambe.pr.gov.br\\\/wp-content\\\/uploads\\\/2022\\\/04\\\/WhatsApp-Image-2022-04-26-at-5.12.29-PM-e1656679294312-1024x684.jpeg\",\"contentUrl\":\"http:\\\/\\\/www.cambe.pr.gov.br\\\/wp-content\\\/uploads\\\/2022\\\/04\\\/WhatsApp-Image-2022-04-26-at-5.12.29-PM-e1656679294312-1024x684.jpeg\"},{\"@type\":\"BreadcrumbList\",\"@id\":\"https:\\\/\\\/www.cambe.pr.gov.br\\\/index.php\\\/jovens-recebem-capacitacao-em-informatica-como-contrapartida-da-zona-verde\\\/#breadcrumb\",\"itemListElement\":[{\"@type\":\"ListItem\",\"position\":1,\"name\":\"In\u00edcio\",\"item\":\"https:\\\/\\\/www.cambe.pr.gov.br\\\/\"},{\"@type\":\"ListItem\",\"position\":2,\"name\":\"Jovens recebem capacita\u00e7\u00e3o em inform\u00e1tica como contrapartida da Zona Verde\"}]},{\"@type\":\"WebSite\",\"@id\":\"https:\\\/\\\/www.cambe.pr.gov.br\\\/#website\",\"url\":\"https:\\\/\\\/www.cambe.pr.gov.br\\\/\",\"name\":\"Prefeitura de Camb\u00e9\",\"description\":\"UM GOVERNO PARA TODOS\",\"publisher\":{\"@id\":\"https:\\\/\\\/www.cambe.pr.gov.br\\\/#organization\"},\"potentialAction\":[{\"@type\":\"SearchAction\",\"target\":{\"@type\":\"EntryPoint\",\"urlTemplate\":\"https:\\\/\\\/www.cambe.pr.gov.br\\\/?s={search_term_string}\"},\"query-input\":{\"@type\":\"PropertyValueSpecification\",\"valueRequired\":true,\"valueName\":\"search_term_string\"}}],\"inLanguage\":\"pt-BR\"},{\"@type\":\"Organization\",\"@id\":\"https:\\\/\\\/www.cambe.pr.gov.br\\\/#organization\",\"name\":\"Prefeitura de Camb\u00e9\",\"url\":\"https:\\\/\\\/www.cambe.pr.gov.br\\\/\",\"logo\":{\"@type\":\"ImageObject\",\"inLanguage\":\"pt-BR\",\"@id\":\"https:\\\/\\\/www.cambe.pr.gov.br\\\/#\\\/schema\\\/logo\\\/image\\\/\",\"url\":\"https:\\\/\\\/www.cambe.pr.gov.br\\\/wp-content\\\/uploads\\\/2021\\\/01\\\/cropped-cropped-cambe_brazao-icone.png\",\"contentUrl\":\"https:\\\/\\\/www.cambe.pr.gov.br\\\/wp-content\\\/uploads\\\/2021\\\/01\\\/cropped-cropped-cambe_brazao-icone.png\",\"width\":240,\"height\":240,\"caption\":\"Prefeitura de Camb\u00e9\"},\"image\":{\"@id\":\"https:\\\/\\\/www.cambe.pr.gov.br\\\/#\\\/schema\\\/logo\\\/image\\\/\"},\"sameAs\":[\"https:\\\/\\\/m.facebook.com\\\/prefeituradecambe\"]},{\"@type\":\"Person\",\"@id\":\"https:\\\/\\\/www.cambe.pr.gov.br\\\/#\\\/schema\\\/person\\\/e08f7c43a641b2ec036e4e867ec483e4\",\"name\":\"Thiago Mossini Balbino dos Santos\",\"image\":{\"@type\":\"ImageObject\",\"inLanguage\":\"pt-BR\",\"@id\":\"https:\\\/\\\/secure.gravatar.com\\\/avatar\\\/d957ed4e1bc3ebf5769d1003f9709cd2012ebf424eb4a5d76a933fee30e874b6?s=96&d=mm&r=g\",\"url\":\"https:\\\/\\\/secure.gravatar.com\\\/avatar\\\/d957ed4e1bc3ebf5769d1003f9709cd2012ebf424eb4a5d76a933fee30e874b6?s=96&d=mm&r=g\",\"contentUrl\":\"https:\\\/\\\/secure.gravatar.com\\\/avatar\\\/d957ed4e1bc3ebf5769d1003f9709cd2012ebf424eb4a5d76a933fee30e874b6?s=96&d=mm&r=g\",\"caption\":\"Thiago Mossini Balbino dos Santos\"},\"url\":\"https:\\\/\\\/www.cambe.pr.gov.br\\\/index.php\\\/author\\\/tmbsantos\\\/\"}]}<\/script>\n<!-- \/ Yoast SEO plugin. -->","yoast_head_json":{"title":"Jovens recebem capacita\u00e7\u00e3o em inform\u00e1tica como contrapartida da Zona Verde - Prefeitura de Camb\u00e9","robots":{"index":"index","follow":"follow","max-snippet":"max-snippet:-1","max-image-preview":"max-image-preview:large","max-video-preview":"max-video-preview:-1"},"canonical":"https:\/\/www.cambe.pr.gov.br\/index.php\/jovens-recebem-capacitacao-em-informatica-como-contrapartida-da-zona-verde\/","og_locale":"pt_BR","og_type":"article","og_title":"Jovens recebem capacita\u00e7\u00e3o em inform\u00e1tica como contrapartida da Zona Verde - Prefeitura de Camb\u00e9","og_description":"Os alunos do curso profissionalizante de inform\u00e1tica b\u00e1sica oferecido pelo Instituto Leonardo Murialdo, respons\u00e1vel por administrar o estacionamento rotativo na cidade por meio de contrato com a Prefeitura, se formaram na quinta-feira (30\/06). O curso \u00e9 uma contrapartida contratual que prev\u00ea o investimento de parte do lucro gerado pela Zona Verde em&nbsp; projetos sociais. No [&hellip;]","og_url":"https:\/\/www.cambe.pr.gov.br\/index.php\/jovens-recebem-capacitacao-em-informatica-como-contrapartida-da-zona-verde\/","og_site_name":"Prefeitura de Camb\u00e9","article_publisher":"https:\/\/m.facebook.com\/prefeituradecambe","article_published_time":"2022-07-01T14:39:15+00:00","article_modified_time":"2024-10-07T16:00:58+00:00","og_image":[{"url":"http:\/\/www.cambe.pr.gov.br\/wp-content\/uploads\/2022\/04\/WhatsApp-Image-2022-04-26-at-5.12.29-PM-e1656679294312-1024x684.jpeg","type":"","width":"","height":""}],"author":"Thiago Mossini Balbino dos Santos","twitter_card":"summary_large_image","twitter_misc":{"Escrito por":"Thiago Mossini Balbino dos Santos","Est. tempo de leitura":"2 minutos"},"schema":{"@context":"https:\/\/schema.org","@graph":[{"@type":"Article","@id":"https:\/\/www.cambe.pr.gov.br\/index.php\/jovens-recebem-capacitacao-em-informatica-como-contrapartida-da-zona-verde\/#article","isPartOf":{"@id":"https:\/\/www.cambe.pr.gov.br\/index.php\/jovens-recebem-capacitacao-em-informatica-como-contrapartida-da-zona-verde\/"},"author":{"name":"Thiago Mossini Balbino dos Santos","@id":"https:\/\/www.cambe.pr.gov.br\/#\/schema\/person\/e08f7c43a641b2ec036e4e867ec483e4"},"headline":"Jovens recebem capacita\u00e7\u00e3o em inform\u00e1tica como contrapartida da Zona Verde","datePublished":"2022-07-01T14:39:15+00:00","dateModified":"2024-10-07T16:00:58+00:00","mainEntityOfPage":{"@id":"https:\/\/www.cambe.pr.gov.br\/index.php\/jovens-recebem-capacitacao-em-informatica-como-contrapartida-da-zona-verde\/"},"wordCount":461,"publisher":{"@id":"https:\/\/www.cambe.pr.gov.br\/#organization"},"image":{"@id":"https:\/\/www.cambe.pr.gov.br\/index.php\/jovens-recebem-capacitacao-em-informatica-como-contrapartida-da-zona-verde\/#primaryimage"},"thumbnailUrl":"http:\/\/www.cambe.pr.gov.br\/wp-content\/uploads\/2022\/04\/WhatsApp-Image-2022-04-26-at-5.12.29-PM-e1656679294312-1024x684.jpeg","articleSection":["Principal"],"inLanguage":"pt-BR"},{"@type":"WebPage","@id":"https:\/\/www.cambe.pr.gov.br\/index.php\/jovens-recebem-capacitacao-em-informatica-como-contrapartida-da-zona-verde\/","url":"https:\/\/www.cambe.pr.gov.br\/index.php\/jovens-recebem-capacitacao-em-informatica-como-contrapartida-da-zona-verde\/","name":"Jovens recebem capacita\u00e7\u00e3o em inform\u00e1tica como contrapartida da Zona Verde - Prefeitura de Camb\u00e9","isPartOf":{"@id":"https:\/\/www.cambe.pr.gov.br\/#website"},"primaryImageOfPage":{"@id":"https:\/\/www.cambe.pr.gov.br\/index.php\/jovens-recebem-capacitacao-em-informatica-como-contrapartida-da-zona-verde\/#primaryimage"},"image":{"@id":"https:\/\/www.cambe.pr.gov.br\/index.php\/jovens-recebem-capacitacao-em-informatica-como-contrapartida-da-zona-verde\/#primaryimage"},"thumbnailUrl":"http:\/\/www.cambe.pr.gov.br\/wp-content\/uploads\/2022\/04\/WhatsApp-Image-2022-04-26-at-5.12.29-PM-e1656679294312-1024x684.jpeg","datePublished":"2022-07-01T14:39:15+00:00","dateModified":"2024-10-07T16:00:58+00:00","breadcrumb":{"@id":"https:\/\/www.cambe.pr.gov.br\/index.php\/jovens-recebem-capacitacao-em-informatica-como-contrapartida-da-zona-verde\/#breadcrumb"},"inLanguage":"pt-BR","potentialAction":[{"@type":"ReadAction","target":["https:\/\/www.cambe.pr.gov.br\/index.php\/jovens-recebem-capacitacao-em-informatica-como-contrapartida-da-zona-verde\/"]}]},{"@type":"ImageObject","inLanguage":"pt-BR","@id":"https:\/\/www.cambe.pr.gov.br\/index.php\/jovens-recebem-capacitacao-em-informatica-como-contrapartida-da-zona-verde\/#primaryimage","url":"http:\/\/www.cambe.pr.gov.br\/wp-content\/uploads\/2022\/04\/WhatsApp-Image-2022-04-26-at-5.12.29-PM-e1656679294312-1024x684.jpeg","contentUrl":"http:\/\/www.cambe.pr.gov.br\/wp-content\/uploads\/2022\/04\/WhatsApp-Image-2022-04-26-at-5.12.29-PM-e1656679294312-1024x684.jpeg"},{"@type":"BreadcrumbList","@id":"https:\/\/www.cambe.pr.gov.br\/index.php\/jovens-recebem-capacitacao-em-informatica-como-contrapartida-da-zona-verde\/#breadcrumb","itemListElement":[{"@type":"ListItem","position":1,"name":"In\u00edcio","item":"https:\/\/www.cambe.pr.gov.br\/"},{"@type":"ListItem","position":2,"name":"Jovens recebem capacita\u00e7\u00e3o em inform\u00e1tica como contrapartida da Zona Verde"}]},{"@type":"WebSite","@id":"https:\/\/www.cambe.pr.gov.br\/#website","url":"https:\/\/www.cambe.pr.gov.br\/","name":"Prefeitura de Camb\u00e9","description":"UM GOVERNO PARA TODOS","publisher":{"@id":"https:\/\/www.cambe.pr.gov.br\/#organization"},"potentialAction":[{"@type":"SearchAction","target":{"@type":"EntryPoint","urlTemplate":"https:\/\/www.cambe.pr.gov.br\/?s={search_term_string}"},"query-input":{"@type":"PropertyValueSpecification","valueRequired":true,"valueName":"search_term_string"}}],"inLanguage":"pt-BR"},{"@type":"Organization","@id":"https:\/\/www.cambe.pr.gov.br\/#organization","name":"Prefeitura de Camb\u00e9","url":"https:\/\/www.cambe.pr.gov.br\/","logo":{"@type":"ImageObject","inLanguage":"pt-BR","@id":"https:\/\/www.cambe.pr.gov.br\/#\/schema\/logo\/image\/","url":"https:\/\/www.cambe.pr.gov.br\/wp-content\/uploads\/2021\/01\/cropped-cropped-cambe_brazao-icone.png","contentUrl":"https:\/\/www.cambe.pr.gov.br\/wp-content\/uploads\/2021\/01\/cropped-cropped-cambe_brazao-icone.png","width":240,"height":240,"caption":"Prefeitura de Camb\u00e9"},"image":{"@id":"https:\/\/www.cambe.pr.gov.br\/#\/schema\/logo\/image\/"},"sameAs":["https:\/\/m.facebook.com\/prefeituradecambe"]},{"@type":"Person","@id":"https:\/\/www.cambe.pr.gov.br\/#\/schema\/person\/e08f7c43a641b2ec036e4e867ec483e4","name":"Thiago Mossini Balbino dos Santos","image":{"@type":"ImageObject","inLanguage":"pt-BR","@id":"https:\/\/secure.gravatar.com\/avatar\/d957ed4e1bc3ebf5769d1003f9709cd2012ebf424eb4a5d76a933fee30e874b6?s=96&d=mm&r=g","url":"https:\/\/secure.gravatar.com\/avatar\/d957ed4e1bc3ebf5769d1003f9709cd2012ebf424eb4a5d76a933fee30e874b6?s=96&d=mm&r=g","contentUrl":"https:\/\/secure.gravatar.com\/avatar\/d957ed4e1bc3ebf5769d1003f9709cd2012ebf424eb4a5d76a933fee30e874b6?s=96&d=mm&r=g","caption":"Thiago Mossini Balbino dos Santos"},"url":"https:\/\/www.cambe.pr.gov.br\/index.php\/author\/tmbsantos\/"}]}},"_links":{"self":[{"href":"https:\/\/www.cambe.pr.gov.br\/index.php\/wp-json\/wp\/v2\/posts\/5682","targetHints":{"allow":["GET"]}}],"collection":[{"href":"https:\/\/www.cambe.pr.gov.br\/index.php\/wp-json\/wp\/v2\/posts"}],"about":[{"href":"https:\/\/www.cambe.pr.gov.br\/index.php\/wp-json\/wp\/v2\/types\/post"}],"author":[{"embeddable":true,"href":"https:\/\/www.cambe.pr.gov.br\/index.php\/wp-json\/wp\/v2\/users\/2"}],"replies":[{"embeddable":true,"href":"https:\/\/www.cambe.pr.gov.br\/index.php\/wp-json\/wp\/v2\/comments?post=5682"}],"version-history":[{"count":12,"href":"https:\/\/www.cambe.pr.gov.br\/index.php\/wp-json\/wp\/v2\/posts\/5682\/revisions"}],"predecessor-version":[{"id":6548,"href":"https:\/\/www.cambe.pr.gov.br\/index.php\/wp-json\/wp\/v2\/posts\/5682\/revisions\/6548"}],"wp:attachment":[{"href":"https:\/\/www.cambe.pr.gov.br\/index.php\/wp-json\/wp\/v2\/media?parent=5682"}],"wp:term":[{"taxonomy":"category","embeddable":true,"href":"https:\/\/www.cambe.pr.gov.br\/index.php\/wp-json\/wp\/v2\/categories?post=5682"},{"taxonomy":"post_tag","embeddable":true,"href":"https:\/\/www.cambe.pr.gov.br\/index.php\/wp-json\/wp\/v2\/tags?post=5682"}],"curies":[{"name":"wp","href":"https:\/\/api.w.org\/{rel}","templated":true}]}}