{"id":4899,"date":"2022-03-11T10:06:39","date_gmt":"2022-03-11T13:06:39","guid":{"rendered":"http:\/\/www.cambe.pr.gov.br\/?p=4899"},"modified":"2024-10-07T13:00:33","modified_gmt":"2024-10-07T16:00:33","slug":"saude-intensifica-coleta-de-exames-ginecologicos-em-prol-do-mes-da-mulher","status":"publish","type":"post","link":"https:\/\/www.cambe.pr.gov.br\/index.php\/saude-intensifica-coleta-de-exames-ginecologicos-em-prol-do-mes-da-mulher\/","title":{"rendered":"Sa\u00fade intensifica coleta de exames ginecol\u00f3gicos em prol do M\u00eas da Mulher"},"content":{"rendered":"<p style=\"text-align: justify;\"><span style=\"font-family: arial, helvetica, sans-serif;\"><img fetchpriority=\"high\" decoding=\"async\" class=\"wp-image-4905 size-full alignleft\" src=\"https:\/\/www.cambe.pr.gov.br\/wp-content\/uploads\/2022\/03\/WhatsApp-Image-2022-03-11-at-10.05.14.jpeg\" alt=\"\" width=\"600\" height=\"400\" srcset=\"https:\/\/www.cambe.pr.gov.br\/wp-content\/uploads\/2022\/03\/WhatsApp-Image-2022-03-11-at-10.05.14.jpeg 600w, https:\/\/www.cambe.pr.gov.br\/wp-content\/uploads\/2022\/03\/WhatsApp-Image-2022-03-11-at-10.05.14-300x200.jpeg 300w\" sizes=\"(max-width: 600px) 100vw, 600px\" \/>A Secretaria de Sa\u00fade de Camb\u00e9 est\u00e1 mobilizada para garantir que todas as cambeenses tenham acesso aos exames ginecol\u00f3gicos fundamentais \u00e0 sa\u00fade da mulher. Como forma de democratizar esses atendimentos, a pasta organizou para este s\u00e1bado, dia 12 de mar\u00e7o, uma a\u00e7\u00e3o para ampliar o n\u00famero de coletas de papanicolau (preventivo) e de mamografia. O servi\u00e7o j\u00e1 \u00e9 ofertado pelas Unidades B\u00e1sicas de Sa\u00fade cotidianamente, mas vai ser intensificado em comemora\u00e7\u00e3o ao M\u00eas da Mulher. A a\u00e7\u00e3o acontece no pr\u00f3ximo s\u00e1bado, das 9h \u00e0s 16h, em todas as Unidades B\u00e1sicas de Sa\u00fade. Al\u00e9m disso, no mesmo hor\u00e1rio, o consult\u00f3rio m\u00f3vel da Secretaria de Sa\u00fade vai estar no cal\u00e7ad\u00e3o, no centro da cidade, prestando o mesmo servi\u00e7o.<\/span><\/p>\n<p style=\"text-align: justify;\"><span style=\"font-family: arial, helvetica, sans-serif;\">N\u00fabia Matos, respons\u00e1vel pelo Departamento de Aten\u00e7\u00e3o B\u00e1sica, explica que \u00e9 importante que as mulheres agendem por telefone ou presencialmente o atendimento na UBS mais pr\u00f3xima da resid\u00eancia, mas garante que todas as mulheres que comparecerem no dia tamb\u00e9m ser\u00e3o atendidas. Segundo ela, o foco da a\u00e7\u00e3o \u00e9 a coleta do papanicolau e o agendamento da mamografia, exames que s\u00e3o fundamentais para o rastreamento do c\u00e2ncer de colo de \u00fatero e de mama, respectivamente. \u201cEsses exames s\u00e3o a principal forma e a mais eficaz de detectar precocemente esses tipos de c\u00e2nceres, o que \u00e9 essencial para reduzir a mortalidade pela doen\u00e7a. Quanto mais recente a neoplasia \u00e9 detectada, maiores s\u00e3o as chances de cura total da mulher\u201d, explica.<\/span><\/p>\n<p style=\"text-align: justify;\"><span style=\"font-family: arial, helvetica, sans-serif;\">Matos ressalta que a mamografia \u00e9 indicada para mulheres entre 50 e 69 anos de idade, grupo que tem mais chance de desenvolver a doen\u00e7a. Entretanto, o exame tamb\u00e9m \u00e9 recomendado para mulheres que t\u00eam algum sinal ou sintoma que possa ser um indicativo para a doen\u00e7a, como n\u00f3dulos, altera\u00e7\u00f5es na forma e textura da mama e retra\u00e7\u00e3o do mamilo. Mulheres com hist\u00f3rico de neoplasias de mama na fam\u00edlia (irm\u00e3, m\u00e3e, av\u00f3 ou tia) tamb\u00e9m devem realizar periodicamente o exame. J\u00e1 o papanicolau \u00e9 fundamental para mulheres entre 25 anos e 64 anos, mas todas que j\u00e1 iniciaram a vida sexual podem realizar o exame. Em 2021, a cidade confirmou 44 casos de c\u00e2ncer de mama e 15 de colo de \u00fatero.<\/span><\/p>\n<p style=\"text-align: justify;\"><span style=\"font-family: arial, helvetica, sans-serif;\">No dia, as mulheres tamb\u00e9m v\u00e3o receber orienta\u00e7\u00f5es sobre a sa\u00fade feminina e tirar d\u00favidas a respeito do assunto. Segundo Mara Matos, a expectativa \u00e9 de atender mais de 300 mulheres nas 10 Unidades B\u00e1sicas de Sa\u00fade e no consult\u00f3rio m\u00f3vel.<\/span><\/p>\n<p>&nbsp;<\/p>\n<p><span style=\"font-family: arial, helvetica, sans-serif;\">Sob a supervis\u00e3o de Mateus Itiyama<\/span><\/p>\n","protected":false},"excerpt":{"rendered":"<p>A Secretaria de Sa\u00fade de Camb\u00e9 est\u00e1 mobilizada para garantir que todas as cambeenses tenham acesso aos exames ginecol\u00f3gicos fundamentais \u00e0 sa\u00fade da mulher. Como forma de democratizar esses atendimentos, a pasta organizou para este s\u00e1bado, dia 12 de mar\u00e7o, uma a\u00e7\u00e3o para ampliar o n\u00famero de coletas de papanicolau (preventivo) e de mamografia. O [&hellip;]<\/p>\n","protected":false},"author":2,"featured_media":0,"comment_status":"closed","ping_status":"open","sticky":false,"template":"","format":"standard","meta":{"ngg_post_thumbnail":0,"footnotes":""},"categories":[1],"tags":[],"class_list":["post-4899","post","type-post","status-publish","format-standard","hentry","category-principal"],"yoast_head":"<!-- This site is optimized with the Yoast SEO plugin v27.4 - https:\/\/yoast.com\/product\/yoast-seo-wordpress\/ -->\n<title>Sa\u00fade intensifica coleta de exames ginecol\u00f3gicos em prol do M\u00eas da Mulher - Prefeitura de Camb\u00e9<\/title>\n<meta name=\"robots\" content=\"index, follow, max-snippet:-1, max-image-preview:large, max-video-preview:-1\" \/>\n<link rel=\"canonical\" href=\"https:\/\/www.cambe.pr.gov.br\/index.php\/saude-intensifica-coleta-de-exames-ginecologicos-em-prol-do-mes-da-mulher\/\" \/>\n<meta property=\"og:locale\" content=\"pt_BR\" \/>\n<meta property=\"og:type\" content=\"article\" \/>\n<meta property=\"og:title\" content=\"Sa\u00fade intensifica coleta de exames ginecol\u00f3gicos em prol do M\u00eas da Mulher - Prefeitura de Camb\u00e9\" \/>\n<meta property=\"og:description\" content=\"A Secretaria de Sa\u00fade de Camb\u00e9 est\u00e1 mobilizada para garantir que todas as cambeenses tenham acesso aos exames ginecol\u00f3gicos fundamentais \u00e0 sa\u00fade da mulher. Como forma de democratizar esses atendimentos, a pasta organizou para este s\u00e1bado, dia 12 de mar\u00e7o, uma a\u00e7\u00e3o para ampliar o n\u00famero de coletas de papanicolau (preventivo) e de mamografia. O [&hellip;]\" \/>\n<meta property=\"og:url\" content=\"https:\/\/www.cambe.pr.gov.br\/index.php\/saude-intensifica-coleta-de-exames-ginecologicos-em-prol-do-mes-da-mulher\/\" \/>\n<meta property=\"og:site_name\" content=\"Prefeitura de Camb\u00e9\" \/>\n<meta property=\"article:publisher\" content=\"https:\/\/m.facebook.com\/prefeituradecambe\" \/>\n<meta property=\"article:published_time\" content=\"2022-03-11T13:06:39+00:00\" \/>\n<meta property=\"article:modified_time\" content=\"2024-10-07T16:00:33+00:00\" \/>\n<meta property=\"og:image\" content=\"http:\/\/www.cambe.pr.gov.br\/wp-content\/uploads\/2022\/03\/WhatsApp-Image-2022-03-11-at-10.05.14.jpeg\" \/>\n<meta name=\"author\" content=\"Thiago Mossini Balbino dos Santos\" \/>\n<meta name=\"twitter:card\" content=\"summary_large_image\" \/>\n<meta name=\"twitter:label1\" content=\"Escrito por\" \/>\n\t<meta name=\"twitter:data1\" content=\"Thiago Mossini Balbino dos Santos\" \/>\n\t<meta name=\"twitter:label2\" content=\"Est. tempo de leitura\" \/>\n\t<meta name=\"twitter:data2\" content=\"2 minutos\" \/>\n<script type=\"application\/ld+json\" class=\"yoast-schema-graph\">{\"@context\":\"https:\\\/\\\/schema.org\",\"@graph\":[{\"@type\":\"Article\",\"@id\":\"https:\\\/\\\/www.cambe.pr.gov.br\\\/index.php\\\/saude-intensifica-coleta-de-exames-ginecologicos-em-prol-do-mes-da-mulher\\\/#article\",\"isPartOf\":{\"@id\":\"https:\\\/\\\/www.cambe.pr.gov.br\\\/index.php\\\/saude-intensifica-coleta-de-exames-ginecologicos-em-prol-do-mes-da-mulher\\\/\"},\"author\":{\"name\":\"Thiago Mossini Balbino dos Santos\",\"@id\":\"https:\\\/\\\/www.cambe.pr.gov.br\\\/#\\\/schema\\\/person\\\/e08f7c43a641b2ec036e4e867ec483e4\"},\"headline\":\"Sa\u00fade intensifica coleta de exames ginecol\u00f3gicos em prol do M\u00eas da Mulher\",\"datePublished\":\"2022-03-11T13:06:39+00:00\",\"dateModified\":\"2024-10-07T16:00:33+00:00\",\"mainEntityOfPage\":{\"@id\":\"https:\\\/\\\/www.cambe.pr.gov.br\\\/index.php\\\/saude-intensifica-coleta-de-exames-ginecologicos-em-prol-do-mes-da-mulher\\\/\"},\"wordCount\":461,\"publisher\":{\"@id\":\"https:\\\/\\\/www.cambe.pr.gov.br\\\/#organization\"},\"image\":{\"@id\":\"https:\\\/\\\/www.cambe.pr.gov.br\\\/index.php\\\/saude-intensifica-coleta-de-exames-ginecologicos-em-prol-do-mes-da-mulher\\\/#primaryimage\"},\"thumbnailUrl\":\"http:\\\/\\\/www.cambe.pr.gov.br\\\/wp-content\\\/uploads\\\/2022\\\/03\\\/WhatsApp-Image-2022-03-11-at-10.05.14.jpeg\",\"articleSection\":[\"Principal\"],\"inLanguage\":\"pt-BR\"},{\"@type\":\"WebPage\",\"@id\":\"https:\\\/\\\/www.cambe.pr.gov.br\\\/index.php\\\/saude-intensifica-coleta-de-exames-ginecologicos-em-prol-do-mes-da-mulher\\\/\",\"url\":\"https:\\\/\\\/www.cambe.pr.gov.br\\\/index.php\\\/saude-intensifica-coleta-de-exames-ginecologicos-em-prol-do-mes-da-mulher\\\/\",\"name\":\"Sa\u00fade intensifica coleta de exames ginecol\u00f3gicos em prol do M\u00eas da Mulher - Prefeitura de Camb\u00e9\",\"isPartOf\":{\"@id\":\"https:\\\/\\\/www.cambe.pr.gov.br\\\/#website\"},\"primaryImageOfPage\":{\"@id\":\"https:\\\/\\\/www.cambe.pr.gov.br\\\/index.php\\\/saude-intensifica-coleta-de-exames-ginecologicos-em-prol-do-mes-da-mulher\\\/#primaryimage\"},\"image\":{\"@id\":\"https:\\\/\\\/www.cambe.pr.gov.br\\\/index.php\\\/saude-intensifica-coleta-de-exames-ginecologicos-em-prol-do-mes-da-mulher\\\/#primaryimage\"},\"thumbnailUrl\":\"http:\\\/\\\/www.cambe.pr.gov.br\\\/wp-content\\\/uploads\\\/2022\\\/03\\\/WhatsApp-Image-2022-03-11-at-10.05.14.jpeg\",\"datePublished\":\"2022-03-11T13:06:39+00:00\",\"dateModified\":\"2024-10-07T16:00:33+00:00\",\"breadcrumb\":{\"@id\":\"https:\\\/\\\/www.cambe.pr.gov.br\\\/index.php\\\/saude-intensifica-coleta-de-exames-ginecologicos-em-prol-do-mes-da-mulher\\\/#breadcrumb\"},\"inLanguage\":\"pt-BR\",\"potentialAction\":[{\"@type\":\"ReadAction\",\"target\":[\"https:\\\/\\\/www.cambe.pr.gov.br\\\/index.php\\\/saude-intensifica-coleta-de-exames-ginecologicos-em-prol-do-mes-da-mulher\\\/\"]}]},{\"@type\":\"ImageObject\",\"inLanguage\":\"pt-BR\",\"@id\":\"https:\\\/\\\/www.cambe.pr.gov.br\\\/index.php\\\/saude-intensifica-coleta-de-exames-ginecologicos-em-prol-do-mes-da-mulher\\\/#primaryimage\",\"url\":\"http:\\\/\\\/www.cambe.pr.gov.br\\\/wp-content\\\/uploads\\\/2022\\\/03\\\/WhatsApp-Image-2022-03-11-at-10.05.14.jpeg\",\"contentUrl\":\"http:\\\/\\\/www.cambe.pr.gov.br\\\/wp-content\\\/uploads\\\/2022\\\/03\\\/WhatsApp-Image-2022-03-11-at-10.05.14.jpeg\"},{\"@type\":\"BreadcrumbList\",\"@id\":\"https:\\\/\\\/www.cambe.pr.gov.br\\\/index.php\\\/saude-intensifica-coleta-de-exames-ginecologicos-em-prol-do-mes-da-mulher\\\/#breadcrumb\",\"itemListElement\":[{\"@type\":\"ListItem\",\"position\":1,\"name\":\"In\u00edcio\",\"item\":\"https:\\\/\\\/www.cambe.pr.gov.br\\\/\"},{\"@type\":\"ListItem\",\"position\":2,\"name\":\"Sa\u00fade intensifica coleta de exames ginecol\u00f3gicos em prol do M\u00eas da Mulher\"}]},{\"@type\":\"WebSite\",\"@id\":\"https:\\\/\\\/www.cambe.pr.gov.br\\\/#website\",\"url\":\"https:\\\/\\\/www.cambe.pr.gov.br\\\/\",\"name\":\"Prefeitura de Camb\u00e9\",\"description\":\"UM GOVERNO PARA TODOS\",\"publisher\":{\"@id\":\"https:\\\/\\\/www.cambe.pr.gov.br\\\/#organization\"},\"potentialAction\":[{\"@type\":\"SearchAction\",\"target\":{\"@type\":\"EntryPoint\",\"urlTemplate\":\"https:\\\/\\\/www.cambe.pr.gov.br\\\/?s={search_term_string}\"},\"query-input\":{\"@type\":\"PropertyValueSpecification\",\"valueRequired\":true,\"valueName\":\"search_term_string\"}}],\"inLanguage\":\"pt-BR\"},{\"@type\":\"Organization\",\"@id\":\"https:\\\/\\\/www.cambe.pr.gov.br\\\/#organization\",\"name\":\"Prefeitura de Camb\u00e9\",\"url\":\"https:\\\/\\\/www.cambe.pr.gov.br\\\/\",\"logo\":{\"@type\":\"ImageObject\",\"inLanguage\":\"pt-BR\",\"@id\":\"https:\\\/\\\/www.cambe.pr.gov.br\\\/#\\\/schema\\\/logo\\\/image\\\/\",\"url\":\"https:\\\/\\\/www.cambe.pr.gov.br\\\/wp-content\\\/uploads\\\/2021\\\/01\\\/cropped-cropped-cambe_brazao-icone.png\",\"contentUrl\":\"https:\\\/\\\/www.cambe.pr.gov.br\\\/wp-content\\\/uploads\\\/2021\\\/01\\\/cropped-cropped-cambe_brazao-icone.png\",\"width\":240,\"height\":240,\"caption\":\"Prefeitura de Camb\u00e9\"},\"image\":{\"@id\":\"https:\\\/\\\/www.cambe.pr.gov.br\\\/#\\\/schema\\\/logo\\\/image\\\/\"},\"sameAs\":[\"https:\\\/\\\/m.facebook.com\\\/prefeituradecambe\"]},{\"@type\":\"Person\",\"@id\":\"https:\\\/\\\/www.cambe.pr.gov.br\\\/#\\\/schema\\\/person\\\/e08f7c43a641b2ec036e4e867ec483e4\",\"name\":\"Thiago Mossini Balbino dos Santos\",\"image\":{\"@type\":\"ImageObject\",\"inLanguage\":\"pt-BR\",\"@id\":\"https:\\\/\\\/secure.gravatar.com\\\/avatar\\\/d957ed4e1bc3ebf5769d1003f9709cd2012ebf424eb4a5d76a933fee30e874b6?s=96&d=mm&r=g\",\"url\":\"https:\\\/\\\/secure.gravatar.com\\\/avatar\\\/d957ed4e1bc3ebf5769d1003f9709cd2012ebf424eb4a5d76a933fee30e874b6?s=96&d=mm&r=g\",\"contentUrl\":\"https:\\\/\\\/secure.gravatar.com\\\/avatar\\\/d957ed4e1bc3ebf5769d1003f9709cd2012ebf424eb4a5d76a933fee30e874b6?s=96&d=mm&r=g\",\"caption\":\"Thiago Mossini Balbino dos Santos\"},\"url\":\"https:\\\/\\\/www.cambe.pr.gov.br\\\/index.php\\\/author\\\/tmbsantos\\\/\"}]}<\/script>\n<!-- \/ Yoast SEO plugin. -->","yoast_head_json":{"title":"Sa\u00fade intensifica coleta de exames ginecol\u00f3gicos em prol do M\u00eas da Mulher - Prefeitura de Camb\u00e9","robots":{"index":"index","follow":"follow","max-snippet":"max-snippet:-1","max-image-preview":"max-image-preview:large","max-video-preview":"max-video-preview:-1"},"canonical":"https:\/\/www.cambe.pr.gov.br\/index.php\/saude-intensifica-coleta-de-exames-ginecologicos-em-prol-do-mes-da-mulher\/","og_locale":"pt_BR","og_type":"article","og_title":"Sa\u00fade intensifica coleta de exames ginecol\u00f3gicos em prol do M\u00eas da Mulher - Prefeitura de Camb\u00e9","og_description":"A Secretaria de Sa\u00fade de Camb\u00e9 est\u00e1 mobilizada para garantir que todas as cambeenses tenham acesso aos exames ginecol\u00f3gicos fundamentais \u00e0 sa\u00fade da mulher. Como forma de democratizar esses atendimentos, a pasta organizou para este s\u00e1bado, dia 12 de mar\u00e7o, uma a\u00e7\u00e3o para ampliar o n\u00famero de coletas de papanicolau (preventivo) e de mamografia. O [&hellip;]","og_url":"https:\/\/www.cambe.pr.gov.br\/index.php\/saude-intensifica-coleta-de-exames-ginecologicos-em-prol-do-mes-da-mulher\/","og_site_name":"Prefeitura de Camb\u00e9","article_publisher":"https:\/\/m.facebook.com\/prefeituradecambe","article_published_time":"2022-03-11T13:06:39+00:00","article_modified_time":"2024-10-07T16:00:33+00:00","og_image":[{"url":"http:\/\/www.cambe.pr.gov.br\/wp-content\/uploads\/2022\/03\/WhatsApp-Image-2022-03-11-at-10.05.14.jpeg","type":"","width":"","height":""}],"author":"Thiago Mossini Balbino dos Santos","twitter_card":"summary_large_image","twitter_misc":{"Escrito por":"Thiago Mossini Balbino dos Santos","Est. tempo de leitura":"2 minutos"},"schema":{"@context":"https:\/\/schema.org","@graph":[{"@type":"Article","@id":"https:\/\/www.cambe.pr.gov.br\/index.php\/saude-intensifica-coleta-de-exames-ginecologicos-em-prol-do-mes-da-mulher\/#article","isPartOf":{"@id":"https:\/\/www.cambe.pr.gov.br\/index.php\/saude-intensifica-coleta-de-exames-ginecologicos-em-prol-do-mes-da-mulher\/"},"author":{"name":"Thiago Mossini Balbino dos Santos","@id":"https:\/\/www.cambe.pr.gov.br\/#\/schema\/person\/e08f7c43a641b2ec036e4e867ec483e4"},"headline":"Sa\u00fade intensifica coleta de exames ginecol\u00f3gicos em prol do M\u00eas da Mulher","datePublished":"2022-03-11T13:06:39+00:00","dateModified":"2024-10-07T16:00:33+00:00","mainEntityOfPage":{"@id":"https:\/\/www.cambe.pr.gov.br\/index.php\/saude-intensifica-coleta-de-exames-ginecologicos-em-prol-do-mes-da-mulher\/"},"wordCount":461,"publisher":{"@id":"https:\/\/www.cambe.pr.gov.br\/#organization"},"image":{"@id":"https:\/\/www.cambe.pr.gov.br\/index.php\/saude-intensifica-coleta-de-exames-ginecologicos-em-prol-do-mes-da-mulher\/#primaryimage"},"thumbnailUrl":"http:\/\/www.cambe.pr.gov.br\/wp-content\/uploads\/2022\/03\/WhatsApp-Image-2022-03-11-at-10.05.14.jpeg","articleSection":["Principal"],"inLanguage":"pt-BR"},{"@type":"WebPage","@id":"https:\/\/www.cambe.pr.gov.br\/index.php\/saude-intensifica-coleta-de-exames-ginecologicos-em-prol-do-mes-da-mulher\/","url":"https:\/\/www.cambe.pr.gov.br\/index.php\/saude-intensifica-coleta-de-exames-ginecologicos-em-prol-do-mes-da-mulher\/","name":"Sa\u00fade intensifica coleta de exames ginecol\u00f3gicos em prol do M\u00eas da Mulher - Prefeitura de Camb\u00e9","isPartOf":{"@id":"https:\/\/www.cambe.pr.gov.br\/#website"},"primaryImageOfPage":{"@id":"https:\/\/www.cambe.pr.gov.br\/index.php\/saude-intensifica-coleta-de-exames-ginecologicos-em-prol-do-mes-da-mulher\/#primaryimage"},"image":{"@id":"https:\/\/www.cambe.pr.gov.br\/index.php\/saude-intensifica-coleta-de-exames-ginecologicos-em-prol-do-mes-da-mulher\/#primaryimage"},"thumbnailUrl":"http:\/\/www.cambe.pr.gov.br\/wp-content\/uploads\/2022\/03\/WhatsApp-Image-2022-03-11-at-10.05.14.jpeg","datePublished":"2022-03-11T13:06:39+00:00","dateModified":"2024-10-07T16:00:33+00:00","breadcrumb":{"@id":"https:\/\/www.cambe.pr.gov.br\/index.php\/saude-intensifica-coleta-de-exames-ginecologicos-em-prol-do-mes-da-mulher\/#breadcrumb"},"inLanguage":"pt-BR","potentialAction":[{"@type":"ReadAction","target":["https:\/\/www.cambe.pr.gov.br\/index.php\/saude-intensifica-coleta-de-exames-ginecologicos-em-prol-do-mes-da-mulher\/"]}]},{"@type":"ImageObject","inLanguage":"pt-BR","@id":"https:\/\/www.cambe.pr.gov.br\/index.php\/saude-intensifica-coleta-de-exames-ginecologicos-em-prol-do-mes-da-mulher\/#primaryimage","url":"http:\/\/www.cambe.pr.gov.br\/wp-content\/uploads\/2022\/03\/WhatsApp-Image-2022-03-11-at-10.05.14.jpeg","contentUrl":"http:\/\/www.cambe.pr.gov.br\/wp-content\/uploads\/2022\/03\/WhatsApp-Image-2022-03-11-at-10.05.14.jpeg"},{"@type":"BreadcrumbList","@id":"https:\/\/www.cambe.pr.gov.br\/index.php\/saude-intensifica-coleta-de-exames-ginecologicos-em-prol-do-mes-da-mulher\/#breadcrumb","itemListElement":[{"@type":"ListItem","position":1,"name":"In\u00edcio","item":"https:\/\/www.cambe.pr.gov.br\/"},{"@type":"ListItem","position":2,"name":"Sa\u00fade intensifica coleta de exames ginecol\u00f3gicos em prol do M\u00eas da Mulher"}]},{"@type":"WebSite","@id":"https:\/\/www.cambe.pr.gov.br\/#website","url":"https:\/\/www.cambe.pr.gov.br\/","name":"Prefeitura de Camb\u00e9","description":"UM GOVERNO PARA TODOS","publisher":{"@id":"https:\/\/www.cambe.pr.gov.br\/#organization"},"potentialAction":[{"@type":"SearchAction","target":{"@type":"EntryPoint","urlTemplate":"https:\/\/www.cambe.pr.gov.br\/?s={search_term_string}"},"query-input":{"@type":"PropertyValueSpecification","valueRequired":true,"valueName":"search_term_string"}}],"inLanguage":"pt-BR"},{"@type":"Organization","@id":"https:\/\/www.cambe.pr.gov.br\/#organization","name":"Prefeitura de Camb\u00e9","url":"https:\/\/www.cambe.pr.gov.br\/","logo":{"@type":"ImageObject","inLanguage":"pt-BR","@id":"https:\/\/www.cambe.pr.gov.br\/#\/schema\/logo\/image\/","url":"https:\/\/www.cambe.pr.gov.br\/wp-content\/uploads\/2021\/01\/cropped-cropped-cambe_brazao-icone.png","contentUrl":"https:\/\/www.cambe.pr.gov.br\/wp-content\/uploads\/2021\/01\/cropped-cropped-cambe_brazao-icone.png","width":240,"height":240,"caption":"Prefeitura de Camb\u00e9"},"image":{"@id":"https:\/\/www.cambe.pr.gov.br\/#\/schema\/logo\/image\/"},"sameAs":["https:\/\/m.facebook.com\/prefeituradecambe"]},{"@type":"Person","@id":"https:\/\/www.cambe.pr.gov.br\/#\/schema\/person\/e08f7c43a641b2ec036e4e867ec483e4","name":"Thiago Mossini Balbino dos Santos","image":{"@type":"ImageObject","inLanguage":"pt-BR","@id":"https:\/\/secure.gravatar.com\/avatar\/d957ed4e1bc3ebf5769d1003f9709cd2012ebf424eb4a5d76a933fee30e874b6?s=96&d=mm&r=g","url":"https:\/\/secure.gravatar.com\/avatar\/d957ed4e1bc3ebf5769d1003f9709cd2012ebf424eb4a5d76a933fee30e874b6?s=96&d=mm&r=g","contentUrl":"https:\/\/secure.gravatar.com\/avatar\/d957ed4e1bc3ebf5769d1003f9709cd2012ebf424eb4a5d76a933fee30e874b6?s=96&d=mm&r=g","caption":"Thiago Mossini Balbino dos Santos"},"url":"https:\/\/www.cambe.pr.gov.br\/index.php\/author\/tmbsantos\/"}]}},"_links":{"self":[{"href":"https:\/\/www.cambe.pr.gov.br\/index.php\/wp-json\/wp\/v2\/posts\/4899","targetHints":{"allow":["GET"]}}],"collection":[{"href":"https:\/\/www.cambe.pr.gov.br\/index.php\/wp-json\/wp\/v2\/posts"}],"about":[{"href":"https:\/\/www.cambe.pr.gov.br\/index.php\/wp-json\/wp\/v2\/types\/post"}],"author":[{"embeddable":true,"href":"https:\/\/www.cambe.pr.gov.br\/index.php\/wp-json\/wp\/v2\/users\/2"}],"replies":[{"embeddable":true,"href":"https:\/\/www.cambe.pr.gov.br\/index.php\/wp-json\/wp\/v2\/comments?post=4899"}],"version-history":[{"count":2,"href":"https:\/\/www.cambe.pr.gov.br\/index.php\/wp-json\/wp\/v2\/posts\/4899\/revisions"}],"predecessor-version":[{"id":4906,"href":"https:\/\/www.cambe.pr.gov.br\/index.php\/wp-json\/wp\/v2\/posts\/4899\/revisions\/4906"}],"wp:attachment":[{"href":"https:\/\/www.cambe.pr.gov.br\/index.php\/wp-json\/wp\/v2\/media?parent=4899"}],"wp:term":[{"taxonomy":"category","embeddable":true,"href":"https:\/\/www.cambe.pr.gov.br\/index.php\/wp-json\/wp\/v2\/categories?post=4899"},{"taxonomy":"post_tag","embeddable":true,"href":"https:\/\/www.cambe.pr.gov.br\/index.php\/wp-json\/wp\/v2\/tags?post=4899"}],"curies":[{"name":"wp","href":"https:\/\/api.w.org\/{rel}","templated":true}]}}