{"id":4672,"date":"2022-02-17T10:51:03","date_gmt":"2022-02-17T13:51:03","guid":{"rendered":"http:\/\/www.cambe.pr.gov.br\/?p=4672"},"modified":"2024-10-07T13:00:32","modified_gmt":"2024-10-07T16:00:32","slug":"mais-conforto-para-os-passageiros-secretaria-de-obras-instala-novos-pontos-de-onibus","status":"publish","type":"post","link":"https:\/\/www.cambe.pr.gov.br\/index.php\/mais-conforto-para-os-passageiros-secretaria-de-obras-instala-novos-pontos-de-onibus\/","title":{"rendered":"Mais conforto para os passageiros: Secretaria de Obras instala novos pontos de \u00f4nibus"},"content":{"rendered":"<p style=\"text-align: justify;\"><span style=\"font-family: arial, helvetica, sans-serif;\"><img fetchpriority=\"high\" decoding=\"async\" class=\"alignleft wp-image-4673 size-large\" src=\"https:\/\/www.cambe.pr.gov.br\/wp-content\/uploads\/2022\/02\/WhatsApp-Image-2022-02-16-at-15.33.44-e1645105852412-1024x683.jpeg\" alt=\"\" width=\"610\" height=\"407\" srcset=\"https:\/\/www.cambe.pr.gov.br\/wp-content\/uploads\/2022\/02\/WhatsApp-Image-2022-02-16-at-15.33.44-e1645105852412-1024x683.jpeg 1024w, https:\/\/www.cambe.pr.gov.br\/wp-content\/uploads\/2022\/02\/WhatsApp-Image-2022-02-16-at-15.33.44-e1645105852412-300x200.jpeg 300w, https:\/\/www.cambe.pr.gov.br\/wp-content\/uploads\/2022\/02\/WhatsApp-Image-2022-02-16-at-15.33.44-e1645105852412-768x512.jpeg 768w, https:\/\/www.cambe.pr.gov.br\/wp-content\/uploads\/2022\/02\/WhatsApp-Image-2022-02-16-at-15.33.44-e1645105852412.jpeg 1280w\" sizes=\"(max-width: 610px) 100vw, 610px\" \/>A Secretaria de Obras&nbsp;de Camb\u00e9&nbsp;iniciou a troca de&nbsp;pontos de \u00f4nibus do munic\u00edpio. Na quarta-feira (15\/02) come\u00e7ou a instala\u00e7\u00e3o de dois pontos novos na Rua Par\u00e1, em frente ao Centro Cultural. No total v\u00e3o ser trocados quatro pontos. O primeiro foi instalado na Avenida Gabriel Festeiro de Miranda, esquina com a Avenida Pedro Viriato Parigot de Souza, h\u00e1 cerca de duas semanas.<\/span><\/p>\n<p style=\"text-align: justify;\"><span style=\"font-family: arial, helvetica, sans-serif;\">Manoel C\u00edcero, secret\u00e1rio de obras, explica que os pontos est\u00e3o sendo colocados prioritariamente na \u00e1rea central pelo grande volume de pessoas que fazem&nbsp;uso deles diariamente. \u201cEsse novo ponto tem prote\u00e7\u00e3o lateral e,&nbsp;por isso,&nbsp;protege mais contra chuvas\u201d, detalha. C\u00edcero destaca que essa substitui\u00e7\u00e3o tem como finalidade trazer mais conforto aos usu\u00e1rios. Ele tamb\u00e9m garante que os dois pontos retirados da Rua Par\u00e1 ser\u00e3o reformados e reutilizados em outros locais da cidade.<\/span><\/p>\n<p style=\"text-align: justify;\"><span style=\"font-family: arial, helvetica, sans-serif;\">\u201cO quarto ponto possivelmente ser\u00e1 instalado durante o m\u00eas de fevereiro, tamb\u00e9m na \u00e1rea central, o local exato vai ser definido ainda\u201d, explica. A previs\u00e3o para finaliza\u00e7\u00e3o das obras na Rua Par\u00e1 \u00e9 na semana que vem.<\/span><\/p>\n<p style=\"text-align: justify;\"><span style=\"font-family: arial, helvetica, sans-serif;\">Ao longo do ano, outros pontos de \u00f4nibus da cidade tamb\u00e9m ser\u00e3o renovados. \u201dEstamos em fase de cota\u00e7\u00e3o para abertura de licita\u00e7\u00e3o, para aquisi\u00e7\u00e3o de novos pontos de \u00f4nibus\u201d, esclarece o secret\u00e1rio. Ele explica que v\u00e3o ser substitu\u00eddos aqueles que est\u00e3o danificados e de concreto do munic\u00edpio. Assim que estiver dispon\u00edvel, a licita\u00e7\u00e3o ser\u00e1 divulgada no site da Prefeitura.<\/span><\/p>\n","protected":false},"excerpt":{"rendered":"<p>A Secretaria de Obras&nbsp;de Camb\u00e9&nbsp;iniciou a troca de&nbsp;pontos de \u00f4nibus do munic\u00edpio. Na quarta-feira (15\/02) come\u00e7ou a instala\u00e7\u00e3o de dois pontos novos na Rua Par\u00e1, em frente ao Centro Cultural. No total v\u00e3o ser trocados quatro pontos. O primeiro foi instalado na Avenida Gabriel Festeiro de Miranda, esquina com a Avenida Pedro Viriato Parigot de [&hellip;]<\/p>\n","protected":false},"author":2,"featured_media":0,"comment_status":"closed","ping_status":"open","sticky":false,"template":"","format":"standard","meta":{"ngg_post_thumbnail":0,"footnotes":""},"categories":[1],"tags":[],"class_list":["post-4672","post","type-post","status-publish","format-standard","hentry","category-principal"],"yoast_head":"<!-- This site is optimized with the Yoast SEO plugin v27.4 - https:\/\/yoast.com\/product\/yoast-seo-wordpress\/ -->\n<title>Mais conforto para os passageiros: Secretaria de Obras instala novos pontos de \u00f4nibus - Prefeitura de Camb\u00e9<\/title>\n<meta name=\"robots\" content=\"index, follow, max-snippet:-1, max-image-preview:large, max-video-preview:-1\" \/>\n<link rel=\"canonical\" href=\"https:\/\/www.cambe.pr.gov.br\/index.php\/mais-conforto-para-os-passageiros-secretaria-de-obras-instala-novos-pontos-de-onibus\/\" \/>\n<meta property=\"og:locale\" content=\"pt_BR\" \/>\n<meta property=\"og:type\" content=\"article\" \/>\n<meta property=\"og:title\" content=\"Mais conforto para os passageiros: Secretaria de Obras instala novos pontos de \u00f4nibus - Prefeitura de Camb\u00e9\" \/>\n<meta property=\"og:description\" content=\"A Secretaria de Obras&nbsp;de Camb\u00e9&nbsp;iniciou a troca de&nbsp;pontos de \u00f4nibus do munic\u00edpio. Na quarta-feira (15\/02) come\u00e7ou a instala\u00e7\u00e3o de dois pontos novos na Rua Par\u00e1, em frente ao Centro Cultural. No total v\u00e3o ser trocados quatro pontos. O primeiro foi instalado na Avenida Gabriel Festeiro de Miranda, esquina com a Avenida Pedro Viriato Parigot de [&hellip;]\" \/>\n<meta property=\"og:url\" content=\"https:\/\/www.cambe.pr.gov.br\/index.php\/mais-conforto-para-os-passageiros-secretaria-de-obras-instala-novos-pontos-de-onibus\/\" \/>\n<meta property=\"og:site_name\" content=\"Prefeitura de Camb\u00e9\" \/>\n<meta property=\"article:publisher\" content=\"https:\/\/m.facebook.com\/prefeituradecambe\" \/>\n<meta property=\"article:published_time\" content=\"2022-02-17T13:51:03+00:00\" \/>\n<meta property=\"article:modified_time\" content=\"2024-10-07T16:00:32+00:00\" \/>\n<meta property=\"og:image\" content=\"http:\/\/www.cambe.pr.gov.br\/wp-content\/uploads\/2022\/02\/WhatsApp-Image-2022-02-16-at-15.33.44-e1645105852412-1024x683.jpeg\" \/>\n<meta name=\"author\" content=\"Thiago Mossini Balbino dos Santos\" \/>\n<meta name=\"twitter:card\" content=\"summary_large_image\" \/>\n<meta name=\"twitter:label1\" content=\"Escrito por\" \/>\n\t<meta name=\"twitter:data1\" content=\"Thiago Mossini Balbino dos Santos\" \/>\n\t<meta name=\"twitter:label2\" content=\"Est. tempo de leitura\" \/>\n\t<meta name=\"twitter:data2\" content=\"1 minuto\" \/>\n<script type=\"application\/ld+json\" class=\"yoast-schema-graph\">{\"@context\":\"https:\\\/\\\/schema.org\",\"@graph\":[{\"@type\":\"Article\",\"@id\":\"https:\\\/\\\/www.cambe.pr.gov.br\\\/index.php\\\/mais-conforto-para-os-passageiros-secretaria-de-obras-instala-novos-pontos-de-onibus\\\/#article\",\"isPartOf\":{\"@id\":\"https:\\\/\\\/www.cambe.pr.gov.br\\\/index.php\\\/mais-conforto-para-os-passageiros-secretaria-de-obras-instala-novos-pontos-de-onibus\\\/\"},\"author\":{\"name\":\"Thiago Mossini Balbino dos Santos\",\"@id\":\"https:\\\/\\\/www.cambe.pr.gov.br\\\/#\\\/schema\\\/person\\\/e08f7c43a641b2ec036e4e867ec483e4\"},\"headline\":\"Mais conforto para os passageiros: Secretaria de Obras instala novos pontos de \u00f4nibus\",\"datePublished\":\"2022-02-17T13:51:03+00:00\",\"dateModified\":\"2024-10-07T16:00:32+00:00\",\"mainEntityOfPage\":{\"@id\":\"https:\\\/\\\/www.cambe.pr.gov.br\\\/index.php\\\/mais-conforto-para-os-passageiros-secretaria-de-obras-instala-novos-pontos-de-onibus\\\/\"},\"wordCount\":279,\"publisher\":{\"@id\":\"https:\\\/\\\/www.cambe.pr.gov.br\\\/#organization\"},\"image\":{\"@id\":\"https:\\\/\\\/www.cambe.pr.gov.br\\\/index.php\\\/mais-conforto-para-os-passageiros-secretaria-de-obras-instala-novos-pontos-de-onibus\\\/#primaryimage\"},\"thumbnailUrl\":\"http:\\\/\\\/www.cambe.pr.gov.br\\\/wp-content\\\/uploads\\\/2022\\\/02\\\/WhatsApp-Image-2022-02-16-at-15.33.44-e1645105852412-1024x683.jpeg\",\"articleSection\":[\"Principal\"],\"inLanguage\":\"pt-BR\"},{\"@type\":\"WebPage\",\"@id\":\"https:\\\/\\\/www.cambe.pr.gov.br\\\/index.php\\\/mais-conforto-para-os-passageiros-secretaria-de-obras-instala-novos-pontos-de-onibus\\\/\",\"url\":\"https:\\\/\\\/www.cambe.pr.gov.br\\\/index.php\\\/mais-conforto-para-os-passageiros-secretaria-de-obras-instala-novos-pontos-de-onibus\\\/\",\"name\":\"Mais conforto para os passageiros: Secretaria de Obras instala novos pontos de \u00f4nibus - Prefeitura de Camb\u00e9\",\"isPartOf\":{\"@id\":\"https:\\\/\\\/www.cambe.pr.gov.br\\\/#website\"},\"primaryImageOfPage\":{\"@id\":\"https:\\\/\\\/www.cambe.pr.gov.br\\\/index.php\\\/mais-conforto-para-os-passageiros-secretaria-de-obras-instala-novos-pontos-de-onibus\\\/#primaryimage\"},\"image\":{\"@id\":\"https:\\\/\\\/www.cambe.pr.gov.br\\\/index.php\\\/mais-conforto-para-os-passageiros-secretaria-de-obras-instala-novos-pontos-de-onibus\\\/#primaryimage\"},\"thumbnailUrl\":\"http:\\\/\\\/www.cambe.pr.gov.br\\\/wp-content\\\/uploads\\\/2022\\\/02\\\/WhatsApp-Image-2022-02-16-at-15.33.44-e1645105852412-1024x683.jpeg\",\"datePublished\":\"2022-02-17T13:51:03+00:00\",\"dateModified\":\"2024-10-07T16:00:32+00:00\",\"breadcrumb\":{\"@id\":\"https:\\\/\\\/www.cambe.pr.gov.br\\\/index.php\\\/mais-conforto-para-os-passageiros-secretaria-de-obras-instala-novos-pontos-de-onibus\\\/#breadcrumb\"},\"inLanguage\":\"pt-BR\",\"potentialAction\":[{\"@type\":\"ReadAction\",\"target\":[\"https:\\\/\\\/www.cambe.pr.gov.br\\\/index.php\\\/mais-conforto-para-os-passageiros-secretaria-de-obras-instala-novos-pontos-de-onibus\\\/\"]}]},{\"@type\":\"ImageObject\",\"inLanguage\":\"pt-BR\",\"@id\":\"https:\\\/\\\/www.cambe.pr.gov.br\\\/index.php\\\/mais-conforto-para-os-passageiros-secretaria-de-obras-instala-novos-pontos-de-onibus\\\/#primaryimage\",\"url\":\"http:\\\/\\\/www.cambe.pr.gov.br\\\/wp-content\\\/uploads\\\/2022\\\/02\\\/WhatsApp-Image-2022-02-16-at-15.33.44-e1645105852412-1024x683.jpeg\",\"contentUrl\":\"http:\\\/\\\/www.cambe.pr.gov.br\\\/wp-content\\\/uploads\\\/2022\\\/02\\\/WhatsApp-Image-2022-02-16-at-15.33.44-e1645105852412-1024x683.jpeg\"},{\"@type\":\"BreadcrumbList\",\"@id\":\"https:\\\/\\\/www.cambe.pr.gov.br\\\/index.php\\\/mais-conforto-para-os-passageiros-secretaria-de-obras-instala-novos-pontos-de-onibus\\\/#breadcrumb\",\"itemListElement\":[{\"@type\":\"ListItem\",\"position\":1,\"name\":\"In\u00edcio\",\"item\":\"https:\\\/\\\/www.cambe.pr.gov.br\\\/\"},{\"@type\":\"ListItem\",\"position\":2,\"name\":\"Mais conforto para os passageiros: Secretaria de Obras instala novos pontos de \u00f4nibus\"}]},{\"@type\":\"WebSite\",\"@id\":\"https:\\\/\\\/www.cambe.pr.gov.br\\\/#website\",\"url\":\"https:\\\/\\\/www.cambe.pr.gov.br\\\/\",\"name\":\"Prefeitura de Camb\u00e9\",\"description\":\"UM GOVERNO PARA TODOS\",\"publisher\":{\"@id\":\"https:\\\/\\\/www.cambe.pr.gov.br\\\/#organization\"},\"potentialAction\":[{\"@type\":\"SearchAction\",\"target\":{\"@type\":\"EntryPoint\",\"urlTemplate\":\"https:\\\/\\\/www.cambe.pr.gov.br\\\/?s={search_term_string}\"},\"query-input\":{\"@type\":\"PropertyValueSpecification\",\"valueRequired\":true,\"valueName\":\"search_term_string\"}}],\"inLanguage\":\"pt-BR\"},{\"@type\":\"Organization\",\"@id\":\"https:\\\/\\\/www.cambe.pr.gov.br\\\/#organization\",\"name\":\"Prefeitura de Camb\u00e9\",\"url\":\"https:\\\/\\\/www.cambe.pr.gov.br\\\/\",\"logo\":{\"@type\":\"ImageObject\",\"inLanguage\":\"pt-BR\",\"@id\":\"https:\\\/\\\/www.cambe.pr.gov.br\\\/#\\\/schema\\\/logo\\\/image\\\/\",\"url\":\"https:\\\/\\\/www.cambe.pr.gov.br\\\/wp-content\\\/uploads\\\/2021\\\/01\\\/cropped-cropped-cambe_brazao-icone.png\",\"contentUrl\":\"https:\\\/\\\/www.cambe.pr.gov.br\\\/wp-content\\\/uploads\\\/2021\\\/01\\\/cropped-cropped-cambe_brazao-icone.png\",\"width\":240,\"height\":240,\"caption\":\"Prefeitura de Camb\u00e9\"},\"image\":{\"@id\":\"https:\\\/\\\/www.cambe.pr.gov.br\\\/#\\\/schema\\\/logo\\\/image\\\/\"},\"sameAs\":[\"https:\\\/\\\/m.facebook.com\\\/prefeituradecambe\"]},{\"@type\":\"Person\",\"@id\":\"https:\\\/\\\/www.cambe.pr.gov.br\\\/#\\\/schema\\\/person\\\/e08f7c43a641b2ec036e4e867ec483e4\",\"name\":\"Thiago Mossini Balbino dos Santos\",\"image\":{\"@type\":\"ImageObject\",\"inLanguage\":\"pt-BR\",\"@id\":\"https:\\\/\\\/secure.gravatar.com\\\/avatar\\\/d957ed4e1bc3ebf5769d1003f9709cd2012ebf424eb4a5d76a933fee30e874b6?s=96&d=mm&r=g\",\"url\":\"https:\\\/\\\/secure.gravatar.com\\\/avatar\\\/d957ed4e1bc3ebf5769d1003f9709cd2012ebf424eb4a5d76a933fee30e874b6?s=96&d=mm&r=g\",\"contentUrl\":\"https:\\\/\\\/secure.gravatar.com\\\/avatar\\\/d957ed4e1bc3ebf5769d1003f9709cd2012ebf424eb4a5d76a933fee30e874b6?s=96&d=mm&r=g\",\"caption\":\"Thiago Mossini Balbino dos Santos\"},\"url\":\"https:\\\/\\\/www.cambe.pr.gov.br\\\/index.php\\\/author\\\/tmbsantos\\\/\"}]}<\/script>\n<!-- \/ Yoast SEO plugin. -->","yoast_head_json":{"title":"Mais conforto para os passageiros: Secretaria de Obras instala novos pontos de \u00f4nibus - Prefeitura de Camb\u00e9","robots":{"index":"index","follow":"follow","max-snippet":"max-snippet:-1","max-image-preview":"max-image-preview:large","max-video-preview":"max-video-preview:-1"},"canonical":"https:\/\/www.cambe.pr.gov.br\/index.php\/mais-conforto-para-os-passageiros-secretaria-de-obras-instala-novos-pontos-de-onibus\/","og_locale":"pt_BR","og_type":"article","og_title":"Mais conforto para os passageiros: Secretaria de Obras instala novos pontos de \u00f4nibus - Prefeitura de Camb\u00e9","og_description":"A Secretaria de Obras&nbsp;de Camb\u00e9&nbsp;iniciou a troca de&nbsp;pontos de \u00f4nibus do munic\u00edpio. Na quarta-feira (15\/02) come\u00e7ou a instala\u00e7\u00e3o de dois pontos novos na Rua Par\u00e1, em frente ao Centro Cultural. No total v\u00e3o ser trocados quatro pontos. O primeiro foi instalado na Avenida Gabriel Festeiro de Miranda, esquina com a Avenida Pedro Viriato Parigot de [&hellip;]","og_url":"https:\/\/www.cambe.pr.gov.br\/index.php\/mais-conforto-para-os-passageiros-secretaria-de-obras-instala-novos-pontos-de-onibus\/","og_site_name":"Prefeitura de Camb\u00e9","article_publisher":"https:\/\/m.facebook.com\/prefeituradecambe","article_published_time":"2022-02-17T13:51:03+00:00","article_modified_time":"2024-10-07T16:00:32+00:00","og_image":[{"url":"http:\/\/www.cambe.pr.gov.br\/wp-content\/uploads\/2022\/02\/WhatsApp-Image-2022-02-16-at-15.33.44-e1645105852412-1024x683.jpeg","type":"","width":"","height":""}],"author":"Thiago Mossini Balbino dos Santos","twitter_card":"summary_large_image","twitter_misc":{"Escrito por":"Thiago Mossini Balbino dos Santos","Est. tempo de leitura":"1 minuto"},"schema":{"@context":"https:\/\/schema.org","@graph":[{"@type":"Article","@id":"https:\/\/www.cambe.pr.gov.br\/index.php\/mais-conforto-para-os-passageiros-secretaria-de-obras-instala-novos-pontos-de-onibus\/#article","isPartOf":{"@id":"https:\/\/www.cambe.pr.gov.br\/index.php\/mais-conforto-para-os-passageiros-secretaria-de-obras-instala-novos-pontos-de-onibus\/"},"author":{"name":"Thiago Mossini Balbino dos Santos","@id":"https:\/\/www.cambe.pr.gov.br\/#\/schema\/person\/e08f7c43a641b2ec036e4e867ec483e4"},"headline":"Mais conforto para os passageiros: Secretaria de Obras instala novos pontos de \u00f4nibus","datePublished":"2022-02-17T13:51:03+00:00","dateModified":"2024-10-07T16:00:32+00:00","mainEntityOfPage":{"@id":"https:\/\/www.cambe.pr.gov.br\/index.php\/mais-conforto-para-os-passageiros-secretaria-de-obras-instala-novos-pontos-de-onibus\/"},"wordCount":279,"publisher":{"@id":"https:\/\/www.cambe.pr.gov.br\/#organization"},"image":{"@id":"https:\/\/www.cambe.pr.gov.br\/index.php\/mais-conforto-para-os-passageiros-secretaria-de-obras-instala-novos-pontos-de-onibus\/#primaryimage"},"thumbnailUrl":"http:\/\/www.cambe.pr.gov.br\/wp-content\/uploads\/2022\/02\/WhatsApp-Image-2022-02-16-at-15.33.44-e1645105852412-1024x683.jpeg","articleSection":["Principal"],"inLanguage":"pt-BR"},{"@type":"WebPage","@id":"https:\/\/www.cambe.pr.gov.br\/index.php\/mais-conforto-para-os-passageiros-secretaria-de-obras-instala-novos-pontos-de-onibus\/","url":"https:\/\/www.cambe.pr.gov.br\/index.php\/mais-conforto-para-os-passageiros-secretaria-de-obras-instala-novos-pontos-de-onibus\/","name":"Mais conforto para os passageiros: Secretaria de Obras instala novos pontos de \u00f4nibus - Prefeitura de Camb\u00e9","isPartOf":{"@id":"https:\/\/www.cambe.pr.gov.br\/#website"},"primaryImageOfPage":{"@id":"https:\/\/www.cambe.pr.gov.br\/index.php\/mais-conforto-para-os-passageiros-secretaria-de-obras-instala-novos-pontos-de-onibus\/#primaryimage"},"image":{"@id":"https:\/\/www.cambe.pr.gov.br\/index.php\/mais-conforto-para-os-passageiros-secretaria-de-obras-instala-novos-pontos-de-onibus\/#primaryimage"},"thumbnailUrl":"http:\/\/www.cambe.pr.gov.br\/wp-content\/uploads\/2022\/02\/WhatsApp-Image-2022-02-16-at-15.33.44-e1645105852412-1024x683.jpeg","datePublished":"2022-02-17T13:51:03+00:00","dateModified":"2024-10-07T16:00:32+00:00","breadcrumb":{"@id":"https:\/\/www.cambe.pr.gov.br\/index.php\/mais-conforto-para-os-passageiros-secretaria-de-obras-instala-novos-pontos-de-onibus\/#breadcrumb"},"inLanguage":"pt-BR","potentialAction":[{"@type":"ReadAction","target":["https:\/\/www.cambe.pr.gov.br\/index.php\/mais-conforto-para-os-passageiros-secretaria-de-obras-instala-novos-pontos-de-onibus\/"]}]},{"@type":"ImageObject","inLanguage":"pt-BR","@id":"https:\/\/www.cambe.pr.gov.br\/index.php\/mais-conforto-para-os-passageiros-secretaria-de-obras-instala-novos-pontos-de-onibus\/#primaryimage","url":"http:\/\/www.cambe.pr.gov.br\/wp-content\/uploads\/2022\/02\/WhatsApp-Image-2022-02-16-at-15.33.44-e1645105852412-1024x683.jpeg","contentUrl":"http:\/\/www.cambe.pr.gov.br\/wp-content\/uploads\/2022\/02\/WhatsApp-Image-2022-02-16-at-15.33.44-e1645105852412-1024x683.jpeg"},{"@type":"BreadcrumbList","@id":"https:\/\/www.cambe.pr.gov.br\/index.php\/mais-conforto-para-os-passageiros-secretaria-de-obras-instala-novos-pontos-de-onibus\/#breadcrumb","itemListElement":[{"@type":"ListItem","position":1,"name":"In\u00edcio","item":"https:\/\/www.cambe.pr.gov.br\/"},{"@type":"ListItem","position":2,"name":"Mais conforto para os passageiros: Secretaria de Obras instala novos pontos de \u00f4nibus"}]},{"@type":"WebSite","@id":"https:\/\/www.cambe.pr.gov.br\/#website","url":"https:\/\/www.cambe.pr.gov.br\/","name":"Prefeitura de Camb\u00e9","description":"UM GOVERNO PARA TODOS","publisher":{"@id":"https:\/\/www.cambe.pr.gov.br\/#organization"},"potentialAction":[{"@type":"SearchAction","target":{"@type":"EntryPoint","urlTemplate":"https:\/\/www.cambe.pr.gov.br\/?s={search_term_string}"},"query-input":{"@type":"PropertyValueSpecification","valueRequired":true,"valueName":"search_term_string"}}],"inLanguage":"pt-BR"},{"@type":"Organization","@id":"https:\/\/www.cambe.pr.gov.br\/#organization","name":"Prefeitura de Camb\u00e9","url":"https:\/\/www.cambe.pr.gov.br\/","logo":{"@type":"ImageObject","inLanguage":"pt-BR","@id":"https:\/\/www.cambe.pr.gov.br\/#\/schema\/logo\/image\/","url":"https:\/\/www.cambe.pr.gov.br\/wp-content\/uploads\/2021\/01\/cropped-cropped-cambe_brazao-icone.png","contentUrl":"https:\/\/www.cambe.pr.gov.br\/wp-content\/uploads\/2021\/01\/cropped-cropped-cambe_brazao-icone.png","width":240,"height":240,"caption":"Prefeitura de Camb\u00e9"},"image":{"@id":"https:\/\/www.cambe.pr.gov.br\/#\/schema\/logo\/image\/"},"sameAs":["https:\/\/m.facebook.com\/prefeituradecambe"]},{"@type":"Person","@id":"https:\/\/www.cambe.pr.gov.br\/#\/schema\/person\/e08f7c43a641b2ec036e4e867ec483e4","name":"Thiago Mossini Balbino dos Santos","image":{"@type":"ImageObject","inLanguage":"pt-BR","@id":"https:\/\/secure.gravatar.com\/avatar\/d957ed4e1bc3ebf5769d1003f9709cd2012ebf424eb4a5d76a933fee30e874b6?s=96&d=mm&r=g","url":"https:\/\/secure.gravatar.com\/avatar\/d957ed4e1bc3ebf5769d1003f9709cd2012ebf424eb4a5d76a933fee30e874b6?s=96&d=mm&r=g","contentUrl":"https:\/\/secure.gravatar.com\/avatar\/d957ed4e1bc3ebf5769d1003f9709cd2012ebf424eb4a5d76a933fee30e874b6?s=96&d=mm&r=g","caption":"Thiago Mossini Balbino dos Santos"},"url":"https:\/\/www.cambe.pr.gov.br\/index.php\/author\/tmbsantos\/"}]}},"_links":{"self":[{"href":"https:\/\/www.cambe.pr.gov.br\/index.php\/wp-json\/wp\/v2\/posts\/4672","targetHints":{"allow":["GET"]}}],"collection":[{"href":"https:\/\/www.cambe.pr.gov.br\/index.php\/wp-json\/wp\/v2\/posts"}],"about":[{"href":"https:\/\/www.cambe.pr.gov.br\/index.php\/wp-json\/wp\/v2\/types\/post"}],"author":[{"embeddable":true,"href":"https:\/\/www.cambe.pr.gov.br\/index.php\/wp-json\/wp\/v2\/users\/2"}],"replies":[{"embeddable":true,"href":"https:\/\/www.cambe.pr.gov.br\/index.php\/wp-json\/wp\/v2\/comments?post=4672"}],"version-history":[{"count":1,"href":"https:\/\/www.cambe.pr.gov.br\/index.php\/wp-json\/wp\/v2\/posts\/4672\/revisions"}],"predecessor-version":[{"id":4674,"href":"https:\/\/www.cambe.pr.gov.br\/index.php\/wp-json\/wp\/v2\/posts\/4672\/revisions\/4674"}],"wp:attachment":[{"href":"https:\/\/www.cambe.pr.gov.br\/index.php\/wp-json\/wp\/v2\/media?parent=4672"}],"wp:term":[{"taxonomy":"category","embeddable":true,"href":"https:\/\/www.cambe.pr.gov.br\/index.php\/wp-json\/wp\/v2\/categories?post=4672"},{"taxonomy":"post_tag","embeddable":true,"href":"https:\/\/www.cambe.pr.gov.br\/index.php\/wp-json\/wp\/v2\/tags?post=4672"}],"curies":[{"name":"wp","href":"https:\/\/api.w.org\/{rel}","templated":true}]}}