{"id":4399,"date":"2022-01-07T11:21:18","date_gmt":"2022-01-07T14:21:18","guid":{"rendered":"http:\/\/www.cambe.pr.gov.br\/?p=4399"},"modified":"2024-10-07T13:00:30","modified_gmt":"2024-10-07T16:00:30","slug":"saude-divulga-nova-data-de-repescagem-de-primeira-e-segunda-dose-e-da-dose-de-reforco-da-vacina","status":"publish","type":"post","link":"https:\/\/www.cambe.pr.gov.br\/index.php\/saude-divulga-nova-data-de-repescagem-de-primeira-e-segunda-dose-e-da-dose-de-reforco-da-vacina\/","title":{"rendered":"Sa\u00fade divulga nova data de repescagem de primeira e segunda dose e da dose de refor\u00e7o da vacina"},"content":{"rendered":"<p style=\"text-align: justify;\"><span style=\"font-family: arial, helvetica, sans-serif;\"><img fetchpriority=\"high\" decoding=\"async\" class=\"size-large wp-image-3780 alignleft\" src=\"https:\/\/www.cambe.pr.gov.br\/wp-content\/uploads\/2021\/10\/IMG_7955-1024x683.jpg\" alt=\"\" width=\"610\" height=\"407\" srcset=\"https:\/\/www.cambe.pr.gov.br\/wp-content\/uploads\/2021\/10\/IMG_7955-1024x683.jpg 1024w, https:\/\/www.cambe.pr.gov.br\/wp-content\/uploads\/2021\/10\/IMG_7955-300x200.jpg 300w, https:\/\/www.cambe.pr.gov.br\/wp-content\/uploads\/2021\/10\/IMG_7955-768x512.jpg 768w, https:\/\/www.cambe.pr.gov.br\/wp-content\/uploads\/2021\/10\/IMG_7955-1536x1024.jpg 1536w, https:\/\/www.cambe.pr.gov.br\/wp-content\/uploads\/2021\/10\/IMG_7955-2048x1365.jpg 2048w\" sizes=\"(max-width: 610px) 100vw, 610px\" \/>A Secretaria de Sa\u00fade divulgou novas datas de repescagem de primeira e segunda dose e da dose de refor\u00e7o da vacina contra a Covid-19. <\/span><\/p>\n<p style=\"text-align: justify;\"><span style=\"font-family: arial, helvetica, sans-serif;\"><strong>Primeira dose<\/strong><\/span><br \/>\n<span style=\"font-family: arial, helvetica, sans-serif;\">Nesta ter\u00e7a-feira, dia 11 de janeiro, a vacina vai estar dispon\u00edvel para a popula\u00e7\u00e3o acima de 12 anos que ainda n\u00e3o recebeu nenhuma dose do imunizante. A vacina\u00e7\u00e3o vai ser das 9h \u00e0s 14h em um das seguintes Unidades B\u00e1sicas de Sa\u00fade: Ana Rosa, Camb\u00e9 2, Camb\u00e9 4, Centro de Sa\u00fade, Cristal, Guarani, Novo Bandeirantes, Santo Amaro, S\u00e3o Paulo e Silvino. \u00c9 obrigat\u00f3rio comparecer com um documento com foto, CPF ou cart\u00e3o do SUS e comprovante de resid\u00eancia. Os adolescentes devem ir acompanhados de um respons\u00e1vel, que tamb\u00e9m deve levar um documento com foto.<\/span><\/p>\n<p style=\"text-align: justify;\"><span style=\"font-family: arial, helvetica, sans-serif;\"><strong>Segunda dose<\/strong><\/span><br \/>\n<span style=\"font-family: arial, helvetica, sans-serif;\">Tamb\u00e9m no dia 11 de janeiro, ter\u00e7a-feira, a vacina\u00e7\u00e3o vai ser para quem perdeu a aplica\u00e7\u00e3o da segunda dose da vacina da Pfizer (BioNTech) ou da AstraZeneca (Fiocruz). A vacina vai estar dispon\u00edvel das 9h \u00e0s 14h em um das seguintes Unidades B\u00e1sicas de Sa\u00fade: Ana Rosa, Camb\u00e9 2, Camb\u00e9 4, Centro de Sa\u00fade, Cristal, Guarani, Novo Bandeirantes, Santo Amaro, S\u00e3o Paulo e Silvino.<\/span><\/p>\n<p style=\"text-align: justify;\"><span style=\"font-family: arial, helvetica, sans-serif;\">\u00c9 necess\u00e1rio comparecer com um documento com foto, CPF ou cart\u00e3o do SUS, comprovante de resid\u00eancia e carteira de vacina\u00e7\u00e3o com anota\u00e7\u00e3o da primeira dose. Os adolescentes devem ir acompanhados de um respons\u00e1vel, que tamb\u00e9m precisa levar um documento com foto.<\/span><\/p>\n<p style=\"text-align: justify;\"><span style=\"font-family: arial, helvetica, sans-serif;\"><strong>Dose de refor\u00e7o<\/strong><\/span><br \/>\n<span style=\"font-family: arial, helvetica, sans-serif;\">Na ter\u00e7a-feira, dia 11 de janeiro, a aplica\u00e7\u00e3o da dose de refor\u00e7o vai ser para os portadores de comorbidades acima de 55 anos que receberam a segunda dose at\u00e9 o dia 02 de agosto.<\/span><br \/>\n<span style=\"font-family: arial, helvetica, sans-serif;\">No dia 12 de janeiro, quarta-feira, a dose de refor\u00e7o vai estar dispon\u00edvel para os portadores de comorbidades acima de 50 anos que receberam a segunda dose at\u00e9 o dia 06 de agosto e para os profissionais da Educa\u00e7\u00e3o que receberam a segunda dose at\u00e9 o dia 09 de agosto.<\/span><\/p>\n<p style=\"text-align: justify;\"><span style=\"font-family: arial, helvetica, sans-serif;\">Na quinta-feira, dia 13 de janeiro, a dose de refor\u00e7o vai ser para os portadores de comorbidades acima de 40 anos que receberam a segunda dose at\u00e9 o dia 13 de agosto e para os profissionais da Educa\u00e7\u00e3o vacinados com a segunda dose at\u00e9 o dia 17 de agosto.<\/span><\/p>\n<p style=\"text-align: justify;\"><span style=\"font-family: arial, helvetica, sans-serif;\">Na sexta-feira, dia 14 de janeiro, a aplica\u00e7\u00e3o da dose de refor\u00e7o vai ser para os portadores de comorbidades com mais de 30 anos e para os profissionais da Educa\u00e7\u00e3o, Sa\u00fade e Assist\u00eancia Social vacinados com a segunda dose at\u00e9 o dia 25 de agosto.<\/span><\/p>\n<p style=\"text-align: justify;\"><span style=\"font-family: arial, helvetica, sans-serif;\">Em todas as datas, a vacina vai estar dispon\u00edvel das 9h \u00e0s 14h em um das seguintes Unidades B\u00e1sicas de Sa\u00fade: Ana Rosa, Camb\u00e9 2, Camb\u00e9 4, Centro de Sa\u00fade, Cristal, Guarani, Novo Bandeirantes, Santo Amaro, S\u00e3o Paulo e Silvino.<\/span><\/p>\n<p style=\"text-align: justify;\"><span style=\"font-family: arial, helvetica, sans-serif;\">\u00c9 necess\u00e1rio comparecer com um documento com foto, CPF ou cart\u00e3o do SUS, comprovante de resid\u00eancia e carteira de vacina\u00e7\u00e3o com anota\u00e7\u00e3o da segunda dose. <\/span><\/p>\n","protected":false},"excerpt":{"rendered":"<p>A Secretaria de Sa\u00fade divulgou novas datas de repescagem de primeira e segunda dose e da dose de refor\u00e7o da vacina contra a Covid-19. Primeira dose Nesta ter\u00e7a-feira, dia 11 de janeiro, a vacina vai estar dispon\u00edvel para a popula\u00e7\u00e3o acima de 12 anos que ainda n\u00e3o recebeu nenhuma dose do imunizante. A vacina\u00e7\u00e3o vai [&hellip;]<\/p>\n","protected":false},"author":2,"featured_media":0,"comment_status":"closed","ping_status":"open","sticky":false,"template":"","format":"standard","meta":{"ngg_post_thumbnail":0,"footnotes":""},"categories":[1],"tags":[],"class_list":["post-4399","post","type-post","status-publish","format-standard","hentry","category-principal"],"yoast_head":"<!-- This site is optimized with the Yoast SEO plugin v27.4 - https:\/\/yoast.com\/product\/yoast-seo-wordpress\/ -->\n<title>Sa\u00fade divulga nova data de repescagem de primeira e segunda dose e da dose de refor\u00e7o da vacina - Prefeitura de Camb\u00e9<\/title>\n<meta name=\"robots\" content=\"index, follow, max-snippet:-1, max-image-preview:large, max-video-preview:-1\" \/>\n<link rel=\"canonical\" href=\"https:\/\/www.cambe.pr.gov.br\/index.php\/saude-divulga-nova-data-de-repescagem-de-primeira-e-segunda-dose-e-da-dose-de-reforco-da-vacina\/\" \/>\n<meta property=\"og:locale\" content=\"pt_BR\" \/>\n<meta property=\"og:type\" content=\"article\" \/>\n<meta property=\"og:title\" content=\"Sa\u00fade divulga nova data de repescagem de primeira e segunda dose e da dose de refor\u00e7o da vacina - Prefeitura de Camb\u00e9\" \/>\n<meta property=\"og:description\" content=\"A Secretaria de Sa\u00fade divulgou novas datas de repescagem de primeira e segunda dose e da dose de refor\u00e7o da vacina contra a Covid-19. Primeira dose Nesta ter\u00e7a-feira, dia 11 de janeiro, a vacina vai estar dispon\u00edvel para a popula\u00e7\u00e3o acima de 12 anos que ainda n\u00e3o recebeu nenhuma dose do imunizante. A vacina\u00e7\u00e3o vai [&hellip;]\" \/>\n<meta property=\"og:url\" content=\"https:\/\/www.cambe.pr.gov.br\/index.php\/saude-divulga-nova-data-de-repescagem-de-primeira-e-segunda-dose-e-da-dose-de-reforco-da-vacina\/\" \/>\n<meta property=\"og:site_name\" content=\"Prefeitura de Camb\u00e9\" \/>\n<meta property=\"article:publisher\" content=\"https:\/\/m.facebook.com\/prefeituradecambe\" \/>\n<meta property=\"article:published_time\" content=\"2022-01-07T14:21:18+00:00\" \/>\n<meta property=\"article:modified_time\" content=\"2024-10-07T16:00:30+00:00\" \/>\n<meta property=\"og:image\" content=\"http:\/\/www.cambe.pr.gov.br\/wp-content\/uploads\/2021\/10\/IMG_7955-1024x683.jpg\" \/>\n<meta name=\"author\" content=\"Thiago Mossini Balbino dos Santos\" \/>\n<meta name=\"twitter:card\" content=\"summary_large_image\" \/>\n<meta name=\"twitter:label1\" content=\"Escrito por\" \/>\n\t<meta name=\"twitter:data1\" content=\"Thiago Mossini Balbino dos Santos\" \/>\n\t<meta name=\"twitter:label2\" content=\"Est. tempo de leitura\" \/>\n\t<meta name=\"twitter:data2\" content=\"3 minutos\" \/>\n<script type=\"application\/ld+json\" class=\"yoast-schema-graph\">{\"@context\":\"https:\\\/\\\/schema.org\",\"@graph\":[{\"@type\":\"Article\",\"@id\":\"https:\\\/\\\/www.cambe.pr.gov.br\\\/index.php\\\/saude-divulga-nova-data-de-repescagem-de-primeira-e-segunda-dose-e-da-dose-de-reforco-da-vacina\\\/#article\",\"isPartOf\":{\"@id\":\"https:\\\/\\\/www.cambe.pr.gov.br\\\/index.php\\\/saude-divulga-nova-data-de-repescagem-de-primeira-e-segunda-dose-e-da-dose-de-reforco-da-vacina\\\/\"},\"author\":{\"name\":\"Thiago Mossini Balbino dos Santos\",\"@id\":\"https:\\\/\\\/www.cambe.pr.gov.br\\\/#\\\/schema\\\/person\\\/e08f7c43a641b2ec036e4e867ec483e4\"},\"headline\":\"Sa\u00fade divulga nova data de repescagem de primeira e segunda dose e da dose de refor\u00e7o da vacina\",\"datePublished\":\"2022-01-07T14:21:18+00:00\",\"dateModified\":\"2024-10-07T16:00:30+00:00\",\"mainEntityOfPage\":{\"@id\":\"https:\\\/\\\/www.cambe.pr.gov.br\\\/index.php\\\/saude-divulga-nova-data-de-repescagem-de-primeira-e-segunda-dose-e-da-dose-de-reforco-da-vacina\\\/\"},\"wordCount\":523,\"publisher\":{\"@id\":\"https:\\\/\\\/www.cambe.pr.gov.br\\\/#organization\"},\"image\":{\"@id\":\"https:\\\/\\\/www.cambe.pr.gov.br\\\/index.php\\\/saude-divulga-nova-data-de-repescagem-de-primeira-e-segunda-dose-e-da-dose-de-reforco-da-vacina\\\/#primaryimage\"},\"thumbnailUrl\":\"http:\\\/\\\/www.cambe.pr.gov.br\\\/wp-content\\\/uploads\\\/2021\\\/10\\\/IMG_7955-1024x683.jpg\",\"articleSection\":[\"Principal\"],\"inLanguage\":\"pt-BR\"},{\"@type\":\"WebPage\",\"@id\":\"https:\\\/\\\/www.cambe.pr.gov.br\\\/index.php\\\/saude-divulga-nova-data-de-repescagem-de-primeira-e-segunda-dose-e-da-dose-de-reforco-da-vacina\\\/\",\"url\":\"https:\\\/\\\/www.cambe.pr.gov.br\\\/index.php\\\/saude-divulga-nova-data-de-repescagem-de-primeira-e-segunda-dose-e-da-dose-de-reforco-da-vacina\\\/\",\"name\":\"Sa\u00fade divulga nova data de repescagem de primeira e segunda dose e da dose de refor\u00e7o da vacina - Prefeitura de Camb\u00e9\",\"isPartOf\":{\"@id\":\"https:\\\/\\\/www.cambe.pr.gov.br\\\/#website\"},\"primaryImageOfPage\":{\"@id\":\"https:\\\/\\\/www.cambe.pr.gov.br\\\/index.php\\\/saude-divulga-nova-data-de-repescagem-de-primeira-e-segunda-dose-e-da-dose-de-reforco-da-vacina\\\/#primaryimage\"},\"image\":{\"@id\":\"https:\\\/\\\/www.cambe.pr.gov.br\\\/index.php\\\/saude-divulga-nova-data-de-repescagem-de-primeira-e-segunda-dose-e-da-dose-de-reforco-da-vacina\\\/#primaryimage\"},\"thumbnailUrl\":\"http:\\\/\\\/www.cambe.pr.gov.br\\\/wp-content\\\/uploads\\\/2021\\\/10\\\/IMG_7955-1024x683.jpg\",\"datePublished\":\"2022-01-07T14:21:18+00:00\",\"dateModified\":\"2024-10-07T16:00:30+00:00\",\"breadcrumb\":{\"@id\":\"https:\\\/\\\/www.cambe.pr.gov.br\\\/index.php\\\/saude-divulga-nova-data-de-repescagem-de-primeira-e-segunda-dose-e-da-dose-de-reforco-da-vacina\\\/#breadcrumb\"},\"inLanguage\":\"pt-BR\",\"potentialAction\":[{\"@type\":\"ReadAction\",\"target\":[\"https:\\\/\\\/www.cambe.pr.gov.br\\\/index.php\\\/saude-divulga-nova-data-de-repescagem-de-primeira-e-segunda-dose-e-da-dose-de-reforco-da-vacina\\\/\"]}]},{\"@type\":\"ImageObject\",\"inLanguage\":\"pt-BR\",\"@id\":\"https:\\\/\\\/www.cambe.pr.gov.br\\\/index.php\\\/saude-divulga-nova-data-de-repescagem-de-primeira-e-segunda-dose-e-da-dose-de-reforco-da-vacina\\\/#primaryimage\",\"url\":\"http:\\\/\\\/www.cambe.pr.gov.br\\\/wp-content\\\/uploads\\\/2021\\\/10\\\/IMG_7955-1024x683.jpg\",\"contentUrl\":\"http:\\\/\\\/www.cambe.pr.gov.br\\\/wp-content\\\/uploads\\\/2021\\\/10\\\/IMG_7955-1024x683.jpg\"},{\"@type\":\"BreadcrumbList\",\"@id\":\"https:\\\/\\\/www.cambe.pr.gov.br\\\/index.php\\\/saude-divulga-nova-data-de-repescagem-de-primeira-e-segunda-dose-e-da-dose-de-reforco-da-vacina\\\/#breadcrumb\",\"itemListElement\":[{\"@type\":\"ListItem\",\"position\":1,\"name\":\"In\u00edcio\",\"item\":\"https:\\\/\\\/www.cambe.pr.gov.br\\\/\"},{\"@type\":\"ListItem\",\"position\":2,\"name\":\"Sa\u00fade divulga nova data de repescagem de primeira e segunda dose e da dose de refor\u00e7o da vacina\"}]},{\"@type\":\"WebSite\",\"@id\":\"https:\\\/\\\/www.cambe.pr.gov.br\\\/#website\",\"url\":\"https:\\\/\\\/www.cambe.pr.gov.br\\\/\",\"name\":\"Prefeitura de Camb\u00e9\",\"description\":\"UM GOVERNO PARA TODOS\",\"publisher\":{\"@id\":\"https:\\\/\\\/www.cambe.pr.gov.br\\\/#organization\"},\"potentialAction\":[{\"@type\":\"SearchAction\",\"target\":{\"@type\":\"EntryPoint\",\"urlTemplate\":\"https:\\\/\\\/www.cambe.pr.gov.br\\\/?s={search_term_string}\"},\"query-input\":{\"@type\":\"PropertyValueSpecification\",\"valueRequired\":true,\"valueName\":\"search_term_string\"}}],\"inLanguage\":\"pt-BR\"},{\"@type\":\"Organization\",\"@id\":\"https:\\\/\\\/www.cambe.pr.gov.br\\\/#organization\",\"name\":\"Prefeitura de Camb\u00e9\",\"url\":\"https:\\\/\\\/www.cambe.pr.gov.br\\\/\",\"logo\":{\"@type\":\"ImageObject\",\"inLanguage\":\"pt-BR\",\"@id\":\"https:\\\/\\\/www.cambe.pr.gov.br\\\/#\\\/schema\\\/logo\\\/image\\\/\",\"url\":\"https:\\\/\\\/www.cambe.pr.gov.br\\\/wp-content\\\/uploads\\\/2021\\\/01\\\/cropped-cropped-cambe_brazao-icone.png\",\"contentUrl\":\"https:\\\/\\\/www.cambe.pr.gov.br\\\/wp-content\\\/uploads\\\/2021\\\/01\\\/cropped-cropped-cambe_brazao-icone.png\",\"width\":240,\"height\":240,\"caption\":\"Prefeitura de Camb\u00e9\"},\"image\":{\"@id\":\"https:\\\/\\\/www.cambe.pr.gov.br\\\/#\\\/schema\\\/logo\\\/image\\\/\"},\"sameAs\":[\"https:\\\/\\\/m.facebook.com\\\/prefeituradecambe\"]},{\"@type\":\"Person\",\"@id\":\"https:\\\/\\\/www.cambe.pr.gov.br\\\/#\\\/schema\\\/person\\\/e08f7c43a641b2ec036e4e867ec483e4\",\"name\":\"Thiago Mossini Balbino dos Santos\",\"image\":{\"@type\":\"ImageObject\",\"inLanguage\":\"pt-BR\",\"@id\":\"https:\\\/\\\/secure.gravatar.com\\\/avatar\\\/d957ed4e1bc3ebf5769d1003f9709cd2012ebf424eb4a5d76a933fee30e874b6?s=96&d=mm&r=g\",\"url\":\"https:\\\/\\\/secure.gravatar.com\\\/avatar\\\/d957ed4e1bc3ebf5769d1003f9709cd2012ebf424eb4a5d76a933fee30e874b6?s=96&d=mm&r=g\",\"contentUrl\":\"https:\\\/\\\/secure.gravatar.com\\\/avatar\\\/d957ed4e1bc3ebf5769d1003f9709cd2012ebf424eb4a5d76a933fee30e874b6?s=96&d=mm&r=g\",\"caption\":\"Thiago Mossini Balbino dos Santos\"},\"url\":\"https:\\\/\\\/www.cambe.pr.gov.br\\\/index.php\\\/author\\\/tmbsantos\\\/\"}]}<\/script>\n<!-- \/ Yoast SEO plugin. -->","yoast_head_json":{"title":"Sa\u00fade divulga nova data de repescagem de primeira e segunda dose e da dose de refor\u00e7o da vacina - Prefeitura de Camb\u00e9","robots":{"index":"index","follow":"follow","max-snippet":"max-snippet:-1","max-image-preview":"max-image-preview:large","max-video-preview":"max-video-preview:-1"},"canonical":"https:\/\/www.cambe.pr.gov.br\/index.php\/saude-divulga-nova-data-de-repescagem-de-primeira-e-segunda-dose-e-da-dose-de-reforco-da-vacina\/","og_locale":"pt_BR","og_type":"article","og_title":"Sa\u00fade divulga nova data de repescagem de primeira e segunda dose e da dose de refor\u00e7o da vacina - Prefeitura de Camb\u00e9","og_description":"A Secretaria de Sa\u00fade divulgou novas datas de repescagem de primeira e segunda dose e da dose de refor\u00e7o da vacina contra a Covid-19. Primeira dose Nesta ter\u00e7a-feira, dia 11 de janeiro, a vacina vai estar dispon\u00edvel para a popula\u00e7\u00e3o acima de 12 anos que ainda n\u00e3o recebeu nenhuma dose do imunizante. A vacina\u00e7\u00e3o vai [&hellip;]","og_url":"https:\/\/www.cambe.pr.gov.br\/index.php\/saude-divulga-nova-data-de-repescagem-de-primeira-e-segunda-dose-e-da-dose-de-reforco-da-vacina\/","og_site_name":"Prefeitura de Camb\u00e9","article_publisher":"https:\/\/m.facebook.com\/prefeituradecambe","article_published_time":"2022-01-07T14:21:18+00:00","article_modified_time":"2024-10-07T16:00:30+00:00","og_image":[{"url":"http:\/\/www.cambe.pr.gov.br\/wp-content\/uploads\/2021\/10\/IMG_7955-1024x683.jpg","type":"","width":"","height":""}],"author":"Thiago Mossini Balbino dos Santos","twitter_card":"summary_large_image","twitter_misc":{"Escrito por":"Thiago Mossini Balbino dos Santos","Est. tempo de leitura":"3 minutos"},"schema":{"@context":"https:\/\/schema.org","@graph":[{"@type":"Article","@id":"https:\/\/www.cambe.pr.gov.br\/index.php\/saude-divulga-nova-data-de-repescagem-de-primeira-e-segunda-dose-e-da-dose-de-reforco-da-vacina\/#article","isPartOf":{"@id":"https:\/\/www.cambe.pr.gov.br\/index.php\/saude-divulga-nova-data-de-repescagem-de-primeira-e-segunda-dose-e-da-dose-de-reforco-da-vacina\/"},"author":{"name":"Thiago Mossini Balbino dos Santos","@id":"https:\/\/www.cambe.pr.gov.br\/#\/schema\/person\/e08f7c43a641b2ec036e4e867ec483e4"},"headline":"Sa\u00fade divulga nova data de repescagem de primeira e segunda dose e da dose de refor\u00e7o da vacina","datePublished":"2022-01-07T14:21:18+00:00","dateModified":"2024-10-07T16:00:30+00:00","mainEntityOfPage":{"@id":"https:\/\/www.cambe.pr.gov.br\/index.php\/saude-divulga-nova-data-de-repescagem-de-primeira-e-segunda-dose-e-da-dose-de-reforco-da-vacina\/"},"wordCount":523,"publisher":{"@id":"https:\/\/www.cambe.pr.gov.br\/#organization"},"image":{"@id":"https:\/\/www.cambe.pr.gov.br\/index.php\/saude-divulga-nova-data-de-repescagem-de-primeira-e-segunda-dose-e-da-dose-de-reforco-da-vacina\/#primaryimage"},"thumbnailUrl":"http:\/\/www.cambe.pr.gov.br\/wp-content\/uploads\/2021\/10\/IMG_7955-1024x683.jpg","articleSection":["Principal"],"inLanguage":"pt-BR"},{"@type":"WebPage","@id":"https:\/\/www.cambe.pr.gov.br\/index.php\/saude-divulga-nova-data-de-repescagem-de-primeira-e-segunda-dose-e-da-dose-de-reforco-da-vacina\/","url":"https:\/\/www.cambe.pr.gov.br\/index.php\/saude-divulga-nova-data-de-repescagem-de-primeira-e-segunda-dose-e-da-dose-de-reforco-da-vacina\/","name":"Sa\u00fade divulga nova data de repescagem de primeira e segunda dose e da dose de refor\u00e7o da vacina - Prefeitura de Camb\u00e9","isPartOf":{"@id":"https:\/\/www.cambe.pr.gov.br\/#website"},"primaryImageOfPage":{"@id":"https:\/\/www.cambe.pr.gov.br\/index.php\/saude-divulga-nova-data-de-repescagem-de-primeira-e-segunda-dose-e-da-dose-de-reforco-da-vacina\/#primaryimage"},"image":{"@id":"https:\/\/www.cambe.pr.gov.br\/index.php\/saude-divulga-nova-data-de-repescagem-de-primeira-e-segunda-dose-e-da-dose-de-reforco-da-vacina\/#primaryimage"},"thumbnailUrl":"http:\/\/www.cambe.pr.gov.br\/wp-content\/uploads\/2021\/10\/IMG_7955-1024x683.jpg","datePublished":"2022-01-07T14:21:18+00:00","dateModified":"2024-10-07T16:00:30+00:00","breadcrumb":{"@id":"https:\/\/www.cambe.pr.gov.br\/index.php\/saude-divulga-nova-data-de-repescagem-de-primeira-e-segunda-dose-e-da-dose-de-reforco-da-vacina\/#breadcrumb"},"inLanguage":"pt-BR","potentialAction":[{"@type":"ReadAction","target":["https:\/\/www.cambe.pr.gov.br\/index.php\/saude-divulga-nova-data-de-repescagem-de-primeira-e-segunda-dose-e-da-dose-de-reforco-da-vacina\/"]}]},{"@type":"ImageObject","inLanguage":"pt-BR","@id":"https:\/\/www.cambe.pr.gov.br\/index.php\/saude-divulga-nova-data-de-repescagem-de-primeira-e-segunda-dose-e-da-dose-de-reforco-da-vacina\/#primaryimage","url":"http:\/\/www.cambe.pr.gov.br\/wp-content\/uploads\/2021\/10\/IMG_7955-1024x683.jpg","contentUrl":"http:\/\/www.cambe.pr.gov.br\/wp-content\/uploads\/2021\/10\/IMG_7955-1024x683.jpg"},{"@type":"BreadcrumbList","@id":"https:\/\/www.cambe.pr.gov.br\/index.php\/saude-divulga-nova-data-de-repescagem-de-primeira-e-segunda-dose-e-da-dose-de-reforco-da-vacina\/#breadcrumb","itemListElement":[{"@type":"ListItem","position":1,"name":"In\u00edcio","item":"https:\/\/www.cambe.pr.gov.br\/"},{"@type":"ListItem","position":2,"name":"Sa\u00fade divulga nova data de repescagem de primeira e segunda dose e da dose de refor\u00e7o da vacina"}]},{"@type":"WebSite","@id":"https:\/\/www.cambe.pr.gov.br\/#website","url":"https:\/\/www.cambe.pr.gov.br\/","name":"Prefeitura de Camb\u00e9","description":"UM GOVERNO PARA TODOS","publisher":{"@id":"https:\/\/www.cambe.pr.gov.br\/#organization"},"potentialAction":[{"@type":"SearchAction","target":{"@type":"EntryPoint","urlTemplate":"https:\/\/www.cambe.pr.gov.br\/?s={search_term_string}"},"query-input":{"@type":"PropertyValueSpecification","valueRequired":true,"valueName":"search_term_string"}}],"inLanguage":"pt-BR"},{"@type":"Organization","@id":"https:\/\/www.cambe.pr.gov.br\/#organization","name":"Prefeitura de Camb\u00e9","url":"https:\/\/www.cambe.pr.gov.br\/","logo":{"@type":"ImageObject","inLanguage":"pt-BR","@id":"https:\/\/www.cambe.pr.gov.br\/#\/schema\/logo\/image\/","url":"https:\/\/www.cambe.pr.gov.br\/wp-content\/uploads\/2021\/01\/cropped-cropped-cambe_brazao-icone.png","contentUrl":"https:\/\/www.cambe.pr.gov.br\/wp-content\/uploads\/2021\/01\/cropped-cropped-cambe_brazao-icone.png","width":240,"height":240,"caption":"Prefeitura de Camb\u00e9"},"image":{"@id":"https:\/\/www.cambe.pr.gov.br\/#\/schema\/logo\/image\/"},"sameAs":["https:\/\/m.facebook.com\/prefeituradecambe"]},{"@type":"Person","@id":"https:\/\/www.cambe.pr.gov.br\/#\/schema\/person\/e08f7c43a641b2ec036e4e867ec483e4","name":"Thiago Mossini Balbino dos Santos","image":{"@type":"ImageObject","inLanguage":"pt-BR","@id":"https:\/\/secure.gravatar.com\/avatar\/d957ed4e1bc3ebf5769d1003f9709cd2012ebf424eb4a5d76a933fee30e874b6?s=96&d=mm&r=g","url":"https:\/\/secure.gravatar.com\/avatar\/d957ed4e1bc3ebf5769d1003f9709cd2012ebf424eb4a5d76a933fee30e874b6?s=96&d=mm&r=g","contentUrl":"https:\/\/secure.gravatar.com\/avatar\/d957ed4e1bc3ebf5769d1003f9709cd2012ebf424eb4a5d76a933fee30e874b6?s=96&d=mm&r=g","caption":"Thiago Mossini Balbino dos Santos"},"url":"https:\/\/www.cambe.pr.gov.br\/index.php\/author\/tmbsantos\/"}]}},"_links":{"self":[{"href":"https:\/\/www.cambe.pr.gov.br\/index.php\/wp-json\/wp\/v2\/posts\/4399","targetHints":{"allow":["GET"]}}],"collection":[{"href":"https:\/\/www.cambe.pr.gov.br\/index.php\/wp-json\/wp\/v2\/posts"}],"about":[{"href":"https:\/\/www.cambe.pr.gov.br\/index.php\/wp-json\/wp\/v2\/types\/post"}],"author":[{"embeddable":true,"href":"https:\/\/www.cambe.pr.gov.br\/index.php\/wp-json\/wp\/v2\/users\/2"}],"replies":[{"embeddable":true,"href":"https:\/\/www.cambe.pr.gov.br\/index.php\/wp-json\/wp\/v2\/comments?post=4399"}],"version-history":[{"count":1,"href":"https:\/\/www.cambe.pr.gov.br\/index.php\/wp-json\/wp\/v2\/posts\/4399\/revisions"}],"predecessor-version":[{"id":4400,"href":"https:\/\/www.cambe.pr.gov.br\/index.php\/wp-json\/wp\/v2\/posts\/4399\/revisions\/4400"}],"wp:attachment":[{"href":"https:\/\/www.cambe.pr.gov.br\/index.php\/wp-json\/wp\/v2\/media?parent=4399"}],"wp:term":[{"taxonomy":"category","embeddable":true,"href":"https:\/\/www.cambe.pr.gov.br\/index.php\/wp-json\/wp\/v2\/categories?post=4399"},{"taxonomy":"post_tag","embeddable":true,"href":"https:\/\/www.cambe.pr.gov.br\/index.php\/wp-json\/wp\/v2\/tags?post=4399"}],"curies":[{"name":"wp","href":"https:\/\/api.w.org\/{rel}","templated":true}]}}